{"id":24141,"date":"2022-06-24T11:58:51","date_gmt":"2022-06-24T14:58:51","guid":{"rendered":"http:\/\/www.arte.unicen.edu.ar\/cdab\/?p=24141"},"modified":"2022-07-19T13:13:49","modified_gmt":"2022-07-19T16:13:49","slug":"xiii-jinhap-cdab-recibio-multiples-donaciones","status":"publish","type":"post","link":"https:\/\/www.arte.unicen.edu.ar\/cdab\/xiii-jinhap-cdab-recibio-multiples-donaciones\/","title":{"rendered":"En el marco de las XIII Jornadas Internacionales\/Nacionales de Historia, Arte y Pol\u00edtica, el CDAB recibi\u00f3 m\u00faltiples donaciones"},"content":{"rendered":"\n<p>En el marco de las <strong>XIII Jornadas Internacionales\/Nacionales de Historia, Arte y Pol\u00edtica<\/strong>, organizadas por el <a rel=\"noreferrer noopener\" aria-label=\"Departamento de Historia y Teor\u00eda del Arte (abre en una nueva pesta\u00f1a)\" href=\"https:\/\/www.arte.unicen.edu.ar\/institucional\/departamentos\/historia-y-teoria-del-arte\" target=\"_blank\">Departamento de Historia y Teor\u00eda del Arte<\/a> de la <a rel=\"noreferrer noopener\" aria-label=\"Facultad de Arte (abre en una nueva pesta\u00f1a)\" href=\"https:\/\/www.arte.unicen.edu.ar\" target=\"_blank\">Facultad de Arte<\/a> del <strong>22 al 24 de junio<\/strong>, el <strong>CDAB<\/strong> recibi\u00f3 un importante n\u00famero de donaciones de material bibliogr\u00e1fico sobre diversas tem\u00e1ticas. Agradecemos una vez m\u00e1s estos gestos que ampl\u00edan nuestro acervo y dan cuenta de la confianza en los procedimientos de preservaci\u00f3n, catalogaci\u00f3n y accesibilidad que implementamos desde el \u00e1rea.<\/p>\n\n\n\n<p style=\"margin: 35px 0 0;\"><h3>Cine l\u00edquido. Est\u00e9tica, sociedad y mercado en el cine americano (1990-2020)<\/h3><\/p>\n\n\n\n<p><strong>Gabriel Cabrejas<\/strong> nos entreg\u00f3 un ejemplar de su libro <strong><em>Cine l\u00edquido. Est\u00e9tica, sociedad y mercado en el cine americano (1990-2020)<\/em><\/strong>, publicado por la <a rel=\"noreferrer noopener\" aria-label=\"Editorial de la Universidad Nacional de Mar del Plata (EUDEM) (abre en una nueva pesta\u00f1a)\" href=\"https:\/\/eudem.mdp.edu.ar\" target=\"_blank\">Editorial de la Universidad Nacional de Mar del Plata (EUDEM)<\/a>. A trav\u00e9s de sus p\u00e1ginas, realiza un estudio de la est\u00e9tica cinematogr\u00e1fica de los Estados Unidos y de la sociedad, la pol\u00edtica y la historia. Las categor\u00edas gen\u00e9ricas tratadas son la ciencia ficci\u00f3n, especies del policial y el suspenso y el subg\u00e9nero de terror dedicado al <em>zombie<\/em> filmado. Cabrejas propone una aproximaci\u00f3n filos\u00f3fica y cultural a la producci\u00f3n de Hollywood y su influencia e importancia en el cine global y la cultura de masas en el per\u00edodo de los \u00faltimos treinta a\u00f1os; desde la ca\u00edda del Muro (1989) a la presidencia de Donald Trump (2016-2020), etapa caratulada como posmodernidad (Lyotard, Vattimo, Habermas) seguida por nuestra \u00e9poca contempor\u00e1nea, que otros rebautizan posthumanismo (Peperell, Haraway, Sloterdijk) y humanidad postorg\u00e1nica (Sibilia). El t\u00edtulo sigue el an\u00e1lisis cultural de la modernidad l\u00edquida de Bauman (2000 y reediciones).<\/p>\n\n\n\n<div style=\"margin: 25px auto 60px; text-align: center;\"><img decoding=\"async\" class=\"aligncenter size-medium wp-image-2866\" src=\"http:\/\/www.arte.unicen.edu.ar\/cdab\/wp-content\/uploads\/2022\/06\/cineliquido-promo.jpg\" alt=\"Cine l\u00edquido. Est\u00e9tica, sociedad y mercado en el cine americano (1990-2020)\" title=\"Cine l\u00edquido. Est\u00e9tica, sociedad y mercado en el cine americano (1990-2020)\"\/><\/div>\n\n\n\n<p style=\"margin: 35px 0 0;\"><a href=\"http:\/\/www.arte.unicen.edu.ar\/cdab\/wp-content\/uploads\/2022\/06\/espacio-performance-tapa.jpg\" data-fancybox=\"gallery\" data-caption=\"En el marco de las XIII Jornadas Internacionales\/Nacionales de Historia, Arte y Pol\u00edtica, el CDAB recibi\u00f3 m\u00faltiples donaciones\"><img loading=\"lazy\" decoding=\"async\" class=\"alignright size-medium wp-image-5332\" src=\"https:\/\/www.arte.unicen.edu.ar\/cdab\/wp-content\/uploads\/2022\/06\/espacio-performance-tapa-214x300.jpg\" alt=\"Espacio y performance. Po\u00e9ticas, pr\u00e1cticas, acciones e intervenciones en la escena est\u00e9tico-pol\u00edtica argentina hoy\" title=\"Espacio y performance. Po\u00e9ticas, pr\u00e1cticas, acciones e intervenciones en la escena est\u00e9tico-pol\u00edtica argentina hoy\" width=\"208\" height=\"300\" \/><\/a><h3>Espacio y performance. Po\u00e9ticas, pr\u00e1cticas, acciones e intervenciones en la escena est\u00e9tico-pol\u00edtica argentina hoy<\/h3><\/p>\n\n\n\n<p><strong>Lucas Rozenmacher<\/strong> don\u00f3 la publicaci\u00f3n <strong><em>Espacio y performance. Po\u00e9ticas, pr\u00e1cticas, acciones e intervenciones en la escena est\u00e9tico-pol\u00edtica argentina hoy<\/em><\/strong> de la que es compilador. El texto postula que, a lo largo de los \u00faltimos cuarenta a\u00f1os, en la Argentina se han producido una serie de quiebres y resignificaciones po\u00e9ticas que pueden identificarse a trav\u00e9s del cruce de diversos lenguajes, denominadas <em>performances<\/em>. Este proceso de hibridaci\u00f3n de lenguajes es tambi\u00e9n atravesado por un complejo entrecruzamiento de transculturalidades que enriquecen miradas y nos convocan a generar nuevas herramientas para pensar y discutir estas expresiones que, aunque son parecidas a las que se producen desde fines de los a\u00f1os cincuenta del siglo pasado, tienen nuevos elementos y componentes que las hacen, en algunos casos, distintivas.<\/p>\n\n\n\n<p>Desde la vuelta a la democracia a la fecha, se han generado distintas propuestas perform\u00e1ticas que interpelan al espacio p\u00fablico constituy\u00e9ndolo como su escenario de acci\u00f3n e intervenci\u00f3n junto con la expansi\u00f3n de propuestas art\u00edstico-po\u00e9ticas, muchas de ellas vinculadas a diversos movimientos y situaciones pol\u00edticas. As\u00ed, podemos observar tanto la relaci\u00f3n entre lo art\u00edstico y lo pol\u00edtico como las nuevas po\u00e9ticas, los modos de intervenci\u00f3n del cuerpo y, fundamentalmente, la generaci\u00f3n de nuevas dramaturgias que explican, de alg\u00fan modo, la transformaci\u00f3n de la Argentina en los \u00faltimos cuarenta a\u00f1os.<\/p>\n\n\n\n<p style=\"margin: 35px 0 0;\"><h3>Donaciones de la compa\u00f1\u00eda cuerpoequipaje<\/h3><\/p>\n\n\n\n<p>La <strong>compa\u00f1\u00eda cuerpoequipaje<\/strong>, dedicada a la creaci\u00f3n e investigaci\u00f3n en artes esc\u00e9nicas, cedi\u00f3 los siguientes libros: <strong><em>Descubrir el vestuario en las artes espectaculares<\/em><\/strong> (2021) de Valentina Bari y Pheon\u00eda Veloz; <em><strong>Miradas sobre la escena teatral argentina en democracia<\/strong><\/em> (2010) dirigido por Julia Elena Sagaseta; <em><strong>Cuatro miradas sobre la operaci\u00f3n c\u00f3ndor<\/strong><\/em> de Fabi\u00e1n D\u00edaz, Francisco Grassi, Brenda Howlin y Pilar Ruiz; <em><strong>1\u00ba Concurso Universitario de Dramaturgia &#8220;Roberto Arlt&#8221;<\/strong><\/em> de AA.VV.; <strong><em>Teatro x la Identidad. Obras de teatro de los ciclos 2012, 2013, 2014<\/em><\/strong> de AA.VV. y <em><strong>Topolog\u00eda de la cr\u00edtica teatral I<\/strong><\/em>, <em><strong>Topolog\u00eda de la cr\u00edtica teatral II<\/strong><\/em> y <em><strong>Topolog\u00eda de la cr\u00edtica teatral III<\/strong><\/em>, colecci\u00f3n dirigida por Liliana B. L\u00f3pez.<\/p>\n\n\n\n<div style=\"margin: 25px auto 60px; text-align: center;\"><img loading=\"lazy\" decoding=\"async\" class=\"aligncenter size-medium wp-image-2866\" src=\"http:\/\/www.arte.unicen.edu.ar\/cdab\/wp-content\/uploads\/2022\/06\/xiii-jinhap-donacion-cuerpoequipaje.jpg\" alt=\"Donaciones de la compa\u00f1\u00eda cuerpoequipaje\" title=\"Donaciones de la compa\u00f1\u00eda cuerpoequipaje\" width=\"650\" height=\"443\"\/><\/div>\n\n\n\n<p style=\"margin: 35px 0 0;\"><a href=\"http:\/\/www.arte.unicen.edu.ar\/cdab\/wp-content\/uploads\/2022\/06\/secretos-quietud-tapa.jpg\" data-fancybox=\"gallery\" data-caption=\"En el marco de las XIII Jornadas Internacionales\/Nacionales de Historia, Arte y Pol\u00edtica, el CDAB recibi\u00f3 m\u00faltiples donaciones\"><img loading=\"lazy\" decoding=\"async\" class=\"alignright size-medium wp-image-5332\" src=\"https:\/\/www.arte.unicen.edu.ar\/cdab\/wp-content\/uploads\/2022\/06\/secretos-quietud-tapa-208x300.jpg\" alt=\"Los secretos de la quietud. La estatua viviente, una teatralidad liminal\" title=\"Los secretos de la quietud. La estatua viviente, una teatralidad liminal\" width=\"208\" height=\"300\" \/><\/a><h3>Los secretos de la quietud. La estatua viviente, una teatralidad liminal<\/h3><\/p>\n\n\n\n<p><strong>Teresita Mar\u00eda Victoria Fuentes<\/strong>, directora del <a rel=\"noreferrer noopener\" aria-label=\"Centro de Estudios de Teatro, Educaci\u00f3n y Consumos Culturales (TECC) (abre en una nueva pesta\u00f1a)\" href=\"https:\/\/www.arte.unicen.edu.ar\/tecc\" target=\"_blank\">Centro de Estudios de Teatro, Educaci\u00f3n y Consumos Culturales (TECC)<\/a> y docente de la <a rel=\"noreferrer noopener\" aria-label=\"Facultad de Arte (abre en una nueva pesta\u00f1a)\" href=\"http:\/\/www.arte.unicen.edu.ar\" target=\"_blank\">Facultad de Arte<\/a>, proporcion\u00f3 al <strong>CDAB<\/strong> un ejemplar de <strong><em>Los secretos de la quietud. La estatua viviente, una teatralidad liminal<\/em><\/strong> de Mariela Olivera. El libro representa un interesante aporte que aborda un \u00e1rea de conocimiento y una praxis esc\u00e9nica sin estudios exhaustivos previos en nuestro pa\u00eds. Este ensayo posee muy pocos antecedentes, no solo por su tem\u00e1tica sino tambi\u00e9n porque su territorialidad es un campo cultural descentralizado: Bah\u00eda Blanca.<\/p>\n\n\n\n<p>El texto expone determinados procesos hist\u00f3ricos locales en los que se revalorizan los Encuentros Nacionales de Estatuas Vivientes; adem\u00e1s expone las experiencias art\u00edsticas y pedag\u00f3gicas de la autora con certeras interrogaciones nocionales, que se inscriben en los avances de la Filosof\u00eda del Teatro. Tambi\u00e9n describe y clasifica una serie de cateogr\u00edas po\u00e9ticas vinculadas con las pr\u00e1cticas art\u00edsticas de las estatuas vivientes al indagar en sus principios de teatralidad liminal, junto con sus mecanismos de producci\u00f3n seg\u00fan las vivencias y condiciones de creaci\u00f3n de la autora.<\/p>\n\n\n\n<p style=\"margin: 65px 0 0;\"><a href=\"http:\/\/www.arte.unicen.edu.ar\/cdab\/wp-content\/uploads\/2022\/06\/mapping-the-rockumentary-libro.jpg\" data-fancybox=\"gallery\" data-caption=\"En el marco de las XIII Jornadas Internacionales\/Nacionales de Historia, Arte y Pol\u00edtica, el CDAB recibi\u00f3 m\u00faltiples donaciones\"><img loading=\"lazy\" decoding=\"async\" class=\"alignright size-medium wp-image-5332\" src=\"https:\/\/www.arte.unicen.edu.ar\/cdab\/wp-content\/uploads\/2022\/06\/mapping-the-rockumentary-libro-200x300.jpg\" alt=\"Mapping the Rockumentary: Images of Sound and Fury\" title=\"Mapping the Rockumentary: Images of Sound and Fury\" width=\"208\" height=\"300\" \/><\/a><h3>Mapping the Rockumentary: Images of Sound and Fury<\/h3><\/p>\n\n\n\n<p>El <strong>Dr. Javier Campo<\/strong>, docente e investigador de la <a rel=\"noreferrer noopener\" aria-label=\"Facultad de Arte (abre en una nueva pesta\u00f1a)\" href=\"http:\/\/www.arte.unicen.edu.ar\" target=\"_blank\">Facultad de Arte<\/a>, entreg\u00f3 al <strong>CDAB<\/strong> el libro <em>Mapping the Rockumentary: Images of Sound and Fury<\/em>, la primera antolog\u00eda que explora el <em>rockumentary<\/em> como un componente central tanto del documental como del cine mundial. El libro incluye estudios de casos de bandas e int\u00e9rpretes como <em>The Beatles<\/em>, <em>The Rolling Stones<\/em>, <em>Bob Dylan<\/em>, <em>The Clash<\/em>, <em>Madonna<\/em> y <em>Metallica<\/em> e int\u00e9rpretes de Asia, Europa y las Am\u00e9ricas, defendiendo los documentales de rock como parte de un sistema establecido y siempre activo. Con un enfoque internacional y transdisciplinario, y abordando documentales en cine, televisi\u00f3n e Internet, el libro explora la rica historia de la forma desde la d\u00e9cada de 1950 hasta la actualidad, y m\u00e1s all\u00e1.<\/p>\n\n\n\n<p>Los t\u00edtulos mencionados estar\u00e1n disponibles para consulta pr\u00f3ximamente, cuando finalice el proceso de catalogaci\u00f3n por parte de <a rel=\"noreferrer noopener\" aria-label=\"Biblioteca Central UNICEN (abre en una nueva pesta\u00f1a)\" href=\"https:\/\/www.biblio.unicen.edu.ar\" target=\"_blank\">Biblioteca Central UNICEN<\/a>. Recordamos a lxs interesadxs que nuestro horario de atenci\u00f3n al p\u00fablico es de <strong>lunes a viernes<\/strong> de <strong>9 a 15 hs.<\/strong><\/p>\n","protected":false},"excerpt":{"rendered":"<p>En el marco de las XIII Jornadas Internacionales\/Nacionales de Historia, Arte y Pol\u00edtica, organizadas por el Departamento de Historia y Teor\u00eda del Arte de la Facultad de Arte del 22 al 24 de junio, el CDAB recibi\u00f3 un importante n\u00famero de donaciones de material bibliogr\u00e1fico sobre diversas tem\u00e1ticas. Agradecemos una vez m\u00e1s estos gestos que ampl\u00edan nuestro acervo y dan [&hellip;]<\/p>\n","protected":false},"author":1,"featured_media":24184,"comment_status":"open","ping_status":"open","sticky":false,"template":"","format":"standard","meta":{"_acf_changed":false,"footnotes":""},"categories":[1],"tags":[214,290,215,298,294],"class_list":["post-24141","post","type-post","status-publish","format-standard","has-post-thumbnail","hentry","category-novedades","tag-cdab","tag-donacion","tag-facultad-de-arte","tag-jornadas-de-historia-arte-y-politica","tag-unicen"],"acf":[],"_links":{"self":[{"href":"https:\/\/www.arte.unicen.edu.ar\/cdab\/wp-json\/wp\/v2\/posts\/24141","targetHints":{"allow":["GET"]}}],"collection":[{"href":"https:\/\/www.arte.unicen.edu.ar\/cdab\/wp-json\/wp\/v2\/posts"}],"about":[{"href":"https:\/\/www.arte.unicen.edu.ar\/cdab\/wp-json\/wp\/v2\/types\/post"}],"author":[{"embeddable":true,"href":"https:\/\/www.arte.unicen.edu.ar\/cdab\/wp-json\/wp\/v2\/users\/1"}],"replies":[{"embeddable":true,"href":"https:\/\/www.arte.unicen.edu.ar\/cdab\/wp-json\/wp\/v2\/comments?post=24141"}],"version-history":[{"count":2,"href":"https:\/\/www.arte.unicen.edu.ar\/cdab\/wp-json\/wp\/v2\/posts\/24141\/revisions"}],"predecessor-version":[{"id":24497,"href":"https:\/\/www.arte.unicen.edu.ar\/cdab\/wp-json\/wp\/v2\/posts\/24141\/revisions\/24497"}],"wp:featuredmedia":[{"embeddable":true,"href":"https:\/\/www.arte.unicen.edu.ar\/cdab\/wp-json\/wp\/v2\/media\/24184"}],"wp:attachment":[{"href":"https:\/\/www.arte.unicen.edu.ar\/cdab\/wp-json\/wp\/v2\/media?parent=24141"}],"wp:term":[{"taxonomy":"category","embeddable":true,"href":"https:\/\/www.arte.unicen.edu.ar\/cdab\/wp-json\/wp\/v2\/categories?post=24141"},{"taxonomy":"post_tag","embeddable":true,"href":"https:\/\/www.arte.unicen.edu.ar\/cdab\/wp-json\/wp\/v2\/tags?post=24141"}],"curies":[{"name":"wp","href":"https:\/\/api.w.org\/{rel}","templated":true}]}}