{"id":22405,"date":"2022-03-03T09:15:56","date_gmt":"2022-03-03T12:15:56","guid":{"rendered":"http:\/\/www.arte.unicen.edu.ar\/cdab\/?p=22405"},"modified":"2022-03-18T01:17:18","modified_gmt":"2022-03-18T04:17:18","slug":"con-motivo-del-8m-cdab-presenta-la-semana-violeta","status":"publish","type":"post","link":"https:\/\/www.arte.unicen.edu.ar\/cdab\/con-motivo-del-8m-cdab-presenta-la-semana-violeta\/","title":{"rendered":"Con motivo del 8M, del lunes 7 al martes 15 de marzo el CDAB presenta la &#8220;Semana violeta&#8221;"},"content":{"rendered":"\n<p>En la familia, en el trabajo, en los medios, en las calles. Gracias a los movimientos feministas, en las \u00faltimas d\u00e9cadas, d\u00eda a d\u00eda se cuestionan acciones y conductas que durante mucho tiempo estuvieron naturalizadas, desde el lenguaje que utilizamos hasta las din\u00e1micas que se dan al interior de nuestros hogares, pasando por el rol de los distintos g\u00e9neros en la vida p\u00fablica.<\/p>\n\n\n\n<p>Como parte de las iniciativas por el <strong>D\u00eda Internacional de la Mujer Trabajadora (8M)<\/strong> y en adhesi\u00f3n al <strong>Paro Internacional de Mujeres<\/strong>, movilizaci\u00f3n que visibiliza la lucha contra la violencia machista, la desigualdad de g\u00e9nero y las distintas formas de opresi\u00f3n, el <strong>Centro de Documentaci\u00f3n Audiovisual y Biblioteca (CDAB)<\/strong> presenta la <strong style=\"color: #855691;\">Semana violeta<\/strong>.<\/p>\n\n\n\n<p>Del <strong>lunes 7 al martes 15 de marzo<\/strong> en el Hall de la <a rel=\"noreferrer noopener\" aria-label=\"Facultad de Arte (abre en una nueva pesta\u00f1a)\" href=\"https:\/\/www.arte.unicen.edu.ar\" target=\"_blank\">Facultad de Arte<\/a> (9 de Julio 430, Tandil) lxs invitamos a participar de:<\/p>\n\n\n\n<ul class=\"wp-block-list\"><li><strong style=\"color: #855691;\">Presentaci\u00f3n de la colecci\u00f3n &#8220;Arte y G\u00e9nero&#8221; y el fanzine &#8220;Voces en Ronda&#8221;<\/strong><br \/>A partir de una donaci\u00f3n efectuada por el <a rel=\"noreferrer noopener\" aria-label=\"Programa Institucional Arte y Derechos (abre en una nueva pesta\u00f1a)\" href=\"http:\/\/www.arte.unicen.edu.ar\/arteyderechos\" target=\"_blank\">Programa Institucional Arte y Derechos<\/a> a fines de 2019, que fue acompa\u00f1ada por una adquisici\u00f3n de material bibliogr\u00e1fico por parte de la <a rel=\"noreferrer noopener\" aria-label=\"Secretar\u00eda de Investigaci\u00f3n y Posgrado (abre en una nueva pesta\u00f1a)\" href=\"http:\/\/www.arte.unicen.edu.ar\/secretarias\/investigacion-posgrado\" target=\"_blank\">Secretar\u00eda de Investigaci\u00f3n y Posgrado<\/a>, se cre\u00f3 la secci\u00f3n <a rel=\"noreferrer noopener\" aria-label=\"Arte y G\u00e9nero (abre en una nueva pesta\u00f1a)\" href=\"http:\/\/www.arte.unicen.edu.ar\/cdab\/institucional\/arte-y-genero\" target=\"_blank\">Arte y G\u00e9nero<\/a> dentro del \u00e1rea de biblioteca del <strong>CDAB<\/strong>. Actualmente, <strong>m\u00e1s de 100 t\u00edtulos conforman esta colecci\u00f3n<\/strong> en la que destacan autoras como Judith Butler, Dora Barrancos, Rita Segato, Graciela Morgade y Paul B. Preciado. Durante esta semana, los libros estar\u00e1n exhibidos y a disposici\u00f3n del p\u00fablico en el Hall del <strong>CDAB<\/strong>.<br \/>Desde el \u00e1rea de <a rel=\"noreferrer noopener\" aria-label=\"Formaci\u00f3n Continua (abre en una nueva pesta\u00f1a)\" href=\"http:\/\/www.arte.unicen.edu.ar\/formacion-continua\" target=\"_blank\">Formaci\u00f3n Continua<\/a> de la <a rel=\"noreferrer noopener\" aria-label=\"Secretar\u00eda de Investigaci\u00f3n y Posgrado (abre en una nueva pesta\u00f1a)\" href=\"http:\/\/www.arte.unicen.edu.ar\/secretarias\/investigacion-posgrado\" target=\"_blank\">Secretar\u00eda de Investigaci\u00f3n y Posgrado<\/a> se presenta <em>Voces en Ronda<\/em>, el fanzine que surgi\u00f3 a partir los encuentros de graduadxs que contemplaron la lectura de materiales te\u00f3ricos con perspectiva de g\u00e9nero y la pr\u00e1ctica de una escritura creativa como puesta en com\u00fan de las experiencias art\u00edsticas.<\/li><li><strong style=\"color: #855691;\">Proyecci\u00f3n audiovisual sobre g\u00e9nero y diversidad<\/strong><br \/>Invitamos a visionar una selecci\u00f3n de contenidos audiovisuales, cortometrajes y fragmentos de piezas teatrales que suman sus voces y miradas para trabajar la promoci\u00f3n de relaciones vinculares respetuosas y libres de todo tipo de violencia, que tiendan al di\u00e1logo y la inclusi\u00f3n como mecanismo de reconocimiento a la diversidad de identidades. Esta proyecci\u00f3n podr\u00e1 seguirse en el Hall del <strong>CDAB<\/strong> y <em>online<\/em> mediante el escaneo de un c\u00f3digo QR.<\/li><li><strong style=\"color: #855691;\">Intervenci\u00f3n del p\u00fablico con fragmentos de lecturas<\/strong><br \/>A partir de las lecturas propuestas, se invita a participar e intervenir el espacio con reflexiones que <strong><em>activen nuestra sensibilidad<\/em><\/strong>.<\/li><li><strong style=\"color: #855691;\">Presentaci\u00f3n del libro <em>Las mujeres en el cine argentino. Im\u00e1genes, representaciones sociales, estereotipos<\/em> de Mar\u00eda Matilde Balduzzi<\/strong><br \/>Se realizar\u00e1 el <strong>martes 15 de marzo<\/strong> a las <strong>18 hs.<\/strong> en el <strong>Sal\u00f3n Multimedial 2<\/strong> (9 de Julio 430, planta alta). Coordinado por <strong>Magal\u00ed Mariano, Mar\u00eda Cristina Dimatteo<\/strong> y <strong>Mar\u00eda Marcela Bertoldi<\/strong>. El aforo ser\u00e1 limitado a la capacidad del aula.<\/li><\/ul>\n\n\n\n<table style=\"margin: 45px auto 35px; text-align: center; border-collapse: collapse; border-spacing: 0;\">\n<tbody>\n<tr>\n<td style=\"padding: 0px 20px 10px 20px;\"><a href=\"http:\/\/www.arte.unicen.edu.ar\/cdab\/wp-content\/uploads\/2022\/03\/cdab-semanavioleta-02.jpg\" data-fancybox=\"gallery\" data-caption=\"Con motivo del 8M, del lunes 7 al martes 15 de marzo el CDAB presenta la &#8220;Semana violeta&#8221;\"><img loading=\"lazy\" decoding=\"async\" class=\"aligncenter size-medium wp-image-5627\" src=\"http:\/\/www.arte.unicen.edu.ar\/cdab\/wp-content\/uploads\/2022\/03\/cdab-semanavioleta-02-300x160.jpg\" alt=\"\" width=\"300\" height=\"180\"\/><\/a><\/td>\n<td style=\"padding: 0px 20px 10px 20px;\"><a href=\"http:\/\/www.arte.unicen.edu.ar\/cdab\/wp-content\/uploads\/2022\/03\/cdab-semanavioleta-03.jpg\" data-fancybox=\"gallery\" data-caption=\"Con motivo del 8M, del lunes 7 al martes 15 de marzo el CDAB presenta la &#8220;Semana violeta&#8221;\"><img loading=\"lazy\" decoding=\"async\" class=\"aligncenter size-medium wp-image-5627\" src=\"http:\/\/www.arte.unicen.edu.ar\/cdab\/wp-content\/uploads\/2022\/03\/cdab-semanavioleta-03-300x160.jpg\" alt=\"\" width=\"300\" height=\"180\"\/><\/a><\/td>\n<td style=\"padding: 0px 20px 10px 20px;\"><a href=\"http:\/\/www.arte.unicen.edu.ar\/cdab\/wp-content\/uploads\/2022\/03\/cdab-semanavioleta-04.jpg\" data-fancybox=\"gallery\" data-caption=\"Con motivo del 8M, del lunes 7 al martes 15 de marzo el CDAB presenta la &#8220;Semana violeta&#8221;\"><img loading=\"lazy\" decoding=\"async\" class=\"aligncenter size-medium wp-image-5627\" src=\"http:\/\/www.arte.unicen.edu.ar\/cdab\/wp-content\/uploads\/2022\/03\/cdab-semanavioleta-04-300x160.jpg\" alt=\"\" width=\"300\" height=\"180\"\/><\/a><\/td>\n<\/tr>\n<tr>\n<td style=\"padding: 0px 20px 10px 20px;\"><a href=\"http:\/\/www.arte.unicen.edu.ar\/cdab\/wp-content\/uploads\/2022\/03\/cdab-semanavioleta-11.jpg\" data-fancybox=\"gallery\" data-caption=\"Con motivo del 8M, del lunes 7 al martes 15 de marzo el CDAB presenta la &#8220;Semana violeta&#8221;\"><img loading=\"lazy\" decoding=\"async\" class=\"aligncenter size-medium wp-image-5627\" src=\"http:\/\/www.arte.unicen.edu.ar\/cdab\/wp-content\/uploads\/2022\/03\/cdab-semanavioleta-11-300x160.jpg\" alt=\"\" width=\"300\" height=\"180\"\/><\/a><\/td>\n<td style=\"padding: 0px 20px 10px 20px;\"><a href=\"http:\/\/www.arte.unicen.edu.ar\/cdab\/wp-content\/uploads\/2022\/03\/cdab-semanavioleta-06.jpg\" data-fancybox=\"gallery\" data-caption=\"Con motivo del 8M, del lunes 7 al martes 15 de marzo el CDAB presenta la &#8220;Semana violeta&#8221;\"><img loading=\"lazy\" decoding=\"async\" class=\"aligncenter size-medium wp-image-5627\" src=\"http:\/\/www.arte.unicen.edu.ar\/cdab\/wp-content\/uploads\/2022\/03\/cdab-semanavioleta-06-300x160.jpg\" alt=\"\" width=\"300\" height=\"180\"\/><\/a><\/td>\n<td style=\"padding: 0px 20px 10px 20px;\"><a href=\"http:\/\/www.arte.unicen.edu.ar\/cdab\/wp-content\/uploads\/2022\/03\/cdab-semanavioleta-07.jpg\" data-fancybox=\"gallery\" data-caption=\"Con motivo del 8M, del lunes 7 al martes 15 de marzo el CDAB presenta la &#8220;Semana violeta&#8221;\"><img loading=\"lazy\" decoding=\"async\" class=\"aligncenter size-medium wp-image-5627\" src=\"http:\/\/www.arte.unicen.edu.ar\/cdab\/wp-content\/uploads\/2022\/03\/cdab-semanavioleta-07-300x160.jpg\" alt=\"\" width=\"300\" height=\"180\"\/><\/a><\/td>\n<\/tr>\n<tr>\n<td style=\"padding: 0px 20px 10px 20px;\"><a href=\"http:\/\/www.arte.unicen.edu.ar\/cdab\/wp-content\/uploads\/2022\/03\/cdab-semanavioleta-08.jpg\" data-fancybox=\"gallery\" data-caption=\"Con motivo del 8M, del lunes 7 al martes 15 de marzo el CDAB presenta la &#8220;Semana violeta&#8221;\"><img loading=\"lazy\" decoding=\"async\" class=\"aligncenter size-medium wp-image-5627\" src=\"http:\/\/www.arte.unicen.edu.ar\/cdab\/wp-content\/uploads\/2022\/03\/cdab-semanavioleta-08-300x160.jpg\" alt=\"\" width=\"300\" height=\"180\"\/><\/a><\/td>\n<td style=\"padding: 0px 20px 10px 20px;\"><a href=\"http:\/\/www.arte.unicen.edu.ar\/cdab\/wp-content\/uploads\/2022\/03\/cdab-semanavioleta-09.jpg\" data-fancybox=\"gallery\" data-caption=\"Con motivo del 8M, del lunes 7 al martes 15 de marzo el CDAB presenta la &#8220;Semana violeta&#8221;\"><img loading=\"lazy\" decoding=\"async\" class=\"aligncenter size-medium wp-image-5627\" src=\"http:\/\/www.arte.unicen.edu.ar\/cdab\/wp-content\/uploads\/2022\/03\/cdab-semanavioleta-09-300x160.jpg\" alt=\"\" width=\"300\" height=\"180\"\/><\/a><\/td>\n<td style=\"padding: 0px 20px 10px 20px;\"><a href=\"http:\/\/www.arte.unicen.edu.ar\/cdab\/wp-content\/uploads\/2022\/03\/cdab-semanavioleta-10.jpg\" data-fancybox=\"gallery\" data-caption=\"Con motivo del 8M, del lunes 7 al martes 15 de marzo el CDAB presenta la &#8220;Semana violeta&#8221;\"><img loading=\"lazy\" decoding=\"async\" class=\"aligncenter size-medium wp-image-5627\" src=\"http:\/\/www.arte.unicen.edu.ar\/cdab\/wp-content\/uploads\/2022\/03\/cdab-semanavioleta-10-300x160.jpg\" alt=\"\" width=\"300\" height=\"180\"\/><\/a><\/td>\n<\/tr>\n<tr>\n<td style=\"padding: 0px 0px 0px 0px; margin: 0; font-size: 12px;\" colspan=\"3\"><em><u>Fotograf\u00edas:<\/u> CDAB (Facultad de Arte, UNICEN).<\/em><\/td>\n<\/tr>\n<\/tbody>\n<\/table>\n\n\n\n<p>Desde el <strong>CDAB<\/strong> continuamos trabajando en la <strong>promoci\u00f3n de conductas inclusivas<\/strong> que garanticen el <strong>trato equitativo entre g\u00e9neros y el respeto de sus derechos<\/strong>.<\/p>\n\n\n\n<p>Para m\u00e1s informaci\u00f3n sobre las distintas propuestas que se desarrollar\u00e1n en el marco del 8M, acceder a la agenda de actividades creada colectivamente por diversos grupos, claustros y \u00e1reas de la <a rel=\"noreferrer noopener\" aria-label=\"Facultad de Arte (abre en una nueva pesta\u00f1a)\" href=\"https:\/\/www.arte.unicen.edu.ar\" target=\"_blank\">Facultad de Arte<\/a>: <a rel=\"noreferrer noopener\" aria-label=\"www.arte.unicen.edu.ar\/arte-en-el-8m (abre en una nueva pesta\u00f1a)\" href=\"https:\/\/www.arte.unicen.edu.ar\/arte-en-el-8m\" target=\"_blank\">www.arte.unicen.edu.ar\/arte-en-el-8m<\/a><\/p>\n\n\n\n<hr style=\"margin: 30px auto;\"\/>\n\n\n\n<h3 class=\"wp-block-heading\">Los libros que compartimos cada d\u00eda&#8230;<\/h3>\n\n\n\n<p><strong style=\"color: #855691;\">Lunes 07 de marzo:<\/strong><\/p>\n\n\n\n<ul class=\"wp-block-list\"><li><a rel=\"noreferrer noopener\" aria-label=\"Ellas no fueron contadas. Historias de vida de mujeres y diversidades por autoras bonaerenses (abre en una nueva pesta\u00f1a)\" href=\"http:\/\/www.arte.unicen.edu.ar\/cdab\/libros\/ellas-no-fueron-contadas-historias-de-vida-de-mujeres-y-diversidades-por-autoras-bonaerenses\" target=\"_blank\">Ellas no fueron contadas. Historias de vida de mujeres y diversidades por autoras bonaerenses<\/a> (2021) del Ministerio de las Mujeres, Pol\u00edticas de G\u00e9nero y Diversidad Sexual.<\/li><li><a rel=\"noreferrer noopener\" aria-label=\"Contrapedagog\u00edas de la crueldad (abre en una nueva pesta\u00f1a)\" href=\"http:\/\/www.arte.unicen.edu.ar\/cdab\/libros\/contra-pedagogias-de-la-crueldad\" target=\"_blank\">Contra-pedagog\u00edas de la crueldad<\/a> (2018) de Rita Laura Segato. Prometeo Libros.<\/li><li><a rel=\"noreferrer noopener\" aria-label=\"El g\u00e9nero en disputa. El feminismo y la subversi\u00f3n de la identidad (abre en una nueva pesta\u00f1a)\" href=\"http:\/\/www.arte.unicen.edu.ar\/cdab\/libros\/el-genero-en-disputa\" target=\"_blank\">El g\u00e9nero en disputa. El feminismo y la subversi\u00f3n de la identidad<\/a> (2020) de Judith Butler. Paid\u00f3s.<\/li><li><a rel=\"noreferrer noopener\" aria-label=\"Dora Barrancos: Devenir feminista. Una trayectoria pol\u00edtico-intelectual (abre en una nueva pesta\u00f1a)\" href=\"http:\/\/www.arte.unicen.edu.ar\/cdab\/libros\/dora-barrancos-devenir-feminista-una-trayectoria-politico-intelectual\" target=\"_blank\">Dora Barrancos: Devenir feminista. Una trayectoria pol\u00edtico-intelectual<\/a> (2019) de Ana Laura Mart\u00edn y Adriana Valobra (comps.). CLACSO, FILO UBA.<\/li><li><a rel=\"noreferrer noopener\" aria-label=\"La fuerza de la no violencia (abre en una nueva pesta\u00f1a)\" href=\"http:\/\/www.arte.unicen.edu.ar\/cdab\/libros\/la-fuerza-de-la-no-violencia\" target=\"_blank\">La fuerza de la no violencia<\/a> (2020) de Judith Butler. Paid\u00f3s.<\/li><li><a rel=\"noreferrer noopener\" aria-label=\"Diversidad y g\u00e9nero en la escuela. 150 libros y recursos TIC para abordar la Educaci\u00f3n Sexual Integral (ESI) (abre en una nueva pesta\u00f1a)\" href=\"http:\/\/www.arte.unicen.edu.ar\/cdab\/libros\/diversidad-y-genero-en-la-escuela\" target=\"_blank\">Diversidad y g\u00e9nero en la escuela. 150 libros y recursos TIC para abordar la Educaci\u00f3n Sexual Integral (ESI)<\/a> (2018) de Gabriela Larralde. Paid\u00f3s.<\/li><li><a rel=\"noreferrer noopener\" aria-label=\"Pr\u00e1cticas art\u00edsticas inclusivas. Teatro-danza-canto (abre en una nueva pesta\u00f1a)\" href=\"http:\/\/www.arte.unicen.edu.ar\/cdab\/libros\/practicas-artisticas-inclusivas-teatro-danza-canto\" target=\"_blank\">Pr\u00e1cticas art\u00edsticas inclusivas. Teatro-danza-canto<\/a> (2020) de Juan Ignacio Acosta. Editorial Novedades Educativas.<\/li><li><a rel=\"noreferrer noopener\" aria-label=\"Activar el roce, compartir la sensibilidad. El libro de las cuarencharlas (abre en una nueva pesta\u00f1a)\" href=\"http:\/\/www.arte.unicen.edu.ar\/cdab\/libros\/activar-el-roce-compartir-la-sensibilidad-el-libro-de-las-cuarencharlas\" target=\"_blank\">Activar el roce, compartir la sensibilidad. El libro de las cuarencharlas<\/a> (2021) de AA.VV. Cultura Viral Federal y El mismo mar Ediciones.<\/li><\/ul>\n\n\n\n<div class=\"cdab-separahorizontal\"><\/div><br \/><strong style=\"color: #855691;\">Martes 08 de marzo:<\/strong>\n\n\n\n<ul class=\"wp-block-list\"><li><a rel=\"noreferrer noopener\" aria-label=\"Yo te creo, hermana (abre en una nueva pesta\u00f1a)\" href=\"http:\/\/www.arte.unicen.edu.ar\/cdab\/libros\/yo-te-creo-hermana\" target=\"_blank\">Yo te creo, hermana<\/a> (2019) de Mariana Carbajal. Editorial Aguilar.<\/li><li><a rel=\"noreferrer noopener\" aria-label=\"Territorios feministas: experiencias, di\u00e1logos y debates desde el feminismo popular (abre en una nueva pesta\u00f1a)\" href=\"http:\/\/www.arte.unicen.edu.ar\/cdab\/libros\/territorios-feministas\" target=\"_blank\">Territorios feministas: experiencias, di\u00e1logos y debates desde el feminismo popular<\/a> (2020) de Colectivo Mala Junta. Batalla de ideas.<\/li><li><a rel=\"noreferrer noopener\" aria-label=\"Perspectiva de g\u00e9neros. Experiencias interdisciplinarias de intervenci\u00f3n\/investigaci\u00f3n (abre en una nueva pesta\u00f1a)\" href=\"http:\/\/www.arte.unicen.edu.ar\/cdab\/libros\/perspectiva-de-generos-experiencias-interdisciplinarias-de-intervencion-investigacion\" target=\"_blank\">Perspectiva de g\u00e9neros. Experiencias interdisciplinarias de intervenci\u00f3n\/investigaci\u00f3n<\/a> de Marcela Pa\u00eds Andrade (comp.). Ediciones CICCUS.<\/li><li><a rel=\"noreferrer noopener\" aria-label=\"Manifiesto contrasexual (abre en una nueva pesta\u00f1a)\" href=\"http:\/\/www.arte.unicen.edu.ar\/cdab\/libros\/manifiesto-contrasexual\" target=\"_blank\">Manifiesto contrasexual<\/a> (2020) de Paul B. Preciado. Anagrama.<\/li><li><a rel=\"noreferrer noopener\" aria-label=\"La lengua en disputa. Un debate sobre el lenguaje inclusivo (abre en una nueva pesta\u00f1a)\" href=\"http:\/\/www.arte.unicen.edu.ar\/cdab\/libros\/la-lengua-en-disputa-un-debate-sobre-el-lenguaje-inclusivo\" target=\"_blank\">La lengua en disputa. Un debate sobre el lenguaje inclusivo<\/a> (2019) de Beatriz Sarlo y Santiago Kalinowski. Ediciones Godot.<\/li><li><a rel=\"noreferrer noopener\" aria-label=\"ESI Educaci\u00f3n Sexual Integral: gu\u00eda b\u00e1sica para trabajar en la escuela y en la familia (abre en una nueva pesta\u00f1a)\" href=\"http:\/\/www.arte.unicen.edu.ar\/cdab\/libros\/educacion-sexual-integral-guia-basica\" target=\"_blank\">ESI Educaci\u00f3n Sexual Integral: gu\u00eda b\u00e1sica para trabajar en la escuela y en la familia<\/a> (2020) de Lucas Cahn, Florencia Cortelletti, Mar Lucas y Cecilia Veleriano. Siglo XXI editores.<\/li><li><a rel=\"noreferrer noopener\" aria-label=\"Cuerpos que importan (abre en una nueva pesta\u00f1a)\" href=\"http:\/\/www.arte.unicen.edu.ar\/cdab\/libros\/cuerpos-que-importan\" target=\"_blank\">Cuerpos que importan<\/a> (2018) de Judith Butler. Paid\u00f3s.<\/li><li><a rel=\"noreferrer noopener\" aria-label=\"La guerra contra las mujeres (abre en una nueva pesta\u00f1a)\" href=\"http:\/\/www.arte.unicen.edu.ar\/cdab\/libros\/la-guerra-contra-las-mujeres\" target=\"_blank\">La guerra contra las mujeres<\/a> (2018) de Rita Laura Segato. Prometeo Libros.<\/li><\/ul>\n\n\n\n<div class=\"cdab-separahorizontal\"><\/div><br \/><strong style=\"color: #855691;\">Mi\u00e9rcoles 09 de marzo:<\/strong>\n\n\n\n<ul class=\"wp-block-list\"><li><a rel=\"noreferrer noopener\" aria-label=\"Xenofeminismo. Tecnolog\u00edas de g\u00e9nero y pol\u00edticas de reproducci\u00f3n (abre en una nueva pesta\u00f1a)\" href=\"http:\/\/www.arte.unicen.edu.ar\/cdab\/libros\/xenofeminismo-tecnologias-de-genero-y-politicas-de-reproduccion\" target=\"_blank\">Xenofeminismo. Tecnolog\u00edas de g\u00e9nero y pol\u00edticas de reproducci\u00f3n<\/a> (2018) de Helen Hester. Caja Negra.<\/li><li><a rel=\"noreferrer noopener\" aria-label=\"Feminismo y arte latinoamericano: historias de artistas que emanciparon el cuerpo (abre en una nueva pesta\u00f1a)\" href=\"http:\/\/www.arte.unicen.edu.ar\/cdab\/libros\/feminismo-y-arte-latinoamericano-historias-de-artistas-que-emanciparon-el-cuerpo\" target=\"_blank\">Feminismo y arte latinoamericano: historias de artistas que emanciparon el cuerpo<\/a> (2018) de Andrea Giunta. Siglo XXI Editores.<\/li><li><a rel=\"noreferrer noopener\" aria-label=\"#NiUnaMenos desde los primeros a\u00f1os: educaci\u00f3n en g\u00e9neros para infancias m\u00e1s libres (abre en una nueva pesta\u00f1a)\" href=\"http:\/\/www.arte.unicen.edu.ar\/cdab\/libros\/niunamenos-desde-los-primeros-anos-educacion-en-generos-para-infancias-mas-libres\" target=\"_blank\">#NiUnaMenos desde los primeros a\u00f1os: educaci\u00f3n en g\u00e9neros para infancias m\u00e1s libres<\/a> (2016) compilado por Cecilia Merch\u00e1n, Nadia Paola Fink. Editorial Chirimbote, Las Juanas Editoras.<\/li><li><a rel=\"noreferrer noopener\" aria-label=\"Mujeres, c\u00e1mara, acci\u00f3n. Empoderamiento y feminismo en el cine argentino (abre en una nueva pesta\u00f1a)\" href=\"http:\/\/www.arte.unicen.edu.ar\/cdab\/libros\/mujeres-camara-accion-empoderamiento-y-feminismo-en-el-cine-argentino\" target=\"_blank\">Mujeres, c\u00e1mara, acci\u00f3n. Empoderamiento y feminismo en el cine argentino<\/a> (2019) de Catalina Dlugi y Rolando Gallego. Ediciones Continente.<\/li><li><a rel=\"noreferrer noopener\" aria-label=\"Las estructuras elementales de la violencia: ensayos sobre g\u00e9nero entre la antropolog\u00eda, el psicoan\u00e1lisis y los derechos humanos (abre en una nueva pesta\u00f1a)\" href=\"http:\/\/www.arte.unicen.edu.ar\/cdab\/libros\/las-estructuras-elementales-de-la-violencia-ensayos-sobre-genero-entre-la-antropologia-el-psicoanalisis-y-los-derechos-humanos\" target=\"_blank\">Las estructuras elementales de la violencia: ensayos sobre g\u00e9nero entre la antropolog\u00eda, el psicoan\u00e1lisis y los derechos humanos<\/a> (2010) de Rita Laura Segato. Prometeo Libros.<\/li><li><a rel=\"noreferrer noopener\" aria-label=\"Educaci\u00f3n sexual integral con perspectiva de g\u00e9nero: la lupa de la ESI en el aula (abre en una nueva pesta\u00f1a)\" href=\"http:\/\/www.arte.unicen.edu.ar\/cdab\/libros\/educacion-sexual-integral-con-perspectiva-de-genero\" target=\"_blank\">Educaci\u00f3n sexual integral con perspectiva de g\u00e9nero: la lupa de la ESI en el aula<\/a> (2019) coordinado por Graciela Morgade. Homo Sapiens Ediciones.<\/li><li><a rel=\"noreferrer noopener\" aria-label=\"Nuevo diccionario de estudios de g\u00e9nero y feminismos (abre en una nueva pesta\u00f1a)\" href=\"http:\/\/www.arte.unicen.edu.ar\/cdab\/libros\/nuevo-diccionario-de-estudios-de-genero-y-feminismos\" target=\"_blank\">Nuevo diccionario de estudios de g\u00e9nero y feminismos<\/a> (2021) coordinado por Susana B. Gamba y Tania Diz. Editorial Biblos.<\/li><li><a rel=\"noreferrer noopener\" aria-label=\"Teatro de las oprimidas. Est\u00e9ticas Feministas para Po\u00e9ticas Pol\u00edticas (abre en una nueva pesta\u00f1a)\" href=\"http:\/\/www.arte.unicen.edu.ar\/cdab\/libros\/teatro-de-las-oprimidas\" target=\"_blank\">Teatro de las oprimidas. Est\u00e9ticas Feministas para Po\u00e9ticas Pol\u00edticas<\/a> (2020) de B\u00e1rbara Santos. Ediciones del Signo.<\/li><\/ul>\n\n\n\n<div class=\"cdab-separahorizontal\"><\/div><br \/><strong style=\"color: #855691;\">Jueves 10 de marzo:<\/strong>\n\n\n\n<ul class=\"wp-block-list\"><li><a rel=\"noreferrer noopener\" aria-label=\"(Mal) educadas (abre en una nueva pesta\u00f1a)\" href=\"http:\/\/www.arte.unicen.edu.ar\/cdab\/libros\/mal-educadas\" target=\"_blank\">(Mal) educadas<\/a> (2020) de Mar\u00eda Florencia Freij\u00f3. Planeta.<\/li><li><a rel=\"noreferrer noopener\" aria-label=\"Querida Ijeawele. C\u00f3mo educar en el feminismo (abre en una nueva pesta\u00f1a)\" href=\"http:\/\/www.arte.unicen.edu.ar\/cdab\/libros\/querida-ijeawele-como-educar-en-el-feminismo\" target=\"_blank\">Querida Ijeawele. C\u00f3mo educar en el feminismo<\/a> (2017) de Chimamanda Ngozi Adichie. Penguin Random House.<\/li><li><a href=\"http:\/\/www.arte.unicen.edu.ar\/cdab\/libros\/la-descolonizacion-del-cuerpo-libro-de-los-abrazos-colectivos\" target=\"_blank\" rel=\"noreferrer noopener\" aria-label=\"La descolonizaci\u00f3n del cuerpo. Libro de los abrazos colectivos (abre en una nueva pesta\u00f1a)\">La descolonizaci\u00f3n del cuerpo. Libro de los abrazos colectivos<\/a> de Iv\u00e1n Nogales Bazan.<\/li><li><a rel=\"noreferrer noopener\" aria-label=\"Pornotop\u00eda. Arquitectura y sexualidad en \u201cPlayboy\u201d durante la guerra fr\u00eda (abre en una nueva pesta\u00f1a)\" href=\"http:\/\/www.arte.unicen.edu.ar\/cdab\/libros\/pornotopia\" target=\"_blank\">Pornotop\u00eda. Arquitectura y sexualidad en \u201cPlayboy\u201d durante la guerra fr\u00eda<\/a> (2020) de Paul B. Preciado. Anagrama.<\/li><li><a rel=\"noreferrer noopener\" aria-label=\"Educaci\u00f3n sexual integral. Propuestas para sentirnos y pensarnos\u2026 (abre en una nueva pesta\u00f1a)\" href=\"http:\/\/www.arte.unicen.edu.ar\/cdab\/libros\/educacion-sexual-integral-propuestas-para-sentirnos-y-pensarnos\" target=\"_blank\">Educaci\u00f3n sexual integral. Propuestas para sentirnos y pensarnos\u2026<\/a> (2020) de Daniela Quevedo, Gabriela Purita, Ignacio Testasecca, Lucia Dal Din, Marianela Arrobas, Melina de Matthaeis y Sof\u00eda Roca. Maipue.<\/li><li><a rel=\"noreferrer noopener\" aria-label=\"Estudios sobre cine. (Pos)memoria, cuerpo, g\u00e9nero (abre en una nueva pesta\u00f1a)\" href=\"http:\/\/www.arte.unicen.edu.ar\/cdab\/libros\/estudios-sobre-cine\" target=\"_blank\">Estudios sobre cine. (Pos)memoria, cuerpo, g\u00e9nero<\/a> (2021) de Bel\u00e9n Ciancio. Editorial Biblos.<\/li><li><a rel=\"noreferrer noopener\" aria-label=\"Sexualidades disidentes en el teatro. Buenos Aires, a\u00f1os 60 (abre en una nueva pesta\u00f1a)\" href=\"http:\/\/www.arte.unicen.edu.ar\/cdab\/libros\/sexualidades-disidentes-en-el-teatro\" target=\"_blank\">Sexualidades disidentes en el teatro. Buenos Aires, a\u00f1os 60<\/a> (2015) de Ezequiel Lozano. Editorial Biblos.<\/li><li><a rel=\"noreferrer noopener\" aria-label=\"Las malas (abre en una nueva pesta\u00f1a)\" href=\"http:\/\/www.arte.unicen.edu.ar\/cdab\/libros\/las-malas\" target=\"_blank\">Las malas<\/a> (2021) de Camila Sosa Villada. Tusquets Editores.<\/li><\/ul>\n\n\n\n<div class=\"cdab-separahorizontal\"><\/div><br \/><strong style=\"color: #855691;\">Viernes 11 de marzo &#8211; Nociones de g\u00e9nero para las infancias:<\/strong>\n\n\n\n<ul class=\"wp-block-list\"><li><a rel=\"noreferrer noopener\" aria-label=\"El futuro es femenino. Cuentos para que juntas cambiemos el mundo (abre en una nueva pesta\u00f1a)\" href=\"http:\/\/www.arte.unicen.edu.ar\/cdab\/libros\/el-futuro-es-femenino-cuentos-para-que-juntas-cambiemos-el-mundo\" target=\"_blank\">El futuro es femenino. Cuentos para que juntas cambiemos el mundo<\/a> (2018) de Sara Cano. Nube de Tinta.<\/li><li><a rel=\"noreferrer noopener\" aria-label=\"La princesa guerrera (abre en una nueva pesta\u00f1a)\" href=\"http:\/\/www.arte.unicen.edu.ar\/cdab\/libros\/la-princesa-guerrera\" target=\"_blank\">La princesa guerrera<\/a> (2017) de Amalia Boselli. Muchas Nueces.<\/li><li><a rel=\"noreferrer noopener\" aria-label=\"Caperucita rebelde (con causa) (abre en una nueva pesta\u00f1a)\" href=\"http:\/\/www.arte.unicen.edu.ar\/cdab\/libros\/caperucita-rebelde-con-causa\" target=\"_blank\">Caperucita rebelde (con causa)<\/a> (2020) de Ver\u00f3nica \u00c1lvarez Rivera, Pablo Pino. RiderChail Editions.<\/li><li><a rel=\"noreferrer noopener\" aria-label=\"Ni\u00f1as rebeldes, Ada Lovelace descifra el c\u00f3digo (abre en una nueva pesta\u00f1a)\" href=\"http:\/\/www.arte.unicen.edu.ar\/cdab\/libros\/ninas-rebeldes-ada-lovelace-descifra-el-codigo\" target=\"_blank\">Ni\u00f1as rebeldes, Ada Lovelace descifra el c\u00f3digo<\/a> (2020) de Elena Favilli, Francesca Cavallo. Planeta.<\/li><li><a rel=\"noreferrer noopener\" aria-label=\"H\u00e9ctor, el hombre extraordinariamente fuerte (abre en una nueva pesta\u00f1a)\" href=\"http:\/\/www.arte.unicen.edu.ar\/cdab\/libros\/hector-el-hombre-extraordinariamente-fuerte\" target=\"_blank\">H\u00e9ctor, el hombre extraordinariamente fuerte<\/a> (2020) de Magali Le Huche. Adriana Hidalgo Editora.<\/li><li><a rel=\"noreferrer noopener\" aria-label=\"Feminac\u00ed\u2026 y no hay vuelta atr\u00e1s (abre en una nueva pesta\u00f1a)\" href=\"http:\/\/www.arte.unicen.edu.ar\/cdab\/libros\/feminaci-y-no-hay-vuelta-atras\" target=\"_blank\">Feminac\u00ed\u2026 y no hay vuelta atr\u00e1s<\/a> (2019) de Ro Ferrer. Editorial Chirimbote.<\/li><li><a rel=\"noreferrer noopener\" aria-label=\"Educando a Rolando (abre en una nueva pesta\u00f1a)\" href=\"http:\/\/www.arte.unicen.edu.ar\/cdab\/libros\/educando-a-rolando\" target=\"_blank\">Educando a Rolando<\/a> (2019) de Ro Ferrer. Editorial Chirimbote.<\/li><li><a href=\"http:\/\/www.arte.unicen.edu.ar\/cdab\/libros\/antiespejito-guia-para-ser-una-antiprincesa\" target=\"_blank\" rel=\"noreferrer noopener\" aria-label=\"Antiespejito. Gu\u00eda para ser una antiprincesa (abre en una nueva pesta\u00f1a)\">Antiespejito. Gu\u00eda para ser una antiprincesa<\/a> (2018) de Pitu Sa\u00e1, Nadia Paola Fink. Editorial Chirimbote.<\/li><\/ul>\n\n\n\n<div class=\"cdab-separahorizontal\"><\/div><br \/><br \/>\n\n\n\n<p>El <strong>lunes 14<\/strong> y <strong>martes 15 de marzo<\/strong> se pondr\u00e1n a disposici\u00f3n del p\u00fablico una selecci\u00f3n de los libros presentados durante la semana previa.<\/p>\n","protected":false},"excerpt":{"rendered":"<p>En la familia, en el trabajo, en los medios, en las calles. Gracias a los movimientos feministas, en las \u00faltimas d\u00e9cadas, d\u00eda a d\u00eda se cuestionan acciones y conductas que durante mucho tiempo estuvieron naturalizadas, desde el lenguaje que utilizamos hasta las din\u00e1micas que se dan al interior de nuestros hogares, pasando por el rol de los distintos g\u00e9neros en [&hellip;]<\/p>\n","protected":false},"author":1,"featured_media":22434,"comment_status":"closed","ping_status":"open","sticky":false,"template":"","format":"standard","meta":{"_acf_changed":false,"footnotes":""},"categories":[1],"tags":[2304,214,215,2661,2502,1038,288,294],"class_list":["post-22405","post","type-post","status-publish","format-standard","has-post-thumbnail","hentry","category-novedades","tag-arte-y-genero","tag-cdab","tag-facultad-de-arte","tag-programa-institucional-arte-y-derechos","tag-secretaria-academica","tag-secretaria-de-extension","tag-secretaria-de-investigacion-y-posgrado","tag-unicen"],"acf":[],"_links":{"self":[{"href":"https:\/\/www.arte.unicen.edu.ar\/cdab\/wp-json\/wp\/v2\/posts\/22405","targetHints":{"allow":["GET"]}}],"collection":[{"href":"https:\/\/www.arte.unicen.edu.ar\/cdab\/wp-json\/wp\/v2\/posts"}],"about":[{"href":"https:\/\/www.arte.unicen.edu.ar\/cdab\/wp-json\/wp\/v2\/types\/post"}],"author":[{"embeddable":true,"href":"https:\/\/www.arte.unicen.edu.ar\/cdab\/wp-json\/wp\/v2\/users\/1"}],"replies":[{"embeddable":true,"href":"https:\/\/www.arte.unicen.edu.ar\/cdab\/wp-json\/wp\/v2\/comments?post=22405"}],"version-history":[{"count":2,"href":"https:\/\/www.arte.unicen.edu.ar\/cdab\/wp-json\/wp\/v2\/posts\/22405\/revisions"}],"predecessor-version":[{"id":22625,"href":"https:\/\/www.arte.unicen.edu.ar\/cdab\/wp-json\/wp\/v2\/posts\/22405\/revisions\/22625"}],"wp:featuredmedia":[{"embeddable":true,"href":"https:\/\/www.arte.unicen.edu.ar\/cdab\/wp-json\/wp\/v2\/media\/22434"}],"wp:attachment":[{"href":"https:\/\/www.arte.unicen.edu.ar\/cdab\/wp-json\/wp\/v2\/media?parent=22405"}],"wp:term":[{"taxonomy":"category","embeddable":true,"href":"https:\/\/www.arte.unicen.edu.ar\/cdab\/wp-json\/wp\/v2\/categories?post=22405"},{"taxonomy":"post_tag","embeddable":true,"href":"https:\/\/www.arte.unicen.edu.ar\/cdab\/wp-json\/wp\/v2\/tags?post=22405"}],"curies":[{"name":"wp","href":"https:\/\/api.w.org\/{rel}","templated":true}]}}