{"id":21769,"date":"2021-12-09T09:47:20","date_gmt":"2021-12-09T12:47:20","guid":{"rendered":"http:\/\/www.arte.unicen.edu.ar\/cdab\/?p=21769"},"modified":"2021-12-09T15:06:13","modified_gmt":"2021-12-09T18:06:13","slug":"se-inaugura-revision-videoinstalacion-tecnologia-material-de-archivo","status":"publish","type":"post","link":"https:\/\/www.arte.unicen.edu.ar\/cdab\/se-inaugura-revision-videoinstalacion-tecnologia-material-de-archivo\/","title":{"rendered":"Este viernes a las 19 hs. se inaugura RE-VISI\u00d3N, una videoinstalaci\u00f3n con tecnolog\u00eda y material de archivo reciclado"},"content":{"rendered":"\n<p>Este <strong>viernes 10 de diciembre<\/strong> a las <strong>19 hs.<\/strong> en la Sala Mercedes Santamarina del <a rel=\"noreferrer noopener\" aria-label=\"Museo Municipal de Bellas Artes Tandil (MUMBAT) (abre en una nueva pesta\u00f1a)\" href=\"http:\/\/www.mumbat.com\" target=\"_blank\">Museo Municipal de Bellas Artes Tandil (MUMBAT)<\/a> se inaugura la  videoinstalaci\u00f3n <strong>RE-VISI\u00d3N<\/strong>, producida en el marco del programa <em>Apoyo a la Creaci\u00f3n Art\u00edstica Visual &#8211; Residencia 2021<\/em> por el colectivo conformado por <strong>Juan Pablo Vicente<\/strong>, <strong>Juan Manuel Artero<\/strong>, <strong>Noelia Urbina<\/strong>, <strong>Agostina Romeo<\/strong> y <strong>Mercedes Videla Dorna<\/strong>.<\/p>\n\n\n\n<p>Se trata de una <strong>videoinstalaci\u00f3n experimental con tecnolog\u00eda y material de archivo reciclado<\/strong>. El proyecto se propone explorar en la memoria comunitaria a partir de sus im\u00e1genes descartadas, desechadas, archivos familiares, grabaciones de televisi\u00f3n, producciones institucionales y todos aquellos materiales hallados en las b\u00fasquedas del equipo y las convocatorias abiertas a la comunidad. A su vez, pretende explorar la relaci\u00f3n entre arte y tecnolog\u00eda a partir de los conceptos de reciclaje y reutilizaci\u00f3n, mientras reflexiona sobre la obsolescencia programada y los formatos actuales de producci\u00f3n de im\u00e1genes\/memoria.<\/p>\n\n\n\n<p>El proyecto se origin\u00f3 a partir de interrogantes que surgieron cuando el video y todo su universo de cinta magn\u00e9tica comenzaron a ser desplazados y reemplazados por nuevas tecnolog\u00edas digitales: <em>\u00bfQu\u00e9 guardan estos cassettes olvidados? \u00bfQu\u00e9 im\u00e1genes, texturas y colores vemos? \u00bfQu\u00e9 historias? \u00bfQu\u00e9 mensajes y aspectos de la ciudad se ponen de relieve en los videos institucionales? \u00bfContin\u00faan los videos familiares, casamientos, grabaciones de la televisi\u00f3n, noticieros, eventos deportivos, dibujos animados, publicidades, diciendo o narrando lo mismo que en el momento de su registro original?<\/em>. As\u00ed, comienzan a perderse todas aquellas im\u00e1genes que conten\u00edan parte de la memoria colectiva.<\/p>\n\n\n\n<p><div style=\"margin: 25px auto;\"><a href=\"http:\/\/www.arte.unicen.edu.ar\/cdab\/wp-content\/uploads\/2021\/12\/cdab-revision-flyer.jpg\" data-fancybox=\"gallery\" data-caption=\"Este viernes a las 19 hs. se inaugura RE-VISI\u00d3N, una videoinstalaci\u00f3n con tecnolog\u00eda y material de archivo reciclado\"><img decoding=\"async\" class=\"aligncenter size-medium wp-image-2866\" src=\"https:\/\/www.arte.unicen.edu.ar\/cdab\/wp-content\/uploads\/2021\/12\/cdab-revision-flyer-600x600.jpg\" alt=\"RE-VISI\u00d3N\" title=\"RE-VISI\u00d3N\"\/><\/a><\/div><\/p>\n","protected":false},"excerpt":{"rendered":"<p>Este viernes 10 de diciembre a las 19 hs. en la Sala Mercedes Santamarina del Museo Municipal de Bellas Artes Tandil (MUMBAT) se inaugura la videoinstalaci\u00f3n RE-VISI\u00d3N, producida en el marco del programa Apoyo a la Creaci\u00f3n Art\u00edstica Visual &#8211; Residencia 2021 por el colectivo conformado por Juan Pablo Vicente, Juan Manuel Artero, Noelia Urbina, Agostina Romeo y Mercedes Videla [&hellip;]<\/p>\n","protected":false},"author":1,"featured_media":21771,"comment_status":"open","ping_status":"open","sticky":false,"template":"","format":"standard","meta":{"_acf_changed":false,"footnotes":""},"categories":[1],"tags":[2762,294],"class_list":["post-21769","post","type-post","status-publish","format-standard","has-post-thumbnail","hentry","category-novedades","tag-facultad-de-ciencias-exactas","tag-unicen"],"acf":[],"_links":{"self":[{"href":"https:\/\/www.arte.unicen.edu.ar\/cdab\/wp-json\/wp\/v2\/posts\/21769","targetHints":{"allow":["GET"]}}],"collection":[{"href":"https:\/\/www.arte.unicen.edu.ar\/cdab\/wp-json\/wp\/v2\/posts"}],"about":[{"href":"https:\/\/www.arte.unicen.edu.ar\/cdab\/wp-json\/wp\/v2\/types\/post"}],"author":[{"embeddable":true,"href":"https:\/\/www.arte.unicen.edu.ar\/cdab\/wp-json\/wp\/v2\/users\/1"}],"replies":[{"embeddable":true,"href":"https:\/\/www.arte.unicen.edu.ar\/cdab\/wp-json\/wp\/v2\/comments?post=21769"}],"version-history":[{"count":2,"href":"https:\/\/www.arte.unicen.edu.ar\/cdab\/wp-json\/wp\/v2\/posts\/21769\/revisions"}],"predecessor-version":[{"id":21773,"href":"https:\/\/www.arte.unicen.edu.ar\/cdab\/wp-json\/wp\/v2\/posts\/21769\/revisions\/21773"}],"wp:featuredmedia":[{"embeddable":true,"href":"https:\/\/www.arte.unicen.edu.ar\/cdab\/wp-json\/wp\/v2\/media\/21771"}],"wp:attachment":[{"href":"https:\/\/www.arte.unicen.edu.ar\/cdab\/wp-json\/wp\/v2\/media?parent=21769"}],"wp:term":[{"taxonomy":"category","embeddable":true,"href":"https:\/\/www.arte.unicen.edu.ar\/cdab\/wp-json\/wp\/v2\/categories?post=21769"},{"taxonomy":"post_tag","embeddable":true,"href":"https:\/\/www.arte.unicen.edu.ar\/cdab\/wp-json\/wp\/v2\/tags?post=21769"}],"curies":[{"name":"wp","href":"https:\/\/api.w.org\/{rel}","templated":true}]}}