{"id":21731,"date":"2021-12-03T11:36:06","date_gmt":"2021-12-03T14:36:06","guid":{"rendered":"http:\/\/www.arte.unicen.edu.ar\/cdab\/?p=21731"},"modified":"2021-12-03T21:57:46","modified_gmt":"2021-12-04T00:57:46","slug":"este-sabado-espira-antepenultimo-capitulo-ritos-de-paso","status":"publish","type":"post","link":"https:\/\/www.arte.unicen.edu.ar\/cdab\/este-sabado-espira-antepenultimo-capitulo-ritos-de-paso\/","title":{"rendered":"Este s\u00e1bado se estrena &#8220;espira&#8221;, el antepen\u00faltimo cap\u00edtulo de la segunda temporada de &#8220;Ritos de paso&#8221;"},"content":{"rendered":"\n<p><strong>Ritos de paso<\/strong>, la serie audiovisual experimental, colectiva y colaborativa que cuenta con el apoyo de <a rel=\"noreferrer noopener\" href=\"http:\/\/www.arte.unicen.edu.ar\/artepublicaciones\" target=\"_blank\">Arte Publicaciones<\/a>, el <a rel=\"noreferrer noopener\" href=\"http:\/\/www.arte.unicen.edu.ar\/cdab\" target=\"_blank\">CDAB<\/a> y la <a rel=\"noreferrer noopener\" href=\"http:\/\/www.arte.unicen.edu.ar\/secretarias\/investigacion-posgrado\" target=\"_blank\">Secretar\u00eda de Investigaci\u00f3n y Posgrado<\/a> de la <a rel=\"noreferrer noopener\" href=\"http:\/\/www.arte.unicen.edu.ar\" target=\"_blank\">Facultad de Arte<\/a>, contin\u00faa <strong>presentando nuevos cap\u00edtulos<\/strong> como un desaf\u00edo por reinventar la subjetividad en el proceso de <em>pospandemia<\/em>. Y poco a poco nos acercamos al <strong>final de la segunda temporada<\/strong>, que concluir\u00e1 <strong>invitando a otros ritos<\/strong>.<\/p>\n\n\n\n<p>Este <strong>s\u00e1bado 4 de diciembre<\/strong>\u00a0a las\u00a0<strong>15 hs<\/strong>. llega la <strong>decimoprimera<\/strong> entrega de la serie: <strong><em>espira<\/em><\/strong>, que podr\u00e1 visionarse de manera simult\u00e1nea en\u00a0<a rel=\"noreferrer noopener\" href=\"https:\/\/www.artexver.tv\/rdp2-4\" target=\"_blank\">artexver<\/a>\u00a0y el\u00a0<a rel=\"noreferrer noopener\" href=\"https:\/\/www.youtube.com\/channel\/UC4A6udlDT1SmVyAF-6yxM8w\" target=\"_blank\">canal de YouTube<\/a>\u00a0de\u00a0<strong>Ritos de paso<\/strong>. La pieza audiovisual es una idea original de <strong>Mar\u00eda Cecilia Christensen<\/strong>, qui\u00e9n realiz\u00f3 el montaje junto a <strong>Mar\u00eda Emilia Zarini Libarona<\/strong>.<\/p>\n\n\n\n<p>Las im\u00e1genes y sonido directo estuvieron a cargo de <strong>Mar\u00eda Cecilia Christensen<\/strong>, el tema musical es <em>Danza narc\u00f3tica<\/em> de Virus (1987), la interpretaci\u00f3n en guitarra la realiz\u00f3 <strong>Julieta de la Canal<\/strong> y las realizadoras agradecen a: la\u00a0estrecha\u00a0amistad de Luciana, Natalia, Victoria, Luisa, Jorgelina y Lucero; la infancia de Antonia, Juana y Gael y al Universo.<\/p>\n\n\n\n<p>La sinopsis de este <strong>antepen\u00faltimo episodio<\/strong> reza:<\/p>\n\n\n\n<p style=\"text-align: center;\"><em>&#8220;Y ahora que volv\u00ed a ver<br \/>vuelvo a encontrar<br \/>la danza que me rodea<br \/>Y sigue estando<br \/>ah\u00ed,<br \/>cerca de<br \/>y en un punto<br \/>como un p\u00e1jaro<br \/>extraordinario<br \/>para hacer del cotidiano<br \/>un tesoro<br \/>que espira, respira&#8221;<\/em><\/p>\n\n\n\n<div style=\"margin: 10px auto 30px; width: 100%; text-align: center; display: inline-block;\"><iframe loading=\"lazy\" src=\"https:\/\/www.youtube.com\/embed\/QgEChId_nfM\" allow=\"accelerometer; autoplay; clipboard-write; encrypted-media; gyroscope; picture-in-picture\" allowfullscreen=\"\" width=\"700\" height=\"394\" frameborder=\"0\"><\/iframe>\n<div class=\"container-newsbutton\"><a class=\"cdab-newsbuttonlink\" href=\"https:\/\/www.youtube.com\/channel\/UC4A6udlDT1SmVyAF-6yxM8w\" target=\"_blank\" rel=\"noopener noreferrer\"><div class=\"cdab-youtube-newsbutton\">RITOS DE PASO<\/div><\/a><a class=\"cdab-newsbuttonlink\" href=\"https:\/\/www.instagram.com\/ritosdepaso\" target=\"_blank\" rel=\"noopener noreferrer\" style=\"margin-left: 50px;\"><div class=\"cdab-instagram-newsbutton\">RITOS DE PASO<\/div><\/a><a class=\"cdab-newsbuttonlink\" href=\"https:\/\/www.artexver.tv\/serie\/ritos-de-paso\" target=\"_blank\" rel=\"noopener noreferrer\" style=\"margin-left: 50px;\"><div class=\"cdab-artexver-newsbutton\"><\/div><\/a><\/div><\/div>\n\n\n\n<p>La coordinaci\u00f3n general del proyecto es realizada por&nbsp;<strong>Anabel Bonani, Mariano Schettino, Mat\u00edas Petrini<\/strong>&nbsp;y&nbsp;<strong>Claudia C. Speranza<\/strong>. El dise\u00f1o de las piezas gr\u00e1ficas es de&nbsp;<strong>Mariano Schettino<\/strong>&nbsp;y los temas musicales de la serie fueron compuestos por&nbsp;<strong>Agostina Romeo<\/strong>.<\/p>\n","protected":false},"excerpt":{"rendered":"<p>Ritos de paso, la serie audiovisual experimental, colectiva y colaborativa que cuenta con el apoyo de Arte Publicaciones, el CDAB y la Secretar\u00eda de Investigaci\u00f3n y Posgrado de la Facultad de Arte, contin\u00faa presentando nuevos cap\u00edtulos como un desaf\u00edo por reinventar la subjetividad en el proceso de pospandemia. Y poco a poco nos acercamos al final de la segunda temporada, [&hellip;]<\/p>\n","protected":false},"author":1,"featured_media":21740,"comment_status":"open","ping_status":"open","sticky":false,"template":"","format":"standard","meta":{"_acf_changed":false,"footnotes":""},"categories":[1],"tags":[292,2534,214,215,2535,288,294],"class_list":["post-21731","post","type-post","status-publish","format-standard","has-post-thumbnail","hentry","category-novedades","tag-arte-publicaciones","tag-artexver","tag-cdab","tag-facultad-de-arte","tag-ritos-de-paso","tag-secretaria-de-investigacion-y-posgrado","tag-unicen"],"acf":[],"_links":{"self":[{"href":"https:\/\/www.arte.unicen.edu.ar\/cdab\/wp-json\/wp\/v2\/posts\/21731","targetHints":{"allow":["GET"]}}],"collection":[{"href":"https:\/\/www.arte.unicen.edu.ar\/cdab\/wp-json\/wp\/v2\/posts"}],"about":[{"href":"https:\/\/www.arte.unicen.edu.ar\/cdab\/wp-json\/wp\/v2\/types\/post"}],"author":[{"embeddable":true,"href":"https:\/\/www.arte.unicen.edu.ar\/cdab\/wp-json\/wp\/v2\/users\/1"}],"replies":[{"embeddable":true,"href":"https:\/\/www.arte.unicen.edu.ar\/cdab\/wp-json\/wp\/v2\/comments?post=21731"}],"version-history":[{"count":2,"href":"https:\/\/www.arte.unicen.edu.ar\/cdab\/wp-json\/wp\/v2\/posts\/21731\/revisions"}],"predecessor-version":[{"id":21768,"href":"https:\/\/www.arte.unicen.edu.ar\/cdab\/wp-json\/wp\/v2\/posts\/21731\/revisions\/21768"}],"wp:featuredmedia":[{"embeddable":true,"href":"https:\/\/www.arte.unicen.edu.ar\/cdab\/wp-json\/wp\/v2\/media\/21740"}],"wp:attachment":[{"href":"https:\/\/www.arte.unicen.edu.ar\/cdab\/wp-json\/wp\/v2\/media?parent=21731"}],"wp:term":[{"taxonomy":"category","embeddable":true,"href":"https:\/\/www.arte.unicen.edu.ar\/cdab\/wp-json\/wp\/v2\/categories?post=21731"},{"taxonomy":"post_tag","embeddable":true,"href":"https:\/\/www.arte.unicen.edu.ar\/cdab\/wp-json\/wp\/v2\/tags?post=21731"}],"curies":[{"name":"wp","href":"https:\/\/api.w.org\/{rel}","templated":true}]}}