{"id":21708,"date":"2021-12-15T11:08:30","date_gmt":"2021-12-15T14:08:30","guid":{"rendered":"http:\/\/www.arte.unicen.edu.ar\/cdab\/?p=21708"},"modified":"2021-12-15T09:35:29","modified_gmt":"2021-12-15T12:35:29","slug":"ultimo-encuentro-cdabem2021-investigacion-archivo-personal-fotografia","status":"publish","type":"post","link":"https:\/\/www.arte.unicen.edu.ar\/cdab\/ultimo-encuentro-cdabem2021-investigacion-archivo-personal-fotografia\/","title":{"rendered":"El \u00faltimo encuentro de &#8220;CDAB en movimiento 2021&#8221; propone una investigaci\u00f3n colectiva sobre el archivo personal y la fotograf\u00eda"},"content":{"rendered":"\n<p><strong>2021<\/strong> fue un a\u00f1o muy significativo para el <a rel=\"noreferrer noopener\" href=\"http:\/\/www.arte.unicen.edu.ar\/cdab\" target=\"_blank\">Centro de Documentaci\u00f3n Audiovisual y Biblioteca (CDAB)<\/a> de la <a rel=\"noreferrer noopener\" href=\"http:\/\/www.arte.unicen.edu.ar\" target=\"_blank\">Facultad de Arte<\/a>. El pasado 29 de marzo <a rel=\"noreferrer noopener\" href=\"http:\/\/www.arte.unicen.edu.ar\/cdab\/10-anios-creacion-cdab\" target=\"_blank\">cumplimos 10 a\u00f1os desde la creaci\u00f3n del espacio<\/a> que tiene antecedentes como <em>Archivo Gr\u00e1fico de Teatro<\/em> (1995) y se gesta de manera sensible y dedicada concibiendo al archivo como registro de nuestra identidad. Por ello, <strong>durante todo el a\u00f1o<\/strong>, el <strong>CDAB<\/strong> conmemor\u00f3 la construcci\u00f3n colectiva de la <a rel=\"noreferrer noopener\" href=\"http:\/\/www.arte.unicen.edu.ar\" target=\"_blank\">Facultad de Arte<\/a> mediante los aportes de sus diversos actores, claustros, Departamentos y N\u00facleos de investigaci\u00f3n. <\/p>\n\n\n\n<p>Bajo esta premisa, con el apoyo de la <a rel=\"noreferrer noopener\" href=\"http:\/\/www.arte.unicen.edu.ar\/secretarias\/investigacion-posgrado\" target=\"_blank\">Secretar\u00eda de Investigaci\u00f3n y Posgrado<\/a> y la participaci\u00f3n del <a rel=\"noreferrer noopener\" href=\"http:\/\/www.arte.unicen.edu.ar\/secretarias\/investigacion-posgrado\/nucleos\/cid\" target=\"_blank\">Centro de Investigaciones Dram\u00e1ticas (CID)<\/a>, el <a rel=\"noreferrer noopener\" href=\"http:\/\/www.arte.unicen.edu.ar\/secretarias\/investigacion-posgrado\/nucleos\/normativas-tecc\" target=\"_blank\">Grupo de Investigaci\u00f3n a trav\u00e9s de la Pr\u00e1ctica Art\u00edstica (GIAPA)<\/a>, el <a rel=\"noreferrer noopener\" href=\"http:\/\/www.arte.unicen.edu.ar\/tecc\" target=\"_blank\">Centro de Estudios de Teatro, Educaci\u00f3n y Consumos Culturales (TECC)<\/a>, el <a rel=\"noreferrer noopener\" href=\"http:\/\/www.arte.unicen.edu.ar\/institucional\/departamentos\/artes-audiovisuales\" target=\"_blank\">Departamento de Artes Audiovisuales<\/a>, el <a rel=\"noreferrer noopener\" href=\"http:\/\/www.arte.unicen.edu.ar\/institucional\/departamentos\/educacion-artistica\" target=\"_blank\">Departamento de Educaci\u00f3n Art\u00edstica<\/a>, el <a rel=\"noreferrer noopener\" href=\"http:\/\/www.arte.unicen.edu.ar\/institucional\/departamentos\/historia-y-teoria-del-arte\" target=\"_blank\">Departamento de Historia y Teor\u00eda del Arte<\/a> y el <a rel=\"noreferrer noopener\" href=\"http:\/\/www.arte.unicen.edu.ar\/institucional\/departamentos\/teatro\" target=\"_blank\">Departamento de Teatro<\/a>, <strong>mes a mes presentamos propuestas para continuar reflexionando sobre el arte desde una diversidad de miradas y perspectivas<\/strong>. Ante la continuidad de los efectos de la pandemia COVID-19, la virtualidad posibilit\u00f3 la realizaci\u00f3n de estos intercambios que se encuentran disponibles para su visionado en el <a rel=\"noreferrer noopener\" aria-label=\"canal de YouTube (abre en una nueva pesta\u00f1a)\" href=\"https:\/\/www.youtube.com\/channel\/UCOBrOTwPT5GiKHYXACcgyLQ\" target=\"_blank\">canal de YouTube<\/a> de la <a rel=\"noreferrer noopener\" aria-label=\"Facultad de Arte (abre en una nueva pesta\u00f1a)\" href=\"https:\/\/www.arte.unicen.edu.ar\" target=\"_blank\">Facultad de Arte<\/a> y el <a rel=\"noreferrer noopener\" aria-label=\"micrositio de CDAB en movimiento (abre en una nueva pesta\u00f1a)\" href=\"https:\/\/www.arte.unicen.edu.ar\/cdab\/enmovimiento\" target=\"_blank\">micrositio de CDAB en movimiento<\/a>: <a rel=\"noreferrer noopener\" aria-label=\"www.arte.unicen.edu.ar\/cdab\/enmovimiento (abre en una nueva pesta\u00f1a)\" href=\"https:\/\/www.arte.unicen.edu.ar\/cdab\/enmovimiento\" target=\"_blank\">www.arte.unicen.edu.ar\/cdab\/enmovimiento<\/a><\/p>\n\n\n\n<p>La <strong>edici\u00f3n 2021<\/strong> de <strong>CDAB en movimiento<\/strong> concluir\u00e1 el pr\u00f3ximo <strong>lunes 20 de diciembre<\/strong> a las <strong>18 hs.<\/strong> con una <em>performance<\/em> que invita a &#8220;activar&#8221; el archivo a cargo de <strong>Ariel Nah\u00f3n<\/strong> y <strong>Roc\u00edo Gonz\u00e1lez Amer<\/strong>. La propuesta, articulada con la c\u00e1tedra <strong>Realizaci\u00f3n 4<\/strong> (<a rel=\"noreferrer noopener\" href=\"https:\/\/www.arte.unicen.edu.ar\/carreras\/grado\/riaa\/perfil-del-egresado_\" target=\"_blank\">RIAA<\/a>) y la <a rel=\"noreferrer noopener\" href=\"https:\/\/www.arte.unicen.edu.ar\/secretarias\/investigacion-posgrado\/diplomatura-universitaria-en-esteticas-contemporaneas\" target=\"_blank\">Diplomatura Universitaria en Est\u00e9ticas Contempor\u00e1neas<\/a>, ser\u00e1 coordinada por la docente, investigadora, correctora editorial de <a rel=\"noreferrer noopener\" href=\"https:\/\/www.arte.unicen.edu.ar\/artepublicaciones\" target=\"_blank\">Arte Publicaciones<\/a> y realizadora audiovisual <strong>Claudia C. Speranza<\/strong>. Durante el encuentro se recupera y construye archivo a partir de fotograf\u00edas personales como una manera de crear historias y ficciones.<\/p>\n\n\n\n<p><div style=\"margin: 25px auto;\"><a href=\"http:\/\/www.arte.unicen.edu.ar\/cdab\/wp-content\/uploads\/2021\/12\/cdabem-diciembre2-2021.jpg\" data-fancybox=\"gallery\" data-caption=\"El \u00faltimo encuentro de &#8220;CDAB en movimiento 2021&#8221; propone una investigaci\u00f3n colectiva sobre el archivo personal y la fotograf\u00eda\"><img decoding=\"async\" class=\"aligncenter size-medium wp-image-2866\" src=\"https:\/\/www.arte.unicen.edu.ar\/cdab\/wp-content\/uploads\/2021\/12\/cdabem-diciembre2-2021-768x595.jpg\" alt=\"CDAB en movimiento 2021\" title=\"CDAB en movimiento 2021\"\/><\/a><\/div><\/p>\n\n\n\n<h3 style=\"margin: 45px auto 20px;\">Acerca de Ariel Nah\u00f3n<\/h3>\n<p><img loading=\"lazy\" decoding=\"async\" class=\"alignleft size-full wp-image-4077\" style=\"border: 0px; border-radius: 200px; margin-bottom: 20px;\" src=\"http:\/\/www.arte.unicen.edu.ar\/cdab\/wp-content\/uploads\/2021\/12\/ariel-nahon.jpg\" alt=\"Ariel Nah\u00f3n\" title=\"Ariel Nah\u00f3n\" width=\"200\" height=\"200\"\/><strong>Ariel Nah\u00f3n<\/strong> es docente, curadora y cineasta <em>amateur<\/em>. Egresada de la <a href=\"https:\/\/www.ucine.edu.ar\" target=\"_blank\" rel=\"noopener noreferrer\">Universidad del Cine<\/a>, estudi\u00f3 tambi\u00e9n teatro y danza. Se desempe\u00f1a como docente en las carreras de grado de Artes Electr\u00f3nicas (<a href=\"https:\/\/www.untref.edu.ar\" target=\"_blank\" rel=\"noopener noreferrer\">UNTREF<\/a>) y <em>Direcci\u00f3n de Cine<\/em> (<a href=\"https:\/\/www.ucine.edu.ar\" target=\"_blank\" rel=\"noopener noreferrer\">Universidad del Cine<\/a>). Desde 2012 trabaja en proyectos colectivos que buscan expandir y experimentar el concepto de instituci\u00f3n en el territorio de las artes y producciones audiovisuales, a partir del dise\u00f1o de muestras, curadur\u00edas y talleres. Es miembro activa de los colectivos de investigaci\u00f3n y producci\u00f3n <a href=\"http:\/\/www.colectivoarkhe.com.ar\" target=\"_blank\" rel=\"noopener noreferrer\">Colectivo Arkh\u00e9<\/a>, <a href=\"https:\/\/www.instagram.com\/futuromuseode\" target=\"_blank\" rel=\"noopener noreferrer\">Futuro Museo de Cine<\/a> y <a href=\"http:\/\/www.archivovilla20.com.ar\" target=\"_blank\" rel=\"noopener noreferrer\">Archivo de la Memoria Popular Villa 20<\/a>; y participa en las asociaciones <a href=\"https:\/\/www.facebook.com\/areacineyvideo\" target=\"_blank\" rel=\"noopener noreferrer\">AREA (Asociaci\u00f3n de Realizadorxs Experimentales Audiovisuales)<\/a>, <a href=\"https:\/\/www.instagram.com\/rapa.av\" target=\"_blank\" rel=\"noopener noreferrer\">RAPA (Red Argentina de Preservadorxs Audiovisuales)<\/a> y <strong>RACC (Red Argentina de Cine Comunitario)<\/strong>. Ha realizado cortos, videos experimentales y conferencias perform\u00e1ticas en las que explora los conceptos de cuerpo, archivo, memoria, t\u00e9cnica y territorio, que fueron exhibidos en festivales nacionales e internacionales. Es investigadora de Continente (<a href=\"https:\/\/www.untref.edu.ar\" target=\"_blank\" rel=\"noopener noreferrer\">UNTREF<\/a>) y trabaja en la <a href=\"https:\/\/www.bim.com.ar\" target=\"_blank\" rel=\"noopener noreferrer\">Bienal de la Imagen en Movimiento (BIM)<\/a> desde su primera edici\u00f3n en 2012, desempe\u00f1\u00e1ndose en tareas de investigaci\u00f3n, programaci\u00f3n y producci\u00f3n general. Ha publicado textos sobre cine, video e instalaciones en revistas y libros del <a href=\"https:\/\/www.bellasartes.gob.ar\" target=\"_blank\" rel=\"noopener noreferrer\">Museo Nacional de Bellas Artes (MNBA)<\/a>, la <a href=\"https:\/\/www.bim.com.ar\" target=\"_blank\" rel=\"noopener noreferrer\">Bienal de la Imagen en Movimiento<\/a>, Editorial Libraria, entre otras.<\/p>\n<h3>Acerca de Roc\u00edo Gonz\u00e1lez Amer<\/h3>\n<p><img loading=\"lazy\" decoding=\"async\" class=\"alignleft size-full wp-image-4077\" style=\"border: 0px; border-radius: 200px; margin-bottom: 20px;\" src=\"http:\/\/www.arte.unicen.edu.ar\/cdab\/wp-content\/uploads\/2021\/12\/rocio-gonzalez-amer.jpg\" alt=\"Roc\u00edo Gonz\u00e1lez Amer\" title=\"Roc\u00edo Gonz\u00e1lez Amer\" width=\"200\" height=\"200\"\/><strong>Roc\u00edo Gonz\u00e1lez Amer<\/strong> es directora cinematogr\u00e1fica egresada de la <a href=\"https:\/\/www.ucine.edu.ar\" target=\"_blank\" rel=\"noopener noreferrer\">Universidad del Cine<\/a> de Buenos Aires, donde actualmente se desempe\u00f1a como ayudante en la materia <em>T\u00e9cnicas Audiovisuales II<\/em>.<\/p>\n<p>Tuvo la oportunidad de escribir y dirigir cortos de ficci\u00f3n y documentales tanto en Argentina como en el exterior, entre los cuales se destacan <em>Borderline<\/em>, ganador del concurso <strong>Historias Breves 19<\/strong>, <em>Taoyuan Sanjie Yi<\/em>, realizado en la Rep\u00fablica de China en el marco de la convocatoria <em>Looking China<\/em>, <em>Alicia a trav\u00e9s<\/em> y <em>Gineceo<\/em>, seleccionados para participar en festivales de Argentina e internacionales. Adem\u00e1s, su video <em>Hallazgo<\/em> particip\u00f3 de <em>Shasou<\/em>: Muestra de cine experimental argentino en Jap\u00f3n.<\/p><br \/>\n<h3>Acerca de Claudia C. Speranza<\/h3>\n<p><img loading=\"lazy\" decoding=\"async\" class=\"alignleft size-full wp-image-4077\" style=\"border: 0px; border-radius: 200px; margin-bottom: 20px;\" src=\"http:\/\/www.arte.unicen.edu.ar\/cdab\/wp-content\/uploads\/2021\/12\/claudia-speranza.jpg\" alt=\"Claudia C. Speranza\" title=\"Claudia C. Speranza\" width=\"200\" height=\"200\"\/><strong>Claudia C. Speranza<\/strong> es Realizadora Integral en cine, video y televisi\u00f3n por la <a href=\"https:\/\/www.arte.unicen.edu.ar\" target=\"_blank\" rel=\"noopener noreferrer\">Facultad de Arte<\/a> de la <a href=\"http:\/\/www.unicen.edu.ar\" target=\"_blank\" rel=\"noopener noreferrer\">UNICEN<\/a>. All\u00ed integra como investigadora el N\u00facleo de investigaci\u00f3n de <a href=\"https:\/\/www.arte.unicen.edu.ar\/tecc\" target=\"_blank\" rel=\"noopener noreferrer\">Teatro, Educaci\u00f3n y Consumos Culturales (TECC)<\/a>. Profesora Adjunta de las c\u00e1tedras <em>Pensamiento Proyectual<\/em> y <em>Realizaci\u00f3n 4<\/em> de la carrera de <a href=\"https:\/\/www.arte.unicen.edu.ar\/carreras\/grado\/riaa\/perfil-del-egresado_\" target=\"_blank\" rel=\"noopener noreferrer\">Realizaci\u00f3n Integral en Artes Audiovisuales<\/a>. Es programadora en el <a href=\"https:\/\/www.facebook.com\/FesticinePehuajo\" target=\"_blank\" rel=\"noopener noreferrer\">Festival Internacional de Cine de Pehuaj\u00f3<\/a>. Integra los equipos docentes de la <a href=\"https:\/\/www.arte.unicen.edu.ar\/diplomatura-en-arte-para-la-transformacion-social\" target=\"_blank\" rel=\"noopener noreferrer\">Diplomatura en Arte para la Transformaci\u00f3n Social<\/a> y <a href=\"https:\/\/www.arte.unicen.edu.ar\/secretarias\/investigacion-posgrado\/diplomatura-universitaria-en-esteticas-contemporaneas\" target=\"_blank\" rel=\"noopener noreferrer\">Diplomatura en Est\u00e9ticas Contempor\u00e1neas<\/a>. Codirigi\u00f3 las instalaciones audiovisuales <strong>VEN[IR]<\/strong> (TandilCine 2019 &#8211; Caja Blanca 2020) y <strong>Cat\u00e1logo de g\u00e9neros<\/strong>. Codirectora del contenido seriado <strong>Ritos de paso<\/strong>, disponible en: <a href=\"https:\/\/www.artexver.tv\" target=\"_blank\" rel=\"noopener noreferrer\">artexver.tv<\/a>, <a href=\"https:\/\/identidades.cultura.gob.ar\" target=\"_blank\" rel=\"noopener noreferrer\">identidades.cultura.gob.ar<\/a>, <a href=\"https:\/\/www.youtube.com\/c\/Ritosdepaso\" target=\"_blank\" rel=\"noopener noreferrer\">YouTube<\/a> e <a href=\"https:\/\/www.instagram.com\/ritosdepaso\" target=\"_blank\" rel=\"noopener noreferrer\">Instagram<\/a>, que integr\u00f3 la muestra &#8220;Ensayo sobre el artista curador&#8221; en el <a href=\"http:\/\/www.mumbat.com\" target=\"_blank\" rel=\"noopener noreferrer\">MUMBAT<\/a> entre 2020 y 2021. Cuenta con publicaciones en revistas y libros sobre artes audiovisuales. Sus m\u00e1s recientes colaboraciones son en <em>Ritos de aspo: Diario de realizaci\u00f3n audiovisual desde casa y coso<\/em> y <em>Encuentros en y desde el cine: Di\u00e1logos acad\u00e9micos desde las experiencias docentes en Ecuador y Argentina<\/em>, ambos editados por <a href=\"https:\/\/www.arte.unicen.edu.ar\/artepublicaciones\" target=\"_blank\" rel=\"noopener noreferrer\">Arte Publicaciones<\/a> y, escribi\u00f3 tambi\u00e9n en <em>Activar el roce, compartir la sensibilidad: el libro de las cuarencharlas<\/em> editado por El mismo mar ediciones.<\/p>\n","protected":false},"excerpt":{"rendered":"<p>2021 fue un a\u00f1o muy significativo para el Centro de Documentaci\u00f3n Audiovisual y Biblioteca (CDAB) de la Facultad de Arte. El pasado 29 de marzo cumplimos 10 a\u00f1os desde la creaci\u00f3n del espacio que tiene antecedentes como Archivo Gr\u00e1fico de Teatro (1995) y se gesta de manera sensible y dedicada concibiendo al archivo como registro de nuestra identidad. Por ello, [&hellip;]<\/p>\n","protected":false},"author":1,"featured_media":19468,"comment_status":"open","ping_status":"open","sticky":false,"template":"","format":"standard","meta":{"_acf_changed":false,"footnotes":""},"categories":[1],"tags":[2578,214,1867,215,288,294],"class_list":["post-21708","post","type-post","status-publish","format-standard","has-post-thumbnail","hentry","category-novedades","tag-10-anios-cdab","tag-cdab","tag-cdab-en-movimiento","tag-facultad-de-arte","tag-secretaria-de-investigacion-y-posgrado","tag-unicen"],"acf":[],"_links":{"self":[{"href":"https:\/\/www.arte.unicen.edu.ar\/cdab\/wp-json\/wp\/v2\/posts\/21708","targetHints":{"allow":["GET"]}}],"collection":[{"href":"https:\/\/www.arte.unicen.edu.ar\/cdab\/wp-json\/wp\/v2\/posts"}],"about":[{"href":"https:\/\/www.arte.unicen.edu.ar\/cdab\/wp-json\/wp\/v2\/types\/post"}],"author":[{"embeddable":true,"href":"https:\/\/www.arte.unicen.edu.ar\/cdab\/wp-json\/wp\/v2\/users\/1"}],"replies":[{"embeddable":true,"href":"https:\/\/www.arte.unicen.edu.ar\/cdab\/wp-json\/wp\/v2\/comments?post=21708"}],"version-history":[{"count":2,"href":"https:\/\/www.arte.unicen.edu.ar\/cdab\/wp-json\/wp\/v2\/posts\/21708\/revisions"}],"predecessor-version":[{"id":21816,"href":"https:\/\/www.arte.unicen.edu.ar\/cdab\/wp-json\/wp\/v2\/posts\/21708\/revisions\/21816"}],"wp:featuredmedia":[{"embeddable":true,"href":"https:\/\/www.arte.unicen.edu.ar\/cdab\/wp-json\/wp\/v2\/media\/19468"}],"wp:attachment":[{"href":"https:\/\/www.arte.unicen.edu.ar\/cdab\/wp-json\/wp\/v2\/media?parent=21708"}],"wp:term":[{"taxonomy":"category","embeddable":true,"href":"https:\/\/www.arte.unicen.edu.ar\/cdab\/wp-json\/wp\/v2\/categories?post=21708"},{"taxonomy":"post_tag","embeddable":true,"href":"https:\/\/www.arte.unicen.edu.ar\/cdab\/wp-json\/wp\/v2\/tags?post=21708"}],"curies":[{"name":"wp","href":"https:\/\/api.w.org\/{rel}","templated":true}]}}