{"id":21704,"date":"2021-12-06T09:31:14","date_gmt":"2021-12-06T12:31:14","guid":{"rendered":"http:\/\/www.arte.unicen.edu.ar\/cdab\/?p=21704"},"modified":"2021-12-09T10:29:14","modified_gmt":"2021-12-09T13:29:14","slug":"diciembre-disfrutamos-teatro-raspando-la-cruz-cdabem","status":"publish","type":"post","link":"https:\/\/www.arte.unicen.edu.ar\/cdab\/diciembre-disfrutamos-teatro-raspando-la-cruz-cdabem\/","title":{"rendered":"En diciembre disfrutamos del teatro con &#8220;Raspando la cruz&#8221; en &#8220;CDAB en movimiento&#8221;"},"content":{"rendered":"\n<p><strong>CDAB en movimiento 2021<\/strong> va llegando a su fin y presenta las <strong>\u00faltimas propuestas del a\u00f1o<\/strong>. Hasta el momento han participado docentes-investigadorxs del <a rel=\"noreferrer noopener\" href=\"http:\/\/www.arte.unicen.edu.ar\/secretarias\/investigacion-posgrado\/nucleos\/cid\" target=\"_blank\">Centro de Investigaciones Dram\u00e1ticas (CID)<\/a>, el <a rel=\"noreferrer noopener\" href=\"http:\/\/www.arte.unicen.edu.ar\/tecc\" target=\"_blank\">Centro de Estudios de Teatro, Educaci\u00f3n y Consumos Culturales (TECC)<\/a>, el <a rel=\"noreferrer noopener\" aria-label=\"Grupo de Investigaci\u00f3n a trav\u00b4\u00e9s de la Pr\u00e1ctica Art\u00edstica (GIAPA) (abre en una nueva pesta\u00f1a)\" href=\"https:\/\/www.arte.unicen.edu.ar\/secretarias\/investigacion-posgrado\/nucleos\/normativas-tecc\" target=\"_blank\">Grupo de Investigaci\u00f3n a trav\u00e9s de la Pr\u00e1ctica Art\u00edstica (GIAPA)<\/a>, el <a rel=\"noreferrer noopener\" href=\"http:\/\/www.arte.unicen.edu.ar\/institucional\/departamentos\/historia-y-teoria-del-arte\" target=\"_blank\">Departamento de Historia y Teor\u00eda del Arte<\/a>, el <a rel=\"noreferrer noopener\" href=\"https:\/\/www.arte.unicen.edu.ar\/institucional\/departamentos\/artes-audiovisuales\" target=\"_blank\">Departamento de Artes Audiovisuales<\/a> y el <a href=\"https:\/\/www.arte.unicen.edu.ar\/institucional\/departamentos\/educacion-artistica\" target=\"_blank\" rel=\"noreferrer noopener\" aria-label=\"Departamento de Educaci\u00f3n Art\u00edstica (abre en una nueva pesta\u00f1a)\">Departamento de Educaci\u00f3n Art\u00edstica<\/a>.<\/p>\n\n\n\n<p>El pr\u00f3ximo <strong>jueves 9 de diciembre<\/strong> a las <strong>17 hs.<\/strong>, el <a rel=\"noopener noreferrer\" href=\"https:\/\/www.arte.unicen.edu.ar\/institucional\/departamentos\/educacion-artistica\" target=\"_blank\">Departamento de Teatro<\/a> de la <a rel=\"noopener noreferrer\" href=\"https:\/\/www.arte.unicen.edu.ar\" target=\"_blank\">Facultad de Arte<\/a> presentar\u00e1 la obra teatral <strong><em>Raspando la cruz<\/em><\/strong> y, posteriormente, un <strong>intercambio en vivo<\/strong> con el equipo de c\u00e1tedra y algunxs integrantes del elenco de la pieza teatral.<\/p>\n\n\n\n<p><strong><em>Raspando la cruz<\/em><\/strong> fue la producci\u00f3n 2017 de la c\u00e1tedra <strong>Pr\u00e1ctica Integrada II<\/strong> de la carrera de <a rel=\"noreferrer noopener\" aria-label=\"Profesorado (abre en una nueva pesta\u00f1a)\" href=\"https:\/\/www.arte.unicen.edu.ar\/carreras\/grado\/profesorado-de-teatro\/perfil-del-egresado_\" target=\"_blank\">Profesorado<\/a> y <a rel=\"noreferrer noopener\" aria-label=\"Licenciado en Teatro (abre en una nueva pesta\u00f1a)\" href=\"https:\/\/www.arte.unicen.edu.ar\/carreras\/grado\/licenciado-en-teatro\/perfil-del-egresado_\" target=\"_blank\">Licenciado en Teatro<\/a>, a partir del texto hom\u00f3nimo de <strong>Rafael Spregelburd<\/strong>. La obra se estren\u00f3 en el mes de noviembre en la sala La F\u00e1brica con las actuaciones de <strong>Emiliano Alderete<\/strong>, <strong>Juan Wagner<\/strong>, <strong>Santiago Almada<\/strong>, <strong>Guadalupe Bolognino<\/strong>, <strong>Emilia Musi<\/strong>, <strong>Agustina Fidalgo<\/strong>, <strong>Magdalena Cataldo<\/strong>, <strong>Delfina Ricardo<\/strong>, <strong>Ver\u00f3nica Rodr\u00edguez<\/strong>, <strong>Ignacio Aguirre<\/strong> y <strong>Florencia Zaffora<\/strong>. El equipo de direcci\u00f3n de <strong>Pr\u00e1ctica Integrada II<\/strong> est\u00e1 conformado por <strong>Daniela Ferrari<\/strong>, <strong>Sebasti\u00e1n Huber<\/strong> e <strong>Ignacio D\u00edaz Delfino<\/strong>. La musicalizaci\u00f3n estuvo a cargo de <strong>Delfina Ricardo<\/strong>, con iluminaci\u00f3n y operaci\u00f3n de <strong>Alejandro &#8220;Indio&#8221; Ram\u00edrez Llorens<\/strong>, el t\u00e9cnico de sala fue <strong>Mat\u00edas de Luca<\/strong> y el dise\u00f1o gr\u00e1fico lo realiz\u00f3 <strong>Franco Pomponio<\/strong>. <\/p>\n\n\n\n<p><em>En una Praga nuestra, \u00bfes una frivolidad que tengamos nuestro propio Holocausto? \u00bfSi se entiende&#8230;? Hay un gran placer en ignorar, porque la imaginaci\u00f3n trabaja. Ser\u00e1 necesario leer entre l\u00edneas, ampliar los m\u00e1rgenes, experimentar la curiosidad de ir a examinar. Encontrarse con la perplejidad. Es imposible no darse cuenta de que hay una segunda obra que se desarrolla en paralelo, y que su acci\u00f3n se precipita cuando se desencadena la guerra: nada m\u00e1s natural, ya que toda beligerancia desordena las cartas y los territorios, mezcla los viajes y los destinos. Pueden producirse entonces rupturas de espacio y tiempo, con saltos: los personajes descubren, con estupor y resignaci\u00f3n, su estado de personajes, as\u00ed como la existencia probable de otra vida, en el cielo o bajo sus talones. \u00bfSe entiende? La noci\u00f3n de Pr\u00e1ctica Integrada II, \u00bfse entiende?<\/em><\/p>\n\n\n\n<p>La propuesta podr\u00e1 seguirse <strong>EN VIVO<\/strong> a trav\u00e9s del <a rel=\"noreferrer noopener\" href=\"https:\/\/www.youtube.com\/channel\/UCOBrOTwPT5GiKHYXACcgyLQ\" target=\"_blank\">canal de YouTube<\/a> de la <a rel=\"noreferrer noopener\" href=\"http:\/\/www.arte.unicen.edu.ar\" target=\"_blank\">Facultad de Arte<\/a> y el <a rel=\"noreferrer noopener\" href=\"http:\/\/www.arte.unicen.edu.ar\/cdab\/enmovimiento\" target=\"_blank\">micrositio de CDAB en movimiento<\/a>: <a rel=\"noreferrer noopener\" href=\"http:\/\/www.arte.unicen.edu.ar\/cdab\/enmovimiento\" target=\"_blank\">www.arte.unicen.edu.ar\/cdab\/enmovimiento<\/a><\/p>\n\n\n\n<p><div style=\"margin: 25px auto;\"><a href=\"http:\/\/www.arte.unicen.edu.ar\/cdab\/wp-content\/uploads\/2021\/12\/cdabem-diciembre1-2021.jpg\" data-fancybox=\"gallery\" data-caption=\"En diciembre disfrutamos del teatro con &#8220;Raspando la cruz&#8221; en &#8220;CDAB en movimiento&#8221;\"><img decoding=\"async\" class=\"aligncenter size-medium wp-image-2866\" src=\"https:\/\/www.arte.unicen.edu.ar\/cdab\/wp-content\/uploads\/2021\/12\/cdabem-diciembre1-2021-768x598.jpg\" alt=\"CDAB en movimiento 2021\" title=\"CDAB en movimiento 2021\"\/><\/a><\/div><\/p>\n","protected":false},"excerpt":{"rendered":"<p>CDAB en movimiento 2021 va llegando a su fin y presenta las \u00faltimas propuestas del a\u00f1o. Hasta el momento han participado docentes-investigadorxs del Centro de Investigaciones Dram\u00e1ticas (CID), el Centro de Estudios de Teatro, Educaci\u00f3n y Consumos Culturales (TECC), el Grupo de Investigaci\u00f3n a trav\u00e9s de la Pr\u00e1ctica Art\u00edstica (GIAPA), el Departamento de Historia y Teor\u00eda del Arte, el Departamento [&hellip;]<\/p>\n","protected":false},"author":1,"featured_media":19468,"comment_status":"open","ping_status":"open","sticky":false,"template":"","format":"standard","meta":{"_acf_changed":false,"footnotes":""},"categories":[1],"tags":[2578,214,1867,2757,215,288,294],"class_list":["post-21704","post","type-post","status-publish","format-standard","has-post-thumbnail","hentry","category-novedades","tag-10-anios-cdab","tag-cdab","tag-cdab-en-movimiento","tag-departamento-de-teatro","tag-facultad-de-arte","tag-secretaria-de-investigacion-y-posgrado","tag-unicen"],"acf":[],"_links":{"self":[{"href":"https:\/\/www.arte.unicen.edu.ar\/cdab\/wp-json\/wp\/v2\/posts\/21704","targetHints":{"allow":["GET"]}}],"collection":[{"href":"https:\/\/www.arte.unicen.edu.ar\/cdab\/wp-json\/wp\/v2\/posts"}],"about":[{"href":"https:\/\/www.arte.unicen.edu.ar\/cdab\/wp-json\/wp\/v2\/types\/post"}],"author":[{"embeddable":true,"href":"https:\/\/www.arte.unicen.edu.ar\/cdab\/wp-json\/wp\/v2\/users\/1"}],"replies":[{"embeddable":true,"href":"https:\/\/www.arte.unicen.edu.ar\/cdab\/wp-json\/wp\/v2\/comments?post=21704"}],"version-history":[{"count":2,"href":"https:\/\/www.arte.unicen.edu.ar\/cdab\/wp-json\/wp\/v2\/posts\/21704\/revisions"}],"predecessor-version":[{"id":21775,"href":"https:\/\/www.arte.unicen.edu.ar\/cdab\/wp-json\/wp\/v2\/posts\/21704\/revisions\/21775"}],"wp:featuredmedia":[{"embeddable":true,"href":"https:\/\/www.arte.unicen.edu.ar\/cdab\/wp-json\/wp\/v2\/media\/19468"}],"wp:attachment":[{"href":"https:\/\/www.arte.unicen.edu.ar\/cdab\/wp-json\/wp\/v2\/media?parent=21704"}],"wp:term":[{"taxonomy":"category","embeddable":true,"href":"https:\/\/www.arte.unicen.edu.ar\/cdab\/wp-json\/wp\/v2\/categories?post=21704"},{"taxonomy":"post_tag","embeddable":true,"href":"https:\/\/www.arte.unicen.edu.ar\/cdab\/wp-json\/wp\/v2\/tags?post=21704"}],"curies":[{"name":"wp","href":"https:\/\/api.w.org\/{rel}","templated":true}]}}