{"id":2095,"date":"2017-09-15T10:56:02","date_gmt":"2017-09-15T13:56:02","guid":{"rendered":"http:\/\/www.arte.unicen.edu.ar\/cdab\/?p=2095"},"modified":"2018-09-20T14:47:45","modified_gmt":"2018-09-20T17:47:45","slug":"publicacion-del-libro-ni-yanquis-ni-marxistas-nacionalistas","status":"publish","type":"post","link":"https:\/\/www.arte.unicen.edu.ar\/cdab\/publicacion-del-libro-ni-yanquis-ni-marxistas-nacionalistas\/","title":{"rendered":"Publicaci\u00f3n del libro &#8220;\u00a1Ni yanquis, ni marxistas! Nacionalistas&#8221;"},"content":{"rendered":"<p>En el marco de la colecci\u00f3n de e-books <em>Entre los libros de la buena memoria<\/em>, que difunde trabajos de investigaci\u00f3n centrados en temas de historia y memoria del pasado reciente producidos en el seno de Universidades nacionales y otros \u00e1mbitos acad\u00e9micos, fue publicado el libro <em><strong>\u00a1Ni yanquis, ni marxistas! Nacionalistas. Nacionalismo, militancia y violencia pol\u00edtica: el caso del Movimiento Nacionalista Tacuara en la Argentina (1955-1966)<\/strong><\/em>\u00a0del Profesor, Doctor en Historia e investigador de CONICET por el Centro Interdisciplinario de Estudios Pol\u00edticos, Sociales y Jur\u00eddicos (CIEP) <strong>Juan Manuel Padr\u00f3n<\/strong>. Dicha colecci\u00f3n, promovida por la Facultad de Humanidades y Ciencias de la Educaci\u00f3n de la Universidad Nacional de La Plata, la Universidad Nacional de Misiones y la Universidad Nacional de General Sarmiento, se propone dar a conocer los valiosos avances historiogr\u00e1ficos registrados en dos de los campos de estudio con mayor desarrollo en los \u00faltimos a\u00f1os en nuestro pa\u00eds: la historia reciente y los estudios sobre memoria.<\/p>\n<p>El libro aborda uno de los per\u00edodos m\u00e1s conflictivos de la historia argentina, los a\u00f1os comprendidos entre los golpes de Estado de 1955, que termin\u00f3 con el gobierno peronista, y el de 1966, que cort\u00f3 la breve presidencia de Illia. Lo hace atendiendo a los actores pol\u00edticos que protagonizaron esa \u00e9poca pero que, por olvido, deliberada omisi\u00f3n o simple desinter\u00e9s, han quedado marginados de la historiograf\u00eda argentina: los militantes del Movimiento Nacionalista Tacuara. El tema central es la conformaci\u00f3n de las identidades pol\u00edticas de los part\u00edcipes de esa experiencia.<\/p>\n<p><a href=\"http:\/\/www.arte.unicen.edu.ar\/cdab\/wp-content\/uploads\/2017\/09\/ni-yanquis-ni-marxistas.png\" data-fancybox=\"gallery\" data-caption=\"Publicaci\u00f3n del libro &#8220;\u00a1Ni yanquis, ni marxistas! Nacionalistas&#8221;\"><img loading=\"lazy\" decoding=\"async\" class=\"size-medium wp-image-2096 alignright\" src=\"http:\/\/www.arte.unicen.edu.ar\/cdab\/wp-content\/uploads\/2017\/09\/ni-yanquis-ni-marxistas-419x600.png\" alt=\"\" width=\"300\" height=\"429\" srcset=\"https:\/\/www.arte.unicen.edu.ar\/cdab\/wp-content\/uploads\/2017\/09\/ni-yanquis-ni-marxistas-419x600.png 419w, https:\/\/www.arte.unicen.edu.ar\/cdab\/wp-content\/uploads\/2017\/09\/ni-yanquis-ni-marxistas-210x300.png 210w, https:\/\/www.arte.unicen.edu.ar\/cdab\/wp-content\/uploads\/2017\/09\/ni-yanquis-ni-marxistas.png 660w\" sizes=\"auto, (max-width: 300px) 100vw, 300px\" \/><\/a>La hip\u00f3tesis de trabajo plantea que, desde la ca\u00edda del peronismo hasta mediados de la d\u00e9cada del sesenta, en ciertos sectores del nacionalismo de derecha se articula, define y redefine una identidad pol\u00edtica original, construida sobre dos elementos centrales de la cultura pol\u00edtica del per\u00edodo. Por un lado, la militancia, entendida como espacio de expresi\u00f3n de un conjunto heterog\u00e9neo de ideas, pr\u00e1cticas y proyectos con un horizonte de cambio pol\u00edtico y social m\u00e1s o menos definido, no necesariamente revolucionario si se toma como referencia el pensamiento de la izquierda contempor\u00e1nea. Por otro, la violencia como v\u00eda de resoluci\u00f3n de los conflictos pol\u00edticos, y como \u00fanica forma de apelaci\u00f3n para producir el cambio antes referido.<\/p>\n<p>Para adquirir el libro o recibir m\u00e1s informaci\u00f3n acerca del mismo referirse a la <a href=\"http:\/\/www.arte.unicen.edu.ar\/secretarias\/investigacion-posgrado\/\" target=\"_blank\" rel=\"noopener noreferrer\">Secretar\u00eda de Investigaci\u00f3n y Posgrado<\/a> de la <a href=\"http:\/\/www.arte.unicen.edu.ar\" target=\"_blank\" rel=\"noopener noreferrer\">Facultad de Arte<\/a> (<a href=\"http:\/\/www.unicen.edu.ar\" target=\"_blank\" rel=\"noopener noreferrer\">Universidad Nacional del Centro de la Provincia de Buenos Aires<\/a>), ubicada en <strong>9 de Julio 430, 1\u00ba piso<\/strong> (Tandil) o telef\u00f3nicamente al <strong>(0249) 444 0631 &#8211; Int. 210<\/strong>. Asimismo, recordamos a la comunidad que en el hall de entrada de nuestra Unidad acad\u00e9mica se encuentran en exhibici\u00f3n publicaciones propias como el Anuario <em>La Escalera<\/em> y la revista <em>El Pelda\u00f1o<\/em>, y otros libros que cuentan con la autor\u00eda de docentes e investigadores, tales como: <em>Revoluci\u00f3n y Democracia. El cine documental argentino del exilio (1976-1984)<\/em> y <em>Cine documental argentino. Entre el arte, la cultura y la pol\u00edtica<\/em>\u00a0de Javier Campo; <em>Tangos pol\u00edticos. El libro de quejas del arrabal<\/em> de Javier Campo y Ofelia Flores; <em>Los caminos de la imagen. Aproximaciones a la ontolog\u00eda del cine<\/em> de Edgardo Guti\u00e9rrez (comp.); <em>Fotograf\u00eda y Sociedad<\/em>, <em>Fotograf\u00eda y Est\u00e9tica<\/em> y <em>Fotograf\u00eda y Percepci\u00f3n<\/em> de Guido Indij y Ana Silva; <em>Inocencia y culpabilidad. Leyendas medi\u00e1ticas de la sociedad insegura<\/em> de Miguel \u00c1ngel Santagada; <em>Todo lo que nos dijimos\/dijeron alg\u00fan d\u00eda<\/em> de Sebasti\u00e1n Huber; y <em>Ensayos sobre vanguardias, censuras y representaciones art\u00edsticas en la Argentina reciente<\/em>\u00a0de Luciano Barandiar\u00e1n, Teresita Mar\u00eda Victoria Fuentes, Liliana Iriondo y Juan Manuel Padr\u00f3n, entre otros.<\/p>\n","protected":false},"excerpt":{"rendered":"<p>En el marco de la colecci\u00f3n de e-books Entre los libros de la buena memoria, que difunde trabajos de investigaci\u00f3n centrados en temas de historia y memoria del pasado reciente producidos en el seno de Universidades nacionales y otros \u00e1mbitos acad\u00e9micos, fue publicado el libro \u00a1Ni yanquis, ni marxistas! Nacionalistas. Nacionalismo, militancia y violencia pol\u00edtica: el caso del Movimiento Nacionalista [&hellip;]<\/p>\n","protected":false},"author":1,"featured_media":2092,"comment_status":"open","ping_status":"open","sticky":false,"template":"","format":"standard","meta":{"_acf_changed":false,"footnotes":""},"categories":[1],"tags":[286],"class_list":["post-2095","post","type-post","status-publish","format-standard","has-post-thumbnail","hentry","category-novedades","tag-publicaciones"],"acf":[],"_links":{"self":[{"href":"https:\/\/www.arte.unicen.edu.ar\/cdab\/wp-json\/wp\/v2\/posts\/2095","targetHints":{"allow":["GET"]}}],"collection":[{"href":"https:\/\/www.arte.unicen.edu.ar\/cdab\/wp-json\/wp\/v2\/posts"}],"about":[{"href":"https:\/\/www.arte.unicen.edu.ar\/cdab\/wp-json\/wp\/v2\/types\/post"}],"author":[{"embeddable":true,"href":"https:\/\/www.arte.unicen.edu.ar\/cdab\/wp-json\/wp\/v2\/users\/1"}],"replies":[{"embeddable":true,"href":"https:\/\/www.arte.unicen.edu.ar\/cdab\/wp-json\/wp\/v2\/comments?post=2095"}],"version-history":[{"count":10,"href":"https:\/\/www.arte.unicen.edu.ar\/cdab\/wp-json\/wp\/v2\/posts\/2095\/revisions"}],"predecessor-version":[{"id":2107,"href":"https:\/\/www.arte.unicen.edu.ar\/cdab\/wp-json\/wp\/v2\/posts\/2095\/revisions\/2107"}],"wp:featuredmedia":[{"embeddable":true,"href":"https:\/\/www.arte.unicen.edu.ar\/cdab\/wp-json\/wp\/v2\/media\/2092"}],"wp:attachment":[{"href":"https:\/\/www.arte.unicen.edu.ar\/cdab\/wp-json\/wp\/v2\/media?parent=2095"}],"wp:term":[{"taxonomy":"category","embeddable":true,"href":"https:\/\/www.arte.unicen.edu.ar\/cdab\/wp-json\/wp\/v2\/categories?post=2095"},{"taxonomy":"post_tag","embeddable":true,"href":"https:\/\/www.arte.unicen.edu.ar\/cdab\/wp-json\/wp\/v2\/tags?post=2095"}],"curies":[{"name":"wp","href":"https:\/\/api.w.org\/{rel}","templated":true}]}}