{"id":20768,"date":"2021-09-17T15:03:50","date_gmt":"2021-09-17T18:03:50","guid":{"rendered":"http:\/\/www.arte.unicen.edu.ar\/cdab\/?p=20768"},"modified":"2021-11-15T12:59:02","modified_gmt":"2021-11-15T15:59:02","slug":"departamento-artes-audiovisuales-cdab-en-movimiento-2021","status":"publish","type":"post","link":"https:\/\/www.arte.unicen.edu.ar\/cdab\/departamento-artes-audiovisuales-cdab-en-movimiento-2021\/","title":{"rendered":"El Departamento de Artes Audiovisuales presenta &#8220;el deleite de escarbar&#8221;. Una retrospectiva por los primeros 10 a\u00f1os de RIAA en &#8220;CDAB en movimiento&#8221;"},"content":{"rendered":"\n<p><strong>CDAB en movimiento<\/strong> contin\u00faa proponiendo actividades junto a los <strong>Departamentos<\/strong> que conforman las carreras de grado de la <a rel=\"noreferrer noopener\" aria-label=\"Facultad de Arte (abre en una nueva pesta\u00f1a)\" href=\"https:\/\/www.arte.unicen.edu.ar\" target=\"_blank\">Facultad de Arte<\/a> y los <strong>N\u00facleos de investigaci\u00f3n<\/strong>. De este modo, seguimos celebrando los <a rel=\"noreferrer noopener\" href=\"http:\/\/www.arte.unicen.edu.ar\/cdab\/10-anios-creacion-cdab\" target=\"_blank\">10 a\u00f1os<\/a> del <strong>Centro de Documentaci\u00f3n Audiovisual y Biblioteca <\/strong>mientras conmemoramos la construcci\u00f3n colectiva de nuestra Unidad Acad\u00e9mica mediante los aportes de sus diversos actores.<\/p>\n\n\n\n<p>Este <strong>jueves 23 de septiembre<\/strong> a las <strong>19 hs.<\/strong> el <a rel=\"noreferrer noopener\" href=\"http:\/\/www.arte.unicen.edu.ar\/institucional\/departamentos\/artes-audiovisuales\" target=\"_blank\">Departamento de Artes Audiovisuales<\/a> presenta <em>&#8220;el deleite de escarbar&#8221;<\/em>, una retrospectiva por los primeros <strong>10 a\u00f1os de RIAA (2004 &#8211; 2014)<\/strong> mediante producciones audiovisuales realizadas por estudiantes y graduadxs de la Facultad. Estos contenidos, adem\u00e1s, forman parte de la <strong>memoria institucional del CDAB<\/strong>.<\/p>\n\n\n\n<p>La proyecci\u00f3n podr\u00e1 seguirse <strong style=\"color: #855691;\">EN VIVO y por \u00daNICA VEZ<\/strong> mediante el <a rel=\"noreferrer noopener\" aria-label=\"canal de YouTube (abre en una nueva pesta\u00f1a)\" href=\"https:\/\/www.youtube.com\/channel\/UCOBrOTwPT5GiKHYXACcgyLQ\" target=\"_blank\">canal de YouTube<\/a> de la <a rel=\"noreferrer noopener\" aria-label=\"Facultad de Arte (abre en una nueva pesta\u00f1a)\" href=\"https:\/\/www.arte.unicen.edu.ar\" target=\"_blank\">Facultad de Arte<\/a> y el micrositio de <strong>CDAB en movimiento<\/strong>: <a rel=\"noreferrer noopener\" aria-label=\"www.arte.unicen.edu.ar\/cdab\/enmovimiento (abre en una nueva pesta\u00f1a)\" href=\"https:\/\/www.arte.unicen.edu.ar\/cdab\/enmovimiento\" target=\"_blank\">www.arte.unicen.edu.ar\/cdab\/enmovimiento<\/a>. El encuentro contar\u00e1 con una presentaci\u00f3n a cargo del <strong>DIyS. Alexis Trigo<\/strong> (Director del Departamento) y la <strong>DIyS. Mar\u00eda Cecilia Christensen<\/strong> (co-directora del Departamento).<\/p>\n\n\n\n<p>El <a rel=\"noreferrer noopener\" aria-label=\"Departamento de Artes Audiovisuales (abre en una nueva pesta\u00f1a)\" href=\"http:\/\/www.arte.unicen.edu.ar\/institucional\/departamentos\/artes-audiovisuales\" target=\"_blank\">Departamento de Artes Audiovisuales<\/a> es uno de los departamentos que conforman la carrera de <a rel=\"noreferrer noopener\" aria-label=\"Realizaci\u00f3n Integral en Artes Audiovisuales (abre en una nueva pesta\u00f1a)\" href=\"http:\/\/www.arte.unicen.edu.ar\/carreras\/grado\/riaa\/perfil-del-egresado_\" target=\"_blank\">Realizaci\u00f3n Integral en Artes Audiovisuales<\/a> y las 22 asignaturas que lo conforman abordan la formaci\u00f3n human\u00edstica, cultural, t\u00e9cnica y art\u00edstica que definen el quehacer audiovisual. La comprensi\u00f3n cr\u00edtica del contexto, la gesti\u00f3n de proyectos, el conocimiento y aplicaci\u00f3n de tecnolog\u00edas del campo audiovisual proponen la b\u00fasqueda de un estilo propio que permita fortalecer y liberar el potencial creativo en di\u00e1logo con su comunidad.<\/p>\n\n\n\n<p>Durante la propuesta asistiremos al visionado de: <em>Willy, un sentimiento<\/em> (2005, Agustina Vieira), <em>S.T.<\/em> (2011), <em>Ser Estar<\/em> (2014, Sol Armani), <em>Violencia<\/em> (2011, Mar\u00eda Emilia Zarini Libarona, Jos\u00e9 Delgado, Miriam Crocci, Roc\u00edo Llorens), <em>Amor Frutal<\/em> (2013, Angie D\u00edaz Jacquot), <em>Bot\u00f3n rojo<\/em> (2011, Juan Polito), <em>Cabeza de radio<\/em> (2009, Diego Petersen), <em>El inicio<\/em> (2013, Florencia Pugliese Mic\u00f3poles), <em>46 + 2<\/em> (2014, Gonzalo Beain Fern\u00e1ndez, Melina Berterreche, Rodrigo Rojo), <em>Tedy<\/em> (2008, Jonatan Schiuma), <em>ZP<\/em> (2006, Franco Veloz) y el <strong>estreno exclusivo<\/strong> de <em>La luz de las estrellas<\/em> (2021, Federico Clemente, Francisco Sprovieri) como <strong>antesala a La noche m\u00e1s corta 2020\/21<\/strong>.<\/p>\n\n\n\n<div style=\"margin: 25px auto;\"><a href=\"http:\/\/www.arte.unicen.edu.ar\/cdab\/wp-content\/uploads\/2021\/09\/cdabem-septiembre-2021.jpg\" data-fancybox=\"gallery\" data-caption=\"El Departamento de Artes Audiovisuales presenta &#8220;el deleite de escarbar&#8221;. Una retrospectiva por los primeros 10 a\u00f1os de RIAA en &#8220;CDAB en movimiento&#8221;\"><img decoding=\"async\" class=\"aligncenter size-medium wp-image-2866\" src=\"http:\/\/www.arte.unicen.edu.ar\/cdab\/wp-content\/uploads\/2021\/09\/cdabem-septiembre-2021-768x580.jpg\" alt=\"CDAB en movimiento 2021\" title=\"CDAB en movimiento 2021\"\/><\/a><\/div>\n","protected":false},"excerpt":{"rendered":"<p>CDAB en movimiento contin\u00faa proponiendo actividades junto a los Departamentos que conforman las carreras de grado de la Facultad de Arte y los N\u00facleos de investigaci\u00f3n. De este modo, seguimos celebrando los 10 a\u00f1os del Centro de Documentaci\u00f3n Audiovisual y Biblioteca mientras conmemoramos la construcci\u00f3n colectiva de nuestra Unidad Acad\u00e9mica mediante los aportes de sus diversos actores. Este jueves 23 [&hellip;]<\/p>\n","protected":false},"author":1,"featured_media":19468,"comment_status":"open","ping_status":"open","sticky":false,"template":"","format":"standard","meta":{"_acf_changed":false,"footnotes":""},"categories":[1],"tags":[2578,214,1867,1039,215,288,294],"class_list":["post-20768","post","type-post","status-publish","format-standard","has-post-thumbnail","hentry","category-novedades","tag-10-anios-cdab","tag-cdab","tag-cdab-en-movimiento","tag-departamento-de-artes-audiovisuales","tag-facultad-de-arte","tag-secretaria-de-investigacion-y-posgrado","tag-unicen"],"acf":[],"_links":{"self":[{"href":"https:\/\/www.arte.unicen.edu.ar\/cdab\/wp-json\/wp\/v2\/posts\/20768","targetHints":{"allow":["GET"]}}],"collection":[{"href":"https:\/\/www.arte.unicen.edu.ar\/cdab\/wp-json\/wp\/v2\/posts"}],"about":[{"href":"https:\/\/www.arte.unicen.edu.ar\/cdab\/wp-json\/wp\/v2\/types\/post"}],"author":[{"embeddable":true,"href":"https:\/\/www.arte.unicen.edu.ar\/cdab\/wp-json\/wp\/v2\/users\/1"}],"replies":[{"embeddable":true,"href":"https:\/\/www.arte.unicen.edu.ar\/cdab\/wp-json\/wp\/v2\/comments?post=20768"}],"version-history":[{"count":2,"href":"https:\/\/www.arte.unicen.edu.ar\/cdab\/wp-json\/wp\/v2\/posts\/20768\/revisions"}],"predecessor-version":[{"id":21476,"href":"https:\/\/www.arte.unicen.edu.ar\/cdab\/wp-json\/wp\/v2\/posts\/20768\/revisions\/21476"}],"wp:featuredmedia":[{"embeddable":true,"href":"https:\/\/www.arte.unicen.edu.ar\/cdab\/wp-json\/wp\/v2\/media\/19468"}],"wp:attachment":[{"href":"https:\/\/www.arte.unicen.edu.ar\/cdab\/wp-json\/wp\/v2\/media?parent=20768"}],"wp:term":[{"taxonomy":"category","embeddable":true,"href":"https:\/\/www.arte.unicen.edu.ar\/cdab\/wp-json\/wp\/v2\/categories?post=20768"},{"taxonomy":"post_tag","embeddable":true,"href":"https:\/\/www.arte.unicen.edu.ar\/cdab\/wp-json\/wp\/v2\/tags?post=20768"}],"curies":[{"name":"wp","href":"https:\/\/api.w.org\/{rel}","templated":true}]}}