{"id":20006,"date":"2021-08-03T10:20:05","date_gmt":"2021-08-03T13:20:05","guid":{"rendered":"http:\/\/www.arte.unicen.edu.ar\/cdab\/?p=20006"},"modified":"2021-08-05T13:03:58","modified_gmt":"2021-08-05T16:03:58","slug":"cuidado-social-vinculo-virtual-24","status":"publish","type":"post","link":"https:\/\/www.arte.unicen.edu.ar\/cdab\/cuidado-social-vinculo-virtual-24\/","title":{"rendered":"Cuidado social. V\u00ednculo virtual #24"},"content":{"rendered":"\n<div class=\"csvv2021-container\"><div class=\"csvv-left2021\"><video autoplay muted loop style=\"width: 180px; text-align: center; margin: -10px auto 0px; display: block;\" poster=\"http:\/\/www.arte.unicen.edu.ar\/cdab\/wp-content\/uploads\/2021\/02\/csvv-edicion2021-logo.png\"><source src=\"http:\/\/www.arte.unicen.edu.ar\/cdab\/wp-content\/uploads\/2021\/02\/logo-csvv-2021.mp4\" type=\"video\/mp4\"\/>Su navegador no soporta video en HTML5.<\/video>\n<div style=\"font-size: 18px; font-family: 'Roboto Slab', 'Libre Franklin', arial, helvetica, sans-serif; color: #732763; margin-bottom: 10px; padding: 0px 20px; text-align: center;\">edici\u00f3n 2021 | #24<\/div>\n<p>Haga click para ver el contenido&#8230;<\/p>\n  <button class=\"tablinks novedades\" onclick=\"openCsvv(event, 'novedades')\" id=\"defaultOpen\"><i class=\"fa fa-newspaper-o\" aria-hidden=\"true\" style=\"margin-right: 12px;\"><\/i>Novedades<\/button>\n  <button class=\"tablinks libros\" onclick=\"openCsvv(event, 'libros')\"><i class=\"fa fa-book\" aria-hidden=\"true\" style=\"margin-right: 12px;\"><\/i>Libros<\/button>\n  <button class=\"tablinks revistasacad\" onclick=\"openCsvv(event, 'revistasacad')\"><i class=\"fa fa-file-text-o\" aria-hidden=\"true\" style=\"margin-right: 14px;\"><\/i>Revistas acad\u00e9micas<\/button>\n  <button class=\"tablinks teatro\" onclick=\"openCsvv(event, 'teatro')\"><i class=\"fa fa-comments-o\" aria-hidden=\"true\" style=\"margin-right: 12px;\"><\/i>Teatro<\/button>\n  <button class=\"tablinks audiovisual\" onclick=\"openCsvv(event, 'audiovisual')\"><i class=\"fa fa-film\" aria-hidden=\"true\" style=\"margin-right: 12px;\"><\/i>Audiovisual<\/button>\n  <button class=\"tablinks formacion\" onclick=\"openCsvv(event, 'formacion')\"><i class=\"fa fa-university\" aria-hidden=\"true\" style=\"margin-right: 10px;\"><\/i>Formaci\u00f3n<\/button>\n  <button class=\"tablinks investigacion\" onclick=\"openCsvv(event, 'investigacion')\"><i class=\"fa fa-graduation-cap\" aria-hidden=\"true\" style=\"margin-right: 10px;\"><\/i>Investigaci\u00f3n y posgrado<\/button>\n  <button class=\"tablinks investigacion\" onclick=\"openCsvv(event, 'graduadxs')\"><i class=\"fa fa-graduation-cap\" aria-hidden=\"true\" style=\"margin-right: 10px;\"><\/i>De nuestrxs graduadxs<\/button>\n  <button class=\"tablinks links\" onclick=\"openCsvv(event, 'links')\"><i class=\"fa fa-hand-pointer-o\" aria-hidden=\"true\" style=\"margin-right: 12px;\"><\/i>Links &#038; convocatorias<\/button>\n  <button class=\"tablinks podcast\" onclick=\"openCsvv(event, 'podcast')\"><i class=\"fa fa-headphones\" aria-hidden=\"true\" style=\"margin-right: 12px;\"><\/i>Podcast<\/button>\n  <button class=\"tablinks ninios\" onclick=\"openCsvv(event, 'ninios')\"><i class=\"fa fa-child\" aria-hidden=\"true\" style=\"margin-right: 12px;\"><\/i>Para nuestrxs ni\u00f1xs<\/button>\n<p>Una iniciativa de la <a href=\"http:\/\/www.arte.unicen.edu.ar\/secretarias\/investigacion-posgrado\" target=\"_blank\" rel=\"noopener noreferrer\">Secretar\u00eda de Investigaci\u00f3n y Posgrado<\/a> para seguir form\u00e1ndonos y reflexionando sobre el arte sin dejar de cuidarnos ante la pandemia COVID-19.<\/p>\n<div id=\"cdab-content-news-pagination-index\">\n<div style=\"margin: 0 auto;\"><ul><li><a href=\"\/cdab\/category\/newsletter\/\" target=\"_blank\" rel=\"noopener noreferrer\">VER N\u00daMEROS ANTERIORES<\/a><\/li><\/ul><\/div>\n<\/div>\n<p>\u00bfQuer\u00e9s recomendarnos alg\u00fan contenido para futuras ediciones de <strong>Cuidado social. V\u00ednculo virtual<\/strong>?<br \/>Contactanos a: <a href=\"mailto:cdab @ arte.unicen.edu.ar\">cdab@arte.unicen.edu.ar<\/a><\/p>\n<\/div>\n\n<div id=\"novedades\" class=\"csvv-right2021\">\n<div class=\"csvv-card2021\"><div class=\"cdab-especial-covid19-card-icon novedades\"><i class=\"fa fa-newspaper-o\" aria-hidden=\"true\" style=\"margin-left: 3px;\"><\/i><\/div><div class=\"cdab-especial-covid19-card-title novedades\">NOVEDADES<\/div>\n<p><a href=\"https:\/\/www.arte.unicen.edu.ar\/cdab\/cdab-declaracion-biblioci-incendio-cinemateca-brasileira\" target=\"_blank\" rel=\"noopener noreferrer\"><img decoding=\"async\" class=\"publicacion-tapa\" src=\"http:\/\/www.arte.unicen.edu.ar\/cdab\/wp-content\/uploads\/2021\/08\/csvv-cinematecabrasileira-banner.jpg\" data-fancybox=\"gallery\" data-caption=\"Cuidado social. V\u00ednculo virtual #24\"\/><\/a><\/p><p>Desde 2020 el <strong>Centro de Documentaci\u00f3n Audiovisual y Biblioteca (CDAB)<\/strong> de la <a href=\"http:\/\/www.arte.unicen.edu.ar\" target=\"_blank rel=\"noopener noreferrer\">Facultad de Arte<\/a>, como miembro de la red <a href=\"http:\/\/www.biblioci.org\" target=\"_blank\" rel=\"noopener noreferrer\">BiblioCi<\/a>, ha expresado en reiteradas oportunidades su preocupaci\u00f3n por la crisis que atraviesa la <a href=\"http:\/\/www.cinemateca.org.br\" target=\"_blank\" rel=\"noopener noreferrer\">Cinemateca Brasileira<\/a> como consecuencia de pol\u00edticas de desfinanciamiento y una sucesi\u00f3n de dislates administrativos. Ello implic\u00f3 el despido de casi todo el personal t\u00e9cnico especializado y una importante crisis financiera seguida de una situaci\u00f3n de total abandono que amenaza la existencia de esta instituci\u00f3n de referencia para los archivos latinoamericanos. Tristemente, el jueves 29 de julio de 2021 <strong>se quem\u00f3 una considerable parte del patrimonio f\u00edlmico de Am\u00e9rica del Sur y de la historia institucional del cine en Brasil<\/strong>. Las noticias dan cuenta que <em>&#8220;se perdieron 4 toneladas de documentaci\u00f3n sobre la historia del cine brasile\u00f1o. Toda la documentaci\u00f3n del Instituto Nacional de Cine, desde los a\u00f1os 60, hasta la actualidad, de la Secretar\u00eda Especial de Cultura, pasando por Embrafilme y Concine&#8221;<\/em>.<\/p>\n<p>En solidaridad con lxs trabajadorxs de la <a href=\"http:\/\/www.cinemateca.org.br\" target=\"_blank\" rel=\"noopener noreferrer\">Cinemateca Brasileira<\/a> y con el pueblo brasile\u00f1o que ha perdido parte de su memoria hist\u00f3rica, desde el <strong>CDAB<\/strong> compartimos la declaraci\u00f3n oficial de la red <a href=\"http:\/\/www.biblioci.org\" target=\"_blank\" rel=\"noopener noreferrer\">BiblioCi<\/a> y reafirmamos, una vez m\u00e1s, la importancia que reviste la tarea de todas aquellas instituciones que salvaguardan y valorizan el patrimonio cultural, dando cuenta de nuestra identidad local, nacional y regional de generaci\u00f3n en generaci\u00f3n. Asimismo invitamos a la comunidad cinematogr\u00e1fica y cultural a denunciar esta situaci\u00f3n en todos los \u00e1mbitos y a exigir una pronta soluci\u00f3n que implique la reapertura de la <a href=\"http:\/\/www.cinemateca.org.br\" target=\"_blank\" rel=\"noopener noreferrer\">Cinemateca Brasileira<\/a> y la recontrataci\u00f3n de su personal especializado.<\/p>\n<div class=\"container-newsbutton\">\n<a class=\"cdab-newsbuttonlink\" href=\"https:\/\/www.arte.unicen.edu.ar\/cdab\/cdab-declaracion-biblioci-incendio-cinemateca-brasileira\" target=\"_blank\" rel=\"noopener noreferrer\"><div class=\"cdab-cdab-newsbutton\">NOTA DE ADHESI\u00d3N CDAB<\/div><\/a><\/div>\n<div class=\"container-newsbutton\">\n<a class=\"cdab-newsbuttonlink\" href=\"http:\/\/www.arte.unicen.edu.ar\/cdab\/wp-content\/uploads\/2021\/08\/biblioci-incendio-cinemateca-brasileira.pdf\" target=\"_blank\" rel=\"noopener noreferrer\"><div class=\"cdab-pdf-newsbutton\">DECLARACI\u00d3N DE BIBLIOCI<\/div><\/a><a class=\"cdab-newsbuttonlink\" href=\"http:\/\/www.arte.unicen.edu.ar\/cdab\/wp-content\/uploads\/2021\/08\/declaracion-cinemateca-brasileira.pdf\" target=\"_blank\" rel=\"noopener noreferrer\" style=\"margin-left: 40px;\"><div class=\"cdab-pdf-newsbutton\">DECLARACI\u00d3N TRABAJADORXS CINEMATECA BRASILEIRA<\/div><\/a><\/div>\n<hr style=\"margin-bottom: 25px;\"\/>\n<p><a href=\"https:\/\/www.soundcloud.com\/ritosdepaso\" target=\"_blank\" rel=\"noopener noreferrer\"><img decoding=\"async\" class=\"publicacion-tapa\" src=\"http:\/\/www.arte.unicen.edu.ar\/cdab\/wp-content\/uploads\/2021\/07\/csvv-ritos2-banner.jpg\" data-fancybox=\"gallery\" data-caption=\"Cuidado social. V\u00ednculo virtual #24\"\/><\/a><\/p><p>Pasamos un tiempo desconocido, un apocalipsis no imaginado y ahora estamos tendiendo puentes en un desaf\u00edo por reinventar la subjetividad porque la pospandemia ser\u00e1 un proceso largo. El <strong>lunes 21 de junio<\/strong>, coincidiendo con la celebraci\u00f3n del Inti Raymi en los pueblos de Sudam\u00e9rica, se estren\u00f3 el primer cap\u00edtulo de la segunda temporada de <strong>Ritos de paso<\/strong> -la serie audiovisual colectiva y colaborativa impulsada por <a href=\"http:\/\/www.arte.unicen.edu.ar\/artepublicaciones\" target=\"_blank\" rel=\"noopener noreferrer\">Arte Publicaciones<\/a>, el <a href=\"http:\/\/www.arte.unicen.edu.ar\/cdab\" target=\"_blank\" rel=\"noopener noreferrer\">CDAB<\/a> y la <a href=\"https:\/\/www.arte.unicen.edu.ar\/secretarias\/investigacion-posgrado\" target=\"_blank\" rel=\"noopener noreferrer\">Secretar\u00eda de Investigaci\u00f3n y Posgrado<\/a>-. El 8 de julio se present\u00f3 <em>Luminar<\/em>, que cont\u00f3 con la colaboraci\u00f3n del \u00c1rea de Producci\u00f3n Audiovisual de la <a href=\"http:\/\/www.untdf.edu.ar\" target=\"_blank\" rel=\"noopener noreferrer\">Universidad Nacional de Tierra del Fuego, Ant\u00e1rtida e Islas del Atl\u00e1ntico Sur<\/a>.<\/p>\n<p style=\"margin: 15px 0px 0px 50px; font-size: 12px;\"><em>&#8220;En continuidad con el solsticio de invierno y las noches largas en sudam\u00e9rica, el cap\u00edtulo problematiza el concepto dar a luz o alumbrar. En el imaginario com\u00fan est\u00e1 ligado a la maternidad, pero puede relacionarse con el acto de mirar, siguiendo la luz que irradian todas las formas de vida que nos rodean e invitan a cuidarlas. \u00bfC\u00f3mo lo hacemos? Con la palabra, con el lenguaje. Porque yo voy andando y cantando, que es mi modo de alumbrar. Porque entre tantos ojos que miran por una c\u00e1mara buscando captar el aliento que sale alumbrado y visible en los inviernos australes hemos descubierto que las Noches Blancas, son solo una ficci\u00f3n.&#8221;<\/em>.<\/p>\n<div align=\"center\" style=\"margin: 20px auto\"><iframe loading=\"lazy\" width=\"700\" height=\"394\" src=\"https:\/\/www.youtube.com\/embed\/VH4EE4INPH0\" frameborder=\"0\" allow=\"accelerometer; autoplay; encrypted-media; gyroscope; picture-in-picture\" allowfullscreen><\/iframe><\/div>\n<div class=\"container-newsbutton\">\n<a class=\"cdab-newsbuttonlink\" href=\"https:\/\/www.arte.unicen.edu.ar\/cdab\/mirar-siguiendo-luz-rdp-presenta-luminar\" target=\"_blank\" rel=\"noopener noreferrer\"><div class=\"cdab-cdab-newsbutton\">M\u00c1S INFORMACI\u00d3N<\/div><\/a><\/div><p>La primera temporada y todos los estrenos de la serie se pueden visionar en la plataforma de contenidos audiovisuales <a href=\"http:\/\/www.artexver.tv\" target=\"_blank\" rel=\"noopener noreferrer\">artexver<\/a>.<\/p>\n<div class=\"container-newsbutton\">\n<a class=\"cdab-newsbuttonlink\" href=\"https:\/\/www.artexver.tv\/serie\/ritos-de-paso\" target=\"_blank\" rel=\"noopener noreferrer\"><div class=\"cdab-artexver-newsbutton\"><\/div><\/a><\/div>\n<hr style=\"margin-bottom: 25px;\"\/>\n<p><a href=\"https:\/\/www.arte.unicen.edu.ar\/secretarias\/investigacion-posgrado\/diplomatura-universitaria-en-esteticas-contemporaneas\" target=\"_blank\" rel=\"noopener noreferrer\"><img decoding=\"async\" class=\"publicacion-tapa\" src=\"http:\/\/www.arte.unicen.edu.ar\/cdab\/wp-content\/uploads\/2021\/07\/csvv-dec-banner.jpg\" data-fancybox=\"gallery\" data-caption=\"Cuidado social. V\u00ednculo virtual #24\"\/><\/a><\/p>\n<p>La <a href=\"https:\/\/www.arte.unicen.edu.ar\/secretarias\/investigacion-posgrado\/diplomatura-universitaria-en-esteticas-contemporaneas\" target=\"_blank\" rel=\"noopener noreferrer\">Diplomatura Universitaria en Est\u00e9ticas Contempor\u00e1neas (DEC)<\/a>, aprobada mediante Res. 7940\/21 del Consejo Superior de la <a href=\"http:\/\/www.unicen.edu.ar\" target=\"_blank\" rel=\"noopener noreferrer\">UNICEN<\/a>, iniciar\u00e1 durante el mes de <strong>septiembre<\/strong> su <strong>cursada virtual<\/strong> a trav\u00e9s de la <a href=\"https:\/\/moodle.rec.unicen.edu.ar\/unipedia\/course\/index.php?categoryid=37\" target=\"_blank\" rel=\"noopener noreferrer\">plataforma de Educaci\u00f3n a Distancia<\/a> de la <a href=\"http:\/\/www.arte.unicen.edu.ar\" target=\"_blank\" rel=\"noopener noreferrer\">Facultad de Arte<\/a>.<\/p>\n<p>Esta propuesta propone un trayecto formativo compuesto por <strong>8 m\u00f3dulos<\/strong> que en su articulaci\u00f3n ofrecen una formaci\u00f3n integral, s\u00f3lida y actualizada en los campos de la pr\u00e1ctica, investigaci\u00f3n y ense\u00f1anza de las est\u00e9ticas contempor\u00e1neas, desde una perspectiva interdisciplinar, post-disciplinar y situada. La <a href=\"https:\/\/www.arte.unicen.edu.ar\/secretarias\/investigacion-posgrado\/diplomatura-universitaria-en-esteticas-contemporaneas\" target=\"_blank\" rel=\"noopener noreferrer\">Diplomatura Universitaria en Est\u00e9ticas Contempor\u00e1neas (DEC)<\/a> surge de la necesidad de un espacio de formaci\u00f3n y reflexi\u00f3n, dirigido a profesionales del campo art\u00edstico y educativo, en torno a las singularidades que adquieren las pr\u00e1cticas art\u00edsticas contempor\u00e1neas, a partir de reconocer su car\u00e1cter inespec\u00edfico e interdisciplinar. Se trata de un programa de formaci\u00f3n continua que plantea, a trav\u00e9s del di\u00e1logo de perspectivas y saberes disciplinares heterog\u00e9neos, la adquisici\u00f3n de herramientas te\u00f3ricas, pr\u00e1cticas y metodol\u00f3gicas para el desarrollo de experiencias cr\u00edticas capaces de actuar e incidir en la esfera del arte contempor\u00e1neo. Estas perspectivas y discusiones enriquecer\u00e1n la formaci\u00f3n continua de quienes llevan a cabo la ense\u00f1anza del arte en distintos contextos de intervenci\u00f3n.<\/p>\n<p>El trayecto formativo previsto se desarrollar\u00e1 <strong>durante 1 a\u00f1o<\/strong>, contemplando <strong>actividades sincr\u00f3nicas y asincr\u00f3nicas<\/strong>.<\/p>\n<p><strong>Destinatarixs:<\/strong> Artistas, profesorxs y docentes de todos los niveles de educaci\u00f3n art\u00edstica, estudiantes, graduadxs y profesorxs de la <a href=\"http:\/\/www.unicen.edu.ar\" target=\"_blank\" rel=\"noopener noreferrer\">UNICEN<\/a>, y trabajadorxs de diversos espacios art\u00edsticos y culturales vinculados a la producci\u00f3n, investigaci\u00f3n, gesti\u00f3n y ense\u00f1anza de las pr\u00e1cticas art\u00edsticas contempor\u00e1neas. Tambi\u00e9n est\u00e1 dirigida a interesadxs provenientes de diversos oficios y disciplinas cient\u00edficas que les interese situar y desarrollar su pr\u00e1ctica y reflexionar en el marco de los debates y problemas propios de la escena art\u00edstica contempor\u00e1nea.<\/p>\n<p><strong>Requisitos de admisi\u00f3n:<\/strong> T\u00edtulo secundario. Acreditar experiencia, antecedentes profesionales y\/o acad\u00e9micos. Un Comit\u00e9 de Gesti\u00f3n y Admisi\u00f3n evaluar\u00e1 las postulaciones y resolver\u00e1 sobre las admisiones de los inscriptos, pudiendo solicitar la realizaci\u00f3n de entrevistas personales con los postulantes.<\/p>\n<div style=\"margin: 5px auto; text-align: center;\"><a href=\"http:\/\/www.arte.unicen.edu.ar\/cdab\/wp-content\/uploads\/2021\/07\/flyer-dec.jpg\" data-fancybox=\"gallery\" data-caption=\"Cuidado social. V\u00ednculo virtual #24\"><img decoding=\"async\" class=\"aligncenter size-full publicacion-tapa\" src=\"https:\/\/www.arte.unicen.edu.ar\/cdab\/wp-content\/uploads\/2021\/07\/flyer-dec-406x600.jpg\" style=\"width: 350px; height: 517px;\"\/><\/a><\/div>\n<div class=\"container-newsbutton\">\n<a class=\"cdab-newsbuttonlink\" href=\"https:\/\/www.arte.unicen.edu.ar\/diplomatura\/index.php\/inscripcion-diplomatura-universitaria-en-esteticas-contemporaneas\" target=\"_blank\" rel=\"noopener noreferrer\"><div class=\"cdab-facarte-newsbutton\">FORMULARIO DE INSCRIPCI\u00d3N<\/div><\/a><a class=\"cdab-newsbuttonlink\" href=\"https:\/\/www.arte.unicen.edu.ar\/secretarias\/investigacion-posgrado\/diplomatura-universitaria-en-esteticas-contemporaneas\" target=\"_blank\" rel=\"noopener noreferrer\" style=\"margin-left: 50px;\"><div class=\"cdab-facarte-newsbutton\">M\u00c1S INFORMACI\u00d3N&#8230;<\/div><\/a>\n<\/div>\n<\/div><\/div>\n\n<div id=\"libros\" class=\"csvv-right2021\">\n<div class=\"csvv-card2021\"><div class=\"cdab-especial-covid19-card-icon libros\"><i class=\"fa fa-book\" aria-hidden=\"true\" style=\"margin-left: 3px;\"><\/i><\/div><div class=\"cdab-especial-covid19-card-title libros\">LIBROS<\/div>\n<p><img decoding=\"async\" class=\"cdab-tapa-instidentpoet-index publicacion-tapa\" title=\"La ense\u00f1anza del teatro a nivel superior en el siglo XXI\" src=\"http:\/\/www.arte.unicen.edu.ar\/cdab\/wp-content\/uploads\/2021\/07\/teatronivelsuperior-tapa.jpg\" alt=\"La ense\u00f1anza del teatro a nivel superior en el siglo XXI\" style=\"width: 220px; height: 302px; float: right; border: 10px solid #fff; box-shadow: 0 0 5px rgba(0, 0, 0, 0.1); -webkit-box-shadow: 0 0 5px rgba(0, 0, 0, 0.1); -moz-box-shadow: 0 0 5px rgba(0, 0, 0, 0.1); display: block; margin: 0px 0px 22px 22px;\"\/><\/p><h3>La ense\u00f1anza del teatro a nivel superior en el siglo XXI<\/h3><p><strong>Claudia Fragoso Susunaga (coord.)<br \/>2020. 174 p\u00e1ginas. Universidad Michoacana de San Nicol\u00e1s de Hidalgo (M\u00e9xico)<\/strong><\/p><p>El libro <em>La ense\u00f1anza del teatro a nivel superior en el siglo XXI<\/em> es un texto atractivo, pues no solamente da cuenta de las relaciones entre la educaci\u00f3n y el arte dram\u00e1tico sino, adem\u00e1s, contiene como plusval\u00eda, la posibilidad de contactar con una serie de profundas reflexiones hechas por diversas voces acad\u00e9micas femeninas, quienes problematizan la necesidad actual de transformar las estrategias y los mecanismos disciplinares para lograr mayor asertividad en los procesos acad\u00e9micos teatrales. Y es que hoy m\u00e1s que nunca est\u00e1 claro que el mundo se ha transformado, tanto en las condiciones de vida de sus habitantes como en las pr\u00e1cticas, procesos y relaciones sociales, pol\u00edticas, econ\u00f3micas, entre m\u00e1s.<\/p>\n<p>La aspiraci\u00f3n es que este libro pueda ser \u00fatil a las y los artistas-investigadores o teatristas-investigadores que producen conocimiento desde sus pr\u00e1cticas en los procesos formativos, en la reflexi\u00f3n te\u00f3rica sobre la educaci\u00f3n en el \u00e1mbito teatral y con los estudiantes interesados. El texto cuenta con aportes de <strong>Araceli De Vanna<\/strong>, <strong>Marisa Rodr\u00edguez<\/strong>, <strong>Cristina Dimatteo<\/strong> y <strong>Gabriela Gonz\u00e1lez<\/strong>, docentes-investigadoras de la <a href=\"http:\/\/www.arte.unicen.edu.ar\" target=\"_blank rel=\"noopener noreferrer\">Facultad de Arte<\/a> (<a href=\"http:\/\/www.unicen.edu.ar\" target=\"_blank rel=\"noopener noreferrer\">UNICEN<\/a>).<\/p>\n<div class=\"container-newsbutton\">\n<a class=\"cdab-newsbuttonlink\" href=\"http:\/\/www.arte.unicen.edu.ar\/cdab\/wp-content\/uploads\/2021\/07\/ensenanza-teatro-nivel-superior-sxxi.pdf\" target=\"_blank\" rel=\"noopener noreferrer\"><div class=\"cdab-pdf-newsbutton\">DESCARGAR E-BOOK<\/div><\/a>\n<\/div>\n<hr style=\"margin-bottom: 25px;\"\/>\n<p><img decoding=\"async\" class=\"cdab-tapa-instidentpoet-index publicacion-tapa\" title=\"El pixel hace la fuerza. Narrativa, cine y videojuegos en la era de las hipermediaciones\" src=\"http:\/\/www.arte.unicen.edu.ar\/cdab\/wp-content\/uploads\/2021\/07\/elpixelhacelafuerza-tapa.jpg\" alt=\"El pixel hace la fuerza. Narrativa, cine y videojuegos en la era de las hipermediaciones\" style=\"width: 220px; height: 302px; float: right; border: 10px solid #fff; box-shadow: 0 0 5px rgba(0, 0, 0, 0.1); -webkit-box-shadow: 0 0 5px rgba(0, 0, 0, 0.1); -moz-box-shadow: 0 0 5px rgba(0, 0, 0, 0.1); display: block; margin: 0px 0px 22px 22px;\"\/><\/p><h3>El pixel hace la fuerza. Narrativa, cine y videojuegos en la era de las hipermediaciones<\/h3><p><strong>Gonzalo Mur\u00faa Losada<br \/>2016. 276 p\u00e1ginas. 15 x 21 cm. Universidad del Cine, Elaleph.com<\/strong><\/p><p>Con la llegada de la posmodernidad, el paradigma narrativo se transforma y los dispositivos comienzan a reflejar la nueva cultura del simulacro y una estructura esquizoide. Ante las nuevas narrativas el cine, en tanto dispositivo ideol\u00f3gico de la modernidad, se ve acorralado por el temblor posmoderno que procura quemarlo con las luces del espect\u00e1culo en un intento por ver m\u00e1s all\u00e1. La resistencia del cine se manifiesta a trav\u00e9s del tercer cine: el espectador, se levanta de su butaca y toma las armas, rompiendo el hechizo de la espectacularidad.<\/p>\n<p>La narrativa moderna comienza a presentar fisuras: nacen nuevos recursos para contar y las narrativas basadas en los medios digitales interactivos despliegan la potencia l\u00fadica. Hilados por la narraci\u00f3n, juego y video se unen en una trinidad amalgamada por lo digital. En este contexto el videojuego se liga al cine e imita sus formas narrativas, para luego ser \u00e9l imitado por la narrativa cinematogr\u00e1fica.<\/p>\n<p>El presente libro -que es la Tesis de Licenciatura en la Universidad del Cine del autor-, tiene por objeto recorrer estos cambios narrativos y generar una reflexi\u00f3n te\u00f3rica sobre los nuevos modos de ver y sentir en el mundo contempor\u00e1neo. De este modo, la teor\u00eda del juego se vuelve vital para examinar el esp\u00edritu l\u00fadico que atraviesa ambas disciplinas, cine y videojuegos, a partir del cual se generan hibridaciones que conjuran diferentes horizontes en el pensamiento.<\/p>\n<div class=\"container-newsbutton\">\n<a class=\"cdab-newsbuttonlink\" href=\"https:\/\/www.ucine.edu.ar\/media\/src\/elpixelhace-la-fuerza-narratgonzalopablomurualosada.pdf\" target=\"_blank\" rel=\"noopener noreferrer\"><div class=\"cdab-pdf-newsbutton\">DESCARGAR E-BOOK<\/div><\/a>\n<\/div>\n<hr style=\"margin-bottom: 25px;\"\/>\n<p><img decoding=\"async\" class=\"cdab-tapa-instidentpoet-index publicacion-tapa\" title=\"Teatro e intertextualidad: Griselda Gambaro\" src=\"http:\/\/www.arte.unicen.edu.ar\/cdab\/wp-content\/uploads\/2021\/07\/teatrointertextualidad-tapa.jpg\" alt=\"Teatro e intertextualidad: Griselda Gambaro\" style=\"width: 220px; height: 302px; float: right; border: 10px solid #fff; box-shadow: 0 0 5px rgba(0, 0, 0, 0.1); -webkit-box-shadow: 0 0 5px rgba(0, 0, 0, 0.1); -moz-box-shadow: 0 0 5px rgba(0, 0, 0, 0.1); display: block; margin: 0px 0px 22px 22px;\"\/><\/p><h3>Teatro e intertextualidad: Griselda Gambaro<\/h3><p><strong>Alicia Lorenzo (ed.)<br \/>2018. 169 p\u00e1ginas. 21 x 15 cm. Editorial de la Facultad de Filosof\u00eda y Letras, UNCUYO<\/strong><\/p><p>Como objeto social, todo texto es tambi\u00e9n un mosaico de otros textos, un continuum del propio sistema cultural de pertenencia a partir del cual es posible analizar por contraste diversas dimensiones hist\u00f3ricas e ideol\u00f3gicas de lo real. De esta manera, los di\u00e1logos intertextuales que convergen en la dramaturgia de Griselda Gambaro requieren de una interpretaci\u00f3n rigurosa en relaci\u00f3n al contexto de creaci\u00f3n y tambi\u00e9n de recepci\u00f3n advirtiendo sus vinculaciones con otras instancias del discurso social. Considerando dos variables opuestas pero complementarias en interacci\u00f3n permanente, el an\u00e1lisis de la obra y de lo social, adquiere un valor paradigm\u00e1tico. En este sentido, el origen, la permeabilidad y la simult\u00e1nea apertura de las piezas que nos ocupan hacia otras formas discursivas es constitutiva de la po\u00e9tica teatral gambariana puesto que el dialogismo y la polifon\u00eda emergente en el drama determinan lo est\u00e9tico po\u00e9tico como unidad esencial.<\/p>\n<div class=\"container-newsbutton\">\n<a class=\"cdab-newsbuttonlink\" href=\"https:\/\/bdigital.uncu.edu.ar\/objetos_digitales\/14078\/lorenzo.pdf\" target=\"_blank\" rel=\"noopener noreferrer\"><div class=\"cdab-pdf-newsbutton\">DESCARGAR E-BOOK<\/div><\/a>\n<\/div>\n<hr style=\"margin-bottom: 25px;\"\/>\n<p><img decoding=\"async\" class=\"cdab-tapa-instidentpoet-index publicacion-tapa\" title=\"El error en los aparatos audiovisuales como posibilidad est\u00e9tica\" src=\"http:\/\/www.arte.unicen.edu.ar\/cdab\/wp-content\/uploads\/2021\/07\/erroraudiovisualestetica-tapa.jpg\" alt=\"El error en los aparatos audiovisuales como posibilidad est\u00e9tica\" style=\"width: 220px; height: 302px; float: right; border: 10px solid #fff; box-shadow: 0 0 5px rgba(0, 0, 0, 0.1); -webkit-box-shadow: 0 0 5px rgba(0, 0, 0, 0.1); -moz-box-shadow: 0 0 5px rgba(0, 0, 0, 0.1); display: block; margin: 0px 0px 22px 22px;\"\/><\/p><h3>El error en los aparatos audiovisuales como posibilidad est\u00e9tica<\/h3><p><strong>Alejandro Schianchi<br \/>2014. 278 p\u00e1ginas. 15 x 21 cm. Universidad del Cine, Elaleph.com<\/strong><\/p><p>El error parece ser aquello que se interpone entre el ser ideal y el real. Dentro de los medios audiovisuales se intenta suprimirlo, pero su uso tambi\u00e9n oculta posibilidades est\u00e9ticas e ideol\u00f3gicas. Un fallo en el programa del aparato nos devuelve una imagen o un sonido imposibles de concebir de otra manera. Un corto-circuito en un artefacto construye un mundo nuevo e imprevisible, que en el campo art\u00edstico surge como un elemento est\u00e9tico m\u00e1s.<\/p>\n<p>El libro realiza un recorrido reflexivo sobre los posibles or\u00edgenes del desprecio del funciona-miento incorrecto de los aparatos audiovisuales, que pueden convertirse en creaci\u00f3n dentro del mundo de la producci\u00f3n est\u00e9tica. A partir del an\u00e1lisis del contexto filos\u00f3fico, cient\u00edfico, psicol\u00f3gico, social y econ\u00f3mico, donde el concepto de error adquiere un valor negativo, se llega a su revalorizaci\u00f3n en el mundo de la creaci\u00f3n audiovisual y de las nuevas tecnolog\u00edas.<\/p>\n<div class=\"container-newsbutton\">\n<a class=\"cdab-newsbuttonlink\" href=\"https:\/\/www.ucine.edu.ar\/media\/src\/elerrorenlosaparatosaudiovschianchialejandro.pdf\" target=\"_blank\" rel=\"noopener noreferrer\"><div class=\"cdab-pdf-newsbutton\">DESCARGAR E-BOOK<\/div><\/a>\n<\/div>\n<hr style=\"margin-bottom: 25px;\"\/>\n<p><img decoding=\"async\" class=\"cdab-tapa-instidentpoet-index publicacion-tapa\" title=\"Pensar la gesti\u00f3n de las artes esc\u00e9nicas: escritos de un gestor\" src=\"http:\/\/www.arte.unicen.edu.ar\/cdab\/wp-content\/uploads\/2021\/07\/gestionescenicas-tapa.jpg\" alt=\"Pensar la gesti\u00f3n de las artes esc\u00e9nicas: escritos de un gestor\" style=\"width: 220px; height: 302px; float: right; border: 10px solid #fff; box-shadow: 0 0 5px rgba(0, 0, 0, 0.1); -webkit-box-shadow: 0 0 5px rgba(0, 0, 0, 0.1); -moz-box-shadow: 0 0 5px rgba(0, 0, 0, 0.1); display: block; margin: 0px 0px 22px 22px;\"\/><\/p><h3>Pensar la gesti\u00f3n de las artes esc\u00e9nicas: escritos de un gestor<\/h3><p><strong>Guillermo Heras<br \/>2012. 190 p\u00e1ginas. 22 x 15 cm. RGC Libros<\/strong><\/p><p>Este libro condensa en cinco secciones y un ep\u00edlogo gran parte de la enorme experiencia que Guillermo Heras, a caballo entre dos continentes, se ha ido forjando a lo largo de estos a\u00f1os en una de las \u00e1reas m\u00e1s olvidadas y sin embargo m\u00e1s imprescindibles de las artes esc\u00e9nicas: la gesti\u00f3n. Festivales, circuitos, centros culturales, teatros, programas p\u00fablicos y pol\u00edticas culturales son abordadas desde cada uno de los art\u00edculos, a trav\u00e9s de un pensamiento l\u00facido y siempre abierto a la b\u00fasqueda de nuevos interrogantes que va develando los engranajes de lo que implica hacer y vivir del teatro en iberoam\u00e9rica en este milenio que acaba de comenzar y que pone en primer plano el oficio como respuesta de esa fascinante cuesti\u00f3n que es la dial\u00e9ctica siempre compleja entre gesti\u00f3n y producci\u00f3n.<\/p>\n<div class=\"container-newsbutton\">\n<a class=\"cdab-newsbuttonlink\" href=\"https:\/\/formar.cultura.gob.ar\/media\/Pensar_la_gestion_HERAS_RGC_ediciones.pdf\" target=\"_blank\" rel=\"noopener noreferrer\"><div class=\"cdab-pdf-newsbutton\">DESCARGAR E-BOOK<\/div><\/a>\n<\/div>\n<hr style=\"margin-bottom: 25px;\"\/>\n<p><img decoding=\"async\" class=\"cdab-tapa-instidentpoet-index publicacion-tapa\" title=\"La vuelta al guion en 80 secretos\" src=\"http:\/\/www.arte.unicen.edu.ar\/cdab\/wp-content\/uploads\/2021\/07\/vueltaalguion-tapa.jpg\" alt=\"La vuelta al guion en 80 secretos\" style=\"width: 220px; height: 302px; float: right; border: 10px solid #fff; box-shadow: 0 0 5px rgba(0, 0, 0, 0.1); -webkit-box-shadow: 0 0 5px rgba(0, 0, 0, 0.1); -moz-box-shadow: 0 0 5px rgba(0, 0, 0, 0.1); display: block; margin: 0px 0px 22px 22px;\"\/><\/p><h3>La vuelta al guion en 80 secretos<\/h3><p><strong>Laura de los Santos<br \/>2010. 176 p\u00e1ginas. 21 x 15 cm. Universidad del Cine<\/strong><\/p><p>El guion ha merecido las m\u00e1s diversas presentaciones en sociedad, desde la rigurosa investigaci\u00f3n te\u00f3rica hasta lo que podr\u00eda llamarse cartilla de ejecuci\u00f3n r\u00e1pida, apta para la practica laboral inmediata. La vuelta a\/ gui\u00f3n en 80 secretos, de la joven y ya destacada estudiosa argentina Laura de los Santos, se mueve con soltura en ambos territorios, y lo hace con un lenguaje y una forma de exposici\u00f3n llanas y que no prescinden del humor y de la directa complicidad con el lector.<\/p>\n<p>La autora expresa en la introducci\u00f3n del texto que <em>&#8220;Tendr\u00e1 usted un apoyo incondicional y una serie de recursos que podr\u00e1 llevar consigo adonde quiera que vaya, que jam\u00e1s lo abandonaran, y que le dar\u00e1n la confianza suficiente para que usted no solo consiga crear una obra de arte, sino tambi\u00e9n un producto digno de ser vendido&#8221;<\/em>. As\u00ed desfilar\u00e1n, entre otros t\u00f3picos, las diferencias del gui\u00f3n de cine, TV y teatro en sus diversos g\u00e9neros.<\/p>\n<div class=\"container-newsbutton\">\n<a class=\"cdab-newsbuttonlink\" href=\"https:\/\/www.ucine.edu.ar\/media\/src\/la-vuelta-al-guion-el-80-secretos.pdf\" target=\"_blank\" rel=\"noopener noreferrer\"><div class=\"cdab-pdf-newsbutton\">DESCARGAR E-BOOK<\/div><\/a>\n<\/div>\n<hr style=\"margin-bottom: 25px;\"\/>\n<p><img decoding=\"async\" class=\"cdab-tapa-instidentpoet-index publicacion-tapa\" title=\"Di\u00e1logos urgentes frente a las violencias por razones de g\u00e9nero: reconstrucci\u00f3n y sistematizaci\u00f3n de la experiencia. Mesas de di\u00e1logo con organizaciones sociales\" src=\"http:\/\/www.arte.unicen.edu.ar\/cdab\/wp-content\/uploads\/2021\/07\/dialogosviolenciagenero-tapa.jpg\" alt=\"Di\u00e1logos urgentes frente a las violencias por razones de g\u00e9nero: reconstrucci\u00f3n y sistematizaci\u00f3n de la experiencia. Mesas de di\u00e1logo con organizaciones sociales\" style=\"width: 220px; height: 302px; float: right; border: 10px solid #fff; box-shadow: 0 0 5px rgba(0, 0, 0, 0.1); -webkit-box-shadow: 0 0 5px rgba(0, 0, 0, 0.1); -moz-box-shadow: 0 0 5px rgba(0, 0, 0, 0.1); display: block; margin: 0px 0px 22px 22px;\"\/><\/p><h3>Di\u00e1logos urgentes frente a las violencias por razones de g\u00e9nero: reconstrucci\u00f3n y sistematizaci\u00f3n de la experiencia. Mesas de di\u00e1logo con organizaciones sociales<\/h3><p><strong>AA. VV.<br \/>2021. 187 p\u00e1ginas. Editorial de la Universidad Nacional de La Plata (EDULP)<\/strong><\/p><p>El contenido que da origen a esta producci\u00f3n surge de un valioso trabajo colectivo, junto a los equipos de las Universidades nacionales con asiento en la provincia de Buenos Aires que integran el CPRES Bonaerense; con la participaci\u00f3n de integrantes de los equipos de la Universidad Nacional de Salta y de la Universidad Nacional de Jujuy, con representaci\u00f3n ante la Red Interuniversitaria Por la Igualdad de G\u00e9nero y Contra las Violencias (RUGE).<\/p><p>La sistematizaci\u00f3n de la experiencia y la redacci\u00f3n de este Dossier estuvo a cargo del equipo de profesionales de la Universidad Nacional de La Plata, nucleados en torno de la Prosecretar\u00eda de Derechos Humanos, bajo la Coordinaci\u00f3n General de la Prosecretaria, Dra. Ver\u00f3nica Cruz; la Coordinaci\u00f3n t\u00e9cnica de la Directora de G\u00e9nero, Diversidad y Derechos Humanos, Lic. Mar\u00eda Noelia L\u00f3pez; y la participaci\u00f3n activa en la edici\u00f3n del texto de la Lic. Eliana Rojas; la Lic. Mar\u00eda Flor Gianfrini y Manuelita Mu\u00f1oz Moreda.<\/p>\n<div class=\"container-newsbutton\">\n<a class=\"cdab-newsbuttonlink\" href=\"http:\/\/www.arte.unicen.edu.ar\/cdab\/wp-content\/uploads\/2021\/07\/dialogos-urgentes-violencias-razones-genero.pdf\" target=\"_blank\" rel=\"noopener noreferrer\"><div class=\"cdab-pdf-newsbutton\">DESCARGAR E-BOOK<\/div><\/a>\n<\/div>\n<hr style=\"margin-bottom: 25px;\"\/>\n<p><img decoding=\"async\" class=\"cdab-tapa-instidentpoet-index publicacion-tapa\" title=\"Po\u00e9tica er\u00f3tica de la relaci\u00f3n: est\u00e9ticas descoloniales desde el Sur. Arte, memorias y cuerpos\" src=\"http:\/\/www.arte.unicen.edu.ar\/cdab\/wp-content\/uploads\/2021\/07\/poeticaeroticarelacion-tapa.jpg\" alt=\"Po\u00e9tica er\u00f3tica\nde la relaci\u00f3n: est\u00e9ticas descoloniales desde el Sur. Arte, memorias y cuerpos\" style=\"width: 220px; height: 302px; float: right; border: 10px solid #fff; box-shadow: 0 0 5px rgba(0, 0, 0, 0.1); -webkit-box-shadow: 0 0 5px rgba(0, 0, 0, 0.1); -moz-box-shadow: 0 0 5px rgba(0, 0, 0, 0.1); display: block; margin: 0px 0px 22px 22px;\"\/><\/p><h3>Po\u00e9tica er\u00f3tica\nde la relaci\u00f3n: est\u00e9ticas descoloniales desde el Sur. Arte, memorias y cuerpos<\/h3><p><strong>Karina Bidaseca, Luc\u00eda Nu\u00f1ez Lodwick, Agustina Molina (coords.)<br \/>2021. 53 p\u00e1ginas. CLACSO<\/strong><\/p><p>Descolonizar las est\u00e9ticas supone una serie de pasos que rompan con un arte euroc\u00e9ntrico, moderno y colonial, inscripto en la l\u00f3gica de la colonialidad del poder-saber (An\u00edbal Quijano, 2000), que sigue siendo hegem\u00f3nico en la actualidad y a nivel mundial.<\/p><p>Esto implica necesariamente, deconstruir los par\u00e1metros de comprensi\u00f3n de las formas art\u00edsticas, es decir, replantear instancias de legitimaci\u00f3n y c\u00e1nones dominantes, yendo a formas m\u00e1s vinculadas al sentir y a la cotidianeidad. Tarea que hace varias d\u00e9cadas intentaron las vanguardias (Peter Burger, 1974), y que consisti\u00f3 en tratar de impugnar el campo\nart\u00edstico, reconciliar el arte con la praxis vital y descalificar el relato de una historia del arte universal que dejaba afuera, por ejemplo, las pr\u00e1cticas culturales y simb\u00f3licas de pueblos no europeos. Lo cierto es que la\nmisma instituci\u00f3n a la que pretend\u00edan impugnar y derribar, se encarg\u00f3\nde engullirlas y hacerlas parte del sistema arte. Para impugnarlas, se requiri\u00f3 primero de un proceso de metamorfosis basado en la despolitizaci\u00f3n, para despu\u00e9s reutilizarlas privilegiando las formas sobre los contenidos iniciales.<\/p>\n<div class=\"container-newsbutton\">\n<a class=\"cdab-newsbuttonlink\" href=\"https:\/\/www.clacso.org\/wp-content\/uploads\/2021\/07\/V2_Poetica-erotica_N3.pdf\" target=\"_blank\" rel=\"noopener noreferrer\"><div class=\"cdab-pdf-newsbutton\">DESCARGAR PUBLICACI\u00d3N<\/div><\/a>\n<\/div>\n<\/div><\/div>\n\n<div id=\"revistasacad\" class=\"csvv-right2021\">\n<div class=\"csvv-card2021\"><div class=\"cdab-especial-covid19-card-icon revistas\"><i class=\"fa fa-file-text-o\" aria-hidden=\"true\" style=\"margin-left: 3px;\"><\/i><\/div><div class=\"cdab-especial-covid19-card-title revistas\">REVISTAS ACAD\u00c9MICAS<\/div>\n<p><img loading=\"lazy\" decoding=\"async\" width=\"225\" height=\"63\" style=\"border: 0px; margin: 0 auto -25px; padding: 0;\" src=\"http:\/\/www.arte.unicen.edu.ar\/cdab\/wp-content\/uploads\/2020\/07\/artepublicaciones-nuevonumero.jpg\" alt=\"Arte Publicaciones | Nuevo n\u00famero\" title=\"Arte Publicaciones | Nuevo n\u00famero\" \/><\/p><p><img decoding=\"async\" class=\"cdab-tapa-instidentpoet-index publicacion-tapa\" title=\"Trayectoria. Pr\u00e1ctica docente en Educaci\u00f3n Art\u00edstica\" src=\"http:\/\/www.arte.unicen.edu.ar\/cdab\/wp-content\/uploads\/2021\/07\/cdab-tapa-trayectoria.png\" alt=\"Trayectoria. Pr\u00e1ctica docente en Educaci\u00f3n Art\u00edstica\" style=\"width: 220px; height: 302px; float: right; border: 10px solid #fff; box-shadow: 0 0 5px rgba(0, 0, 0, 0.1); -webkit-box-shadow: 0 0 5px rgba(0, 0, 0, 0.1); -moz-box-shadow: 0 0 5px rgba(0, 0, 0, 0.1); display: block; margin: 0px 0px 22px 22px;\"\/><\/p><h3>Nuevo n\u00famero de &#8220;Trayectoria&#8221;<\/h3><p><a href=\"http:\/\/www.ojs.arte.unicen.edu.ar\/index.php\/trayectoria\" target=\"_blank\" rel=\"noopener noreferrer\">Trayectoria<\/a> est\u00e1 destinada a docentes de arte de todos los niveles educativos, estudiantes de carreras de profesorado de Arte en todas sus disciplinas, instituciones de educaci\u00f3n art\u00edstica y p\u00fablico en general, interesado en las cuestiones formativas que hoy preocupan en cuanto a la educaci\u00f3n art\u00edstica, su expansi\u00f3n y sus usos sociales y socioeducativos. Procura contribuir al debate, incluyendo art\u00edculos acad\u00e9micos, ensayos, comentarios, entrevistas y novedades de inter\u00e9s, as\u00ed como la difusi\u00f3n de experiencias educativas innovadoras.<\/p>\n<p>Como afirma la Lic. Mar\u00eda Elsa Chapato, directora de la publicaci\u00f3n, en su editorial: <em>&#8220;Un nuevo a\u00f1o acad\u00e9mico nos encuentra transitando a\u00fan la pandemia de Covid-19 y nos reitera las exigencias de educaci\u00f3n virtual. Las distintas comunidades educativas aquilatan la experiencia adquirida durante 2020 y se abocan a dar inicio a las tareas a\u00fan plagadas de incertidumbres sobre la regularidad posible -o no- de las actividades escolares. Mucho se avanz\u00f3 en la incorporaci\u00f3n de las diversas posibilidades tecnol\u00f3gicas disponibles y mucho se reflexion\u00f3 sobre la escolaridad, sobre la conectividad, la desigualdad profunda de nuestros alumnos, las dificultades en el acceso a los dispositivos y recursos, sobre los criterios did\u00e1cticos para dise\u00f1ar las clases, sobre la comunicaci\u00f3n y el aprendizaje. As\u00ed, este nuevo a\u00f1o se comienza a partir del conocimiento logrado y revisado, quiz\u00e1 para mejorarlo y profundizar el pensamiento y la acci\u00f3n pedag\u00f3gica en estas nuevas condiciones que se niegan a retirarse.<br \/>Este marco complejo no ha impedido que renovemos nuestro compromiso con la docencia art\u00edstica y con la formaci\u00f3n de una ciudadan\u00eda humanizada y m\u00e1s equitativa. Son estos tiempos arduos, a los que podemos contribuir desde nuestro espacio editorial compartiendo los aportes de nuestros colegas y lectores de todo el pa\u00eds y de algunos \u00e1mbitos internacionales que conjugan preocupaciones e intereses con nosotros&#8221;<\/em>.<\/p>\n<div class=\"container-newsbutton\"><a class=\"cdab-newsbuttonlink\" href=\"http:\/\/www.ojs.arte.unicen.edu.ar\/index.php\/trayectoria\" target=\"_blank\" rel=\"noopener noreferrer\"><div class=\"cdab-web-newsbutton\">ACCEDER A TRAYECTORIA<\/div><\/a><\/div>\n<hr style=\"margin-bottom: 25px;\"\/>\n<p><img decoding=\"async\" class=\"cdab-tapa-instidentpoet-index publicacion-tapa\" title=\"Arteterapia. Papeles de arteterapia y educaci\u00f3n art\u00edstica para la inclusi\u00f3n social\" src=\"http:\/\/www.arte.unicen.edu.ar\/cdab\/wp-content\/uploads\/2021\/07\/arteterapia-tapa.jpg\" alt=\"Arteterapia. Papeles de arteterapia y educaci\u00f3n art\u00edstica para la inclusi\u00f3n social\" style=\"width: 220px; height: 302px; float: right; border: 10px solid #fff; box-shadow: 0 0 5px rgba(0, 0, 0, 0.1); -webkit-box-shadow: 0 0 5px rgba(0, 0, 0, 0.1); -moz-box-shadow: 0 0 5px rgba(0, 0, 0, 0.1); display: block; margin: 0px 0px 22px 22px;\"\/><h3>Arteterapia. Papeles de arteterapia y educaci\u00f3n art\u00edstica para la inclusi\u00f3n social<\/h3><\/p><p><strong><u>Directora:<\/u> Mari\u00e1n L\u00f3pez Fdz. Cao<br \/>2021. Universidad Complutense de Madrid<\/strong><\/p><p><a href=\"https:\/\/revistas.ucm.es\/index.php\/ARTE\" target=\"_blank\" rel=\"noopener noreferrer\">Arteterapia. Papeles de arteterapia y educaci\u00f3n art\u00edstica para la inclusi\u00f3n social<\/a> es una revista de acceso abierto, pionera en lengua castellana, tanto en Espa\u00f1a como Latinoamerica, sobre estudios que abordan diversos aspectos del arteterapia (cl\u00ednicos, educativos, sociales y culturales) y aquellos \u00e1mbitos que busquen una mayor inclusi\u00f3n social a trav\u00e9s de medios art\u00edsticos y educaci\u00f3n art\u00edstica.<\/p><p>Referente en el \u00e1mbito, en ella han publicado las personalidades m\u00e1s importantes del Arteterapia internacional, como la pionera Diane Waller, y las m\u00e1s relevantes del panorama espa\u00f1ol. Sus dossieres abarcan tem\u00e1ticas emergentes y nuevos espacios donde el arte se entiende como v\u00eda de mejora psicosocial.<\/p>\n<div class=\"container-newsbutton\">\n<a class=\"cdab-newsbuttonlink\" href=\"https:\/\/revistas.ucm.es\/index.php\/ARTE\" target=\"_blank\" rel=\"noopener noreferrer\"><div class=\"cdab-web-newsbutton\">ACCEDER A ARTETERAPIA<\/div><\/a><\/div>\n<hr style=\"margin-bottom: 25px;\"\/>\n<p><img decoding=\"async\" class=\"cdab-tapa-instidentpoet-index publicacion-tapa\" title=\"Con A de animaci\u00f3n\" src=\"http:\/\/www.arte.unicen.edu.ar\/cdab\/wp-content\/uploads\/2021\/07\/conaanimacion-tapa.jpg\" alt=\"Con A de animaci\u00f3n\" style=\"width: 220px; height: 302px; float: right; border: 10px solid #fff; box-shadow: 0 0 5px rgba(0, 0, 0, 0.1); -webkit-box-shadow: 0 0 5px rgba(0, 0, 0, 0.1); -moz-box-shadow: 0 0 5px rgba(0, 0, 0, 0.1); display: block; margin: 0px 0px 22px 22px;\"\/><h3>Con A de animaci\u00f3n<\/h3><\/p><p><strong><u>Directora:<\/u> Mar\u00eda Lorenzo Hern\u00e1ndez<br \/>2021. Universitat Polit\u00e8cnica de Val\u00e8ncia<\/strong><\/p><p><a href=\"https:\/\/polipapers.upv.es\/index.php\/CAA\" target=\"_blank\" rel=\"noopener noreferrer\">Con A de animaci\u00f3n<\/a> es una revista de investigaci\u00f3n centrada en el estudio de los aspectos te\u00f3ricos, t\u00e9cnicos, art\u00edsticos y humanos de la producci\u00f3n de imagen animada. La revista pretende divulgar la imagen animada como expresi\u00f3n art\u00edstica, como profesi\u00f3n, como valor cultural, y como elemento para vehicular reflexi\u00f3n sobre cualquier aspecto de nuestro momento y nuestra sociedad.<\/p><p>Se trata de una iniciativa pionera en lengua castellana, que sigue el ejemplo de otras revistas internacionales de prestigio, nacidas en el seno de la <em>Society for Animation Studies<\/em>. Con su n\u00famero 10 (2020) la revista pasa a proporcionar un acceso abierto inmediato a su contenido, sin necesidad de suscribirse para acceder a \u00e9l.<\/p>\n<div class=\"container-newsbutton\">\n<a class=\"cdab-newsbuttonlink\" href=\"https:\/\/polipapers.upv.es\/index.php\/CAA\" target=\"_blank\" rel=\"noopener noreferrer\"><div class=\"cdab-web-newsbutton\">ACCEDER A CON A DE ANIMACI\u00d3N<\/div><\/a><\/div>\n<hr style=\"margin-bottom: 25px;\"\/>\n<p><img decoding=\"async\" class=\"cdab-tapa-instidentpoet-index publicacion-tapa\" title=\"Tal\u00eda. Revista de estudios teatrales\" src=\"http:\/\/www.arte.unicen.edu.ar\/cdab\/wp-content\/uploads\/2021\/07\/talia-tapa.jpg\" alt=\"Tal\u00eda. Revista de estudios teatrales\" style=\"width: 220px; height: 302px; float: right; border: 10px solid #fff; box-shadow: 0 0 5px rgba(0, 0, 0, 0.1); -webkit-box-shadow: 0 0 5px rgba(0, 0, 0, 0.1); -moz-box-shadow: 0 0 5px rgba(0, 0, 0, 0.1); display: block; margin: 0px 0px 22px 22px;\"\/><h3>Tal\u00eda. Revista de estudios teatrales<\/h3><\/p><p><strong><u>Director:<\/u> Javier Huerta<br \/>2021. Instituto del Teatro de Madrid (ITEM), UCM<\/strong><\/p><p><a href=\"https:\/\/revistas.ucm.es\/index.php\/TRET\" target=\"_blank\" rel=\"noopener noreferrer\">Tal\u00eda. Revista de estudios teatrales<\/a> es una publicaci\u00f3n acad\u00e9mica del <a href=\"https:\/\/www.ucm.es\/ITEM\" target=\"_blank\" rel=\"noopener noreferrer\">Instituto del Teatro de Madrid (ITEM)<\/a> de la <a href=\"https:\/\/www.ucm.es\" target=\"_blank\" rel=\"noopener noreferrer\">UCM<\/a> editada en Madrid por <a href=\"http:\/\/www.ucm.es\/ediciones-complutense\" target=\"_blank\" rel=\"noopener noreferrer\">Ediciones Complutense<\/a>. Se trata de una revista de investigaci\u00f3n que publica trabajos in\u00e9ditos en estudios teatrales, que est\u00e1 centrada en el estudio del teatro del universo hisp\u00e1nico y que aspira a convertirse en la referencia en este \u00e1mbito.<\/p><p><a href=\"https:\/\/revistas.ucm.es\/index.php\/TRET\" target=\"_blank\" rel=\"noopener noreferrer\">Tal\u00eda. Revista de estudios teatrales<\/a> entiende el g\u00e9nero teatral tanto en sus dimensiones textual y esc\u00e9nica como en la de pr\u00e1ctica cultura. La publicaci\u00f3n se circunscribe al teatro del \u00e1mbito hisp\u00e1nico, entendido de una manera abarcadora: adem\u00e1s del teatro en espa\u00f1ol que se desarrolla en Espa\u00f1a y Am\u00e9rica Latina, se tendr\u00e1n tambi\u00e9n en cuenta los teatros en otras lenguas que se desarrollen en esos territorios (catal\u00e1n, euskera, gallego, quechua, aymara, etc.) as\u00ed como el teatro en espa\u00f1ol que se desarrolle fuera del mundo hisp\u00e1nico (como, por ejemplo, el teatro hispano en Estados Unidos).<\/p>\n<div class=\"container-newsbutton\">\n<a class=\"cdab-newsbuttonlink\" href=\"https:\/\/revistas.ucm.es\/index.php\/TRET\" target=\"_blank\" rel=\"noopener noreferrer\"><div class=\"cdab-web-newsbutton\">ACCEDER A TAL\u00cdA<\/div><\/a><\/div>\n<\/div><\/div>\n\n<div id=\"teatro\" class=\"csvv-right2021\">\n<div class=\"csvv-card2021\"><div class=\"cdab-especial-covid19-card-icon teatro\"><i class=\"fa fa-comments-o\" aria-hidden=\"true\"><\/i><\/div><div class=\"cdab-especial-covid19-card-title teatro\">TEATRO<\/div>\n<h3>Ciclo &#8220;Luz y Cuerpo&#8221;<\/h3>\n<p><a href=\"https:\/\/www.fundacionandreani.org.ar\" target=\"_blank\" rel=\"noopener noreferrer\">Fundaci\u00f3n Andreani<\/a> convoc\u00f3 a un grupo de artistas provenientes de las artes esc\u00e9nicas y visuales para pensar -cada uno desde sus casas- en un juego de improvisaci\u00f3n, una intervenci\u00f3n en el espacio, una interacci\u00f3n entre luz y cuerpo.<br \/>Seis duplas comenzaron a trabajar con encuentros de intercambio virtual para luego, concretar un encuentro real (respetando el distanciamiento y cumpliendo los protocolos de prevenci\u00f3n), en el espacio f\u00edsico. Un ejercicio de gesti\u00f3n cultural, con trece artistas que generaron piezas bien diversas entre s\u00ed. Breves intercambios que significaron movimiento.<\/p>\n<div align=\"center\" style=\"margin: 20px auto\"><iframe loading=\"lazy\" width=\"700\" height=\"394\" src=\"https:\/\/www.youtube.com\/embed\/?listType=playlist&#038;list=PLNhjazADX6XLU-qwuNXJTRPCClSEaLD6W\" frameborder=\"0\" allow=\"accelerometer; autoplay; encrypted-media; gyroscope; picture-in-picture\" allowfullscreen><\/iframe><\/div>\n<hr style=\"margin-bottom: 25px;\"\/>\n<p><img decoding=\"async\" class=\"cdab-tapa-instidentpoet-index publicacion-tapa\" title=\"TEATRO. Revista digital del Complejo Teatral de Buenos Aires\" src=\"http:\/\/www.arte.unicen.edu.ar\/cdab\/wp-content\/uploads\/2021\/08\/csvv-teatroctba.jpg\" alt=\"TEATRO. Revista digital del Complejo Teatral de Buenos Aires\" style=\"width: 220px; height: 302px; float: right; border: 10px solid #fff; box-shadow: 0 0 5px rgba(0, 0, 0, 0.1); -webkit-box-shadow: 0 0 5px rgba(0, 0, 0, 0.1); -moz-box-shadow: 0 0 5px rgba(0, 0, 0, 0.1); display: block; margin: 0px 0px 22px 22px;\"\/><h3>TEATRO. Revista digital del Complejo Teatral de Buenos Aires<\/h3><\/p><p>Con casi cuatro d\u00e9cadas de existencia, la revista <a href=\"https:\/\/revistateatro.complejoteatral.gob.ar\" target=\"_blank\" rel=\"noopener noreferrer\">TEATRO<\/a> es la publicaci\u00f3n oficial del <a href=\"https:\/\/www.complejoteatral.gob.ar\">Complejo Teatral de Buenos Aires<\/a> y est\u00e1 \u00edntegramente realizada por el Departamento de Publicaciones y el Departamento de Arte y Dise\u00f1o de la instituci\u00f3n. Considerada una de las revistas en lengua espa\u00f1ola m\u00e1s destacadas dentro de su campo y, sin dudas, entre las m\u00e1s perdurables de todo el periodismo cultural argentino, <a href=\"https:\/\/revistateatro.complejoteatral.gob.ar\" target=\"_blank\" rel=\"noopener noreferrer\">TEATRO<\/a> propone un acercamiento diferente a los espect\u00e1culos que se presentan en las salas del <strong>CTBA<\/strong>.<\/p>\n<p>En sus p\u00e1ginas, el lector encontrar\u00e1 notas sobre obras y autores, y ensayos acerca del contexto hist\u00f3rico y social en el cual se desarrollaron, junto a entrevistas con dramaturgos, actores, directores y dem\u00e1s protagonistas del hecho teatral. Adem\u00e1s, la revista aprovecha las ventajas del entorno digital para proponer un nuevo espacio de divulgaci\u00f3n, que incorpora materiales como audios y videos de obras, ensayos y entrevistas.<\/p>\n<p>De este modo, el <a href=\"https:\/\/www.complejoteatral.gob.ar\">Complejo Teatral de Buenos Aires<\/a> afirma su vocaci\u00f3n de fortalecer la comunicaci\u00f3n con su comunidad y tambi\u00e9n con quienes viven en otras ciudades de la Argentina y el mundo.<\/p>\n<div class=\"container-newsbutton\">\n<a class=\"cdab-newsbuttonlink\" href=\"https:\/\/revistateatro.complejoteatral.gob.ar\" target=\"_blank\" rel=\"noopener noreferrer\"><div class=\"cdab-web-newsbutton\">ACCEDER A TEATRO. REVISTA DIGITAL DEL CTBA<\/div><\/a><\/div>\n<\/div><\/div>\n\n<div id=\"audiovisual\" class=\"csvv-right2021\">\n<div class=\"csvv-card2021\"><div class=\"cdab-especial-covid19-card-icon audiovisual\"><i class=\"fa fa-film\" aria-hidden=\"true\"><\/i><\/div><div class=\"cdab-especial-covid19-card-title audiovisual\">AUDIOVISUAL<\/div>\n<p><a href=\"https:\/\/www.goethe.de\/ins\/ar\/es\/kul\/ser\/hak.html\" target=\"_blank\" rel=\"noopener noreferrer\"><img decoding=\"async\" class=\"publicacion-tapa\" src=\"http:\/\/www.arte.unicen.edu.ar\/cdab\/wp-content\/uploads\/2021\/07\/csvv-hauskino-banner.jpg\" data-fancybox=\"gallery\" data-caption=\"Cuidado social. V\u00ednculo virtual #24\"\/><\/a><\/p><p>El <a href=\"https:\/\/www.goethe.de\/ins\/ar\/es\/index.html\" target=\"_blank\" rel=\"noopener noreferrer\">Goethe-Institut en Argentina<\/a> y Uruguay y el Goethe-Zentrum en Paraguay inician a partir del 1 de junio su propia plataforma de streaming: <strong>Goethe on Demand<\/strong>. Como resultado de esta cooperaci\u00f3n entre tres pa\u00edses se presenta un programa de cine llamado <strong>HAUS-KINO<\/strong>. Todos los primeros y terceros martes del mes se mostrar\u00e1 un pel\u00edcula alemana, reciente o cl\u00e1sica, siempre con subt\u00edtulos en espa\u00f1ol. En una fecha adicional se ofrecer\u00e1 una charla, donde el p\u00fablico podr\u00e1 dialogar con los y las realizadores.<\/p>\n<h3>Agosto: Lazos de familia<\/h3>\n<p>En agosto Haus-Kino presenta una ficci\u00f3n y un documental que indagan en la b\u00fasqueda del lugar llamado <em>Heimat<\/em> en alem\u00e1n, que incluye al mismo tiempo los conceptos de un sitio de pertenencia, el pa\u00eds de origen, la patria o <em>&#8220;un espacio en el tiempo&#8221;<\/em>.<\/p>\n<p>El cl\u00e1sico <em>Malou<\/em> (1980\/81) de la cineaste Jeanine Meerapfel sigue los pasos de la joven Hannah. Para encontrarse a s\u00ed misma, la protagonista desanda el camino recorrido por su madre Malou, quien resolvi\u00f3 dejar todo para seguir a un hombre a Argentina.<\/p>\n<p>En la obra maestra <em>Heimat es un espacio en el tiempo<\/em> (2019), el documentalista Thomas Heise lleva al espectador a recorrer un siglo de la historia alemana mediante registros personales de sus familiares a lo largo de cuatro generaciones.<\/p>\n<div style=\"margin: 5px auto; text-align: center;\"><img decoding=\"async\" src=\"http:\/\/www.arte.unicen.edu.ar\/cdab\/wp-content\/uploads\/2021\/08\/csvv-programacion08hauskino.jpg\" \/><\/div>\n<div class=\"container-newsbutton\">\n<a class=\"cdab-newsbuttonlink\" href=\"https:\/\/www.goethe.de\/ins\/ar\/es\/kul\/ser\/hak.html\" target=\"_blank\" rel=\"noopener noreferrer\"><div class=\"cdab-web-newsbutton\">ACCEDER A HAUS-KINO GOETHE-INSTITUT<\/div><\/a><\/div>\n<hr style=\"margin-bottom: 25px;\"\/>\n<p><a href=\"https:\/\/complejoteatral.gob.ar\/ver\/ENCUENTRO-CON-EL-NUEVO-CINE-ITALIANO\" target=\"_blank\" rel=\"noopener noreferrer\"><img decoding=\"async\" class=\"publicacion-tapa\" src=\"http:\/\/www.arte.unicen.edu.ar\/cdab\/wp-content\/uploads\/2021\/07\/csvv-cineitaliano-banner.jpg\" data-fancybox=\"gallery\" data-caption=\"Cuidado social. V\u00ednculo virtual #24\"\/><\/a><\/p><p>El Ministerio de Cultura, a trav\u00e9s del Complejo Teatral de Buenos Aires, el Instituto Italiano de Cultura y la Fundaci\u00f3n Cinemateca Argentina han organizado un ciclo denominado <strong>Encuentro con el nuevo cine italiano<\/strong>, que se llevar\u00e1 a cabo del <strong>jueves 15 de julio al martes 24 de agosto<\/strong>, en la <a href=\"https:\/\/vivamoscultura.buenosaires.gob.ar\" target=\"_blank\" rel=\"noopener noreferrer\">plataforma del Ministerio de Cultura<\/a> y la <a href=\"https:\/\/complejoteatral.gob.ar\/cine\" target=\"_blank\" rel=\"noopener noreferrer\">web del Complejo Teatral de Buenos Aires<\/a>. El programa est\u00e1 integrado por seis largometrajes recientes, representativos de la diversidad y riqueza del cine italiano contempor\u00e1neo, e incluye t\u00edtulos dirigidos por Sergio Castellitto, Gianfranco Rosi, Cristina Comencini, Valeria Bruni Tedeschi, Paolo Virz\u00ec y Roberto And\u00f2. Cada t\u00edtulo estar\u00e1 disponible durante cinco d\u00edas.<\/p>\n<p>Los t\u00edtulos que se presentar\u00e1n durante el mes de <strong>agosto<\/strong> son:<\/p><br \/>\n<p><a href=\"http:\/\/www.arte.unicen.edu.ar\/cdab\/wp-content\/uploads\/2021\/07\/loca-alegria-poster.jpg\" data-fancybox=\"gallery\" data-caption=\"Cuidado social. V\u00ednculo virtual #24\"><img decoding=\"async\" class=\"cdab-tapa-instidentpoet-index publicacion-tapa\" title=\"Loca alegr\u00eda\" src=\"http:\/\/www.arte.unicen.edu.ar\/cdab\/wp-content\/uploads\/2021\/07\/loca-alegria-poster.jpg\" alt=\"Loca alegr\u00eda\" style=\"width: 220px; height: 302px; float: right; border: 10px solid #fff; box-shadow: 0 0 5px rgba(0, 0, 0, 0.1); -webkit-box-shadow: 0 0 5px rgba(0, 0, 0, 0.1); -moz-box-shadow: 0 0 5px rgba(0, 0, 0, 0.1); display: block; margin: 0px 0px 22px 22px;\"\/><\/a><\/p><h3>05 de agosto, 18 hs: Loca alegr\u00eda (<em>La pazza gioia<\/em>, Dir. Paolo Virz\u00ec)<\/h3>\n<p><strong><img decoding=\"async\" src=\"\/cdab\/wp-content\/themes\/cdab\/images\/space.gif\" class=\"cdab-bandera it\"\/> <img decoding=\"async\" src=\"\/cdab\/wp-content\/themes\/cdab\/images\/space.gif\" class=\"cdab-bandera fr\"\/> Italia\/Francia, 2016, 116 minutos<\/strong><\/p>\n<p>Con Valeria Bruni Tedeschi, Micaela Ramazzotti, Anna Galiena.<\/p>\n<p>Beatrice (Valeria Bruni Tedeschi) es una condesa millonaria que est\u00e1 internada en Villa Biondi, una instituci\u00f3n psiqui\u00e1trica situada en los alrededores de Pistoia. Beatrice est\u00e1 convencida de que se encuentra entre los c\u00edrculos \u00edntimos de los l\u00edderes pol\u00edticos mundiales. La vida de Beatrice da un giro con la llegada de una nueva enferma, Donatella (Micaella Ramazzotti), una joven tatuada, vulnerable e introvertida, envuelta en su propio halo de misterio.<\/p>\n<p><em>&#8220;En Italia, y en especial en el cine, cuando se habla de alienados se asocia con los internados que se liberaron con el cierre de los manicomios, en los ochenta, algo que Ermanno Cavazzoni plasm\u00f3 en un relato que reelabor\u00f3 la \u00faltima magia felliniana: La voz de la luna (1990). Pero la realidad y la est\u00e9tica actuales son otras, por lo que los (presuntos) locos de Paolo Virz\u00ec dif\u00edcilmente pod\u00edan ser concebidos con el aura angelical de los de Fellini. Sus personajes, por el contrario, se muestran densos y al borde del delito&#8221;<\/em> (N\u00e9stor Tirri, La Naci\u00f3n).<\/p><br \/><br \/>\n<p><a href=\"http:\/\/www.arte.unicen.edu.ar\/cdab\/wp-content\/uploads\/2021\/07\/le-confessioni-poster.jpg\" data-fancybox=\"gallery\" data-caption=\"Cuidado social. V\u00ednculo virtual #24\"><img decoding=\"async\" class=\"cdab-tapa-instidentpoet-index publicacion-tapa\" title=\"Le confessioni\" src=\"http:\/\/www.arte.unicen.edu.ar\/cdab\/wp-content\/uploads\/2021\/07\/le-confessioni-poster.jpg\" alt=\"Le confessioni\" style=\"width: 220px; height: 302px; float: right; border: 10px solid #fff; box-shadow: 0 0 5px rgba(0, 0, 0, 0.1); -webkit-box-shadow: 0 0 5px rgba(0, 0, 0, 0.1); -moz-box-shadow: 0 0 5px rgba(0, 0, 0, 0.1); display: block; margin: 0px 0px 22px 22px;\"\/><\/a><\/p><h3>12 de agosto, 18 hs: Le confessioni (Dir. Roberto And\u00f2)<\/h3>\n<p><strong><img decoding=\"async\" src=\"\/cdab\/wp-content\/themes\/cdab\/images\/space.gif\" class=\"cdab-bandera it\"\/> <img decoding=\"async\" src=\"\/cdab\/wp-content\/themes\/cdab\/images\/space.gif\" class=\"cdab-bandera fr\"\/> Italia\/Francia, 2016, 108 minutos<\/strong><\/p>\n<p>Con Toni Servillo, Daniel Auteuil, Lambert Wilson.<\/p>\n<p>Los economistas m\u00e1s importantes del mundo se re\u00fanen en el marco de una reuni\u00f3n del G8 en un hotel de lujo de la costa alemana. Entre los presentes tambi\u00e9n est\u00e1 un monje italiano, invitado por Daniel Roch\u00e8, director del Fondo Monetario Internacional. Roch\u00e8 quiere que el monje lo confiese, esa misma noche, en secreto. Pero a la ma\u00f1ana siguiente, Roch\u00e8 es encontrado muerto. \u00bfAsesinato o suicidio?<\/p>\n<p><em>&#8220;Para m\u00ed el monje que encarna Toni Servillo no es un representante de la Iglesia, es solo un hombre. La historia nos muestra que los monjes siempre han sido exc\u00e9ntricos y subversivos en su relaci\u00f3n con el poder central de la Iglesia. Lo que me interes\u00f3 de este personaje fue la intensidad de la experiencia humana durante su tiempo aislado en el monasterio, su h\u00e1bito al silencio. Este monje es un extra\u00f1o, un visitante indiscreto, un militante de la compasi\u00f3n, quien no tiene ninguna otra bandera sino su amor hacia los seres humanos y su fe en ellos. \u00c9l es un s\u00edmbolo, representa la ideolog\u00eda que se opone a la econom\u00eda que gobierna el mundo hoy en d\u00eda&#8221;<\/em> (Roberto And\u00f2).<\/p><br \/><br \/>\n<p><a href=\"http:\/\/www.arte.unicen.edu.ar\/cdab\/wp-content\/uploads\/2021\/07\/castillo-en-italia-poster.jpg\" data-fancybox=\"gallery\" data-caption=\"Cuidado social. V\u00ednculo virtual #24\"><img decoding=\"async\" class=\"cdab-tapa-instidentpoet-index publicacion-tapa\" title=\"Un castillo en Italia\" src=\"http:\/\/www.arte.unicen.edu.ar\/cdab\/wp-content\/uploads\/2021\/07\/castillo-en-italia-poster.jpg\" alt=\"Un castillo en Italia\" style=\"width: 220px; height: 302px; float: right; border: 10px solid #fff; box-shadow: 0 0 5px rgba(0, 0, 0, 0.1); -webkit-box-shadow: 0 0 5px rgba(0, 0, 0, 0.1); -moz-box-shadow: 0 0 5px rgba(0, 0, 0, 0.1); display: block; margin: 0px 0px 22px 22px;\"\/><\/a><\/p><h3>19 de agosto, 18 hs: Un castillo en Italia (<em>Un ch\u00e2teau en Italie<\/em>, Dir. Valeria Bruni Tedeschi)<\/h3>\n<p><strong><img decoding=\"async\" src=\"\/cdab\/wp-content\/themes\/cdab\/images\/space.gif\" class=\"cdab-bandera fr\"\/> Francia, 2013, 104 minutos<\/strong><\/p>\n<p>Con Valeria Bruni Tedeschi, Louis Garrel, Silvio Orlando.<\/p>\n<p>Louise Rossi Levi, miembro de una familia burguesa en crisis, vive a caballo entre Par\u00eds y el castillo familiar en el Norte de Italia. Un d\u00eda conoce a Nathan, un joven actor franc\u00e9s. El muchacho, indeciso e inseguro, despierta en ella sus deseos de amor y maternidad. Tercer largometraje de la realizadora y actriz franco-italiana Valeria Bruni Tedeschi.<\/p>\n<p><em>&#8220;Con El jard\u00edn de los cerezos, de Ant\u00f3n Ch\u00e9jov, como principal fuente de inspiraci\u00f3n, y su propia experiencia familiar como motor del film, Un castillo en Italia -estrenada en la competencia oficial del Festival de Cannes 2013- trabaja sobre los contrastes, las oposiciones y las dudas m\u00e1s \u00edntimas de la protagonista. El film, inquietante y por momentos inc\u00f3modo, cambia todo el tiempo de tono, de g\u00e9nero y de dimensi\u00f3n, pero nunca pierde esa sensibilidad, esa autenticidad, esa sensaci\u00f3n de que la realizadora y protagonista est\u00e1 poniendo el cuerpo (y su talento, claro) en cada uno de los fotogramas&#8221;<\/em> (Diego Battle, La Naci\u00f3n).<\/p><br \/>\n<div class=\"container-newsbutton\">\n<a class=\"cdab-newsbuttonlink\" href=\"https:\/\/complejoteatral.gob.ar\/ver\/ENCUENTRO-CON-EL-NUEVO-CINE-ITALIANO\" target=\"_blank\" rel=\"noopener noreferrer\"><div class=\"cdab-web-newsbutton\">M\u00c1S INFORMACI\u00d3N&#8230;<\/div><\/a><a class=\"cdab-newsbuttonlink\" href=\"https:\/\/vivamoscultura.buenosaires.gob.ar\" target=\"_blank\" rel=\"noopener noreferrer\" style=\"margin-left: 50px;\"><div class=\"cdab-web-newsbutton\">VER EN VIVAMOS CULTURA<\/div><\/a>\n<\/div>\n<hr style=\"margin-bottom: 25px;\"\/>\n<p><a href=\"https:\/\/www.gba.gob.ar\/mujeres\/noticias\/ciclo_de_cine_nacional_dirigido_por_mujeres\" target=\"_blank\" rel=\"noopener noreferrer\"><img decoding=\"async\" class=\"publicacion-tapa\" src=\"http:\/\/www.arte.unicen.edu.ar\/cdab\/wp-content\/uploads\/2021\/08\/csvv-proyectandofeminismos-banner.jpg\" data-fancybox=\"gallery\" data-caption=\"Cuidado social. V\u00ednculo virtual #24\"\/><\/a><\/p><p>El <a href=\"https:\/\/www.gba.gob.ar\/mujeres\" target=\"_blank\" rel=\"noopener noreferrer\">Ministerio de las Mujeres, Pol\u00edticas de G\u00e9nero y Diversidad Sexual<\/a> presenta el ciclo de cine nacional <strong>Proyectando feminismos<\/strong> a partir del <strong>1\u00ba de julio y hasta el 4 de noviembre<\/strong>.<\/p>\n<p>La actividad propone dar a conocer producciones nacionales con perspectiva de g\u00e9nero realizadas por directoras argentinas. Se proyectar\u00e1n 18 pel\u00edculas documentales que abordan distintas tem\u00e1ticas del feminismo y la diversidad sexual en el <a href=\"https:\/\/www.youtube.com\/channel\/UCLDlYd6HYVh1DGPE0G3KINw\" target=\"_blank\" rel=\"noopener noreferrer\">canal de YouTube del Ministerio<\/a>. Cada film estar\u00e1 disponible durante una semana, de jueves a jueves, cerrando con un encuentro entre directoras, protagonistas, funcionarias, referentes de organizaciones y especialistas para debatir y profundizar sobre las realidades que presentan las pel\u00edculas. Los conversatorios se trasmitir\u00e1n en vivo cada jueves a las 17 hs.<\/p>\n<p>La <strong>tem\u00e1tica abordada en el mes de agosto ser\u00e1 la violencia<\/strong> y podr\u00e1n verse los siguientes t\u00edtulos: <em>La voz propia de Valeria Sartori<\/em> (2018), <em>L\u00ednea 137<\/em> (2020) de Luc\u00eda Vassallo, <em>Femicidio. Un caso, m\u00faltiples luchas<\/em> (2019) de Mara Avila y <em>Cada 30 horas<\/em> (2016) de Alejandra Perdomo.<\/p>\n<p>Durante el mes de septiembre el eje central ser\u00e1 el trabajo. En octubre, el \u00faltimo mes del ciclo de cine, tendr\u00e1 dos ejes centrales, la primera mitad estar\u00e1 destinado a la participaci\u00f3n pol\u00edtica y el ciclo finalizar\u00e1 con films sobre la maternidad.<\/p>\n<div class=\"container-newsbutton\">\n<a class=\"cdab-newsbuttonlink\" href=\"https:\/\/www.gba.gob.ar\/mujeres\/noticias\/ciclo_de_cine_nacional_dirigido_por_mujeres\" target=\"_blank\" rel=\"noopener noreferrer\"><div class=\"cdab-web-newsbutton\">M\u00c1S INFO&#8230;<\/div><\/a><a class=\"cdab-newsbuttonlink\" href=\"https:\/\/www.youtube.com\/channel\/UCLDlYd6HYVh1DGPE0G3KINw\" target=\"_blank\" rel=\"noopener noreferrer\" style=\"margin-left: 50px;\"><div class=\"cdab-youtube-newsbutton\">VER CICLO PROYECTANDO FEMINISMOS<\/div><\/a>\n<\/div>\n<\/div><\/div>\n\n<div id=\"formacion\" class=\"csvv-right2021\">\n<div class=\"csvv-card2021\"><div class=\"cdab-especial-covid19-card-icon formacioncontinua\"><i class=\"fa fa-university\" aria-hidden=\"true\" style=\"margin-left: 3px;\"><\/i><\/div><div class=\"cdab-especial-covid19-card-title formacioncontinua\">FORMACI\u00d3N <span style=\"font-size: 16px;\">(Secci\u00f3n coordinada por la Secretar\u00eda Acad\u00e9mica de la Facultad de Arte)<\/span><\/div>\n<p><a href=\"https:\/\/moodle.rec.unicen.edu.ar\/\/unipedia\/course\/index.php?categoryid=37\" target=\"_blank\" rel=\"noopener noreferrer\"><img decoding=\"async\" class=\"publicacion-tapa\" src=\"http:\/\/www.arte.unicen.edu.ar\/cdab\/wp-content\/uploads\/2021\/04\/csvv-distanciaarte-banner.jpg\" data-fancybox=\"gallery\" data-caption=\"Cuidado social. V\u00ednculo virtual #24\"\/><\/a><\/p>\n<p>La integraci\u00f3n del mundo universitario a los procesos complejos de globalizaci\u00f3n, propiciados por la revoluci\u00f3n de las TIC, supone enfrentar nuevos retos en el contexto de las din\u00e1micas posmodernas de universalidad de la cultura, de la comunicaci\u00f3n y conocimiento. Ante la problem\u00e1tica mundial ocasionada por la pandemia, repentinamente los Sistemas Educativos de la mayor\u00eda de los pa\u00edses se vieron obligados a seguir ense\u00f1ando de manera virtual, en lo que muchos especialistas llamaron una &#8220;educaci\u00f3n remota de emergencia&#8221;. En este escenario, las fronteras entre la virtualidad y la presencialidad se corrieron para  brindar la posibilidad de revisar las concepciones sobre la ense\u00f1anza y las pr\u00e1cticas existentes. Algunos de los actuales debates educativos intentan desarticular las tensiones entre estos modelos.<\/p>\n<p>\u00bfLa educaci\u00f3n h\u00edbrida es un desaf\u00edo postpandemia o es una oportunidad para redefinir el espacio y el tiempo pedag\u00f3gicos? \u00bfEs necesario repensar los roles de docentes y estudiantes? \u00bfQu\u00e9 metodolog\u00edas favorecen este nuevo escenario? \u00bfC\u00f3mo combinar herramientas y recursos did\u00e1cticos de la modalidad presencial y virtual, respetando la identidad, la cultura y la especificidad de los procesos de trabajo institucionales?<\/p>\n<p>Valeria Odetti, Coordinadora Pedag\u00f3gica de la Diplomatura Superior en Educaci\u00f3n y Tecnolog\u00edas del PENT FLACSO, profundiza en el concepto de &#8220;educaci\u00f3n h\u00edbrida&#8221; e invita a reflexionar sobre las claves para planificar experiencias educativas valiosas que combinen modalidades presenciales y virtuales.<\/p>\n<h3>Educar en formatos h\u00edbridos. Aportes desde la did\u00e1ctica<\/h3>\n<p>Invitamos a visionar la videconferencia <em>Educar en formatos h\u00edbridos. Aportes desde la did\u00e1ctica<\/em> a cargo de <strong>Valeria Odetti<\/strong> desde Facebook Live:<\/p>\n<div style=\"width: 100%; margin: 10px auto 0px; text-align: center;\"><a href=\"https:\/\/www.facebook.com\/watch\/live\/?v=1152323185186573\" target=\"_blank\" rel=\"noopener noreferrer\" id=\"sin-fancybox\"><img decoding=\"async\" class=\"aligncenter publicacion-tapa sin-fancybox\" src=\"http:\/\/www.arte.unicen.edu.ar\/cdab\/wp-content\/uploads\/2021\/07\/csvv-videoconferencia-profuturo.jpg\" data-fancybox=\"gallery\" data-caption=\"Cuidado social. V\u00ednculo virtual #24\"\/><\/a><\/div>\n<div class=\"container-newsbutton\">\n<a class=\"cdab-newsbuttonlink\" href=\"https:\/\/www.facebook.com\/watch\/live\/?v=1152323185186573\" target=\"_blank\" rel=\"noopener noreferrer\"><div class=\"cdab-facebook-newsbutton\">VIDEOCONFERENCIA &#8220;EDUCAR EN FORMATOS H\u00cdBRIDOS&#8221;<\/div><\/a>\n<\/div>\n<p><br \/>Para continuar pensando juntos en estas problem\u00e1ticas, el <a href=\"https:\/\/moodle.rec.unicen.edu.ar\/\/unipedia\/course\/index.php?categoryid=37\" target=\"_blank\" rel=\"noopener noreferrer\">Programa de Educaci\u00f3n a Distancia<\/a> invita a los docentes de la Facultad a explorar otros materiales compartidos en <strong>UNIPEDIA<\/strong> \/ <strong>FORMACI\u00d3N VIRTUAL<\/strong>.<\/p>\n<div class=\"container-newsbutton\">\n<a class=\"cdab-newsbuttonlink\" href=\"https:\/\/moodle.rec.unicen.edu.ar\/unipedia\/course\/view.php?id=347\" target=\"_blank\" rel=\"noopener noreferrer\"><div class=\"cdab-web-newsbutton\">ACCEDER A PLATAFORMA DE EDUCACI\u00d3N A DISTANCIA<\/div><\/a>\n<\/div>\n<\/div><\/div>\n\n<div id=\"investigacion\" class=\"csvv-right2021\">\n<div class=\"csvv-card2021\"><div class=\"cdab-especial-covid19-card-icon posgrado\"><i class=\"fa fa-graduation-cap\" aria-hidden=\"true\" style=\"margin-left: 3px;\"><\/i><\/div><div class=\"cdab-especial-covid19-card-title posgrado\">INVESTIGACI\u00d3N Y POSGRADO<\/div>\n<h3>XII Jornadas Internacionales\/Nacionales de Historia, Arte y Pol\u00edtica<br \/><span style=\"font-size: 16px;\">Homenaje a Fernando &#8220;Pino&#8221; Solanas<\/span><\/h3>\n<div align=\"center\" style=\"margin: 20px auto\"><iframe loading=\"lazy\" width=\"700\" height=\"394\" src=\"https:\/\/www.youtube.com\/embed\/nflkNZ-R4qw\" frameborder=\"0\" allow=\"accelerometer; autoplay; encrypted-media; gyroscope; picture-in-picture\" allowfullscreen><\/iframe><\/div>\n<hr style=\"margin-bottom: 25px;\"\/>\n<h3>XII Jornadas Internacionales\/Nacionales de Historia, Arte y Pol\u00edtica<br \/><span style=\"font-size: 16px;\">Cine, mundo del trabajo y f\u00e1bricas recuperadas | Diego Scarponi (Director &#8220;IMPA la citt\u00e0&#8221;, 2020)<\/span><\/h3>\n<div align=\"center\" style=\"margin: 20px auto\"><iframe loading=\"lazy\" width=\"700\" height=\"394\" src=\"https:\/\/www.youtube.com\/embed\/6wfS3zrCenw\" frameborder=\"0\" allow=\"accelerometer; autoplay; encrypted-media; gyroscope; picture-in-picture\" allowfullscreen><\/iframe><\/div>\n<hr style=\"margin-bottom: 25px;\"\/>\n<h3>XII Jornadas Internacionales\/Nacionales de Historia, Arte y Pol\u00edtica<br \/><span style=\"font-size: 16px;\">En di\u00e1logo con M\u00f3nica Villa<\/span><\/h3>\n<div align=\"center\" style=\"margin: 20px auto\"><iframe loading=\"lazy\" width=\"700\" height=\"394\" src=\"https:\/\/www.youtube.com\/embed\/ka3ZKPd8UkE\" frameborder=\"0\" allow=\"accelerometer; autoplay; encrypted-media; gyroscope; picture-in-picture\" allowfullscreen><\/iframe><\/div>\n<p>Todos los contenidos de las <strong>XII Jornadas Internacionales\/Nacionales de Historia, Arte y Pol\u00edtica<\/strong> se pueden visionar en <a href=\"http:\/\/www.artexver.tv\" target=\"_blank\" rel=\"noopener noreferrer\">artexver<\/a>.<\/p>\n<div class=\"container-newsbutton\">\n<a class=\"cdab-newsbuttonlink\" href=\"https:\/\/www.artexver.tv\/serie\/jinhap\" target=\"_blank\" rel=\"noopener noreferrer\"><div class=\"cdab-artexver-newsbutton\"><\/div><\/a><\/div>\n<hr style=\"margin-bottom: 25px;\"\/>\n<h3>CDAB en movimiento 2021<br \/><span style=\"font-size: 16px;\">Tres libros, tres miradas sobre investigaci\u00f3n art\u00edstica: Eugenia Cad\u00fas, Mariela Olivera y Ricardo Dubatti &#8211; Departamento de Historia y Teor\u00eda del Arte<\/span><\/h3><p>El <a href=\"https:\/\/www.arte.unicen.edu.ar\/institucional\/departamentos\/historia-y-teoria-del-arte\" target=\"_blank\" rel=\"noopener noreferrer\">Departamento de Historia y Teor\u00eda del Arte<\/a> nuclea diversas c\u00e1tedras de las carreras de <a href=\"https:\/\/www.arte.unicen.edu.ar\/carreras\/grado\/profesorado-de-teatro\/perfil-del-egresado_\" target=\"_blank\" rel=\"noopener noreferrer\">Profesorado<\/a> y <a href=\"\" target=\"_blank\" rel=\"noopener noreferrer\">Licenciado en Teatro<\/a> y <a href=\"\" target=\"\" rel=\"noopener noreferrer\">Realizaci\u00f3n Integral en Artes Audiovisuales<\/a> de la <a href=\"http:\/\/www.arte.unicen.edu.ar\" target=\"_blank\" rel=\"noopener noreferrer\">Facultad de Arte<\/a> de la <a href=\"http:\/\/www.unicen.edu.ar\" target=\"_blank\" rel=\"noopener noreferrer\">Universidad Nacional del Centro de la Provincia de Buenos Aires<\/a>. Asimismo, desarrolla encuentros acad\u00e9micos como las <strong>Jornadas Internacionales\/Nacionales de Historia, Arte y Pol\u00edtica<\/strong> y proyectos de investigaci\u00f3n en el \u00e1mbito art\u00edstico.<\/p>\n<p>Durante su presentaci\u00f3n en <a href=\"http:\/\/www.arte.unicen.edu.ar\/cdab\/enmovimiento\" target=\"_blank\" rel=\"noopener noreferrer\">CDAB en movimiento<\/a>: Mar\u00eda Amelia Garc\u00eda y Juan Manuel Padr\u00f3n refieren a las actividades del Departamento; Ricardo Dubatti conversa sobre su libro <em>La guerra de Malvinas en el teatro argentino<\/em> con Diana Barreyra; Teresita Mar\u00eda Victoria Fuentes presenta a Eugenia Cad\u00fas y Yanina Leonardi en di\u00e1logo sobre <em>Danza y peronismo. Disputas entre cultura de elite y culturas populares<\/em>; Jorge Dubatti introduce <em>Los secretos de la quietud. La estatua viviente, una teatralidad liminal<\/em> de Mariela Olivera con lectura de fragmentos a cargo de Abril Ocampos.<\/p>\n<div align=\"center\" style=\"margin: 20px auto\"><iframe loading=\"lazy\" width=\"700\" height=\"394\" src=\"https:\/\/www.youtube.com\/embed\/MRyLkNqIGrc\" frameborder=\"0\" allow=\"accelerometer; autoplay; encrypted-media; gyroscope; picture-in-picture\" allowfullscreen><\/iframe><\/div>\n<div class=\"container-newsbutton\">\n<a class=\"cdab-newsbuttonlink\" href=\"http:\/\/www.arte.unicen.edu.ar\/cdab\/enmovimiento\" target=\"_blank\" rel=\"noopener noreferrer\"><div class=\"cdab-cdab-newsbutton\">MICROSITIO CDAB EN MOVIMIENTO 2021<\/div><\/a><\/div>\n<\/div><\/div>\n\n<div id=\"graduadxs\" class=\"csvv-right2021\">\n<div class=\"csvv-card2021\"><div class=\"cdab-especial-covid19-card-icon posgrado\"><i class=\"fa fa-graduation-cap\" aria-hidden=\"true\" style=\"margin-left: 3px;\"><\/i><\/div><div class=\"cdab-especial-covid19-card-title posgrado\">DE NUESTRXS GRADUADXS<\/div>\n<p><img loading=\"lazy\" decoding=\"async\" width=\"200\" height=\"125\" class=\"alignleft\" style=\"border: 0px;\" src=\"http:\/\/www.arte.unicen.edu.ar\/cdab\/wp-content\/uploads\/2021\/02\/csvv-formacioncontinua-logo.jpg\" alt=\"Formaci\u00f3n Continua | Secretar\u00eda de Investigaci\u00f3n y Posgrado\" title=\"Formaci\u00f3n Continua | Secretar\u00eda de Investigaci\u00f3n y Posgrado\" \/>El <a href=\"http:\/\/www.arte.unicen.edu.ar\/formacion-continua\" target=\"_blank\" rel=\"noopener noreferrer\">\u00c1rea de Formaci\u00f3n Continua<\/a> de la <a href=\"http:\/\/www.arte.unicen.edu.ar\/secretarias\/investigacion-posgrado\" target=\"_blank\" rel=\"noopener noreferrer\">Secretar\u00eda de Investigaci\u00f3n y Posgrado<\/a> de la <a href=\"http:\/\/www.arte.unicen.edu.ar\" target=\"_blank\" rel=\"noopener noreferrer\">Facultad de Arte<\/a> propone cursos, encuentros y brinda informaci\u00f3n sobre diversas convocatorias que son de especial inter\u00e9s para graduadxs de nuestras carreras.<\/p><p>Para m\u00e1s informaci\u00f3n ingresar a <a href=\"http:\/\/www.arte.unicen.edu.ar\/formacion-continua\" target=\"_blank\" rel=\"noopener noreferrer\">www.arte.unicen.edu.ar\/formacion-continua<\/a> o contactarse v\u00eda e-mail a: <a href=\"mailto:formacioncontinua @ arte.unicen.edu.ar\">formacioncontinua@arte.unicen.edu.ar<\/a><\/p>\n<hr style=\"margin-bottom: 25px;\"\/>\n<h3>Sumergidas. Experiencias de graduadxs<br \/><span style=\"font-size: 16px;\">Episodio 2: Herencia y pertenencia con Javier Lester<\/span><\/h3>\n<p>Podcast presentado por el \u00e1rea de <a href=\"http:\/\/www.arte.unicen.edu.ar\/formacion-continua\" target=\"_blank\" rel=\"noopener noreferrer\">Formaci\u00f3n Continua<\/a> de la <a href=\"http:\/\/www.arte.unicen.edu.ar\/secretarias\/investigacion-posgrado\" target=\"_blank\" rel=\"noopener noreferrer\">Secretar\u00eda de Investigaci\u00f3n y Posgrado<\/a> de la <a href=\"http:\/\/www.arte.unicen.edu.ar\" target=\"_blank\" rel=\"noopener noreferrer\">Facultad de Arte<\/a>. En esta primera entrega, &#8220;Herencia y pertenencia&#8221; con <strong>Javier Lester<\/strong>.<\/p>\n<p>Una idea original de Mar\u00eda Emilia Zarini y Ver\u00f3nica Rodr\u00edguez. Montaje sonoro: Mat\u00edas Petrini.<\/p>\n<div align=\"center\" style=\"margin: 20px auto 5px;\"><p><iframe loading=\"lazy\" src=\"https:\/\/open.spotify.com\/embed\/episode\/0A69ItePxb0JoAnGlOmA1j?theme=0\" width=\"100%\" height=\"160\" frameborder=\"0\" allowtransparency=\"true\" allow=\"encrypted-media\"><\/iframe><\/p><\/div>\n<hr style=\"margin-bottom: 25px;\"\/>\n<p><a href=\"https:\/\/www.soundcloud.com\/ritosdepaso\" target=\"_blank\" rel=\"noopener noreferrer\"><img decoding=\"async\" class=\"publicacion-tapa\" src=\"http:\/\/www.arte.unicen.edu.ar\/cdab\/wp-content\/uploads\/2021\/07\/csvv-tcpa-banner.jpg\" data-fancybox=\"gallery\" data-caption=\"Cuidado social. V\u00ednculo virtual #24\"\/><\/a><\/p><p><a href=\"https:\/\/www.artexver.tv\/serie\/todo-camino-puede-andar\" target=\"_blank\" rel=\"noopener noreferrer\">Todo camino puede andar<\/a>, el ciclo de charlas organizado por el <a href=\"http:\/\/www.arte.unicen.edu.ar\/formacion-continua\" target=\"_blank\" rel=\"noopener noreferrer\">\u00c1rea de Formaci\u00f3n Continua<\/a> de la <a href=\"http:\/\/www.arte.unicen.edu.ar\/secretarias\/investigacion-posgrado\" target=\"_blank\" rel=\"noopener noreferrer\">Secretar\u00eda de Investigaci\u00f3n y Posgrado<\/a> de la <a href=\"http:\/\/www.arte.unicen.edu.ar\" target=\"_blank\" rel=\"noopener noreferrer\">Facultad de Arte<\/a>, regres\u00f3 el pasado lunes 28 de junio con un encuentro titulado <em>Teatro(s) en contextos de excepcionalidad<\/em>. La actividad propici\u00f3 el di\u00e1logo entre graduadxs de Teatro para conocer c\u00f3mo han sostenido, desarrollado o creado propuestas en el a\u00f1o 2020-2021, contexto excepcional mediante. Entre sus experiencias existe una gran diversidad que va desde las pr\u00e1cticas pedag\u00f3gicas desarrolladas en pandemia, las intervenciones urbanas, la apertura de espacios independientes, las funciones teatrales desde la virtualidad, y las producciones audiovisuales a partir de una pr\u00e1ctica teatral.<\/p>\n<p>Las experiencias y graduadxs convocadxs en esta ocasi\u00f3n son:<\/p>\n<ul style=\"margin: 0px 0px 25px 75px;\"><li>Colectivo de Intervenciones art\u00edsticas CONCHA (Tandil): Gullermina Buckle, Josefina Equiza, Pilar Jaureguiberry, Bel\u00e9n Tocino, Agustina Villanes.<\/li> \n<li>Proyecto Adolescentes de la Escuela Municipal de Teatro de Tandil: Soledad Lami.<\/li>\n<li>Teatro Lata C\u00eda. de formas animadas (Rio Gallegos, Santa Cruz): Moira Gisela Hern\u00e1ndez y Carlos Omar Catrihuala<\/li> \n<li>AONI | Estudio Teatral (Rio Gallegos, Santa Cruz): Ignacio Aguirre<\/li>\n<li>&#8220;La Mercer\u00eda&#8221;, espacio Teatral, obra &#8220;Bicha&#8221; de Mariana Ozafrain (La Plata): Noelia Almassio.<\/li><\/ul>\n<div align=\"center\" style=\"margin: 20px auto\"><iframe loading=\"lazy\" width=\"700\" height=\"394\" src=\"https:\/\/www.youtube.com\/embed\/FFcU4PkpgXM\" frameborder=\"0\" allow=\"accelerometer; autoplay; encrypted-media; gyroscope; picture-in-picture\" allowfullscreen><\/iframe><\/div>\n<\/div><\/div>\n\n<div id=\"links\" class=\"csvv-right2021\">\n<div class=\"csvv-card2021\"><div class=\"cdab-especial-covid19-card-icon weblink\"><i class=\"fa fa-hand-pointer-o\" aria-hidden=\"true\"><\/i><\/div><div class=\"cdab-especial-covid19-card-title weblink\">LINKS DE INTER\u00c9S &amp; CONVOCATORIAS<\/div>\n<p><a href=\"http:\/\/www.inteatro.gob.ar\/noticias\/23o-concurso-nacional-de-obras-de-teatro-teat-17853\" target=\"_blank\" rel=\"noopener noreferrer\"><img decoding=\"async\" class=\"publicacion-tapa\" src=\"http:\/\/www.arte.unicen.edu.ar\/cdab\/wp-content\/uploads\/2021\/08\/csvv-teatronuevasmiradas-banner.jpg\" data-fancybox=\"gallery\" data-caption=\"Cuidado social. V\u00ednculo virtual #24\"\/><\/a><\/p><p>A 40 a\u00f1os de <strong>Teatro Abierto<\/strong>, pieza fundamental de la resistencia art\u00edstica y social contra la dictadura, el <strong>SADA (Sindicato Argentino de Autoras\/es)<\/strong>, <a href=\"https:\/\/www.argentores.org.ar\" target=\"_blank\" rel=\"noopener noreferrer\">Argentores<\/a> y el <a href=\"http:\/\/www.inteatro.gob.ar\" target=\"_blank\" rel=\"noopener noreferrer\">Instituto Nacional del Teatro (INT)<\/a> convocan a autoras\/es teatrales a participar del Concurso <strong>Teatro abierto a nuevas miradas<\/strong> al que se podr\u00e1 aplicar <strong>entre el 23 de julio y el 23 de septiembre de 2021<\/strong>.<\/p>\n<p>Uno de los objetivos tem\u00e1ticos de este certamen es resaltar la capacidad social del teatro, cualidad que se encarn\u00f3 en <strong>Teatro Abierto<\/strong>. Se invita a las y los creadores a presentar obras que, dentro de la variedad de tem\u00e1ticas que pueden definirse como de &#8220;teatro social o pol\u00edtico&#8221; se propongan problematizar o reflexionar acerca de las cuestiones que hacen a nuestra vida en sociedad, nuestra historia o nuestra forma de ser. Valorizando especialmente la incorporaci\u00f3n de nuevas perspectivas y miradas.<\/p>\n<p>Se seleccionar\u00e1n <strong>4 obras por cada regi\u00f3n del pa\u00eds<\/strong>. Las 24 obras elegidas ser\u00e1n publicadas en formato papel y digital por la <a href=\"http:\/\/www.inteatro.gob.ar\/Editorial\" target=\"_blank\" rel=\"noopener noreferrer\">Editorial INTeatro<\/a>. Se otorgar\u00e1n, adem\u00e1s, <strong>6 premios de 120 mil pesos<\/strong> (uno por cada regi\u00f3n) a las obras destacadas de acuerdo al orden de m\u00e9rito nacional. El jurado est\u00e1 integrado por: <strong>Roberto Perinelli<\/strong>, <strong>Sandra Franzen<\/strong>, <strong>Gaston Krahulec<\/strong>, <strong>Lorena L\u00f3pez<\/strong> y <strong>Susy Shock<\/strong>.<\/p>\n<div class=\"container-newsbutton\">\n<a class=\"cdab-newsbuttonlink\" href=\"http:\/\/inteatro.gob.ar\/convocatorias\/archivos\/INT23.pdf\" target=\"_blank\" rel=\"noopener noreferrer\"><div class=\"cdab-pdf-newsbutton\">BASES Y CONDICIONES<\/div><\/a><a class=\"cdab-newsbuttonlink\" href=\"http:\/\/www.inteatro.gob.ar\/convocatorias\/23-concurso-obras-breves.html\" target=\"_blank\" rel=\"noopener noreferrer\"><div class=\"cdab-web-newsbutton\" style=\"margin-left: 40px;\">FORMULARIO DE INSCRIPCI\u00d3N<\/div><\/a><\/div>\n<hr style=\"margin-bottom: 25px;\"\/>\n<p><a href=\"http:\/\/inteatro.gob.ar\/noticias\/becas-de-investigacion-resistencias-teatrales-17852\" target=\"_blank\" rel=\"noopener noreferrer\"><img decoding=\"async\" class=\"publicacion-tapa\" src=\"http:\/\/www.arte.unicen.edu.ar\/cdab\/wp-content\/uploads\/2021\/08\/csvv-resistenciasteatrales-banner.jpg\" data-fancybox=\"gallery\" data-caption=\"Cuidado social. V\u00ednculo virtual #24\"\/><\/a><\/p><p><strong>Hasta el 23 de septiembre<\/strong> se encuentra abierta la convocatoria para la nueva l\u00ednea dirigida a investigadores\/as de todo el pa\u00eds, como parte del homenaje al ciclo <strong>Teatro Abierto<\/strong> en v\u00edsperas del 40 aniversario de su realizaci\u00f3n.<\/p>\n<p>El <a href=\"http:\/\/www.inteatro.gob.ar\" target=\"_blank\" rel=\"noopener noreferrer\">Instituto Nacional del Teatro (INT)<\/a> otorgar\u00e1 <strong>48 becas individuales o grupales<\/strong>, dos por provincia, para investigaciones centradas en la tem\u00e1tica <em>Resistencias teatrales y terrorismo de Estado en Argentina<\/em>. De esta manera se revalorizan las experiencias de organizaci\u00f3n del sector teatral en cada uno de los territorios de nuestro pa\u00eds, para sobreponerse a los cr\u00edmenes, las persecuciones y hostigamientos perpetrados durante de la \u00faltima dictadura c\u00edvico-militar, recuperando las memorias, los hechos hist\u00f3ricos y las huellas vigentes en el presente.<\/p>\n<p>Los trabajos deber\u00e1n referirse a experiencias acontecidas en la regi\u00f3n por la cual se postula y comenzar durante el segundo semestre del a\u00f1o 2021, finalizando como m\u00e1ximo dos a\u00f1os despu\u00e9s de haber sido iniciados. <strong>El monto a otorgar por cada beca ser\u00e1 de hasta $172.380.<\/strong><\/p>\n<div class=\"container-newsbutton\">\n<a class=\"cdab-newsbuttonlink\" href=\"http:\/\/inteatro.gob.ar\/Files\/Formularios\/Formulario_bd1d2133-cf63-43f0-a4fc-7b99751c5557.pdf\" target=\"_blank\" rel=\"noopener noreferrer\"><div class=\"cdab-pdf-newsbutton\">REGLAMENTO Y SOLICITUD<\/div><\/a><\/div>\n<hr style=\"margin-bottom: 25px;\"\/>\n<p><a href=\"https:\/\/www.cultura.gob.ar\/premio-nacional-de-cuentos-de-amor-silvina-ocampo-10830\" target=\"_blank\" rel=\"noopener noreferrer\"><img decoding=\"async\" class=\"publicacion-tapa\" src=\"http:\/\/www.arte.unicen.edu.ar\/cdab\/wp-content\/uploads\/2021\/08\/csvv-cuentosdeamor-banner.jpg\" data-fancybox=\"gallery\" data-caption=\"Cuidado social. V\u00ednculo virtual #24\"\/><\/a><\/p><p style=\"margin: 0px 0px 0px 120px; font-size: 12px;\"><em>&#8220;No es verdad que haya desaparecido el amor rom\u00e1ntico: s\u00f3lo ha pasado a la clandestinidad y desde ah\u00ed habla hasta por los codos. El amor puede nacer en una letrina, en medio de una org\u00eda, por wasap o en la cola del hisopado. Del miri\u00f1aque al barbijo, del velo a la sunga, en una celda estrecha o con distancia de protocolo, el coraz\u00f3n disparado sigue adelante m\u00e1s all\u00e1 de la historia. El amor no siempre es m\u00e1s fuerte pero no para de contar. Y lo que cuenta no es privilegio de escritores y artistas: tode enamorade es capaz de adornar su lengua hasta volverla bella, imparable y desatada. Contanos tu cuento de amor. H\u00e9tero, torta, trans, plat\u00f3nico, animal, imposible, infernal, prohibido o superficial, zonzo o intelectual. Todos valen. Y encima hay premios&#8221;<\/em><\/p><p style=\"text-align: right; font-size: 12px;\">Mar\u00eda Moreno<\/p>\n<p>El Museo del Libro y de la Lengua y el <a href=\"https:\/\/www.cultura.gob.ar\" target=\"_blank\" rel=\"noopener noreferrer\">Ministerio de Cultura de la Naci\u00f3n<\/a> lanzan el <strong>Premio Nacional de Cuentos de Amor &#8220;Silvina Ocampo. Am\u00e9 dieciocho veces, pero recuerdo s\u00f3lo tres&#8221;<\/strong>. La convocatoria se extiende del <strong>27 de julio de 2021 hasta el 27 de agosto de 2021<\/strong>.<\/p>\n<p>Podr\u00e1 participar toda persona, argentina nativa o naturalizada y\/o residente de Argentina, mayor de 18 a\u00f1os que poseea domicilio real en el pa\u00eds. Cada participante podr\u00e1 postular un cuento de tem\u00e1tica amorosa, en espa\u00f1ol, en las lenguas de los pueblos originarios (acompa\u00f1ado por una traducci\u00f3n al castellano) o en braille.<\/p>\n<p>Se seleccionar\u00e1n <strong>3 (tres) cuentos<\/strong>, cuyos autores recibir\u00e1n: un <strong>primer premio de $100.000<\/strong> (cien mil pesos argentinos), <strong>dos segundos premios de $50.000<\/strong> (cincuenta mil pesos argentinos) cada uno. El jurado est\u00e1 compuesto por <strong>Gabriela Cabez\u00f3n C\u00e1mara<\/strong>, <strong>Cynthia Rimsky<\/strong> y <strong>Cristian Wachi Molina<\/strong>.\n<div class=\"container-newsbutton\">\n<a class=\"cdab-newsbuttonlink\" href=\"https:\/\/www.cultura.gob.ar\/premio-nacional-de-cuentos-de-amor-silvina-ocampo-10830\" target=\"_blank\" rel=\"noopener noreferrer\"><div class=\"cdab-web-newsbutton\">M\u00c1S INFO&#8230;<\/div><\/a><a class=\"cdab-newsbuttonlink\" href=\"https:\/\/www.cultura.gob.ar\/media\/uploads\/reglamento_de_bases_y_condiciones_13.7.doc\" target=\"_blank\" rel=\"noopener noreferrer\" style=\"margin-left: 40px;\"><div class=\"cdab-web-newsbutton\">BASES Y CONDICIONES<\/div><\/a><a class=\"cdab-newsbuttonlink\" href=\"https:\/\/www.bn.gov.ar\/form-concurso\" target=\"_blank\" rel=\"noopener noreferrer\"><div class=\"cdab-web-newsbutton\" style=\"margin-left: 40px;\">FORMULARIO DE INSCRIPCI\u00d3N<\/div><\/a><\/div>\n<hr style=\"margin-bottom: 25px;\"\/>\n<\/p><p><a href=\"https:\/\/www.cultura.gob.ar\/primera-convocatoria-de-gestionar-futuro-fondos-federales-para-proyect-10836\" target=\"_blank\" rel=\"noopener noreferrer\"><img decoding=\"async\" class=\"publicacion-tapa\" src=\"http:\/\/www.arte.unicen.edu.ar\/cdab\/wp-content\/uploads\/2021\/08\/csvv-gestionarfuturo-banner.jpg\" data-fancybox=\"gallery\" data-caption=\"Cuidado social. V\u00ednculo virtual #24\"\/><\/a><\/p><p><strong>Gestionar Futuro<\/strong> es un programa de la Secretar\u00eda de Gesti\u00f3n Cultural, dirigido a gestores y gestoras culturales, que brindar\u00e1 apoyo econ\u00f3mico para realizar proyectos que impulsen la reactivacio\u0301n productiva y fortalezcan el entramado cultural en todo el pa\u00eds. Cada regi\u00f3n cuenta con un presupuesto preasignado y con un Comit\u00e9 Evaluador propio para seleccionar los proyectos que se postulen.<\/p>\n<p>La convocatoria est\u00e1 dirigida a <strong>gestores y gestoras que realicen tareas, colaboren, propongan y\/o coordinen proyectos culturales<\/strong>. Se entiende al gestor y gestora cultural en sentido amplio: del \u00e1mbito privado, comunitario, acad\u00e9mico, sindical o productivo. Pueden participar trabajadores de la cultura, editores, managers, representantes art\u00edsticos, productores, artistas autogestivos, referentes territoriales; representantes de los colectivos LGTBIQ+, de colectivos feministas, de las identidades afro, de pueblos y naciones ind\u00edgenas, de diferentes credos; y todos aquellos y aquellas que tengan un proyecto vinculado al \u00e1mbito cultural.<\/p>\n<p>Los proyectos podr\u00e1n presentarse del <strong>23 de julio hasta el 5 de septiembre<\/strong>, de <strong>forma individual o grupal<\/strong> (entre dos o m\u00e1s gestores) y podr\u00e1n solicitar <strong>hasta $400.000<\/strong>. En caso de presentaciones grupales, se tendr\u00e1 que designar un Responsable del Proyecto ante el Ministerio de Cultura, que debe residir en la regi\u00f3n en la que se presenta. Las iniciativas tambi\u00e9n podr\u00e1n incorporar Aliados Estrat\u00e9gicos, con el fin de sumar apoyos y ampliar su alcance. Pueden ser instituciones educativas, \u00e1reas de gobierno, organizaciones o instituciones vinculadas al <a href=\"https:\/\/www.cultura.gob.ar\" target=\"_blank\" rel=\"noopener noreferrer\">Ministerio de Cultura<\/a> (Puntos de Cultura, Bibliotecas populares CONABIP, Salas INT, Salas INAMU, Casas del Bicentenario, Museos Nacionales, entre otras), o cualquier otra organizaci\u00f3n o instituci\u00f3n p\u00fablica o privada.<\/p>\n<p>Los proyectos deber\u00e1n enmarcarse en l\u00edneas de trabajo. Se podr\u00e1n seleccionar hasta tres l\u00edneas, definiendo una como la principal:<\/p>\n<ul style=\"margin: 0px 25px 0px 70px;\"><li><strong>Producci\u00f3n.<\/strong> Materializaci\u00f3n. Realizaci\u00f3n de contenidos culturales en formato virtual y\/o presencial.<\/li>\n<li><strong>Innovaci\u00f3n.<\/strong> Desarrollo de nuevas formas de organizaci\u00f3n, creaci\u00f3n, producci\u00f3n, gesti\u00f3n y dise\u00f1o de estrategias, que involucren o no base tecnol\u00f3gica.<\/li>\n<li><strong>Accesibilidad.<\/strong> Desarrollo o mejoras para el acceso a los bienes y servicios culturales por parte de las personas con discapacidad.<\/li>\n<li><strong>Formalizaci\u00f3n.<\/strong> Gastos para el armado de cooperativas, asociaciones civiles, empresas, fundaciones, c\u00e1maras, federaciones, entre otras.<\/li>\n<li><strong>Circulaci\u00f3n.<\/strong> Distribuci\u00f3n de productos o servicios, armado de corredores, redes, rutas, escenas, en formato virtual o f\u00edsico.<\/li>\n<li><strong>Difusi\u00f3n\/Comunicaci\u00f3n.<\/strong> Dise\u00f1o y desarrollo de estrategias de comunicaci\u00f3n, campa\u00f1as de difusi\u00f3n, nuevas audiencias.<\/li>\n<li><strong>Formaci\u00f3n\/Investigaci\u00f3n.<\/strong> Desarrollo de trabajos en \u00e1mbitos formales o no formales, afines a tem\u00e1ticas culturales en articulaci\u00f3n con su entorno\/territorio. Residencias art\u00edsticas.<\/li>\n<li><strong>Cultura digital.<\/strong> Creaci\u00f3n o adaptaci\u00f3n de contenidos culturales para plataformas digitales, conectividad, producci\u00f3n de software y hardware.<\/li><\/ul>\n<div class=\"container-newsbutton\">\n<a class=\"cdab-newsbuttonlink\" href=\"https:\/\/www.cultura.gob.ar\/primera-convocatoria-de-gestionar-futuro-fondos-federales-para-proyect-10836\" target=\"_blank\" rel=\"noopener noreferrer\"><div class=\"cdab-web-newsbutton\">M\u00c1S INFO&#8230;<\/div><\/a><a class=\"cdab-newsbuttonlink\" href=\"https:\/\/www.cultura.gob.ar\/media\/uploads\/gestionar_futuro___reglamento_primera_convocatoria.pdf\" target=\"_blank\" rel=\"noopener noreferrer\" style=\"margin-left: 40px;\"><div class=\"cdab-pdf-newsbutton\">REGLAMENTO<\/div><\/a><a class=\"cdab-newsbuttonlink\" href=\"https:\/\/www.cultura.gob.ar\/media\/uploads\/gestionar_futuro__preguntas_frecuentes.pdf\" target=\"_blank\" rel=\"noopener noreferrer\"><div class=\"cdab-pdf-newsbutton\" style=\"margin-left: 40px;\">PREGUNTAS FRECUENTES<\/div><\/a><\/div>\n<hr style=\"margin-bottom: 25px;\"\/>\n<p><a href=\"https:\/\/www.cortopolis.com.ar\" target=\"_blank\" rel=\"noopener noreferrer\"><img decoding=\"async\" class=\"publicacion-tapa\" src=\"http:\/\/www.arte.unicen.edu.ar\/cdab\/wp-content\/uploads\/2021\/08\/csvv-cortopolis2021-banner.jpg\" data-fancybox=\"gallery\" data-caption=\"Cuidado social. V\u00ednculo virtual #24\"\/><\/a><\/p><p>El <a href=\"https:\/\/www.cortopolis.com.ar\" target=\"_blank rel=\"noopener noreferrer\">Equipo Cort\u00f3polis<\/a>, la Subsecretar\u00eda de Cultura de la <a href=\"https:\/\/www.unc.edu.ar\" target=\"_blank\" rel=\"noopener noreferrer\">Universidad Nacional de C\u00f3rdoba<\/a> y el <a href=\"https:\/\/www.ccec.org.ar\" target=\"_blank rel=\"noopener noreferrer\">Centro Cultural Espa\u00f1a C\u00f3rdoba<\/a> convocan a realizadores\/as audiovisuales a participar del <a href=\"https:\/\/www.cortopolis.com.ar\" target=\"_blank\" rel=\"noopener noreferrer\">10\u00b0 Festival Latinoamericano de Cortometrajes Cort\u00f3polis<\/a> a realizarse desde el <strong>4 al 7 de noviembre de 2021<\/strong> en la ciudad de C\u00f3rdoba (Argentina) y a trav\u00e9s de su plataforma virtual <a href=\"https:\/\/www.cortopolis.com.ar\" target=\"_blank\" rel=\"noopener noreferrer\">www.cortopolis.com.ar<\/a><\/p>\n<p>Se aceptar\u00e1n <strong>cortometrajes de todos los g\u00e9neros<\/strong>, exceptuando la animaci\u00f3n, cuya duraci\u00f3n -incluidos los t\u00edtulos- <strong>no exceda los 30 (treinta) minutos<\/strong>, y que hayan sido realizados posteriormente al 1 de enero de 2020. La tem\u00e1tica es libre pero no se aceptar\u00e1n producciones institucionales ni publicitarias. Todos los cortometrajes deber\u00e1n ser hablados en espa\u00f1ol o llevar subt\u00edtulos en este idioma.<\/p>\n<p><strong>Los trabajos podr\u00e1n presentarse del 22 de julio hasta el 22 de agosto de 2021 inclusive<\/strong>, en la plataforma seg\u00fan el instructivo de la web del Festival. Se conformar\u00e1 un Jurado de Premiaci\u00f3n, compuesto por tres personalidades de la actividad cinematogr\u00e1fica latinoamericana, que otorgar\u00e1 un Premio Cort\u00f3polis al Mejor Cortometraje. El Cortometraje ganador se har\u00e1 acreedor de un premio que se publicar\u00e1 oportunamente en la web del Festival. Las obras que no hayan resultado ganadoras podr\u00e1n ser distinguidas con Menciones, si los miembros del Jurado as\u00ed lo disponen.<\/p>\n<div class=\"container-newsbutton\">\n<a class=\"cdab-newsbuttonlink\" href=\"https:\/\/cortopolis.com.ar\/bases-condiciones-cortopolis-2021\" target=\"_blank\" rel=\"noopener noreferrer\"><div class=\"cdab-web-newsbutton\">BASES Y CONDICIONES<\/div><\/a><a class=\"cdab-newsbuttonlink\" href=\"https:\/\/cortopolis.com.ar\/convocatoria-2021\" target=\"_blank\" rel=\"noopener noreferrer\" style=\"margin-left: 40px;\"><div class=\"cdab-web-newsbutton\">FORMULARIO DE INSCRIPCI\u00d3N<\/div><\/a><\/div>\n<hr style=\"margin-bottom: 25px;\"\/>\n<p><a href=\"https:\/\/www.tafic.com.ar\" target=\"_blank\" rel=\"noopener noreferrer\"><img decoding=\"async\" class=\"publicacion-tapa\" src=\"http:\/\/www.arte.unicen.edu.ar\/cdab\/wp-content\/uploads\/2021\/08\/csvv-tafic2021-banner.jpg\" data-fancybox=\"gallery\" data-caption=\"Cuidado social. V\u00ednculo virtual #24\"\/><\/a><\/p><p>El <a href=\"https:\/\/www.tafic.com.ar\" target=\"_blank\" rel=\"noopener noreferrer\">Festival Internacional de Cine\/Corto de Tapiales<\/a> es un evento cinematogr\u00e1fico de importante impacto social y cultural sin fines de lucro, organizado por JC Films OFCT, que se realiza en el pueblo de Tapiales, localidad perteneciente al partido de La Matanza, ubicado en la provincia de Buenos Aires. Entre los objetivos del Festival se encuentran los de estimular el incremento de la calidad y la cantidad de las producciones nacionales de cine corto dirigidas puntualmente a sectores populares, potenciando la difusi\u00f3n y el intercambio nacional e internacional de obras audiovisuales que den cuenta de la diversidad cultural de los pueblos.<\/p>\n<p><strong>Hasta el 30 de septiembre<\/strong> se encuentra abierta la <strong>convocatoria de cortometrajes<\/strong> para participar de la <strong>18\u00ba edici\u00f3n del Festival<\/strong>. Podr\u00e1n participar cortometrajes finalizados desde 2018 en adelante, de cualquier g\u00e9nero y hasta 30 (treinta) minutos de duraci\u00f3n. Todas las producciones deber\u00e1n estar habladas o subtituladas en idioma espa\u00f1ol. Se premiar\u00e1 en diversos rubros con el Premio Aborigen del Festival de Cine de Tapiales; Mejor Cortometraje, Mejor Direcci\u00f3n, Mejor Gui\u00f3n, Mejor Producci\u00f3n, Mejor Fotograf\u00eda, Mejor Sonido, Mejor Animaci\u00f3n, y Mejor Cortometraje Extranjero.<\/p>\n<div class=\"container-newsbutton\">\n<a class=\"cdab-newsbuttonlink\" href=\"https:\/\/www.tafic.com.ar\/bases-e-inscripciones\" target=\"_blank\" rel=\"noopener noreferrer\"><div class=\"cdab-web-newsbutton\">BASES E INSCRIPCI\u00d3N<\/div><\/a><\/div>\n<hr style=\"margin-bottom: 25px;\"\/>\n<p><a href=\"http:\/\/www.enerc.gob.ar\/nacional\/5o-edicion-del-concurso-nacional-y-federal-de-estudios-sobre-cine-argentino\" target=\"_blank\" rel=\"noopener noreferrer\"><img decoding=\"async\" class=\"publicacion-tapa\" src=\"http:\/\/www.arte.unicen.edu.ar\/cdab\/wp-content\/uploads\/2021\/08\/csvv-enercincaaestudios2021-banner.jpg\" data-fancybox=\"gallery\" data-caption=\"Cuidado social. V\u00ednculo virtual #24\"\/><\/a><\/p>\n<p>Desde el 1 de agosto comenz\u00f3 la recepci\u00f3n de trabajos que participar\u00e1n en la <strong>5\u00ba edici\u00f3n del Concurso Nacional y Federal de Estudios sobre Cine Argentino <a href=\"http:\/\/www.enerc.gob.ar\/biblioteca\" target=\"_blank\" rel=\"noopener noreferrer\">Biblioteca ENERC-INCAA<\/a><\/strong>. La convocatoria <strong>finalizar\u00e1 el 31 de marzo de 2022<\/strong>. Este certamen, \u00fanico en su tipo, premia <strong>dos ganadores por edici\u00f3n<\/strong>. Cada uno de ellos recibe un premio en efectivo, que en esta ocasi\u00f3n ascender\u00e1 a los <strong>$150.000<\/strong> (ciento cincuenta mil pesos), y la oportunidad de ver su <strong>obra publicada en el marco de la serie de libros <a href=\"http:\/\/www.enerc.gob.ar\/biblioteca\" target=\"_blank\" rel=\"noopener noreferrer\">Biblioteca ENERC-INCAA<\/a><\/strong>.<\/p>\n<p>Desde sus comienzos en 2015, el concurso busca alentar la investigaci\u00f3n cinematogr\u00e1fica en la Argentina con la premiaci\u00f3n y edici\u00f3n de estudios acerca de la historia y la teor\u00eda del cine argentino, desde sus or\u00edgenes hasta la actualidad. Est\u00e1 abierto a investigadores argentinos o extranjeros que puedan acreditar una residencia m\u00ednima de 5 (cinco) a\u00f1os en el pa\u00eds.<\/p>\n<p>El jurado estar\u00e1 integrado por prestigiosos especialistas del campo acad\u00e9mico, de la cr\u00edtica y de los estudios sobre cine argentino, que priorizar\u00e1n en su elecci\u00f3n aquellos trabajos destacados por la originalidad del tema elegido y del enfoque del mismo. Por primera vez la recepci\u00f3n de trabajos se har\u00e1 en forma virtual, a trav\u00e9s de la <a href=\"https:\/\/extranet.incaa.gob.ar\" target=\"_blank\" rel=\"noopener noreferrer\">plataforma INCAA en L\u00cdNEA<\/a>.<\/p>\n<p>De la primera convocatoria surgieron <em>Modos de salir del hogar paterno. Representaciones familiares y derivas juveniles en el Nuevo Cine Argentino<\/em> de Eduardo Cartoccio, y <em>Noches de sano esparcimiento. Estado, cat\u00f3licos y empresarios en la censura al cine en Argentina (1955 \u2013 1973)<\/em> de Fernando Mat\u00edas Ram\u00edrez Llorens. En la segunda edici\u00f3n, los ganadores fueron <em>Cine y dinero. Imaginarios ficcionales y sociales de la Argentina (1978-2000)<\/em> de Marcela Visconti y <em>Obra y vida de Sarmiento en el cine<\/em> de Nicol\u00e1s Su\u00e1rez y en el tercer llamado, fueron elegidos <em>M\u00e1s all\u00e1 del olvido, una historia cr\u00edtica del cine fant\u00e1stico argentino<\/em> de Angel Mar\u00eda Faretta, Diego Ezequiel Avalos y Melina Cherro y <em>Modernidad y tel\u00e9fonos blancos. La comedia burguesa en el cine argentino de los a\u00f1os &#8217;40<\/em> de Alejandro Kelly Hopfenblatt.<\/p>\n<div class=\"container-newsbutton\">\n<a class=\"cdab-newsbuttonlink\" href=\"http:\/\/www.enerc.gob.ar\/nacional\/5o-edicion-del-concurso-nacional-y-federal-de-estudios-sobre-cine-argentino\" target=\"_blank\" rel=\"noopener noreferrer\"><div class=\"cdab-web-newsbutton\">M\u00c1S INFO&#8230;<\/div><\/a><a class=\"cdab-newsbuttonlink\" href=\"http:\/\/www.enerc.gob.ar\/wp-content\/uploads\/IF-2021-60853559-APN-ENERC-INCAA.pdf\" target=\"_blank\" rel=\"noopener noreferrer\" style=\"margin-left: 40px;\"><div class=\"cdab-pdf-newsbutton\">BASES Y CONDICIONES<\/div><\/a><a class=\"cdab-newsbuttonlink\" href=\"https:\/\/extranet.incaa.gob.ar\" target=\"_blank\" rel=\"noopener noreferrer\" style=\"margin-left: 40px;\"><div class=\"cdab-web-newsbutton\">INCAA EN L\u00cdNEA<\/div><\/a><\/div>\n<hr style=\"margin-bottom: 25px;\"\/>\n<h3>Maternidad, pandemia y despu\u00e9s. Desaf\u00edos de las trabajadoras de la cultura<\/h3>\n<p>Con la pandemia, la desigualdad de g\u00e9nero en lo que respecta a las tareas de cuidado y trabajo dom\u00e9stico se recrudecieron y quedaron a\u00fan m\u00e1s en evidencia. En este conversatorio, Amparo Aguilar, Mariana Chaud, Luc\u00eda CirmiOb\u00f3n, con la moderaci\u00f3n de Ingrid Beck, reflexionan sobre esta notable desigualdad que impacta en el mercado laboral, excluyendo as\u00ed el crecimiento de las mujeres y diversidades, y del cual el \u00e1mbito de la cultura no queda excluido.<\/p>\n<p>Este conversatorio se realiza en el marco del programa <em>Infinito Movimiento<\/em>, que propone una serie de acciones en torno a la perspectiva de g\u00e9nero. Es un programa transversal a la programaci\u00f3n del <a href=\"https:\/\/www.complejoteatral.gob.ar\" target=\"_blank\" rel=\"noopener noreferrer\">Complejo Teatral de Buenos Aires<\/a> en el que participan mujeres de distintas disciplinas.<\/p>\n<div align=\"center\" style=\"margin: 20px auto\"><iframe loading=\"lazy\" width=\"700\" height=\"394\" src=\"https:\/\/www.youtube.com\/embed\/5sbGDjto-fc\" frameborder=\"0\" allow=\"accelerometer; autoplay; encrypted-media; gyroscope; picture-in-picture\" allowfullscreen><\/iframe><\/div>\n<\/div><\/div>\n\n<div id=\"podcast\" class=\"csvv-right2021\">\n<div class=\"csvv-card2021\"><div class=\"cdab-especial-covid19-card-icon podcast\"><i class=\"fa fa-headphones\" aria-hidden=\"true\"><\/i><\/div><div class=\"cdab-especial-covid19-card-title podcast\">PODCASTS<\/div>\n<p><img loading=\"lazy\" decoding=\"async\" width=\"170\" height=\"170\" class=\"alignleft size-full wp-image-4077\" style=\"border: 0px; border-radius: 170px; margin-bottom: 30px;\" src=\"http:\/\/www.arte.unicen.edu.ar\/cdab\/wp-content\/uploads\/2021\/05\/desmontajes-podcast.jpg\" alt=\"Desmontajes. Un podcast de Teatro\" title=\"Desmontajes. Un podcast de Teatro\" \/><h3>Desmontajes #3: &#8220;La Tortuga&#8221;. Teatro en pandemia<\/h3><\/p><p><strong>Desmontajes<\/strong> es un podcast impulsado por el grupo IPROCAE (Investigaci\u00f3n de Procesos Creativos en Artes Esc\u00e9nicas), conformado por artistas-docentes-investigadorxs de la <a href=\"http:\/\/www.arte.unicen.edu.ar\" target=\"_blank\" rel=\"noopener noreferrer\">Facultad de Arte<\/a>. Invita a escuchar di\u00e1logos sobre la intimidad de los procesos creativos en teatro, con episodios mensuales que abarcar\u00e1n diversos aspectos de la puesta en escena a trav\u00e9s de los relatos de sus hacedores.<\/p>\n<p>Dirigido y editado por Guillermo Dillon, con locuci\u00f3n de Yanina L\u00f3pez y producci\u00f3n del <a href=\"http:\/\/www.arte.unicen.edu.ar\/secretarias\/investigacion-posgrado\/nucleos\/cid\" target=\"_blank\" rel=\"noopener noreferrer\">Centro de Investigaciones Dram\u00e1ticas (CID)<\/a>. En esta tercera entrega, lxs investigadores Juan Urraco y Guillermina Buckle dialogan con Marcelo Allasino, director de la obra <em>La Tortuga<\/em> y generador de la plataforma de teatro online <a href=\"http:\/\/www.teatrouaifai.com\" target=\"_blank\" rel=\"noopener noreferrer\">Teatro Uaifai<\/a>. La m\u00fasica original de este episodio es de Nicol\u00e1s Diab.<\/p>\n<div class=\"container-newsbutton\"><a class=\"cdab-newsbuttonlink\" href=\"https:\/\/open.spotify.com\/show\/2Pgd83imFnXTxhTsItmHX4?si=4suaLnBDRmupopfrbZmSBw\" target=\"_blank\" rel=\"noopener noreferrer\"><div class=\"cdab-spotify-newsbutton\">ESCUCHAR EN SPOTIFY<\/div><\/a><a class=\"cdab-newsbuttonlink\" href=\"https:\/\/www.spreaker.com\/show\/desmontajes\" target=\"_blank\" rel=\"noopener noreferrer\" style=\"margin-left: 50px;\"><div class=\"cdab-web-newsbutton\">ESCUCHAR EN SPREAKER<\/div><\/a><a class=\"cdab-newsbuttonlink\" href=\"https:\/\/www.youtube.com\/watch?v=kP4E3OOBf7Y\" target=\"_blank\" rel=\"noopener noreferrer\" style=\"margin-left: 50px;\"><div class=\"cdab-youtube-newsbutton\">ESCUCHAR EN YOUTUBE<\/div><\/a><\/div>\n<hr style=\"margin-bottom: 25px;\"\/>\n<p><img loading=\"lazy\" decoding=\"async\" width=\"170\" height=\"170\" class=\"alignleft size-full wp-image-4077\" style=\"border: 0px; border-radius: 170px; margin-bottom: 30px;\" src=\"http:\/\/www.arte.unicen.edu.ar\/cdab\/wp-content\/uploads\/2021\/07\/tiempoteatro-podcast.jpg\" alt=\"El tiempo y el teatro\" title=\"El tiempo y el teatro\" \/><h3>El tiempo y el teatro<\/h3><\/p><p>Un programa sobre la actividad teatral en toda la Argentina y en Latinoamerica. Jorge Dubatti y Juano Villafa\u00f1e dialogan con diversos referentes del \u00e1mbito teatral. Para conocer los nuevos rumbos del teatro en el tiempo contempor\u00e1neo porque, como dice Mauricio Kartun, <em>&#8220;el teatro es el humus de la cultura&#8221;<\/em>.<\/p>\n<div class=\"container-newsbutton\"><a class=\"cdab-newsbuttonlink\" href=\"https:\/\/open.spotify.com\/show\/1ktVvyGGTEn2ZoUMI6IkeN?si=x15ppKWJQsmii-TZDZo4Gg&#038;dl_branch=1\" target=\"_blank\" rel=\"noopener noreferrer\"><div class=\"cdab-spotify-newsbutton\">ESCUCHAR EN SPOTIFY<\/div><\/a><a class=\"cdab-newsbuttonlink\" href=\"https:\/\/www.radionacional.com.ar\/category\/el-tiempo-y-el-teatro\" target=\"_blank\" rel=\"noopener noreferrer\" style=\"margin-left: 50px;\"><div class=\"cdab-web-newsbutton\">ESCUCHAR EN RADIO NACIONAL<\/div><\/a><\/div>\n<hr style=\"margin-bottom: 25px;\"\/>\n<p><img loading=\"lazy\" decoding=\"async\" width=\"170\" height=\"170\" class=\"alignleft size-full wp-image-4077\" style=\"border: 0px; border-radius: 170px; margin-bottom: 50px;\" src=\"http:\/\/www.arte.unicen.edu.ar\/cdab\/wp-content\/uploads\/2021\/07\/mubiencuentros-podcast.jpg\" alt=\"MUBI Podcast: Encuentros\" title=\"MUBI Podcast: Encuentros\" \/><h3>MUBI Podcast: Encuentros<\/h3><\/p><p>Voces destacadas del cine y la cultura en Latinoam\u00e9rica se re\u00fanen en este espacio para pensar sus propios m\u00e9todos y procesos para abordar el oficio, hablar sobre sus experiencias personales e \u00edntimas y reflexionar sobre pel\u00edculas y cineastas que han influenciado o inspirado su trabajo.<\/p><p>La primera temporada de Encuentros se compone de di\u00e1logos informales en episodios de aproximadamente 1 hora de duraci\u00f3n. Conversaciones profundas entre colegas, en un espacio donde se habla con total libertad. Es la invitaci\u00f3n a ser parte de un encuentro entre dos personas que comparten su amor por el cine.<\/p>\n<div class=\"container-newsbutton\"><a class=\"cdab-newsbuttonlink\" href=\"https:\/\/open.spotify.com\/show\/5d5IfykdulEu5HXrcxHInn?si=Fb81oADeR-mUqP6LjKtYlQ&#038;dl_branch=1\" target=\"_blank\" rel=\"noopener noreferrer\"><div class=\"cdab-spotify-newsbutton\">ESCUCHAR EN SPOTIFY<\/div><\/a><\/div>\n<\/div><\/div>\n\n<div id=\"ninios\" class=\"csvv-right2021\">\n<div class=\"csvv-card2021\"><div class=\"cdab-especial-covid19-card-icon ninios\"><i class=\"fa fa-child\" aria-hidden=\"true\" style=\"margin-left: 3px;\"><\/i><\/div><div class=\"cdab-especial-covid19-card-title ninios\">PARA NUESTRXS NI\u00d1XS<\/div>\n<p><a href=\"https:\/\/castagninomacro.org\/page\/noticias\/id\/191\/title\/H%c3%a1galo+Ud.+mismo\" target=\"_blank\" rel=\"noopener noreferrer\"><img decoding=\"async\" class=\"publicacion-tapa\" src=\"http:\/\/www.arte.unicen.edu.ar\/cdab\/wp-content\/uploads\/2021\/07\/csvv-cuadernoscastagnino-banner.jpg\" data-fancybox=\"gallery\" data-caption=\"Cuidado social. V\u00ednculo virtual #24\"\/><\/a><\/p>\n<p>A trav\u00e9s de una serie de cuadernos did\u00e1cticos, el <a href=\"https:\/\/castagninomacro.org\" target=\"_blank\" rel=\"noopener noreferrer\">Museo Municipal de Bellas Artes Juan B. Castagnino<\/a> propone crear obras de arte en familia a partir de su colecci\u00f3n. Conscientes de su rol l\u00fadico-pedag\u00f3gico, es por ello que en este momento de aislamiento social, se comparten estos recursos a trav\u00e9s de la web para disfrutar del museo desde casa.<\/p>\n<p>Estas publicaciones fueron redise\u00f1adas para trabajar con los materiales que tengas a mano: l\u00e1pices, fibras, cart\u00f3n, fotos, t\u00e9mperas, tijera. No hay instrucciones, ni condicionamientos, solo hay que poner mucha imaginaci\u00f3n.<\/p>\n<div style=\"width: 100%; margin: 20px auto; text-align: center; display: inline-block;\"><a href=\"https:\/\/castagninomacro.org\/uploadsarchivos\/hagalo_ud_mismo_2020.pdf\" target=\"_blank\" id=\"sin-fancybox\" rel=\"noopener noreferrer\"><img decoding=\"async\" class=\"size-full2 publicacion-tapa\" title=\"H\u00e1galo Ud. mismo #1\" src=\"http:\/\/www.arte.unicen.edu.ar\/cdab\/wp-content\/uploads\/2021\/07\/csvv-hagaloud1-tapa.jpg\" data-fancybox=\"gallery\" data-caption=\"Cuidado social. V\u00ednculo virtual #24\"\/><\/a><a href=\"https:\/\/castagninomacro.org\/uploadsarchivos\/hagalo_ud_mismo_2020___2.pdf\" target=\"_blank\" id=\"sin-fancybox\" rel=\"noopener noreferrer\"><img decoding=\"async\" class=\"size-full2 publicacion-tapa\" title=\"H\u00e1galo Ud. mismo #2\" src=\"http:\/\/www.arte.unicen.edu.ar\/cdab\/wp-content\/uploads\/2021\/07\/csvv-hagaloud2-tapa.jpg\" data-fancybox=\"gallery\" data-caption=\"Cuidado social. V\u00ednculo virtual #24\"\/><\/a><a href=\"https:\/\/castagninomacro.org\/uploadsarchivos\/hagalo_ud_mismo_2020___3__1_.pdf\" target=\"_blank\" id=\"sin-fancybox\" rel=\"noopener noreferrer\"><img decoding=\"async\" class=\"size-full2 publicacion-tapa\" title=\"H\u00e1galo Ud. mismo #3\" src=\"http:\/\/www.arte.unicen.edu.ar\/cdab\/wp-content\/uploads\/2021\/07\/csvv-hagaloud3-tapa.jpg\" data-fancybox=\"gallery\" data-caption=\"Cuidado social. V\u00ednculo virtual #24\"\/><\/a><\/div>\n<\/div><\/div>\n<\/div>","protected":false},"excerpt":{"rendered":"<p>Su navegador no soporta video en HTML5. edici\u00f3n 2021 | #24 Haga click para ver el contenido&#8230; Novedades Libros Revistas acad\u00e9micas Teatro Audiovisual Formaci\u00f3n Investigaci\u00f3n y posgrado De nuestrxs graduadxs Links &#038; convocatorias Podcast Para nuestrxs ni\u00f1xs Una iniciativa de la Secretar\u00eda de Investigaci\u00f3n y Posgrado para seguir form\u00e1ndonos y reflexionando sobre el arte sin dejar de cuidarnos ante la [&hellip;]<\/p>\n","protected":false},"author":1,"featured_media":20012,"comment_status":"open","ping_status":"open","sticky":false,"template":"","format":"standard","meta":{"_acf_changed":false,"footnotes":""},"categories":[2497],"tags":[],"class_list":["post-20006","post","type-post","status-publish","format-standard","has-post-thumbnail","hentry","category-newsletter"],"acf":[],"_links":{"self":[{"href":"https:\/\/www.arte.unicen.edu.ar\/cdab\/wp-json\/wp\/v2\/posts\/20006","targetHints":{"allow":["GET"]}}],"collection":[{"href":"https:\/\/www.arte.unicen.edu.ar\/cdab\/wp-json\/wp\/v2\/posts"}],"about":[{"href":"https:\/\/www.arte.unicen.edu.ar\/cdab\/wp-json\/wp\/v2\/types\/post"}],"author":[{"embeddable":true,"href":"https:\/\/www.arte.unicen.edu.ar\/cdab\/wp-json\/wp\/v2\/users\/1"}],"replies":[{"embeddable":true,"href":"https:\/\/www.arte.unicen.edu.ar\/cdab\/wp-json\/wp\/v2\/comments?post=20006"}],"version-history":[{"count":3,"href":"https:\/\/www.arte.unicen.edu.ar\/cdab\/wp-json\/wp\/v2\/posts\/20006\/revisions"}],"predecessor-version":[{"id":21573,"href":"https:\/\/www.arte.unicen.edu.ar\/cdab\/wp-json\/wp\/v2\/posts\/20006\/revisions\/21573"}],"wp:featuredmedia":[{"embeddable":true,"href":"https:\/\/www.arte.unicen.edu.ar\/cdab\/wp-json\/wp\/v2\/media\/20012"}],"wp:attachment":[{"href":"https:\/\/www.arte.unicen.edu.ar\/cdab\/wp-json\/wp\/v2\/media?parent=20006"}],"wp:term":[{"taxonomy":"category","embeddable":true,"href":"https:\/\/www.arte.unicen.edu.ar\/cdab\/wp-json\/wp\/v2\/categories?post=20006"},{"taxonomy":"post_tag","embeddable":true,"href":"https:\/\/www.arte.unicen.edu.ar\/cdab\/wp-json\/wp\/v2\/tags?post=20006"}],"curies":[{"name":"wp","href":"https:\/\/api.w.org\/{rel}","templated":true}]}}