{"id":19917,"date":"2021-06-23T09:57:30","date_gmt":"2021-06-23T12:57:30","guid":{"rendered":"http:\/\/www.arte.unicen.edu.ar\/cdab\/?p=19917"},"modified":"2021-11-15T12:58:19","modified_gmt":"2021-11-15T15:58:19","slug":"cdabem-2021-departamento-historia-teoria-arte","status":"publish","type":"post","link":"https:\/\/www.arte.unicen.edu.ar\/cdab\/cdabem-2021-departamento-historia-teoria-arte\/","title":{"rendered":"En junio, &#8220;CDAB en movimiento&#8221; recibe al Departamento de Historia y Teor\u00eda del Arte"},"content":{"rendered":"\n<p>El pasado <strong>mi\u00e9rcoles 26 de mayo<\/strong> se dio inicio a <strong>CDAB en movimiento 2021<\/strong> con el conversatorio <em>ARtistas (IN) DOCumentados<\/em>, coordinado por el&nbsp;<a rel=\"noreferrer noopener\" href=\"http:\/\/www.arte.unicen.edu.ar\/secretarias\/investigacion-posgrado\/nucleos\/cid\" target=\"_blank\">Centro de Investigaciones Dram\u00e1ticas (CID)<\/a>&nbsp;de la&nbsp;<a rel=\"noreferrer noopener\" href=\"http:\/\/www.arte.unicen.edu.ar\/\" target=\"_blank\">Facultad de Arte<\/a>. Integrado por artistas, docentes e investigadorxs reunidos para llevar a cabo la doble tarea de producir y reflexionar sobre el hecho esc\u00e9nico, el&nbsp;<a rel=\"noreferrer noopener\" href=\"http:\/\/www.arte.unicen.edu.ar\/secretarias\/investigacion-posgrado\/nucleos\/cid\" target=\"_blank\">CID<\/a> articula la pr\u00e1ctica art\u00edstica y la actividad acad\u00e9mica para la producci\u00f3n de conocimientos desde el arte y para el arte, intentando fortalecer el v\u00ednculo entre uno y otro \u00e1mbito. El registro audiovisual de esta presentaci\u00f3n puede visionarse en el <a rel=\"noreferrer noopener\" aria-label=\"micrositio de CDAB en movimiento (abre en una nueva pesta\u00f1a)\" href=\"http:\/\/www.arte.unicen.edu.ar\/cdab\/enmovimiento\" target=\"_blank\">micrositio de CDAB en movimiento<\/a>, el bolet\u00edn <a rel=\"noreferrer noopener\" aria-label=\"Cuidado social. V\u00ednculo virtual #23 (abre en una nueva pesta\u00f1a)\" href=\"http:\/\/www.arte.unicen.edu.ar\/cdab\/cuidado-social-vinculo-virtual-23\" target=\"_blank\">Cuidado social. V\u00ednculo virtual #23<\/a> y el <a rel=\"noreferrer noopener\" aria-label=\"canal de YouTube (abre en una nueva pesta\u00f1a)\" href=\"https:\/\/www.youtube.com\/channel\/UCOBrOTwPT5GiKHYXACcgyLQ\" target=\"_blank\">canal de YouTube<\/a> de la <a rel=\"noreferrer noopener\" aria-label=\"Facultad de Arte (abre en una nueva pesta\u00f1a)\" href=\"http:\/\/www.arte.unicen.edu.ar\" target=\"_blank\">Facultad de Arte<\/a>.<\/p>\n\n\n\n<p>En <strong>junio<\/strong>, continuamos <em>en movimiento<\/em>. En esta oportunidad recibimos al <a rel=\"noreferrer noopener\" aria-label=\"Departamento de Historia y Teor\u00eda del Arte (abre en una nueva pesta\u00f1a)\" href=\"https:\/\/www.arte.unicen.edu.ar\/institucional\/departamentos\/historia-y-teoria-del-arte\" target=\"_blank\">Departamento de Historia y Teor\u00eda del Arte<\/a>, que nuclea diversas c\u00e1tedras de las carreras de <a rel=\"noreferrer noopener\" aria-label=\"Profesorado (abre en una nueva pesta\u00f1a)\" href=\"https:\/\/www.arte.unicen.edu.ar\/carreras\/grado\/profesorado-de-teatro\/perfil-del-egresado_\" target=\"_blank\">Profesorado<\/a>, <a rel=\"noreferrer noopener\" aria-label=\"Licenciado en Teatro (abre en una nueva pesta\u00f1a)\" href=\"https:\/\/www.arte.unicen.edu.ar\/carreras\/grado\/licenciado-en-teatro\/perfil-del-egresado_\" target=\"_blank\">Licenciado en Teatro<\/a> y <a rel=\"noreferrer noopener\" aria-label=\"Realizaci\u00f3n Integral en Artes Audiovisuales (abre en una nueva pesta\u00f1a)\" href=\"https:\/\/www.arte.unicen.edu.ar\/carreras\/grado\/riaa\/perfil-del-egresado_\" target=\"_blank\">Realizaci\u00f3n Integral en Artes Audiovisuales<\/a>. Adem\u00e1s, impulsa proyectos de investigaci\u00f3n en el \u00e1mbito art\u00edstico y desarrolla encuentros como las <strong>Jornadas Internacionales\/Nacionales de Historia, Arte y Pol\u00edtica<\/strong> desde hace 12 a\u00f1os consecutivos. Coincidiendo con este evento instalado en la agenda acad\u00e9mica de la Facultad, <strong>CDAB en movimiento<\/strong> se integra a su programaci\u00f3n con <em>Tres libros, tres miradas sobre investigaci\u00f3n art\u00edstica: Eugenia Cad\u00fas, Mariela Olivera y Ricardo Dubatti<\/em> el d\u00eda <strong>s\u00e1bado 26 de junio<\/strong> a las <strong>12 hs.<\/strong><\/p>\n\n\n\n<p>La propuesta podr\u00e1 seguirse <strong>en vivo<\/strong> desde el <a rel=\"noreferrer noopener\" href=\"https:\/\/www.youtube.com\/channel\/UCOBrOTwPT5GiKHYXACcgyLQ\" target=\"_blank\">canal de YouTube<\/a> de la <a rel=\"noreferrer noopener\" href=\"http:\/\/www.arte.unicen.edu.ar\" target=\"_blank\">Facultad de Arte<\/a> y el <a rel=\"noreferrer noopener\" href=\"http:\/\/www.arte.unicen.edu.ar\/cdab\/enmovimiento\" target=\"_blank\">micrositio de CDAB en movimiento<\/a>: <a rel=\"noreferrer noopener\" href=\"http:\/\/www.arte.unicen.edu.ar\/cdab\/enmovimiento\" target=\"_blank\">www.arte.unicen.edu.ar\/cdab\/enmovimiento<\/a>. Durante la presentaci\u00f3n <strong>Ricardo Dubatti<\/strong> repasar\u00e1 los abordajes de su libro <em>La guerra de Malvinas en el teatro argentino<\/em> en una charla con <strong>Diana Barreyra<\/strong>; <strong>Teresita Mar\u00eda Victoria Fuentes<\/strong> presentar\u00e1 a <strong>Eugenia Cad\u00fas<\/strong> y <strong>Yanina Leonardi<\/strong> en di\u00e1logo sobre <em>Danza y peronismo. Disputas entre cultura de elite y culturas populares<\/em>; y <strong>Jorge Dubatti<\/strong> referir\u00e1 al libro <em>Los secretos de la quietud. La estatua viviente, una teatralidad liminal<\/em> de <strong>Mariela Olivera<\/strong> con lectura de fragmentos a cargo de <strong>Abril Ocampos<\/strong>.<\/p>\n\n\n\n<div style=\"margin: 25px auto;\"><a href=\"http:\/\/www.arte.unicen.edu.ar\/cdab\/wp-content\/uploads\/2021\/06\/cdabem-junio-2021.jpg\" data-fancybox=\"gallery\" data-caption=\"En junio, &#8220;CDAB en movimiento&#8221; recibe al Departamento de Historia y Teor\u00eda del Arte\"><img decoding=\"async\" class=\"aligncenter size-medium wp-image-2866\" src=\"http:\/\/www.arte.unicen.edu.ar\/cdab\/wp-content\/uploads\/2021\/06\/cdabem-junio-2021-768x578.jpg\" alt=\"CDAB en movimiento 2021\" title=\"CDAB en movimiento 2021\"\/><\/a><\/div>\n","protected":false},"excerpt":{"rendered":"<p>El pasado mi\u00e9rcoles 26 de mayo se dio inicio a CDAB en movimiento 2021 con el conversatorio ARtistas (IN) DOCumentados, coordinado por el&nbsp;Centro de Investigaciones Dram\u00e1ticas (CID)&nbsp;de la&nbsp;Facultad de Arte. Integrado por artistas, docentes e investigadorxs reunidos para llevar a cabo la doble tarea de producir y reflexionar sobre el hecho esc\u00e9nico, el&nbsp;CID articula la pr\u00e1ctica art\u00edstica y la actividad [&hellip;]<\/p>\n","protected":false},"author":1,"featured_media":19468,"comment_status":"open","ping_status":"open","sticky":false,"template":"","format":"standard","meta":{"_acf_changed":false,"footnotes":""},"categories":[1],"tags":[2578,214,1867,2602,215,288,294],"class_list":["post-19917","post","type-post","status-publish","format-standard","has-post-thumbnail","hentry","category-novedades","tag-10-anios-cdab","tag-cdab","tag-cdab-en-movimiento","tag-departamento-de-historia-y-teoria-del-arte","tag-facultad-de-arte","tag-secretaria-de-investigacion-y-posgrado","tag-unicen"],"acf":[],"_links":{"self":[{"href":"https:\/\/www.arte.unicen.edu.ar\/cdab\/wp-json\/wp\/v2\/posts\/19917","targetHints":{"allow":["GET"]}}],"collection":[{"href":"https:\/\/www.arte.unicen.edu.ar\/cdab\/wp-json\/wp\/v2\/posts"}],"about":[{"href":"https:\/\/www.arte.unicen.edu.ar\/cdab\/wp-json\/wp\/v2\/types\/post"}],"author":[{"embeddable":true,"href":"https:\/\/www.arte.unicen.edu.ar\/cdab\/wp-json\/wp\/v2\/users\/1"}],"replies":[{"embeddable":true,"href":"https:\/\/www.arte.unicen.edu.ar\/cdab\/wp-json\/wp\/v2\/comments?post=19917"}],"version-history":[{"count":2,"href":"https:\/\/www.arte.unicen.edu.ar\/cdab\/wp-json\/wp\/v2\/posts\/19917\/revisions"}],"predecessor-version":[{"id":21474,"href":"https:\/\/www.arte.unicen.edu.ar\/cdab\/wp-json\/wp\/v2\/posts\/19917\/revisions\/21474"}],"wp:featuredmedia":[{"embeddable":true,"href":"https:\/\/www.arte.unicen.edu.ar\/cdab\/wp-json\/wp\/v2\/media\/19468"}],"wp:attachment":[{"href":"https:\/\/www.arte.unicen.edu.ar\/cdab\/wp-json\/wp\/v2\/media?parent=19917"}],"wp:term":[{"taxonomy":"category","embeddable":true,"href":"https:\/\/www.arte.unicen.edu.ar\/cdab\/wp-json\/wp\/v2\/categories?post=19917"},{"taxonomy":"post_tag","embeddable":true,"href":"https:\/\/www.arte.unicen.edu.ar\/cdab\/wp-json\/wp\/v2\/tags?post=19917"}],"curies":[{"name":"wp","href":"https:\/\/api.w.org\/{rel}","templated":true}]}}