{"id":19878,"date":"2021-06-08T11:19:56","date_gmt":"2021-06-08T14:19:56","guid":{"rendered":"http:\/\/www.arte.unicen.edu.ar\/cdab\/?p=19878"},"modified":"2021-06-08T11:20:34","modified_gmt":"2021-06-08T14:20:34","slug":"agradecemos-donacion-video-boliviano-de-los-80-aimaretti","status":"publish","type":"post","link":"https:\/\/www.arte.unicen.edu.ar\/cdab\/agradecemos-donacion-video-boliviano-de-los-80-aimaretti\/","title":{"rendered":"Agradecemos la donaci\u00f3n de &#8220;Video boliviano de los \u201980&#8221; efectuada por la Dra. Mar\u00eda Aimaretti"},"content":{"rendered":"\n<p>El <strong>Centro de Documentaci\u00f3n Audiovisual y Biblioteca (CDAB)<\/strong> de la <a rel=\"noreferrer noopener\" href=\"http:\/\/www.arte.unicen.edu.ar\" target=\"_blank\">Facultad de Arte<\/a> contin\u00faa ampliando y diversificando su fondo bibliogr\u00e1fico a partir de adquisiciones, convenios de intercambio institucional y donaciones realizadas por docentes-investigadorxs externos y de nuestra Unidad Acad\u00e9mica. En esta oportunidad agradecemos a la <strong>Dra. Mar\u00eda Aimaretti<\/strong>, docente de la <a rel=\"noreferrer noopener\" href=\"http:\/\/www.arte.unicen.edu.ar\/carreras\/posgrado\/maestria-en-arte-y-sociedad-en-latinoamerica\" target=\"_blank\">Maestr\u00eda en Arte y Sociedad en Latinoam\u00e9rica<\/a>, por la generosa donaci\u00f3n de su libro titulado <em><strong>Video boliviano de los &#8217;80. Experiencias y memorias de una d\u00e9cada pendiente en la ciudad de La Paz<\/strong><\/em>.<\/p>\n\n\n\n<p>El texto re\u00fane una larga investigaci\u00f3n que, entre 2014 y 2020, realiz\u00f3 la investigadora apuntando a problematizar un vac\u00edo reflexivo en la agenda de estudios sobre cine boliviano y estudios culturales latinoamericanos. De esta manera, en cada p\u00e1gina se forja una\u00a0<em>imagen<\/em>\u00a0sobre este objeto de estudio &#8220;perdido&#8221;, soslayado por la cr\u00edtica y hasta incluso &#8220;olvidado&#8221; por sus propios actores que, sin embargo, merece una puesta en valor debido a su contribuci\u00f3n tanto a la continuidad productiva y cr\u00edtica de la historia del cine y el\u00a0video\u00a0local, como al escenario regional de la comunicaci\u00f3n alternativa. <\/p>\n\n\n\n<p>Empleando la met\u00e1fora de la &#8220;escena&#8221;, la autora reconstruye una serie variada de experiencias videogr\u00e1ficas que fueron desde la contrainformaci\u00f3n al documental etnogr\u00e1fico, desde la revisi\u00f3n hist\u00f3rica y los documentales de memoria anarquista, hasta iniciativas de transferencia de medios y educaci\u00f3n popular, dando cuenta tambi\u00e9n de los di\u00e1logos y conexiones con pares latinoamericanos. En cada cap\u00edtulo se aborda un &#8220;actor-experiencia&#8221; particular vinculando antecedentes y posibles derivas, considerando agentes, horizontes ideol\u00f3gicos, sensibilidades, acciones y formas de trabajo compartidas\/coincidentes y diferenciales; sin soslayar los aprendizajes y filiaciones t\u00e1cticas que podr\u00edan haberse construido con instancias institucionales, ni las paradojas\/contradicciones que cada caso comport\u00f3. El libro sostiene una mirada que, sin perder la referencia global, ancla preguntas espec\u00edficas en fen\u00f3menos concretos y situados; y propone una lectura que -a partir de un exhaustivo relevamiento hemero-bibliogr\u00e1fico, historia oral y an\u00e1lisis visual\u2013 articula historia social y cultural, teor\u00eda y est\u00e9tica.<\/p>\n\n\n\n<p>A continuaci\u00f3n compartimos la primera presentaci\u00f3n virtual del libro realizada en el marco de las <em>III Jornadas de Cine Boliviano<\/em>:<\/p>\n\n\n\n<div align=\"center\" style=\"margin: 20px auto;\"><iframe loading=\"lazy\" src=\"https:\/\/www.facebook.com\/plugins\/video.php?height=314&#038;href=https%3A%2F%2Fwww.facebook.com%2Fimagendocs%2Fvideos%2F391297135245786%2F&#038;show_text=false&#038;width=560&#038;t=0\" width=\"560\" height=\"314\" style=\"border:none;overflow:hidden\" scrolling=\"no\" frameborder=\"0\" allowTransparency=\"true\" allow=\"encrypted-media\" allowFullScreen=\"true\"><\/iframe><\/div>\n\n\n\n<p>La <strong>Dra. Aimaretti<\/strong> profundizar\u00e1 las reflexiones sobre su investigaci\u00f3n en las <a rel=\"noreferrer noopener\" aria-label=\"XII Jornadas Internacionales de Historia, Arte y Pol\u00edtica (abre en una nueva pesta\u00f1a)\" href=\"http:\/\/www.arte.unicen.edu.ar\/xii-jornadas-internacionales-nacionales\" target=\"_blank\">XII Jornadas Internacionales de Historia, Arte y Pol\u00edtica<\/a> organizadas por el <a rel=\"noreferrer noopener\" aria-label=\"Departamento de Historia y Teor\u00eda del Arte (abre en una nueva pesta\u00f1a)\" href=\"http:\/\/www.arte.unicen.edu.ar\/institucional\/departamentos\/historia-y-teoria-del-arte\" target=\"_blank\">Departamento de Historia y Teor\u00eda del Arte<\/a> de la <a rel=\"noreferrer noopener\" aria-label=\"Facultad de Arte (abre en una nueva pesta\u00f1a)\" href=\"http:\/\/www.arte.unicen.edu.ar\" target=\"_blank\">Facultad de Arte<\/a>, que se llevar\u00e1n a cabo del <strong>23 al 25 de junio de 2021<\/strong> en formato virtual.<\/p>\n\n\n\n<p>El ejemplar estar\u00e1 disponible pr\u00f3ximamente para consulta de estudiantes, graduadxs, docentes e investigadorxs cuando las condiciones sanitarias y epidemiol\u00f3gicas permitan la reapertura del <a rel=\"noreferrer noopener\" aria-label=\"CDAB (abre en una nueva pesta\u00f1a)\" href=\"http:\/\/www.arte.unicen.edu.ar\/cdab\" target=\"_blank\">CDAB<\/a>. Para m\u00e1s informaci\u00f3n al respecto visitar: <a rel=\"noreferrer noopener\" aria-label=\"www.arte.unicen.edu.ar\/cdab\/cdab-actividades-2021 (abre en una nueva pesta\u00f1a)\" href=\"http:\/\/www.arte.unicen.edu.ar\/cdab\/cdab-actividades-2021\" target=\"_blank\">www.arte.unicen.edu.ar\/cdab\/cdab-actividades-2021<\/a><\/p>\n\n\n\n<h3 style=\"margin-top: 40px;\">Acerca de Mar\u00eda Aimaretti<\/h3>\n<p><img loading=\"lazy\" decoding=\"async\" class=\"alignleft size-full wp-image-4077\" style=\"border: 0px; border-radius: 200px; margin-bottom: 35px;\" src=\"http:\/\/www.arte.unicen.edu.ar\/cdab\/wp-content\/uploads\/2021\/06\/maria-aimaretti.jpg\" alt=\"Mar\u00eda Aimaretti\" title=\"Mar\u00eda Aimaretti\" width=\"200\" height=\"200\"\/><strong>Mar\u00eda Aimaretti<\/strong> es Doctora en Historia y Teor\u00eda de las Artes por la <a rel=\"noreferrer noopener\" aria-label=\"Universidad de Buenos Aires (abre en una nueva pesta\u00f1a)\" href=\"http:\/\/www.uba.ar\" target=\"_blank\">Universidad de Buenos Aires<\/a> (2015). Licenciada y profesora en Artes Combinadas por la <a rel=\"noreferrer noopener\" aria-label=\"Facultad de Filosof\u00eda y Letras (abre en una nueva pesta\u00f1a)\" href=\"http:\/\/www.filo.uba.ar\" target=\"_blank\">Facultad de Filosof\u00eda y Letras<\/a> (<a rel=\"noreferrer noopener\" aria-label=\"UBA (abre en una nueva pesta\u00f1a)\" href=\"http:\/\/www.uba.ar\" target=\"_blank\">UBA<\/a>). Est\u00e1 realizando su posdoctorado en Humanidades en la <a rel=\"noreferrer noopener\" href=\"http:\/\/www.filo.uba.ar\" target=\"_blank\">FFyL<\/a>. Becaria doctoral del <a rel=\"noreferrer noopener\" aria-label=\"CONICET (abre en una nueva pesta\u00f1a)\" href=\"https:\/\/www.conicet.gov.ar\" target=\"_blank\">CONICET<\/a> entre 2010 y 2014 y becaria postdoctoral entre 2015 y 2017. Actualmente es investigadora asistente por el mismo organismo. Adscripta a la c\u00e1tedra de Historia del Cine Latinoamericano y Argentino (2010-2012), se desempe\u00f1a como docente concursada en dicha materia desde 2013 a la actualidad. Docente de posgrado en la <a rel=\"noreferrer noopener\" aria-label=\"UBA (abre en una nueva pesta\u00f1a)\" href=\"http:\/\/www.uba.ar\" target=\"_blank\">UBA<\/a> y la <a rel=\"noreferrer noopener\" aria-label=\"UNICEN (abre en una nueva pesta\u00f1a)\" href=\"http:\/\/www.unicen.edu.ar\" target=\"_blank\">UNICEN<\/a>. Integrante del grupo de investigaci\u00f3n CiyNE (2007-2014), investigadora invitada en <a rel=\"noreferrer noopener\" aria-label=\"UNTREF (abre en una nueva pesta\u00f1a)\" href=\"https:\/\/www.untref.edu.ar\" target=\"_blank\">UNTREF<\/a> (2011-2014) y miembro desde 2010 a 2016 del comit\u00e9 editorial de la Revista Cine Documental. Actualmente participa del grupo de estudios <em>Arte, cultura y pol\u00edtica en la Argentina reciente<\/em> coordinado por Ana Longoni y Cora Gamarnik en el Instituto Gino Germani de la <a href=\"http:\/\/www.uba.ar\" target=\"_blank\" rel=\"noreferrer noopener\" aria-label=\"UBA (abre en una nueva pesta\u00f1a)\">UBA<\/a>. Miembro de la Asociaci\u00f3n Argentina de Estudios sobre Cine y Audiovisual, de la Red de Investigadores sobre Cine Latinoamericano y de la Asociaci\u00f3n Argentina para la Investigaci\u00f3n en Historia de las Mujeres y Estudios de G\u00e9nero.<\/p>\n","protected":false},"excerpt":{"rendered":"<p>El Centro de Documentaci\u00f3n Audiovisual y Biblioteca (CDAB) de la Facultad de Arte contin\u00faa ampliando y diversificando su fondo bibliogr\u00e1fico a partir de adquisiciones, convenios de intercambio institucional y donaciones realizadas por docentes-investigadorxs externos y de nuestra Unidad Acad\u00e9mica. En esta oportunidad agradecemos a la Dra. Mar\u00eda Aimaretti, docente de la Maestr\u00eda en Arte y Sociedad en Latinoam\u00e9rica, por la [&hellip;]<\/p>\n","protected":false},"author":1,"featured_media":19881,"comment_status":"open","ping_status":"open","sticky":false,"template":"","format":"standard","meta":{"_acf_changed":false,"footnotes":""},"categories":[1],"tags":[214,290,215,294],"class_list":["post-19878","post","type-post","status-publish","format-standard","has-post-thumbnail","hentry","category-novedades","tag-cdab","tag-donacion","tag-facultad-de-arte","tag-unicen"],"acf":[],"_links":{"self":[{"href":"https:\/\/www.arte.unicen.edu.ar\/cdab\/wp-json\/wp\/v2\/posts\/19878","targetHints":{"allow":["GET"]}}],"collection":[{"href":"https:\/\/www.arte.unicen.edu.ar\/cdab\/wp-json\/wp\/v2\/posts"}],"about":[{"href":"https:\/\/www.arte.unicen.edu.ar\/cdab\/wp-json\/wp\/v2\/types\/post"}],"author":[{"embeddable":true,"href":"https:\/\/www.arte.unicen.edu.ar\/cdab\/wp-json\/wp\/v2\/users\/1"}],"replies":[{"embeddable":true,"href":"https:\/\/www.arte.unicen.edu.ar\/cdab\/wp-json\/wp\/v2\/comments?post=19878"}],"version-history":[{"count":2,"href":"https:\/\/www.arte.unicen.edu.ar\/cdab\/wp-json\/wp\/v2\/posts\/19878\/revisions"}],"predecessor-version":[{"id":19897,"href":"https:\/\/www.arte.unicen.edu.ar\/cdab\/wp-json\/wp\/v2\/posts\/19878\/revisions\/19897"}],"wp:featuredmedia":[{"embeddable":true,"href":"https:\/\/www.arte.unicen.edu.ar\/cdab\/wp-json\/wp\/v2\/media\/19881"}],"wp:attachment":[{"href":"https:\/\/www.arte.unicen.edu.ar\/cdab\/wp-json\/wp\/v2\/media?parent=19878"}],"wp:term":[{"taxonomy":"category","embeddable":true,"href":"https:\/\/www.arte.unicen.edu.ar\/cdab\/wp-json\/wp\/v2\/categories?post=19878"},{"taxonomy":"post_tag","embeddable":true,"href":"https:\/\/www.arte.unicen.edu.ar\/cdab\/wp-json\/wp\/v2\/tags?post=19878"}],"curies":[{"name":"wp","href":"https:\/\/api.w.org\/{rel}","templated":true}]}}