{"id":19471,"date":"2021-06-04T13:55:18","date_gmt":"2021-06-04T16:55:18","guid":{"rendered":"http:\/\/www.arte.unicen.edu.ar\/cdab\/?p=19471"},"modified":"2021-07-10T15:30:00","modified_gmt":"2021-07-10T18:30:00","slug":"cuidado-social-vinculo-virtual-23","status":"publish","type":"post","link":"https:\/\/www.arte.unicen.edu.ar\/cdab\/cuidado-social-vinculo-virtual-23\/","title":{"rendered":"Cuidado social. V\u00ednculo virtual #23"},"content":{"rendered":"\n<div class=\"csvv2021-container\"><div class=\"csvv-left2021\"><video autoplay muted loop style=\"width: 180px; text-align: center; margin: -10px auto 0px; display: block;\" poster=\"http:\/\/www.arte.unicen.edu.ar\/cdab\/wp-content\/uploads\/2021\/02\/csvv-edicion2021-logo.png\"><source src=\"http:\/\/www.arte.unicen.edu.ar\/cdab\/wp-content\/uploads\/2021\/02\/logo-csvv-2021.mp4\" type=\"video\/mp4\"\/>Su navegador no soporta video en HTML5.<\/video>\n<div style=\"font-size: 18px; font-family: 'Roboto Slab', 'Libre Franklin', arial, helvetica, sans-serif; color: #732763; margin-bottom: 10px; padding: 0px 20px; text-align: center;\">edici\u00f3n 2021 | #23<\/div>\n<p>Haga click para ver el contenido&#8230;<\/p>\n  <button class=\"tablinks novedades\" onclick=\"openCsvv(event, 'novedades')\" id=\"defaultOpen\"><i class=\"fa fa-newspaper-o\" aria-hidden=\"true\" style=\"margin-right: 12px;\"><\/i>Novedades<\/button>\n  <button class=\"tablinks libros\" onclick=\"openCsvv(event, 'libros')\"><i class=\"fa fa-book\" aria-hidden=\"true\" style=\"margin-right: 12px;\"><\/i>Libros<\/button>\n  <button class=\"tablinks revistasacad\" onclick=\"openCsvv(event, 'revistasacad')\"><i class=\"fa fa-file-text-o\" aria-hidden=\"true\" style=\"margin-right: 14px;\"><\/i>Revistas acad\u00e9micas<\/button>\n  <button class=\"tablinks teatro\" onclick=\"openCsvv(event, 'teatro')\"><i class=\"fa fa-comments-o\" aria-hidden=\"true\" style=\"margin-right: 12px;\"><\/i>Teatro<\/button>\n  <button class=\"tablinks audiovisual\" onclick=\"openCsvv(event, 'audiovisual')\"><i class=\"fa fa-film\" aria-hidden=\"true\" style=\"margin-right: 12px;\"><\/i>Audiovisual<\/button>\n  <button class=\"tablinks formacion\" onclick=\"openCsvv(event, 'formacion')\"><i class=\"fa fa-university\" aria-hidden=\"true\" style=\"margin-right: 10px;\"><\/i>Formaci\u00f3n<\/button>\n  <button class=\"tablinks investigacion\" onclick=\"openCsvv(event, 'investigacion')\"><i class=\"fa fa-graduation-cap\" aria-hidden=\"true\" style=\"margin-right: 10px;\"><\/i>Investigaci\u00f3n y posgrado<\/button>\n  <button class=\"tablinks investigacion\" onclick=\"openCsvv(event, 'graduadxs')\"><i class=\"fa fa-graduation-cap\" aria-hidden=\"true\" style=\"margin-right: 10px;\"><\/i>De nuestrxs graduadxs<\/button>\n  <button class=\"tablinks links\" onclick=\"openCsvv(event, 'links')\"><i class=\"fa fa-hand-pointer-o\" aria-hidden=\"true\" style=\"margin-right: 12px;\"><\/i>Links &#038; convocatorias<\/button>\n  <button class=\"tablinks podcast\" onclick=\"openCsvv(event, 'podcast')\"><i class=\"fa fa-headphones\" aria-hidden=\"true\" style=\"margin-right: 12px;\"><\/i>Podcast<\/button>\n  <button class=\"tablinks ninios\" onclick=\"openCsvv(event, 'ninios')\"><i class=\"fa fa-child\" aria-hidden=\"true\" style=\"margin-right: 12px;\"><\/i>Para nuestrxs ni\u00f1xs<\/button>\n<p>Una iniciativa de la <a href=\"http:\/\/www.arte.unicen.edu.ar\/secretarias\/investigacion-posgrado\" target=\"_blank\" rel=\"noopener noreferrer\">Secretar\u00eda de Investigaci\u00f3n y Posgrado<\/a> para seguir form\u00e1ndonos y reflexionando sobre el arte sin dejar de cuidarnos ante la pandemia COVID-19.<\/p>\n<div id=\"cdab-content-news-pagination-index\">\n<div style=\"margin: 0 auto;\"><ul><li><a href=\"\/cdab\/category\/newsletter\/\" target=\"_blank\" rel=\"noopener noreferrer\">VER N\u00daMEROS ANTERIORES<\/a><\/li><\/ul><\/div>\n<\/div>\n<p>\u00bfQuer\u00e9s recomendarnos alg\u00fan contenido para futuras ediciones de <strong>Cuidado social. V\u00ednculo virtual<\/strong>?<br \/>Contactanos a: <a href=\"mailto:cdab @ arte.unicen.edu.ar\">cdab@arte.unicen.edu.ar<\/a><\/p>\n<\/div>\n\n<div id=\"novedades\" class=\"csvv-right2021\">\n<div class=\"csvv-card2021\"><div class=\"cdab-especial-covid19-card-icon novedades\"><i class=\"fa fa-newspaper-o\" aria-hidden=\"true\" style=\"margin-left: 3px;\"><\/i><\/div><div class=\"cdab-especial-covid19-card-title novedades\">NOVEDADES<\/div>\n<p><img decoding=\"async\" class=\"publicacion-tapa\" src=\"http:\/\/www.arte.unicen.edu.ar\/cdab\/wp-content\/uploads\/2021\/06\/csvv-podcastsfa-banner.jpg\" border=\"0\" alt=\"Podcasts Facultad de Arte\" title=\"Podcasts Facultad de Arte\" \/><\/p><p>Un nuevo formato para descubrir historias, entrevistas y reflexiones sobre temas vinculados al teatro, el audiovisual y las pr\u00e1cticas art\u00edsticas.<\/p><p><strong>\u00a1Ahora los podcasts de la <a href=\"http:\/\/www.arte.unicen.edu.ar\" target=\"_blank\" rel=\"noopener noreferrer\">Facultad de Arte<\/a> est\u00e1n en las plataformas m\u00e1s populares de <em>streaming<\/em> musical y audio!<\/strong> Encontralos en <a href=\"https:\/\/open.spotify.com\/show\/6a0TICde0LSOuFSSptaP2F\" target=\"_blank\" rel=\"noopener noreferrer\">Spotify<\/a>, <a href=\"https:\/\/anchor.fm\/arteunicen\" target=\"_blank\" rel=\"noopener noreferrer\">AnchorFM<\/a>, <a href=\"https:\/\/podcasts.google.com\/feed\/aHR0cHM6Ly9hbmNob3IuZm0vcy81YWFjMmIzYy9wb2RjYXN0L3Jzcw==\" target=\"_blank\" rel=\"noopener noreferrer\">Google Podcasts<\/a>, <a href=\"https:\/\/www.breaker.audio\/podcasts-facultad-de-arte\" target=\"_blank\" rel=\"noopener noreferrer\">Breaker<\/a>, <a href=\"https:\/\/www.radiopublic.com\/podcasts-facultad-de-arte-G2J3ZL\" target=\"_blank\" rel=\"noopener noreferrer\">RadioPublic<\/a> y tambi\u00e9n en <a href=\"https:\/\/www.artexver.tv\/podcasts\" target=\"_blank\" rel=\"noopener noreferrer\">artexver<\/a>. No te pierdas:<\/p>\n<p><img loading=\"lazy\" decoding=\"async\" width=\"170\" height=\"170\" class=\"alignleft size-full wp-image-4077\" style=\"border: 0px; border-radius: 170px; margin-bottom: 35px;\" src=\"http:\/\/www.arte.unicen.edu.ar\/cdab\/wp-content\/uploads\/2021\/06\/podcastfa-inmigracionmasarte.jpg\" alt=\"Inmigraci\u00f3n + Arte\" title=\"Inmigraci\u00f3n + Arte\" \/><h5>Inmigraci\u00f3n + Arte<\/h5><\/p><p>Urdido con testimonios de descendientes de inmigrantes que llegaron a Tandil. Buscando mejores horizontes ellos eligieron esta tierra y desde aqu\u00ed siguieron produciendo obras art\u00edsticas. La serie nos propone un encuentro cultural con cada colectividad mediante la presentaci\u00f3n de retazos de memorias que ya son nuestras. De esta manera en sus cuatro entregas conocemos a los italianos, los daneses, los uruguayos y los vascos. Un podcast de Cristina Carone (Profesora de Teatro, <a href=\"http:\/\/www.arte.unicen.edu.ar\" target=\"_blank\" rel=\"noopener noreferrer\">Facultad de Arte<\/a>, <a href=\"http:\/\/www.unicen.edu.ar\" target=\"_blank\" rel=\"noopener noreferrer\">UNICEN<\/a>) con montaje sonoro de Mat\u00edas Petrini.<\/p><br \/>\n<p><img loading=\"lazy\" decoding=\"async\" width=\"170\" height=\"170\" class=\"alignright size-full wp-image-4077\" style=\"border: 0px; border-radius: 170px;\" src=\"http:\/\/www.arte.unicen.edu.ar\/cdab\/wp-content\/uploads\/2021\/06\/podcastfa-licenciaimaginar.jpg\" alt=\"Licencia para imaginar. Teatro para escuchar\" title=\"Licencia para imaginar. Teatro para escuchar\" \/><h5>Licencia para imaginar. Teatro para escuchar<\/h5><\/p><p>En arte lo esencial no es invisible a los ojos&#8230; aunque en tiempos de pandemia abrazamos la cultura acercando el teatro con un formato que hizo furor en radio. <em>Licencia para imaginar<\/em>, es radioteatro con variedad de tem\u00e1ticas para potenciar la imaginaci\u00f3n y la creatividad. Un nuevo podcast presentado por la <a href=\"http:\/\/www.arte.unicen.edu.ar\/secretarias\/investigacion-posgrado\" target=\"_blank\" rel=\"noopener noreferrer\">Secretar\u00eda de Investigaci\u00f3n y Posgrado<\/a> y dirigido por Cristina Carone (Profesora de Teatro, <a href=\"http:\/\/www.arte.unicen.edu.ar\" target=\"_blank\" rel=\"noopener noreferrer\">Facultad de Arte<\/a>, <a href=\"http:\/\/www.unicen.edu.ar\" target=\"_blank\" rel=\"noopener noreferrer\">UNICEN<\/a>).<\/p><br \/>\n<p><img loading=\"lazy\" decoding=\"async\" width=\"170\" height=\"170\" class=\"alignleft size-full wp-image-4077\" style=\"border: 0px; border-radius: 170px;\" src=\"http:\/\/www.arte.unicen.edu.ar\/cdab\/wp-content\/uploads\/2021\/06\/podcastfa-sumergidas.jpg\" alt=\"Sumergidas. Experiencias de graduadxs\" title=\"Sumergidas. Experiencias de graduadxs\" \/><h5>Sumergidas. Experiencias de graduadxs<\/h5><\/p><p>Podcast del \u00e1rea de <a href=\"http:\/\/www.arte.unicen.edu.ar\/formacion-continua\" target=\"_blank\" rel=\"noopener noreferrer\">Formaci\u00f3n Continua<\/a> de la <a href=\"http:\/\/www.arte.unicen.edu.ar\/secretarias\/investigacion-posgrado\" target=\"_blank\" rel=\"noopener noreferrer\">Secretar\u00eda de Investigaci\u00f3n y Posgrado<\/a> de la <a href=\"http:\/\/www.arte.unicen.edu.ar\" target=\"_blank\" rel=\"noopener noreferrer\">Facultad de Arte<\/a> de la <a href=\"http:\/\/www.unicen.edu.ar\" target=\"_blank\" rel=\"noopener noreferrer\">UNICEN<\/a> en el que se recuperan los recorridos, experiencias y trayectos profesionales de graduadxs de la instituci\u00f3n. Una idea original de Maria Emilia Zarini y Ver\u00f3nica Rodr\u00edguez con montaje sonoro de Mat\u00edas Petrini.<\/p>\n<div class=\"container-newsbutton\" style=\"margin: 30px auto 0px; display: inline-block;\"><a class=\"cdab-newsbuttonlink\" href=\"https:\/\/open.spotify.com\/show\/6a0TICde0LSOuFSSptaP2F\" target=\"_blank\" rel=\"noopener noreferrer\"><div class=\"cdab-spotify-newsbutton\">SPOTIFY<\/div><\/a><a class=\"cdab-newsbuttonlink\" href=\"https:\/\/www.anchor.fm\/arteunicen\" target=\"_blank\" rel=\"noopener noreferrer\"><div class=\"cdab-anchorfm-newsbutton\" style=\"margin-left: 40px;\">ANCHOR.FM<\/div><\/a><a class=\"cdab-newsbuttonlink\" href=\"https:\/\/podcasts.google.com\/feed\/aHR0cHM6Ly9hbmNob3IuZm0vcy81YWFjMmIzYy9wb2RjYXN0L3Jzcw==\" target=\"_blank\" rel=\"noopener noreferrer\" style=\"margin-left: 40px;\"><div class=\"cdab-gpodcast-newsbutton\">GOOGLE PODCASTS<\/div><\/a><br \/><a class=\"cdab-newsbuttonlink\" href=\"https:\/\/www.breaker.audio\/podcasts-facultad-de-arte\" target=\"_blank\" rel=\"noopener noreferrer\"><div class=\"cdab-breaker-newsbutton\">BREAKER<\/div><\/a><a class=\"cdab-newsbuttonlink\" href=\"https:\/\/www.radiopublic.com\/podcasts-facultad-de-arte-G2J3ZL\" target=\"_blank\" rel=\"noopener noreferrer\" style=\"margin-left: 40px;\"><div class=\"cdab-radiopublic-newsbutton\">RADIOPUBLIC<\/div><\/a><a class=\"cdab-newsbuttonlink\" href=\"https:\/\/www.artexver.tv\/podcasts\" target=\"_blank\" rel=\"noopener noreferrer\" style=\"margin-left: 40px;\"><div class=\"cdab-artexver-newsbutton\"><\/div><\/a><\/div>\n<hr style=\"margin-bottom: 25px;\"\/>\n<p><a href=\"https:\/\/www.soundcloud.com\/ritosdepaso\" target=\"_blank\" rel=\"noopener noreferrer\"><img decoding=\"async\" class=\"publicacion-tapa\" src=\"http:\/\/www.arte.unicen.edu.ar\/cdab\/wp-content\/uploads\/2021\/06\/csvv-rdpplaylist-banner.jpg\" data-fancybox=\"gallery\" data-caption=\"Cuidado social. V\u00ednculo virtual #23\"\/><\/a><\/p><p><a href=\"https:\/\/www.instagram.com\/ritosdepaso\" target=\"_blank\" rel=\"noopener noreferrer\">Ritos de paso<\/a> sigue el ritmo y contin\u00faa la marcha con la presentaci\u00f3n de la <a href=\"https:\/\/www.soundcloud.com\/ritosdepaso\" target=\"_blank\" rel=\"noopener noreferrer\">playlist que contiene todos los temas musicales<\/a> que integraron la primera temporada de la serie. Lxs invitamos a realizar un viaje sonoro que incluye trabajos de artistas locales y colegas de la <a href=\"http:\/\/www.arte.unicen.edu.ar\" target=\"_blank\" rel=\"noopener noreferrer\">Facultad de Arte<\/a> que compusieron m\u00fasica para este contenido.<\/p>\n<div style=\"margin: 10px auto; width: 100%; text-align: center; padding: 0px 20px;\"><iframe loading=\"lazy\" scrolling=\"no\" allow=\"autoplay\" src=\"https:\/\/w.soundcloud.com\/player\/?url=https%3A\/\/api.soundcloud.com\/playlists\/1258060987&amp;color=%23855691&amp;auto_play=false&amp;hide_related=false&amp;show_comments=true&amp;show_user=true&amp;show_reposts=false&amp;show_teaser=true\" width=\"100%\" height=\"400\" frameborder=\"no\"><\/iframe><\/div>\n<div class=\"container-newsbutton\">\n<a class=\"cdab-newsbuttonlink\" href=\"http:\/\/www.arte.unicen.edu.ar\/cdab\/ritos-de-paso-playlist-primera-temporada\" target=\"_blank\" rel=\"noopener noreferrer\"><div class=\"cdab-cdab-newsbutton\">M\u00c1S INFORMACI\u00d3N<\/div><\/a><\/div><p>La primera temporada de la serie se puede visionar de forma completa en la plataforma de contenidos audiovisuales <a href=\"http:\/\/www.artexver.tv\" target=\"_blank\" rel=\"noopener noreferrer\">artexver<\/a>.<\/p>\n<div class=\"container-newsbutton\">\n<a class=\"cdab-newsbuttonlink\" href=\"https:\/\/www.artexver.tv\/serie\/ritos-de-paso\" target=\"_blank\" rel=\"noopener noreferrer\"><div class=\"cdab-artexver-newsbutton\"><\/div><\/a><\/div>\n<\/div><\/div>\n\n<div id=\"libros\" class=\"csvv-right2021\">\n<div class=\"csvv-card2021\"><div class=\"cdab-especial-covid19-card-icon libros\"><i class=\"fa fa-book\" aria-hidden=\"true\" style=\"margin-left: 3px;\"><\/i><\/div><div class=\"cdab-especial-covid19-card-title libros\">LIBROS<\/div>\n<p><img decoding=\"async\" class=\"cdab-tapa-instidentpoet-index publicacion-tapa\" title=\"Did\u00e1ctica del teatro para la educaci\u00f3n superior\" src=\"http:\/\/www.arte.unicen.edu.ar\/cdab\/wp-content\/uploads\/2021\/06\/didacticateatro-tapa.jpg\" alt=\"Did\u00e1ctica del teatro para la educaci\u00f3n superior\" style=\"width: 220px; height: 302px; float: right; border: 10px solid #fff; box-shadow: 0 0 5px rgba(0, 0, 0, 0.1); -webkit-box-shadow: 0 0 5px rgba(0, 0, 0, 0.1); -moz-box-shadow: 0 0 5px rgba(0, 0, 0, 0.1); display: block; margin: 0px 0px 22px 22px;\"\/><\/p><h3>Did\u00e1ctica del teatro para la educaci\u00f3n superior<\/h3><p><strong>Ester Trozzo (comp.)<br \/>2015. 272 p\u00e1ginas. Editorial UNRN<\/strong><\/p><p>La colecci\u00f3n Aprendizajes presenta un libro para aquellos interesados en conocer experiencias en el arte de ense\u00f1ar teatro. En <em>Did\u00e1ctica del Teatro para la Educaci\u00f3n Superior<\/em> se han compilado veintisiete propuestas de ense\u00f1anza-aprendizaje escritas por los participantes de un curso de posgrado dictado por la profesora Ester Trozzo. El marco de estas actividades est\u00e1 dado por la Especializaci\u00f3n en Docencia y Producci\u00f3n Teatral de la <a href=\"https:\/\/www.unrn.edu.ar\" target=\"_blank\" rel=\"noopener noreferrer\">Universidad Nacional de R\u00edo Negro<\/a>, dictada en la sede Andina, en la ciudad de San Carlos de Bariloche.<\/p>\n<p><em>&#8220;Ofrecemos estas secuencias tambi\u00e9n como una oportunidad para que otros colegas docentes de teatro se miren en ellas y, a partir de lo que les despierten, se pregunten acerca de los logros y dificultades de sus propias decisiones y pr\u00e1cticas did\u00e1cticas y se sumen a esta alegr\u00eda de crecer con otros&#8221;<\/em>, dice la profesora Ester Trozzo, compiladora de este material.<\/p>\n<p>Cada cap\u00edtulo es una secuencia did\u00e1ctica que recorta un per\u00edodo de un proceso de ense\u00f1anza \u2013en la mayor\u00eda de los casos, real; en otras ocasiones, como propuesta probable, como hip\u00f3tesis\u2013. Cada producci\u00f3n es muy diferente a las otras. Es que responden a contextos, destinatarios y tem\u00e1ticas dispares, y est\u00e1n resueltas con estrategias y con formatos distintos. Tambi\u00e9n corresponden a diversas asignaturas y disciplinas tales como educaci\u00f3n vocal, entrenamiento corporal, dramaturgia, clown y actuaci\u00f3n.<\/p>\n<p>Esta obra fue concebida a partir del deseo de compartir experiencias. Con ese mismo anhelo, esperamos que contribuya en la realizaci\u00f3n de pr\u00e1cticas de ense\u00f1anza-aprendizaje enriquecedoras, creativas y democr\u00e1ticas.<\/p>\n<div class=\"container-newsbutton\">\n<a class=\"cdab-newsbuttonlink\" href=\"https:\/\/editorial.unrn.edu.ar\/media\/data\/otros\/Didactica_del_teatro_educacion_superior.pdf\" target=\"_blank\" rel=\"noopener noreferrer\"><div class=\"cdab-pdf-newsbutton\">DESCARGAR E-BOOK<\/div><\/a>\n<\/div>\n<hr style=\"margin-bottom: 25px;\"\/>\n<p><img decoding=\"async\" class=\"cdab-tapa-instidentpoet-index publicacion-tapa\" title=\"Construir un equipo de investigaci\u00f3n (los primeros pasos)\" src=\"http:\/\/www.arte.unicen.edu.ar\/cdab\/wp-content\/uploads\/2021\/06\/equipoinvestigacion-tapa.jpg\" alt=\"Construir un equipo de investigaci\u00f3n (los primeros pasos)\" style=\"width: 220px; height: 302px; float: right; border: 10px solid #fff; box-shadow: 0 0 5px rgba(0, 0, 0, 0.1); -webkit-box-shadow: 0 0 5px rgba(0, 0, 0, 0.1); -moz-box-shadow: 0 0 5px rgba(0, 0, 0, 0.1); display: block; margin: 0px 0px 22px 22px;\"\/><\/p><h3>Construir un equipo de investigaci\u00f3n (los primeros pasos)<\/h3><p><strong>Emanuel Irraz\u00e1bal<br \/>2020. 118 p\u00e1ginas. EUDENE (Editorial de la Universidad Nacional de Nordeste)<\/strong><\/p><p>Este trabajo es m\u00e1s que un conjunto de reglas que orientan la formaci\u00f3n y el funcionamiento de un equipo de trabajo. Examina todas las cuestiones a considerar tanto si se trata de emprender la compleja tarea de su construcci\u00f3n, como la de afianzar su desempe\u00f1o durante el primer a\u00f1o de actividad. Con un estilo ameno y did\u00e1ctico, Emanuel Irraz\u00e1bal propone, en cada uno de sus cap\u00edtulos, herramientas \u00fatiles vinculadas a los siete supuestos que organizan los materiales te\u00f3ricos y pr\u00e1cticos que lo integran. Profesionales, docentes y estudiantes encontrar\u00e1n en este trabajo nuevos criterios y recursos para gestionar equipos en el \u00e1mbito acad\u00e9mico.<\/p>\n<div class=\"container-newsbutton\" style=\"margin-top: 10px;\">\n<a class=\"cdab-newsbuttonlink\" href=\"http:\/\/eudene.unne.edu.ar\/component\/joomdoc\/PDFs_Descarga\/Irrazabal_Construir_un_equipo_de-investigacion.pdf\/download\" target=\"_blank\" rel=\"noopener noreferrer\"><div class=\"cdab-pdf-newsbutton\">DESCARGAR E-BOOK<\/div><\/a>\n<\/div>\n<hr style=\"margin-bottom: 25px;\"\/>\n<p><img decoding=\"async\" class=\"cdab-tapa-instidentpoet-index publicacion-tapa\" title=\"Interrelaciones entre literatura y artes: Am\u00e9rica y Europa en las \u00e9pocas Moderna y Contempor\u00e1nea\" src=\"http:\/\/www.arte.unicen.edu.ar\/cdab\/wp-content\/uploads\/2021\/06\/interrelacionesliteraturaartes-tapa.jpg\" alt=\"Interrelaciones entre literatura y artes: Am\u00e9rica y Europa en las \u00e9pocas Moderna y Contempor\u00e1nea\" style=\"width: 220px; height: 302px; float: right; border: 10px solid #fff; box-shadow: 0 0 5px rgba(0, 0, 0, 0.1); -webkit-box-shadow: 0 0 5px rgba(0, 0, 0, 0.1); -moz-box-shadow: 0 0 5px rgba(0, 0, 0, 0.1); display: block; margin: 0px 0px 22px 22px;\"\/><\/p><h3>Interrelaciones entre literatura y artes: Am\u00e9rica y Europa en las \u00e9pocas Moderna y Contempor\u00e1nea<\/h3><p><strong>Ana L\u00eda Gabrieloni (comp.)<br \/>2018. 204 p\u00e1ginas. Editorial UNRN<\/strong><\/p><p>Esta colecci\u00f3n de ensayos es singular en el campo editorial argentino y latinoamericano, dado que no existen libros que, de forma comparable, est\u00e9n dedicados al estudio de los cruces entre im\u00e1genes y textos con esta perspectiva historicista. Las intersecciones entre la literatura y la historia del arte son estudiadas a la luz de las modalidades de los intercambios entre el continente americano y Europa, desde el siglo xvii hasta la actualidad.<\/p>\n<p>El volumen, seguramente, tendr\u00e1 un valor destacado para lectores especializados que busquen reflexiones actuales, as\u00ed como para lectores j\u00f3venes interesados en conocer recursos metodol\u00f3gicos para desarrollar sus propios estudios sobre temas en las fronteras entre materiales textuales e iconogr\u00e1ficos cl\u00e1sicos.<\/p>\n<p>Adem\u00e1s, el volumen incluye un ensayo del profesor J. A. W. Heffernan traducido al castellano, que permitir\u00e1 a algunos lectores acceder por primera vez a uno de los trabajos de este especialista reconocido internacionalmente. Nada menos que a este autor se debe la definici\u00f3n can\u00f3nica contempor\u00e1nea de uno de los fen\u00f3menos interart\u00edsticos centrales en el libro, la \u00e9cfrasis.<\/p>\n<div class=\"container-newsbutton\">\n<a class=\"cdab-newsbuttonlink\" href=\"https:\/\/es.calameo.com\/read\/0012226128265c52a4036\" target=\"_blank\" rel=\"noopener noreferrer\"><div class=\"cdab-web-newsbutton\">LEER E-BOOK<\/div><\/a>\n<\/div>\n<hr style=\"margin-bottom: 25px;\"\/>\n<p><img decoding=\"async\" class=\"cdab-tapa-instidentpoet-index publicacion-tapa\" title=\"Kij\u00fb Yoshida: El cine como destrucci\u00f3n\" src=\"http:\/\/www.arte.unicen.edu.ar\/cdab\/wp-content\/uploads\/2021\/06\/cinedestruccion-tapa.jpg\" alt=\"Kij\u00fb Yoshida: El cine como destrucci\u00f3n\" style=\"width: 220px; height: 302px; float: right; border: 10px solid #fff; box-shadow: 0 0 5px rgba(0, 0, 0, 0.1); -webkit-box-shadow: 0 0 5px rgba(0, 0, 0, 0.1); -moz-box-shadow: 0 0 5px rgba(0, 0, 0, 0.1); display: block; margin: 0px 0px 22px 22px;\"\/><\/p><h3>Kij\u00fb Yoshida: El cine como destrucci\u00f3n<\/h3><p><strong>Juan Manuel Dom\u00ednguez y AA.VV.<br \/>2011. 168 p\u00e1ginas. Buenos Aires Festival Internacional de Cine Independiente (BAFICI)<\/strong><\/p><p>Cuando todav\u00eda era cr\u00edtico de cine, Kij\u00fb Yoshida se tiraba contra Akira Kurosawa: <em>&#8220;En pocas palabras, es f\u00e1cil intentar resistir hasta cierto punto. Pero pasar de resistir a ser quien resiste no es tarea f\u00e1cil&#8221;<\/em>. Pocas pero filosas palabras, creadoras de puntos que, unidos por l\u00edneas, redes y pasiones, confirman a Yoshida como un resistente, un destructor de paradigmas. El cine de Yoshida es fundamentalista de la idea de la autonegaci\u00f3n, de renegar de significados, usos y costumbres. As\u00ed film\u00f3 desde su \u00f3pera prima <em>Good for Nothing<\/em> hasta su \u00faltimo film <em>The Women in the Mirror<\/em>; as\u00ed escribi\u00f3 sobre Bu\u00f1uel, Antonioni, M\u00e9xico, su propia visi\u00f3n del cine; as\u00ed lo piensan firmas como Chris Fujiwara, Shigehiko Hasumi, Patrick Noonan, Mathieu Capel o Pascal Bonitzer. As\u00ed, punto por punto, \u00e9poca por \u00e9poca, Yoshida por Yoshida, intenta construirlo (pero jam\u00e1s fosilizarlo) <em>Kij\u00fb Yoshida: El cine como destrucci\u00f3n<\/em>.<\/p>\n<div class=\"container-newsbutton\">\n<a class=\"cdab-newsbuttonlink\" href=\"https:\/\/books.google.com.ar\/books?id=vTxrRtDbudkC&#038;printsec=frontcover&#038;hl=es&#038;source=gbs_ge_summary_r&#038;cad=0#v=onepage&#038;q&#038;f=false\" target=\"_blank\" rel=\"noopener noreferrer\"><div class=\"cdab-google-newsbutton\">LEER ONLINE EN GOOGLE BOOKS<\/div><\/a>\n<\/div>\n<hr style=\"margin-bottom: 25px;\"\/>\n<p><img decoding=\"async\" class=\"cdab-tapa-instidentpoet-index publicacion-tapa\" title=\"Gombrowicz en escena\" src=\"http:\/\/www.arte.unicen.edu.ar\/cdab\/wp-content\/uploads\/2021\/06\/gombrowiczescena-tapa.jpg\" alt=\"Gombrowicz en escena\" style=\"width: 220px; height: 302px; float: right; border: 10px solid #fff; box-shadow: 0 0 5px rgba(0, 0, 0, 0.1); -webkit-box-shadow: 0 0 5px rgba(0, 0, 0, 0.1); -moz-box-shadow: 0 0 5px rgba(0, 0, 0, 0.1); display: block; margin: 0px 0px 22px 22px;\"\/><\/p><h3>Gombrowicz en escena<\/h3><p><strong>Cecilia Hopkins<br \/>2020. 305 p\u00e1ginas. 22 x 15 cm. Editorial INTeatro<\/strong><\/p><p>En las p\u00e1ginas de <em>Gombrowicz en escena<\/em>, cuya autor\u00eda corresponde a la actriz, docente y periodista Cecilia Hopkins, asoman detalles de la vida del creador: su infancia, su etapa de formaci\u00f3n en Polonia, la llegada a la Argentina en 1939. Detalles de su estancia en Buenos Aires a lo largo de dos d\u00e9cadas donde su novela Ferdydurke fue traducida al castellano y donde escribi\u00f3 la obra teatral <em>El casamiento<\/em> y la novela <em>Trans-Atl\u00e1ntico<\/em>. Se trata de una completa y profusamente documentada semblanza de Gombrowicz, y un recorrido por sus ideas est\u00e9ticas y por las puestas argentinas de sus piezas de teatro.<\/p>\n<p>La autora se detiene tambi\u00e9n en la producci\u00f3n teatral que se represent\u00f3 en ciudades como Buenos Aires, Tandil, Rosario y San Miguel de Tucum\u00e1n donde se llevaron a escena textos como <em>El casamiento<\/em>, <em>Yvonne, princesa de Borgo\u00f1a<\/em> y distintas adaptaciones de textos narrativos.<\/p>\n<p><em>&#8220;Witoldo (como lo llamaban sus amigos argentinos) -escribe la investigadora Estela Castronuovo en la contratapa del libro-, experiment\u00f3 una extra\u00f1a y entra\u00f1able afinidad, tanto en su situaci\u00f3n existencial como en sus obsesiones art\u00edsticas y literarias, con este lejano pa\u00eds: en su Diario confes\u00f3 que se enamor\u00f3 &#8220;profundamente y para siempre&#8221; de Argentina, quiz\u00e1s porque ve\u00eda en ella una manifestaci\u00f3n de lo Inmaduro y lo Inferior, con toda su indeterminaci\u00f3n y su fluidez, que tanto lo fascinaban&#8221;<\/em>.<\/p>\n<div class=\"container-newsbutton\">\n<a class=\"cdab-newsbuttonlink\" href=\"http:\/\/inteatro.gob.ar\/Files\/Publicaciones\/2248\/GombrowiczOKweb.pdf\" target=\"_blank\" rel=\"noopener noreferrer\"><div class=\"cdab-pdf-newsbutton\">DESCARGAR E-BOOK<\/div><\/a>\n<\/div>\n<hr style=\"margin-bottom: 25px;\"\/>\n<p><img decoding=\"async\" class=\"cdab-tapa-instidentpoet-index publicacion-tapa\" title=\"Cinegraf\u00edas. Ensayos sobre cine argentino cl\u00e1sico y contempor\u00e1neo\" src=\"http:\/\/www.arte.unicen.edu.ar\/cdab\/wp-content\/uploads\/2021\/06\/cinegrafias-tapa.jpg\" alt=\"Cinegraf\u00edas. Ensayos sobre cine argentino cl\u00e1sico y contempor\u00e1neo\" style=\"width: 220px; height: 302px; float: right; border: 10px solid #fff; box-shadow: 0 0 5px rgba(0, 0, 0, 0.1); -webkit-box-shadow: 0 0 5px rgba(0, 0, 0, 0.1); -moz-box-shadow: 0 0 5px rgba(0, 0, 0, 0.1); display: block; margin: 0px 0px 22px 22px;\"\/><\/p><h3>Cinegraf\u00edas. Ensayos sobre cine argentino cl\u00e1sico y contempor\u00e1neo<\/h3><p><strong>Carolina Soria (comp.)<br \/>2017. 259 p\u00e1ginas. Instituto Nacional de Cine y Artes Audiovisuales (INCAA)<\/strong><\/p><p>Esta publicaci\u00f3n que re\u00fane los primeros cinco textos ganadores del <em>Concurso de Ensayos Domingo Di N\u00fabila<\/em> constituye un valioso aporte a los estudios del cine y a la historiograf\u00eda en general, como tambi\u00e9n a los estudios sobre nuestra cinematograf\u00eda nacional en particular. El lector podr\u00e1 encontrar el motivo de dicha afirmaci\u00f3n a medida que recorra las p\u00e1ginas de este libro, en las cuales los autores, a trav\u00e9s de un g\u00e9nero discursivo como el ensayo, congregan escritura, reflexi\u00f3n y pensamiento cr\u00edtico sobre las representaciones, configuraciones narrativas y g\u00e9neros f\u00edlmicos, actores, actrices y directores y formas de producci\u00f3n del cine argentino. El lugar de enunciaci\u00f3n desde el cual parte cada uno de ellos propone un di\u00e1logo y una exploraci\u00f3n por zonas poco frecuentadas (no solo por la escritura sino tambi\u00e9n por la historia) que inaugura un camino cr\u00edtico de conocimiento y b\u00fasqueda de sentido que el concurso fomenta desde su primera edici\u00f3n realizada en el a\u00f1o 2012. Los temas y periodos abordados en cada ensayo contribuyen a elaborar un itinerario por la historia del cine argentino desde el periodo cl\u00e1sico-industrial en la d\u00e9cada de los treinta y cuarenta, pasando por la modernidad cinematogr\u00e1fica de los sesenta hasta llegar al cine contempor\u00e1neo en los albores del siglo XXI. Un itinerario que privilegia el rol del actor como centro y fuente de los relatos y que ubica al film como productor de diversos significados.<\/p>\n<div class=\"container-newsbutton\">\n<a class=\"cdab-newsbuttonlink\" href=\"https:\/\/www.issuu.com\/festivalinternacionaldecinedemardel\/docs\/cinegraf_c3_adas\" target=\"_blank\" rel=\"noopener noreferrer\"><div class=\"cdab-issu-newsbutton\">LEER ONLINE<\/div><\/a>\n<\/div>\n<hr style=\"margin-bottom: 25px;\"\/>\n<p><img decoding=\"async\" class=\"cdab-tapa-instidentpoet-index publicacion-tapa\" title=\"La vida narrada: Memoria, subjetividad y pol\u00edtica\" src=\"http:\/\/www.arte.unicen.edu.ar\/cdab\/wp-content\/uploads\/2021\/06\/vidanarrada-tapa.jpg\" alt=\"La vida narrada: Memoria, subjetividad y pol\u00edtica\" style=\"width: 220px; height: 302px; float: right; border: 10px solid #fff; box-shadow: 0 0 5px rgba(0, 0, 0, 0.1); -webkit-box-shadow: 0 0 5px rgba(0, 0, 0, 0.1); -moz-box-shadow: 0 0 5px rgba(0, 0, 0, 0.1); display: block; margin: 0px 0px 22px 22px;\"\/><\/p><h3>La vida narrada: Memoria, subjetividad y pol\u00edtica<\/h3><p><strong>Leonor Arfuch<br \/>2018. 198 p\u00e1ginas. EDUVIM<\/strong><\/p><p>Este libro indaga en ese af\u00e1n de apresar el registro fugaz de la existencia que podr\u00edamos llamar la tentaci\u00f3n biogr\u00e1fica, tal como se da en la biograf\u00eda, a diferencia de otros g\u00e9neros afines, pero tambi\u00e9n en las formas innovadoras de la autoficci\u00f3n, cuando est\u00e1n llamadas a traer al presente memorias traum\u00e1ticas.<\/p>\n<p>Surgi\u00f3 de la predisposici\u00f3n de varios ensayos a entablar una \u201cconversaci\u00f3n grupal\u201d en una temporalidad diferida pero no menos acuciante que la del momento en que fueron escritos. Porque todos responden, en mayor o menor medida, a una inquietud plasmada en los significantes que acompa\u00f1an el t\u00edtulo: la relaci\u00f3n tensa, oscilante y sin garant\u00edas entre memoria, subjetividad y pol\u00edtica. La invitaci\u00f3n es entonces a sumarse a esta conversaci\u00f3n, que traduce a su vez m\u00faltiples voces, en un recorrido que resume el trabajo de los \u00faltimos cinco a\u00f1os de la Dra. Leonor Arfuch. No es un recorrido cronol\u00f3gico sino m\u00e1s bien te\u00f3rico y tem\u00e1tico, y las secciones \u2013que parecen obedecer a la famosa tr\u00edada de Peirce\u2013 se\u00f1alizan apenas lo que ser\u00e1 sin duda el devenir azaroso de cada lectura.<\/p>\n<div class=\"container-newsbutton\">\n<a class=\"cdab-newsbuttonlink\" href=\"https:\/\/www.eduvim.com.ar\/lector\/lector.php?titulo=9789876994828&#038;gcoi=51841100416440&#038;cdlink=2178\" target=\"_blank\" rel=\"noopener noreferrer\"><div class=\"cdab-web-newsbutton\">LEER ONLINE<\/div><\/a>\n<\/div>\n<hr style=\"margin-bottom: 25px;\"\/>\n<p><img decoding=\"async\" class=\"cdab-tapa-instidentpoet-index publicacion-tapa\" title=\"Notas para una contrahistoria del cine argentino\" src=\"http:\/\/www.arte.unicen.edu.ar\/cdab\/wp-content\/uploads\/2021\/06\/contrahistoriacine-tapa.jpg\" alt=\"Notas para una contrahistoria del cine argentino\" style=\"width: 220px; height: 302px; float: right; border: 10px solid #fff; box-shadow: 0 0 5px rgba(0, 0, 0, 0.1); -webkit-box-shadow: 0 0 5px rgba(0, 0, 0, 0.1); -moz-box-shadow: 0 0 5px rgba(0, 0, 0, 0.1); display: block; margin: 0px 0px 22px 22px;\"\/><\/p><h3>Notas para una contrahistoria del cine argentino<\/h3><p><strong>Alberto Tabbia<br \/>2015. 54 p\u00e1ginas. Instituto Nacional de Cine y Artes Audiovisuales (INCAA)<\/strong><\/p><p>Como muchos t\u00edmidos, Alberto Tabbia (1929-1997) era un apasionado. En el escenario social encubr\u00eda la vehemencia de sus antipat\u00edas, la sinceridad y profundidad de sus afectos; s\u00f3lo ocasionalmente, ante los \u00edntimos, depon\u00eda esa casi inexpugnable armadura de afabilidad con que enfrentaba al mundo. Sin talento para las relaciones p\u00fablicas prefer\u00eda leer y releer a sus autores preferidos y ver cine. Ya no era joven cuando se dej\u00f3 convencer para que hiciera periodismo. Previsiblemente, entre notas donde s\u00f3lo obedec\u00eda a su propio gusto, firm\u00f3 otras &#8220;con la mano izquierda&#8221;, para justificar su presencia en un festival o para cumplir con un jefe de redacci\u00f3n amigo. Al margen de estos compromisos iba anotando, con la independencia provocadora de lo que se guarda privado, sus opiniones. Por ejemplo, sobre el cine argentino: lo frecuentaba casi en secreto, como a un amante clandestina, tan poco coincid\u00eda con sus ex\u00e9getas visibles.<\/p>\n<p><em>&#8220;Mucho antes de que en Francia se acu\u00f1ara el t\u00e9rmino &#8216;cinefilia&#8217;, Alfonso Reyes hab\u00eda escrito que la persona a quien le gusta el cine gusta tambi\u00e9n de las malas pel\u00edculas. La producci\u00f3n argentina propuso al autor de estas notas abundantes deleites e inesperados est\u00edmulos para la reflexi\u00f3n. Muchas opiniones de Alberto Tabbia chocar\u00e1n no s\u00f3lo a los afiliados a lo &#8216;pol\u00edticamente correcto&#8217;. Pero no conozco textos sobre cine argentino que exijan pensar de nuevo tantas cosas, sin desde\u00f1ar la sonrisa frecuente, como lo hacen estas p\u00e1ginas admirablemente escritas&#8221;<\/em> &#8211; Edgardo Cozarinsky<\/p>\n<div class=\"container-newsbutton\">\n<a class=\"cdab-newsbuttonlink\" href=\"https:\/\/issuu.com\/festivalinternacionaldecinedemardel\/docs\/notas_para_una_contra_historia_del_\" target=\"_blank\" rel=\"noopener noreferrer\"><div class=\"cdab-issu-newsbutton\">LEER ONLINE<\/div><\/a>\n<\/div>\n<\/div><\/div>\n\n<div id=\"revistasacad\" class=\"csvv-right2021\">\n<div class=\"csvv-card2021\"><div class=\"cdab-especial-covid19-card-icon revistas\"><i class=\"fa fa-file-text-o\" aria-hidden=\"true\" style=\"margin-left: 3px;\"><\/i><\/div><div class=\"cdab-especial-covid19-card-title revistas\">REVISTAS ACAD\u00c9MICAS<\/div>\n<p><img loading=\"lazy\" decoding=\"async\" width=\"225\" height=\"63\" style=\"border: 0px; margin: 0 auto -25px; padding: 0;\" src=\"http:\/\/www.arte.unicen.edu.ar\/cdab\/wp-content\/uploads\/2020\/07\/artepublicaciones-nuevonumero.jpg\" alt=\"Arte Publicaciones | Nuevo n\u00famero\" title=\"Arte Publicaciones | Nuevo n\u00famero\" \/><\/p><p><img decoding=\"async\" class=\"cdab-tapa-instidentpoet-index publicacion-tapa\" title=\"El Pelda\u00f1o. Cuaderno de teatrolog\u00eda\" src=\"http:\/\/www.arte.unicen.edu.ar\/cdab\/wp-content\/uploads\/2021\/06\/elpeldanio2021-tapa.jpg\" alt=\"El Pelda\u00f1o. Cuaderno de teatrolog\u00eda\" style=\"width: 220px; height: 302px; float: right; border: 10px solid #fff; box-shadow: 0 0 5px rgba(0, 0, 0, 0.1); -webkit-box-shadow: 0 0 5px rgba(0, 0, 0, 0.1); -moz-box-shadow: 0 0 5px rgba(0, 0, 0, 0.1); display: block; margin: 0px 0px 22px 22px;\"\/><\/p><h3>Nuevo n\u00famero de &#8220;El Pelda\u00f1o&#8221;<\/h3><p><a href=\"http:\/\/www.ojs.arte.unicen.edu.ar\/index.php\/elpeldano\" target=\"_blank\" rel=\"noopener noreferrer\">El Pelda\u00f1o. Cuaderno de teatrolog\u00eda<\/a> es una publicaci\u00f3n acad\u00e9mica cuyo objetivo es difundir reflexiones acerca de la teor\u00eda y la pr\u00e1ctica del hecho teatral, abordando aspectos pedag\u00f3gicos, art\u00edsticos y t\u00e9cnicos. Su publicaci\u00f3n est\u00e1 a cargo del <a href=\"http:\/\/www.arte.unicen.edu.ar\/institucional\/departamentos\/teatro\" target=\"_blank\" rel=\"noopener noreferrer\">Departamento de Teatro<\/a> de la <a href=\"http:\/\/www.arte.unicen.edu.ar\" target=\"_blank\" rel=\"noopener noreferrer\">Facultad de Arte<\/a> bajo responsabilidad y direcci\u00f3n del equipo de docentes-investigadorxs que integran el <a href=\"http:\/\/www.arte.unicen.edu.ar\/secretarias\/investigacion-posgrado\/nucleos\/cid\" target=\"_blank\" rel=\"noopener noreferrer\">Centro de Investigaciones Dram\u00e1ticas (CID)<\/a>.<\/p>\n<p>Tal como rese\u00f1a Agustina G\u00f3mez Hoffmann, coordinadora editorial de la publicaci\u00f3n: <em>&#8220;A pesar de continuar signadxs por este clima pand\u00e9mico que persiste en debilitar nuestro campo cultural en general, y nuestra actividad teatral en particular, nos vemos movilizadxs a seguir resistiendo, como hist\u00f3ricamente lo ha venido haciendo el teatro, para reelaborar, resigni\ufb01car y principalmente problematizar cuestiones intr\u00ednsecas al hecho teatral que hoy se ven suspendi-das. El teatro sigue viviendo entonces de otras formas que no son las ideales, y menos las tradicionales pero que, aun as\u00ed, son las formas posibles para hacer que su llama no se extinga. Este nuevo \ufb02ujo teatral que aparece lleva inscripta ahora la marca que el contexto de peste imprime y sella a fuego&#8221;<\/em>.<\/p>\n<div class=\"container-newsbutton\"><a class=\"cdab-newsbuttonlink\" href=\"http:\/\/www.ojs.arte.unicen.edu.ar\/index.php\/elpeldano\" target=\"_blank\" rel=\"noopener noreferrer\"><div class=\"cdab-web-newsbutton\">ACCEDER A EL PELDA\u00d1O<\/div><\/a><\/div>\n<hr style=\"margin-bottom: 25px;\"\/>\n<p><img decoding=\"async\" class=\"cdab-tapa-instidentpoet-index publicacion-tapa\" title=\"Estudios Cinematogr\u00e1ficos. Revista de Difusi\u00f3n y Actualizaci\u00f3n T\u00e9cnica y Acad\u00e9mica de la ENAC\/UNAM\" src=\"http:\/\/www.arte.unicen.edu.ar\/cdab\/wp-content\/uploads\/2021\/06\/estudioscinematograficos-tapa.jpg\" alt=\"Estudios Cinematogr\u00e1ficos. Revista de Difusi\u00f3n y Actualizaci\u00f3n T\u00e9cnica y Acad\u00e9mica de la ENAC\/UNAM\" style=\"width: 220px; height: 302px; float: right; border: 10px solid #fff; box-shadow: 0 0 5px rgba(0, 0, 0, 0.1); -webkit-box-shadow: 0 0 5px rgba(0, 0, 0, 0.1); -moz-box-shadow: 0 0 5px rgba(0, 0, 0, 0.1); display: block; margin: 0px 0px 22px 22px;\"\/><h3>Estudios Cinematogr\u00e1ficos. Revista de Difusi\u00f3n y Actualizaci\u00f3n T\u00e9cnica y Acad\u00e9mica de la ENAC\/UNAM<\/h3><\/p><p><strong><u>Director:<\/u> Manuel El\u00edas L\u00f3pez Monroy<br \/>2020. Escuela Nacional de Artes Cinematogr\u00e1ficas, Universidad Nacional Aut\u00f3noma de M\u00e9xico<\/strong><\/p><p>Estudios Cinematogr\u00e1ficos, Revista de Difusi\u00f3n y Actualizaci\u00f3n T\u00e9cnica y Acad\u00e9mica de la Escuela Nacional de Artes Cinematogr\u00e1ficas de la UNAM presenta temas monogr\u00e1ficos desde distintos puntos de vista, ya sean t\u00e9cnicos, te\u00f3ricos, hist\u00f3ricos, con art\u00edculos, ensayos y entrevistas, que permitan dar cuenta de la evoluci\u00f3n de los lenguajes f\u00edlmico y audiovisual, los estudios cr\u00edticos e interdisciplinarios, el derecho de autor o el desarrollo de la industria. En su Nueva \u00c9poca digital, mantiene sus principales secciones, tales como Mesa de Conversaci\u00f3n, Miradas al Cine Mexicano y abarca otras que involucran a los colegios acad\u00e9micos o utilizan herramientas audiovisuales.<\/p>\n<p>Durante 26 a\u00f1os y 40 n\u00fameros impresos, se han abordado tanto temas te\u00f3ricos, hist\u00f3ricos o sociol\u00f3gicos como temas t\u00e9cnicos, directamente sobre m\u00e9todos y pr\u00e1cticas de los oficios cinematogr\u00e1ficos y del audiovisual, an\u00e1lisis y recuentos de procesos que acompa\u00f1aron, en las \u00faltimas d\u00e9cadas, el desarrollo tecnol\u00f3gico que transform\u00f3 las industrias del cine, el audiovisual, la televisi\u00f3n y el entretenimiento.<\/p>\n<p>Estudios Cinematogr\u00e1ficos tiene una periodicidad semestral -se presenta los meses de abril y octubre- y ofrece en su secci\u00f3n central art\u00edculos originales en espa\u00f1ol.<\/p>\n<div class=\"container-newsbutton\">\n<a class=\"cdab-newsbuttonlink\" href=\"https:\/\/www.estudioscinematograficos.unam.mx\" target=\"_blank\" rel=\"noopener noreferrer\"><div class=\"cdab-web-newsbutton\">ACCEDER A ESTUDIOS CINEMATOGR\u00c1FICOS<\/div><\/a><\/div>\n<hr style=\"margin-bottom: 25px;\"\/>\n<p><img decoding=\"async\" class=\"cdab-tapa-instidentpoet-index publicacion-tapa\" title=\"\u00d1awi: arte.dise\u00f1o.comunicaci\u00f3n\" src=\"http:\/\/www.arte.unicen.edu.ar\/cdab\/wp-content\/uploads\/2021\/06\/nawi-tapa.jpg\" alt=\"\u00d1awi: arte.dise\u00f1o.comunicaci\u00f3n\" style=\"width: 220px; height: 302px; float: right; border: 10px solid #fff; box-shadow: 0 0 5px rgba(0, 0, 0, 0.1); -webkit-box-shadow: 0 0 5px rgba(0, 0, 0, 0.1); -moz-box-shadow: 0 0 5px rgba(0, 0, 0, 0.1); display: block; margin: 0px 0px 22px 22px;\"\/><h3>\u00d1awi: arte.dise\u00f1o.comunicaci\u00f3n<\/h3><\/p><p><strong><u>Director:<\/u> PhD Miguel Alfonso Bouhaben (ESPOL)<br \/>2021. Facultad de Arte, Dise\u00f1o y Comunicaci\u00f3n Audiovisual (FADCOM), Escuela Superior Polit\u00e9cnica del Litoral (ESPOL)<\/strong><\/p><p><a href=\"http:\/\/nawi.espol.edu.ec\/index.php\/nawi\" target=\"_blank\" rel=\"noopener noreferrer\">\u00d1awi: arte.dise\u00f1o.comunicaci\u00f3n<\/a> es una revista de investigaci\u00f3n cient\u00edfica semestral de la <a href=\"https:\/\/www.espol.edu.ec\" target=\"_blank\" rel=\"noopener noreferrer\">Escuela Superior Polit\u00e9cnica del Litoral (ESPOL)<\/a>, producida por la <a href=\"http:\/\/www.fadcom.espol.edu.ec\" target=\"_blank\" rel=\"noopener noreferrer\">Facultad de Arte, Dise\u00f1o y Comunicaci\u00f3n Audiovisual (FADCOM)<\/a>. La revista aborda el estudio y la reflexi\u00f3n del Arte, el Dise\u00f1o y la Comunicaci\u00f3n vinculadas a lo visual. Tambi\u00e9n est\u00e1 abierta a la recepci\u00f3n de art\u00edculos sobre las diferentes ramas de las Ciencias Sociales y la Humanidades (Sociolog\u00eda, Psicolog\u00eda, Antropolog\u00eda, Est\u00e9tica, Semi\u00f3tica, Historia y Filosof\u00eda), siempre que traten problem\u00e1ticas vinculadas a la Comunicaci\u00f3n Visual, el Arte y el Dise\u00f1o, con especial atenci\u00f3n a las pr\u00e1cticas acontecidas en Ecuador y en Am\u00e9rica Latina. La revista est\u00e1 dirigida a docentes e investigadores del campo del arte, el dise\u00f1o, la comunicaci\u00f3n y, en general, de las Ciencias Sociales y Humanidades. Es una revista de acceso abierto, evaluada por pares ciegos externos y el proceso editorial es gratuito.<\/p>\n<div class=\"container-newsbutton\">\n<a class=\"cdab-newsbuttonlink\" href=\"http:\/\/nawi.espol.edu.ec\/index.php\/nawi\" target=\"_blank\" rel=\"noopener noreferrer\"><div class=\"cdab-web-newsbutton\">ACCEDER A \u00d1AWI. arte.dise\u00f1o.comunicaci\u00f3n<\/div><\/a><\/div>\n<hr style=\"margin-bottom: 25px;\"\/>\n<p><img decoding=\"async\" class=\"cdab-tapa-instidentpoet-index publicacion-tapa\" title=\"Cuadernos de Historia del Arte\" src=\"http:\/\/www.arte.unicen.edu.ar\/cdab\/wp-content\/uploads\/2021\/06\/cuadernoshistarte-tapa.jpg\" alt=\"Cuadernos de Historia del Arte\" style=\"width: 220px; height: 302px; float: right; border: 10px solid #fff; box-shadow: 0 0 5px rgba(0, 0, 0, 0.1); -webkit-box-shadow: 0 0 5px rgba(0, 0, 0, 0.1); -moz-box-shadow: 0 0 5px rgba(0, 0, 0, 0.1); display: block; margin: 0px 0px 22px 22px;\"\/><h3>Cuadernos de Historia del Arte<\/h3><\/p><p><strong><u>Directora:<\/u> Dra. Emilce N. Sosa<br \/>2020. Instituto de Historia del Arte, FFyL, Universidad Nacional de Cuyo<\/strong><\/p><p><a href=\"https:\/\/revistas.uncu.edu.ar\/ojs3\/index.php\/cuadernoshistoarte\/index\" target=\"_blank\" rel=\"noopener noreferrer\">Cuadernos de Historia del Arte<\/a> es una revista cient\u00edfica digital de acceso libre, con referato y de periodicidad semestral (2 n\u00fameros por a\u00f1o, enero-junio y julio-diciembre) del Instituto de Historia del Arte de la <a href=\"http:\/\/ffyl.uncuyo.edu.ar\" target=\"_blank\" rel=\"noopener noreferrer\">Facultad de Filosof\u00eda y Letras<\/a> de la <a href=\"http:\/\/www.uncuyo.edu.ar\" target=\"_blank\" rel=\"noopener noreferrer\">Universidad Nacional de Cuyo<\/a>. Publica trabajos in\u00e9ditos y originales, en idioma espa\u00f1ol, portugu\u00e9s, franc\u00e9s e ingl\u00e9s, de historia del arte y la cultura regional, nacional e internacional, con un \u00e9nfasis especial en torno a las problem\u00e1ticas y tensiones que proponen los enfoques del arte latinoamericano e hispanoamericano. Las tem\u00e1ticas que contienen abordan las relaciones entre la producci\u00f3n art\u00edstica y los diversos contextos culturales, sociales, pol\u00edticos y econ\u00f3micos. Se trata de una publicaci\u00f3n que se encuentra abierta a diferentes disciplinas que abordan el arte y la cultura como objeto de estudio desde perspectivas te\u00f3ricas y metodol\u00f3gicas cr\u00edticas que propicien un debate enriquecedor en el campo cient\u00edfico.<\/p>\n<div class=\"container-newsbutton\">\n<a class=\"cdab-newsbuttonlink\" href=\"https:\/\/revistas.uncu.edu.ar\/ojs3\/index.php\/cuadernoshistoarte\/index\" target=\"_blank\" rel=\"noopener noreferrer\"><div class=\"cdab-web-newsbutton\">ACCEDER A CUADERNOS DE HISTORIA DEL ARTE<\/div><\/a><\/div>\n<\/div><\/div>\n\n<div id=\"teatro\" class=\"csvv-right2021\">\n<div class=\"csvv-card2021\"><div class=\"cdab-especial-covid19-card-icon teatro\"><i class=\"fa fa-comments-o\" aria-hidden=\"true\"><\/i><\/div><div class=\"cdab-especial-covid19-card-title teatro\">TEATRO<\/div>\n<p><a href=\"https:\/\/www.cck.gob.ar\/el-espacio-de-ensayo\" target=\"_blank\" rel=\"noopener noreferrer\"><img decoding=\"async\" class=\"publicacion-tapa\" src=\"http:\/\/www.arte.unicen.edu.ar\/cdab\/wp-content\/uploads\/2020\/08\/espaciodeensayo-banner.jpg\" data-fancybox=\"gallery\" data-caption=\"Cuidado social. V\u00ednculo virtual #23\"\/><\/a><\/p>\n<p>Contin\u00faa el ciclo de entrevistas iniciado en 2020 en el contexto de El trabajo del artista, en donde diversxs artistas de las artes esc\u00e9nicas cuentan qu\u00e9 es para ellxs el espacio de ensayo y abren sus procesos art\u00edsticos mientras reflexionan sobre su propia pr\u00e1ctica.<\/p>\n<p>La intenci\u00f3n detr\u00e1s de esta propuesta es la de ir conformando un archivo de las artes esc\u00e9nicas local en el que se d\u00e9 cuenta de distintos procesos de trabajo y creaci\u00f3n. Conocer los modos, los m\u00e9todos, las derivas y las pr\u00e1cticas que se ponen a funcionar en ese espacio \u2018secreto\u2019 que es el del ensayo, es una manera de reflexionar sobre las relaciones que establecemos en m\u00faltiples campos.<\/p>\n<p>El espacio de ensayo como ensayo de la vida, con la posibilidad de torcer, mover, virar, descubrir, elegir qu\u00e9 performear.<\/p>\n<div align=\"center\" style=\"margin: 20px auto 30px\"><iframe loading=\"lazy\" width=\"700\" height=\"394\" src=\"https:\/\/www.youtube.com\/embed\/eh486Sax5VQ\" frameborder=\"0\" allow=\"accelerometer; autoplay; encrypted-media; gyroscope; picture-in-picture\" allowfullscreen><\/iframe><\/div>\n<p style=\"font-size: 12px; line-height: 24px;\"><img loading=\"lazy\" decoding=\"async\" width=\"170\" height=\"170\" class=\"alignright size-full wp-image-4077\" style=\"border: 0px; border-radius: 170px; margin-bottom: 35px;\" src=\"http:\/\/www.arte.unicen.edu.ar\/cdab\/wp-content\/uploads\/2021\/06\/csvv-andrea-garrote.jpg\" alt=\"Andrea Garrote\" title=\"Andrea Garrote\" \/><strong>Andrea Garrote<\/strong> es actriz, directora, dramaturga y docente. En 1994 funda junto con Rafael Spregelburd el grupo <em>El Patr\u00f3n V\u00e1zquez<\/em> y escribe, dirige y protagoniza junto al actor la obra <em>Dos personas diferentes dicen hace buen tiempo<\/em>, act\u00faa en <em>La modestia<\/em>, La estupidez, <em>La paranoia<\/em>, <em>La terquedad<\/em> y <em>Tres finales<\/em>, entre otras y participa de festivales y giras por Latinoam\u00e9rica y Europa. Trabaj\u00f3 bajo la direcci\u00f3n de Laura Yusem, Vivi Tellas, Rub\u00e9n Szuchmacher, Javier Daulte y Matias Feldman. En cine particip\u00f3 de films como <em>Relatos Salvajes<\/em>, <em>El patr\u00f3n, radiograf\u00eda de un crimen<\/em> y <em>La flor<\/em>. Es profesora de la c\u00e1tedra de Dramaturgia en la <a href=\"https:\/\/www.una.edu.ar\" target=\"_blank\" rel=\"noopener noreferrer\">Universidad Nacional de las Artes<\/a>. Fund\u00f3 el ciclo <em>Perfecta Anarqu\u00eda<\/em>, que nuclea los trabajos que se producen en sus talleres de Entrenamiento y Dramaturgia para actores. Dict\u00f3 clases en Colombia, Uruguay y Espa\u00f1a. Public\u00f3 varios art\u00edculos en libros sobre el quehacer art\u00edstico y pedag\u00f3gico. Su \u00faltimo trabajo como directora fue <em>Adela duerme serena<\/em> (2019) en el <a href=\"https:\/\/www.teatrocervantes.gob.ar\" target\"_blank\">Teatro Nacional Cervantes<\/a>.<\/p>\n<hr style=\"margin-bottom: 25px;\"\/>\n<p><a href=\"https:\/\/www.youtube.com\/c\/MicroteatroBA\" target=\"_blank\" rel=\"noopener noreferrer\"><img decoding=\"async\" class=\"publicacion-tapa\" src=\"http:\/\/www.arte.unicen.edu.ar\/cdab\/wp-content\/uploads\/2021\/06\/csvv-livemicroteatro-banner.jpg\" data-fancybox=\"gallery\" data-caption=\"Cuidado social. V\u00ednculo virtual #23\"\/><\/a><\/p><p><a href=\"https:\/\/www.microteatro.com.ar\" target=\"_blank\" rel=\"noopener noreferrer\">Microteatro Buenos Aires<\/a> mud\u00f3 temporalmente sus salas de Palermo a la virtualidad y estren\u00f3 <b>Live Microteatro<\/b> en su <a href=\"https:\/\/www.youtube.com\/c\/MicroteatroBA\" target=\"_blank\" rel=\"noopener noreferrer\">canal de YouTube<\/a>. Propuestas teatrales breves, in\u00e9ditas, gratis y online.<\/p>\n<p>Desde <strong>Cuidado social. V\u00ednculo virtual<\/strong> compartimos algunos de los \u00faltimos estrenos y micros destacados:<\/p>\n<div align=\"center\" style=\"margin: 20px auto\"><iframe loading=\"lazy\" width=\"700\" height=\"394\" src=\"https:\/\/www.youtube.com\/embed\/bEky_RcIgNI\" frameborder=\"0\" allow=\"accelerometer; autoplay; encrypted-media; gyroscope; picture-in-picture\" allowfullscreen><\/iframe><\/div>\n<div align=\"center\" style=\"margin: 20px auto\"><iframe loading=\"lazy\" width=\"700\" height=\"394\" src=\"https:\/\/www.youtube.com\/embed\/j2fMoEaX3Ng\" frameborder=\"0\" allow=\"accelerometer; autoplay; encrypted-media; gyroscope; picture-in-picture\" allowfullscreen><\/iframe><\/div>\n<div align=\"center\" style=\"margin: 20px auto\"><iframe loading=\"lazy\" width=\"700\" height=\"394\" src=\"https:\/\/www.youtube.com\/embed\/QVaOGJUfKp0\" frameborder=\"0\" allow=\"accelerometer; autoplay; encrypted-media; gyroscope; picture-in-picture\" allowfullscreen><\/iframe><\/div>\n<div align=\"center\" style=\"margin: 20px auto\"><iframe loading=\"lazy\" width=\"700\" height=\"394\" src=\"https:\/\/www.youtube.com\/embed\/2Cf7L8HpItQ\" frameborder=\"0\" allow=\"accelerometer; autoplay; encrypted-media; gyroscope; picture-in-picture\" allowfullscreen><\/iframe><\/div>\n<div class=\"container-newsbutton\">\n<a class=\"cdab-newsbuttonlink\" href=\"https:\/\/www.youtube.com\/c\/MicroteatroBA\" target=\"_blank\" rel=\"noopener noreferrer\"><div class=\"cdab-youtube-newsbutton\">LIVE MICROTEATRO<\/div><\/a><\/div>\n<\/div><\/div>\n\n<div id=\"audiovisual\" class=\"csvv-right2021\">\n<div class=\"csvv-card2021\"><div class=\"cdab-especial-covid19-card-icon audiovisual\"><i class=\"fa fa-film\" aria-hidden=\"true\"><\/i><\/div><div class=\"cdab-especial-covid19-card-title audiovisual\">AUDIOVISUAL<\/div>\n<p><a href=\"https:\/\/www.cont.ar\" target=\"_blank\" rel=\"noopener noreferrer\"><img decoding=\"async\" class=\"publicacion-tapa\" src=\"http:\/\/www.arte.unicen.edu.ar\/cdab\/wp-content\/uploads\/2021\/06\/csvv-argsinviolencia-banner.jpg\" data-fancybox=\"gallery\" data-caption=\"Cuidado social. V\u00ednculo virtual #23\"\/><\/a><\/p><p><a href=\"https:\/\/www.cont.ar\" target=\"_blank\" rel=\"noopener noreferrer\">Contar<\/a>, la plataforma p\u00fablica y gratuita de la <a href=\"https:\/\/www.argentina.gob.ar\/jefatura\/mediosycomunicacion\" target=\"_blank\" rel=\"noopener noreferrer\">Secretar\u00eda de Medios y Comunicacio\u0301n Pu\u0301blica<\/a>, conmemora los seis a\u00f1os de la primera marcha del colectivo <strong>Ni Una Menos<\/strong> mediante el ciclo <strong>Cine por una Argentina sin violencias<\/strong>.<\/p>\n<p>En conjunto con el <a href=\"https:\/\/www.argentina.gob.ar\/generos\" target=\"_blank\" rel=\"noopener noreferrer\">Ministerio de las Mujeres, Ge\u0301neros y Diversidad<\/a> y el <a href=\"https:\/\/www.cultura.gob.ar\" target=\"_blank\" rel=\"noopener noreferrer\">Ministerio de Cultura<\/a> -a trav\u00e9s de la l\u00ednea de acci\u00f3n <a href=\"https:\/\/www.argentina.gob.ar\/movemoselmundo\" target=\"_blank\" rel=\"noopener noreferrer\">Nosotras Movemos el Mundo<\/a> y la Campa\u00f1a Nacional &#8220;Argentina Unida contra las Violencias de Ge\u0301nero&#8221;- se estrenan tres pel\u00edculas argentinas multipremiadas a nivel nacional e internacional, que abordan con destreza y profundidad distintas manifestaciones de las violencias de g\u00e9nero.<\/p>\n<p>Los films estar\u00e1n disponibles de forma gratuita <strong>desde el jueves 3 hasta el domingo 13 de junio inclusive<\/strong>; y contar\u00e1n con el apoyo de una gu\u00eda participativa que aliente a la reflexi\u00f3n individual y colectiva sobre la visibilizaci\u00f3n, acompa\u00f1amiento y prevenci\u00f3n de las violencias, partiendo de la firme creencia de que la transformaci\u00f3n cultural es, junto con las pol\u00edticas p\u00fablicas, el camino para desarmar las relaciones desiguales de poder entre los g\u00e9neros.<\/p><br \/>\n<p><img loading=\"lazy\" decoding=\"async\" width=\"200\" height=\"206\" class=\"alignleft size-full wp-image-4077\" style=\"border: 0px; border-radius: 10px;\" src=\"http:\/\/www.arte.unicen.edu.ar\/cdab\/wp-content\/uploads\/2021\/06\/csvv-refugiado-banner.jpg\" alt=\"Refugiado de Diego Lerman\" title=\"Refugiado de Diego Lerman\" \/><h3>&#8220;Refugiado&#8221; (2014, Dir. Diego Lerman)<\/h3><\/p><p>Mat\u00edas y Laura, su madre, se ven obligados a abandonar inesperadamente la casa donde viven tras una nueva reacci\u00f3n violenta de Fabi\u00e1n (el padre). Mat\u00edas tiene 7 a\u00f1os y Laura transita los momentos iniciales de un embarazo. Comienzan as\u00ed, inesperadamente, un deambular en busca de un lugar donde puedan sentirse protegidos y amparados.<div class=\"container-newsbutton\">\n<a class=\"cdab-newsbuttonlink\" href=\"https:\/\/www.cont.ar\/serie\/6ca7bb24-94f0-4ccb-95ab-0ceef7e06a91\" target=\"_blank\" rel=\"noopener noreferrer\"><div class=\"cdab-web-newsbutton\">VER EN CONTAR<\/div><\/a><\/div><\/p>\n<p><img loading=\"lazy\" decoding=\"async\" width=\"200\" height=\"206\" class=\"alignleft size-full wp-image-4077\" style=\"border: 0px; border-radius: 10px;\" src=\"http:\/\/www.arte.unicen.edu.ar\/cdab\/wp-content\/uploads\/2021\/06\/csvv-mia-banner.jpg\" alt=\"M\u00eda de Javier Van de Couter\" title=\"M\u00eda de Javier Van de Couter\" \/><h3>&#8220;M\u00eda&#8221; (2011, Dir. Javier Van de Couter)<\/h3><\/p><p>M\u00eda es la historia de Ale, una travesti que vive en una villa miseria habitada solo por gais y trans que trabajan de cartoneros para poder subsistir. Ale encuentra en la calle el diario \u00edntimo de una joven mujer que ha muerto. La empat\u00eda que siente con ella al leer el contenido del diario la acerca a lo que quiere. Luchar por ese deseo la conduce a un enfrentamiento con su verdadera naturaleza.<div class=\"container-newsbutton\">\n<a class=\"cdab-newsbuttonlink\" href=\"https:\/\/www.cont.ar\/serie\/33c3623a-7f8c-4b62-97cf-260e4bc938e5\" target=\"_blank\" rel=\"noopener noreferrer\"><div class=\"cdab-web-newsbutton\">VER EN CONTAR<\/div><\/a><\/div><\/p>\n<p><img loading=\"lazy\" decoding=\"async\" width=\"200\" height=\"206\" class=\"alignleft size-full wp-image-4077\" style=\"border: 0px; border-radius: 10px; margin-bottom: 40px;\" src=\"http:\/\/www.arte.unicen.edu.ar\/cdab\/wp-content\/uploads\/2021\/06\/csvv-mariaarania-banner.jpg\" alt=\"Mar\u00eda y el ara\u00f1a de Mar\u00eda Victoria Menis\" title=\"Mar\u00eda y el ara\u00f1a de Mar\u00eda Victoria Menis\" \/><h3>&#8220;Mar\u00eda y el ara\u00f1a&#8221; (2013, Dir. Mar\u00eda Victoria Menis)<\/h3><\/p><p>Mar\u00eda tiene 13 a\u00f1os y vive en una villa de emergencia de Buenos Aires junto a su abuela y el oscuro compa\u00f1ero de esta. Candidata a recibir una beca para continuar su escolaridad, Mar\u00eda est\u00e1 terminando la primaria y trabaja al mismo tiempo en el subte. All\u00ed conoce a un chico de 17 a\u00f1os que se gana la vida haciendo malabares disfrazado de Hombre Ara\u00f1a. A medida que el amor crece entre ambos, se ir\u00e1 descubriendo, dentro de la casa de Mar\u00eda, el entretejido de un lazo siniestro que la mantiene sometida.<div class=\"container-newsbutton\">\n<a class=\"cdab-newsbuttonlink\" href=\"https:\/\/www.cont.ar\/serie\/770baf4e-3c09-447a-9b6e-8ed8ce8d407e\" target=\"_blank\" rel=\"noopener noreferrer\"><div class=\"cdab-web-newsbutton\">VER EN CONTAR<\/div><\/a><\/div><\/p>\n<p>Compartimos la gu\u00eda de preguntas para la reflexi\u00f3n y prevenci\u00f3n de violencias de g\u00e9nero a partir de las pel\u00edculas estrenadas en el marco del ciclo <strong>Cine por una Argentina sin violencias<\/strong>.<\/p>\n<div class=\"container-newsbutton\"><a class=\"cdab-newsbuttonlink\" href=\"https:\/\/www.argentina.gob.ar\/sites\/default\/files\/2021\/01\/cine_por_una_argentinasinviolencias.pdf\" target=\"_blank\" rel=\"noopener noreferrer\"><div class=\"cdab-pdf-newsbutton\">GU\u00cdA &#8220;CINE POR UNA ARGENTINA SIN VIOLENCIAS&#8221;<\/div><\/a><\/div>\n<hr style=\"margin-bottom: 25px;\"\/>\n<h3>&#8220;Disparos en la biblioteca&#8221;<\/h3>\n<p><strong>Disparos en la biblioteca<\/strong> es un ciclo televisivo conducido por el escritor y periodista Juan Sasturain, cuyo objetivo es difundir la riqueza y el valor cultural del g\u00e9nero policial argentino y sus m\u00faltiples expresiones en el cine, la literatura, la televisi\u00f3n y la historieta. El ciclo busca no s\u00f3lo transmitir conocimientos, sino sobre todo entusiasmar a los televidentes y acompa\u00f1arlos en el disfrute del g\u00e9nero. El tratamiento visual de la serie se inspira en las convenciones del policial negro: claroscuros, escenas nocturnas iluminadas por carteles de ne\u00f3n, la ciudad en primer plano y el recurso de la voz en off. Juan Sasturain no es un conductor tradicional, sino que interpreta a un detective privado, vestido con el impermeable caracter\u00edstico, que recibe casos en una oficina taponada de libros y pel\u00edculas policiales.<\/p>\n<p>Cada cap\u00edtulo inicia con el planteamiento de un caso que Juan debe resolver y que le llega habitualmente a trav\u00e9s de Doris, su secretaria, interpretada por Mirta Wons. Los casos son una excusa para que Juan indague, con tono l\u00fadico, acerca de los misterios y peculiaridades del g\u00e9nero policial en Argentina. En su investigaci\u00f3n es auxiliado por un personaje misterioso, interpretado por Federico Luppi, cuyo aporte siempre resulta decisivo. Tambi\u00e9n colaboran escritores, cineastas, cr\u00edticos y especialistas que conocen y aprecian el g\u00e9nero. Estas participaciones no son entrevistas o testimonios aislados, sino que est\u00e1n incorporadas a la trama de ficci\u00f3n del programa. Juan recurre tambi\u00e9n a fragmentos de pel\u00edculas y programa de TV, im\u00e1genes de historietas y ediciones originales de libros, entre otros elementos.<\/p>\n<div align=\"center\" style=\"margin: 20px auto;\"><iframe loading=\"lazy\" width=\"700\" height=\"394\" src=\"https:\/\/www.youtube.com\/embed\/?listType=playlist&#038;list=PLJ0FgGvLVKgouHy2U8-fA8Wwsm6VJE9Gi\" frameborder=\"0\" allow=\"accelerometer; autoplay; encrypted-media; gyroscope; picture-in-picture\" allowfullscreen><\/iframe><\/div>\n<\/div><\/div>\n\n<div id=\"formacion\" class=\"csvv-right2021\">\n<div class=\"csvv-card2021\"><div class=\"cdab-especial-covid19-card-icon formacioncontinua\"><i class=\"fa fa-university\" aria-hidden=\"true\" style=\"margin-left: 3px;\"><\/i><\/div><div class=\"cdab-especial-covid19-card-title formacioncontinua\">FORMACI\u00d3N <span style=\"font-size: 16px;\">(Secci\u00f3n coordinada por la Secretar\u00eda Acad\u00e9mica de la Facultad de Arte)<\/span><\/div>\n<p><a href=\"https:\/\/moodle.rec.unicen.edu.ar\/\/unipedia\/course\/index.php?categoryid=37\" target=\"_blank\" rel=\"noopener noreferrer\"><img decoding=\"async\" class=\"publicacion-tapa\" src=\"http:\/\/www.arte.unicen.edu.ar\/cdab\/wp-content\/uploads\/2021\/04\/csvv-distanciaarte-banner.jpg\" data-fancybox=\"gallery\" data-caption=\"Cuidado social. V\u00ednculo virtual #23\"\/><\/a><\/p>\n<p>El <a href=\"https:\/\/moodle.rec.unicen.edu.ar\/\/unipedia\/course\/index.php?categoryid=37\" target=\"_blank\" rel=\"noopener noreferrer\">Programa de Educaci\u00f3n a Distancia<\/a> comparte en esta oportunidad una recomendaci\u00f3n bibliogr\u00e1fica (disponible para la comunidad de la <a href=\"http:\/\/www.arte.unicen.edu.ar\" target=\"_blank\" rel=\"noopener noreferrer\">Facultad de Arte<\/a> en la <a href=\"https:\/\/moodle.rec.unicen.edu.ar\/\/unipedia\/course\/index.php?categoryid=37\" target=\"_blank\" rel=\"noopener noreferrer\">Plataforma de Educaci\u00f3n a Distancia<\/a>) y una videoentrevista sobre mediaci\u00f3n tecnol\u00f3gica de la ense\u00f1anza.<\/p>\n<p><strong>Educaci\u00f3n en Pandemia. Gu\u00eda de supervivencia para docentes y familias<\/strong> (2021) es un libro de la Dra. Mariana Maggio, recientemente editado por Paid\u00f3s. El texto analiza y sistematiza experiencias de virtualizaci\u00f3n en contexto de DISPO y plantea un marco general para entender los fen\u00f3menos acontecidos a partir de los cambios tecnol\u00f3gicos y culturales, intentando superar las visiones dicot\u00f3micas entre educaci\u00f3n virtual y presencial. Propone revisar integralmente los modos de pensar y hacer la ense\u00f1anza.<\/p><br \/><p><img decoding=\"async\" class=\"cdab-tapa-instidentpoet-index publicacion-tapa\" title=\"Educaci\u00f3n en Pandemia. Gu\u00eda de supervivencia para docentes y familias\" src=\"http:\/\/www.arte.unicen.edu.ar\/cdab\/wp-content\/uploads\/2021\/06\/educacionpandemia-tapa.jpg\" alt=\"Educaci\u00f3n en Pandemia. Gu\u00eda de supervivencia para docentes y familias\" style=\"width: 220px; height: 302px; float: right; border: 10px solid #fff; box-shadow: 0 0 5px rgba(0, 0, 0, 0.1); -webkit-box-shadow: 0 0 5px rgba(0, 0, 0, 0.1); -moz-box-shadow: 0 0 5px rgba(0, 0, 0, 0.1); display: block; margin: 0px 0px 22px 22px;\"\/><h3>Educaci\u00f3n en Pandemia. Gu\u00eda de supervivencia para docentes y familias<\/h3><\/p><p><strong>Mariana Maggio<br \/>2021. 216 p\u00e1ginas. Paid\u00f3s<\/strong><\/p><p>&#8220;Hola. A ver si me manda un poquito menos de tarea para Julieta. Disculpame, pero yo no puedo estar m\u00e1s con esto. Tengo que estar encima de Julieta y de mi hijo de jard\u00edn de 5 a\u00f1os que tambi\u00e9n tiene un grupo que le manda a hacer un mont\u00f3n de pavadas. Tengo a Daniel. Tengo mis tres hijos y una casa que tengo que atender. Yo no puedo m\u00e1s con todo esto. Me est\u00e1 volviendo loca&#8221;.<\/p>\n<p>La crisis de la pandemia de Covid-19 estall\u00f3 en la educaci\u00f3n con el cierre de los edificios escolares. Muy pronto qued\u00f3 claro que grandes cantidades de estudiantes y tambi\u00e9n de docentes no ten\u00edan acceso a dispositivos tecnol\u00f3gicos y conectividad de calidad. Que teni\u00e9ndolos, no era sencillo ponerse en marcha. Y que est\u00e1bamos muy lejos del desaf\u00edo que implica ense\u00f1ar y aprender con las escuelas, los institutos y las universidades cerrados. En este libro, Mariana Maggio aborda la pregunta urgente \u201c\u00bfY ahora qu\u00e9 hacemos?\u201d en tres tiempos. Primero se asoma a las escenas de 2020 para reconocer all\u00ed lo que sucedi\u00f3 y las lecciones que s\u00ed se aprendieron. Luego, desarrolla un marco para abordar la educaci\u00f3n en pandemia que, buscando superar visiones dicot\u00f3micas, pone la mirada en los cambios culturales que exigen revisar los modos de pensar y hacer la ense\u00f1anza. Y finaliza con una gu\u00eda orientada a una acci\u00f3n educativa que sea, adem\u00e1s, un puente a la transformaci\u00f3n colectiva.<\/p>\n<div class=\"container-newsbutton\">\n<a class=\"cdab-newsbuttonlink\" href=\"https:\/\/moodle.rec.unicen.edu.ar\/unipedia\/course\/index.php?categoryid=70\" target=\"_blank\" rel=\"noopener noreferrer\"><div class=\"cdab-web-newsbutton\">ACCEDER A PLATAFORMA DE EDUCACI\u00d3N A DISTANCIA<\/div><\/a>\n<\/div>\n<p>Compartimos la presentaci\u00f3n del libro realizada de manera virtual en la <a href=\"http:\/\/www.soc.unicen.edu.ar\" target=\"_blank rel=\"noopener noreferrer\">Facultad de Ciencias Sociales<\/a> de la <a href=\"http:\/\/www.unicen.edu.ar\" target=\"_blank\" rel=\"noopener noreferrer\">UNICEN<\/a>:<\/p>\n<div align=\"center\" style=\"margin: 20px auto 30px\"><iframe loading=\"lazy\" width=\"700\" height=\"394\" src=\"https:\/\/www.youtube.com\/embed\/S8AC2tJlw5I\" frameborder=\"0\" allow=\"accelerometer; autoplay; encrypted-media; gyroscope; picture-in-picture\" allowfullscreen><\/iframe><\/div>\n<hr style=\"margin-bottom: 25px;\"\/>\n<p>En 2013, Maggio relat\u00f3 su mirada acerca de las nuevas tecnolog\u00edas y la posibilidad de configurar una ense\u00f1anza potente haciendo \u00e9nfasis en tres ejes: perdurabilidad, potencia y colaboraci\u00f3n.<\/p>\n<p><strong>\u00bfLas nuevas tecnolog\u00edas nos est\u00e1n permitiendo configurar ense\u00f1anza potente?<\/strong><\/p>\n<div align=\"center\" style=\"margin: 20px auto 30px\"><iframe loading=\"lazy\" width=\"700\" height=\"394\" src=\"https:\/\/www.youtube.com\/embed\/MuSud7c-oP0\" frameborder=\"0\" allow=\"accelerometer; autoplay; encrypted-media; gyroscope; picture-in-picture\" allowfullscreen><\/iframe><\/div>\n<p><img loading=\"lazy\" decoding=\"async\" width=\"170\" height=\"170\" class=\"alignleft size-full wp-image-4077\" style=\"border: 0px; border-radius: 170px;\" src=\"http:\/\/www.arte.unicen.edu.ar\/cdab\/wp-content\/uploads\/2021\/06\/csvv-mariana-maggio.jpg\" alt=\"Mariana Maggio\" title=\"Mariana Maggio\" \/><strong>Mariana Maggio<\/strong> es profesora adjunta de Tecnolog\u00eda Educativa en la <a href=\"http:\/\/www.filo.uba.ar\" target=\"_blank\" rel=\"noopener noreferrer\">Facultad de Filosof\u00eda y Letras<\/a> de la <a href=\"http:\/\/www.uba.ar\" target=\"_blank\" rel=\"noopener noreferrer\">UBA<\/a>, e investigadora del Instituto de Investigaciones en Ciencias de la Educaci\u00f3n. Se desempe\u00f1\u00f3 como coordinadora de subsedes del programa <a href=\"https:\/\/www.ubaxxi.uba.ar\" target=\"_blank\" rel=\"noopener noreferrer\">UBA XXI<\/a>, y subcoordinadora del Programa Nacional de Formaci\u00f3n Docente y coordinadora del Proyecto Polos de Desarrollo (Ministerio de Educaci\u00f3n). Tambi\u00e9n es la Directora de la Maestr\u00eda e tecnolog\u00eda educativa de la <a href=\"http:\/\/www.filo.uba.ar\" target=\"_blank\" rel=\"noopener noreferrer\">Facultad de Filosof\u00eda y Letras<\/a> de la <a href=\"http:\/\/www.uba.ar\" target=\"_blank\" rel=\"noopener noreferrer\">UBA<\/a>.<\/p><br \/>\n<\/div><\/div>\n\n<div id=\"investigacion\" class=\"csvv-right2021\">\n<div class=\"csvv-card2021\"><div class=\"cdab-especial-covid19-card-icon posgrado\"><i class=\"fa fa-graduation-cap\" aria-hidden=\"true\" style=\"margin-left: 3px;\"><\/i><\/div><div class=\"cdab-especial-covid19-card-title posgrado\">INVESTIGACI\u00d3N Y POSGRADO<\/div>\n<p><img loading=\"lazy\" decoding=\"async\" width=\"170\" height=\"170\" class=\"alignright size-full wp-image-4077\" style=\"border: 0px; border-radius: 170px; margin-bottom: 35px;\" src=\"http:\/\/www.arte.unicen.edu.ar\/cdab\/wp-content\/uploads\/2021\/06\/csvv-reguantfosas.jpg\" alt=\"Manifestando lo sutil #3: Gemma Reguant Fosas\" title=\"Manifestando lo sutil #3: Gemma Reguant Fosas\" \/><h3>Manifestando lo sutil #3: Gemma Reguant Fosas<\/h3><\/p><p>El \u00e1rea de <a href=\"http:\/\/www.arte.unicen.edu.ar\/formacion-continua\" target=\"_blank\" rel=\"noopener noreferrer\">Formaci\u00f3n Continua<\/a> de la <a href=\"http:\/\/www.arte.unicen.edu.ar\/secretarias\/investigacion-posgrado\" target=\"_blank\" rel=\"noopener noreferrer\">Secretar\u00eda de Investigaci\u00f3n y Posgrado<\/a> present\u00f3 <em>Los olores para mejorar la voz y la locuci\u00f3n actoral\u2026 y el trabajo con otros sentidos<\/em> a cargo de <strong>Gemma Reguant Fosas<\/strong> en el marco del ciclo de charlas mensuales sobre entrenamiento vocal de actores\/actrices denominado <strong>Manifestando lo sutil<\/strong>.<\/p><p>Cada encuentro, a cargo de docentes de Espa\u00f1a y Argentina bajo la coordinaci\u00f3n del <strong>Dr. Rub\u00e9n Maidana<\/strong>, tiene por objetivo difundir distintas propuestas de entrenamiento vocal que se implementan en la formaci\u00f3n de actores\/actrices dentro del \u00e1mbito acad\u00e9mico formal como as\u00ed tambi\u00e9n en trabajos de investigaci\u00f3n de docentes universitarios cuyo tema central sea la voz.<\/p>\n<p><strong>Gemma Reguant Fosas<\/strong> est\u00e1 formada como actriz, especialidad en interpretaci\u00f3n y en los cursos de voz del Institut del Teatre de Barcelona. Doctora por la Universidad Aut\u00f3noma de Barcelona. Imparte clases en el Institut del Teatre de Voz y Voz aplicada al texto y ha impartido tambi\u00e9n en este centro Consciencia sensorial, Dicci\u00f3n y Fon\u00e9tica y Asesoramiento en los ensayos. Ha impartido clases tambi\u00e9n a cantantes, maestros, logopedas, arte-terapeutas\u2026 creando adem\u00e1s formaciones para mejorar la vida a trav\u00e9s de la voz con sus cursos Me inspiro-me expreso\u00a9. Ha colaborado con las universidades catalanas UB, UPF, UdG. Ha investigado durante m\u00e1s de 20 a\u00f1os con los sentidos como motor para mejorar la voz y el trabajo actoral. Ha publicado recientemente en espa\u00f1ol Los olores para mejorar la voz y la locuci\u00f3n actoral. Su investigaci\u00f3n con la vista ha creado la t\u00e9cnica Respirar cuadros\u00a9. Tambi\u00e9n tiene otros trabajos investigados con el o\u00eddo, con el tacto y con el gusto. Como actriz se ha especializado los \u00faltimos a\u00f1os en recitales po\u00e9ticos que en ocasiones tambi\u00e9n ha dirigido. Ha recitado, sobretodo, poetas catalanes y a Garc\u00eda Lorca.<\/p>\n<div align=\"center\" style=\"margin: 20px auto\"><iframe loading=\"lazy\" width=\"700\" height=\"394\" src=\"https:\/\/www.youtube.com\/embed\/jIVZEFSBIOg\" frameborder=\"0\" allow=\"accelerometer; autoplay; encrypted-media; gyroscope; picture-in-picture\" allowfullscreen><\/iframe><\/div>\n<div class=\"container-newsbutton\">\n<a class=\"cdab-newsbuttonlink\" href=\"http:\/\/artexver.tv\/serie\/manifestando-lo-sutil\" target=\"_blank\" rel=\"noopener noreferrer\"><div class=\"cdab-artexver-newsbutton\"><\/div><\/a><\/div>\n<hr style=\"margin-bottom: 25px;\"\/>\n<h3>CDAB en movimiento 2021<br \/><span style=\"font-size: 16px;\">Conversatorio &#8220;ARtistas (IN)DOCumentados&#8221; &#8211; Centro de Investigaciones Dram\u00e1ticas (CID)<\/span><\/h3><p>El <a href=\"http:\/\/www.arte.unicen.edu.ar\/secretarias\/investigacion-posgrado\/nucleos\/cid\" target=\"_blank\" rel=\"noopener noreferrer\">Centro de Investigaciones Dram\u00e1ticas (CID)<\/a> es un n\u00facleo de investigaci\u00f3n integrado por artistas, docentes e investigadorxs de la <a href=\"http:\/\/www.arte.unicen.edu.ar\" target=\"_blank\" rel=\"noopener noreferrer\">Facultad de Arte<\/a> reunidos para llevar a cabo la doble tarea de producir y reflexionar sobre el hecho esc\u00e9nico, articulando tanto la pr\u00e1ctica art\u00edstica como la actividad acad\u00e9mica para la producci\u00f3n de conocimientos desde el arte y para el arte, intentando fortalecer el v\u00ednculo entre uno y otro \u00e1mbito. El <a href=\"http:\/\/www.arte.unicen.edu.ar\/secretarias\/investigacion-posgrado\/nucleos\/cid\" target=\"_blank\" rel=\"noopener noreferrer\">CID<\/a> define su singularidad combinando interdisciplinariamente la pr\u00e1ctica esc\u00e9nica y la investigaci\u00f3n cient\u00edfica, la creaci\u00f3n art\u00edstica y el dise\u00f1o categorial.<\/p>\n<p>Durante el encuentro: Julia Lavatelli present\u00f3 las l\u00edneas de trabajo del <a href=\"http:\/\/www.arte.unicen.edu.ar\/secretarias\/investigacion-posgrado\/nucleos\/cid\" target=\"_blank\" rel=\"noopener noreferrer\">CID<\/a> y los sucesos m\u00e1s relevantes del \u00faltimo a\u00f1o; Mar\u00eda Guadalupe Suasn\u00e1bar y Lucrecia Etchecoin introdujeron <a href=\"http:\/\/www.escenauno.org\" target=\"_blank\" rel=\"noopener noreferrer\">EscenaUno<\/a>, la revista del <a href=\"http:\/\/www.indees.com.ar\" target=\"_blank\" rel=\"noopener noreferrer\">Instituto de Estudios Escenogr\u00e1ficos en Artes Esc\u00e9nicas y Audiovisuales (INDEES)<\/a>; Silvio Torres, Agustina G\u00f3mez Hoffmann y Gabriela P\u00e9rez Cubas refirieron a la historia de <a href=\"http:\/\/www.ojs.arte.unicen.edu.ar\/index.php\/elpeldano\" target=\"_blank\" rel=\"noopener noreferrer\">El Pelda\u00f1o<\/a>, Revista del <a href=\"http:\/\/www.arte.unicen.edu.ar\/institucional\/departamentos\/teatro\" target=\"_blank\" rel=\"noopener noreferrer\">Departamento de Teatro<\/a> de la <a href=\"http:\/\/www.arte.unicen.edu.ar\" target=\"_blank\" rel=\"noopener noreferrer\">Facultad de Arte<\/a>; Guillermo Dillon se explay\u00f3 acerca de <a href=\"https:\/\/open.spotify.com\/show\/2Pgd83imFnXTxhTsItmHX4?si=4suaLnBDRmupopfrbZmSBw\" target=\"_blank\" rel=\"noopener noreferrer\">Desmontajes. Un podcast de Teatro<\/a>, del equipo de Investigaci\u00f3n de procesos creativos en artes del espect\u00e1culo (IPROCAE).<\/p>\n<div align=\"center\" style=\"margin: 20px auto\"><iframe loading=\"lazy\" width=\"700\" height=\"394\" src=\"https:\/\/www.youtube.com\/embed\/oCWk19yygRE\" frameborder=\"0\" allow=\"accelerometer; autoplay; encrypted-media; gyroscope; picture-in-picture\" allowfullscreen><\/iframe><\/div>\n<div class=\"container-newsbutton\">\n<a class=\"cdab-newsbuttonlink\" href=\"http:\/\/www.arte.unicen.edu.ar\/cdab\/enmovimiento\" target=\"_blank\" rel=\"noopener noreferrer\"><div class=\"cdab-cdab-newsbutton\">MICROSITIO CDAB EN MOVIMIENTO 2021<\/div><\/a><\/div>\n<\/div><\/div>\n\n<div id=\"graduadxs\" class=\"csvv-right2021\">\n<div class=\"csvv-card2021\"><div class=\"cdab-especial-covid19-card-icon posgrado\"><i class=\"fa fa-graduation-cap\" aria-hidden=\"true\" style=\"margin-left: 3px;\"><\/i><\/div><div class=\"cdab-especial-covid19-card-title posgrado\">DE NUESTRXS GRADUADXS<\/div>\n<p><img loading=\"lazy\" decoding=\"async\" width=\"200\" height=\"125\" class=\"alignleft\" style=\"border: 0px;\" src=\"http:\/\/www.arte.unicen.edu.ar\/cdab\/wp-content\/uploads\/2021\/02\/csvv-formacioncontinua-logo.jpg\" alt=\"Formaci\u00f3n Continua | Secretar\u00eda de Investigaci\u00f3n y Posgrado\" title=\"Formaci\u00f3n Continua | Secretar\u00eda de Investigaci\u00f3n y Posgrado\" \/>El <a href=\"http:\/\/www.arte.unicen.edu.ar\/formacion-continua\" target=\"_blank\" rel=\"noopener noreferrer\">\u00c1rea de Formaci\u00f3n Continua<\/a> de la <a href=\"http:\/\/www.arte.unicen.edu.ar\/secretarias\/investigacion-posgrado\" target=\"_blank\" rel=\"noopener noreferrer\">Secretar\u00eda de Investigaci\u00f3n y Posgrado<\/a> de la <a href=\"http:\/\/www.arte.unicen.edu.ar\" target=\"_blank\" rel=\"noopener noreferrer\">Facultad de Arte<\/a> propone cursos, encuentros y brinda informaci\u00f3n sobre diversas convocatorias que son de especial inter\u00e9s para graduadxs de nuestras carreras.<\/p><p>Para m\u00e1s informaci\u00f3n ingresar a <a href=\"http:\/\/www.arte.unicen.edu.ar\/formacion-continua\" target=\"_blank\" rel=\"noopener noreferrer\">www.arte.unicen.edu.ar\/formacion-continua<\/a> o contactarse v\u00eda e-mail a: <a href=\"mailto:formacioncontinua @ arte.unicen.edu.ar\">formacioncontinua@arte.unicen.edu.ar<\/a><\/p>\n<hr style=\"margin-bottom: 25px;\"\/>\n<h3><img loading=\"lazy\" decoding=\"async\" width=\"170\" height=\"170\" class=\"alignright size-full wp-image-4077\" style=\"border: 0px; border-radius: 170px; margin-bottom: 35px;\" src=\"http:\/\/www.arte.unicen.edu.ar\/cdab\/wp-content\/uploads\/2021\/05\/csvv-sol-rodriguez.jpg\" alt=\"Sol Rodr\u00edguez\" title=\"Sol Rodr\u00edguez\" \/>Todo camino puede andar. Experiencias de graduadxs<br \/><span style=\"font-size: 16px;\">&#8220;Revista Atenea, mujeres con garra emprendedora&#8221; por Sol Rodr\u00edguez<\/span><\/h3>\n<p style=\"margin-top: 20px;\">Me llamo Sol Rodriguez, me gradu\u00e9 de Profesora de Teatro en 2013; tambi\u00e9n soy fot\u00f3grafa y madre de tres varones, y una apasionada de la comunicaci\u00f3n audiovisual y afectiva.<\/p>\n<p>Soy una mujer muy curiosa, por lo que siempre estoy investigando y aprendiendo cosas nuevas que me ayuden a seguir avanzando y creciendo para hacer lo que amo y viendo las formas de vincularlas entre s\u00ed.<\/p>\n<p>Fue as\u00ed que en pleno proceso de pandemia y buscando nuevas formas de  comunicar lo que hac\u00eda, en octubre del 2020 decid\u00ed crear la <a href=\"https:\/\/www.instagram.com\/atenea.revista\" target=\"_blank\" rel=\"noopener noreferrer\">Revista Atenea<\/a>, mujeres con garra emprendedora.<\/p>\n<p>La idea inicial de Atenea fue  crear una revista de formato gr\u00e1fico, de forma mensual, cuyo objetivo es poder dar a conocer lo que todas las mujeres estamos haciendo aqu\u00ed y en otras partes del mundo, con la intenci\u00f3n de brindar informaci\u00f3n sobre el lugar donde desarrollan sus actividades culturales, sociales y art\u00edsticas, empresariales y profesionales.<\/p>\n<p>Tambi\u00e9n pretende generar v\u00ednculos y redes entre todas, creando comunidad; difundir y promocionar eventos y emprendimientos locales a trav\u00e9s de publicidades, brindar espacios de sociabilizaci\u00f3n y visibilizar diferentes roles donde est\u00e9 representado el colectivo femenino en su totalidad.<\/p>\n<p>Desde ah\u00ed empec\u00e9 a vincularme con much\u00edsimas mujeres que estaban en Tandil y comenc\u00e9 a generar una comunidad entre todas para poder potenciarnos.  Pero tambi\u00e9n hubo mujeres de otras partes de Argentina y de otros pa\u00edses de latinoam\u00e9rica como Chile y M\u00e9xico, y tambi\u00e9n de Espa\u00f1a que quisieron formar parte  de este proyecto, por lo que para poder darles lugar a todas se cre\u00f3 la red social @atenea.revista para poder contener, desde un formato audiovisual, a todas las mujeres.<\/p>\n<p>As\u00ed, el proyecto fue creciendo cada d\u00eda m\u00e1s, incluso en Mayo del 2021 la revista fue declara por el Concejo Deliberante de la ciudad de Tandil, de inter\u00e9s Cultural y Social y pr\u00f3ximamente estaremos participando de un micro semanal en el canal 5 MAD-MULTIMEDIOS, donde vamos a compartir experiencias de mujeres tandilenses.<\/p>\n<p>Este proyecto me permiti\u00f3 crecer profesionalmente, enfocar todas mis energ\u00edas en un servicio para la comunidad, que sea de inspiraci\u00f3n y articulaci\u00f3n entre todos.<\/p>\n<p>En verdad sostengo que el campo de posibilidades para poder desarrollarse es infinito y que debemos encontrar las diferentes maneras de poder explotar todo el potencial que llevamos dentro.<\/p>\n<p>El teatro me ense\u00f1\u00f3 que todo con lo que sue\u00f1as puede ser creado si pones esfuerzo, dedicaci\u00f3n y pasi\u00f3n en lo que haces cada d\u00eda.<\/p>\n<p style=\"text-align: right; margin-bottom: 20px;\"><span style=\"font-weight: 700;\">Sol Rodr\u00edguez<\/span><br \/><a href=\"mailto:atenearevista2020@gmail.com\">atenearevista2020@gmail.com<\/a><br \/>\nIG: <a href=\"https:\/\/www.instagram.com\/atenea.revista\" target=\"_blank\" rel=\"noopener noreferrer\">@atenea.revista<\/a><br \/>\nIG: <a href=\"https:\/\/www.instagram.com\/sol_rodriguez_fotografias\" target=\"_blank\" rel=\"noopener noreferrer\">Sol Rodriguez Fotograf\u00edas<\/a><br \/>\nwhatsapp: 2494647300<\/p>\n<hr style=\"margin-bottom: 25px;\"\/>\n<h3><img loading=\"lazy\" decoding=\"async\" width=\"170\" height=\"170\" class=\"alignright size-full wp-image-4077\" style=\"border: 0px; border-radius: 170px; margin-bottom: 35px;\" src=\"http:\/\/www.arte.unicen.edu.ar\/cdab\/wp-content\/uploads\/2021\/05\/csvv-francisco-aquaro.jpg\" alt=\"Francisco Aquaro\" title=\"Francisco Aquaro\" \/>Todo camino puede andar. Experiencias de graduadxs<br \/><span style=\"font-size: 16px;\">&#8220;Hacerse lugar&#8221; por Francisco Aquaro<\/span><\/h3>\n<p style=\"margin-top: 20px;\"><strong>Francisco Aquaro<\/strong> es <a href=\"http:\/\/www.arte.unicen.edu.ar\/carreras\/grado\/riaa\/perfil-del-egresado_\" target=\"_blank\" rel=\"noopener noreferrer\">Realizador Integral en Artes Audiovisuales<\/a>, egresado de la <a href=\"http:\/\/www.arte.unicen.edu.ar\" target=\"_blank\" rel=\"noopener noreferrer\">Facultad de Arte<\/a>. Oriundo de Olavarr\u00eda, vive actualmente en Barcelona. Y a prop\u00f3sito de su videoclip <em>Guardianes de pie<\/em>, nos cuenta:<\/p>\n<p>Mientras estaba terminando de cursar trabaje en Tandil junto a Z.Audiovisuales y en 5 cuerdas productora. Con ellos aprend\u00ed mucho y me di cuenta que mi camino iba por la creaci\u00f3n de contenido para las nuevas plataformas.<\/p>\n<p>Luego de graduarme contin\u00fae como <em>freelance<\/em>, en la misma l\u00ednea. As\u00ed fue que viaj\u00e9 a Europa, y luego de vivir en Andorra e Italia, me instal\u00e9 en Barcelona para poder desarrollarme profesionalmente. Luego del confinamiento creamos un canal de YouTube junto a dos estudiantes m\u00e1s de la Facultad de Arte (Federico Zambrino y Guillermo P\u00e9rez Olivera), llamado Fase Tres, donde exploramos una nueva forma de creaci\u00f3n de contenido libre y sin prejuicios. Mostrando las experiencias que vivimos por estos lados.<\/p>\n<p>Hacerse lugar en el ambiente audiovisual de una ciudad tan grande y cosmopolita es un reto muy grande, y nada f\u00e1cil.<\/p>\n<p>Actualmente, con mi socia Coni montamos este a\u00f1o aqu\u00ed, en Barcelona, una agencia de creaci\u00f3n de contenidos y marketing digital para empresas.<\/p>\n<p>Por otra parte, los videoclips siempre fueron mi trabajo preferido y por suerte hice varios ya; en este caso Hernan Platt m\u00fasico de Ayacucho viviendo tambi\u00e9n en Barcelona me contact\u00f3 para que grabemos Guardianes de pie, en un paisaje hermoso de Tarragona.<\/p>\n<p style=\"text-align: right; margin-bottom: 20px;\"><span style=\"font-weight: 700;\">Francisco Aquaro<\/span><br \/>IG: <a href=\"https:\/\/www.instagram.com\/peperinacontenidos\" target=\"_blank\" rel=\"noopener noreferrer\">@peperinacontenidos<\/a><\/p>\n<div align=\"center\" style=\"margin: 20px auto\"><iframe loading=\"lazy\" width=\"700\" height=\"394\" src=\"https:\/\/www.youtube.com\/embed\/bLHjMRaQnyk\" frameborder=\"0\" allow=\"accelerometer; autoplay; encrypted-media; gyroscope; picture-in-picture\" allowfullscreen><\/iframe><br \/>Videoclip <em>Guardianes de pie<\/em> realizado por <strong>Francisco Aquaro<\/strong>.<\/div>\n<hr style=\"margin-bottom: 25px;\"\/>\n<p><a href=\"http:\/\/www.arte.unicen.edu.ar\/voces-en-ronda-encuentros-de-lecturas-y-escrituras\" target=\"_blank\" rel=\"noopener noreferrer\"><img decoding=\"async\" class=\"publicacion-tapa\" src=\"http:\/\/www.arte.unicen.edu.ar\/cdab\/wp-content\/uploads\/2021\/06\/csvv-vocesronda-banner.jpg\" data-fancybox=\"gallery\" data-caption=\"Cuidado social. V\u00ednculo virtual #23\"\/><\/a><\/p><p>Una nueva propuesta del \u00e1rea de <a href=\"http:\/\/www.arte.unicen.edu.ar\/formacion-continua\" target=\"_blank\" rel=\"noopener noreferrer\">Formaci\u00f3n Continua<\/a> de la <a href=\"http:\/\/www.arte.unicen.edu.ar\/secretarias\/investigacion-posgrado\" target=\"_blank\" rel=\"noopener noreferrer\">Secretar\u00eda de Investigaci\u00f3n y Posgrado<\/a>. <strong>Voces en ronda<\/strong> es un ciclo que constar\u00e1 de tres encuentros que contemplan la lectura de materiales te\u00f3ricos con perspectiva de g\u00e9nero y la pr\u00e1ctica de una escritura creativa en torno a los debates y los interrogantes que disparen los textos y la puesta en com\u00fan de las experiencias art\u00edsticas de quienes participen. Los encuentros ser\u00e1n acompa\u00f1ados por <strong>Gabriela Pi\u00f1ero<\/strong> y <strong>Catalina Landivar<\/strong>.<\/p>\n<p>La propuesta surge a partir de los debates del foro de graduadxs de la <a href=\"http:\/\/www.arte.unicen.edu.ar\" target=\"_blank\" rel=\"noopener noreferrer\">Facultad de Arte<\/a> en torno a la implementaci\u00f3n de la <a href=\"http:\/\/www.arte.unicen.edu.ar\/cdab\/institucional\/arte-y-genero\" target=\"_blank\" rel=\"noopener noreferrer\">Ley Micaela<\/a> en la <a href=\"http:\/\/www.unicen.edu.ar\" target=\"_blank\" rel=\"noopener noreferrer\">UNICEN<\/a>, y en particular en la Facultad. Por tal motivo, se inscribe en el <a href=\"http:\/\/www.arte.unicen.edu.ar\/arteyderechos\" target=\"_blank\" rel=\"noopener noreferrer\">Programa Arte y Derechos<\/a> de nuestra instituci\u00f3n.<\/p>\n<p>La modalidad ser\u00e1 virtual, los d\u00edas <strong>mi\u00e9rcoles 16 de junio<\/strong>, <strong>mi\u00e9rcoles 30 de junio<\/strong> y <strong>mi\u00e9rcoles 14 de julio<\/strong> de <strong>18:30 a 20:30 hs.<\/strong> La actividad no es arancelada y requiere inscripci\u00f3n previa dado que los cupos son limitados. Lxs interesadxs deber\u00e1n enviar: nombre y apellido, DNI, e-mail de contacto, procedencia institucional, lugar de residencia y carrera de la que sos graduadx a <a href=\"mailto:formacioncontinua@arte.unicen.edu.ar\">formacioncontinua@arte.unicen.edu.ar<\/a><\/p>\n<div style=\"margin: 20px auto 45px; text-align: center;\"><a href=\"http:\/\/www.arte.unicen.edu.ar\/cdab\/wp-content\/uploads\/2021\/06\/voces-en-ronda-flyer-2021.jpg\" data-fancybox=\"gallery\" data-caption=\"Cuidado social. V\u00ednculo virtual #23\"><img decoding=\"async\" class=\"aligncenter size-full publicacion-tapa\" src=\"http:\/\/www.arte.unicen.edu.ar\/cdab\/wp-content\/uploads\/2021\/06\/voces-en-ronda-flyer-2021-570x600.jpg\" alt=\"Voces en ronda. Encuentros de lecturas y escrituras\" title=\"Voces en ronda. Encuentros de lecturas y escrituras\" border=\"0\"\/><\/a><\/div>\n<p><img loading=\"lazy\" decoding=\"async\" width=\"170\" height=\"170\" class=\"alignleft size-full wp-image-4077\" style=\"border: 0px; border-radius: 170px;\" src=\"http:\/\/www.arte.unicen.edu.ar\/cdab\/wp-content\/uploads\/2021\/06\/csvv-gabriela-piniero.jpg\" alt=\"Gabriela Pi\u00f1ero\" title=\"Gabriela Pi\u00f1ero\" \/><strong>Gabriela Pi\u00f1ero<\/strong> es Licenciada en Artes por la <a href=\"http:\/\/www.filo.uba.ar\" target=\"_blank\" rel=\"noopener noreferrer\">Facultad de Filosof\u00eda y Letras<\/a> de la <a href=\"http:\/\/www.uba.ar\" target=\"_blank\" rel=\"noopener noreferrer\">Universidad de Buenos Aires<\/a>. Mag\u00edster y Doctora en Historia del Arte (<a href=\"https:\/\/www.unam.mx\" target=\"_blank\" rel=\"noopener noreferrer\">UNAM<\/a>, M\u00e9xico). Jefa de Trabajos Pr\u00e1cticos en las c\u00e1tedras <em>Semi\u00f3tica I y II<\/em> de la carrera <a href=\"http:\/\/www.arte.unicen.edu.ar\/carreras\/grado\/profesorado-de-teatro\/perfil-del-egresado_\" target=\"_blank\" rel=\"noopener noreferrer\">Profesorado<\/a> y <a href=\"http:\/\/www.arte.unicen.edu.ar\/carreras\/grado\/licenciado-en-teatro\/perfil-del-egresado_\" target=\"_blank\" rel=\"noopener noreferrer\">Licenciatura en Teatro<\/a> (<a href=\"http:\/\/www.arte.unicen.edu.ar\" target=\"_blank\" rel=\"noopener noreferrer\">Facultad de Arte<\/a>, <a href=\"http:\/\/www.unicen.edu.ar\" target=\"_blank\" rel=\"noopener noreferrer\">UNICEN<\/a>). Integrante del proyecto <em>Problem\u00e1ticas del cine y el audiovisual documental. Teor\u00eda, historia, est\u00e9tica y nuevos dispositivos: el caso argentino (1958-2017)<\/em> y <em>Pr\u00e1cticas art\u00edsticas y memoria social de ciudades medias del centro bonaerense<\/em>.<\/p><br \/><br \/>\n<p><img loading=\"lazy\" decoding=\"async\" width=\"170\" height=\"170\" class=\"alignleft size-full wp-image-4077\" style=\"border: 0px; border-radius: 170px;\" src=\"http:\/\/www.arte.unicen.edu.ar\/cdab\/wp-content\/uploads\/2021\/06\/csvv-catalina-landivar.jpg\" alt=\"Catalina Landivar\" title=\"Catalina Landivar\" \/><strong>Catalina Landivar<\/strong> es <a href=\"http:\/\/www.arte.unicen.edu.ar\/carreras\/grado\/profesorado-de-teatro\/perfil-del-egresado_\" target=\"_blank\" rel=\"noopener noreferrer\">Profesora de Teatro<\/a> (<a href=\"http:\/\/www.arte.unicen.edu.ar\" target=\"_blank\" rel=\"noopener noreferrer\">Facultad de Arte<\/a>, <a href=\"http:\/\/www.unicen.edu.ar\" target=\"_blank\" rel=\"noopener noreferrer\">UNICEN<\/a>), se encuentra finalizando la Maestr\u00eda en Dramaturgia (<a href=\"https:\/\/www.una.edu.ar\" target=\"_blank\" rel=\"noopener noreferrer\">UNA<\/a>), es directora y actriz. Integra el grupo teatral Proyecto Mondo. Realiza acompa\u00f1amientos de procesos creativos y es creadora de los talleres <em>El bosque est\u00e1 llamando<\/em> y <em>Todo es mundo<\/em>. Actualmente colabora en proyectos con artistas de diversas disciplinas. Ha recibido distinciones por su trabajo como dramaturga y directora (Atina, Premios Teatro del Mundo, Premios Javier Villafa\u00f1e).<\/p><br \/>\n<\/div><\/div>\n\n<div id=\"links\" class=\"csvv-right2021\">\n<div class=\"csvv-card2021\"><div class=\"cdab-especial-covid19-card-icon weblink\"><i class=\"fa fa-hand-pointer-o\" aria-hidden=\"true\"><\/i><\/div><div class=\"cdab-especial-covid19-card-title weblink\">LINKS DE INTER\u00c9S &amp; CONVOCATORIAS<\/div>\n<p><a href=\"http:\/\/www.inteatro.gob.ar\/noticias\/concurso-nacional-de-actividades-performatica-15818\" target=\"_blank\" rel=\"noopener noreferrer\"><img decoding=\"async\" class=\"publicacion-tapa\" src=\"http:\/\/www.arte.unicen.edu.ar\/cdab\/wp-content\/uploads\/2021\/06\/csvv-actividadperfovirtual-banner.jpg\" data-fancybox=\"gallery\" data-caption=\"Cuidado social. V\u00ednculo virtual #23\"\/><\/a><\/p><p>Se encuentra abierta la inscripci\u00f3n a este concurso destinado a <strong>teatristas<\/strong> y <strong>personas trabajadoras de las artes esc\u00e9nicas<\/strong> de todo el pa\u00eds para <strong>desarrollar un proyecto art\u00edstico y transmitirlo a trav\u00e9s de una plataforma digital<\/strong>.<\/p>\n<p>Esta l\u00ednea tiene como objetivo contribuir a la contenci\u00f3n y al desarrollo de distintas propuestas creativas, que de manera individual o grupal, teniendo en cuenta las disposiciones nacionales y jurisdiccionales de aislamiento o distanciamiento vigentes, confluyan en un hecho art\u00edstico que ser\u00e1 transmitido en una presentaci\u00f3n, realizada por <em>streaming<\/em>, en vivo y en directo o en diferido, a trav\u00e9s de la plataforma elegida por la\/s persona\/s creadora\/s: redes sociales, YouTube, Instagram, Tik Tok, Zoom, Google Meet, etc.<\/p>\n<p>Se valoran las creaciones vinculadas a todas las disciplinas del quehacer teatral y las artes esc\u00e9nicas, tales como <strong>circo<\/strong>, <strong>t\u00edteres<\/strong>, <strong>teatro<\/strong>, <strong>danza teatro<\/strong>, <strong>performances<\/strong>, <strong>mimo<\/strong>, <strong>teatro a\u00e9reo<\/strong>, entre otras. Se otorgar\u00e1n hasta un m\u00e1ximo de <strong>200 premios de 25 mil pesos cada uno<\/strong>, seg\u00fan orden de m\u00e9rito nacional y contemplando al menos 25 por cada regi\u00f3n del pa\u00eds. Si la totalidad de los cupos regionales no puede ser cubierta por la regi\u00f3n, los premios se otorgar\u00e1n siguiendo el orden de m\u00e9rito nacional.<\/p>\n<p>El proyecto deber\u00e1 cumplir con los siguientes requisitos: deber\u00e1 ser de creaci\u00f3n art\u00edstica, individual o colectiva, con libre elecci\u00f3n de lenguaje esc\u00e9nico, tem\u00e1tica, y\/o l\u00edneas est\u00e9ticas, que no ofendan ni vulneren derechos (sociales y\/o individuales adquiridos); no ser\u00e1n admitidos proyectos de ense\u00f1anza o relacionados a encuentros de formaci\u00f3n y estudio (taller, seminarios, conversatorios, foros, etc.) y deber\u00e1n ser producidos para ser transmitidos en <em>streaming<\/em>, con una duraci\u00f3n m\u00ednima de 10 minutos y una <strong>duraci\u00f3n m\u00e1xima de 45 minutos<\/strong>.<\/p>\n<p>La inscripci\u00f3n es digital y estar\u00e1 vigente <strong>hasta el 24 de junio de 2021<\/strong>.<\/p>\n<div class=\"container-newsbutton\">\n<a class=\"cdab-newsbuttonlink\" href=\"http:\/\/inteatro.gob.ar\/Files\/Noticias\/Upload\/Reglamentaci%C3%B3n_Concurso%20Nacional%20de%20Actividades%20Perform%C3%A1ticas%20en%20Entornos%20Virtuales_FINAL%20.pdf\" target=\"_blank\" rel=\"noopener noreferrer\"><div class=\"cdab-pdf-newsbutton\">REGLAMENTO<\/div><\/a><a class=\"cdab-newsbuttonlink\" href=\"http:\/\/www.inteatro.gob.ar\/convocatorias\/concurso-nacional-de-actividades-perfomanticas-en-entornos-virtuales.html\" target=\"_blank\" rel=\"noopener noreferrer\"><div class=\"cdab-web-newsbutton\" style=\"margin-left: 40px;\">FORMULARIO DE INSCRIPCI\u00d3N<\/div><\/a><\/div>\n<hr style=\"margin-bottom: 25px;\"\/>\n<p><a href=\"http:\/\/www.inteatro.gob.ar\/noticias\/concurso-nacional-de-experiencias-de-creacion-15821\" target=\"_blank\" rel=\"noopener noreferrer\"><img decoding=\"async\" class=\"publicacion-tapa\" src=\"http:\/\/www.arte.unicen.edu.ar\/cdab\/wp-content\/uploads\/2021\/06\/csvv-creacionescenica-banner.jpg\" data-fancybox=\"gallery\" data-caption=\"Cuidado social. V\u00ednculo virtual #23\"\/><\/a><\/p><p>Entre el <strong>29 de mayo y el 29 de junio<\/strong> estar\u00e1 disponible la inscripci\u00f3n para este nuevo concurso que contempla el otorgamiento de <strong>180 becas de 150 mil pesos<\/strong> cada una para trabajadoras\/es de las artes esc\u00e9nicas de todas las regiones argentinas.<\/p>\n<p>En el marco del Plan AmpliAr PODESTA 2021 y en el contexto de emergencia sanitaria decretada por el Poder Ejecutivo Nacional, el <a href=\"http:\/\/www.inteatro.gob.ar\" target=\"_blank\" rel=\"noopener noreferrer\">Instituto Nacional del Teatro<\/a> lanz\u00f3 el <a href=\"http:\/\/www.inteatro.gob.ar\/noticias\/concurso-nacional-de-experiencias-de-creacion-15821\" target=\"_blank\" rel=\"noopener noreferrer\">Concurso Nacional de Experiencias de Creaci\u00f3n Esc\u00e9nica<\/a> (en formatos tradicionales, alternativos, innovadores, h\u00edbridos, disruptivos, etc.) dirigido a grupalidades integradas por <strong>personas trabajadoras de las artes esc\u00e9nicas<\/strong>, con el objetivo de propiciar el desarrollo y concreci\u00f3n de experiencias creativas diversas o innovadoras, gestadas o enmarcadas en el contexto de emergencia sanitaria, que permitan ofrecer una renovada programaci\u00f3n y oferta cultural a las audiencias de todo el territorio nacional.<\/p>\n<p>Se valoran las creaciones vinculadas a <strong>todas las disciplinas de las artes esc\u00e9nicas, incorporando a los distintos roles art\u00edsticos y t\u00e9cnicos del quehacer teatral<\/strong>. Se consideran particularmente proyectos que propongan un abordaje integral, asociativo, y alternativo respecto a las pr\u00e1cticas teatrales en el contexto de pandemia y de vinculaci\u00f3n con los diversos p\u00fablicos.<\/p>\n<p>El proyecto deber\u00e1 cumplir con los siguientes requisitos: deber\u00e1n ser propuestas de <strong>creaci\u00f3n art\u00edstica colectiva<\/strong>, con libre elecci\u00f3n de lenguajes esc\u00e9nicos, tem\u00e1ticas, y\/o l\u00edneas est\u00e9ticas, que no ofendan ni vulneren derechos adquiridos; y no ser\u00e1n admitidos proyectos formativos o relacionados al dictado de clases, cursos, seminarios, etc. El plazo para la realizaci\u00f3n del proyecto comienza una vez aprobada la beca y finaliza a los 120 d\u00edas corridos posteriores a la acreditaci\u00f3n del pago. Las experiencias deber\u00e1n poder desarrollarse en concordancia y cumplimiento de las pautas sanitarias dictadas por el gobierno nacional respecto a los cuidados establecidos para evitar la propagaci\u00f3n del COVID-19. En tal sentido deber\u00e1n contemplarse alternativas de producci\u00f3n para las etapas en las cuales eventualmente se determinen restricciones en las actividades culturales y de circulaci\u00f3n.<\/p>\n<div class=\"container-newsbutton\">\n<a class=\"cdab-newsbuttonlink\" href=\"http:\/\/inteatro.gob.ar\/Files\/Noticias\/Upload\/Reglamento%20Concurso%20Experiencias%20de%20Creaci%C3%B3n%20Esc%C3%A9nicas%20Final.pdf\" target=\"_blank\" rel=\"noopener noreferrer\"><div class=\"cdab-pdf-newsbutton\">REGLAMENTO<\/div><\/a><a class=\"cdab-newsbuttonlink\" href=\"http:\/\/www.inteatro.gob.ar\/convocatorias\/Concurso-Nacional-de-experiencias-de-creaci%C3%B3n-esc%C3%A9nica-2021.html\" target=\"_blank\" rel=\"noopener noreferrer\"><div class=\"cdab-web-newsbutton\" style=\"margin-left: 40px;\">FORMULARIO DE INSCRIPCI\u00d3N<\/div><\/a><\/div>\n<hr style=\"margin-bottom: 25px;\"\/>\n<p><a href=\"http:\/\/www.inteatro.gob.ar\/noticias\/concurso-para-edicion-de-publicacion-teatral-15814\" target=\"_blank\" rel=\"noopener noreferrer\"><img decoding=\"async\" class=\"publicacion-tapa\" src=\"http:\/\/www.arte.unicen.edu.ar\/cdab\/wp-content\/uploads\/2021\/06\/csvv-concursopubperiodica-banner.jpg\" data-fancybox=\"gallery\" data-caption=\"Cuidado social. V\u00ednculo virtual #23\"\/><\/a><\/p><p>Se encuentra abierta la convocatoria para <strong>subsidios de Publicaci\u00f3n Peri\u00f3dica y Eventual de Teatro en todo el pa\u00eds<\/strong> en las regiones Centro Litoral, NEA, NOA, Nuevo Cuyo, Patagonia y en la provincia de Buenos Aires. Mediante estas l\u00edneas el <a href=\"http:\/\/www.inteatro.gob.ar\" target=\"_blank\" rel=\"noopener noreferrer\">Instituto Nacional del Teatro (INT)<\/a> apoya la edici\u00f3n de:<\/p>\n<ul style=\"margin-left: 70px;\"><li><strong>Publicaciones peri\u00f3dicas:<\/strong> aquellas que tienen periodicidad y continuidad en el tiempo. Ser\u00e1n consideradas las publicaciones en formato f\u00edsico y\/o digital.<\/li>\n<li><strong>Publicaciones eventuales:<\/strong> aquellas que no tendr\u00e1n periodicidad en el tiempo. Se contemplan ediciones ya sean a trav\u00e9s de producciones gr\u00e1ficas (impreso), como digitales (pdf y otros).<\/li><\/ul>\n<div class=\"container-newsbutton\">\n<a class=\"cdab-newsbuttonlink\" href=\"http:\/\/inteatro.gob.ar\/Files\/Noticias\/Upload\/05.%20Reglamentaci%C3%B3n%20Formulario%20Publicaci%C3%B3n%20periodica%202021_editado.docx\" target=\"_blank\" rel=\"noopener noreferrer\"><div class=\"cdab-web-newsbutton\">SUBSIDIO EDICI\u00d3N DE PUBLICACI\u00d3N TEATRAL PERI\u00d3DICA<\/div><\/a><br \/><a class=\"cdab-newsbuttonlink\" href=\"http:\/\/inteatro.gob.ar\/Files\/Noticias\/Upload\/03.%20Reglamentaci%C3%B3n%20Formulario%20Publicaci%C3%B3n%20eventual%202021_editado.docx\" target=\"_blank\" rel=\"noopener noreferrer\"><div class=\"cdab-web-newsbutton\">SUBSIDIO EDICI\u00d3N DE PUBLICACI\u00d3N TEATRAL EVENTUAL<\/div><\/a><\/div>\n<hr style=\"margin-bottom: 25px;\"\/>\n<p><a href=\"https:\/\/www.argentina.gob.ar\/jefatura\/mediosycomunicacion\/guionistas-profesionales\" target=\"_blank\" rel=\"noopener noreferrer\"><img decoding=\"async\" class=\"publicacion-tapa\" src=\"http:\/\/www.arte.unicen.edu.ar\/cdab\/wp-content\/uploads\/2021\/06\/csvv-guionistasprofesionales-banner.jpg\" data-fancybox=\"gallery\" data-caption=\"Cuidado social. V\u00ednculo virtual #23\"\/><\/a><\/p><p>La <a href=\"https:\/\/www.argentina.gob.ar\/jefatura\/mediosycomunicacion\" target=\"_blank\" rel=\"noopener noreferrer\">Secretar\u00eda de Medios y Comunicaci\u00f3n P\u00fablica<\/a> y la <a href=\"https:\/\/www.argentina.gob.ar\/jefatura\/sedronar\" target=\"_blank\" rel=\"noopener noreferrer\">Secretar\u00eda de Pol\u00edticas Integrales Sobre Drogas de la Naci\u00f3n Argentina (SEDRONAR)<\/a> abren el <a href=\"https:\/\/www.argentina.gob.ar\/jefatura\/mediosycomunicacion\/guionistas-profesionales\" target=\"_blank\" rel=\"noopener noreferrer\">Primer Concurso para Guionistas Profesionales<\/a> para generar contenidos originales sobre la tem\u00e1tica de los consumos problem\u00e1ticos.<\/p>\n<p>Los autores y autoras de todo el pa\u00eds podr\u00e1n inscribir sus proyectos en las categor\u00edas serie de ficci\u00f3n y serie documental. La presente convocatoria <strong>finalizar\u00e1 el 16 de julio de 2021 a las 23:59 hs<\/strong>.<\/p>\n<p>Para inscribirse al Concurso es requisito indispensable realizar una capacitaci\u00f3n dictada por la <a href=\"https:\/\/www.argentina.gob.ar\/jefatura\/sedronar\" target=\"_blank\" rel=\"noopener noreferrer\">SEDRONAR<\/a> sobre consumos problem\u00e1ticos. La misma se realizar\u00e1 <strong>el 8 y 15 de junio de 11 a 12:30 hs.<\/strong> y la inscripci\u00f3n se realiza <a href=\"https:\/\/docs.google.com\/forms\/d\/e\/1FAIpQLSeKv5nU7tQF2mHldfBO8EpqWK6zmzAR1i1SDOYHCwZP6kKOzA\/viewform\" target=\"_blank\" rel=\"noopener noreferrer\">mediante este formulario<\/a>.\n<\/p><p>Una vez realizada la capacitaci\u00f3n, la inscripci\u00f3n al Concurso para Guionistas Profesionales se realiza completando los formularios. M\u00e1s informaci\u00f3n en <a href=\"https:\/\/www.argentina.gob.ar\/jefatura\/mediosycomunicacion\/guionistas-profesionales\" target=\"_blank\" rel=\"noopener noreferrer\">www.argentina.gob.ar\/jefatura\/mediosycomunicacion\/guionistas-profesionales<\/a><\/p>\n<div class=\"container-newsbutton\">\n<a class=\"cdab-newsbuttonlink\" href=\"https:\/\/www.argentina.gob.ar\/sites\/default\/files\/2021\/04\/3._reglamento_de_bases_y_condiciones.pdf\" target=\"_blank\" rel=\"noopener noreferrer\"><div class=\"cdab-pdf-newsbutton\">BASES Y CONDICIONES<\/div><\/a><a class=\"cdab-newsbuttonlink\" href=\"https:\/\/www.argentina.gob.ar\/sites\/default\/files\/2021\/04\/ddjjj.pdf\" target=\"_blank\" rel=\"noopener noreferrer\"><div class=\"cdab-pdf-newsbutton\" style=\"margin-left: 40px;\">DECLARACI\u00d3N JURADA<\/div><\/a><\/div>\n<hr style=\"margin-bottom: 25px;\"\/>\n<p><a href=\"https:\/\/www.mardelplatafilmfest.com\/36\/es\/noticia\/inscripcion-de-peliculas\" target=\"_blank\" rel=\"noopener noreferrer\"><img decoding=\"async\" class=\"publicacion-tapa\" src=\"http:\/\/www.arte.unicen.edu.ar\/cdab\/wp-content\/uploads\/2021\/06\/csvv-mdpfilmfest2021-banner.jpg\" data-fancybox=\"gallery\" data-caption=\"Cuidado social. V\u00ednculo virtual #23\"\/><\/a><\/p><p>El <a href=\"http:\/\/www.incaa.gov.ar\" target=\"_blank\" rel=\"noopener noreferrer\">Instituto de Cine y Artes Audiovisuales<\/a> informa que est\u00e1 abierta la inscripci\u00f3n para la <a href=\"https:\/\/www.mardelplatafilmfest.com\" target=\"_blank\" rel=\"noopener noreferrer\">36\u00b0 edici\u00f3n del Festival Internacional de Cine de Mar del Plata<\/a>, que se llevar\u00e1 a cabo entre el <strong>18 y el 28 de noviembre de 2021<\/strong>.<\/p>\n<p>La convocatoria estar\u00e1 abierta <strong>hasta el 30 de julio de 2021<\/strong> para pel\u00edculas nacionales e internacionales, como as\u00ed tambi\u00e9n para producciones en progreso argentinas y latinoamericanas. La programaci\u00f3n incluye siete competencias:<\/p>\n<ul style=\"margin: 0px 0px 20px 70px;\"><li><strong>Competencia Internacional de Largometrajes<\/strong><\/li>\n<li><strong>Competencia Latinoamericana de Largometrajes<\/strong><\/li>\n<li><strong>Competencia Latinoamericana de Cortometrajes<\/strong><\/li>\n<li><strong>Competencia Argentina de Largometrajes<\/strong><\/li>\n<li><strong>Competencia Argentina de Cortometrajes<\/strong><\/li>\n<li><strong>Competencia Estados Alterados<\/strong><\/li>\n<li><strong>Competencia En Tr\u00e1nsito para producciones argentinas y latinoamericanas en progreso (Work in progress)<\/strong><\/li><\/ul>\n<p>Desde 1954, el <a href=\"https:\/\/www.mardelplatafilmfest.com\" target=\"_blank\" rel=\"noopener noreferrer\">Festival Internacional de Cine de Mar del Plata<\/a> ha sido un referente fundamental en la regi\u00f3n y el mundo. \u00danico Festival Competitivo de Latinoam\u00e9rica reconocido como clase A por la F\u00e9d\u00e9ration International des Associations des Producteurs de Films \/ FIAPF, tiene por objetivo presentar lo m\u00e1s destacado de la cinematograf\u00eda nacional e internacional, para contribuir con el desarrollo de la cultura, el progreso de la industria y su difusi\u00f3n a nivel mundial.<\/p>\n<p>Debido a la actual crisis de COVID-19, el <a href=\"http:\/\/www.incaa.gov.ar\" target=\"_blank\" rel=\"noopener noreferrer\">Instituto de Cine y Artes Audiovisuales<\/a> anuncia que este a\u00f1o se realizar\u00e1 una edici\u00f3n especial, que combinar\u00e1 eventos presenciales y virtuales (u online), respetando las medidas de seguridad y cuidado vigentes o que dispongan las autoridades sanitarias y afianzando el compromiso que el Festival tiene con las pel\u00edculas, los\/as cineastas y la audiencia.<\/p>\n<div class=\"container-newsbutton\">\n<a class=\"cdab-newsbuttonlink\" href=\"https:\/\/www.mardelplatafilmfest.com\/36\/es\/reglamento\" target=\"_blank\" rel=\"noopener noreferrer\"><div class=\"cdab-web-newsbutton\">BASES Y REGLAMENTO<\/div><\/a><a class=\"cdab-newsbuttonlink\" href=\"https:\/\/www.mardelplatafilmfest.com\/beta36\/web\/web-form-castellano\" target=\"_blank\" rel=\"noopener noreferrer\"><div class=\"cdab-web-newsbutton\" style=\"margin-left: 40px;\">FORMULARIO DE INSCRIPCI\u00d3N<\/div><\/a><\/div>\n<hr style=\"margin-bottom: 25px;\"\/>\n<p><a href=\"http:\/\/www.fivafestival.com.ar\" target=\"_blank\" rel=\"noopener noreferrer\"><img decoding=\"async\" class=\"publicacion-tapa\" src=\"http:\/\/www.arte.unicen.edu.ar\/cdab\/wp-content\/uploads\/2021\/06\/csvv-fiva10-banner.jpg\" data-fancybox=\"gallery\" data-caption=\"Cuidado social. V\u00ednculo virtual #23\"\/><\/a><\/p><p>Desde su inicio a mediados de la d\u00e9cada del 60 el videoarte ha ido ganando espacio y prestigio dentro de la escena art\u00edstica. Su presencia en Museos, Ferias y Bienales es amplia y central. Los masificaci\u00f3n de los medios tecnol\u00f3gicos necesarios para la producci\u00f3n de este formato art\u00edstico (desde un tel\u00e9fono celular hasta las PC y sus sencillos programas de edici\u00f3n) hace del videoarte una pr\u00e1ctica democr\u00e1tica y de extensa inserci\u00f3n en todos los estratos sociales, permitiendo defender la libertad creativa de los autores y la experimentaci\u00f3n art\u00edstica, con ello se mitiga el peligro de la implantaci\u00f3n de un modelo \u00fanico de pensamiento, que sacrifica a su paso la diversidad y la legitimidad del resto de las identidades nacionales y culturales.<\/p>\n<p>El <a href=\"http:\/\/www.fivafestival.com.ar\" target=\"_blank\" rel=\"noopener noreferrer\">Festival Internacional de Videoarte (FIVA)<\/a> es una ventana que nos muestra al mundo, nos conecta y permite que circulen nuevas sensibilidades est\u00e9ticas, formas y estrategias de comunicaci\u00f3n. <strong>Hasta el 2 de agosto de 2021<\/strong> se encuentra abierta la convocatoria para participar de la d\u00e9cima edici\u00f3n. Podr\u00e1n presentarse artistas mayores de 18 a\u00f1os de cualquier nacionalidad. Cada artista o colectivo de creadores podr\u00e1 presentar un m\u00e1ximo de 2 (dos) obras en cualquiera de los formatos est\u00e1ndar utilizados actualmente (AVI, MOV, MP4, MPG, etc) y el tama\u00f1o del archivo no debe ser inferior a los 720p. La tem\u00e1tica ser\u00e1 libre, pero no se aceptar\u00e1n video instalaciones ni obras realizadas con anterioridad al a\u00f1o 2019. La\/s obra\/s debe\/n estar hablada\/s o subtitulada\/s en espa\u00f1ol.<\/p>\n<div class=\"container-newsbutton\">\n<a class=\"cdab-newsbuttonlink\" href=\"http:\/\/www.fivafestival.com.ar\/PDF\/FIVA_10_ES.pdf\" target=\"_blank\" rel=\"noopener noreferrer\"><div class=\"cdab-pdf-newsbutton\">BASES Y CONDICIONES<\/div><\/a><a class=\"cdab-newsbuttonlink\" href=\"http:\/\/www.fivafestival.com.ar\" target=\"_blank\" rel=\"noopener noreferrer\"><div class=\"cdab-web-newsbutton\" style=\"margin-left: 40px;\">M\u00c1S INFORMACI\u00d3N&#8230;<\/div><\/a><\/div>\n<hr style=\"margin-bottom: 25px;\"\/>\n<p><a href=\"https:\/\/www.festifreak.com\" target=\"_blank\" rel=\"noopener noreferrer\"><img decoding=\"async\" class=\"publicacion-tapa\" src=\"http:\/\/www.arte.unicen.edu.ar\/cdab\/wp-content\/uploads\/2021\/06\/csvv-festifreak-banner.jpg\" data-fancybox=\"gallery\" data-caption=\"Cuidado social. V\u00ednculo virtual #23\"\/><\/a><\/p><p>El Grupo Freak invita a participar de la <a href=\"https:\/\/www.festifreak.com\" target=\"_blank\" rel=\"noopener noreferrer\">17\u00b0 edici\u00f3n del Festival Internacional de Cine Independiente de La Plata \u2013 FestiFreak<\/a> que tendr\u00e1 lugar en la ciudad de La Plata, Argentina, en el mes de <strong>octubre de 2021<\/strong>.<\/p>\n<p>Las inscripciones deber\u00e1n realizarse por medio del formulario electr\u00f3nico <strong>hasta el 25 de julio de 2021<\/strong>. Se aceptar\u00e1n obras finalizadas desde el 1 de enero de 2020 en adelante. La tem\u00e1tica es libre, sin restricci\u00f3n de g\u00e9nero y formato de realizaci\u00f3n.<\/p>\n<p>Las categor\u00edas en competencia son:<\/p>\n<ul style=\"margin-left: 70px;\"><li><strong>Competencia Argentina de Largometrajes:<\/strong> selecci\u00f3n Oficial de largometrajes argentinos, sin restricci\u00f3n de g\u00e9nero, de duraci\u00f3n m\u00ednima 60 minutos inclu\u00eddos t\u00edtulos y cr\u00e9ditos.<\/li>\n<li><strong>vCompetencia Argentina de Cortometrajes:<\/strong> selecci\u00f3n Oficial de cortometrajes argentinos, sin restricci\u00f3n de g\u00e9nero, de duraci\u00f3n m\u00e1xima 30 minutos inclu\u00eddos t\u00edtulos y cr\u00e9ditos.<\/li><\/ul>\n<div class=\"container-newsbutton\">\n<a class=\"cdab-newsbuttonlink\" href=\"https:\/\/www.festifreak.com\/inscripciones-nacionales\" target=\"_blank\" rel=\"noopener noreferrer\"><div class=\"cdab-web-newsbutton\">BASES Y CONDICIONES<\/div><\/a><a class=\"cdab-newsbuttonlink\" href=\"https:\/\/docs.google.com\/forms\/d\/e\/1FAIpQLSfxXXiapgFQyuTDr0yumxpB-oGyEmOlhPZ9jMXcE3db9gaR9g\/viewform\" target=\"_blank\" rel=\"noopener noreferrer\"><div class=\"cdab-web-newsbutton\" style=\"margin-left: 40px;\">FORMULARIO DE INSCRIPCI\u00d3N<\/div><\/a><\/div>\n<hr style=\"margin-bottom: 25px;\"\/>\n<p><a href=\"https:\/\/www.teatrocervantes.gob.ar\/noticias\/convocatoria-temporada-2022-tnc-produce-en-el-pais\" target=\"_blank\" rel=\"noopener noreferrer\"><img decoding=\"async\" class=\"publicacion-tapa\" src=\"http:\/\/www.arte.unicen.edu.ar\/cdab\/wp-content\/uploads\/2021\/06\/csvv-convocatoriateatrotnc-banner.jpg\" data-fancybox=\"gallery\" data-caption=\"Cuidado social. V\u00ednculo virtual #23\"\/><\/a><\/p><p>El <a href=\"https:\/\/www.teatrocervantes.gob.ar\" target=\"_blank\" rel=\"noopener noreferrer\">Teatro Nacional Cervantes<\/a> abre la <a href=\"https:\/\/www.teatrocervantes.gob.ar\/noticias\/convocatoria-temporada-2022-tnc-produce-en-el-pais\" target=\"_blank\" rel=\"noopener noreferrer\">Convocatoria de Proyectos Teatrales<\/a> para formar parte de la Temporada 2022 del programa <strong>TNC Produce en el pa\u00eds<\/strong>. La misma est\u00e1 destinada a <strong>grupos y artistas del pa\u00eds<\/strong> (con excepci\u00f3n de CABA) que deseen presentar proyectos teatrales a realizarse y estrenarse en sus lugares de origen, producidos \u00edntegramente por el <a href=\"https:\/\/www.teatrocervantes.gob.ar\" target=\"_blank\" rel=\"noopener noreferrer\">Teatro Nacional Cervantes<\/a>.<\/p>\n<p>Este programa promueve el desarrollo de artistas locales en diferentes ciudades, para que integren el repertorio de la instituci\u00f3n (<a href=\"https:\/\/www.teatrocervantes.gob.ar\" target=\"_blank\" rel=\"noopener noreferrer\">TNC<\/a>) m\u00e1s all\u00e1 de su sede central, en sinergia con distintos organismos e instituciones municipales y provinciales.<\/p>\n<p>La convocatoria estar\u00e1 abierta <strong>hasta el 31 de julio de 2021 a las 23:59 hs.<\/strong> para las <strong>seis regiones<\/strong> que conforman el Territorio Nacional: NOA, NEA, Centro, Centro Norte, Patagonia, Cuyo; de las cuales se realizar\u00e1 una preselecci\u00f3n. De esta preselecci\u00f3n, el <a href=\"https:\/\/www.teatrocervantes.gob.ar\" target=\"_blank\" rel=\"noopener noreferrer\">TNC<\/a> podr\u00eda seleccionar hasta 1 proyecto de cada regi\u00f3n, que pasar\u00eda a formar parte de su programaci\u00f3n durante la temporada 2022.<\/p>\n<p>Los proyectos se recibir\u00e1n \u00fanicamente en formato digital y es requisito que <strong>no hayan sido estrenados, ni presentados a otras instituciones\/concursos en simult\u00e1neo a esta convocatoria<\/strong>. Ser\u00e1 requisito excluyente para la contrataci\u00f3n de cada uno de los integrantes del proyecto seleccionado, contar con la inscripci\u00f3n en AFIP y tener regularizada su situaci\u00f3n fiscal al momento de la ejecuci\u00f3n de su contrataci\u00f3n. Asimismo, el elenco debe poder realizar <strong>al menos tres funciones semanales durante el per\u00edodo de su contrataci\u00f3n<\/strong> (2 meses de ensayos y dos meses de funciones) y tener disponibilidad para probables giras. En caso de que la situaci\u00f3n sanitaria no permita el estreno presencial de la obra, el <a href=\"https:\/\/www.teatrocervantes.gob.ar\" target=\"_blank\" rel=\"noopener noreferrer\">Teatro Nacional Cervantes<\/a> podr\u00e1 optar por realizarla en formato audiovisual y sumarla a su cat\u00e1logo online.<\/p>\n<p>Por consultas lxs interesadxs pueden comunicarse a: <a href=\"mailto:cervantesenelpais@gmail.com\">cervantesenelpais@gmail.com<\/a>.<\/p>\n<div class=\"container-newsbutton\">\n<a class=\"cdab-newsbuttonlink\" href=\"https:\/\/www.teatrocervantes.gob.ar\/noticias\/convocatoria-temporada-2022-tnc-produce-en-el-pais\" target=\"_blank\" rel=\"noopener noreferrer\"><div class=\"cdab-web-newsbutton\">BASES Y CONDICIONES<\/div><\/a><a class=\"cdab-newsbuttonlink\" href=\"https:\/\/convocatorias.teatrocervantes.gob.ar\/campania\/32\/program_registrations\/new?locale=es\" target=\"_blank\" rel=\"noopener noreferrer\"><div class=\"cdab-web-newsbutton\" style=\"margin-left: 40px;\">FORMULARIO DE INSCRIPCI\u00d3N<\/div><\/a><\/div>\n<hr style=\"margin-bottom: 25px;\"\/>\n<p><a href=\"http:\/\/www.mumbat.com\/apoyo-a-la-creacion-artistica-visual\" target=\"_blank\" rel=\"noopener noreferrer\"><img decoding=\"async\" class=\"publicacion-tapa\" src=\"http:\/\/www.arte.unicen.edu.ar\/cdab\/wp-content\/uploads\/2021\/06\/csvv-residenciamumbat-banner.jpg\" data-fancybox=\"gallery\" data-caption=\"Cuidado social. V\u00ednculo virtual #23\"\/><\/a><\/p><p><a href=\"http:\/\/www.mumbat.com\/apoyo-a-la-creacion-artistica-visual\" target=\"_blank\" rel=\"noopener noreferrer\">Residencia MUMBAT. Apoyo a la creaci\u00f3n art\u00edstica<\/a> es un programa de fomento a procesos creativos experimentales y\/o multidisciplinarios, implementado por el <a href=\"http:\/\/www.mumbat.com\" target=\"_blank\" rel=\"noopener noreferrer\">Museo Municipal de Bellas Artes de Tandil (MUMBAT)<\/a> dependiente de la Direcci\u00f3n de Cultura y la Secretar\u00eda de Cultura y Educaci\u00f3n del <a href=\"https:\/\/www.tandil.gov.ar\" target=\"_blank\" rel=\"noopener noreferrer\">Municipio de Tandil<\/a> con el objetivo de contribuir con aquellos proyectos culturales que necesitan apoyo econ\u00f3mico.<\/p>\n<p>De este modo el <a href=\"http:\/\/www.mumbat.com\" target=\"_blank\" rel=\"noopener noreferrer\">MUMBAT<\/a> apoya y promueve la producci\u00f3n de las artes y la cultura. El programa alcanza a toda persona f\u00edsica o colectivo de artistas, que resida en la ciudad de Tandil y desarrolle su actividad en cualquier disciplina del campo de las artes visuales: textil, objeto, pintura, escultura, grabado, dibujo, cer\u00e1mica, instalaci\u00f3n, instalaci\u00f3n perform\u00e1tica, fotograf\u00eda y video-arte, y que se sientan motivados por el programa y sus objetivos.<\/p>\n<p>El proyecto seleccionado contar\u00e1 con un <strong>aporte econ\u00f3mico de $65.000<\/strong> (sesenta y cinco mil pesos), resultado de la mancomuni\u00f3n del sector p\u00fablico y privado, en concepto de apoyo a la creaci\u00f3n de su obra-proyecto, con residencia de trabajo en salas de dicha instituci\u00f3n. <strong>La inscripci\u00f3n est\u00e1 abierta hasta el 15 de julio de 2021.<\/strong><\/p>\n<div class=\"container-newsbutton\">\n<a class=\"cdab-newsbuttonlink\" href=\"http:\/\/mumbat.com\/wp-content\/uploads\/2021\/05\/DESCARGAR-BASES-Y-CONDICIONES-Apoyo-a-la-creacion-artistica-2021-1.pdf\" target=\"_blank\" rel=\"noopener noreferrer\"><div class=\"cdab-pdf-newsbutton\">BASES Y CONDICIONES<\/div><\/a><a class=\"cdab-newsbuttonlink\" href=\"https:\/\/forms.gle\/rPMTHEac2aibR74BA\" target=\"_blank\" rel=\"noopener noreferrer\"><div class=\"cdab-web-newsbutton\" style=\"margin-left: 40px;\">FORMULARIO DE INSCRIPCI\u00d3N<\/div><\/a><\/div>\n<hr style=\"margin-bottom: 25px;\"\/>\n<p><a href=\"https:\/\/www.teatrocervantes.gob.ar\/educacion\" target=\"_blank\" rel=\"noopener noreferrer\"><img decoding=\"async\" class=\"publicacion-tapa\" src=\"http:\/\/www.arte.unicen.edu.ar\/cdab\/wp-content\/uploads\/2021\/06\/csvv-tallerescrituraescenica-banner.jpg\" data-fancybox=\"gallery\" data-caption=\"Cuidado social. V\u00ednculo virtual #23\"\/><\/a><\/p><p>El <a href=\"https:\/\/www.teatrocervantes.gob.ar\" target=\"_blank\" rel=\"noopener noreferrer\">Teatro Nacional Cervantes (TNC)<\/a> llama a participar en el <a href=\"https:\/\/www.teatrocervantes.gob.ar\/educacion\" target=\"_blank\" rel=\"noopener noreferrer\">Primer taller federal de escritura esc\u00e9nica<\/a> para futurxs dramaturgxs. Podr\u00e1n participar j\u00f3venes de <strong>entre 18 y 25 a\u00f1os<\/strong>, con nacionalidad argentina o residencia comprobable en el pa\u00eds.<\/p>\n<p>Lxs interesadxs deber\u00e1n completar la ficha de inscripci\u00f3n de manera online y adjuntar un texto de creaci\u00f3n personal en primera persona del singular (yo) a partir de las siguientes preguntas: \u00bfQu\u00e9 har\u00edas si pudieras viajar al pasado? \u00bfQu\u00e9 har\u00edas si pudieras viajar al futuro?. La extensi\u00f3n m\u00e1xima del texto ser\u00e1 de una carilla escrita en hoja tama\u00f1o A4, a doble espacio en Times New Roman 12. El material debe ser original e in\u00e9dito. Adem\u00e1s deber\u00e1n incluir una breve carta de motivaci\u00f3n, contando las razones por las cu\u00e1les se\npostulan.<\/p>\n<p>La Comisi\u00f3n Organizadora realizara\u0301 una preselecci\u00f3n que responder\u00e1 a orden de m\u00e9rito. Lxs preseleccionadxs pasar\u00e1n a una segunda instancia, que constar\u00e1 de un coloquio individual. Para m\u00e1s informaci\u00f3n visitar <a href=\"https:\/\/www.teatrocervantes.gob.ar\/educacion\" target=\"_blank\" rel=\"noopener noreferrer\">www.teatrocervantes.gob.ar\/educacion<\/a><\/p>\n<div class=\"container-newsbutton\">\n<a class=\"cdab-newsbuttonlink\" href=\"https:\/\/www.teatrocervantes.gob.ar\/wp-content\/uploads\/2021\/05\/INSTRUCTIVO-Taller-de-escritura-esc%C3%A9nica.pdf\" target=\"_blank\" rel=\"noopener noreferrer\"><div class=\"cdab-pdf-newsbutton\">INSTRUCTIVO<\/div><\/a><a class=\"cdab-newsbuttonlink\" href=\"https:\/\/docs.google.com\/forms\/d\/e\/1FAIpQLScPqdmGAe_UqGYRSR9pgT-GirdvcpO5Hszoz2mRWqFJmmT0Ag\/viewform\" target=\"_blank\" rel=\"noopener noreferrer\"><div class=\"cdab-web-newsbutton\" style=\"margin-left: 40px;\">FORMULARIO DE INSCRIPCI\u00d3N<\/div><\/a><\/div>\n<hr style=\"margin-bottom: 25px;\"\/>\n<p><img loading=\"lazy\" decoding=\"async\" width=\"170\" height=\"170\" class=\"alignright size-full wp-image-4077\" style=\"border: 0px; border-radius: 170px; margin-bottom: 30px;\" src=\"http:\/\/www.arte.unicen.edu.ar\/cdab\/wp-content\/uploads\/2021\/06\/csvv-audiocuentocomar.jpg\" alt=\"Audiocuentos de la Nueva Narrativa Argentina\" title=\"Audiocuentos de la Nueva Narrativa Argentina\" \/><h3>Audiocuentos de la Nueva Narrativa Argentina<\/h3><\/p><p>La productora cultural <a href=\"https:\/\/www.unabrecha.com.ar\" target=\"_blank\" rel=\"noopener noreferrer\">Una Brecha<\/a>, especializada en el desarrollo de proyectos art\u00edsticos, sobre todo literarios, lleva adelante desde 2016 el proyecto <a href=\"https:\/\/www.audiocuento.com.ar\" target=\"_blank\" rel=\"noopener noreferrer\">audiocuento.com.ar<\/a> junto a <strong>Mecenazgo<\/strong> y <a href=\"https:\/\/www.grupoheteronimos.com.ar\" target=\"_blank\" rel=\"noopener noreferrer\">Grupo Heter\u00f3nimos<\/a>.<\/p>\n<p>La propuesta consiste en una pa\u0301gina web y una app en las que se pueden encontrar cuentos de 25 autores argentinos contempora\u0301neos: Santiago Craig, M\u00e1rgara Averbach, Sebasti\u00e1n Chilano, Leticia Martin, Dami\u00e1n Huergo, Vanina Colagiovanni, Hern\u00e1n Pueyrredon, Alejandro Conrad, Mauro De Angelis, Pablo Dema, Marcela Aidenbaum, Cecilia Alemano, Branco Troiano, Agust\u00edn Zalazar, Andrea Arismendi, Gustavo Di Pace, Pablo Mourier, Beatriz Elo\u00edsa Muglia, Carmen Nani, Virginia Feinmann, Ver\u00f3nica In\u00e9s Halper\u00edn, Pablo Laborde, Pablo Pedroso, Mar\u00eda Graciana Petrone y Diego Rodr\u00edguez Reis, todos seleccionados por Esther Cross, Diego Tomasi y Gin\u00e9s Cutillas, mediante una convocatoria en la que se recibieron m\u00e1s de 1800 textos. La web y la app cuentan con los textos escritos, lei\u0301dos (por actores\/actrices y locutorxs) e ilustrados (por artistas muy reconocidos) y se constituyen como la primera experiencia en su tipo en Argentina.<\/p>\n<div class=\"container-newsbutton\">\n<a class=\"cdab-newsbuttonlink\" href=\"https:\/\/www.audiocuento.com.ar\" target=\"_blank\" rel=\"noopener noreferrer\"><div class=\"cdab-web-newsbutton\">ACCEDER A AUDIOCUENTO.COM.AR<\/div><\/a><\/div>\n<p>En el sitio web del <a href=\"https:\/\/www.cultura.gob.ar\" target=\"_blank\" rel=\"noopener noreferrer\">Ministerio de Cultura<\/a> se puede encontrar una <a href=\"https:\/\/www.cultura.gob.ar\/audiocuentos-de-la-nueva-narrativa-argentina-10534\" target=\"_blank\" rel=\"noopener noreferrer\">entrevista a sus creadores<\/a> en la que relatan como fue evolucionando el proyecto desde sus inicios.<\/p>\n<\/div><\/div>\n\n<div id=\"podcast\" class=\"csvv-right2021\">\n<div class=\"csvv-card2021\"><div class=\"cdab-especial-covid19-card-icon podcast\"><i class=\"fa fa-headphones\" aria-hidden=\"true\"><\/i><\/div><div class=\"cdab-especial-covid19-card-title podcast\">PODCASTS<\/div>\n<p><img loading=\"lazy\" decoding=\"async\" width=\"170\" height=\"170\" class=\"alignleft size-full wp-image-4077\" style=\"border: 0px; border-radius: 170px; margin-bottom: 30px;\" src=\"http:\/\/www.arte.unicen.edu.ar\/cdab\/wp-content\/uploads\/2021\/05\/desmontajes-podcast.jpg\" alt=\"Desmontajes. Un podcast de Teatro\" title=\"Desmontajes. Un podcast de Teatro\" \/><h3>Desmontajes #2: Di\u00e1logos sobre la intimidad de los procesos creativos en teatro<\/h3><\/p><p>Una nueva propuesta de formato podcast en clave teatral. <strong>Desmontajes<\/strong> es impulsado por el grupo IPROCAE (Investigaci\u00f3n de Procesos Creativos en Artes Esc\u00e9nicas), conformado por artistas-docentes-investigadorxs de la <a href=\"http:\/\/www.arte.unicen.edu.ar\" target=\"_blank\" rel=\"noopener noreferrer\">Facultad de Arte<\/a>.<\/p>\n<p><strong>Desmontajes<\/strong> invita a escuchar di\u00e1logos sobre la intimidad de los procesos creativos en teatro, con episodios mensuales que abarcar\u00e1n diversos aspectos de la puesta en escena a trav\u00e9s de los relatos de sus hacedores. En este segundo episodio la directora esc\u00e9nica Marcela Ju\u00e1rez narra las claves de la construcci\u00f3n de la trilog\u00eda <em>Nada que ver. Teatro Oscuro<\/em>, una serie de espect\u00e1culos que proponen experiencias sensoriales que invitan a dejar la vista de lado y activar el resto de los canales perceptivos.<\/p>\n<p>Dirigido y editado por Guillermo Dillon, con locuci\u00f3n de Yanina L\u00f3pez y producci\u00f3n del <a href=\"http:\/\/www.arte.unicen.edu.ar\/secretarias\/investigacion-posgrado\/nucleos\/cid\" target=\"_blank\" rel=\"noopener noreferrer\">Centro de Investigaciones Dram\u00e1ticas (CID)<\/a>. En el podcast se escuchan fragmentos sonoros de la trilog\u00eda <em>Nada que ver<\/em> y episodios del ciclo <em>Todo que O\u00edr<\/em> a cargo del grupo <em>Teatro Oscuro Tandil<\/em>, con m\u00fasica original de Mariano Delaude.<\/p>\n<div class=\"container-newsbutton\"><a class=\"cdab-newsbuttonlink\" href=\"https:\/\/open.spotify.com\/show\/2Pgd83imFnXTxhTsItmHX4?si=4suaLnBDRmupopfrbZmSBw\" target=\"_blank\" rel=\"noopener noreferrer\"><div class=\"cdab-spotify-newsbutton\">ESCUCHAR EN SPOTIFY<\/div><\/a><a class=\"cdab-newsbuttonlink\" href=\"https:\/\/www.spreaker.com\/show\/desmontajes\" target=\"_blank\" rel=\"noopener noreferrer\" style=\"margin-left: 50px;\"><div class=\"cdab-web-newsbutton\">ESCUCHAR EN SPREAKER<\/div><\/a><\/div>\n<hr style=\"margin-bottom: 25px;\"\/>\n<p><img loading=\"lazy\" decoding=\"async\" width=\"170\" height=\"170\" class=\"alignleft size-full wp-image-4077\" style=\"border: 0px; border-radius: 170px; margin-bottom: 30px;\" src=\"http:\/\/www.arte.unicen.edu.ar\/cdab\/wp-content\/uploads\/2021\/06\/encuadrate-podcast.jpg\" alt=\"Encu\u00e1drate\" title=\"Encu\u00e1drate\" \/><h3>Encu\u00e1drate<\/h3><\/p><p>No existe una gran tradici\u00f3n de podcasts sobre arte o pintura, probablemente porque no parece sencillo hablar de algo que no se puede ver. Sin embargo, no son pocos los museos que ya tienen su propio podcast: el <a href=\"http:\/\/www.moma.org\" target=\"_blank\" rel=\"noopener noreferrer\">MOMA<\/a> o <a href=\"https:\/\/www.nationalgallery.org.uk\" target=\"_blank\" rel=\"noopener noreferrer\">The National Gallery, London<\/a> son dos buenos ejemplos, de los muchos que hay en el a\u0301mbito anglosajo\u0301n. Ambos museos permiten a sus visitantes descargar archivos de audio.<\/p><p><strong>Encu\u00e1drate<\/strong> es un podcast escrito por Alfonso Latorre y narrado por Juan Meg\u00edas. Cada episodio supone una inmersi\u00f3n sonora en un cuadro de una determinada \u00e9poca, de manera que se dota de un contexto social, hist\u00f3rico y pol\u00edtico de la obra con la participaci\u00f3n de historiadorxs y expertxs, as\u00ed como peque\u00f1as recreaciones de ficci\u00f3n basadas siempre en documentos originales que logran que el oyente se transporte inmediatamente a la obra en cuesti\u00f3n. En sus dos temporadas acumulan una decena de cuadros que van desde <em>Las Meninas<\/em> de Vel\u00e1zquez, hasta <em>Caf\u00e9 Terrace<\/em> de Van Gogh o <em>Salom\u00e9 con la cabeza de Juan el Bautista<\/em> de Caravaggio, pasando por cuatro episodios especiales dedicados a los maestros flamencos y muy especialmente a Jan van Eyck.<\/p>\n<div class=\"container-newsbutton\"><a class=\"cdab-newsbuttonlink\" href=\"https:\/\/open.spotify.com\/show\/16wlGaljn3vPlZ0D3zkFVD\" target=\"_blank\" rel=\"noopener noreferrer\"><div class=\"cdab-spotify-newsbutton\">ESCUCHAR EN SPOTIFY<\/div><\/a><\/div>\n<hr style=\"margin-bottom: 25px;\"\/>\n<p><img loading=\"lazy\" decoding=\"async\" width=\"170\" height=\"170\" class=\"alignleft size-full wp-image-4077\" style=\"border: 0px; border-radius: 170px; margin-bottom: 30px;\" src=\"http:\/\/www.arte.unicen.edu.ar\/cdab\/wp-content\/uploads\/2021\/06\/doscaratulas-podcast.jpg\" alt=\"Las dos car\u00e1tulas\" title=\"Las dos car\u00e1tulas\" \/><h3>Las dos car\u00e1tulas<\/h3><\/p><p>Desde 1957, <a href=\"https:\/\/www.radionacional.com.ar\/category\/las-dos-caratulas\" target=\"_blank\" rel=\"noopener noreferrer\">Las dos car\u00e1tulas<\/a> presenta cada semana una obra de teatro argentina o universal que por sus valores se constituyen en cabales expresiones e imponderables aportes a la cultura. Bajo la direcci\u00f3n de Nora Massi, desfilan dramaturgos y elencos de primeros actores, interpretando todos los g\u00e9neros de la literatura teatral: comedias costumbristas, grotesco, s\u00e1tira y tragedia, para que puedan ser apreciadas en 90 minutos sin cortes. Un podcast original de <a href=\"https:\/\/www.radionacional.com.ar\" target=\"_blank\" rel=\"noopener noreferrer\">Radio Nacional<\/a>.<\/p>\n<div class=\"container-newsbutton\"><a class=\"cdab-newsbuttonlink\" href=\"https:\/\/open.spotify.com\/show\/3Eaurhp8DhQ30WpMnR6YFg\" target=\"_blank\" rel=\"noopener noreferrer\"><div class=\"cdab-spotify-newsbutton\">ESCUCHAR EN SPOTIFY<\/div><\/a><a class=\"cdab-newsbuttonlink\" href=\"https:\/\/www.radionacional.com.ar\/category\/las-dos-caratulas\" target=\"_blank\" rel=\"noopener noreferrer\"><div class=\"cdab-web-newsbutton\" style=\"margin-left: 40px;\">ESCUCHAR EN RADIO NACIONAL<\/div><\/a><\/div>\n<hr style=\"margin-bottom: 25px;\"\/>\n<p><img loading=\"lazy\" decoding=\"async\" width=\"170\" height=\"170\" class=\"alignleft size-full wp-image-4077\" style=\"border: 0px; border-radius: 170px; margin-bottom: 30px;\" src=\"http:\/\/www.arte.unicen.edu.ar\/cdab\/wp-content\/uploads\/2021\/06\/manivela-podcast.jpg\" alt=\"Manivela\" title=\"Manivela\" \/><h3>Manivela<\/h3><\/p><p>El cine argentino en particular y latinoamericano en general. Historia, memoria, presente, identidad. David &#8220;Coco&#8221; Blaustein entrevista, habla de estrenos y evocaciones a trav\u00e9s de audios de pel\u00edculas y bandas de sonido. En el aire desde 2001, se ha convertido en un cl\u00e1sico sobre el tema. Un podcast original de <a href=\"https:\/\/www.radionacional.com.ar\" target=\"_blank\" rel=\"noopener noreferrer\">Radio Nacional<\/a>.<\/p><br \/>\n<div class=\"container-newsbutton\"><a class=\"cdab-newsbuttonlink\" href=\"https:\/\/open.spotify.com\/show\/1s5MivfTJDIKdt5gu4SBqJ\" target=\"_blank\" rel=\"noopener noreferrer\"><div class=\"cdab-spotify-newsbutton\">ESCUCHAR EN SPOTIFY<\/div><\/a><a class=\"cdab-newsbuttonlink\" href=\"https:\/\/www.radionacional.com.ar\/category\/manivela\" target=\"_blank\" rel=\"noopener noreferrer\"><div class=\"cdab-web-newsbutton\" style=\"margin-left: 40px;\">ESCUCHAR EN RADIO NACIONAL<\/div><\/a><\/div>\n<\/div><\/div>\n\n<div id=\"ninios\" class=\"csvv-right2021\">\n<div class=\"csvv-card2021\"><div class=\"cdab-especial-covid19-card-icon ninios\"><i class=\"fa fa-child\" aria-hidden=\"true\" style=\"margin-left: 3px;\"><\/i><\/div><div class=\"cdab-especial-covid19-card-title ninios\">PARA NUESTRXS NI\u00d1XS<\/div>\n<p><a href=\"https:\/\/www.educ.ar\/recursos\/150065\/realidad-virtual\" target=\"_blank\" rel=\"noopener noreferrer\"><img decoding=\"async\" class=\"publicacion-tapa\" src=\"http:\/\/www.arte.unicen.edu.ar\/cdab\/wp-content\/uploads\/2021\/06\/csvv-marlecturas-banner.jpg\" data-fancybox=\"gallery\" data-caption=\"Cuidado social. V\u00ednculo virtual #23\"\/><\/a><\/p><p>El portal <a href=\"https:\/\/www.educ.ar\" target=\"_blank\" rel=\"noopener noreferrer\">Educ.ar<\/a> ofrece una serie de itinerarios multimedia para sumergirnos en la literatura. Algunos conducen a la obra de grandes autores; otros, a un tema o a un g\u00e9nero literario y, entre las olas, una propuesta l\u00fadica combina poes\u00eda y programaci\u00f3n.<\/p>\n<h3>&#8220;El almohad\u00f3n de plumas&#8221; de Horacio Quiroga en 360\u00b0<\/h3>\n<div align=\"center\" style=\"margin: 20px auto;\"><iframe loading=\"lazy\" width=\"700\" height=\"394\" src=\"https:\/\/www.youtube.com\/embed\/N5Bvp4hgL3A\" frameborder=\"0\" allow=\"accelerometer; autoplay; encrypted-media; gyroscope; picture-in-picture\" allowfullscreen><\/iframe><\/div>\n<div class=\"container-newsbutton\"><a class=\"cdab-newsbuttonlink\" href=\"https:\/\/www.educ.ar\/recursos\/124244\/cuento-digital-el-almohadon-de-plumas-de-horacio-quiroga\" target=\"_blank\" rel=\"noopener noreferrer\"><div class=\"cdab-web-newsbutton\">&#8220;EL ALMOHAD\u00d3N DE PLUMAS&#8221; (INTERACTIVO)<\/div><\/a><a class=\"cdab-newsbuttonlink\" href=\"https:\/\/www.educ.ar\/recursos\/124609\/a-la-deriva-de-horacio-quiroga\" target=\"_blank\" rel=\"noopener noreferrer\"><div class=\"cdab-web-newsbutton\" style=\"margin-left: 40px;\">&#8220;A LA DERIVA&#8221; DE HORACIO QUIROGA (AUDIOCUENTO)<\/div><\/a><\/div>\n<hr style=\"margin-bottom: 25px;\"\/>\n<h3>&#8220;La casa tomada&#8221; de Julio Cort\u00e1zar en 360\u00b0<\/h3>\n<div align=\"center\" style=\"margin: 20px auto;\"><iframe loading=\"lazy\" width=\"700\" height=\"394\" src=\"https:\/\/www.youtube.com\/embed\/ovzsVvQd-Fo\" frameborder=\"0\" allow=\"accelerometer; autoplay; encrypted-media; gyroscope; picture-in-picture\" allowfullscreen><\/iframe><\/div>\n<div class=\"container-newsbutton\"><a class=\"cdab-newsbuttonlink\" href=\"https:\/\/www.educ.ar\/recursos\/72911\/mar-de-poesia-aplastamiento-de-las-gotas-de-julio-cortazar\" target=\"_blank\" rel=\"noopener noreferrer\"><div class=\"cdab-web-newsbutton\">&#8220;APLASTAMIENTO DE LAS GOTAS&#8221; DE JULIO CORT\u00c1ZAR<\/div><\/a><\/div>\n<hr style=\"margin-bottom: 25px;\"\/>\n<p><img loading=\"lazy\" decoding=\"async\" width=\"170\" height=\"170\" class=\"alignright size-full wp-image-4077\" style=\"border: 0px; border-radius: 170px; margin-bottom: 30px;\" src=\"http:\/\/www.arte.unicen.edu.ar\/cdab\/wp-content\/uploads\/2021\/06\/csvv-limericks.jpg\" alt=\"Las dos car\u00e1tulas\" title=\"Las dos car\u00e1tulas\" \/><h3>&#8220;Zooloco&#8221; de Mar\u00eda Elena Walsh<\/h3><\/p><p>Breves poemas humor\u00edsticos (<em>limericks<\/em>) con el humor y la inventiva de <strong>Mar\u00eda Elena Walsh<\/strong>. Junto a ella exploramos el mundo de las rimas para jugar a armar historias y situaciones, posibles e imposibles, e imaginar universos en los que el juego, la creatividad y el placer de descubrir nunca se ausentan.<\/p>\n<p>Un <em>limerick<\/em> es un poema de una sola estrofa compuesto por cinco versos: dos grandes, dos chiquitos y otro m\u00e1s grande. Las rimas se dan entre los versos semejantes, se busca lo gracioso, lo absurdo, y hasta pueden ilustrarse.<\/p>\n<div align=\"center\" style=\"margin: 20px auto;\"><iframe loading=\"lazy\" width=\"700\" height=\"394\" src=\"https:\/\/www.youtube.com\/embed\/orYqMGuROTI\" frameborder=\"0\" allow=\"accelerometer; autoplay; encrypted-media; gyroscope; picture-in-picture\" allowfullscreen><\/iframe><\/div>\n<div class=\"container-newsbutton\"><a class=\"cdab-newsbuttonlink\" href=\"https:\/\/www.educ.ar\/recursos\/101051\/la-tortuga\" target=\"_blank\" rel=\"noopener noreferrer\"><div class=\"cdab-web-newsbutton\">LIMERICKS DE MARIA ELENA WALSH<\/div><\/a><\/div>\n<\/div><\/div>\n<\/div>","protected":false},"excerpt":{"rendered":"<p>Su navegador no soporta video en HTML5. edici\u00f3n 2021 | #23 Haga click para ver el contenido&#8230; Novedades Libros Revistas acad\u00e9micas Teatro Audiovisual Formaci\u00f3n Investigaci\u00f3n y posgrado De nuestrxs graduadxs Links &#038; convocatorias Podcast Para nuestrxs ni\u00f1xs Una iniciativa de la Secretar\u00eda de Investigaci\u00f3n y Posgrado para seguir form\u00e1ndonos y reflexionando sobre el arte sin dejar de cuidarnos ante la [&hellip;]<\/p>\n","protected":false},"author":1,"featured_media":19498,"comment_status":"open","ping_status":"open","sticky":false,"template":"","format":"standard","meta":{"_acf_changed":false,"footnotes":""},"categories":[2497],"tags":[],"class_list":["post-19471","post","type-post","status-publish","format-standard","has-post-thumbnail","hentry","category-newsletter"],"acf":[],"_links":{"self":[{"href":"https:\/\/www.arte.unicen.edu.ar\/cdab\/wp-json\/wp\/v2\/posts\/19471","targetHints":{"allow":["GET"]}}],"collection":[{"href":"https:\/\/www.arte.unicen.edu.ar\/cdab\/wp-json\/wp\/v2\/posts"}],"about":[{"href":"https:\/\/www.arte.unicen.edu.ar\/cdab\/wp-json\/wp\/v2\/types\/post"}],"author":[{"embeddable":true,"href":"https:\/\/www.arte.unicen.edu.ar\/cdab\/wp-json\/wp\/v2\/users\/1"}],"replies":[{"embeddable":true,"href":"https:\/\/www.arte.unicen.edu.ar\/cdab\/wp-json\/wp\/v2\/comments?post=19471"}],"version-history":[{"count":3,"href":"https:\/\/www.arte.unicen.edu.ar\/cdab\/wp-json\/wp\/v2\/posts\/19471\/revisions"}],"predecessor-version":[{"id":20609,"href":"https:\/\/www.arte.unicen.edu.ar\/cdab\/wp-json\/wp\/v2\/posts\/19471\/revisions\/20609"}],"wp:featuredmedia":[{"embeddable":true,"href":"https:\/\/www.arte.unicen.edu.ar\/cdab\/wp-json\/wp\/v2\/media\/19498"}],"wp:attachment":[{"href":"https:\/\/www.arte.unicen.edu.ar\/cdab\/wp-json\/wp\/v2\/media?parent=19471"}],"wp:term":[{"taxonomy":"category","embeddable":true,"href":"https:\/\/www.arte.unicen.edu.ar\/cdab\/wp-json\/wp\/v2\/categories?post=19471"},{"taxonomy":"post_tag","embeddable":true,"href":"https:\/\/www.arte.unicen.edu.ar\/cdab\/wp-json\/wp\/v2\/tags?post=19471"}],"curies":[{"name":"wp","href":"https:\/\/api.w.org\/{rel}","templated":true}]}}