{"id":18878,"date":"2021-05-11T14:55:46","date_gmt":"2021-05-11T17:55:46","guid":{"rendered":"http:\/\/www.arte.unicen.edu.ar\/cdab\/?p=18878"},"modified":"2021-07-13T09:44:43","modified_gmt":"2021-07-13T12:44:43","slug":"cuidado-social-vinculo-virtual-22","status":"publish","type":"post","link":"https:\/\/www.arte.unicen.edu.ar\/cdab\/cuidado-social-vinculo-virtual-22\/","title":{"rendered":"Cuidado social. V\u00ednculo virtual #22"},"content":{"rendered":"\n<div class=\"csvv2021-container\"><div class=\"csvv-left2021\"><video autoplay muted loop style=\"width: 180px; text-align: center; margin: -10px auto 0px; display: block;\" poster=\"http:\/\/www.arte.unicen.edu.ar\/cdab\/wp-content\/uploads\/2021\/02\/csvv-edicion2021-logo.png\"><source src=\"http:\/\/www.arte.unicen.edu.ar\/cdab\/wp-content\/uploads\/2021\/02\/logo-csvv-2021.mp4\" type=\"video\/mp4\"\/>Su navegador no soporta video en HTML5.<\/video>\n<div style=\"font-size: 18px; font-family: 'Roboto Slab', 'Libre Franklin', arial, helvetica, sans-serif; color: #732763; margin-bottom: 10px; padding: 0px 20px; text-align: center;\">edici\u00f3n 2021 | #22<\/div>\n<p>Haga click para ver el contenido&#8230;<\/p>\n  <button class=\"tablinks novedades\" onclick=\"openCsvv(event, 'novedades')\" id=\"defaultOpen\"><i class=\"fa fa-newspaper-o\" aria-hidden=\"true\" style=\"margin-right: 12px;\"><\/i>Novedades<\/button>\n  <button class=\"tablinks libros\" onclick=\"openCsvv(event, 'libros')\"><i class=\"fa fa-book\" aria-hidden=\"true\" style=\"margin-right: 12px;\"><\/i>Libros<\/button>\n  <button class=\"tablinks revistasacad\" onclick=\"openCsvv(event, 'revistasacad')\"><i class=\"fa fa-file-text-o\" aria-hidden=\"true\" style=\"margin-right: 14px;\"><\/i>Revistas acad\u00e9micas<\/button>\n  <button class=\"tablinks teatro\" onclick=\"openCsvv(event, 'teatro')\"><i class=\"fa fa-comments-o\" aria-hidden=\"true\" style=\"margin-right: 12px;\"><\/i>Teatro<\/button>\n  <button class=\"tablinks audiovisual\" onclick=\"openCsvv(event, 'audiovisual')\"><i class=\"fa fa-film\" aria-hidden=\"true\" style=\"margin-right: 12px;\"><\/i>Audiovisual<\/button>\n  <button class=\"tablinks investigacion\" onclick=\"openCsvv(event, 'investigacion')\"><i class=\"fa fa-graduation-cap\" aria-hidden=\"true\" style=\"margin-right: 10px;\"><\/i>Investigaci\u00f3n y posgrado<\/button>\n  <button class=\"tablinks investigacion\" onclick=\"openCsvv(event, 'graduadxs')\"><i class=\"fa fa-graduation-cap\" aria-hidden=\"true\" style=\"margin-right: 10px;\"><\/i>De nuestrxs graduadxs<\/button>\n  <button class=\"tablinks links\" onclick=\"openCsvv(event, 'links')\"><i class=\"fa fa-hand-pointer-o\" aria-hidden=\"true\" style=\"margin-right: 12px;\"><\/i>Links &#038; convocatorias<\/button>\n  <button class=\"tablinks podcast\" onclick=\"openCsvv(event, 'podcast')\"><i class=\"fa fa-headphones\" aria-hidden=\"true\" style=\"margin-right: 12px;\"><\/i>Podcast<\/button>\n  <button class=\"tablinks ninios\" onclick=\"openCsvv(event, 'ninios')\"><i class=\"fa fa-child\" aria-hidden=\"true\" style=\"margin-right: 12px;\"><\/i>Para nuestrxs ni\u00f1xs<\/button>\n<p>Una iniciativa de la <a href=\"http:\/\/www.arte.unicen.edu.ar\/secretarias\/investigacion-posgrado\" target=\"_blank\" rel=\"noopener noreferrer\">Secretar\u00eda de Investigaci\u00f3n y Posgrado<\/a> para seguir form\u00e1ndonos y reflexionando sobre el arte sin dejar de cuidarnos ante la pandemia COVID-19.<\/p>\n<div id=\"cdab-content-news-pagination-index\">\n<div style=\"margin: 0 auto;\"><ul><li><a href=\"\/cdab\/category\/newsletter\/\" target=\"_blank\" rel=\"noopener noreferrer\">VER N\u00daMEROS ANTERIORES<\/a><\/li><\/ul><\/div>\n<\/div>\n<p>\u00bfQuer\u00e9s recomendarnos alg\u00fan contenido para futuras ediciones de <strong>Cuidado social. V\u00ednculo virtual<\/strong>?<br \/>Contactanos a: <a href=\"mailto:cdab @ arte.unicen.edu.ar\">cdab@arte.unicen.edu.ar<\/a><\/p>\n<\/div>\n\n<div id=\"novedades\" class=\"csvv-right2021\">\n<div class=\"csvv-card2021\"><div class=\"cdab-especial-covid19-card-icon novedades\"><i class=\"fa fa-newspaper-o\" aria-hidden=\"true\" style=\"margin-left: 3px;\"><\/i><\/div><div class=\"cdab-especial-covid19-card-title novedades\">NOVEDADES<\/div>\n<p><img decoding=\"async\" class=\"publicacion-tapa\" src=\"http:\/\/www.arte.unicen.edu.ar\/cdab\/wp-content\/uploads\/2021\/05\/csvv-jinhap2021-banner2.jpg\" border=\"0\" alt=\"XII Jornadas Internacionales\/Nacionales de Historia, Arte y Pol\u00edtica\" title=\"XII Jornadas Internacionales\/Nacionales de Historia, Arte y Pol\u00edtica\" \/><\/p><p>Las <strong>Jornadas de Historia, Arte y Pol\u00edtica<\/strong> iniciaron en 2010 con el objetivo de generar y sostener en el tiempo un espacio de discusi\u00f3n y reflexi\u00f3n en torno de las complejas relaciones entre arte y pol\u00edtica en las sociedades contempor\u00e1neas. Este encuentro acad\u00e9mico es organizado anualmente por el <a href=\"http:\/\/www.arte.unicen.edu.ar\/institucional\/departamentos\/historia-y-teoria-del-arte\" target=\"_blank\" rel=\"noopener noreferrer\">Departamento de Historia y Teor\u00eda del Arte<\/a>, la <a href=\"http:\/\/www.arte.unicen.edu.ar\" target=\"_blank\" rel=\"noopener noreferrer\">Facultad de Arte<\/a> y la <a href=\"http:\/\/www.unicen.edu.ar\" target=\"_blank\" rel=\"noopener noreferrer\">Universidad Nacional del Centro de la Provincia de Buenos Aires<\/a>, tendr\u00e1 una nueva edici\u00f3n del <strong>23 al 25 de junio de 2021<\/strong>.<\/p>\n<p>Una vez m\u00e1s, la participaci\u00f3n de colegas del pa\u00eds y del exterior enriquecer\u00e1 los debates y fomentar\u00e1 la tan necesaria reuni\u00f3n de perspectivas heterog\u00e9neas. Al igual que las jornadas del a\u00f1o anterior, en esta oportunidad la agenda tem\u00e1tica tambi\u00e9n est\u00e1 abierta a las preocupaciones y enfoques m\u00e1s variados, en procura de una articulaci\u00f3n tan f\u00e9rtil como necesaria: <em>construcci\u00f3n de identidades, sujetos e instituciones en el mundo de las artes<\/em>; <em>Historia del arte, vanguardias y neo-vanguardias<\/em>; <em>Arte, memoria y g\u00e9nero<\/em>; <em>Patrimonio, gesti\u00f3n cultural y pol\u00edticas culturales<\/em>; <em>Nuevas perspectivas de an\u00e1lisis en torno a las artes y la comunicaci\u00f3n<\/em>; <em>Teor\u00eda y filosof\u00eda de las artes<\/em>.<\/p>\n<p>Adem\u00e1s, en funci\u00f3n de la situaci\u00f3n sanitaria en la que nos encontramos, las Jornadas mantendr\u00e1n el formato de encuentro virtual con el compromiso de sostener los espacios de discusi\u00f3n entre todos los participantes.<\/p>\n<div class=\"container-newsbutton\">\n<a class=\"cdab-newsbuttonlink\" href=\"http:\/\/www.arte.unicen.edu.ar\/cdab\/wp-content\/uploads\/2021\/05\/xii-jinhap-circular2.pdf\" target=\"_blank\" rel=\"noopener noreferrer\"><div class=\"cdab-pdf-newsbutton\">SEGUNDA CIRCULAR JINHAP 2021<\/div><\/a>\n<\/div>\n<hr style=\"margin-bottom: 25px;\"\/>\n<p><img loading=\"lazy\" decoding=\"async\" width=\"170\" height=\"170\" class=\"alignleft size-full wp-image-4077\" style=\"border: 0px; border-radius: 170px; margin-bottom: 30px;\" src=\"http:\/\/www.arte.unicen.edu.ar\/cdab\/wp-content\/uploads\/2021\/05\/desmontajes-podcast.jpg\" alt=\"Desmontajes. Un podcast de Teatro\" title=\"Desmontajes. Un podcast de Teatro\" \/><h3>Desmontajes. Un podcast de Teatro<\/h3><\/p><p>Una nueva propuesta de formato podcast en clave teatral. <strong>Desmontajes<\/strong> es impulsado por el grupo IPROCAE (Investigaci\u00f3n de Procesos Creativos en Artes Esc\u00e9nicas), conformado por artistas-docentes-investigadorxs de la <a href=\"http:\/\/www.arte.unicen.edu.ar\" target=\"_blank\" rel=\"noopener noreferrer\">Facultad de Arte<\/a>.<\/p>\n<p><strong>Desmontajes<\/strong> invita a escuchar di\u00e1logos sobre la intimidad de los procesos creativos en teatro, con episodios mensuales que abarcar\u00e1n diversos aspectos de la puesta en escena a trav\u00e9s de los relatos de sus hacedores. Dirigido y editado por Guillermo Dillon, con locuci\u00f3n de Yanina L\u00f3pez y producci\u00f3n del <a href=\"http:\/\/www.arte.unicen.edu.ar\/secretarias\/investigacion-posgrado\/nucleos\/cid\" target=\"_blank\" rel=\"noopener noreferrer\">Centro de Investigaciones Dram\u00e1ticas (CID)<\/a>.<\/p>\n<p>En el primer episodio Pablo Bas reflexiona sobre la m\u00fasica en escena, el dise\u00f1o sonoro y la m\u00fasica original en relaci\u00f3n a su trabajo en la obra <em>Los Descendientes<\/em> dirigida por Julia Lavatelli.<\/p>\n<div class=\"container-newsbutton\"><a class=\"cdab-newsbuttonlink\" href=\"https:\/\/open.spotify.com\/show\/2Pgd83imFnXTxhTsItmHX4?si=4suaLnBDRmupopfrbZmSBw\" target=\"_blank\" rel=\"noopener noreferrer\"><div class=\"cdab-spotify-newsbutton\">ESCUCHAR EN SPOTIFY<\/div><\/a><a class=\"cdab-newsbuttonlink\" href=\"https:\/\/www.spreaker.com\/show\/desmontajes\" target=\"_blank\" rel=\"noopener noreferrer\" style=\"margin-left: 50px;\"><div class=\"cdab-web-newsbutton\">ESCUCHAR EN SPREAKER<\/div><\/a><\/div>\n<\/div><\/div>\n\n<div id=\"libros\" class=\"csvv-right2021\">\n<div class=\"csvv-card2021\"><div class=\"cdab-especial-covid19-card-icon libros\"><i class=\"fa fa-book\" aria-hidden=\"true\" style=\"margin-left: 3px;\"><\/i><\/div><div class=\"cdab-especial-covid19-card-title libros\">LIBROS<\/div>\n<p><img decoding=\"async\" class=\"cdab-tapa-instidentpoet-index publicacion-tapa\" title=\"Puesta en memoria. Siete mon\u00f3logos\" src=\"http:\/\/www.arte.unicen.edu.ar\/cdab\/wp-content\/uploads\/2021\/05\/puestamemoriamonologos-tapa.jpg\" alt=\"Puesta en memoria. Siete mon\u00f3logos\" style=\"width: 220px; height: 302px; float: right; border: 10px solid #fff; box-shadow: 0 0 5px rgba(0, 0, 0, 0.1); -webkit-box-shadow: 0 0 5px rgba(0, 0, 0, 0.1); -moz-box-shadow: 0 0 5px rgba(0, 0, 0, 0.1); display: block; margin: 0px 0px 22px 22px;\"\/><\/p><h3>Puesta en memoria. Siete mon\u00f3logos<\/h3><p><strong>Manuel Maccarini<br \/>2020. 109 p\u00e1ginas. 22 x 15 cm. Editorial INTeatro<\/strong><\/p><p>Si decimos mon\u00f3logo, r\u00e1pidamente pensamos en una persona hablando de s\u00ed mismo, ya sea con objetos, con otros seres imaginarios o, en ciertas ocasiones, interpelando directamente al espectador. Esto es una estructura narrativa directa, que m\u00e1s all\u00e1 de los artificios t\u00e9cnicos, dif\u00edcilmente pueda eludir la linealidad de un yo a un t\u00fa. Pero lo cierto es que entre ese yo y ese t\u00fa hay una combinatoria de realidades irreductibles, y que ya no es posible aceptar que un actor por m\u00e1s solo que est\u00e9 en un escenario d\u00e9 sentido solamente a las palabras del personaje sin conectar con una experiencia inmediata con el espectador. No lo acepta el espectador de hoy que viene recubierto de sentidos, vestido no ya con elegantes ropas, sino envuelto en girones de ficciones socio-pol\u00edticas.<\/p> <p>Entonces, ese actor y ese espectador que antes soportaban su papel de estar solos con las c\u00f3modas convenciones que el teatro les permit\u00eda, se miran, expectantes uno del otro, con la esperanza de detectar qui\u00e9n porta la mayor cuota de verdad. Descubren que mientras han juntado los cuerpos se les ha escapado el alma, que \u00e9sta anda volando en las palabras que escucharon antes de la funci\u00f3n: la \u00faltima teor\u00eda conspirativa del conductor de TV, o la \u00faltima crisis anunciada con cariz c\u00f3mico por un pol\u00edtico. Ambos van cazando fantasmas para vestir los discursos de una realidad que no es universal, que es la de este pa\u00eds llamado Argentina, la de su ser\/estar de espectador solo, de actor solo, y as\u00ed se van juntando hasta llegar al gran espacio ficcional que trabaja como realidad.<\/p>\n<div class=\"container-newsbutton\">\n<a class=\"cdab-newsbuttonlink\" href=\"http:\/\/inteatro.gob.ar\/Files\/Publicaciones\/2247\/PUESTA%20EN%20MEMORIA.%20SIETE%20MONOLOGOS%20(1).pdf\" target=\"_blank\" rel=\"noopener noreferrer\"><div class=\"cdab-pdf-newsbutton\">DESCARGAR E-BOOK<\/div><\/a>\n<\/div>\n<hr style=\"margin-bottom: 25px;\"\/>\n<p><img decoding=\"async\" class=\"cdab-tapa-instidentpoet-index publicacion-tapa\" title=\"Panorama Escena. P\u00fablicos y audiencias esc\u00e9nicas 2019\/2020\" src=\"http:\/\/www.arte.unicen.edu.ar\/cdab\/wp-content\/uploads\/2021\/04\/panoramaescena-tapa.jpg\" alt=\"Panorama Escena. P\u00fablicos y audiencias esc\u00e9nicas 2019\/2020\" style=\"width: 220px; height: 302px; float: right; border: 10px solid #fff; box-shadow: 0 0 5px rgba(0, 0, 0, 0.1); -webkit-box-shadow: 0 0 5px rgba(0, 0, 0, 0.1); -moz-box-shadow: 0 0 5px rgba(0, 0, 0, 0.1); display: block; margin: 0px 0px 22px 22px;\"\/><\/p><h3>Panorama Escena. P\u00fablicos y audiencias esc\u00e9nicas 2019\/2020<\/h3><p><strong>Sabrina Cassini<br \/>2021. 46 p\u00e1ginas. Formar Cultura<\/strong><\/p><p>Una radiograf\u00eda de nuestros p\u00fablicos y audiencias, pre-pandemia y en contexto de COVID-19. Un estudio fundamental para conocer, proyectar y pensar modos m\u00e1s eficaces de gesti\u00f3n de las obras esc\u00e9nicas, las salas y pol\u00edticas p\u00fablicas que favorezcan y regulen el desarrollo del sector.<\/p><p>A partir de la investigaci\u00f3n realizada por el equipo de Panorama Escena 2020 (Cassini, Paredes, S\u00e1nchez, D\u00edaz) llega este nuevo informe de Sabrina Cassini donde desarrolla los resultados.<\/p>\n<div class=\"container-newsbutton\" style=\"margin-top: 10px;\">\n<a class=\"cdab-newsbuttonlink\" href=\"https:\/\/formar.cultura.gob.ar\/media\/2021__Cassini__PANORAMA_ESCENA_III_P%C3%BAblicos_y_Audiencias_2019-2020_2-comprimido.pdf\" target=\"_blank\" rel=\"noopener noreferrer\"><div class=\"cdab-pdf-newsbutton\">DESCARGAR E-BOOK<\/div><\/a>\n<\/div>\n<hr style=\"margin-bottom: 25px;\"\/>\n<p><img decoding=\"async\" class=\"cdab-tapa-instidentpoet-index publicacion-tapa\" title=\"Di\u00e1logos entre el teatro obrero y el teatro independiente\" src=\"http:\/\/www.arte.unicen.edu.ar\/cdab\/wp-content\/uploads\/2021\/05\/teatroobreroindependiente-tapa.jpg\" alt=\"Di\u00e1logos entre el teatro obrero y el teatro independiente\" style=\"width: 220px; height: 302px; float: right; border: 10px solid #fff; box-shadow: 0 0 5px rgba(0, 0, 0, 0.1); -webkit-box-shadow: 0 0 5px rgba(0, 0, 0, 0.1); -moz-box-shadow: 0 0 5px rgba(0, 0, 0, 0.1); display: block; margin: 0px 0px 22px 22px;\"\/><\/p><h3>Di\u00e1logos entre el teatro obrero y el teatro independiente<\/h3><p><strong>Carlos Fos<br \/>2020. 113 p\u00e1ginas. Centro Latinoamericano de Creaci\u00f3n e Investigaci\u00f3n Teatral (CELCIT)<\/strong><\/p><p>La vida del teatro obrero fue activa y con una intensidad de producci\u00f3n destacada, a\u00fan en comparaci\u00f3n con otros espacios de realizaci\u00f3n esc\u00e9nica de la \u00e9poca. Compart\u00edan una concepci\u00f3n del arte sin fronteras ni tranqueras, donde todos pod\u00edan y deb\u00edan participar como p\u00fablico activo o como creadores.Rescatar la actividad de los cuadros obreros clasistas, hijos de la gran inmigraci\u00f3n, permite sumar a las periodizaciones existentes un espacio cubierto por la espesura de la negaci\u00f3n. Y junto con esta acci\u00f3n, emprender un sendero que nos permita establecer las relaciones y puntos comunes con el movimiento independiente. Ambos compartieron, desde una mirada profunda de lo pol\u00edtico, principios \u00e9ticos muy claros que fueron rectores de su hacer, dos maneras de encarar un teatro de raigambre militante, entrelazados por conductas \u00e9ticas que no negociaron.<\/p>\n<div class=\"container-newsbutton\">\n<a class=\"cdab-newsbuttonlink\" href=\"https:\/\/www.celcit.org.ar\/bajar\/typ\/041\" target=\"_blank\" rel=\"noopener noreferrer\"><div class=\"cdab-pdf-newsbutton\">DESCARGAR E-BOOK<\/div><\/a>\n<\/div>\n<hr style=\"margin-bottom: 25px;\"\/>\n<p><img decoding=\"async\" class=\"cdab-tapa-instidentpoet-index publicacion-tapa\" title=\"Gu\u00eda Pr\u00e1ctica de Accesibilidad Cultural. Estrategias y herramientas para la diversidad funcional\" src=\"http:\/\/www.arte.unicen.edu.ar\/cdab\/wp-content\/uploads\/2021\/04\/accesibilidadcultural-tapa.jpg\" alt=\"Gu\u00eda Pr\u00e1ctica de Accesibilidad Cultural. Estrategias y herramientas para la diversidad funcional\" style=\"width: 220px; height: 302px; float: right; border: 10px solid #fff; box-shadow: 0 0 5px rgba(0, 0, 0, 0.1); -webkit-box-shadow: 0 0 5px rgba(0, 0, 0, 0.1); -moz-box-shadow: 0 0 5px rgba(0, 0, 0, 0.1); display: block; margin: 0px 0px 22px 22px;\"\/><\/p><h3>Gu\u00eda Pr\u00e1ctica de Accesibilidad Cultural. Estrategias y herramientas para la diversidad funcional<\/h3><p><strong>Mar\u00eda Soledad Delgado, Viviana Susena<br \/>2018. 45 p\u00e1ginas. Formar Cultura<\/strong><\/p><p>El objetivo de esta gu\u00eda es plantear un abordaje sobre la accesibilidad desde una perspectiva cultural: producir los contenidos de las industrias culturales de manera que sean accesibles para todas las personas bajo el concepto de diversidad funcional. Entendemos &#8220;accesibilidad cultural&#8221; como un puente fundamental para facilitar el encuentro y participaci\u00f3n de todas las personas en igualdad de oportunidades. Es por esto que proponemos ampliar la mirada brindando una instancia de reflexi\u00f3n para acercamos y naturalizar lo diverso, un recorrido por lo conocido con la posibilidad de ser le\u00eddo en otros lenguajes. Brindaremos conceptos y herramientas sobre cada una de las industrias culturales que permitir\u00e1n desarrollar estrategias para abordar un proceso que nos incluya a todos.<\/p>\n<div class=\"container-newsbutton\">\n<a class=\"cdab-newsbuttonlink\" href=\"https:\/\/drive.google.com\/file\/d\/1VM_i6Buf3aO3-4DBY7j_xiZ7HKuBY9AG\/view\" target=\"_blank\" rel=\"noopener noreferrer\"><div class=\"cdab-drive-newsbutton\">DESCARGAR E-BOOK<\/div><\/a>\n<\/div>\n<hr style=\"margin-bottom: 25px;\"\/>\n<p><img decoding=\"async\" class=\"cdab-tapa-instidentpoet-index publicacion-tapa\" title=\"\u00bfQu\u00e9 ser\u00e1 del cine?&#x200d; Postales para el futuro\" src=\"http:\/\/www.arte.unicen.edu.ar\/cdab\/wp-content\/uploads\/2021\/04\/queseracine-tapa.jpg\" alt=\"\u00bfQu\u00e9 ser\u00e1 del cine?&#x200d; Postales para el futuro\" style=\"width: 220px; height: 302px; float: right; border: 10px solid #fff; box-shadow: 0 0 5px rgba(0, 0, 0, 0.1); -webkit-box-shadow: 0 0 5px rgba(0, 0, 0, 0.1); -moz-box-shadow: 0 0 5px rgba(0, 0, 0, 0.1); display: block; margin: 0px 0px 22px 22px;\"\/><\/p><h3>\u00bfQu\u00e9 ser\u00e1 del cine?&#x200d; Postales para el futuro<\/h3><p><strong>Cecilia Barrionuevo, Marcelo Alderete (comps.)<br \/>2020. 256 p\u00e1ginas. 21 x 14 cm. Instituto Nacional de Cine y Artes Audiovisuales (INCAA)<\/strong><\/p><p>Este libro reflexiona sobre todos aquellos cambios que durante 2020 impactaron de lleno en la vida de las personas cuyo d\u00eda a d\u00eda gira en torno al cine, de ambos lados de la pantalla. La pauta fue que deb\u00eda tratarse de un libro plural y sin fronteras que funcionara como un mapa mundial del estado de las cosas. Solo  as\u00ed, el resultado de esta reflexi\u00f3n podr\u00eda aventurarse a tomarle el pulso a la inestabilidad del presente.<\/p>\n<p>Pensado como una cr\u00f3nica de estos tiempos tan quietos como tumultuosos, escribieron (pero tambi\u00e9n dibujaron o enviaron im\u00e1genes o fotograf\u00edas) colegas, amigos y amigas de distintas partes del mundo con el objetivo de indagar sobre lo que creen que ocurrir\u00e1 con el mundo del cine desde cada una de sus actividades una vez que todo esto pase. <em>\u00bfQu\u00e9 ser\u00e1 del cine?<\/em> fue la pregunta que arrojamos al mar de la virtualidad ampliando el significado de la palabra &#8220;cine&#8221; a todas las actividades que lo rodean: desde la realizaci\u00f3n hasta la distribuci\u00f3n, y desde la cr\u00edtica hasta la programaci\u00f3n. Los materiales resultaron ser diversos y fant\u00e1sticos, reafirmando que el cine en todas sus formas y manifestaciones es un arte colectivo, diverso, rico, comunitario y cercano; una herramienta indispensable para pensar el presente y para dibujar un futuro.<\/p><p><em>\u00bfQu\u00e9 ser\u00e1 del cine? Postales para el futuro<\/em> es, por su propia naturaleza colectiva, una obra expansiva cuyo inter\u00e9s radica m\u00e1s en la incertidumbre de una comunidad que en las certezas, ante un momento in\u00e9dito, tambi\u00e9n, en la historia del medio cinematogr\u00e1fico. Una suerte de collage de im\u00e1genes y textos que imaginan horizontes posibles, que recuerdan rodajes y revisitan pel\u00edculas distribuidas de formas inusitadas, que se\u00f1alan peque\u00f1os milagros y esos breves destellos de  belleza vistos ocasionalmente (s\u00ed: el esp\u00edritu de Jonas Mekas atraviesa estas p\u00e1ginas) en los lugares menos pensados. Este volumen es, en definitiva, un manual extra\u00f1o -a mitad de camino entre un libro de autoayuda cin\u00e9filo y un manifiesto internacional- sobre la importancia de seguir trabajando y creando nuevos espacios para reunirse, pensar juntos, ver pel\u00edculas y discutir. Para seguir resistiendo y apostando a lo que vendr\u00e1.<\/p>\n<div class=\"container-newsbutton\">\n<a class=\"cdab-newsbuttonlink\" href=\"https:\/\/www.mardelplatafilmfest.com\/beta35\/libros\/queseradelcine.pdf\" target=\"_blank\" rel=\"noopener noreferrer\"><div class=\"cdab-pdf-newsbutton\">DESCARGAR E-BOOK<\/div><\/a>\n<\/div>\n<hr style=\"margin-bottom: 25px;\"\/>\n<p><img decoding=\"async\" class=\"cdab-tapa-instidentpoet-index publicacion-tapa\" title=\"El asombro y la audacia. El cine de Mar\u00eda Luisa Bemberg\" src=\"http:\/\/www.arte.unicen.edu.ar\/cdab\/wp-content\/uploads\/2021\/04\/asombrobemberg-tapa.jpg\" alt=\"El asombro y la audacia. El cine de Mar\u00eda Luisa Bemberg\" style=\"width: 220px; height: 302px; float: right; border: 10px solid #fff; box-shadow: 0 0 5px rgba(0, 0, 0, 0.1); -webkit-box-shadow: 0 0 5px rgba(0, 0, 0, 0.1); -moz-box-shadow: 0 0 5px rgba(0, 0, 0, 0.1); display: block; margin: 0px 0px 22px 22px;\"\/><\/p><h3>El asombro y la audacia. El cine de Mar\u00eda Luisa Bemberg<\/h3><p><strong>Julia Kratje, Marcela Visconti (comps.)<br \/>2020. 208 p\u00e1ginas. Instituto Nacional de Cine y Artes Audiovisuales (INCAA)<\/strong><\/p><p>El libro se despliega, justamente, como una urdimbre y como una trama, una maquinaci\u00f3n, una manera posible de aproximar relatos, recuerdos y reflexiones para presentar algunas dimensiones de Mar\u00eda Luisa Bemberg, de su trabajo, de sus ideas. Las secciones que lo componen -Enfoques, Encuentros, Espejos, Entre generaciones, enlazadas por fotograf\u00edas y materiales de  archivo\u2013 organizan un amplio repertorio de voces. Amigas, cineastas, compa\u00f1eras de trabajo, de militancia, cin\u00e9filas, feministas, investigadoras, escritoras, cr\u00edticas y artistas evocan su labor, cuentan an\u00e9cdotas de trayectos compartidos y piensan las repercusiones de sus pel\u00edculas en un presente agitado por reivindicaciones y rescates de figuras pioneras y de  perspectivas desde\u00f1adas por el canon cinematogr\u00e1fico. Sucede que, como ense\u00f1a  Clara Fontana, &#8220;a medida que las mujeres hacen cine, producen cine, dirigen cine, su propia toma de conciencia, por el enfrentamiento con el patr\u00f3n  cinematogr\u00e1fico vigente, est\u00e1 aportando un cambio en la concepci\u00f3n  misma de los conflictos humanos&#8221;. Laszonas dispuestas en el libro urden ecos, tensiones e intercambios unas con otras. Trazan un itinerario posible -abierto, exploratorio, vibrante- que admite saltos, idas y vueltas. En sus cruces, superposiciones, \u00e9nfasis y l\u00edneas de fuga, las diferentes entradas ofrecen,  en conjunto, menos un retrato acabado que un abanico de facetas y de perfiles &#8220;que va creando una trama, un ca\u00f1amazo que se va armando&#8221;, tal como Bemberg misma defini\u00f3 el proceso creativo al momento de escribir sus guiones. As\u00ed, los registros, los testimonios, las proyecciones y los estudios sobre  Mar\u00eda Luisa Bemberg pueden entreverarse y volver a agruparse, recomponiendo fragmentos, uniendo intervalos, inventando recortes y nuevos montajes.<\/p>\n<div class=\"container-newsbutton\">\n<a class=\"cdab-newsbuttonlink\" href=\"https:\/\/www.mardelplatafilmfest.com\/beta35\/libros\/elasombroylaaudacia.pdf\" target=\"_blank\" rel=\"noopener noreferrer\"><div class=\"cdab-pdf-newsbutton\">DESCARGAR E-BOOK<\/div><\/a>\n<\/div>\n<hr style=\"margin-bottom: 25px;\"\/>\n<p><img decoding=\"async\" class=\"cdab-tapa-instidentpoet-index publicacion-tapa\" title=\"Atlas Cultural de la Argentina\" src=\"http:\/\/www.arte.unicen.edu.ar\/cdab\/wp-content\/uploads\/2021\/04\/atlasculturalar-tapa.jpg\" alt=\"Atlas Cultural de la Argentina\" style=\"width: 220px; height: 302px; float: right; border: 10px solid #fff; box-shadow: 0 0 5px rgba(0, 0, 0, 0.1); -webkit-box-shadow: 0 0 5px rgba(0, 0, 0, 0.1); -moz-box-shadow: 0 0 5px rgba(0, 0, 0, 0.1); display: block; margin: 0px 0px 22px 22px;\"\/><\/p><h3>Atlas Cultural de la Argentina<\/h3><p><strong>AA.VV.<br \/>2014. 236 p\u00e1ginas. Secretar\u00eda de Cultura de la Naci\u00f3n<\/strong><\/p><p>El Sistema de Informaci\u00f3n Cultural de la Argentina (SINCA), creado en el a\u00f1o 2006 en el \u00e1mbito de la Direcci\u00f3n Nacional de Industrias Culturales de la Secretar\u00eda de Cultura de la Naci\u00f3n, tiene como prop\u00f3sito la producci\u00f3n de informaci\u00f3n v\u00e1lida, confiable y actualizada sobre cada uno de los sectores de la cultura de nuestro pa\u00eds. En el a\u00f1o 2011, la Direcci\u00f3n Nacional de Industrias Culturales llev\u00f3 a cabo el primer Mercado de Industrias Culturales Argentinas (MICA) en la Ciudad de Buenos Aires. Al a\u00f1o  siguiente, con el objetivo de federalizar esta iniciativa, se realizaron los premica regionales en el NOA, el NEA, la regi\u00f3n Centro, Cuyo, Patagonia y Buenos Aires. En consonancia, el SINCA present\u00f3 Relieve Cultural. Cartograf\u00eda y estad\u00edsticas culturales de la Argentina en seis fasc\u00edculos organizadospor  regiones culturales, que sirvieron de puntapi\u00e9 inicial para la elaboraci\u00f3n de la publicaci\u00f3n que aqu\u00ed se presenta.<\/p><p><strong>El atlas cultural de la argentina<\/strong>, suerte de s\u00edntesis y compendio de la labor del SINCA hasta la  actualidad, se nutre  de la experiencia de los MICA y los premica realizados a lo largo y a lo ancho del pa\u00eds. Con el horizonte de federalizar la presencia del Estado nacional, poner en valor, articular y expandir la potencia creativa que se vive en cada regi\u00f3n del pa\u00eds, se realiza aqu\u00ed un recorrido exhaustivo por las diversas realidades culturales que se encuentran en todo el territorio nacional.<\/p>\n<div class=\"container-newsbutton\">\n<a class=\"cdab-newsbuttonlink\" href=\"https:\/\/rma.cultura.gob.ar\/publicaciones\/AAVV_2014_Atlas_Cultural_de_la_Argentina_Secretaria_de_Cultura_de_la_Presidencia_de_la_Nacion.pdf\" target=\"_blank\" rel=\"noopener noreferrer\"><div class=\"cdab-pdf-newsbutton\">DESCARGAR E-BOOK<\/div><\/a>\n<\/div>\n<hr style=\"margin-bottom: 25px;\"\/>\n<p><img decoding=\"async\" class=\"cdab-tapa-instidentpoet-index publicacion-tapa\" title=\"La palabra encendida. Conversaciones con Dora Barrancos, feminista en acci\u00f3n\" src=\"http:\/\/www.arte.unicen.edu.ar\/cdab\/wp-content\/uploads\/2021\/05\/palabraencendida-tapa.jpg\" alt=\"La palabra encendida. Conversaciones con Dora Barrancos, feminista en acci\u00f3n\" style=\"width: 220px; height: 302px; float: right; border: 10px solid #fff; box-shadow: 0 0 5px rgba(0, 0, 0, 0.1); -webkit-box-shadow: 0 0 5px rgba(0, 0, 0, 0.1); -moz-box-shadow: 0 0 5px rgba(0, 0, 0, 0.1); display: block; margin: 0px 0px 22px 22px;\"\/><\/p><h3>La palabra encendida. Conversaciones con Dora Barrancos, feminista en acci\u00f3n<\/h3><p><strong>Patricia Sep\u00falveda (comp.)<br \/>2020. 143 p\u00e1ginas. Departamento de Ciencias Sociales, Unidad de Publicaciones, UNQ<\/strong><\/p><p>Este libro constituye un mosaico, un carnaval de palabras producto de charlas con la reconocida acad\u00e9mica y feminista Dora Barrancos. Festiva a veces, aguerrida en alg\u00fan caso, atravesada por una profunda tristeza en otro, di\u00e1fana y potente en todas ellas, nos habla y habla con otres de diversos temas.<\/p>\n<p>Maestra de generosidad infinita, esa que se derrama sin pensar, sin regateo. Militante de todas las causas sociales, aquellas que alojan y ampl\u00edan derechos para todas, todos y todes. Poseedora, como ella misma dice, de un optimismo impenitente. Capaz de abogar por la extinci\u00f3n de todas las subordinaciones, convocar a los varones a sacudirse el yugo patriarcal y promover la solidaridad con los interpelados.<\/p>\n<p>La palabra encendida\u2026 nos acerca a sus reflexiones, siempre l\u00facidas, siempre necesarias. En estas p\u00e1ginas se despliega la agenda feminista y se encaran temas actuales no solo para las mujeres y las disidencias, sino para una sociedad que pretendemos m\u00e1s equitativa y democr\u00e1tica.<\/p>\n<div class=\"container-newsbutton\">\n<a class=\"cdab-newsbuttonlink\" href=\"http:\/\/unidaddepublicaciones.web.unq.edu.ar\/wp-content\/uploads\/sites\/46\/2020\/12\/Sepulveda-dig.pdf\" target=\"_blank\" rel=\"noopener noreferrer\"><div class=\"cdab-pdf-newsbutton\">DESCARGAR E-BOOK<\/div><\/a>\n<\/div>\n<\/div><\/div>\n\n<div id=\"revistasacad\" class=\"csvv-right2021\">\n<div class=\"csvv-card2021\"><div class=\"cdab-especial-covid19-card-icon revistas\"><i class=\"fa fa-file-text-o\" aria-hidden=\"true\" style=\"margin-left: 3px;\"><\/i><\/div><div class=\"cdab-especial-covid19-card-title revistas\">REVISTAS ACAD\u00c9MICAS<\/div>\n<p><img decoding=\"async\" class=\"cdab-tapa-instidentpoet-index publicacion-tapa\" title=\"Teatro XXI\" src=\"http:\/\/www.arte.unicen.edu.ar\/cdab\/wp-content\/uploads\/2021\/05\/teatroxxi-tapa.jpg\" alt=\"Teatro XXI\" style=\"width: 302px; height: 220px; float: right; border: 10px solid #fff; box-shadow: 0 0 5px rgba(0, 0, 0, 0.1); -webkit-box-shadow: 0 0 5px rgba(0, 0, 0, 0.1); -moz-box-shadow: 0 0 5px rgba(0, 0, 0, 0.1); display: block; margin: 0px 0px 22px 22px;\"\/><h3>Teatro XXI<\/h3><\/p><p><strong><u>Directora:<\/u> Marina Sikora<br \/>2020. GETEA, Facultad de Filosof\u00eda y Letras, Universidad de Buenos Aires<\/strong><\/p><p><a href=\"http:\/\/revistascientificas.filo.uba.ar\/index.php\/teatroxxi\" target=\"_blank\" rel=\"noopener noreferrer\">Teatro XXI<\/a> es una revista del <a href=\"https:\/\/ihaal.institutos.filo.uba.ar\/getea\" target=\"_blank\" rel=\"noopener noreferrer\">GETEA (Grupo de Estudios de Teatro Argentino e Iberoamericano)<\/a> que funciona en el \u00c1rea de Investigaci\u00f3n Teatral del Instituto de Historia del Arte Argentino y Latinoamericano de la <a href=\"http:\/\/www.filo.uba.ar\" target=\"_blank\" rel=\"noopener noreferrer\">Facultad de Filosof\u00eda y Letras<\/a> (<a href=\"http:\/\/www.uba.ar\" target=\"_blank\" rel=\"noopener noreferrer\">UBA<\/a>). Surgi\u00f3 en 1995 y tiene una periodicidad de publicaci\u00f3n semestral. En sus diversos n\u00fameros ha abordado el estudio del teatro viendo c\u00f3mo la serie social se filtra no s\u00f3lo en la producci\u00f3n art\u00edstica propiamente dicha, sino tambi\u00e9n en su circulaci\u00f3n y recepci\u00f3n, tratando de dar cuenta de las relaciones entre la \nescena y la comunidad.<\/p>\n<div class=\"container-newsbutton\">\n<a class=\"cdab-newsbuttonlink\" href=\"http:\/\/revistascientificas.filo.uba.ar\/index.php\/teatroxxi\" target=\"_blank\" rel=\"noopener noreferrer\"><div class=\"cdab-web-newsbutton\">ACCEDER A TEATRO XXI<\/div><\/a><\/div>\n<hr style=\"margin-bottom: 25px;\"\/>\n<p><img decoding=\"async\" class=\"cdab-tapa-instidentpoet-index publicacion-tapa\" title=\"TELOS. Revista de Pensamiento, Sociedad y Tecnolog\u00eda\" src=\"http:\/\/www.arte.unicen.edu.ar\/cdab\/wp-content\/uploads\/2021\/05\/telos-tapa.jpg\" alt=\"TELOS. Revista de Pensamiento, Sociedad y Tecnolog\u00eda\" style=\"width: 220px; height: 302px; float: right; border: 10px solid #fff; box-shadow: 0 0 5px rgba(0, 0, 0, 0.1); -webkit-box-shadow: 0 0 5px rgba(0, 0, 0, 0.1); -moz-box-shadow: 0 0 5px rgba(0, 0, 0, 0.1); display: block; margin: 0px 0px 22px 22px;\"\/><h3>TELOS. Revista de Pensamiento, Sociedad y Tecnolog\u00eda<\/h3><\/p><p><strong><u>Coordinador:<\/u> Javier Moya<br \/>2021. Fundaci\u00f3n Telef\u00f3nica<\/strong><\/p><p><a href=\"https:\/\/telos.fundaciontelefonica.com\/revista\" target=\"_blank\" rel=\"noopener noreferrer\">TELOS<\/a> se enmarca en las actividades del \u00c1rea de Conocimiento en Red de Fundaci\u00f3n Telef\u00f3nica, encargada de la creaci\u00f3n, el debate y la divulgaci\u00f3n del conocimiento. Aspira a ser una revista de referencia en espa\u00f1ol para Latinoam\u00e9rica en el \u00e1mbito de las Ciencias Sociales, la Comunicaci\u00f3n y la Cultura en la Sociedad Digital, atenta a los avances tecnol\u00f3gicos y cient\u00edficos.<\/p>\n<p><a href=\"https:\/\/telos.fundaciontelefonica.com\/revista\" target=\"_blank\" rel=\"noopener noreferrer\">TELOS<\/a> est\u00e1 incluida en los \u00edndices internacionales y nacionales Latindex, Revistas Espa\u00f1olas de Ciencias Sociales (CSIC\/CINDOC), E-Revistas y RESH y European Reference Index for the Humanities (ERIH). Hasta 1997 fue editada por Fundesco (Fundaci\u00f3n para el Desarrollo de la Funci\u00f3n Social de las Comunicaciones). Orient\u00f3 sus p\u00e1ginas hacia el estudio de las consecuencias sociales, culturales y comunicativas de la innovaci\u00f3n tecnol\u00f3gica. En 2002, inici\u00f3 su segunda etapa en un esfuerzo de adaptaci\u00f3n a las transformaciones que se hab\u00edan producido en las nuevas tecnolog\u00edas y nuevas redes de informaci\u00f3n y comunicaci\u00f3n.<\/p>\n<p>La Sociedad de la Informaci\u00f3n y el Conocimiento, caracterizada por el dominio de las Tecnolog\u00edas de la Informaci\u00f3n y de la Comunicaci\u00f3n -eje del desarrollo en la recta final del siglo XX- se conjuga con sustanciales avances en la capacidad de procesamiento y el despliegue de infraestructuras de banda ancha ultrarr\u00e1pida. Convergen el progreso tecnol\u00f3gico en \u00e1mbitos como la rob\u00f3tica o la inteligencia artificial y los avances cient\u00edficos en campos como la biotecnolog\u00eda, el estudio del cerebro o la nanotecnolog\u00eda. Esa confluencia dibuja un escenario de singularidad tecnocient\u00edfica de desarrollo exponencial que alterar\u00e1 todos los \u00e1mbitos de nuestras vidas.<\/p>\n<p><a href=\"https:\/\/telos.fundaciontelefonica.com\/revista\" target=\"_blank\" rel=\"noopener noreferrer\">TELOS<\/a> aspira a ser un referente latinoamericano en el an\u00e1lisis de los cambios y en la prospectiva de lo que est\u00e1 por llegar en una sociedad interconectada y global. Los viejos mapas no sirven y el conocimiento abierto, participativo y colaborativo es imprescindible para desarrollar una nueva cultura en un mundo que se atisba apasionante.<\/p>\n<div class=\"container-newsbutton\">\n<a class=\"cdab-newsbuttonlink\" href=\"https:\/\/telos.fundaciontelefonica.com\/revista\/telos-110-enlighted\" target=\"_blank\" rel=\"noopener noreferrer\"><div class=\"cdab-web-newsbutton\">ACCEDER A TELOS<\/div><\/a><\/div>\n<hr style=\"margin-bottom: 25px;\"\/>\n<p><img decoding=\"async\" class=\"cdab-tapa-instidentpoet-index publicacion-tapa\" title=\"laFuga. Revista de cine\" src=\"http:\/\/www.arte.unicen.edu.ar\/cdab\/wp-content\/uploads\/2021\/05\/lafuga-tapa.jpg\" alt=\"laFuga. Revista de cine\" style=\"width: 220px; height: 302px; float: right; border: 10px solid #fff; box-shadow: 0 0 5px rgba(0, 0, 0, 0.1); -webkit-box-shadow: 0 0 5px rgba(0, 0, 0, 0.1); -moz-box-shadow: 0 0 5px rgba(0, 0, 0, 0.1); display: block; margin: 0px 0px 22px 22px;\"\/><h3>laFuga. Revista de cine. Dossier: Im\u00e1genes, cuerpos, algoritmos<\/h3><\/p><p><strong><u>Directora:<\/u> Carolina Urrutia<br \/>2021. Consejo Nacional de la Cultura y las Artes<\/strong><\/p><p><a href=\"https:\/\/www.lafuga.cl\" target=\"_blank\" rel=\"noopener noreferrer\">LaFuga<\/a> es una Revista de Estudios de Cine fundada el a\u00f1o 2005 en Santiago de Chile. Desde esa fecha su objetivo ha sido abrir un campo de debate y reflexi\u00f3n acad\u00e9mica, produciendo y difundiendo material in\u00e9dito de inter\u00e9s para el \u00e1mbito cultural cinematogr\u00e1fico. Hemos realizado dossiers especiales en cada n\u00famero y generado una red nacional e internacional de colaboradores que mantienen la plataforma como un espacio de difusi\u00f3n cr\u00edtica y acad\u00e9mica en torno a este \u00e1mbito de estudios.<\/p>\n<p><a href=\"https:\/\/www.lafuga.cl\" target=\"_blank\" rel=\"noopener noreferrer\">LaFuga<\/a> es una publicaci\u00f3n de actualizaci\u00f3n semestral, que funciona con comit\u00e9 editorial centralizado (nacional e internacional) que extiende invitaciones a gente perteneciente al \u00e1mbito cinematogr\u00e1fico y cultural nacional e internacional con el fin de integrar diversas \u00e1reas de escritura y an\u00e1lisis. Escriben aqu\u00ed: acad\u00e9micos e investigadores interesados en el cine como objeto de estudio, cr\u00edticos de cine y escritores, invitados destacados del \u00e1mbito cultural nacional, invitados y acad\u00e9micos del \u00e1mbito cinematogr\u00e1fico internacional, representantes de las asociaciones, sindicatos, agrupaciones e instituciones del \u00e1mbito cinematogr\u00e1fico local.<\/p>\n<div class=\"container-newsbutton\">\n<a class=\"cdab-newsbuttonlink\" href=\"https:\/\/www.lafuga.cl\" target=\"_blank\" rel=\"noopener noreferrer\"><div class=\"cdab-web-newsbutton\">ACCEDER A LAFUGA<\/div><\/a><\/div>\n<\/div><\/div>\n\n<div id=\"teatro\" class=\"csvv-right2021\">\n<div class=\"csvv-card2021\"><div class=\"cdab-especial-covid19-card-icon teatro\"><i class=\"fa fa-comments-o\" aria-hidden=\"true\"><\/i><\/div><div class=\"cdab-especial-covid19-card-title teatro\">TEATRO<\/div>\n<h3>Escena Visual Accesible | Teatro Nacional Cervantes<\/h3>\n<p><strong>Escena Visual Accesible<\/strong> es un proyecto del programa <a href=\"https:\/\/www.teatrocervantes.gob.ar\/tna_accesible\" target=\"_blank\" rel=\"noopener noreferrer\">TNC Accesible<\/a> del <a href=\"https:\/\/www.teatrocervantes.gob.ar\" target=\"_blank\" rel=\"noopener noreferrer\">Teatro Nacional Cervantes<\/a> que permite a personas ciegas y sordas disfrutar de las obras de un modo integral, adem\u00e1s del subtitulado, con int\u00e9rpretes caracterizados como personajes.<\/p>\n<p>En ese cruce aparece el trabajo de actores y actrices se\u00f1antes y su doble especificidad: <strong>comunicar con lengua de se\u00f1as de manera fluida<\/strong> y actuar los personajes que se presentan en una ficci\u00f3n. A la audiodescripci\u00f3n introductoria, la visita t\u00e1ctil previa a la funci\u00f3n, el c\u00f3digo QR para los programas de mano, el aro magn\u00e9tico y el subtitulado <em>closed caption<\/em>, se suma ahora esta nueva propuesta de accesibilidad en Lengua de Se\u00f1as Argentina (LSA) aplicado a diez obras de <a href=\"https:\/\/www.teatrocervantes.gob.ar\/noticias\/nuestro-teatro-69-obras-seleccionadas\" target=\"_blank\" rel=\"noopener noreferrer\">Nuestro Teatro<\/a>, el ciclo disponible en el canal <a href=\"https:\/\/www.youtube.com\/channel\/UC4jy_ly_xzt9ga1Qp_TfUeQ\" target=\"_blank\" rel=\"noopener noreferrer\">Cervantes online<\/a>, abierto desde comienzos de la pandemia. A diferencia de las otras modalidades, la participaci\u00f3n de actores y actrices se\u00f1antes no s\u00f3lo ampl\u00eda la accesibilidad de las personas sordas usuarias de la LSA sino que abre las puertas a la investigaci\u00f3n de otras formas visuales de la producci\u00f3n esc\u00e9nica.<\/p>\n<p>Los actores y actrices son: Yomike Gonz\u00e1lez (actor sordo); Daniela Fortunato Lynch (actriz oyente); Natalia Tesone (actriz hipoac\u00fasica); Gisela Vetrisano (int\u00e9rprete de LSA y actriz oyente); y Gabriela Bianco (actriz oyente, directora y hablante nativa de LSA) al igual que la asistente de direcci\u00f3n Karo Torre, ambas hijas de padres sordos. Los espectadores ven ambas versiones, a pantalla dividida, en formatos distintos: de un lado, la original; del otro, la versi\u00f3n con los actores se\u00f1antes, con vestuario, algo de utiler\u00eda y, seg\u00fan la obra, con o sin escenograf\u00eda.<\/p>\n<div align=\"center\" style=\"margin: 20px auto;\"><iframe loading=\"lazy\" width=\"700\" height=\"394\" src=\"https:\/\/www.youtube.com\/embed\/?listType=playlist&#038;list=PLYx5K95M3RzYm3gmg3mI6JMxA5zIAiI2H\" frameborder=\"0\" allow=\"accelerometer; autoplay; encrypted-media; gyroscope; picture-in-picture\" allowfullscreen><\/iframe><\/div>\n<hr style=\"margin-bottom: 25px;\"\/>\n<h3>P\u00e1lpitos | Centro Cultural Rojas<\/h3>\n<p>Dramaturgas y dramaturgos nos cuentan qu\u00e9 hacen cuando se detiene todo. Nos comparten las herramientas con las que estimulan sus p\u00e1lpitos. Participan: Adriana Tursi, Mariano Tenconi Blanco, Patricia Zangaro, Romina Almir\u00f3n, Alfredo Staffolani, Ariel Gurevich, Cecilia Propato, Eugenia P\u00e9rez Tomas, Fabi\u00e1n D\u00edaz, Mar\u00eda Florencia Rua, Mar\u00eda Marull, Mariana Obersztern, Mariela Asensio, Mart\u00edn Marcou, Pablo D\u2019El\u00eda, Paula Bar\u00f3, Paula Herrera N\u00f3bile, Paula Marull, Giuliana Kiersz, Ignacio Bartolone, Javier Daulte, Mariana Cumbi Bustinza, Rodrigo Arena, Santiago Loza, entre otros. Una propuesta curada por Maruja Bustamante.<\/p>\n<div align=\"center\" style=\"margin: 20px auto;\"><iframe loading=\"lazy\" width=\"700\" height=\"394\" src=\"https:\/\/www.youtube.com\/embed\/?listType=playlist&#038;list=PL95a3gueqta9rxiw7IAAwMFup3OgwdNQD\" frameborder=\"0\" allow=\"accelerometer; autoplay; encrypted-media; gyroscope; picture-in-picture\" allowfullscreen><\/iframe><\/div>\n<div class=\"container-newsbutton\">\n<a class=\"cdab-newsbuttonlink\" href=\"https:\/\/sitiorojastest.rec.uba.ar\/palpito\" target=\"_blank\" rel=\"noopener noreferrer\"><div class=\"cdab-web-newsbutton\">LEER P\u00c1LPITOS<\/div><\/a>\n<\/div>\n<hr style=\"margin-bottom: 25px;\"\/>\n<h3>Entrevistas del Ciclo Maestras 2018\/2019 | Centro Cultural Rojas<\/h3>\n<p>En el marco del Ciclo Maestras 2018 se realizaron entrevistas a grandes mujeres del teatro y en la edici\u00f3n 2019 se ampli\u00f3 a artistas visuales y escen\u00f3grafas.<\/p>\n<p>Desde <strong>Cuidado social. V\u00ednculo virtual<\/strong> compartimos los links a las publicaciones de estas entrevistas y algunos micros audiovisuales de las mismas:<\/p>\n<ul style=\"margin: 10px 20px 0px 70px;\">\n<li><a href=\"https:\/\/www.rojas.uba.ar\/storage\/books\/OkvNo6X9GDDNoRoplnHbqPlNWJrzgQ3LaDe36HlU.pdf\" target=\"_blank\" rel=\"noopener noreferrer\">Entrevista a Vivi Tellas | Ciclo Maestras 2018<\/a><\/li>\n<li><a href=\"https:\/\/www.rojas.uba.ar\/storage\/books\/Jef1HDvUNAUf8rk0CYsrT9s2Dh9cSo6o2PjgHuJ1.pdf\" target=\"_blank\" rel=\"noopener noreferrer\">Entrevista a Silvina Sabater | Ciclo Maestras 2018<\/a><\/li>\n<li><a href=\"https:\/\/www.rojas.uba.ar\/storage\/books\/796bZKNxDxOWM41SXKtfhePMwwG2F8FLym3VWCqo.pdf\" target=\"_blank\" rel=\"noopener noreferrer\">Entrevista a Nora Moseinco | Ciclo Maestras 2018<\/a><\/li>\n<li><a href=\"https:\/\/www.rojas.uba.ar\/storage\/books\/k412k30trQd8ESdAC2OVOxdp4k4YRRLEtEEqaXWq.pdf\" target=\"_blank\" rel=\"noopener noreferrer\">Entrevista a Mariana Obersztern | Ciclo Maestras 2018<\/a><\/li>\n<li><a href=\"https:\/\/www.rojas.uba.ar\/storage\/books\/GxBzV3CJHMQG197aIoh7F8E4mkzXKGFpYtSgYxzs.pdf\" target=\"_blank\" rel=\"noopener noreferrer\">Entrevista a Laura Yusem | Ciclo Maestras 2018<\/a><\/li>\n<li><a href=\"https:\/\/www.rojas.uba.ar\/storage\/books\/U0UUrc6rHbBIs4GJt9kQ6pUrCr7xq5f7RLkVbhph.pdf\" target=\"_blank\" rel=\"noopener noreferrer\">Entrevista a Cristina Moreira | Ciclo Maestras 2018<\/a><\/li>\n<li><a href=\"https:\/\/www.rojas.uba.ar\/storage\/books\/wG7jEE2EzjEONEw02TWYiY5JPXcG2hqeROtUU0dP.pdf\" target=\"_blank\" rel=\"noopener noreferrer\">Entrevista a Cristina Banegas | Ciclo Maestras 2018<\/a><\/li>\n<li><a href=\"https:\/\/www.rojas.uba.ar\/storage\/books\/k4rAKBahJNSqjUeclcudIReDcLrn9yJ8rbPrfKM5.pdf\" target=\"_blank\" rel=\"noopener noreferrer\">Entrevista a Helena Tritek | Ciclo Maestras 2018<\/a><\/li>\n<li><a href=\"https:\/\/www.rojas.uba.ar\/storage\/books\/hM9QbkRIH4s6xC6yPhdX9wCKQC77wO5jf1pcZlqW.pdf\" target=\"_blank\" rel=\"noopener noreferrer\">Entrevista a Andrea Garrote | Ciclo Maestras 2018<\/a><\/li>\n<li><a href=\"https:\/\/www.rojas.uba.ar\/storage\/books\/VsX9wo9IsxrvQWIyYnXEYSMeYX3DPvi7KxzlWrgd.pdf\" target=\"_blank\" rel=\"noopener noreferrer\">Entrevista a Norma Aleandro | Ciclo Maestras 2018<\/a><\/li>\n<li><a href=\"https:\/\/www.rojas.uba.ar\/storage\/books\/PLTbjwzgjHX6EoE3524E7XeH2HZ4OzW0NQQ8niCt.pdf\" target=\"_blank\" rel=\"noopener noreferrer\">Entrevista a Alicia Leloutre | Ciclo Maestras 2019<\/a><\/li>\n<\/ul>\n<div class=\"container-newsbutton\">\n<a class=\"cdab-newsbuttonlink\" href=\"https:\/\/www.rojas.uba.ar\/biblioteca\" target=\"_blank\" rel=\"noopener noreferrer\"><div class=\"cdab-web-newsbutton\">VER M\u00c1S EN BIBLIOTECA CENTRO CULTURAL ROJAS<\/div><\/a>\n<\/div>\n<div align=\"center\" style=\"margin: 20px auto;\"><iframe loading=\"lazy\" width=\"700\" height=\"394\" src=\"https:\/\/www.youtube.com\/embed\/W_j3zITXnag\" frameborder=\"0\" allow=\"accelerometer; autoplay; encrypted-media; gyroscope; picture-in-picture\" allowfullscreen><\/iframe><\/div>\n<div align=\"center\" style=\"margin: 20px auto;\"><iframe loading=\"lazy\" width=\"700\" height=\"394\" src=\"https:\/\/www.youtube.com\/embed\/Ojru1wGpQIg\" frameborder=\"0\" allow=\"accelerometer; autoplay; encrypted-media; gyroscope; picture-in-picture\" allowfullscreen><\/iframe><\/div>\n<div align=\"center\" style=\"margin: 20px auto;\"><iframe loading=\"lazy\" width=\"700\" height=\"394\" src=\"https:\/\/www.youtube.com\/embed\/zGilyAsroBs\" frameborder=\"0\" allow=\"accelerometer; autoplay; encrypted-media; gyroscope; picture-in-picture\" allowfullscreen><\/iframe><\/div>\n<\/div><\/div>\n\n<div id=\"audiovisual\" class=\"csvv-right2021\">\n<div class=\"csvv-card2021\"><div class=\"cdab-especial-covid19-card-icon audiovisual\"><i class=\"fa fa-film\" aria-hidden=\"true\"><\/i><\/div><div class=\"cdab-especial-covid19-card-title audiovisual\">AUDIOVISUAL<\/div>\n<p><a href=\"https:\/\/www.cinemargentino.com\/collection\/mosaico-criollo\" target=\"_blank\" rel=\"noopener noreferrer\"><img decoding=\"async\" class=\"publicacion-tapa\" src=\"http:\/\/www.arte.unicen.edu.ar\/cdab\/wp-content\/uploads\/2021\/04\/csvv-banner-mosaicocriollo.jpg\" data-fancybox=\"gallery\" data-caption=\"Cuidado social. V\u00ednculo virtual #22\"\/><\/a><\/p><p>A m\u00e1s de 100 a\u00f1os de la invenci\u00f3n del cinemat\u00f3grafo, la preservaci\u00f3n del patrimonio audiovisual es todav\u00eda una asignatura pendiente. Aunque se han hecho progresos en el sentido de la creaci\u00f3n de conciencia respecto del cine como parte de la herencia cultural nacional y de la necesidad de su conservaci\u00f3n, el desarrollo de un marco legal, la capacitaci\u00f3n profesional y la implementaci\u00f3n de pr\u00e1cticas archiv\u00edsticas modernas son a\u00fan tareas por hacerse.<\/p>\n<p><strong>Mosaico Criollo<\/strong> es un aporte significativo en ese sentido, fruto de una iniciativa sin precedentes, tanto por el rango, calidad y cantidad de material propuesto, como tambi\u00e9n porque se trata de una experiencia in\u00e9dita de colaboraci\u00f3n entre archivos p\u00fablicos y privados, instituciones estatales y empresas vinculadas a la preservaci\u00f3n de nuestro patrimonio audiovisual.<\/p>\n<div style=\"display: table; clear: both; margin-top: 25px;\">\n<div style=\"float: left; max-width: 260px; padding-left: 20px;\"><img decoding=\"async\" class=\"alignleft\" style=\"border: 0px;\" src=\"http:\/\/www.arte.unicen.edu.ar\/cdab\/wp-content\/uploads\/2021\/05\/mc-infiernochaco.jpg\" alt=\"En el infierno del Chaco\" title=\"En el infierno del Chaco\" \/><\/div>\n<div style=\"float: left; max-width: 570px;\"><h3 style=\"font-size: 16px; margin: 0px 0px 10px; line-height: 18px; background: none; border-bottom: #dbdbdb 1px dotted;\">En el infierno del Chaco<\/h3><strong>1932, Roque Funes. 54 min.<\/strong><br \/>En julio de 1932, apenas declarada la guerra entre Paraguay y Bolivia por el Chaco boreal, el director de fotograf\u00eda y cameraman Roque Funes tom\u00f3 la iniciativa de viajar al Paraguay y acompa\u00f1ar con su c\u00e1mara al ej\u00e9rcito de ese pa\u00eds durante los primeros episodios importantes del conflicto. Pocos meses m\u00e1s tarde regres\u00f3 a Buenos Aires y declar\u00f3: &#8220;Nadie puede darse una cuenta cabal de lo que es aquello. Los combates se suceden dejando un tendal de cuerpos despedazados y un ambiente rarificado por la podredumbre de los cad\u00e1veres en r\u00e1pida descomposici\u00f3n&#8221;. En cuesti\u00f3n de d\u00edas, Funes seleccion\u00f3 el material registrado, rod\u00f3 mapas y textos explicativos y compagin\u00f3 este largometraje documental.\n<div class=\"container-newsbutton\">\n<a class=\"cdab-newsbuttonlink\" href=\"https:\/\/www.cinemargentino.com\/films\/914988645-en-el-infierno-del-chaco\" target=\"_blank\" rel=\"noopener noreferrer\"><div class=\"cdab-web-newsbutton\">VER EN CINEMARGENTINO<\/div><\/a>\n<\/div><\/div>\n<\/div>\n<div style=\"display: table; clear: both; margin-top: 45px;\">\n<div style=\"float: left; max-width: 260px; padding-left: 20px;\"><img decoding=\"async\" class=\"alignleft\" style=\"border: 0px;\" src=\"http:\/\/www.arte.unicen.edu.ar\/cdab\/wp-content\/uploads\/2021\/05\/mc-revistavalleii.jpg\" alt=\"Film Revista Valle II\" title=\"Film Revista Valle II\" \/><\/div>\n<div style=\"float: left; max-width: 570px;\"><h3 style=\"font-size: 16px; margin: 0px 0px 10px; line-height: 18px; background: none; border-bottom: #dbdbdb 1px dotted;\">Film Revista Valle II<\/h3><strong>1931, Cinematograf\u00eda Valle. 10 min.<\/strong><br \/>Film Revista Valle fue uno de los noticieros cinematogr\u00e1ficos m\u00e1s significativos del cine argentino en su per\u00edodo silente. Alcanz\u00f3 m\u00e1s de 600 ediciones.\n<div class=\"container-newsbutton\">\n<a class=\"cdab-newsbuttonlink\" href=\"https:\/\/www.cinemargentino.com\/films\/914988646-film-revista-valle-ii\" target=\"_blank\" rel=\"noopener noreferrer\"><div class=\"cdab-web-newsbutton\">VER EN CINEMARGENTINO<\/div><\/a>\n<\/div><\/div>\n<\/div>\n<div style=\"display: table; clear: both; margin-top: 45px;\">\n<div style=\"float: left; max-width: 260px; padding-left: 20px;\"><img decoding=\"async\" class=\"alignleft\" style=\"border: 0px;\" src=\"http:\/\/www.arte.unicen.edu.ar\/cdab\/wp-content\/uploads\/2021\/05\/mc-quenamuerte.jpg\" alt=\"La quena de la muerte\" title=\"La quena de la muerte\" \/><\/div>\n<div style=\"float: left; max-width: 570px;\"><h3 style=\"font-size: 16px; margin: 0px 0px 10px; line-height: 18px; background: none; border-bottom: #dbdbdb 1px dotted;\">La quena de la muerte<\/h3><strong>1929, Nelo Cosimi. 67 min.<\/strong><br \/>Una mujer y su amante pasan una temporada en las sierras para recobrarse de los excesos de la vida disipada que llevan en la ciudad, pero pronto vuelven a las andadas y mientras \u00e9l procura seducir a una paisana, ella invita a un mestizo al dormitorio.<br \/>El film es b\u00e1sicamente un melodrama de celos y traiciones cruzadas pero con algunos elementos originales que ninguna otra cinematograf\u00eda se hubiera atrevido a sugerir en 1929, como la posibilidad de amores entre un indio y una mujer blanca, en los que adem\u00e1s es \u00e9sta quien toma la iniciativa. Fue una de tres pel\u00edculas que Cosimi y su equipo filmaron simult\u00e1neamente en distintas locaciones cordobesas a lo largo de cuatro meses.\n<div class=\"container-newsbutton\">\n<a class=\"cdab-newsbuttonlink\" href=\"https:\/\/www.cinemargentino.com\/films\/914988647-la-quena-de-la-muerte\" target=\"_blank\" rel=\"noopener noreferrer\"><div class=\"cdab-web-newsbutton\">VER EN CINEMARGENTINO<\/div><\/a>\n<\/div><\/div>\n<\/div>\n<div style=\"display: table; clear: both; margin-top: 45px;\">\n<div style=\"float: left; max-width: 260px; padding-left: 20px;\"><img decoding=\"async\" class=\"alignleft\" style=\"border: 0px;\" src=\"http:\/\/www.arte.unicen.edu.ar\/cdab\/wp-content\/uploads\/2021\/05\/mc-mosaicocriollo.jpg\" alt=\"Mosaico Criollo\" title=\"Mosaico Criollo\" \/><\/div>\n<div style=\"float: left; max-width: 570px;\"><h3 style=\"font-size: 16px; margin: 0px 0px 10px; line-height: 18px; background: none; border-bottom: #dbdbdb 1px dotted;\">Mosaico Criollo<\/h3><strong>1929, Eleuterio Iribarren. 9 min.<\/strong><br \/>&#8220;Revista musical&#8221; filmada, que alterna g\u00e9neros populares en cuatro escenas, cada una con su r\u00f3tulo descriptivo: Joaquina Carreras canta el aire folkl\u00f3rico &#8220;Triste est\u00e1 mi rancho&#8221; y luego Gim\u00e9nez y Su\u00e1rez (&#8220;genuinos bailarines norte\u00f1os&#8221;) se entregan a un entusiasta malambo. En seguida Julio Perceval (&#8220;deleite de los o\u00eddos porte\u00f1os&#8221;) ejecuta un solo de piano y finalmente &#8220;la graciosa int\u00e9rprete&#8221; Anita Palmero canta el tango &#8220;Botarate&#8221;, de Acu\u00f1a y De Cicco.<br \/>\nSe grab\u00f3 con un sistema de discos sincronizados, an\u00e1logo al Vitaphone de la Warner Bros., pero desarrollado en Argentina por Alfredo Mur\u00faa, que algunos a\u00f1os antes hab\u00eda inventado un micr\u00f3fono magn\u00e9tico. Esa invenci\u00f3n rindi\u00f3 una fortuna en regal\u00edas y le permiti\u00f3 fundar su propia empresa, que denomin\u00f3 S.I.D.E.: Sociedad Impresora de Discos Electrof\u00f3nicos.<br \/>\nEn 1929, tras el estreno porte\u00f1o de los primeros largometrajes sonoros norteamericanos y europeos, S.I.D.E. se vincul\u00f3 a la productora cinematogr\u00e1fica Ariel y planific\u00f3 la producci\u00f3n de una serie de cortos sonoros para exhibir en los cines como complemento.\n<div class=\"container-newsbutton\">\n<a class=\"cdab-newsbuttonlink\" href=\"https:\/\/www.cinemargentino.com\/films\/914988648-mosaico-criollo\" target=\"_blank\" rel=\"noopener noreferrer\"><div class=\"cdab-web-newsbutton\">VER EN CINEMARGENTINO<\/div><\/a>\n<\/div><\/div>\n<\/div>\n<div style=\"display: table; clear: both; margin-top: 45px;\">\n<div style=\"float: left; max-width: 260px; padding-left: 20px;\"><img decoding=\"async\" class=\"alignleft\" style=\"border: 0px;\" src=\"http:\/\/www.arte.unicen.edu.ar\/cdab\/wp-content\/uploads\/2021\/05\/mc-revistavallei.jpg\" alt=\"Film Revista Valle I\" title=\"Film Revista Valle I\" \/><\/div>\n<div style=\"float: left; max-width: 570px;\"><h3 style=\"font-size: 16px; margin: 0px 0px 10px; line-height: 18px; background: none; border-bottom: #dbdbdb 1px dotted;\">Film Revista Valle I<\/h3><strong>1926, Cinematograf\u00eda Valle. 13 min.<\/strong><br \/>Film Revista Valle fue uno de los noticieros cinematogr\u00e1ficos m\u00e1s significativos del cine argentino en su per\u00edodo silente. Alcanz\u00f3 m\u00e1s de 600 ediciones.\n<div class=\"container-newsbutton\">\n<a class=\"cdab-newsbuttonlink\" href=\"https:\/\/www.cinemargentino.com\/films\/914988649-film-revista-valle-i\" target=\"_blank\" rel=\"noopener noreferrer\"><div class=\"cdab-web-newsbutton\">VER EN CINEMARGENTINO<\/div><\/a>\n<\/div><\/div>\n<\/div>\n<div style=\"display: table; clear: both; margin-top: 45px;\">\n<div style=\"float: left; max-width: 260px; padding-left: 20px;\"><img decoding=\"async\" class=\"alignleft\" style=\"border: 0px;\" src=\"http:\/\/www.arte.unicen.edu.ar\/cdab\/wp-content\/uploads\/2021\/05\/mc-vueltabulin.jpg\" alt=\"La vuelta al bul\u00edn\" title=\"La vuelta al bul\u00edn\" \/><\/div>\n<div style=\"float: left; max-width: 570px;\"><h3 style=\"font-size: 16px; margin: 0px 0px 10px; line-height: 18px; background: none; border-bottom: #dbdbdb 1px dotted;\">La vuelta al bul\u00edn<\/h3><strong>1926, Jos\u00e9 A. Ferreyra. 20 min.<\/strong><br \/>Veh\u00edculo para el despliegue c\u00f3mico de \u00c1lvaro Escobar, quien hace las veces de opa con aires de guapo y balandra, tratando de sacarle partido a cierto valor de los arquetipos orilleros en un barrio de la Boca muy pintoresco. Su argumento central es una variaci\u00f3n humor\u00edstica de un tango casi hom\u00f3nimo, &#8220;De vuelta al bul\u00edn&#8221;, con letra de Pascual Contursi y m\u00fasica de Jos\u00e9 Mart\u00ednez, que Gardel hab\u00eda grabado en 1919.\n<div class=\"container-newsbutton\">\n<a class=\"cdab-newsbuttonlink\" href=\"https:\/\/www.cinemargentino.com\/films\/914988650-la-vuelta-al-bulin\" target=\"_blank\" rel=\"noopener noreferrer\"><div class=\"cdab-web-newsbutton\">VER EN CINEMARGENTINO<\/div><\/a>\n<\/div><\/div>\n<\/div>\n<div style=\"display: table; clear: both; margin-top: 45px;\">\n<div style=\"float: left; max-width: 260px; padding-left: 20px;\"><img decoding=\"async\" class=\"alignleft\" style=\"border: 0px;\" src=\"http:\/\/www.arte.unicen.edu.ar\/cdab\/wp-content\/uploads\/2021\/05\/mc-alazantostao.jpg\" alt=\"Mi alaz\u00e1n tostao\" title=\"Mi alaz\u00e1n tostao\" \/><\/div>\n<div style=\"float: left; max-width: 570px;\"><h3 style=\"font-size: 16px; margin: 0px 0px 10px; line-height: 18px; background: none; border-bottom: #dbdbdb 1px dotted;\">Mi alaz\u00e1n tostao<\/h3><strong>1923, Nelo Cosimi. 43 min.<\/strong><br \/>Amancio, hijo de un juez, verdadero amo y se\u00f1or de un pueblo, quiere imponer criterio de propiedad a los due\u00f1os de ranchos y caballos. Impide el desalojo del rancho familiar de Eulalia, pero con la intenci\u00f3n de tener los favores amorosos de ella. Silvestre, un forastero que llega al pueblo, conoce a Eulalia de casualidad gracias al accidente que tiene ella con el zulky. Pero \u00e9l tambi\u00e9n tendr\u00e1 problemas, ya que su caballo no tiene marca de propiedad.\n<div class=\"container-newsbutton\">\n<a class=\"cdab-newsbuttonlink\" href=\"https:\/\/www.cinemargentino.com\/films\/914988651-mi-alazan-tostao\" target=\"_blank\" rel=\"noopener noreferrer\"><div class=\"cdab-web-newsbutton\">VER EN CINEMARGENTINO<\/div><\/a>\n<\/div><\/div>\n<\/div>\n<div style=\"display: table; clear: both; margin-top: 45px;\">\n<div style=\"float: left; max-width: 260px; padding-left: 20px;\"><img decoding=\"async\" class=\"alignleft\" style=\"border: 0px;\" src=\"http:\/\/www.arte.unicen.edu.ar\/cdab\/wp-content\/uploads\/2021\/05\/mc-moscapeligros.jpg\" alt=\"La mosca y sus peligros\" title=\"La mosca y sus peligros\" \/><\/div>\n<div style=\"float: left; max-width: 570px;\"><h3 style=\"font-size: 16px; margin: 0px 0px 10px; line-height: 18px; background: none; border-bottom: #dbdbdb 1px dotted;\">La mosca y sus peligros<\/h3><strong>1920, Eduardo Mart\u00ednez de la Pera y Ernesto Gunche. 35 min.<\/strong><br \/>Una serie de im\u00e1genes aterradoras demuestran el modo en que la mosca se las arregla para transmitir toda clase de enfermedades espantosas. Al comienzo tiene el aspecto inofensivo de un documental convencional, mientras un m\u00e9dico y su asistente llevan a cabo diversas maniobras para demostrar con ejemplos pr\u00e1cticos los riesgos del temible insecto. Pero enseguida el film comienza a utilizar t\u00e9cnicas de microfotograf\u00eda para mostrar al monstruo en acci\u00f3n, contamin\u00e1ndolo todo y reproduci\u00e9ndose de manera tan abyecta como incontenible.<br \/>\nSeg\u00fan informaci\u00f3n de la \u00e9poca, el film fue parte de una serie de documentales profil\u00e1cticos sobre distintos males y se sabe que fue exhibido durante a\u00f1os en proyecciones matinales instructivas para ni\u00f1os en edad escolar, que seguramente no habr\u00e1n podido olvidarlo nunca.\n<div class=\"container-newsbutton\">\n<a class=\"cdab-newsbuttonlink\" href=\"https:\/\/www.cinemargentino.com\/films\/914988652-la-mosca-y-sus-peligros\" target=\"_blank\" rel=\"noopener noreferrer\"><div class=\"cdab-web-newsbutton\">VER EN CINEMARGENTINO<\/div><\/a>\n<\/div><\/div>\n<\/div>\n<div style=\"display: table; clear: both; margin-top: 45px;\">\n<div style=\"float: left; max-width: 260px; padding-left: 20px;\"><img decoding=\"async\" class=\"alignleft\" style=\"border: 0px;\" src=\"http:\/\/www.arte.unicen.edu.ar\/cdab\/wp-content\/uploads\/2021\/05\/mc-ultimomalon.jpg\" alt=\"El \u00faltimo mal\u00f3n\" title=\"El \u00faltimo mal\u00f3n\" \/><\/div>\n<div style=\"float: left; max-width: 570px;\"><h3 style=\"font-size: 16px; margin: 0px 0px 10px; line-height: 18px; background: none; border-bottom: #dbdbdb 1px dotted;\">El \u00faltimo mal\u00f3n<\/h3><strong>1918, Alcides Greca. 62 min.<\/strong><br \/>Cuatro a\u00f1os antes de que Robert Flaherty estrenara <em>Nanook el esquimal<\/em> el escritor Alcides Greca realiz\u00f3 en Santa F\u00e9 esta experiencia que no s\u00f3lo anticipa el cine antropol\u00f3gico sino que borra tempranamente las fronteras entre documental y ficci\u00f3n. Una primera parte describe la situaci\u00f3n de miseria a la que han sido reducidos los mocov\u00edes en el norte santafesino. La segunda parte reconstruye, en parte con sus protagonistas, el ataque al pueblo de San Javier que los mocov\u00edes lanzaron en 1904.<br \/>\n<strong>El \u00faltimo mal\u00f3n<\/strong> fue rescatado del olvido en 1956 por Fernando Birri y la Escuela Documental de Santa F\u00e9, con la exhibici\u00f3n de una copia original de 35mm., proporcionada por la familia de Alcides Greca. En 1968 el Cineclub Rosario gestion\u00f3 una reducci\u00f3n a 16mm. que fue realizada por el t\u00e9cnico Fernando Vig\u00e9vano.\n<div class=\"container-newsbutton\">\n<a class=\"cdab-newsbuttonlink\" href=\"https:\/\/www.cinemargentino.com\/films\/914988653-el-ultimo-malon\" target=\"_blank\" rel=\"noopener noreferrer\"><div class=\"cdab-web-newsbutton\">VER EN CINEMARGENTINO<\/div><\/a>\n<\/div><\/div>\n<\/div>\n<div style=\"display: table; clear: both; margin-top: 45px;\">\n<div style=\"float: left; max-width: 260px; padding-left: 20px;\"><img decoding=\"async\" class=\"alignleft\" style=\"border: 0px;\" src=\"http:\/\/www.arte.unicen.edu.ar\/cdab\/wp-content\/uploads\/2021\/05\/mc-despuesmuerta.jpg\" alt=\"Hasta despu\u00e9s de muerta\" title=\"Hasta despu\u00e9s de muerta\" \/><\/div>\n<div style=\"float: left; max-width: 570px;\"><h3 style=\"font-size: 16px; margin: 0px 0px 10px; line-height: 18px; background: none; border-bottom: #dbdbdb 1px dotted;\">Hasta despu\u00e9s de muerta<\/h3><strong>1916, Eduardo Mart\u00ednez de la pera, Ernesto Gunche y Florencio Parravicini. 73 min.<\/strong><br \/>El actor, director y aventurero Florencio Parravicini (1876-1941) ya era una leyenda argentina cuando en 1916 fue convocado por dos de los responsables de Nobleza gaucha para llevar al cine <strong>Hasta despu\u00e9s de muerta<\/strong>, una obra teatral propia. El resultado es un film en el que conviven dos tonos opuestos: por un lado, el melodrama tr\u00e1gico en un argumento de seducci\u00f3n, sacrificio y abandono; por otro, la comedia de costumbres en una extensa descripci\u00f3n de la vida cotidiana de sus protagonistas. A\u00fan sin el apoyo de su voz, Parravicini compone con eficacia su caracter\u00edstico atorrante de buen coraz\u00f3n, personaje que le era propio y que reapareci\u00f3 despu\u00e9s en su filmograf\u00eda sonora. Junto a \u00e9l se destaca Orfilia Rico, quien protagoniza algunos de los momentos m\u00e1s divertidos del film.\n<div class=\"container-newsbutton\">\n<a class=\"cdab-newsbuttonlink\" href=\"https:\/\/www.cinemargentino.com\/films\/914988654-hasta-despues-de-muerta\" target=\"_blank\" rel=\"noopener noreferrer\"><div class=\"cdab-web-newsbutton\">VER EN CINEMARGENTINO<\/div><\/a>\n<\/div><\/div>\n<\/div>\n<div style=\"display: table; clear: both; margin-top: 45px;\">\n<div style=\"float: left; max-width: 260px; padding-left: 20px;\"><img decoding=\"async\" class=\"alignleft\" style=\"border: 0px;\" src=\"http:\/\/www.arte.unicen.edu.ar\/cdab\/wp-content\/uploads\/2021\/05\/mc-actualidadesargentinas.jpg\" alt=\"Actualidades Argentinas\" title=\"Actualidades Argentinas\" \/><\/div>\n<div style=\"float: left; max-width: 570px;\"><h3 style=\"font-size: 16px; margin: 0px 0px 10px; line-height: 18px; background: none; border-bottom: #dbdbdb 1px dotted;\">Actualidades Argentinas<\/h3><strong>1913, Casa Lepage (Max Glucksmann). 10 min.<\/strong><br \/>Actualidades Argentinas fue un noticiario emblem\u00e1tico del per\u00edodo silente. Se produjeron cerca de 600 ediciones del mismo.\n<div class=\"container-newsbutton\">\n<a class=\"cdab-newsbuttonlink\" href=\"https:\/\/www.cinemargentino.com\/films\/914988655-actualidades-argentinas\" target=\"_blank\" rel=\"noopener noreferrer\"><div class=\"cdab-web-newsbutton\">VER EN CINEMARGENTINO<\/div><\/a>\n<\/div><\/div>\n<\/div>\n<div style=\"display: table; clear: both; margin-top: 45px;\">\n<div style=\"float: left; max-width: 260px; padding-left: 20px;\"><img decoding=\"async\" class=\"alignleft\" style=\"border: 0px;\" src=\"http:\/\/www.arte.unicen.edu.ar\/cdab\/wp-content\/uploads\/2021\/05\/mc-operacionesposadas.jpg\" alt=\"Operaciones del Dr. Posadas\" title=\"Operaciones del Dr. Posadas\" \/><\/div>\n<div style=\"float: left; max-width: 570px;\"><h3 style=\"font-size: 16px; margin: 0px 0px 10px; line-height: 18px; background: none; border-bottom: #dbdbdb 1px dotted;\">Operaciones del Dr. Posadas<\/h3><strong>1899, Eugenio Py. 9 min.<\/strong><br \/>Entre 1899 y 1900 un m\u00e9dico cirujano argentino contrata en Buenos Aires los servicios del camar\u00f3grafo Eugenio Py, jefe de laboratorios de la casa de fotograf\u00edas m\u00e1s importante de la ciudad, la del belga Enrique Lepage, con la intenci\u00f3n de registrar dos operaciones quir\u00fargicas que llevar\u00eda a cabo en el viejo Hospital de Cl\u00ednicas.\n<div class=\"container-newsbutton\">\n<a class=\"cdab-newsbuttonlink\" href=\"https:\/\/www.cinemargentino.com\/films\/914988656-operaciones-del-dr-posadas\" target=\"_blank\" rel=\"noopener noreferrer\"><div class=\"cdab-web-newsbutton\">VER EN CINEMARGENTINO<\/div><\/a>\n<\/div><\/div>\n<\/div>\n<hr style=\"margin-bottom: 25px;\"\/>\n<p><a href=\"https:\/\/vivamoscultura.buenosaires.gob.ar\/?contenido=5299-tres-clasicos-del-cine-coreano\" target=\"_blank\" rel=\"noopener noreferrer\"><img decoding=\"async\" class=\"publicacion-tapa\" src=\"http:\/\/www.arte.unicen.edu.ar\/cdab\/wp-content\/uploads\/2021\/05\/csvv-clasicoscoreanos.jpg\" data-fancybox=\"gallery\" data-caption=\"Cuidado social. V\u00ednculo virtual #22\"\/><\/a><\/p><p>El Ministerio de Cultura, a trav\u00e9s del <a href=\"https:\/\/www.complejoteatral.gob.ar\" target=\"_blank\" rel=\"noopener noreferrer\">Complejo Teatral de Buenos Aires<\/a>, y la <a href=\"https:\/\/www.facebook.com\/Fundaci%C3%B3n-Cinemateca-Argentina-503734423011061\" target=\"_blank\" rel=\"noopener noreferrer\">Fundaci\u00f3n Cinemateca Argentina<\/a>, con el auspicio y la colaboraci\u00f3n del <a href=\"https:\/\/argentina.korean-culture.org\/es\" target=\"_blank\" rel=\"noopener noreferrer\">Centro Cultural Coreano<\/a> y el <a href=\"https:\/\/eng.koreafilm.or.kr\" target=\"_blank\" rel=\"noopener noreferrer\">Korean Film Archive<\/a>, han organizado un ciclo denominado <strong>Tres cl\u00e1sicos del cine coreano<\/strong>, que se llevar\u00e1 a cabo a partir del <strong>jueves 6 de mayo<\/strong>. El programa est\u00e1 integrado por tres largometrajes que demuestran la enorme vitalidad y diversidad de la producci\u00f3n cinematogr\u00e1fica de la Rep\u00fablica de Corea en las d\u00e9cadas previas al reciente &#8220;boom&#8221; del cine surcoreano. Se exhibir\u00e1n, en copias restauradas por el <a href=\"https:\/\/eng.koreafilm.or.kr\" target=\"_blank\" rel=\"noopener noreferrer\">Korean Film Archive<\/a>, el policial social y pol\u00edtico <em>El \u00faltimo testigo<\/em> de Lee Doo-yong, <em>La madre alquilada<\/em> del prol\u00edfico Im Kwon-taek, y la obra maestra de Hyun-mok, <em>La bala perdida<\/em>. <strong>Cada t\u00edtulo estar\u00e1 disponible durante siete d\u00edas.<\/strong><\/p>\n<p><img decoding=\"async\" class=\"cdab-tapa-instidentpoet-index publicacion-tapa\" title=\"La bala perdida\" src=\"http:\/\/www.arte.unicen.edu.ar\/cdab\/wp-content\/uploads\/2021\/05\/csvv-corea-balaperdida.jpg\" alt=\"La bala perdida\" style=\"width: 220px; height: 302px; float: left; border: 10px solid #fff; box-shadow: 0 0 5px rgba(0, 0, 0, 0.1); -webkit-box-shadow: 0 0 5px rgba(0, 0, 0, 0.1); -moz-box-shadow: 0 0 5px rgba(0, 0, 0, 0.1); display: block; margin: 20px 22px 22px 0px;\"\/><h3 style=\"font-size: 16px; margin: 30px 20px 5px; line-height: 18px; background: none; border-bottom: #dbdbdb 1px dotted;\">La bala perdida | 6 de mayo de 2021 &#8211; 19 hs.<\/h3><\/p>\n<p><strong><em>Obaltan<\/em> &#8211; 1961, Yu Hyun-mok. 110 min.<\/strong><br \/>\nUsualmente citada como una de las mejores y m\u00e1s importantes pel\u00edculas en la historia del cine coreano, <em>La bala perdida<\/em> describe la dura vida de posguerra en la capital coreana centr\u00e1ndose en la existencia cotidiana de un hombre y la compleja relaci\u00f3n con su esposa, su hermano y su madre. Realista, crudo y al mismo tiempo po\u00e9tico, el film fue estrenado en 1961 en su pa\u00eds de origen para ser prohibido pocas semanas despu\u00e9s por el gobierno dictatorial. Fue gracias a su presentaci\u00f3n en el Festival de San Francisco dos a\u00f1os despu\u00e9s, y al hecho de que esa copia nunca fue devuelta, que La bala perdida no se transform\u00f3 en un t\u00edtulo perdido para siempre.<\/p><br \/>\n<p><img decoding=\"async\" class=\"cdab-tapa-instidentpoet-index publicacion-tapa\" title=\"El \u00faltimo testigo\" src=\"http:\/\/www.arte.unicen.edu.ar\/cdab\/wp-content\/uploads\/2021\/05\/csvv-corea-ultimotestigo.jpg\" alt=\"El \u00faltimo testigo\" style=\"width: 220px; height: 302px; float: left; border: 10px solid #fff; box-shadow: 0 0 5px rgba(0, 0, 0, 0.1); -webkit-box-shadow: 0 0 5px rgba(0, 0, 0, 0.1); -moz-box-shadow: 0 0 5px rgba(0, 0, 0, 0.1); display: block; margin: 20px 22px 22px 0px;\"\/><h3 style=\"font-size: 16px; margin: 30px 20px 5px; line-height: 18px; background: none; border-bottom: #dbdbdb 1px dotted;\">El \u00faltimo testigo | 13 de mayo de 2021 &#8211; 19 hs.<\/h3><\/p>\n<p><strong><em>Choihui jeungin<\/em> &#8211; 1980, Lee Doo-yong. 158 min.<\/strong><br \/>\nEl detective Oh sale en la b\u00fasqueda del responsable de la muerte de Yang, asesinado a golpes en una tranquila ribera sin motivo aparente ni testigos del hecho. Mientras deambula por el paisaje invernal de la provincia de Jeolla y Se\u00fal se ve atrapado en una historia de traiciones y cr\u00edmenes. La censura en el momento del estreno elimin\u00f3 casi cincuenta minutos del metraje total, restaurados varias d\u00e9cadas despu\u00e9s.<\/p><br \/><br \/><br \/><br \/>\n<p><img decoding=\"async\" class=\"cdab-tapa-instidentpoet-index publicacion-tapa\" title=\"La madre alquilada\" src=\"http:\/\/www.arte.unicen.edu.ar\/cdab\/wp-content\/uploads\/2021\/05\/csvv-corea-madrealquilada.jpg\" alt=\"La madre alquilada\" style=\"width: 220px; height: 302px; float: left; border: 10px solid #fff; box-shadow: 0 0 5px rgba(0, 0, 0, 0.1); -webkit-box-shadow: 0 0 5px rgba(0, 0, 0, 0.1); -moz-box-shadow: 0 0 5px rgba(0, 0, 0, 0.1); display: block; margin: 20px 22px 22px 0px;\"\/><h3 style=\"font-size: 16px; margin: 30px 20px 5px; line-height: 18px; background: none; border-bottom: #dbdbdb 1px dotted;\">La madre alquilada | 20 de mayo de 2021 &#8211; 19 hs.<\/h3><\/p>\n<p><strong><em>Sibaji<\/em> &#8211; 1987, Im Kwon-taek. 100 min.<\/strong><br \/>\nDurante la dinast\u00eda Yi, hacia finales del siglo XIX, un noble llamado Shin descubre que su esposa Yun no puede tener hijos. Preocupados por no tener heredero, la familia les presenta a Ok-nyeo, una joven campesina, para que haga las veces de madre sustituta. Pero desde el inicio el noble y Ok-nyeo se sienten atra\u00eddos mutuamente, despertando los celos de Yun. Ganadora del premio a Mejor Actriz en el Festival de Venecia para Kang Soo-yeon, La madre alquilada utiliza los mecanismos del melodrama cl\u00e1sico para construir un retrato de la obsesi\u00f3n por la descendencia masculina y el culto hacia los ancestros presentes en la familia coreana tradicional.<\/p><br \/>\n<div class=\"container-newsbutton\">\n<a class=\"cdab-newsbuttonlink\" href=\"https:\/\/vivamoscultura.buenosaires.gob.ar\" target=\"_blank\" rel=\"noopener noreferrer\"><div class=\"cdab-web-newsbutton\">VER EN VIVAMOS CULTURA<\/div><\/a><a class=\"cdab-newsbuttonlink\" href=\"https:\/\/complejoteatral.gob.ar\/cine\" target=\"_blank\" rel=\"noopener noreferrer\" style=\"margin-left: 60px;\"><div class=\"cdab-web-newsbutton\">VER EN COMPLEJO TEATRAL BUENOS AIRES<\/div><\/a>\n<\/div>\n<hr style=\"margin-bottom: 25px;\"\/>\n<p><img loading=\"lazy\" decoding=\"async\" width=\"170\" height=\"170\" class=\"alignleft size-full wp-image-4077\" style=\"border: 0px; border-radius: 170px; margin-bottom: 35px;\" src=\"http:\/\/www.arte.unicen.edu.ar\/cdab\/wp-content\/uploads\/2021\/05\/csvv-navesuenios.jpg\" alt=\"La Nave de los Sue\u00f1os en la Biblioteca Nacional Mariano Moreno\" title=\"La Nave de los Sue\u00f1os en la Biblioteca Nacional Mariano Moreno\" \/><h3>La Nave de los Sue\u00f1os en la Biblioteca Nacional Mariano Moreno<\/h3><\/p><p>El ciclo de cine argentino independiente y de autor organizado por <a href=\"https:\/\/www.naveonline.com.ar\" target=\"_blank\" rel=\"noopener noreferrer\">La Nave de los Sue\u00f1os<\/a> en la <a href=\"https:\/\/www.bn.gov.ar\" target=\"_blank\" rel=\"noopener noreferrer\">Biblioteca Nacional Mariano Moreno<\/a> contin\u00faa en mayo con la presentaci\u00f3n de pel\u00edculas de Franco Palazzo, Marcos Mart\u00ednez, Ruth G\u00f3mez y Emiliano Romero.<\/p>\n<p>Las pel\u00edculas estar\u00e1n disponibles en el <a href=\"https:\/\/www.youtube.com\/channel\/UCuRkG7Pn843I3_UGCRUnRjw\" target=\"_blank\" rel=\"noopener noreferrer\">canal de YouTube de la Biblioteca Nacional<\/a>, cada <strong>martes a las 19 hs.<\/strong> hasta el martes siguiente. La programaci\u00f3n estar\u00e1 acompa\u00f1ada por una charla introductoria con los protagonistas y\/o directores.<\/p>\n<p>Compartimos la programaci\u00f3n de este mes:<\/p>\n<ul style=\"margin: 0px 20px 0px 70px;\">\n<li><strong>04 de mayo &#8211; <em>La distancia<\/em> de Franco Palazzo<\/strong><br \/>Tras el suicidio de su mejor amiga, Amparo se encierra en un duelo impregnado de dudas y de recuerdos. Solo al animarse a continuar la obra inconclusa de su amiga es que encontrar\u00e1 la manera de salir adelante.\n<\/li>\n<li><strong>11 de mayo &#8211; <em>Sue\u00f1os<\/em> de Marcos Mart\u00ednez<\/strong><br \/>El universo on\u00edrico de las personas que viven en situaci\u00f3n de calle en la Ciudad de Buenos Aires protagonista esencial de una pel\u00edcula documental. A partir de la narraci\u00f3n de sus sue\u00f1os m\u00e1s im\u00e1genes cotidianas de d\u00f3nde viven, se construye un relato coral que describe y reflexiona sobre la vida de las personas en situaci\u00f3n de calle. Su pasado y presente, tambi\u00e9n de alg\u00fan modo su futuro, aparecen en los relatos de sus sue\u00f1os. Lentamente se va rasgando el velo de la realidad cotidiana hasta llegar al mundo \u00edntimo de las personas que viven en un estado de invisibilidad para gran parte de la sociedad. As\u00ed, partiendo desde lo m\u00e1s particular, se reflejan las consecuencias de un pa\u00eds con una hist\u00f3rica desigualdad y exclusi\u00f3n social.\n<\/li>\n<li><strong>18 de mayo &#8211; <em>Pechito, hijo de la vida<\/em> de Ruth G\u00f3mez<\/strong><br \/>En el coraz\u00f3n de Palermo, una b\u00fasqueda desesperante de todos los vecinos desata una conmoci\u00f3n en todos los medios nacionales e internacionales por la desaparici\u00f3n de Alejandro Ferreiro alias \u201cpechito\u201d. Considerado el primer desaparecido en democracia; Pero el amor y la solidaridad de todos aquellos quienes lo han acompa\u00f1ado deja en evidencia la impunidad y el desprecio de un gobierno ausente ante las personas en situaci\u00f3n de calle.\n<\/li>\n<li><strong>25 de mayo &#8211; <em>Placer, un concierto de Paula Maff\u00eda<\/em> de Emiliano Romero<\/strong><br \/>Placer es una pieza audiovisual de 40 minutos de duraci\u00f3n creada por Paula Maff\u00eda y Emiliano Romero. Un concierto, una pel\u00edcula, zurcida por palabras y relatos visuales con un hilo de intimidad. Un show ac\u00fastico, desnudo, una sola persona aprovechando el vac\u00edo una casa enorme como un gigante lienzo en blanco. El placer, tambi\u00e9n es contagioso.<\/li>\n<\/ul>\n<div class=\"container-newsbutton\">\n<a class=\"cdab-newsbuttonlink\" href=\"https:\/\/www.youtube.com\/channel\/UCuRkG7Pn843I3_UGCRUnRjw\" target=\"_blank\" rel=\"noopener noreferrer\"><div class=\"cdab-youtube-newsbutton\">VER EN BIBLIOTECA NACIONAL<\/div><\/a>\n<\/div>\n<\/div><\/div>\n\n<div id=\"investigacion\" class=\"csvv-right2021\">\n<div class=\"csvv-card2021\"><div class=\"cdab-especial-covid19-card-icon posgrado\"><i class=\"fa fa-graduation-cap\" aria-hidden=\"true\" style=\"margin-left: 3px;\"><\/i><\/div><div class=\"cdab-especial-covid19-card-title posgrado\">INVESTIGACI\u00d3N Y POSGRADO<\/div>\n<h3>Defensa virtual de Tesis de Posgrado: Mg. Grisel Nicolau (Maestr\u00eda en Teatro &#8211; Menci\u00f3n Actuaci\u00f3n)<\/h3>\n<p>El lunes 29 de marzo a las 9.30 hs. se llev\u00f3 a cabo la defensa virtual de tesis de la maestranda <strong>Grisel Nicolau<\/strong>. Su trabajo, titulado <em>La voluntad de existencia en escena o hacia una \u00e9tica actoral: el entrenamiento actoral del campo asociativo en pos de desplegar una po\u00e9tica singular<\/em>, fue dirigido por la Dra. Lorena Verzero y culmina el trayecto formativo emprendido en la <a href=\"http:\/\/www.arte.unicen.edu.ar\/carreras\/posgrado\/maestria-en-teatro\" target=\"_blank\" rel=\"noopener noreferrer\">Maestr\u00eda en Teatro (Menci\u00f3n Actuaci\u00f3n)<\/a>.<\/p>\n<div align=\"center\" style=\"margin: 20px auto\"><iframe loading=\"lazy\" width=\"700\" height=\"394\" src=\"https:\/\/www.youtube.com\/embed\/wKH6PsgRCFs\" frameborder=\"0\" allow=\"accelerometer; autoplay; encrypted-media; gyroscope; picture-in-picture\" allowfullscreen><\/iframe><\/div>\n<hr style=\"margin-bottom: 25px;\"\/>\n<h3>Defensa virtual de Tesis de Posgrado: Mg. B\u00e1rbara Sosa (Maestr\u00eda en Arte y Sociedad en Latinoam\u00e9rica)<\/h3>\n<p>El martes 30 de marzo a las 14 hs. se llev\u00f3 a cabo la primera defensa virtual de tesis de la <a href=\"http:\/\/www.arte.unicen.edu.ar\/carreras\/posgrado\/maestria-en-arte-y-sociedad-en-latinoamerica\" target=\"_blank\" rel=\"noopener noreferrer\">Maestr\u00eda en Arte y Sociedad en Latinoam\u00e9rica<\/a>. En esta oportunidad, la maestranda <strong>B\u00e1rbara Sosa<\/strong> present\u00f3 su trabajo titulado <em>Un recorrido de temporalidades heterog\u00e9neas. An\u00e1lisis de los procesos constructivos y simb\u00f3licos del Parque Via Christi de Jun\u00edn de los Andes, Neuqu\u00e9n (1999-2019)<\/em>, dirigido por la Dra. Ana Silva y co-dirigido por la Dra. Mar\u00eda Guadalupe Suasn\u00e1bar.<\/p>\n<div align=\"center\" style=\"margin: 20px auto\"><iframe loading=\"lazy\" width=\"700\" height=\"394\" src=\"https:\/\/www.youtube.com\/embed\/ihPK2dg240I\" frameborder=\"0\" allow=\"accelerometer; autoplay; encrypted-media; gyroscope; picture-in-picture\" allowfullscreen><\/iframe><\/div>\n<hr style=\"margin-bottom: 25px;\"\/>\n<h3>Defensa virtual de Tesis de Posgrado: Mg. Mart\u00edn Palacios (Maestr\u00eda en Teatro &#8211; Menci\u00f3n Direcci\u00f3n Esc\u00e9nica)<\/h3>\n<p>El martes 13 de abril a las 9 hs. se llev\u00f3 a cabo la defensa virtual de tesis del maestrando <strong>Mart\u00edn Palacios<\/strong> <a href=\"http:\/\/www.arte.unicen.edu.ar\/carreras\/posgrado\/maestria-en-teatro\" target=\"_blank\" rel=\"noopener noreferrer\">(Maestr\u00eda en Teatro &#8211; Menci\u00f3n Direcci\u00f3n Esc\u00e9nica)<\/a>. Su trabajo, titulado <em>La teatralidad liminal del payador: aportes para una dramaturgia de la improvisaci\u00f3n<\/em>, fue dirigido por el Mg. Guillermo Dillon y co-dirigido por la Dra. Lorena Verzero.<\/p>\n<div align=\"center\" style=\"margin: 20px auto\"><iframe loading=\"lazy\" width=\"700\" height=\"394\" src=\"https:\/\/www.youtube.com\/embed\/anJTtEUaohM\" frameborder=\"0\" allow=\"accelerometer; autoplay; encrypted-media; gyroscope; picture-in-picture\" allowfullscreen><\/iframe><\/div>\n<hr style=\"margin-bottom: 25px;\"\/>\n<p><img loading=\"lazy\" decoding=\"async\" width=\"170\" height=\"170\" class=\"alignright size-full wp-image-4077\" style=\"border: 0px; border-radius: 170px; margin-bottom: 35px;\" src=\"http:\/\/www.arte.unicen.edu.ar\/cdab\/wp-content\/uploads\/2021\/05\/csvv-ecosistemaplataformas.jpg\" alt=\"Ecosistema audiovisual, plataformas y cultura digital\" title=\"Ecosistema audiovisual, plataformas y cultura digital\" \/><h3>Ecosistema audiovisual, plataformas y cultura digital<\/h3><\/p><p>Este encuentro propone reflexionar sobre las series en el marco de las pr\u00e1cticas medi\u00e1ticas del audiovisual contempor\u00e1neo. De manera subyacente, <strong>Andr\u00e9 Gaudreault<\/strong> (Universidad de Montreal, Canad\u00e1) y <strong>Philippe Marion<\/strong> (Universidad Cat\u00f3lica de Lovaina, B\u00e9lgica) plantean la funci\u00f3n de las series culturales en los medios de comunicaci\u00f3n como elementos con una doble funci\u00f3n: por un lado, les conciben como agentes de vinculaci\u00f3n y parad\u00f3jicamente, como agentes que fomentan su separaci\u00f3n. Ellos, arque\u00f3logos de los medios, articulan su propuesta conceptual a partir del estudio sistem\u00e1tico de Netflix y de los llamados <em>transmedia<\/em>. Su trabajo, revisa y reorganiza la cartograf\u00eda de los intervalos con miras a que el serialista cultural, parta de una ret\u00edcula que le permita reinterpretarla, modificarla o crear nuevos modelos, seg\u00fan las necesidades leg\u00edtimas de su investigaci\u00f3n.<\/p>\n<p>La coordinaci\u00f3n estuvo a cargo de <strong>Tom\u00e1s Crowder-Taraborrelli<\/strong> (Soka University of America), <strong>Pablo Piedras<\/strong> (UBA, CONICET, UNA), <strong>Miguel Santagada<\/strong> (UNICEN, UBA) y <strong>Lior Zylberman<\/strong> (UBA, CONICET, UNTREF) y cont\u00f3 con la participaci\u00f3n de Katia Andrea Morales Gaitan (Universit\u00e9 de Montr\u00e9al), Mar\u00eda Virginia Morazzo (UNICEN), Agust\u00edn Mu\u00f1iz (UBA), Cecilia Wulff (UNICEN) y Diego Zavala (Instituto Tecnol\u00f3gico de Monterrey, M\u00e9xico).<\/p>\n<div align=\"center\" style=\"margin: 20px auto\"><iframe loading=\"lazy\" width=\"700\" height=\"394\" src=\"https:\/\/www.youtube.com\/embed\/BAj4wK-e_2M\" frameborder=\"0\" allow=\"accelerometer; autoplay; encrypted-media; gyroscope; picture-in-picture\" allowfullscreen><\/iframe><\/div>\n<div class=\"container-newsbutton\">\n<a class=\"cdab-newsbuttonlink\" href=\"http:\/\/artexver.tv\/ecosistema-audiovisual-plataformas-y-cultura-digital\" target=\"_blank\" rel=\"noopener noreferrer\"><div class=\"cdab-artexver-newsbutton\"><\/div><\/a><\/div>\n<hr style=\"margin-bottom: 25px;\"\/>\n<p><img loading=\"lazy\" decoding=\"async\" width=\"170\" height=\"170\" class=\"alignright size-full wp-image-4077\" style=\"border: 0px; border-radius: 170px; margin-bottom: 35px;\" src=\"http:\/\/www.arte.unicen.edu.ar\/cdab\/wp-content\/uploads\/2021\/05\/csvv-montello.jpg\" alt=\"Manifestando lo sutil #2: Flavia Montello\" title=\"Manifestando lo sutil #2: Flavia Montello\" \/><h3>Manifestando lo sutil #2: Flavia Montello<\/h3><\/p><p>El \u00e1rea de <a href=\"http:\/\/www.arte.unicen.edu.ar\/formacion-continua\" target=\"_blank\" rel=\"noopener noreferrer\">Formaci\u00f3n Continua<\/a> de la <a href=\"http:\/\/www.arte.unicen.edu.ar\/secretarias\/investigacion-posgrado\" target=\"_blank\" rel=\"noopener noreferrer\">Secretar\u00eda de Investigaci\u00f3n y Posgrado<\/a> present\u00f3 <em>Formaci\u00f3n del Habla -Rudolf Steiner- en el entrenamiento vocal actoral de la Universidad Nacional de R\u00edo Negro, Argentina<\/em> a cargo de <strong>Flavia Montello<\/strong> en el marco del ciclo de charlas mensuales sobre entrenamiento vocal de actores\/actrices denominado <strong>Manifestando lo sutil<\/strong>.<\/p><p>Cada encuentro, a cargo de docentes de Espa\u00f1a y Argentina bajo la coordinaci\u00f3n del <strong>Dr. Rub\u00e9n Maidana<\/strong>, tiene por objetivo difundir distintas propuestas de entrenamiento vocal que se implementan en la formaci\u00f3n de actores\/actrices dentro del \u00e1mbito acad\u00e9mico formal como as\u00ed tambi\u00e9n en trabajos de investigaci\u00f3n de docentes universitarios cuyo tema central sea la voz.<\/p>\n<div align=\"center\" style=\"margin: 20px auto\"><iframe loading=\"lazy\" width=\"700\" height=\"394\" src=\"https:\/\/www.youtube.com\/embed\/_DD0al6j4Ks\" frameborder=\"0\" allow=\"accelerometer; autoplay; encrypted-media; gyroscope; picture-in-picture\" allowfullscreen><\/iframe><\/div>\n<div class=\"container-newsbutton\">\n<a class=\"cdab-newsbuttonlink\" href=\"http:\/\/artexver.tv\/serie\/manifestando-lo-sutil\" target=\"_blank\" rel=\"noopener noreferrer\"><div class=\"cdab-artexver-newsbutton\"><\/div><\/a><\/div>\n<\/div><\/div>\n\n<div id=\"graduadxs\" class=\"csvv-right2021\">\n<div class=\"csvv-card2021\"><div class=\"cdab-especial-covid19-card-icon posgrado\"><i class=\"fa fa-graduation-cap\" aria-hidden=\"true\" style=\"margin-left: 3px;\"><\/i><\/div><div class=\"cdab-especial-covid19-card-title posgrado\">DE NUESTRXS GRADUADXS<\/div>\n<p><img loading=\"lazy\" decoding=\"async\" width=\"200\" height=\"125\" class=\"alignleft\" style=\"border: 0px;\" src=\"http:\/\/www.arte.unicen.edu.ar\/cdab\/wp-content\/uploads\/2021\/02\/csvv-formacioncontinua-logo.jpg\" alt=\"Formaci\u00f3n Continua | Secretar\u00eda de Investigaci\u00f3n y Posgrado\" title=\"Formaci\u00f3n Continua | Secretar\u00eda de Investigaci\u00f3n y Posgrado\" \/>El <a href=\"http:\/\/www.arte.unicen.edu.ar\/formacion-continua\" target=\"_blank\" rel=\"noopener noreferrer\">\u00c1rea de Formaci\u00f3n Continua<\/a> de la <a href=\"http:\/\/www.arte.unicen.edu.ar\/secretarias\/investigacion-posgrado\" target=\"_blank\" rel=\"noopener noreferrer\">Secretar\u00eda de Investigaci\u00f3n y Posgrado<\/a> de la <a href=\"http:\/\/www.arte.unicen.edu.ar\" target=\"_blank\" rel=\"noopener noreferrer\">Facultad de Arte<\/a> propone cursos, encuentros y brinda informaci\u00f3n sobre diversas convocatorias que son de especial inter\u00e9s para graduadxs de nuestras carreras.<\/p><p>Para m\u00e1s informaci\u00f3n ingresar a <a href=\"http:\/\/www.arte.unicen.edu.ar\/formacion-continua\" target=\"_blank\" rel=\"noopener noreferrer\">www.arte.unicen.edu.ar\/formacion-continua<\/a> o contactarse v\u00eda e-mail a: <a href=\"mailto:formacioncontinua @ arte.unicen.edu.ar\">formacioncontinua@arte.unicen.edu.ar<\/a><\/p>\n<hr style=\"margin-bottom: 25px;\"\/>\n<h3>Sumergidas. Experiencias de graduadxs<br \/><span style=\"font-size: 16px;\">Episodio 1: Ficci\u00f3n totalmente ficci\u00f3n con Denisse Dannunzio<\/span><\/h3>\n<p>Podcast presentado por el \u00e1rea de <a href=\"http:\/\/www.arte.unicen.edu.ar\/formacion-continua\" target=\"_blank\" rel=\"noopener noreferrer\">Formaci\u00f3n Continua<\/a> de la <a href=\"http:\/\/www.arte.unicen.edu.ar\/secretarias\/investigacion-posgrado\" target=\"_blank\" rel=\"noopener noreferrer\">Secretar\u00eda de Investigaci\u00f3n y Posgrado<\/a> de la <a href=\"http:\/\/www.arte.unicen.edu.ar\" target=\"_blank\" rel=\"noopener noreferrer\">Facultad de Arte<\/a>. En esta primera entrega, &#8220;Ficci\u00f3n totalmente ficci\u00f3n&#8221; con <strong>Denisse Dannunzio<\/strong>.<\/p>\n<p>Una idea original de Mar\u00eda Emilia Zarini y Ver\u00f3nica Rodr\u00edguez. Montaje sonoro: Mat\u00edas Petrini.<\/p>\n<div align=\"center\" style=\"margin: 20px auto;\"><p><iframe loading=\"lazy\" src=\"https:\/\/open.spotify.com\/embed-podcast\/episode\/5W7NpUMVjOK4xw5BoNSh42?theme=0\" width=\"100%\" height=\"160\" frameborder=\"0\" allowtransparency=\"true\" allow=\"encrypted-media\"><\/iframe><\/p><\/div>\n<div align=\"center\" style=\"margin: 20px auto\"><iframe loading=\"lazy\" width=\"700\" height=\"394\" src=\"https:\/\/www.youtube.com\/embed\/ek73rKjquX8\" frameborder=\"0\" allow=\"accelerometer; autoplay; encrypted-media; gyroscope; picture-in-picture\" allowfullscreen><\/iframe><br \/>Videoclip <em>Grit\u00e1ndole al silencio<\/em> de Rexbuf\u00f3n realizado por <strong>Denisse Dannunzio<\/strong>.<\/div>\n<hr style=\"margin-bottom: 25px;\"\/>\n<h3>Todo camino puede andar. Experiencias de graduadxs<br \/><span style=\"font-size: 16px;\">&#8220;De c\u00f3mo resiste el Teatro y de c\u00f3mo se siembra y germina aqu\u00ed y all\u00e1&#8230;&#8221; por Santiago Almada (graduado que sigue su camino en Saladillo, provincia de Buenos Aires)<\/span><\/h3>\n<p style=\"margin-top: 20px; margin-left: 250px; line-height: 22px; font-size: 12px;\"><em>&#8220;Sumate a sentir los nervios de un pre estreno, ver una improvisaci\u00f3n que te descostille de risa, acompa\u00f1ar y compartir un proceso creativo. El teatro es mucho m\u00e1s que escenario, luces, maquillajes que jam\u00e1s cre\u00edste posibles, vestuarios que te transforman, el sonido de la risa de los espectadores! \u00bfTen\u00e9s experiencia? \u00bfNo ten\u00e9s? \u00bfTe gusta expresarte? \u00bfO sos t\u00edmida? El arte nos ense\u00f1a y nos marca en lugares muy personales, nos hace sentir m\u00e1s libres. \u00a1Nos puede enfocar y establecer lindos l\u00edmites para desafiarnos y crecer! Compartir con gente diversa, jugar en equipo. El teatro es ef\u00edmero y nos conecta con lo m\u00e1s sincero que tenemos para dar. Es arte vivo. \u00a1Y sobre todo, m\u00e1s que divertido! \u00a1Ven\u00ed, prob\u00e1, avisale a tus amigos y amigas! \u00a1Les espero!&#8221;<\/em><\/p><p style=\"text-align: right; font-weight: 700; margin-bottom: 20px;\">Santiago Almada<\/p>\n<p style=\"margin-top: 10px;\"><img loading=\"lazy\" decoding=\"async\" width=\"170\" height=\"170\" class=\"alignleft size-full wp-image-4077\" style=\"border: 0px; border-radius: 170px; margin-bottom: 35px;\" src=\"http:\/\/www.arte.unicen.edu.ar\/cdab\/wp-content\/uploads\/2021\/04\/csvv-santiago-almada.jpg\" alt=\"Santiago Almada\" title=\"Santiago Almada\" \/>Volv\u00ed a Saladillo en el 2019, afortunadamente consegu\u00ed un cargo dentro de la Escuela de Educaci\u00f3n Est\u00e9tica n\u00famero 1 de Saladillo, tom\u00e9 muchas horas y me encontr\u00e9 con much\u00edsimos chicos, en principio me result\u00f3 desafiante. Con el correr de los meses pude encontrarme con el rol de docente de teatro de una forma en\u00e9rgica, l\u00fadica, de mucha creatividad dentro de una instituci\u00f3n que me abraz\u00f3 literalmente desde mi llegada. La escuela cuenta con excelentes condiciones edilicias para el desarrollo de los talleres y pudimos poner, gracias a la cooperadora, y a la recaudaci\u00f3n de la fiesta de fin de a\u00f1o, a punto un escenario, acorde al tama\u00f1o de los int\u00e9rpretes que lo habitan, al que cari\u00f1osamente llamo &#8220;empanadita&#8221;.<\/p>\n<p>Desde comienzo del 2020 la modalidad de mi trabajo cambi\u00f3, y realizamos clases virtuales con los chicos, o en otro momento enviamos actividades para que los chicos produzcan en sus casas.<\/p>    \n<p>Por fortuna este nuevo a\u00f1o 2021 nos dio en principio algunas libertades, lo que produjo el retorno a una semi preespecialidad. A comienzos de este a\u00f1o me vincul\u00e9 con un teatro local que se llama \u201cLa Comedia\u201d para poder desarrollar all\u00ed los ensayos de mi \u00faltimo final de la carrera, Direcci\u00f3n. El director general del teatro vio la escena y gracias a eso y a algunas otras referencias me ofreci\u00f3 trabajar en el teatro dictando los talleres de formaci\u00f3n oficiales del mismo. Luego de aceptar pens\u00e9 en dos modalidades para dichos talleres, uno abocado a lo l\u00fadico y recreativo propio de nuestra actividad, donde se realizaran peque\u00f1as escenas, improvisaciones, juegos y din\u00e1micas para  aprender. Otro taller enfocado en la gente que se quiere comprometer m\u00e1s, y desea otro tipo de desaf\u00edo, donde abordaremos momentos formativos, desarrollo de personajes, y producciones m\u00e1s elaboradas.  Me ubico al comienzo de una nueva b\u00fasqueda de pre establecer roles necesarios para la actividad, a sabiendas de t\u00e9cnicos, escen\u00f3grafas, vestuaristas, maquilladores, etc\u2026  Acrecentar el campo teatral saladillense aportando los contenidos aprendidos dentro y fuera de la facultad, replicar mi trabajo de tantos a\u00f1os en la sala &#8220;La F\u00e1brica&#8221;, esta vez en un teatro diferente atendiendo a la caracter\u00edsticas del mismo. La idea del segundo taller es la de dar un perfil m\u00e1s profesional al teatro amateur saladillense. Y quiz\u00e1s en un futuro generar un circuito que posibilite nuevos trabajos dentro del sector, nuevas producciones, obras, y sue\u00f1os. Hay mucho por delante y nuestro trabajo es, una vez m\u00e1s, sumamente necesario para retomar los valores de cooperativismo, grupalidad, empat\u00eda y alegr\u00eda que son inherentes al coraz\u00f3n de nuestro hermoso arte esc\u00e9nico.<\/p>\n<p style=\"text-align: right; font-weight: 700; margin-bottom: 20px;\">Santiago Almada<\/p>\n<\/div><\/div>\n\n<div id=\"links\" class=\"csvv-right2021\">\n<div class=\"csvv-card2021\"><div class=\"cdab-especial-covid19-card-icon weblink\"><i class=\"fa fa-hand-pointer-o\" aria-hidden=\"true\"><\/i><\/div><div class=\"cdab-especial-covid19-card-title weblink\">LINKS DE INTER\u00c9S &amp; CONVOCATORIAS<\/div>\n<p><a href=\"http:\/\/www.iberescena.org\/aescena\" target=\"_blank\" rel=\"noopener noreferrer\"><img decoding=\"async\" class=\"publicacion-tapa\" src=\"http:\/\/www.arte.unicen.edu.ar\/cdab\/wp-content\/uploads\/2021\/04\/csvv-banner-aescena.jpg\" data-fancybox=\"gallery\" data-caption=\"Cuidado social. V\u00ednculo virtual #22\"\/><\/a><\/p>\n<p><a href=\"http:\/\/www.iberescena.org\/aescena\" target=\"_blank\" rel=\"noopener noreferrer\">\u00a1A Escena!<\/a> es una nueva herramienta interactiva del <a href=\"http:\/\/www.iberescena.org\" target=\"_blank\" rel=\"noopener noreferrer\">Programa Iberescena<\/a>, para que lxs artistas esc\u00e9nicos iberoamericanxs tengan un espacio propio.<\/p>\n<p>Con pleno conocimiento de las complejas circunstancias en las que continuamos sumidxs a nivel mundial, el <a href=\"http:\/\/www.iberescena.org\" target=\"_blank\" rel=\"noopener noreferrer\">Programa Iberescena<\/a> llevar\u00e1 a cabo, a lo largo de 2021, diferentes acciones para tratar de impulsar nuevos espacios de encuentro.<\/p>\n<p><a href=\"http:\/\/www.iberescena.org\/aescena\" target=\"_blank\" rel=\"noopener noreferrer\">\u00a1A Escena!<\/a> est\u00e1 destinada a festivales, espacios esc\u00e9nicos, centros de creaci\u00f3n en residencia, compa\u00f1\u00edas y\/o creadorxs del teatro, la danza, el circo, las artes vivas y sus diversas interdisciplinas, pertenecientes a alguno de los 16 pa\u00edses miembros del Programa. Este nuevo espacio virtual es construido, retroalimentado y actualizado por la propia comunidad.<\/p>\n<div class=\"container-newsbutton\"><a class=\"cdab-newsbuttonlink\" href=\"http:\/\/www.iberescena.org\/aescena\" target=\"_blank\" rel=\"noopener noreferrer\"><div class=\"cdab-web-newsbutton\">ACCEDER A LA PLATAFORMA \u00a1A ESCENA!<\/div><\/a><\/div>\n<hr style=\"margin-bottom: 25px;\"\/>\n<p><a href=\"https:\/\/www.teatroxlaidentidad.net\/festival2021\" target=\"_blank\" rel=\"noopener noreferrer\"><img decoding=\"async\" class=\"publicacion-tapa\" src=\"http:\/\/www.arte.unicen.edu.ar\/cdab\/wp-content\/uploads\/2021\/05\/csvv-banner-txiestrenados.jpg\" data-fancybox=\"gallery\" data-caption=\"Cuidado social. V\u00ednculo virtual #22\"\/><\/a><\/p>\n<p>Entre las actividades de <a href=\"https:\/\/www.teatroxlaidentidad.net\" target=\"_blank\" rel=\"noopener noreferrer\">Teatroxlaidentidad<\/a> en 2021 para festejo del <strong>20 aniversario de la creaci\u00f3n de TxI<\/strong>, est\u00e1 la realizaci\u00f3n del <a href=\"https:\/\/www.teatroxlaidentidad.net\/festival2021\" target=\"_blank\" rel=\"noopener noreferrer\">Festival 20 a\u00f1os de Teatroxlaidentidad<\/a>. Siempre con la idea de abrir los escenarios a la causa de Abuelas de Plaza de Mayo y ayudar en la recuperaci\u00f3n de sus nietas y nietos apropiadxs durante la dictadura.<\/p>\n<p>El festival se realizar\u00e1 durante las <strong>\u00faltimas semanas de septiembre<\/strong> en la sala Mar\u00eda Guerrero del <a href=\"https:\/\/www.teatrocervantes.gob.ar\" target=\"_blank\" rel=\"noopener noreferrer\">Teatro Nacional Cervantes<\/a>, una potente serie de funciones que cerrar\u00e1n, como es cl\u00e1sico en TxI, con la presencia de Abuelas y nietxs recuperadxs. Se tratar\u00e1 de cuatro o cinco (dependiendo de cuestiones log\u00edsticas de la sala) espect\u00e1culos teatrales que realizar\u00e1n una funci\u00f3n cada uno y ser\u00e1n seleccionados entre las m\u00e1s relevantes expresiones del teatro con compromiso social o que aborde alg\u00fan tipo de tem\u00e1tica relacionada con la identidad, que se hayan estrenado en cualquier circuito teatral de la Argentina.<\/p>\n<p>Ser\u00e1n seleccionados por una comisi\u00f3n de veedorxs integrada por teatristas de reconocida trayectoria: <strong>Mariela Asensio<\/strong>, <strong>Andr\u00e9s Binetti<\/strong> y <strong>Paula Marull<\/strong>. Tambi\u00e9n se elegir\u00e1n dos espect\u00e1culos suplentes para cubrir cualquier contingencia que pueda suceder con los titulares.<\/p>\n<p>Quienes deseen participar de la selecci\u00f3n deber\u00e1n inscribirse completando el formulario siendo especialmente importante el link del video de la obra completa subida a YouTube, Vimeo o Google Drive, como \u00fanica forma de ser visualizado. La calidad o formas de edici\u00f3n del video ser\u00e1n evaluadas por el jurado para determinar en qu\u00e9 medida incide en la apreciaci\u00f3n de la calidad del espect\u00e1culo. Es de destacar que el jurado analizar\u00e1 en primer lugar la calidad art\u00edstica, luego su pertinencia al ciclo y finalmente la posibilidad de ser trasladada con \u00e9xito al escenario mayor del <a href=\"https:\/\/www.teatrocervantes.gob.ar\" target=\"_blank\" rel=\"noopener noreferrer\">Teatro Nacional Cervantes<\/a>.<\/p>\n<p>Las funciones ser\u00e1n con entrada gratuita hasta agotar el aforo vigente y, como es usual en TxI, no se abonar\u00e1 ning\u00fan tipo de honorario a los participantes. La organizaci\u00f3n se har\u00e1 cargo de los costos que demande la producci\u00f3n, traslados y difusi\u00f3n del Festival.<\/p>\n<div class=\"container-newsbutton\"><a class=\"cdab-newsbuttonlink\" href=\"https:\/\/www.teatroxlaidentidad.net\/festival2021\" target=\"_blank\" rel=\"noopener noreferrer\"><div class=\"cdab-web-newsbutton\">M\u00c1S INFORMACI\u00d3N&#8230;<\/div><\/a><a class=\"cdab-newsbuttonlink\" href=\"https:\/\/www.teatroxlaidentidad.net\/ciclos_archivos\/txi2021\/concursos\/teatroxlaidentidad_Festival20Anos_Bases2021.pdf\" target=\"_blank\" rel=\"noopener noreferrer\" style=\"margin-left: 50px;\"><div class=\"cdab-pdf-newsbutton\">BASES Y CONDICIONES<\/div><\/a><\/div>\n<hr style=\"margin-bottom: 25px;\"\/>\n<p><img loading=\"lazy\" decoding=\"async\" width=\"170\" height=\"170\" class=\"alignright size-full wp-image-4077\" style=\"border: 0px; border-radius: 170px; margin-bottom: 35px;\" src=\"http:\/\/www.arte.unicen.edu.ar\/cdab\/wp-content\/uploads\/2021\/05\/csvv-obraentornovirtual.jpg\" alt=\"Nueva l\u00ednea regi\u00f3n Centro: Producci\u00f3n de Obra en Entornos Virtuales | INT\" title=\"Nueva l\u00ednea regi\u00f3n Centro: Producci\u00f3n de Obra en Entornos Virtuales | INT\" \/><h3>Nueva l\u00ednea regi\u00f3n Centro: Producci\u00f3n de Obra en Entornos Virtuales | Instituto Nacional del Teatro (INT)<\/h3><\/p>\n<p>Se encuentra abierta la inscripci\u00f3n para el <a href=\"http:\/\/inteatro.gob.ar\/noticias\/nueva-linea-en-la-region-centro-produccion-de-14723\" target=\"_blank\" rel=\"noopener noreferrer\">subsidio de Producci\u00f3n de Obra en Entornos Virtuales<\/a> dirigido a elencos de <strong>CABA<\/strong> y de la <strong>provincia de Buenos Aires<\/strong>. Esta l\u00ednea est\u00e1 dirigida a la producci\u00f3n de obras a trav\u00e9s de aportes que contribuyen a su realizaci\u00f3n y al pago de los honorarios de las actrices, actores, directoras y directores involucrados.<\/p>\n<p>En funci\u00f3n de la especial coyuntura y la restricci\u00f3n de acceso del p\u00fablico de modo presencial, se complementa esta alternativa con la posibilidad de producir, antes del estreno con p\u00fablico presente, una presentaci\u00f3n de car\u00e1cter virtual, especialmente pautada, que permita sostener el trabajo creativo mientras dure la limitaci\u00f3n. Y al mismo tiempo generar una producci\u00f3n con las cualidades necesarias para que este lenguaje no vaya en detrimento de lo esc\u00e9nico en el marco de la no presencialidad, con recursos que pongan en valor el producto, la trayectoria de sus creadores y toda informaci\u00f3n de inter\u00e9s que permita promocionar su actividad e historial.<\/p>\n<p><strong>Los grupos o elencos de la provincia de Buenos Aires no tienen limitaciones de fechas ni cupos preestablecidos en la presentaci\u00f3n.<\/strong> En todos los casos, las evaluaciones estar\u00e1n a cargo del Jurado Nacional de Calificaci\u00f3n de Proyectos, que tendr\u00e1 en cuenta: propuesta de presentaci\u00f3n no presencial a modo de pre estreno o estreno virtual; propuesta Art\u00edstica, criterios dramat\u00fargicos y de puesta en escena; antecedentes individuales y\/o grupales.<\/p>\n<div class=\"container-newsbutton\"><a class=\"cdab-newsbuttonlink\" href=\"http:\/\/inteatro.gob.ar\/noticias\/nueva-linea-en-la-region-centro-produccion-de-14723\" target=\"_blank\" rel=\"noopener noreferrer\"><div class=\"cdab-web-newsbutton\">M\u00c1S INFORMACI\u00d3N&#8230;<\/div><\/a><\/div>\n<hr style=\"margin-bottom: 25px;\"\/>\n<p><a href=\"http:\/\/www.festivalrec.com.ar\" target=\"_blank\" rel=\"noopener noreferrer\"><img decoding=\"async\" class=\"publicacion-tapa\" src=\"http:\/\/www.arte.unicen.edu.ar\/cdab\/wp-content\/uploads\/2021\/04\/csvv-banner-festivalrec12.jpg\" data-fancybox=\"gallery\" data-caption=\"Cuidado social. V\u00ednculo virtual #22\"\/><\/a><\/p>\n<p>El <a href=\"http:\/\/www.festivalrec.com.ar\" target=\"_blank\" rel=\"noopener noreferrer\">Festival REC<\/a> es organizado por la <a href=\"http:\/\/www.fba.unlp.edu.ar\" target=\"_blank\" rel=\"noopener noreferrer\">Facultad de Artes<\/a> de la <a href=\"https:\/\/www.unlp.edu.ar\" target=\"_blank\" rel=\"noopener noreferrer\">Universidad Nacional de La Plata<\/a> y busca crear un espacio de difusi\u00f3n e intercambio para la producci\u00f3n audiovisual de estudiantes de Cine y Artes Audiovisuales de todo el pa\u00eds. Desde que naci\u00f3 en 2010 es realizado \u00edntegramente por estudiantes, docentes, graduadxs y sostenido gracias al trabajo de cientos de voluntarixs -en su mayor\u00eda estudiantes de la Facultad- que lo hacen posible a\u00f1o tras a\u00f1o.<\/p>\n<p>Este a\u00f1o se abre la convocatoria a participar en el <a href=\"http:\/\/www.festivalrec.com.ar\" target=\"_blank\" rel=\"noopener noreferrer\">12\u00ba Festival REC<\/a>, que tendr\u00e1 lugar en la ciudad de La Plata entre el <strong>24 y el 27 de agosto<\/strong>. La 12\u00b0 edici\u00f3n ser\u00e1 online a trav\u00e9s del <a href=\"https:\/\/www.youtube.com\/channel\/UCbdUT3C1HZ1qv_2QntW60yQ\" target=\"_blank\" rel=\"noopener noreferrer\">canal de YouTube FDA a la carta<\/a>, pudiendo ampliarse a proyecciones especiales en otras plataformas dentro de las fechas estipuladas para el festival.<\/p>\n<p>La convocatoria llama a la presentaci\u00f3n de <strong>cortometrajes<\/strong> <strong>hasta el 30 de mayo de 2021<\/strong> en las siguientes categor\u00edas:<\/p>\n<ul style=\"margin-left: 70px; margin-right: 20px;\"><li><strong>COMPETENCIA FEDERAL DE UNIVERSIDADES P\u00daBLICAS:<\/strong> Podr\u00e1n inscribirse cortometrajes dirigidos por estudiantes o graduados\/as recientes de carreras p\u00fablicas de cine y artes audiovisuales del territorio argentino. La tem\u00e1tica es libre y cada cortometraje deber\u00e1 tener una duraci\u00f3n m\u00e1xima de 20 minutos incluyendo t\u00edtulos y cr\u00e9ditos<\/li>\n<li><strong>COMPETENCIA LATINOAMERICANA:<\/strong> Podr\u00e1n inscribirse cortometrajes dirigidos por estudiantes o graduados\/das recientes de carreras p\u00fablicas (no argentinas) y privadas de Cine y Artes Audiovisuales de Am\u00e9rica Latina. La tem\u00e1tica es libre y cada cortometraje deber\u00e1 tener una duraci\u00f3n m\u00e1xima de 20 minutos incluyendo t\u00edtulos y cr\u00e9ditos<\/li>\n<li><strong>COMPETENCIA VIDEOCREACI\u00d3N-VIDEODANZA-VIDEOCLIP:<\/strong> Podr\u00e1n inscribirse obras audiovisuales dirigidos por estudiantes o graduados\/das recientes de carreras p\u00fablicas y privadas de Cine y Artes Audiovisuales de Am\u00e9rica Latina. La tem\u00e1tica es libre y la duraci\u00f3n m\u00e1xima incluyendo t\u00edtulos y cr\u00e9ditos ser\u00e1 de 12 minutos.<\/li><\/ul> \n\n<div class=\"container-newsbutton\">\n<a class=\"cdab-newsbuttonlink\" href=\"http:\/\/www.festivalrec.com.ar\" target=\"_blank\" rel=\"noopener noreferrer\"><div class=\"cdab-web-newsbutton\">M\u00c1S INFORMACI\u00d3N&#8230;<\/div><\/a><a class=\"cdab-newsbuttonlink\" href=\"https:\/\/www.filmfreeway.com\/FestivalREC\" target=\"_blank\" rel=\"noopener noreferrer\"><div class=\"cdab-web-newsbutton\" style=\"margin-left: 40px;\">INSCRIPCI\u00d3N<\/div><\/a><\/div>\n<hr style=\"margin-bottom: 25px;\"\/>\n<p><a href=\"https:\/\/www.ifargentine.com.ar\/programas\/premio-melies-2021\" target=\"_blank\" rel=\"noopener noreferrer\"><img decoding=\"async\" class=\"publicacion-tapa\" src=\"http:\/\/www.arte.unicen.edu.ar\/cdab\/wp-content\/uploads\/2021\/04\/csvv-banner-melies2021.jpg\" data-fancybox=\"gallery\" data-caption=\"Cuidado social. V\u00ednculo virtual #22\"\/><\/a><\/p>\n<p>El <a href=\"https:\/\/www.ifargentine.com.ar\/programas\/premio-melies-2021\" target=\"_blank\" rel=\"noopener noreferrer\">concurso de cortometrajes Georges M\u00e9li\u00e8s<\/a> fue lanzado con el fin de incentivar y apoyar j\u00f3venes talentos del cine del Cono Sur, as\u00ed como tambi\u00e9n de favorecer la producci\u00f3n y difusi\u00f3n de pel\u00edculas de fuerte identidad cultural, apostando a la promoci\u00f3n de la diversidad. Con m\u00e1s de 1.500 obras presentadas a lo largo de sus 34 ediciones, supo constituirse como un verdadero semillero para los futuros protagonistas de la industria cinematogr\u00e1fica en la regi\u00f3n.<\/p>\n<p>El <a href=\"https:\/\/www.ifargentine.com.ar\/programas\/premio-melies-2021\" target=\"_blank\" rel=\"noopener noreferrer\">concurso Georges M\u00e9li\u00e8s<\/a> siempre ocup\u00f3 un lugar especial para los j\u00f3venes directores argentinos, chilenos, uruguayos y paraguayos. Para muchos, fue una primera etapa en una carrera larga y exitosa. Entre sus ganadores se encuentran nombres como Gast\u00f3n Duprat, Guillermo Pfening, Ivan Fund, Mar\u00eda Victoria Menis, Manuel Abramovich, Alejandro Fadel o Mariano Nante, para quienes el Premio M\u00e9li\u00e8s represent\u00f3 un primer reconocimiento internacional y una oportunidad para llevar adelante nuevos proyectos.<\/p>\n<p>Una vez m\u00e1s, la <a href=\"https:\/\/ar.ambafrance.org\" target=\"_blank\" rel=\"noopener noreferrer\">Embajada de Francia<\/a>\/<a href=\"https:\/\/www.ifargentine.com.ar\" target=\"_blank\" rel=\"noopener noreferrer\">Institut fran\u00e7ais d\u2019Argentine<\/a> lanza el concurso, junto a su socio hist\u00f3rico, la asociaci\u00f3n <a href=\"https:\/\/www.uncipar.com\" target=\"_blank\" rel=\"noopener noreferrer\">UNCIPAR<\/a>, bajo el auspicio del <a href=\"http:\/\/www.incaa.gob.ar\" target=\"_blank\" rel=\"noopener noreferrer\">INCAA<\/a> en el marco del <a href=\"https:\/\/www.mardelplatafilmfest.com\" target=\"_blank\" rel=\"noopener noreferrer\">36\u00b0 Festival de Mar del Plata<\/a>, y la invalorable colaboraci\u00f3n de LATAM Cinema, el Festival Cin\u00e9latino de Toulouse en Francia, Ala Norte, Edgard Allan Post y PCI.<\/p>\n<p>La convocatoria apunta a j\u00f3venes cineastas. Podr\u00e1 participar todo ciudadano <strong>argentino, chileno, paraguayo o uruguayo<\/strong> (es decir que debe tener una des esas 4 nacionalidades, o cualquier ciudadano latinoamericano que tenga residencia en uno de los dichos pa\u00edses desde al menos cinco a\u00f1os), <strong>menor de 35 a\u00f1os<\/strong> (nacido posteriormente al 30 de septiembre de 1986). Deber\u00e1n presentar un cortometraje que podr\u00e1 ser abordado en forma <strong>ficcional, documental, experimental o de animaci\u00f3n<\/strong> de <strong>10 minutos m\u00e1ximo<\/strong> de duraci\u00f3n sobre el <strong>tema &#8220;La mueca&#8221;<\/strong>. <strong>Las obras se recibir\u00e1n hasta el viernes 30 de septiembre de 2021 a las 18 hs.<\/strong><\/p>\n<div class=\"container-newsbutton\">\n<a class=\"cdab-newsbuttonlink\" href=\"https:\/\/drive.google.com\/file\/d\/1nUaM7cy7Ll21IOCltYgrMmKgOechH89r\/view\" target=\"_blank\" rel=\"noopener noreferrer\"><div class=\"cdab-drive-newsbutton\">BASES Y CONDICIONES<\/div><\/a><a class=\"cdab-newsbuttonlink\" href=\"https:\/\/filmmakers.festhome.com\/f\/5873\" target=\"_blank\" rel=\"noopener noreferrer\"><div class=\"cdab-web-newsbutton\" style=\"margin-left: 40px;\">FORMULARIO DE INSCRIPCI\u00d3N<\/div><\/a><\/div>\n<hr style=\"margin-bottom: 25px;\"\/>\n<h3>XII Festival Internacional de CineMigrante<\/h3>\n<p><strong>Hasta el 1 de julio de 2021<\/strong> se encuentra abierta la convocatoria para participar de la <a href=\"https:\/\/www.cinemigrante.org\" target=\"_blank\" rel=\"noopener noreferrer\">12\u00b0 edici\u00f3n del Festival Internacional CineMigrante<\/a> a realizarse entre el <strong>21 y 29 de septiembre de 2021<\/strong>.<\/p>\n<p>Podr\u00e1n participar todos aquellos largometrajes, mediometrajes y cortometrajes que aborden la movilidad humana, entendi\u00e9ndola desde la simple necesidad de movimiento del cuerpo; desde la acci\u00f3n de caminar un territorio en busca de un sustento; desde la necesidad de salir de un estado de guerra, de conflictividad; desde un movimiento que cruza una frontera f\u00edsica, interna o imaginaria, que sale del estado de indefensi\u00f3n hacia la acci\u00f3n; desde el habitar un nuevo espacio, ocuparlo y modificarlo.<\/p>\n<p>Se reciben obras en los g\u00e9neros documental, ficci\u00f3n, animaci\u00f3n y experimental, producidas con posterioridad al a\u00f1o 2018.<\/p>\n<div style=\"margin: 15px auto 25px; text-align: center;\"><a href=\"http:\/\/www.arte.unicen.edu.ar\/cdab\/wp-content\/uploads\/2021\/05\/csvv-cinemigrante-flyer.jpg\" data-fancybox=\"gallery\" data-caption=\"Cuidado social. V\u00ednculo virtual #22\"><img loading=\"lazy\" decoding=\"async\" class=\"aligncenter size-full publicacion-tapa\" src=\"http:\/\/www.arte.unicen.edu.ar\/cdab\/wp-content\/uploads\/2021\/05\/csvv-cinemigrante-flyer-600x600.jpg\" alt=\"XII Festival Internacional de CineMigrante\" title=\"XII Festival Internacional de CineMigrante\" width=\"400\" height=\"400\" border=\"0\"\/><\/a><\/div>\n<div class=\"container-newsbutton\">\n<a class=\"cdab-newsbuttonlink\" href=\"https:\/\/www.cinemigrante.org\" target=\"_blank\" rel=\"noopener noreferrer\"><div class=\"cdab-web-newsbutton\">M\u00c1S INFORMACI\u00d3N&#8230;<\/div><\/a><a class=\"cdab-newsbuttonlink\" href=\"https:\/\/www.cinemigrante.org\/reglamento\" target=\"_blank\" rel=\"noopener noreferrer\"><div class=\"cdab-web-newsbutton\" style=\"margin-left: 40px;\">REGLAMENTO<\/div><\/a><a class=\"cdab-newsbuttonlink\" href=\"https:\/\/www.cinemigrante.org\/inscripcion\" target=\"_blank\" rel=\"noopener noreferrer\"><div class=\"cdab-web-newsbutton\" style=\"margin-left: 40px;\">FORMULARIO DE INSCRIPCI\u00d3N<\/div><\/a><\/div>\n<hr style=\"margin-bottom: 25px;\"\/>\n<p><a href=\"https:\/\/www.puntoyrayafestival.com\" target=\"_blank\" rel=\"noopener noreferrer\"><img decoding=\"async\" class=\"publicacion-tapa\" src=\"http:\/\/www.arte.unicen.edu.ar\/cdab\/wp-content\/uploads\/2021\/04\/csvv-banner-puntoraya2021.jpg\" data-fancybox=\"gallery\" data-caption=\"Cuidado social. V\u00ednculo virtual #22\"\/><\/a><\/p>\n<p>Esta convocatoria est\u00e1 dirigida a cortometrajes construidos \u00edntegramente con im\u00e1genes abstractas e invita a lxs autorxs a concentrarse en la expresividad de los elementos que constituyen el arte audiovisual en su estado m\u00e1s puro: forma, color, movimiento, sonido. Nada de representaci\u00f3n, s\u00f3lo Puntos y Rayas como fines en s\u00ed mismos.<\/p>\n<p>La participaci\u00f3n es gratuita y los registros se realizan a trav\u00e9s de la web. Se acepta cualquier t\u00e9cnica: dibujo, v\u00eddeo composici\u00f3n, CGI, scratch, op-art, stop motion, animaci\u00f3n sin c\u00e1mara. La banda sonora no puede contener palabras en ning\u00fan idioma. La duraci\u00f3n m\u00e1xima es de 8 minutos.<\/p>\n<div class=\"container-newsbutton\">\n<a class=\"cdab-newsbuttonlink\" href=\"https:\/\/www.puntoyrayafestival.com\" target=\"_blank\" rel=\"noopener noreferrer\"><div class=\"cdab-web-newsbutton\">M\u00c1S INFORMACI\u00d3N&#8230;<\/div><\/a><\/div>\n<hr style=\"margin-bottom: 25px;\"\/>\n<p><a href=\"https:\/\/www.ifargentine.com.ar\/programas\/premio-melies-2021\" target=\"_blank\" rel=\"noopener noreferrer\"><img decoding=\"async\" class=\"publicacion-tapa\" src=\"http:\/\/www.arte.unicen.edu.ar\/cdab\/wp-content\/uploads\/2021\/04\/csvv-banner-lectoresborges.jpg\" data-fancybox=\"gallery\" data-caption=\"Cuidado social. V\u00ednculo virtual #22\"\/><\/a><\/p>\n<p>La <a href=\"https:\/\/www.bn.gov.ar\">Biblioteca Nacional<\/a> junto al Centro de Historieta y Humor Gr\u00e1fico Argentinos invit\u00f3 a un conjunto de artistas de un amplio y diverso espectro para que cada uno aborde alg\u00fan objeto, figura o escena de la obra ficcional de <strong>Borges<\/strong>.<\/p>\n<p>Se reuni\u00f3 as\u00ed una extraordinaria galer\u00eda en la que cada uno de los veinticinco artistas convocados aport\u00f3 su particular visi\u00f3n, t\u00e9cnica y procedimiento, en una celebraci\u00f3n de las inagotables lecturas que ofrece <strong>Borges<\/strong>. El ilustrador es en primer lugar un lector que luego ofrece su propia lectura en un lenguaje diferente al del texto original. De esta manera el dibujo nunca es mera traducci\u00f3n de un lenguaje a otro, sino interpretaci\u00f3n y recreaci\u00f3n. En ese nodo de lenguajes reside el fascinante secreto de las narrativas gr\u00e1ficas.<\/p>\n<p>Casi todos los que participaron son historietistas o lo han sido. La gran mayor\u00eda crearon especialmente para esta convocatoria la obra que se exhibe. La exposici\u00f3n progresa de acuerdo al orden de publicaci\u00f3n en libro de cada texto original de <strong>Borges<\/strong>, lo que resulta en que se inicie con una de las pinturas en acr\u00edlico que Alberto Breccia, &#8220;El Viejo&#8221;, di\u00f3 en su \u00faltima etapa creativa, consagrada a la ilustraci\u00f3n de obras de <strong>Borges<\/strong>.<\/p>\n<div class=\"container-newsbutton\">\n<a class=\"cdab-newsbuttonlink\" href=\"https:\/\/exposiciones.bn.gov.ar\/lectores-de-borges-dibujantes\" target=\"_blank\" rel=\"noopener noreferrer\"><div class=\"cdab-web-newsbutton\">ACCEDER A MUESTRA DIGITAL: LECTORES DE BORGES<\/div><\/a><\/div>\n<hr style=\"margin-bottom: 25px;\"\/>\n<h3>Fondo Internacional para la Diversidad Cultural de la Unesco: Invirtiendo en Creatividad<\/h3>\n<p>Del <strong>17 de marzo de 2021 al 16 de junio de 2021<\/strong> est\u00e1 abierta la convocatoria para participar en el ciclo 2021 del <strong>Fondo Internacional para la Diversidad Cultural (FIDC)<\/strong> de la UNESCO. Los proyectos deben tener como finalidad la generaci\u00f3n de cambios estructurales a trav\u00e9s de actividades que promuevan la diversidad de las expresiones culturales.<\/p>\n<p>La convocatoria est\u00e1 dirigida a organismos del sector p\u00fablico y organizaciones de la sociedad civil de todo el pa\u00eds. El monto m\u00e1ximo que se puede solicitar por proyecto es de U$S 100.000.<\/p>\n<p>La solicitud del Fondo se realiza, en ingl\u00e9s o franc\u00e9s, \u00fanicamente por medio de la carga del proyecto a trav\u00e9s de la <a href=\"https:\/\/en.unesco.org\/creativity\/ifcd\/apply\" target=\"_blank\" rel=\"noopener noreferrer\">Plataforma Online<\/a>. Las consultas deber\u00e1n realizarse por correo electr\u00f3nico a: <a href=\"mailto:fidc @ cultura.gob.ar\">fidc@cultura.gob.ar<\/a>. La selecci\u00f3n ser\u00e1 publicada en la p\u00e1gina oficial de la UNESCO.<\/p>\n<div class=\"container-newsbutton\">\n<a class=\"cdab-newsbuttonlink\" href=\"https:\/\/www.cultura.gob.ar\/fondo-internacional-para-la-diversidad-cultural-de-la-unesco-invirtien-10459\" target=\"_blank\" rel=\"noopener noreferrer\"><div class=\"cdab-web-newsbutton\">M\u00c1S INFORMACI\u00d3N&#8230;<\/div><\/a><a class=\"cdab-newsbuttonlink\" href=\"https:\/\/www.cultura.gob.ar\/media\/uploads\/explicacionenespanol.pdf\" target=\"_blank\" rel=\"noopener noreferrer\" style=\"margin-left: 20px;\"><div class=\"cdab-pdf-newsbutton\">BASES Y CONDICIONES<\/div><\/a><a class=\"cdab-newsbuttonlink\" href=\"https:\/\/www.cultura.gob.ar\/media\/uploads\/guia.pdf\" target=\"_blank\" rel=\"noopener noreferrer\" style=\"margin-left: 20px;\"><div class=\"cdab-pdf-newsbutton\">GU\u00cdA<\/div><\/a><a class=\"cdab-newsbuttonlink\" href=\"https:\/\/www.cultura.gob.ar\/media\/uploads\/documentacionrequerida.pdf.pdf\" target=\"_blank\" rel=\"noopener noreferrer\" style=\"margin-left: 20px;\"><div class=\"cdab-pdf-newsbutton\">DOCUMENTACI\u00d3N<\/div><\/a><\/div>\n<hr style=\"margin-bottom: 25px;\"\/>\n<p><img loading=\"lazy\" decoding=\"async\" width=\"170\" height=\"170\" class=\"alignright size-full wp-image-4077\" style=\"border: 0px; border-radius: 170px; margin-bottom: 35px;\" src=\"http:\/\/www.arte.unicen.edu.ar\/cdab\/wp-content\/uploads\/2021\/04\/csvv-rma.jpg\" alt=\"Registro de Museos Argentinos (RMA)\" title=\"Registro de Museos Argentinos (RMA)\" \/><h3>Registro de Museos Argentinos (RMA)<\/h3><\/p>\n<p>La Secretar\u00eda de Patrimonio Cultural presenta el <a href=\"https:\/\/rma.cultura.gob.ar\" target=\"_blank\" rel=\"noopener noreferrer\">Registro de Museos Argentinos<\/a>, la nueva plataforma digital que pone en red a todos los museos del pa\u00eds y difunde la diversidad de nuestro patrimonio para que puedas conocer los m\u00e1s de 400 museos, desde cualquier lugar del pa\u00eds y del mundo.<\/p>\n<p>Se trata de una plataforma digital que re\u00fane museos estatales y privados, urbanos y rurales, desde Jujuy hasta Tierra del Fuego. Desde sus or\u00edgenes, los museos tienen la funci\u00f3n de conservar, investigar, resguardar y exhibir los patrimonios de un pueblo pero tambi\u00e9n son espacios din\u00e1micos y transformadores. Retomando los principios de la reconocida Mesa Redonda de Santiago de Chile de 1972 -que ha marcado el rumbo de la museolog\u00eda latinoamericana- el <a href=\"https:\/\/rma.cultura.gob.ar\" target=\"_blank\" rel=\"noopener noreferrer\">RMA<\/a> aspira a promover <em>&#8220;museos que se hagan cargo de problem\u00e1ticas territoriales y de nuevos, m\u00faltiples y diversos patrimonios; museos que se reconozcan como agentes de cambio y promotores de desarrollo, que dan un salto cualitativo para transformarse en s\u00f3lidas plataformas de gesti\u00f3n con el objetivo de colaborar a mejorar la calidad de vida de las personas&#8221;<\/em>.<\/p>\n<div align=\"center\" style=\"margin: 20px auto\"><iframe loading=\"lazy\" width=\"700\" height=\"394\" src=\"https:\/\/www.youtube.com\/embed\/0YG5awFMvpk\" frameborder=\"0\" allow=\"accelerometer; autoplay; encrypted-media; gyroscope; picture-in-picture\" allowfullscreen><\/iframe><\/div>\n<div class=\"container-newsbutton\">\n<a class=\"cdab-newsbuttonlink\" href=\"https:\/\/rma.cultura.gob.ar\" target=\"_blank\" rel=\"noopener noreferrer\"><div class=\"cdab-web-newsbutton\">ACCEDER A REGISTRO DE MUSEOS ARGENTINOS<\/div><\/a><\/div>\n<hr style=\"margin-bottom: 25px;\"\/>\n<h3>Workshops virtuales | Secretar\u00eda de Extensi\u00f3n (FA, UNICEN)<br \/><span style=\"font-size: 16px;\">&#8220;Kit de supervivencia. Estrategias para la producci\u00f3n e interpretaci\u00f3n de discursos&#8221; por Patricia Mart\u00ednez Castillo y &#8220;Yo quiero contar&#8221; por Julia Esquibel<\/span><\/h3>\n<p>Se encuentra abierta la inscripci\u00f3n para participar de 2 nuevos <em>workshops<\/em> que se realizar\u00e1n durante <strong>junio de 2021<\/strong>, coordinados por la <a href=\"http:\/\/www.arte.unicen.edu.ar\/secretarias\/extension\" target=\"_blank\" rel=\"noopener noreferrer\">Secretar\u00eda de Extensi\u00f3n<\/a> de la <a href=\"http:\/\/www.arte.unicen.edu.ar\" target=\"_blank\" rel=\"noopener noreferrer\">Facultad de Arte<\/a> (<a href=\"http:\/\/www.unicen.edu.ar\" target=\"_blank\" rel=\"noopener noreferrer\">UNICEN<\/a>). Las propuestas se llevar\u00e1n a cabo de manera virtual mediante la plataforma de videollamadas Zoom y son gratuitas. Lxs interesadxs podr\u00e1n inscribirse <strong>hasta el martes 1 o lunes 7 de junio respectivamente<\/strong>.<\/p>\n<h3><a href=\"http:\/\/www.arte.unicen.edu.ar\/cdab\/wp-content\/uploads\/2021\/05\/csvv-workshop-interdiscursos.jpg\" data-fancybox=\"gallery\" data-caption=\"Cuidado social. V\u00ednculo virtual #22\"><img decoding=\"async\" class=\"cdab-tapa-instidentpoet-index publicacion-tapa\" title=\"Workshop 'Kit de supervivencia. Estrategias para la producci\u00f3n e interpretaci\u00f3n de discursos' por Patricia Mart\u00ednez Castillo\" src=\"http:\/\/www.arte.unicen.edu.ar\/cdab\/wp-content\/uploads\/2021\/05\/csvv-workshop-interdiscursos.jpg\" alt=\"Workshop 'Kit de supervivencia. Estrategias para la producci\u00f3n e interpretaci\u00f3n de discursos' por Patricia Mart\u00ednez Castillo\" style=\"width: 250px; height: 289px; float: right; border: 10px solid #fff; box-shadow: 0 0 5px rgba(0, 0, 0, 0.1); -webkit-box-shadow: 0 0 5px rgba(0, 0, 0, 0.1); -moz-box-shadow: 0 0 5px rgba(0, 0, 0, 0.1); display: block; margin: 0px 0px 22px 22px;\"\/><\/a><span style=\"font-size: 16px;\">Workshop &#8220;Kit de supervivencia. Estrategias para la producci\u00f3n e interpretaci\u00f3n de discursos&#8221; a cargo de Patricia Mart\u00ednez Castillo<\/span><\/h3>\n<p><strong>Jueves 3 y jueves 10 de junio de 10 a 12 hs.<\/strong><\/p>\n<p>Este workshop se origina como una propuesta de apoyo a las trayectorias educativas, en donde los nuevos desaf\u00edos de la escritura y la oralidad a nivel de la producci\u00f3n de textos, se presenta dentro de nuevas pr\u00e1cticas y saberes como la hipertextualidad y el mundo digital. As\u00ed, un proceso de contenci\u00f3n con herramientas b\u00e1sicas para el fortalecimiento de habilidades interpretativas y pautas convenientes para la ejercitaci\u00f3n lecto-escritora, pueden permitir la construcci\u00f3n de tiempos de estudio, eficientes a partir de la incorporaci\u00f3n de ejercicios de lectura, escritura y argumentaci\u00f3n. El refuerzo, afianzamiento y socializaci\u00f3n de fortalezas y dificultades en un espacio de workshop permite mejorar el tr\u00e1nsito por diferentes instancias de aprendizaje que en principio son desafiantes, este espacio de inclusi\u00f3n busca mejorar la permanencia y la construcci\u00f3n de saberes cr\u00edticos dentro de la formaci\u00f3n acad\u00e9mica.<\/p>\n<p>Entre sus objetivos, el workshop se propone introducir en la lectura con enfoque cr\u00edtico y la construcci\u00f3n de discursos (orales y escritos) con argumentaci\u00f3n y la escritura acad\u00e9mica; potenciar la mirada cr\u00edtica sobre la lectura de textos con \u00e9nfasis en abordajes interpretativos e Incentivar la creaci\u00f3n y realizaci\u00f3n de textos en tipograf\u00edas como ensayo y resumen.<\/p>\n<div class=\"container-newsbutton\" style=\"margin-bottom: 40px;\">\n<a class=\"cdab-newsbuttonlink\" href=\"https:\/\/docs.google.com\/forms\/d\/1-H22Ba8A_xPch5-cNY3JCKuyoPtJvPfuds6QLSJYJ0E\/viewform\" target=\"_blank\" rel=\"noopener noreferrer\"><div class=\"cdab-facarte-newsbutton\">FORMULARIO DE INSCRIPCI\u00d3N<\/div><\/a>\n<\/div>\n<h3><a href=\"http:\/\/www.arte.unicen.edu.ar\/cdab\/wp-content\/uploads\/2021\/05\/csvv-workshop-quierocontar.jpg\" data-fancybox=\"gallery\" data-caption=\"Cuidado social. V\u00ednculo virtual #22\"><img decoding=\"async\" class=\"cdab-tapa-instidentpoet-index publicacion-tapa\" title=\"Workshop 'Yo quiero contar' a cargo de Julia Esquibel\" src=\"http:\/\/www.arte.unicen.edu.ar\/cdab\/wp-content\/uploads\/2021\/05\/csvv-workshop-quierocontar.jpg\" alt=\"Workshop 'Yo quiero contar' a cargo de Julia Esquibel\" style=\"width: 250px; height: 250px; float: right; border: 10px solid #fff; box-shadow: 0 0 5px rgba(0, 0, 0, 0.1); -webkit-box-shadow: 0 0 5px rgba(0, 0, 0, 0.1); -moz-box-shadow: 0 0 5px rgba(0, 0, 0, 0.1); display: block; margin: 0px 0px 22px 22px;\"\/><\/a><span style=\"font-size: 16px;\"><span style=\"font-size: 16px;\">Workshop &#8220;Yo quiero contar&#8221; a cargo de Julia Esquibel<\/span><\/span><\/h3>\n<p><strong>Mi\u00e9rcoles 9 y mi\u00e9rcoles 16 de junio de 19 a 21 hs.<\/strong><\/p>\n<p>El taller est\u00e1 dirigido a todos\/as los\/as interesados\/as, mayores de 18 a\u00f1os. Busca fomentar el desarrollo de la narraci\u00f3n oral como herramienta esc\u00e9nica popular que resulta accesible a cualquier persona, tenga o no experiencia teatral. Desde este primer enfoque consideramos que la voz propia y particular cobra fuerza, reforzando la identidad, y d\u00e1ndole a cada narrador\/ narradora, la posibilidad de compartir su mirada del mundo.\nEste espacio se propone que cada participante logre aprehender la herramienta por medio de la cual narrar una historia.<\/p>\n<p>Entre los contenidos a abordar se encuentran: la expresividad; el ritmo; las pausas; los silencios y las aceleraciones de la palabra; la mirada y la improvisaci\u00f3n como herramienta vital del narrar \u201ccon\u201d el p\u00fablico, y no \u201cpara\u201d el p\u00fablico; la identidad:; las capacidades personales puestas al servicio del cuento; la voz propia.<\/p>\n<div class=\"container-newsbutton\">\n<a class=\"cdab-newsbuttonlink\" href=\"https:\/\/docs.google.com\/forms\/d\/1xmFBt-vYcGnkNZ3AgfLtGB8F-R0jgTZlhwKHpFB1N8o\/closedform\" target=\"_blank\" rel=\"noopener noreferrer\"><div class=\"cdab-facarte-newsbutton\">FORMULARIO DE INSCRIPCI\u00d3N<\/div><\/a>\n<\/div>\n<\/div><\/div>\n\n<div id=\"podcast\" class=\"csvv-right2021\">\n<div class=\"csvv-card2021\"><div class=\"cdab-especial-covid19-card-icon podcast\"><i class=\"fa fa-headphones\" aria-hidden=\"true\"><\/i><\/div><div class=\"cdab-especial-covid19-card-title podcast\">PODCASTS<\/div>\n<p><img loading=\"lazy\" decoding=\"async\" width=\"170\" height=\"170\" class=\"alignleft size-full wp-image-4077\" style=\"border: 0px; border-radius: 170px; margin-bottom: 30px;\" src=\"http:\/\/www.arte.unicen.edu.ar\/cdab\/wp-content\/uploads\/2021\/04\/normanube-podcast.jpg\" alt=\"Norma en la nube\" title=\"Norma en la nube\" \/><h3>Norma en la nube<\/h3><\/p><p>\u00bfCu\u00e1nto hace que no te cuentan un cuento? <strong>Norma Aleandro<\/strong>, icono de la cultura hispanoparlante, te propone un encuentro en la nube. Un rinc\u00f3n secreto formado por exquisitos relatos, fruto de su inspiraci\u00f3n luminosa. En este maravilloso vuelo transitaremos por atm\u00f3sferas po\u00e9ticas, fantas\u00edas exuberantes y daremos inesperados giros y saltos gracias a su maravilloso humor y su imaginaci\u00f3n desinhibida. Un podcast original de <a href=\"http:\/\/www.filmandarts.tv\" target=\"_blank\" rel=\"noopener noreferrer\">Film&#038;Arts<\/a>.<\/p>\n<div class=\"container-newsbutton\"><a class=\"cdab-newsbuttonlink\" href=\"https:\/\/open.spotify.com\/show\/7vMwWLAkBkiXW2nwbqYBQ0\" target=\"_blank\" rel=\"noopener noreferrer\"><div class=\"cdab-spotify-newsbutton\">ESCUCHAR EN SPOTIFY<\/div><\/a><a class=\"cdab-newsbuttonlink\" href=\"http:\/\/www.filmandarts.tv\/podcasts\/norma-en-la-nube\" target=\"_blank\" rel=\"noopener noreferrer\" style=\"margin-left: 50px;\"><div class=\"cdab-web-newsbutton\">ESCUCHAR EN FILM&#038;ARTS<\/div><\/a><\/div>\n<hr style=\"margin-bottom: 25px;\"\/>\n<p><img loading=\"lazy\" decoding=\"async\" width=\"170\" height=\"170\" class=\"alignleft size-full wp-image-4077\" style=\"border: 0px; border-radius: 170px; margin-bottom: 40px;\" src=\"http:\/\/www.arte.unicen.edu.ar\/cdab\/wp-content\/uploads\/2021\/04\/borgesvidacine-podcast.jpg\" alt=\"Graciela Borges: Mi vida en el cine\" title=\"Graciela Borges: Mi vida en el cine\" \/><h3>Graciela Borges: Mi vida en el cine<\/h3><\/p><p>En este podcast original de <a href=\"http:\/\/www.filmandarts.tv\" target=\"_blank\" rel=\"noopener noreferrer\">Film&#038;Arts<\/a>, <strong>Graciela Borges<\/strong> relata siete d\u00e9cadas de protagonismo en el cine. Un recorrido hist\u00f3rico in\u00e9dito de su carrera, en donde escucharemos a la mujer que se codeo con Paul Newman y Audrey Hepburn y tambi\u00e9n a la ni\u00f1a que a los 14 a\u00f1os recibi\u00f3 un regalo inesperado y premonitorio: el permiso de usar como nombre art\u00edstico el apellido del escritor m\u00e1s universal que ha dado Latinoam\u00e9rica. Conoceremos las aventuras de una actriz que trabaj\u00f3 con una lista dorada de directores, las grandezas y miserias de una vida dedicada pasionalmente al cine, compartiendo sets de filmaci\u00f3n con actores de la talla de Lautaro Mur\u00faa, Alfredo Alc\u00f3n, Alberto de Mendoza, Federico Luppi, Alberto Argibay, Walter Vidarte, Luis Brandoni, Jorge Marrale, Gian Maria Volont\u00e9 y Fernando Fern\u00e1n Gomez, entre otros. Bienvenidos a la perspectiva intima de una artista irrepetible.<\/p>\n<div class=\"container-newsbutton\"><a class=\"cdab-newsbuttonlink\" href=\"https:\/\/open.spotify.com\/show\/6AppZEIW3Y8wY7WKYQQ5AM\" target=\"_blank\" rel=\"noopener noreferrer\"><div class=\"cdab-spotify-newsbutton\">ESCUCHAR EN SPOTIFY<\/div><\/a><a class=\"cdab-newsbuttonlink\" href=\"http:\/\/www.filmandarts.tv\/podcasts\/graciela-borges-mi-vida-en-el-cine\" target=\"_blank\" rel=\"noopener noreferrer\" style=\"margin-left: 50px;\"><div class=\"cdab-web-newsbutton\">ESCUCHAR EN FILM&#038;ARTS<\/div><\/a><\/div>\n<hr style=\"margin-bottom: 25px;\"\/>\n<p><img loading=\"lazy\" decoding=\"async\" width=\"170\" height=\"170\" class=\"alignleft size-full wp-image-4077\" style=\"border: 0px; border-radius: 170px; margin-bottom: 40px;\" src=\"http:\/\/www.arte.unicen.edu.ar\/cdab\/wp-content\/uploads\/2021\/05\/dropthemic-podcast.jpg\" alt=\"Drop The Mic News\" title=\"Drop The Mic News\" \/><h3>Drop The Mic News<\/h3><\/p><p>Alejandra Torres y Agust\u00edn Espada realizan un resumen de lo que est\u00e1 sucediendo en el mundo del podcasting y la radio, investigan y debaten tendencias, y entrevistan a referentes del sector.<\/p>\n<div class=\"container-newsbutton\"><a class=\"cdab-newsbuttonlink\" href=\"https:\/\/open.spotify.com\/show\/18l0N5l0iPs2wDEzd6M6gD\" target=\"_blank\" rel=\"noopener noreferrer\"><div class=\"cdab-spotify-newsbutton\">ESCUCHAR EN SPOTIFY<\/div><\/a><\/div>\n<\/div><\/div>\n\n<div id=\"ninios\" class=\"csvv-right2021\">\n<div class=\"csvv-card2021\"><div class=\"cdab-especial-covid19-card-icon ninios\"><i class=\"fa fa-child\" aria-hidden=\"true\" style=\"margin-left: 3px;\"><\/i><\/div><div class=\"cdab-especial-covid19-card-title ninios\">PARA NUESTRXS NI\u00d1XS<\/div>\n<p><a href=\"https:\/\/www.educ.ar\/recursos\/150065\/realidad-virtual\" target=\"_blank\" rel=\"noopener noreferrer\"><img decoding=\"async\" class=\"publicacion-tapa\" src=\"http:\/\/www.arte.unicen.edu.ar\/cdab\/wp-content\/uploads\/2021\/05\/csvv-360educar-banner.jpg\" data-fancybox=\"gallery\" data-caption=\"Cuidado social. V\u00ednculo virtual #22\"\/><\/a><\/p><p>El portal <a href=\"https:\/\/www.educ.ar\" target=\"_blank\" rel=\"noopener noreferrer\">Educ.ar<\/a> ofrece una colecci\u00f3n de videos en formato 360\u00b0 y realidad virtual, que transforman los recorridos virtuales en verdaderas experiencias educativas. Este proyecto pone a disposici\u00f3n de la comunidad contenidos especialmente desarrollados para estudiantes de escuelas primarias, secundaria y de modalidad hospitalarias.<\/p>\n<p>Una dimensi\u00f3n formada por poliedros, la ca\u00edda libre desde un avi\u00f3n, los misterios del universo, el ascenso a la cumbre de un volc\u00e1n, un viaje hacia el interior del cuerpo humano, las decisiones de la Primera Junta durante el 25 de mayo de 1810 y los secretos del Teatro Col\u00f3n o la Pen\u00ednsula de Vald\u00e9s son s\u00f3lo algunos de los recorridos 360\u00b0 que pod\u00e9s realizar mediante la web.<\/p>\n<div align=\"center\" style=\"margin: 20px auto;\"><iframe loading=\"lazy\" width=\"700\" height=\"394\" src=\"https:\/\/www.youtube.com\/embed\/QR9I-e9Wq3U\" frameborder=\"0\" allow=\"accelerometer; autoplay; encrypted-media; gyroscope; picture-in-picture\" allowfullscreen><\/iframe><\/div>\n<div align=\"center\" style=\"margin: 20px auto;\"><iframe loading=\"lazy\" width=\"700\" height=\"394\" src=\"https:\/\/www.youtube.com\/embed\/EVSVCqjLdxk\" frameborder=\"0\" allow=\"accelerometer; autoplay; encrypted-media; gyroscope; picture-in-picture\" allowfullscreen><\/iframe><\/div>\n<div align=\"center\" style=\"margin: 20px auto;\"><iframe loading=\"lazy\" width=\"700\" height=\"394\" src=\"https:\/\/www.youtube.com\/embed\/gM1qYHa0UBk\" frameborder=\"0\" allow=\"accelerometer; autoplay; encrypted-media; gyroscope; picture-in-picture\" allowfullscreen><\/iframe><\/div>\n<div align=\"center\" style=\"margin: 20px auto;\"><iframe loading=\"lazy\" width=\"700\" height=\"394\" src=\"https:\/\/www.youtube.com\/embed\/-ywC-ANXfrw\" frameborder=\"0\" allow=\"accelerometer; autoplay; encrypted-media; gyroscope; picture-in-picture\" allowfullscreen><\/iframe><\/div>\n<div class=\"container-newsbutton\"><a class=\"cdab-newsbuttonlink\" href=\"https:\/\/www.educ.ar\/recursos\/150065\/realidad-virtual\" target=\"_blank\" rel=\"noopener noreferrer\"><div class=\"cdab-web-newsbutton\">ACCEDER A EXPERIENCIA 360\u00b0 EN EDUC.AR<\/div><\/a><\/div>\n<\/div><\/div>\n<\/div>","protected":false},"excerpt":{"rendered":"<p>Su navegador no soporta video en HTML5. edici\u00f3n 2021 | #22 Haga click para ver el contenido&#8230; Novedades Libros Revistas acad\u00e9micas Teatro Audiovisual Investigaci\u00f3n y posgrado De nuestrxs graduadxs Links &#038; convocatorias Podcast Para nuestrxs ni\u00f1xs Una iniciativa de la Secretar\u00eda de Investigaci\u00f3n y Posgrado para seguir form\u00e1ndonos y reflexionando sobre el arte sin dejar de cuidarnos ante la pandemia [&hellip;]<\/p>\n","protected":false},"author":1,"featured_media":19160,"comment_status":"closed","ping_status":"closed","sticky":false,"template":"","format":"standard","meta":{"_acf_changed":false,"footnotes":""},"categories":[2497],"tags":[],"class_list":["post-18878","post","type-post","status-publish","format-standard","has-post-thumbnail","hentry","category-newsletter"],"acf":[],"_links":{"self":[{"href":"https:\/\/www.arte.unicen.edu.ar\/cdab\/wp-json\/wp\/v2\/posts\/18878","targetHints":{"allow":["GET"]}}],"collection":[{"href":"https:\/\/www.arte.unicen.edu.ar\/cdab\/wp-json\/wp\/v2\/posts"}],"about":[{"href":"https:\/\/www.arte.unicen.edu.ar\/cdab\/wp-json\/wp\/v2\/types\/post"}],"author":[{"embeddable":true,"href":"https:\/\/www.arte.unicen.edu.ar\/cdab\/wp-json\/wp\/v2\/users\/1"}],"replies":[{"embeddable":true,"href":"https:\/\/www.arte.unicen.edu.ar\/cdab\/wp-json\/wp\/v2\/comments?post=18878"}],"version-history":[{"count":2,"href":"https:\/\/www.arte.unicen.edu.ar\/cdab\/wp-json\/wp\/v2\/posts\/18878\/revisions"}],"predecessor-version":[{"id":21056,"href":"https:\/\/www.arte.unicen.edu.ar\/cdab\/wp-json\/wp\/v2\/posts\/18878\/revisions\/21056"}],"wp:featuredmedia":[{"embeddable":true,"href":"https:\/\/www.arte.unicen.edu.ar\/cdab\/wp-json\/wp\/v2\/media\/19160"}],"wp:attachment":[{"href":"https:\/\/www.arte.unicen.edu.ar\/cdab\/wp-json\/wp\/v2\/media?parent=18878"}],"wp:term":[{"taxonomy":"category","embeddable":true,"href":"https:\/\/www.arte.unicen.edu.ar\/cdab\/wp-json\/wp\/v2\/categories?post=18878"},{"taxonomy":"post_tag","embeddable":true,"href":"https:\/\/www.arte.unicen.edu.ar\/cdab\/wp-json\/wp\/v2\/tags?post=18878"}],"curies":[{"name":"wp","href":"https:\/\/api.w.org\/{rel}","templated":true}]}}