{"id":17725,"date":"2021-04-13T10:00:11","date_gmt":"2021-04-13T13:00:11","guid":{"rendered":"http:\/\/www.arte.unicen.edu.ar\/cdab\/?p=17725"},"modified":"2021-05-14T00:55:46","modified_gmt":"2021-05-14T03:55:46","slug":"cuidado-social-vinculo-virtual-21","status":"publish","type":"post","link":"https:\/\/www.arte.unicen.edu.ar\/cdab\/cuidado-social-vinculo-virtual-21\/","title":{"rendered":"Cuidado social. V\u00ednculo virtual #21"},"content":{"rendered":"\n<div class=\"csvv2021-container\"><div class=\"csvv-left2021\"><video autoplay muted loop style=\"width: 180px; text-align: center; margin: -10px auto 0px; display: block;\" poster=\"http:\/\/www.arte.unicen.edu.ar\/cdab\/wp-content\/uploads\/2021\/02\/csvv-edicion2021-logo.png\"><source src=\"http:\/\/www.arte.unicen.edu.ar\/cdab\/wp-content\/uploads\/2021\/02\/logo-csvv-2021.mp4\" type=\"video\/mp4\"\/>Su navegador no soporta video en HTML5.<\/video>\n<div style=\"font-size: 18px; font-family: 'Roboto Slab', 'Libre Franklin', arial, helvetica, sans-serif; color: #732763; margin-bottom: 10px; padding: 0px 20px; text-align: center;\">edici\u00f3n 2021 | #21<\/div>\n<p>Haga click para ver el contenido&#8230;<\/p>\n  <button class=\"tablinks novedades\" onclick=\"openCsvv(event, 'novedades')\" id=\"defaultOpen\"><i class=\"fa fa-newspaper-o\" aria-hidden=\"true\" style=\"margin-right: 12px;\"><\/i>Novedades<\/button>\n  <button class=\"tablinks libros\" onclick=\"openCsvv(event, 'libros')\"><i class=\"fa fa-book\" aria-hidden=\"true\" style=\"margin-right: 12px;\"><\/i>Libros<\/button>\n  <button class=\"tablinks revistasacad\" onclick=\"openCsvv(event, 'revistasacad')\"><i class=\"fa fa-file-text-o\" aria-hidden=\"true\" style=\"margin-right: 14px;\"><\/i>Revistas acad\u00e9micas<\/button>\n  <button class=\"tablinks teatro\" onclick=\"openCsvv(event, 'teatro')\"><i class=\"fa fa-comments-o\" aria-hidden=\"true\" style=\"margin-right: 12px;\"><\/i>Teatro<\/button>\n  <button class=\"tablinks audiovisual\" onclick=\"openCsvv(event, 'audiovisual')\"><i class=\"fa fa-film\" aria-hidden=\"true\" style=\"margin-right: 12px;\"><\/i>Audiovisual<\/button>\n  <button class=\"tablinks formacion\" onclick=\"openCsvv(event, 'formacion')\"><i class=\"fa fa-university\" aria-hidden=\"true\" style=\"margin-right: 10px;\"><\/i>Formaci\u00f3n<\/button>\n  <button class=\"tablinks investigacion\" onclick=\"openCsvv(event, 'investigacion')\"><i class=\"fa fa-graduation-cap\" aria-hidden=\"true\" style=\"margin-right: 10px;\"><\/i>Investigaci\u00f3n y posgrado<\/button>\n  <button class=\"tablinks investigacion\" onclick=\"openCsvv(event, 'graduadxs')\"><i class=\"fa fa-graduation-cap\" aria-hidden=\"true\" style=\"margin-right: 10px;\"><\/i>De nuestrxs graduadxs<\/button>\n  <button class=\"tablinks links\" onclick=\"openCsvv(event, 'links')\"><i class=\"fa fa-hand-pointer-o\" aria-hidden=\"true\" style=\"margin-right: 12px;\"><\/i>Links &#038; convocatorias<\/button>\n  <button class=\"tablinks podcast\" onclick=\"openCsvv(event, 'podcast')\"><i class=\"fa fa-headphones\" aria-hidden=\"true\" style=\"margin-right: 12px;\"><\/i>Podcast<\/button>\n  <button class=\"tablinks ninios\" onclick=\"openCsvv(event, 'ninios')\"><i class=\"fa fa-child\" aria-hidden=\"true\" style=\"margin-right: 12px;\"><\/i>Para nuestrxs ni\u00f1xs<\/button>\n<p>Una iniciativa de la <a href=\"http:\/\/www.arte.unicen.edu.ar\/secretarias\/investigacion-posgrado\" target=\"_blank\" rel=\"noopener noreferrer\">Secretar\u00eda de Investigaci\u00f3n y Posgrado<\/a> para seguir form\u00e1ndonos y reflexionando sobre el arte sin dejar de cuidarnos ante la pandemia COVID-19.<\/p>\n<div id=\"cdab-content-news-pagination-index\">\n<div style=\"margin: 0 auto;\"><ul><li><a href=\"\/cdab\/category\/newsletter\/\" target=\"_blank\" rel=\"noopener noreferrer\">VER N\u00daMEROS ANTERIORES<\/a><\/li><\/ul><\/div>\n<\/div>\n<p>\u00bfQuer\u00e9s recomendarnos alg\u00fan contenido para futuras ediciones de <strong>Cuidado social. V\u00ednculo virtual<\/strong>?<br \/>Contactanos a: <a href=\"mailto:cdab @ arte.unicen.edu.ar\">cdab@arte.unicen.edu.ar<\/a><\/p>\n<\/div>\n\n<div id=\"novedades\" class=\"csvv-right2021\">\n<div class=\"csvv-card2021\"><div class=\"cdab-especial-covid19-card-icon novedades\"><i class=\"fa fa-newspaper-o\" aria-hidden=\"true\" style=\"margin-left: 3px;\"><\/i><\/div><div class=\"cdab-especial-covid19-card-title novedades\">NOVEDADES<\/div>\n<p><a href=\"http:\/\/www.arte.unicen.edu.ar\/cdab\/10-anios-creacion-cdab\" target=\"_blank\" rel=\"noopener noreferrer\"><img decoding=\"async\" class=\"publicacion-tapa\" src=\"http:\/\/www.arte.unicen.edu.ar\/cdab\/wp-content\/uploads\/2021\/03\/csvv-cdab10-banner.jpg\" data-fancybox=\"gallery\" data-caption=\"Cuidado social. V\u00ednculo virtual #21\"\/><\/a><\/p><p><strong>10 a\u00f1os.<\/strong> 120 meses. 3650 d\u00edas. Ese es el tiempo que transcurri\u00f3 desde aquel <strong>martes 29 de marzo de 2011<\/strong> en el que, por decisi\u00f3n del Consejo Acad\u00e9mico, se resolv\u00eda la <strong>creaci\u00f3n del Centro de Documentaci\u00f3n Audiovisual y Biblioteca (CDAB)<\/strong> de la <a href=\"http:\/\/www.arte.unicen.edu.ar\" target=\"_blank\" rel=\"noopener noreferrer\">Facultad de Arte<\/a>. La gestaci\u00f3n del espacio tiene antecedentes que datan del a\u00f1o 1995 como <em>Archivo Gr\u00e1fico de Teatro<\/em> y dan cuenta de una construcci\u00f3n colectiva, sensible y dedicada. <em>&#8220;Yo comenc\u00e9 con una tijera y recortando art\u00edculos period\u00edsticos sobre la actividad teatral de la Escuela Superior de Teatro&#8221;<\/em> recuerda <strong>Ra\u00fal O. Echegaray<\/strong>, quien inici\u00f3 una tarea de b\u00fasqueda, sistematizaci\u00f3n y catalogaci\u00f3n que refleja la preocupaci\u00f3n por resguardar los registros que forman parte de la memoria institucional y la valoraci\u00f3n del archivo como fuente hist\u00f3rica, de informaci\u00f3n e investigaci\u00f3n.<\/p>\n<p><strong>Hoy nos sigue motivando la misma misi\u00f3n y el mismo compromiso:<\/strong> ser un <strong>nexo entre el pasado, el presente y el futuro<\/strong> de la <a href=\"http:\/\/www.arte.unicen.edu.ar\" target=\"_blank\" rel=\"noopener noreferrer\">Facultad de Arte<\/a>, que permita revisitar las obras teatrales, las producciones audiovisuales y los eventos acad\u00e9micos que se desarrollan en la instituci\u00f3n. Y seguimos apostando al acompa\u00f1amiento de lxs estudiantes de grado, posgrado y Formacion Continua, como un \u00e1rea de estudio, reuni\u00f3n e investigaci\u00f3n que promueve la formaci\u00f3n, la reflexi\u00f3n entre pares y el pensamiento cr\u00edtico. Cada d\u00eda, a cada paso, nos moviliza el entusiasmo por nuestra tarea y el af\u00e1n de superaci\u00f3n en todo aquello que realizamos.<\/p>\n<p>Te invitamos a celebrar estos <strong>10 a\u00f1os<\/strong> con el estreno de una entrevista al <strong>Sr. Ra\u00fal O. Echegaray<\/strong> y una <a href=\"http:\/\/www.arte.unicen.edu.ar\/cdab\/institucional\/cdab10\" target=\"_blank\" rel=\"noopener noreferrer\">l\u00ednea de tiempo<\/a> que da cuenta de los principales acontecimientos y logros cumplidos.<\/p>\n<div align=\"center\" style=\"margin: 20px auto\"><iframe loading=\"lazy\" width=\"700\" height=\"394\" src=\"https:\/\/www.youtube.com\/embed\/VBT-ITHbkFY\" frameborder=\"0\" allow=\"accelerometer; autoplay; encrypted-media; gyroscope; picture-in-picture\" allowfullscreen><\/iframe><\/div>\n<div class=\"container-newsbutton\">\n<a class=\"cdab-newsbuttonlink\" href=\"http:\/\/www.arte.unicen.edu.ar\/cdab\/institucional\/cdab10\" target=\"_blank\" rel=\"noopener noreferrer\"><div class=\"cdab-cdab-newsbutton\">ACCEDER A L\u00cdNEA DE TIEMPO | 10 A\u00d1OS CDAB<\/div><\/a>\n<\/div>\n<hr style=\"margin-bottom: 25px;\"\/>\n<p><img decoding=\"async\" class=\"publicacion-tapa\" src=\"http:\/\/www.arte.unicen.edu.ar\/cdab\/wp-content\/uploads\/2021\/04\/csvv-jinhap2021-banner.jpg\" border=\"0\" alt=\"XII Jornadas Internacionales\/Nacionales de Historia, Arte y Pol\u00edtica\" title=\"XII Jornadas Internacionales\/Nacionales de Historia, Arte y Pol\u00edtica\" \/><\/p><p>Las <strong>Jornadas de Historia, Arte y Pol\u00edtica<\/strong> iniciaron en 2010 con el objetivo de generar y sostener en el tiempo un espacio de discusi\u00f3n y reflexi\u00f3n en torno de las complejas relaciones entre arte y pol\u00edtica en las sociedades contempor\u00e1neas. Este encuentro acad\u00e9mico es organizado anualmente por el <a href=\"http:\/\/www.arte.unicen.edu.ar\/institucional\/departamentos\/historia-y-teoria-del-arte\" target=\"_blank\" rel=\"noopener noreferrer\">Departamento de Historia y Teor\u00eda del Arte<\/a>, la <a href=\"http:\/\/www.arte.unicen.edu.ar\" target=\"_blank\" rel=\"noopener noreferrer\">Facultad de Arte<\/a> y la <a href=\"http:\/\/www.unicen.edu.ar\" target=\"_blank\" rel=\"noopener noreferrer\">Universidad Nacional del Centro de la Provincia de Buenos Aires<\/a>, tendr\u00e1 una nueva edici\u00f3n del <strong>23 al 25 de junio de 2021<\/strong>.<\/p>\n<p>Una vez m\u00e1s, la participaci\u00f3n de colegas del pa\u00eds y del exterior enriquecer\u00e1 los debates y fomentar\u00e1 la tan necesaria reuni\u00f3n de perspectivas heterog\u00e9neas. Al igual que las jornadas del a\u00f1o anterior, en esta oportunidad la agenda tem\u00e1tica tambi\u00e9n est\u00e1 abierta a las preocupaciones y enfoques m\u00e1s variados, en procura de una articulaci\u00f3n tan f\u00e9rtil como necesaria: <em>construcci\u00f3n de identidades, sujetos e instituciones en el mundo de las artes<\/em>; <em>Historia del arte, vanguardias y neo-vanguardias<\/em>; <em>Arte, memoria y g\u00e9nero<\/em>; <em>Patrimonio, gesti\u00f3n cultural y pol\u00edticas culturales<\/em>; <em>Nuevas perspectivas de an\u00e1lisis en torno a las artes y la comunicaci\u00f3n<\/em>; <em>Teor\u00eda y filosof\u00eda de las artes<\/em>.<\/p>\n<p>Adem\u00e1s, en funci\u00f3n de la situaci\u00f3n sanitaria en la que nos encontramos, las Jornadas mantendr\u00e1n el formato de encuentro virtual con el compromiso de sostener los espacios de discusi\u00f3n entre todos los participantes.<\/p>\n<div class=\"container-newsbutton\">\n<a class=\"cdab-newsbuttonlink\" href=\"http:\/\/www.arte.unicen.edu.ar\/cdab\/wp-content\/uploads\/2021\/04\/xii-jinhap-circular1.pdf\" target=\"_blank\" rel=\"noopener noreferrer\"><div class=\"cdab-pdf-newsbutton\">PRIMERA CIRCULAR JINHAP 2021<\/div><\/a>\n<\/div>\n<hr style=\"margin-bottom: 25px;\"\/>\n<p><a href=\"http:\/\/www.arte.unicen.edu.ar\/plantamos-memoria\" target=\"_blank\" rel=\"noopener noreferrer\"><img decoding=\"async\" class=\"publicacion-tapa\" src=\"http:\/\/www.arte.unicen.edu.ar\/cdab\/wp-content\/uploads\/2021\/04\/csvv-plantamosmemoria-banner.jpg\" data-fancybox=\"gallery\" data-caption=\"Cuidado social. V\u00ednculo virtual #21\"\/><\/a><\/p><p>El claustro nodocente de la <a href=\"http:\/\/www.arte.unicen.edu.ar\" target=\"_blank\" rel=\"noopener noreferrer\">Facultad de Arte<\/a> se sum\u00f3 a la campa\u00f1a <a href=\"https:\/\/www.argentina.gob.ar\/noticias\/plantamos-memoria-en-los-parques-nacionales\" target=\"_blank\" rel=\"noopener noreferrer\">#PlantamosMemoria<\/a> impulsada por el <a href=\"https:\/\/www.argentina.gob.ar\/ambiente\" target=\"_blank\" rel=\"noopener noreferrer\">Ministerio de Ambiente y Desarrollo Sostenible<\/a> y la <a href=\"https:\/\/www.argentina.gob.ar\/parquesnacionales\" target=\"_blank\" rel=\"noopener noreferrer\">Administraci\u00f3n de Parques Nacionales (APN)<\/a> en conjunto con actores sociales, comunidades y organizaciones de DDHH. La propuesta consisti\u00f3 en plantar \u00e1rboles, semillas y plantas en todo el pa\u00eds, en memoria de lxs detenidxs desaparecidxs de la \u00faltima dictadura c\u00edvico-militar, y registrar las plantaciones con fotos y videos para luego difundirlas en las redes sociales con los hashtags <strong>#PlantamosMemoria<\/strong>, <strong>#45A\u00f1osDelGolpeGenocida<\/strong> y <strong>#Son30Mil<\/strong>.<\/p>\n<p>El claustro propuso intervenir los espacios compartidos y p\u00fablicos en la <a href=\"http:\/\/www.arte.unicen.edu.ar\" target=\"_blank\" rel=\"noopener noreferrer\">Facultad de Arte<\/a>, plantando vida y nuevos sentidos en el cotidiano laboral; y tambi\u00e9n se sum\u00f3 a extenderlo en las propias casas y otros espacios habitados. A 45 a\u00f1os, por la memoria hist\u00f3rica, 30 mil \u00e1rboles por nuestrxs 30 detenidxs-desaparecidxs, para sembrar un futuro con verdad y justicia.<\/p>\n<p style=\"margin: 10px 40px 10px 40px; font-size: 13px;\"><em>&#8220;La Memoria, al igual que la semilla, viene cargada de futuro. Contiene toda la informaci\u00f3n gen\u00e9tica para poder llegar a ser el \u00e1rbol que late en su destino. En tiempos de incendios, deforestaci\u00f3n y cambio clim\u00e1tico, invitamos a plantar vida como un acto de memoria y futuro. Porque el recuerdo de cada compa\u00f1erx detenidx desaparecidx trae consigo el legado de lucha por un pa\u00eds m\u00e1s justo y solidario&#8221;.<\/em><\/p>\n<div class=\"container-newsbutton\">\n<a class=\"cdab-newsbuttonlink\" href=\"http:\/\/www.arte.unicen.edu.ar\/plantamos-memoria\" target=\"_blank\" rel=\"noopener noreferrer\"><div class=\"cdab-facarte-newsbutton\">M\u00c1S INFORMACI\u00d3N E IM\u00c1GENES<\/div><\/a>\n<\/div>\n<hr style=\"margin-bottom: 25px;\"\/>\n<p><a href=\"http:\/\/www.arte.unicen.edu.ar\/cdab\/cdab-aperturas-limitadas-prestamo-y-devolucion\" target=\"_blank\" rel=\"noopener noreferrer\"><img decoding=\"async\" class=\"publicacion-tapa\" src=\"http:\/\/www.arte.unicen.edu.ar\/cdab\/wp-content\/uploads\/2021\/03\/csvv-atencionlimitadacdab-banner.jpg\" data-fancybox=\"gallery\" data-caption=\"Cuidado social. V\u00ednculo virtual #21\"\/><\/a><\/p><p>En virtud de la situaci\u00f3n epidemiol\u00f3gica que atravesamos desde marzo de 2020 y en concordancia con lo dispuesto por la <a rel=\"noreferrer noopener\" href=\"http:\/\/www.arte.unicen.edu.ar\/wp-content\/uploads\/2020\/03\/142-Protocolo-Facultad-de-Arte-1.pdf\" target=\"_blank\">resoluci\u00f3n n\u00b0 142\/20<\/a> aprobada por el Consejo Acad\u00e9mico de la <a rel=\"noreferrer noopener\" aria-label=\"Facultad de Arte\" href=\"http:\/\/www.arte.unicen.edu.ar\" target=\"_blank\">Facultad de Arte<\/a>, las <a rel=\"noreferrer noopener\" href=\"http:\/\/www.arte.unicen.edu.ar\/cdab\/wp-content\/uploads\/2021\/03\/pautas-bcu.pdf\" target=\"_blank\">Pautas para la devoluci\u00f3n y pr\u00e9stamo de libros en las bibliotecas del Sistema de Bibliotecas UNICEN<\/a> y lo resuelto por el Comit\u00e9 de Emergencia de la <a rel=\"noreferrer noopener\" href=\"http:\/\/www.unicen.edu.ar\" target=\"_blank\">Universidad Nacional del Centro de la Provincia de Buenos Aires<\/a> en relaci\u00f3n al <a rel=\"noreferrer noopener\" href=\"https:\/\/www.unicen.edu.ar\/content\/pautas-para-inicio-de-actividades-acad%C3%A9micas-y-administrativas\" target=\"_blank\">inicio de actividades acad\u00e9micas y administrativas<\/a>, desde el <strong style=\"color: #855691;\">martes 9 de marzo el CDAB est\u00e1 realizando aperturas limitadas para efectuar pr\u00e9stamos y recibir devoluciones de materiales bibliogr\u00e1ficos y\/o audiovisuales<\/strong>.<\/p>\n<p>Durante esta primera etapa, lxs usuarixs podr\u00e1n acercarse los <strong>martes de 10.30 a 13.30 hs. Para ello deber\u00e1n solicitar un turno previamente<\/strong> a trav\u00e9s de <a href=\"http:\/\/www.arte.unicen.edu.ar\/cdab\/turnos\" target=\"_blank\" rel=\"noopener noreferrer\">www.arte.unicen.edu.ar\/cdab\/turnos<\/a> y que \u00e9ste <strong>sea confirmado por el personal del CDAB<\/strong>.<\/p>\n<div class=\"container-newsbutton\">\n<a class=\"cdab-newsbuttonlink\" href=\"http:\/\/www.arte.unicen.edu.ar\/cdab\/cdab-aperturas-limitadas-prestamo-y-devolucion\" target=\"_blank\" rel=\"noopener noreferrer\"><div class=\"cdab-cdab-newsbutton\">M\u00c1S INFORMACI\u00d3N<\/div><\/a><a class=\"cdab-newsbuttonlink\" href=\"http:\/\/www.arte.unicen.edu.ar\/cdab\/turnos\" target=\"_blank\" rel=\"noopener noreferrer\" style=\"margin-left: 40px;\"><div class=\"cdab-cdab-newsbutton\">SOLICITAR TURNO<\/div><\/a>\n<\/div>\n<\/div><\/div>\n\n<div id=\"libros\" class=\"csvv-right2021\">\n<div class=\"csvv-card2021\"><div class=\"cdab-especial-covid19-card-icon libros\"><i class=\"fa fa-book\" aria-hidden=\"true\" style=\"margin-left: 3px;\"><\/i><\/div><div class=\"cdab-especial-covid19-card-title libros\">LIBROS<\/div>\n<p><img decoding=\"async\" class=\"cdab-tapa-instidentpoet-index publicacion-tapa\" title=\"Teatro para hacer con dos centavos: 20 obras nuevas\" src=\"http:\/\/www.arte.unicen.edu.ar\/cdab\/wp-content\/uploads\/2021\/03\/teatrodoscentavos-tapa.jpg\" alt=\"Teatro para hacer con dos centavos: 20 obras nuevas\" style=\"width: 220px; height: 302px; float: right; border: 10px solid #fff; box-shadow: 0 0 5px rgba(0, 0, 0, 0.1); -webkit-box-shadow: 0 0 5px rgba(0, 0, 0, 0.1); -moz-box-shadow: 0 0 5px rgba(0, 0, 0, 0.1); display: block; margin: 0px 0px 22px 22px;\"\/><\/p><h3>Teatro para hacer con dos centavos: 20 obras nuevas<\/h3><p><strong>Carlos Mar\u00eda Alsina<br \/>2021. 740 p\u00e1ginas. 22 x 15 cm. Editorial INTeatro<\/strong><\/p><p>Esta nueva producci\u00f3n contiene 20 obras nuevas del dramaturgo argentino-italiano <strong>Carlos Mar\u00eda Alsina<\/strong>, entre las que se encuentran: <em>Las manos del tiempo<\/em>, <em>El existidor, el desdichado y la eterna<\/em>, un texto inspirado en la amistad entre Macedonio Fern\u00e1ndez y Jorge Luis Borges, <em>Aquella intangible solidez<\/em>, <em>R\u00e9quiem para noches claras<\/em> y <em>Una parada particular<\/em>.<\/p>\n<p>Escribe el autor en el pr\u00f3logo: &#8220;Hace ya algunos a\u00f1os alguien me pregunt\u00f3 qu\u00e9 me impulsaba a escribir. En ese momento creo que mi respuesta fue de ocasi\u00f3n y no demasiado meditada. La pregunta, sin embargo, permaneci\u00f3 en m\u00ed desde entonces y cada vez que un empuj\u00f3n me arrastra a sentarme para comenzar un nuevo viaje interior a trav\u00e9s de palabras, im\u00e1genes y situaciones, aquel interrogante regresa como la obcecada visita de una eterna enamorada. Creo que escribo porque hay algo que me duele, porque hay un pu\u00f1al clavado en mi memoria que prosigue a herirme en sue\u00f1os, a perseguirme cuando cada ma\u00f1ana me coloco el cuerpo y me animo a enfrentarme con un espacio en blanco que, como un desaf\u00edo, me interpela con urgencia&#8221;.<\/p>\n<p><strong>Carlos Mar\u00eda Alsina<\/strong> es autor teatral, director, docente y actor. Es autor de m\u00e1s de 60 textos teatrales de los cuales se han representado 49, en Argentina, Brasil, Espa\u00f1a, Italia, Suiza, Ecuador, Cuba, Albania, Puerto Rico, Estados Unidos, Francia y Uruguay. Actualmente reside en Italia. Como dramaturgo gan\u00f3 el Premio Teatro 1996 Casa de las Am\u00e9ricas de Cuba con <em>El sue\u00f1o inm\u00f3vil<\/em>, dos premios nacionales del <a href=\"https:\/\/www.fnartes.gob.ar\" target=\"_blank\" rel=\"noopener noreferrer\">Fondo Nacional de las Artes<\/a> con <em>Limpieza<\/em> en 1987 y <em>Esperando el lunes<\/em> en 1990; el Premio <em>Art Spoken<\/em> en Miami y Monologando en Nueva York con <em>Desde el andamio<\/em> en 2016, y el Primer Premio ATI (Asociaci\u00f3n Teatro Independiente) a la Dramaturgia con <em>Esperando el lunes<\/em>, en Nueva York, en 2019. En 2020, gan\u00f3 el Premio Primera Selecci\u00f3n de Dramaturgia del NOA, del <a href=\"http:\/\/www.inteatro.gob.ar\" target=\"_blank\" rel=\"noopener noreferrer\">Instituto Nacional del Teatro<\/a>, categor\u00eda para dos personajes, con su obra <em>Visita en tiempos de peste<\/em>.<\/p>\n<div class=\"container-newsbutton\">\n<a class=\"cdab-newsbuttonlink\" href=\"http:\/\/www.inteatro.gob.ar\/Files\/Publicaciones\/2252\/TEATRO2CENTAVOSalsinaWEBok%20(1).pdf\" target=\"_blank\" rel=\"noopener noreferrer\"><div class=\"cdab-pdf-newsbutton\">DESCARGAR E-BOOK<\/div><\/a>\n<\/div>\n<hr style=\"margin-bottom: 25px;\"\/>\n<p><img decoding=\"async\" class=\"cdab-tapa-instidentpoet-index publicacion-tapa\" title=\"Peter Bogdanovich. El \u00faltimo testigo\" src=\"http:\/\/www.arte.unicen.edu.ar\/cdab\/wp-content\/uploads\/2021\/03\/peterbogdanovich-tapa.jpg\" alt=\"Peter Bogdanovich. El \u00faltimo testigo\" style=\"width: 220px; height: 302px; float: right; border: 10px solid #fff; box-shadow: 0 0 5px rgba(0, 0, 0, 0.1); -webkit-box-shadow: 0 0 5px rgba(0, 0, 0, 0.1); -moz-box-shadow: 0 0 5px rgba(0, 0, 0, 0.1); display: block; margin: 0px 0px 22px 22px;\"\/><\/p><h3>Peter Bogdanovich. El \u00faltimo testigo<\/h3><p><strong>Juan Manuel Dom\u00ednguez (ed.)<br \/>2016. 118 p\u00e1ginas. Buenos Aires Festival Internacional de Cine Independiente (BAFICI)<\/strong><\/p><p>&#8220;Soy la \u00fanica persona con vida que sabe c\u00f3mo eran realmente&#8221;, dice Peter Bogdanovich (Nueva York, 1939). Est\u00e1 haciendo referencia a Hitchcock, a Welles, a Hawks, a Ford: el pante\u00f3n que redefini\u00f3 y fund\u00f3 el lenguaje del cine cl\u00e1sico (y lo convirti\u00f3 en esa entelequia de estilos y noblezas). Probablemente su frase sea cierta. Pero Bogdanovich, siempre actor, &#8220;popularizador&#8221; (as\u00ed se refiere a su labor period\u00edstica) y director de cine, no solo sabe c\u00f3mo eran realmente. Su cine ha devenido una r\u00e9plica de aquellos instintos cl\u00e1sicos de sus maestros, pero tambi\u00e9n ha sabido traicionarlos, en una perfecta y renovadora herej\u00eda. Desde La \u00faltima pel\u00edcula, su celebrado cl\u00e1sico, hasta Terapia en Broadway, su reciente y efervescente screwball, Bogdanovich ha sido tan salvaje como sus colegas del Nuevo Hollywood, pero hab\u00eda y sigue habiendo en \u00e9l otra cosa: una elegancia, una sinceridad, un sentimiento de melancol\u00eda que es br\u00fajula incluso en sus instantes m\u00e1s felices, valientes o demoledores. Bogdanovich nos ense\u00f1\u00f3 que la mejor forma del cine cl\u00e1sico es mercuriana: cuando se mueve va limpiando y renovando (y sonriendo frente a la idea de destrucci\u00f3n). As\u00ed ha filmado, siempre feligr\u00e9s del set y de su energ\u00eda (ayer como testigo de cl\u00e1sicos del cine; hoy como constructor de peque\u00f1as revoluciones), y as\u00ed se siente su cine. As\u00ed lo vive este libro y sus enamoradas ideas sobre el director m\u00e1s humano del Nuevo Hollywood.<\/p>\n<div class=\"container-newsbutton\">\n<a class=\"cdab-newsbuttonlink\" href=\"https:\/\/festivalesanteriores1417.buenosaires.gob.ar\/uploads\/admin\/publicaciones\/a8edf81bd85b7aacdd77a449b826bf50.pdf\" target=\"_blank\" rel=\"noopener noreferrer\"><div class=\"cdab-pdf-newsbutton\">DESCARGAR E-BOOK<\/div><\/a>\n<\/div>\n<hr style=\"margin-bottom: 25px;\"\/>\n<p><img decoding=\"async\" class=\"cdab-tapa-instidentpoet-index publicacion-tapa\" title=\"El Teatro Col\u00f3n\" src=\"http:\/\/www.arte.unicen.edu.ar\/cdab\/wp-content\/uploads\/2021\/03\/teatrocolon-tapa.jpg\" alt=\"El Teatro Col\u00f3n\" style=\"width: 220px; height: 302px; float: right; border: 10px solid #fff; box-shadow: 0 0 5px rgba(0, 0, 0, 0.1); -webkit-box-shadow: 0 0 5px rgba(0, 0, 0, 0.1); -moz-box-shadow: 0 0 5px rgba(0, 0, 0, 0.1); display: block; margin: 0px 0px 22px 22px;\"\/><\/p><h3>El Teatro Col\u00f3n<\/h3><p><strong>AA.VV.<br \/>1951. 63 p\u00e1ginas. Secretar\u00eda de Cultura, Municipalidad de Buenos Aires<\/strong><\/p><p>Esta edici\u00f3n fue encargada por la Municipalidad de la Ciudad de Buenos Aires, para difusi\u00f3n cultural, y estuvo al cuidado del Departamento de Publicaciones y Ediciones de la Direcci\u00f3n de Bibliotecas P\u00fablicas Municipales.<\/p><p>Data del a\u00f1o 1951 y presenta una colecci\u00f3n de fotos tem\u00e1ticas sobre el Teatro y sus actividades: <em>La creaci\u00f3n escenogr\u00e1fica<\/em>, <em>La creaci\u00f3n del vestuario<\/em>, <em>La zapater\u00eda<\/em>, <em>La Peluquer\u00eda<\/em>, <em>Preparaci\u00f3n del coro y de la orquesta<\/em>, <em>El cuerpo de baile<\/em>, <em>Las \u00f3peras<\/em>, etc.<\/p><p>Tambi\u00e9n cuenta con dos apartados dedicados a <em>Los artistas argentinos<\/em> y <em>Los \u00faltimos estrenos<\/em>.<\/p>\n<div class=\"container-newsbutton\">\n<a class=\"cdab-newsbuttonlink\" href=\"https:\/\/www.buenosaires.gob.ar\/sites\/gcaba\/files\/documents\/el_teatro_colon2.pdf\" target=\"_blank\" rel=\"noopener noreferrer\"><div class=\"cdab-pdf-newsbutton\">DESCARGAR E-BOOK<\/div><\/a>\n<\/div>\n<hr style=\"margin-bottom: 25px;\"\/>\n<p><img decoding=\"async\" class=\"cdab-tapa-instidentpoet-index publicacion-tapa\" title=\"Cine encontrado \u00bfQu\u00e9 es y a d\u00f3nde va el found footage?\" src=\"http:\/\/www.arte.unicen.edu.ar\/cdab\/wp-content\/uploads\/2021\/03\/cineencontrado-tapa.jpg\" alt=\"Cine encontrado \u00bfQu\u00e9 es y a d\u00f3nde va el found footage?\" style=\"width: 220px; height: 302px; float: right; border: 10px solid #fff; box-shadow: 0 0 5px rgba(0, 0, 0, 0.1); -webkit-box-shadow: 0 0 5px rgba(0, 0, 0, 0.1); -moz-box-shadow: 0 0 5px rgba(0, 0, 0, 0.1); display: block; margin: 0px 0px 22px 22px;\"\/><\/p><h3>Cine encontrado \u00bfQu\u00e9 es y a d\u00f3nde va el <em>found footage<\/em>?<\/h3><p><strong>Leandro Listorti, Diego Trerotola (comps.)<br \/>2010. 125 p\u00e1ginas. Buenos Aires Festival Internacional de Cine Independiente (BAFICI)<\/strong><\/p><p>Est\u00e1n ah\u00ed. En todas partes. Escondidas en la oscuridad o a plena luz del d\u00eda. En una variedad de formatos cada vez m\u00e1s amplia. Im\u00e1genes generadas por tel\u00e9fonos celulares, c\u00e1maras de seguridad, digitales, profesionales que se multiplican por millones. Pel\u00edculas, cumplea\u00f1os, casamientos, registros de guerra. La mayor\u00eda sin ning\u00fan objeto: archivos temporales en una memoria breve. Otras, con el destino de nunca ser vistas.<\/p>\n<p>\u00bfPor qu\u00e9 entonces la idea de reutilizarlas, de volverlas propias y transformarlas suena tan extra\u00f1a? \u00bfPor qu\u00e9 las pel\u00edculas hechas de pedazos de otras pel\u00edculas se mantienen en un oscuro rinc\u00f3n de la historia del cine?<\/p>\n<p>Sin pretender nada parecido un proceso de legitimaci\u00f3n del <em>found footage<\/em>, la idea de conformar una selecci\u00f3n de obras representativas de los \u00faltimos a\u00f1os, y la edici\u00f3n de un libro que la acompa\u00f1e, nace como un intento por comenzar a darle su merecido espacio propio y llamar la atenci\u00f3n de posibles espectadores que no hayan reparado todav\u00eda en el alto poder pol\u00edtico, el fuerte impacto visual y la accesibilidad absoluta que estas obras ofrecen y logran.<\/p>\n<div class=\"container-newsbutton\">\n<a class=\"cdab-newsbuttonlink\" href=\"https:\/\/books.google.com.ar\/books?id=NYIBdFEJEKgC&#038;lpg=PA1&#038;hl=es&#038;pg=PA1#v=onepage&#038;q&#038;f=false\" target=\"_blank\" rel=\"noopener noreferrer\"><div class=\"cdab-google-newsbutton\">LEER ONLINE EN GOOGLE BOOKS<\/div><\/a>\n<\/div>\n<hr style=\"margin-bottom: 25px;\"\/>\n<p><img decoding=\"async\" class=\"cdab-tapa-instidentpoet-index publicacion-tapa\" title=\"Gu\u00eda del Financiamiento P\u00fablico para la Cultura y las Artes\" src=\"http:\/\/www.arte.unicen.edu.ar\/cdab\/wp-content\/uploads\/2021\/03\/guiafinanciamientocultura-tapa.jpg\" alt=\"Gu\u00eda del Financiamiento P\u00fablico para la Cultura y las Artes\" style=\"width: 220px; height: 302px; float: right; border: 10px solid #fff; box-shadow: 0 0 5px rgba(0, 0, 0, 0.1); -webkit-box-shadow: 0 0 5px rgba(0, 0, 0, 0.1); -moz-box-shadow: 0 0 5px rgba(0, 0, 0, 0.1); display: block; margin: 0px 0px 22px 22px;\"\/><\/p><h3>Gu\u00eda del Financiamiento P\u00fablico para la Cultura y las Artes<\/h3><p><strong>Sebasti\u00e1n Schonfeld, Bruno Maccari (coords.)<br \/>2014. 278 p\u00e1ginas. 13 x 19 cm. Ministerio de Cultura de la Naci\u00f3n<\/strong><\/p><p>La Gu\u00eda del Financiamiento P\u00fablico para la Cultura y las Artes, publicada en 2014 por el Ministerio de Cultura de la Naci\u00f3n, democratiza y da a conocer informaci\u00f3n precisa sobre las diversas ayudas y l\u00edneas de fomento p\u00fablicas destinadas al sector cultural. Presenta un cat\u00e1logo ordenado y accesible de m\u00e1s de 120 l\u00edneas de fomento para el desarrollo cultural, organizadas en base a los diversos sectores de la actividad, la finalidad de cada l\u00ednea o convocatoria y con una s\u00edntesis de los datos relevantes a tener en cuenta para su aplicaci\u00f3n.<\/p>\n<p>La iniciativa se inscribe en la intenci\u00f3n de fortalecer al sector cultural, para propiciar el desarrollo sostenible de sus artistas, productores, emprendedores y empresas culturales. En esa b\u00fasqueda, surge como una herramienta de planificaci\u00f3n que contribuya a incrementar la sustentabilidad de los proyectos y a impulsar el desarrollo cultural y creativo a lo largo de todo el pa\u00eds.<\/p>\n<div class=\"container-newsbutton\">\n<a class=\"cdab-newsbuttonlink\" href=\"http:\/\/www.arte.unicen.edu.ar\/cdab\/wp-content\/uploads\/2021\/03\/guia-financiamiento-publico-cultura-artes.pdf\" target=\"_blank\" rel=\"noopener noreferrer\"><div class=\"cdab-pdf-newsbutton\">DESCARGAR E-BOOK<\/div><\/a>\n<\/div>\n<hr style=\"margin-bottom: 25px;\"\/>\n<p><img decoding=\"async\" class=\"publicacion-tapa\" src=\"http:\/\/www.arte.unicen.edu.ar\/cdab\/wp-content\/uploads\/2021\/04\/csvv-memoria2021-banner.jpg\" border=\"0\" alt=\"24 de marzo | D\u00eda Nacional de la Memoria por la Verdad y la Justicia\" title=\"24 de marzo | D\u00eda Nacional de la Memoria por la Verdad y la Justicia\" \/><\/p>\n<p style=\"margin-bottom: 30px;\">Este 24 de marzo se cumplieron 45 a\u00f1os del \u00faltimo Golpe de Estado y conmemoramos el <strong>D\u00eda Nacional de la Memoria por la Verdad y la Justicia<\/strong> en homenaje a las v\u00edctimas de la dictadura c\u00edvico militar m\u00e1s cruenta de la historia argentina. Desde <strong>Cuidado social. V\u00ednculo virtual<\/strong> compartimos una selecci\u00f3n de contenidos para continuar reflexionando a fin de mantener viva la <strong>memoria<\/strong> y buscar la <strong>verdad<\/strong> para alcanzar la <strong>justicia<\/strong>.<\/p><p><img decoding=\"async\" class=\"cdab-tapa-instidentpoet-index publicacion-tapa\" title=\"La leche de la clemencia y otros mon\u00f3logos por la identidad\" src=\"http:\/\/www.arte.unicen.edu.ar\/cdab\/wp-content\/uploads\/2021\/03\/lecheclemencia-tapa.jpg\" alt=\"La leche de la clemencia y otros mon\u00f3logos por la identidad\" style=\"width: 220px; height: 302px; float: right; border: 10px solid #fff; box-shadow: 0 0 5px rgba(0, 0, 0, 0.1); -webkit-box-shadow: 0 0 5px rgba(0, 0, 0, 0.1); -moz-box-shadow: 0 0 5px rgba(0, 0, 0, 0.1); display: block; margin: 0px 0px 22px 22px;\"\/><\/p><h3>La leche de la clemencia y otros mon\u00f3logos por la identidad<\/h3><p><strong>Roxana Arambur\u00fa<br \/>2019. 82 p\u00e1ginas. EDULP<\/strong><\/p><p>En esta publicaci\u00f3n de edici\u00f3n biling\u00fce (espa\u00f1ol-franc\u00e9s) se re\u00fanen cinco mon\u00f3logos bajo el t\u00edtulo de uno de ellos, <em>La leche de la clemencia<\/em>, que tienen o han tenido que ver con el ciclo <a href=\"https:\/\/www.teatroxlaidentidad.net\" target=\"_blank\" rel=\"noopener noreferrer\">Teatroxlaidentidad<\/a>, ese enorme movimiento teatral que comenz\u00f3 en el a\u00f1o 2001 y que contin\u00faa hasta nuestros d\u00edas.<\/p>\n<p>El libro dialoga con la realidad y con la historia, construye escenas desde distintos puntos de vista y revela \u2013con af\u00e1n descriptivo\u2013 la trama del horror del terrorismo de Estado y la apropiaci\u00f3n de ni\u00f1os. En cada uno de los textos, la autora va presentando indicios, palabras e im\u00e1genes del genocidio. As\u00ed, a trav\u00e9s de detalles, modos de hablar, referencias de \u00e9poca, el horror emerge en su banalidad y su cotidianeidad atroz, tal cual ocurre en la vida misma. La verdad del teatro, esa poderosa herramienta que nos permite vernos en un espejo de fantas\u00eda y saber qui\u00e9nes somos, aparece simple y despojada en estos relatos.<\/p>\n<div class=\"container-newsbutton\">\n<a class=\"cdab-newsbuttonlink\" href=\"https:\/\/abuelas.org.ar\/archivos\/publicacion\/La%20leche%20de%20la%20clemencia.pdf\" target=\"_blank\" rel=\"noopener noreferrer\"><div class=\"cdab-pdf-newsbutton\">DESCARGAR E-BOOK<\/div><\/a>\n<\/div>\n<hr style=\"margin-bottom: 25px;\"\/>\n<p><img decoding=\"async\" class=\"cdab-tapa-instidentpoet-index publicacion-tapa\" title=\"Memorias de la noche de los l\u00e1pices: tensiones, variaciones y conflictos en los modos de narrar el pasado reciente\" src=\"http:\/\/www.arte.unicen.edu.ar\/cdab\/wp-content\/uploads\/2021\/03\/memoriasnochelapices-tapa.jpg\" alt=\"Memorias de la noche de los l\u00e1pices: tensiones, variaciones y conflictos en los modos de narrar el pasado reciente\" style=\"width: 220px; height: 302px; float: right; border: 10px solid #fff; box-shadow: 0 0 5px rgba(0, 0, 0, 0.1); -webkit-box-shadow: 0 0 5px rgba(0, 0, 0, 0.1); -moz-box-shadow: 0 0 5px rgba(0, 0, 0, 0.1); display: block; margin: 0px 0px 22px 22px;\"\/><\/p><h3>Memorias de la noche de los l\u00e1pices: tensiones, variaciones y conflictos en los modos de narrar el pasado reciente<\/h3><p><strong>Sandra Raggio<br \/>2017. 216 p\u00e1ginas. Universidad Nacional de La Plata, Universidad Nacional de\nMisiones, Universidad Nacional de General Sarmiento<\/strong><\/p><p><em>La Noche de los L\u00e1pices<\/em> se representa a trav\u00e9s de m\u00faltiples memorias que condensan de diversas formas la transmisi\u00f3n del pasado reciente en el presente. Es, asimismo, un dato hist\u00f3rico y una pel\u00edcula, es memoria con sus silencios, olvidos y omisiones, se constituye a trav\u00e9s de un conjunto de testimonios que trazan un recuerdo emblem\u00e1tico y que se configuran como un relato sobre el terrorismo de Estado en la Argentina. S\u00edmbolo hecho de im\u00e1genes y testimonios que relatan, dicen, enuncian el secuestro, tortura y desaparici\u00f3n de un grupo de j\u00f3venes de la ciudad de La Plata en septiembre de 1976, puede ser tomado como &#8220;un relato&#8221;, cerrado y cristalizado, o bien observado como un caleidoscopio conformado por una multiplicidad de puntos de vista y narrativas.<\/p>\n<p>Este libro propone una doble lectura. Por un lado, es un trabajo artesanal. Un an\u00e1lisis complejo sobre las m\u00faltiples voces que construyen &#8220;el relato&#8221; de lo que se denomin\u00f3 la Noche de los L\u00e1pices. Por otro lado, se plantea un dilema m\u00e1s amplio, relativo a la verdad hist\u00f3rica y la verdad que se construye desde la memoria.<\/p>\n<div class=\"container-newsbutton\">\n<a class=\"cdab-newsbuttonlink\" href=\"https:\/\/ediciones.ungs.edu.ar\/wp-content\/uploads\/2017\/12\/9789503415665-completo.pdf\" target=\"_blank\" rel=\"noopener noreferrer\"><div class=\"cdab-pdf-newsbutton\">DESCARGAR E-BOOK<\/div><\/a>\n<\/div>\n<hr style=\"margin-bottom: 25px;\"\/>\n<p><img decoding=\"async\" class=\"cdab-tapa-instidentpoet-index publicacion-tapa\" title=\"Id\u00e9nticos. Micromon\u00f3logos de teatroxlaidentidad\" src=\"http:\/\/www.arte.unicen.edu.ar\/cdab\/wp-content\/uploads\/2021\/04\/identicosmicromonologos-tapa.jpg\" alt=\"Id\u00e9nticos. Micromon\u00f3logos de teatroxlaidentidad\" style=\"width: 220px; height: 302px; float: right; border: 10px solid #fff; box-shadow: 0 0 5px rgba(0, 0, 0, 0.1); -webkit-box-shadow: 0 0 5px rgba(0, 0, 0, 0.1); -moz-box-shadow: 0 0 5px rgba(0, 0, 0, 0.1); display: block; margin: 0px 0px 22px 22px;\"\/><\/p><h3>Id\u00e9nticos. Micromon\u00f3logos de teatroxlaidentidad<\/h3><p><strong>Luis Rivera L\u00f3pez (coord.)<br \/>2021. 280 p\u00e1ginas. 22 x 15 cm. Editorial INTeatro<\/strong><\/p><p>Hace 20 a\u00f1os, cuando comenz\u00f3 <a href=\"https:\/\/www.teatroxlaidentidad.net\" target=\"_blank\" rel=\"noopener noreferrer\">Teatroxlaidentidad<\/a>, cientos de actrices y actores, dramaturgos, t\u00e9cnicos, se sumaron a la idea de realizar un ciclo para ayudar a las <a href=\"https:\/\/www.abuelas.org.ar\" target=\"_blank\" rel=\"noopener noreferrer\">Abuelas de Plaza de Mayo<\/a> en la b\u00fasqueda de las y los nietos robados por la \u00faltima dictadura. Con el tiempo, fueron miles quienes quisieron formar parte, no s\u00f3lo en la Argentina sino tambi\u00e9n en el exterior, y en cada temporada se agregaron espect\u00e1culos y propuestas -siempre con entrada libre y gratuita\u2013, y con ellas creci\u00f3 el p\u00fablico y la posibilidad de difundir el mensaje a trav\u00e9s de las obras y, adem\u00e1s, de los testimonios que brindan Abuelas y nietos restituidos.<\/p>\n<p>A partir de la denuncia de la apropiaci\u00f3n de ni\u00f1as y ni\u00f1os perpetrada por el terrorismo de Estado, <a href=\"https:\/\/www.teatroxlaidentidad.net\" target=\"_blank\" rel=\"noopener noreferrer\">Teatroxlaidentidad<\/a> fue ampliando la mirada y generando obras que tienen que ver con el derecho a la identidad desde una perspectiva integral, y as\u00ed, del mismo modo, ha explorado diferentes formatos. El estreno de <em>Id\u00e9nticos<\/em>, unos a\u00f1os atr\u00e1s, nos acerc\u00f3 a un conjunto de mon\u00f3logos y piezas breves, representados por grandes int\u00e9rpretes, y en un mismo espect\u00e1culo pudimos re\u00edr, llorar y encontrarnos de verdad en el teatro, esa poderosa herramienta que nos permite vernos en un espejo de fantas\u00eda y saber qui\u00e9nes somos.<\/p>\n<p>Este libro viene para revivir esa celebraci\u00f3n del teatro y de la vida. En sus p\u00e1ginas late esa fuerza y ese sentimiento colectivo que se respira en cada presentaci\u00f3n de <a href=\"https:\/\/www.teatroxlaidentidad.net\" target=\"_blank\" rel=\"noopener noreferrer\">Teatroxlaidentidad<\/a>, ya sea en una gran sala o en un centro cultural, en Buenos Aires o en cualquier rinc\u00f3n del pa\u00eds o del mundo.<\/p>\n<div class=\"container-newsbutton\">\n<a class=\"cdab-newsbuttonlink\" href=\"http:\/\/inteatro.gob.ar\/Files\/Publicaciones\/2250\/Teatro%20por%20la%20identidad%20(FINAL)%20ULTIMA%20VERSION.pdf\" target=\"_blank\" rel=\"noopener noreferrer\"><div class=\"cdab-pdf-newsbutton\">DESCARGAR E-BOOK<\/div><\/a>\n<\/div>\n<hr style=\"margin-bottom: 25px;\"\/>\n<p><img decoding=\"async\" class=\"cdab-tapa-instidentpoet-index publicacion-tapa\" title=\"Biblioteca de libros prohibidos\" src=\"http:\/\/www.arte.unicen.edu.ar\/cdab\/wp-content\/uploads\/2021\/03\/bibliotecalibrosprohibidos-tapa.jpg\" alt=\"Biblioteca de libros prohibidos\" style=\"width: 220px; height: 302px; float: right; border: 10px solid #fff; box-shadow: 0 0 5px rgba(0, 0, 0, 0.1); -webkit-box-shadow: 0 0 5px rgba(0, 0, 0, 0.1); -moz-box-shadow: 0 0 5px rgba(0, 0, 0, 0.1); display: block; margin: 0px 0px 22px 22px;\"\/><\/p><h3>Biblioteca de libros prohibidos<\/h3><p><strong>AA.VV.<br \/>2012. 60 p\u00e1ginas. Comisi\u00f3n Provincial de la Memoria, Archivo Nacional de la Memoria de C\u00f3rdoba<\/strong><\/p><p>Durante la dictadura c\u00edvico-militar de 1976-1983, cientos de libros fueron censurados, quemados y retirados de circulaci\u00f3n mientras sus autores eran perseguidos, desterrados o desaparecidos, como parte de un plan de biblioclast\u00eda y represi\u00f3n a la cultura dirigido contra autores, lectores, bibliotecas, libreros y editoriales.<\/p>\n<p>Con el regreso de la democracia, muchos de esos libros fueron re-editados y puestos en circulaci\u00f3n en librer\u00edas y bibliotecas de todo el pa\u00eds, como testimonio de memoria y resistencia.<\/p>\n<p>Esta publicaci\u00f3n rescata los t\u00edtulos de aquellos y los nombres de lxs autorxs v\u00edctimas de censura y persecuci\u00f3n durante el terrorismo de Estado.<\/p>\n<div class=\"container-newsbutton\">\n<a class=\"cdab-newsbuttonlink\" href=\"http:\/\/conti.derhuman.jus.gov.ar\/2020\/10\/b\/01-biblioteca-de-libros-prohibidos.pdf\" target=\"_blank\" rel=\"noopener noreferrer\"><div class=\"cdab-pdf-newsbutton\">DESCARGAR E-BOOK<\/div><\/a>\n<\/div>\n<\/div><\/div>\n\n<div id=\"revistasacad\" class=\"csvv-right2021\">\n<div class=\"csvv-card2021\"><div class=\"cdab-especial-covid19-card-icon revistas\"><i class=\"fa fa-file-text-o\" aria-hidden=\"true\" style=\"margin-left: 3px;\"><\/i><\/div><div class=\"cdab-especial-covid19-card-title revistas\">REVISTAS ACAD\u00c9MICAS<\/div>\n<p><img decoding=\"async\" class=\"cdab-tapa-instidentpoet-index publicacion-tapa\" title=\"Viator. Revista cient\u00edfica de comunicaci\u00f3n desde los bordes\" src=\"http:\/\/www.arte.unicen.edu.ar\/cdab\/wp-content\/uploads\/2021\/03\/viator-tapa.jpg\" alt=\"Viator. Revista cient\u00edfica de comunicaci\u00f3n desde los bordes\" style=\"width: 220px; height: 302px; float: right; border: 10px solid #fff; box-shadow: 0 0 5px rgba(0, 0, 0, 0.1); -webkit-box-shadow: 0 0 5px rgba(0, 0, 0, 0.1); -moz-box-shadow: 0 0 5px rgba(0, 0, 0, 0.1); display: block; margin: 0px 0px 22px 22px;\"\/><h3>Viator. Revista cient\u00edfica de comunicaci\u00f3n desde los bordes<\/h3><\/p><p><strong><u>Director:<\/u> Dr. Carlos Gonz\u00e1lez P\u00e9rez  (UNJu)<br \/>2020. Facultad de Humanidades y Ciencias Sociales, Universidad Nacional de Jujuy<\/strong><\/p><p><a href=\"http:\/\/revista.fhycs.unju.edu.ar\/revistaviator\/index.php\/viator\" target=\"_blank\" rel=\"noopener noreferrer\">Viator<\/a>, es una revista cient\u00edfica de Comunicaci\u00f3n de la <a href=\"http:\/\/www.fhycs.unju.edu.ar\" target=\"_blank\" rel=\"noopener noreferrer\">Facultad de Humanidades y Ciencias Sociales<\/a> de la <a href=\"http:\/\/www.unju.edu.ar\" target=\"_blank\" rel=\"noopener noreferrer\">Universidad Nacional de Jujuy<\/a>. La revista publica art\u00edculos cient\u00edficos originales, ensayos, traducciones y otras producciones que abordan problem\u00e1ticas enmarcadas en la relaci\u00f3n comunicaci\u00f3n y cultura, las problem\u00e1ticas discursivas y del lenguaje, considerando, adem\u00e1s, al campo de la comunicaci\u00f3n abierto y permeable con otras disciplinas sociales y humanas.<\/p><p>Los art\u00edculos y ensayos sometidos a evaluaci\u00f3n podr\u00e1n abordar las mediaciones, la vida cotidiana, la comunicaci\u00f3n y la educaci\u00f3n, las tecnolog\u00edas, las pr\u00e1cticas sociales y culturales como sus instancias de representaci\u00f3n, las problem\u00e1ticas de g\u00e9nero y diversidad, las migraciones y las comunidades originarias en clave comunicacional, las problem\u00e1ticas de fronteras (tanto pol\u00edticas como culturales), los procesos de construcci\u00f3n de identidades, el an\u00e1lisis de discursos y procesos semi\u00f3ticos (en su amplia consideraci\u00f3n), la materializaci\u00f3n y el an\u00e1lisis de los diferentes mundos semi\u00f3ticos posibles, los discursos hegem\u00f3nicos y subalternos, las manifestaciones del poder y su ejercicio, las manifestaciones period\u00edsticas y la construcci\u00f3n de los fen\u00f3menos medi\u00e1ticos, entre otros. <a href=\"http:\/\/revista.fhycs.unju.edu.ar\/revistaviator\/index.php\/viator\" target=\"_blank\" rel=\"noopener noreferrer\">Viator<\/a> publica art\u00edculos en espa\u00f1ol, portugu\u00e9s e ingl\u00e9s.<\/p>\n<div class=\"container-newsbutton\">\n<a class=\"cdab-newsbuttonlink\" href=\"http:\/\/revista.fhycs.unju.edu.ar\/revistaviator\/index.php\/viator\" target=\"_blank\" rel=\"noopener noreferrer\"><div class=\"cdab-web-newsbutton\">ACCEDER A VIATOR<\/div><\/a><\/div>\n<hr style=\"margin-bottom: 25px;\"\/>\n<p><img decoding=\"async\" class=\"cdab-tapa-instidentpoet-index publicacion-tapa\" title=\"El lugar sin l\u00edmites. Revista de estudios y pol\u00edticas de g\u00e9nero\" src=\"http:\/\/www.arte.unicen.edu.ar\/cdab\/wp-content\/uploads\/2021\/03\/lugarsinlimites-tapa.jpg\" alt=\"El lugar sin l\u00edmites. Revista de estudios y pol\u00edticas de g\u00e9nero\" style=\"width: 220px; height: 302px; float: right; border: 10px solid #fff; box-shadow: 0 0 5px rgba(0, 0, 0, 0.1); -webkit-box-shadow: 0 0 5px rgba(0, 0, 0, 0.1); -moz-box-shadow: 0 0 5px rgba(0, 0, 0, 0.1); display: block; margin: 0px 0px 22px 22px;\"\/><h3>El lugar sin l\u00edmites. Revista de estudios y pol\u00edticas de g\u00e9nero<\/h3><\/p><p><strong><u>Director:<\/u> Daniel Link (UNTREF \/ UBA)<br \/>2020. Universidad Nacional de Tres de Febrero<\/strong><\/p><p><a href=\"https:\/\/revistas.untref.edu.ar\/index.php\/ellugar\" target=\"_blank\" rel=\"noopener noreferrer\">El lugar sin l\u00edmites<\/a> (ISSN 2683-9105) se propone abordar los debates que le dan forma al campo de los estudios de g\u00e9nero y las sexualidades y estudiar cr\u00edticamente las pol\u00edticas que despliegan las instituciones y los activismos. Asimismo, habr\u00e1 un espacio para revisar las escrituras e im\u00e1genes que representan y producen las distintas concepciones contempor\u00e1neas del funcionamiento del g\u00e9nero en nuestra sociedad as\u00ed como las pr\u00e1cticas de resistencia a los sistemas de normalizaci\u00f3n.<\/p>\n<p>La revista pretende ser un espacio para discutir los esfuerzos que han llevado a cabo los distintos feminismos y los activismos de la disidencia sexual por identificar, rescatar y promover las voces que, desde una perspectiva contracan\u00f3nica, hab\u00edan sido silenciadas por las preceptivas cisexistas, h\u00e9teronormativas y patriarcales. En este sentido, es parte de un esfuerzo acad\u00e9mico y pol\u00edtico m\u00e1s amplio por devolverle su peso espec\u00edfico a la historia cultural de las mujeres y de las disidencias sexuales, lo que implica una reconceptualizaci\u00f3n de la historia social general de nuestras sociedades y un cuestionamiento radical de sus presupuestos.<\/p>\n<p>M\u00e1s all\u00e1 de esta suerte de contra-historia, que incluye la construcci\u00f3n de un contra-archivo, <a href=\"https:\/\/revistas.untref.edu.ar\/index.php\/ellugar\" target=\"_blank\" rel=\"noopener noreferrer\">El lugar sin l\u00edmites<\/a> encuentra otra faceta pol\u00edtica en la puesta a punto de un discurso que, anclado en los conceptos de g\u00e9nero y sexualidad, desnude las relaciones de opresi\u00f3n que caracterizan a las sociedades patriarcales.<\/p>\n<div class=\"container-newsbutton\">\n<a class=\"cdab-newsbuttonlink\" href=\"https:\/\/revistas.untref.edu.ar\/index.php\/ellugar\" target=\"_blank\" rel=\"noopener noreferrer\"><div class=\"cdab-web-newsbutton\">ACCEDER A EL LUGAR SIN L\u00cdMITES<\/div><\/a><\/div>\n<hr style=\"margin-bottom: 25px;\"\/>\n<p><img decoding=\"async\" class=\"cdab-tapa-instidentpoet-index publicacion-tapa\" title=\"Cuadernos de cine documental\" src=\"http:\/\/www.arte.unicen.edu.ar\/cdab\/wp-content\/uploads\/2021\/04\/cuadernoscinedocumental-tapa.jpg\" alt=\"Cuadernos de cine documental\" style=\"width: 220px; height: 302px; float: right; border: 10px solid #fff; box-shadow: 0 0 5px rgba(0, 0, 0, 0.1); -webkit-box-shadow: 0 0 5px rgba(0, 0, 0, 0.1); -moz-box-shadow: 0 0 5px rgba(0, 0, 0, 0.1); display: block; margin: 0px 0px 22px 22px;\"\/><h3>Cuadernos de cine documental<\/h3><\/p><p><strong><u>Director:<\/u> Ra\u00fal Beceyro<br \/>2020. Ediciones UNL. Secretar\u00eda de Extensi\u00f3n de la UNL<\/strong><\/p><p><a href=\"https:\/\/bibliotecavirtual.unl.edu.ar\/publicaciones\/index.php\/CuadernosDeCine\" target=\"_blank\" rel=\"noopener noreferrer\">Cuadernos de cine documental<\/a> es una publicaci\u00f3n de periodicidad anual que desarrolla, en textos cl\u00e1sicos (de Andr\u00e9 Bazin, John Grierson, Jean-Luc Godard o Jean-Louis Comolli) y en ensayos sobre libros o films, los problemas centrales planteados en torno al cine documental.<\/p>\n<p>Estos problemas, se sabe, no son los que conciernen a un g\u00e9nero cinematogr\u00e1fico, sino al cine a secas. Adem\u00e1s se incluyen los tramos m\u00e1s interesantes de las Mesas de discusi\u00f3n desarrolladas en el Encuentro de Cine Documental de Santa Fe, que todos los a\u00f1os organiza el Taller de Cine de la UNL, en el mes de agosto.<\/p>\n<div class=\"container-newsbutton\">\n<a class=\"cdab-newsbuttonlink\" href=\"https:\/\/bibliotecavirtual.unl.edu.ar\/publicaciones\/index.php\/CuadernosDeCine\" target=\"_blank\" rel=\"noopener noreferrer\"><div class=\"cdab-web-newsbutton\">ACCEDER A CUADERNOS DE CINE DOCUMENTAL<\/div><\/a><\/div>\n<hr style=\"margin-bottom: 25px;\"\/>\n<h3>EscenaUno #14: Convocatoria abierta para la recepci\u00f3n de art\u00edculos<\/h3>\n<p>Se encuentra abierta la convocatoria para el n\u00famero 14 de la revista <a href=\"http:\/\/www.escenauno.org\" target=\"_blank\" rel=\"noopener noreferrer\">EscenaUno<\/a>, perteneciente al <a href=\"http:\/\/www.indees.com.ar\" target=\"_blank\" rel=\"noopener noreferrer\">Instituto de Estudios Escenogr\u00e1ficos en Artes Esc\u00e9nicas y Audiovisuales<\/a> de la <a href=\"http:\/\/www.arte.unicen.edu.ar\" target=\"_blank\" rel=\"noopener noreferrer\">Facultad de Arte<\/a> (<a href=\"http:\/\/www.unicen.edu.ar\" target=\"_blank\" rel=\"noopener noreferrer\">UNICEN<\/a>), que se publicar\u00e1 en el mes de julio de 2021.<\/p>\n<p><a href=\"http:\/\/www.escenauno.org\" target=\"_blank\" rel=\"noopener noreferrer\">EscenaUno<\/a> es una revista acad\u00e9mica de formato digital con periodicidad semestral dedicada a la publicaci\u00f3n de art\u00edculos in\u00e9ditos cuyo eje de reflexi\u00f3n sea el espacio en las diversas producciones esc\u00e9nicas y audiovisuales. <a href=\"http:\/\/www.escenauno.org\" target=\"_blank\" rel=\"noopener noreferrer\">EscenaUno<\/a> busca propiciar el di\u00e1logo y socializaci\u00f3n de saberes respecto de la escenograf\u00eda en su complejidad. Sus ejes tem\u00e1ticos son teor\u00eda, metodolog\u00eda y quehacer de la escenograf\u00eda teatral, direcci\u00f3n de arte en audiovisuales, y sus m\u00faltiples perspectivas de abordaje, problem\u00e1ticas en torno al dise\u00f1o esc\u00e9nico, iluminaci\u00f3n y vestuario, cuestiones hist\u00f3ricas, sociales y culturales de la pr\u00e1ctica escenogr\u00e1fica, aspectos did\u00e1cticos-pedag\u00f3gicos de la escenograf\u00eda y la direcci\u00f3n de arte.<\/p>\n<p>Indexada en Latindex 2.0, <a href=\"http:\/\/www.escenauno.org\" target=\"_blank\" rel=\"noopener noreferrer\">EscenaUno<\/a> cuenta con diferentes secciones, recibiendo colaboraciones en los siguientes formatos: art\u00edculos, rese\u00f1as de libros, experiencias profesionales, relator\u00edas sobre proyectos de investigaci\u00f3n, experiencias did\u00e1cticas, entrevistas. Se aceptan hasta 3 (tres) autores por trabajo.<\/p>\n<p><strong>PLAZO: Las propuestas se recibir\u00e1n hasta el 10 de junio de 2021 inclusive.<\/strong><\/p>\n<a href=\"http:\/\/www.arte.unicen.edu.ar\/cdab\/wp-content\/uploads\/2021\/03\/flyer-escenauno-14.png\" data-fancybox=\"gallery\" data-caption=\"Cuidado social. V\u00ednculo virtual #21\"><img decoding=\"async\" class=\"publicacion-tapa\" title=\"Convocatoria abierta para la recepci\u00f3n de art\u00edculos: EscenaUno #14\" src=\"http:\/\/www.arte.unicen.edu.ar\/cdab\/wp-content\/uploads\/2021\/03\/flyer-escenauno-14-600x600.png\" alt=\"Convocatoria abierta para la recepci\u00f3n de art\u00edculos: EscenaUno #14\" style=\"width: 400px; height: 400px; border: 10px solid #fff; box-shadow: 0 0 5px rgba(0, 0, 0, 0.1); -webkit-box-shadow: 0 0 5px rgba(0, 0, 0, 0.1); -moz-box-shadow: 0 0 5px rgba(0, 0, 0, 0.1); display: block; margin: 20px auto; text-align: center;\"\/><\/a>\n<div class=\"container-newsbutton\">\n<a data-fancybox class=\"cdab-newsbuttonlink\" href=\"http:\/\/www.escenauno.org target=\"_blank\" rel=\"noopener noreferrer\"><div class=\"cdab-web-newsbutton\">ACCEDER A ESCENAUNO<\/div><\/a>\n<\/div>\n<hr style=\"margin-bottom: 25px;\"\/>\n<p><img decoding=\"async\" class=\"cdab-tapa-instidentpoet-index publicacion-tapa\" title=\"Culturas. Debates y perspectivas de un mundo en cambio\" src=\"http:\/\/www.arte.unicen.edu.ar\/cdab\/wp-content\/uploads\/2021\/04\/culturas13-tapa.jpg\" alt=\"Culturas. Debates y perspectivas de un mundo en cambio\" style=\"width: 220px; height: 302px; float: right; border: 10px solid #fff; box-shadow: 0 0 5px rgba(0, 0, 0, 0.1); -webkit-box-shadow: 0 0 5px rgba(0, 0, 0, 0.1); -moz-box-shadow: 0 0 5px rgba(0, 0, 0, 0.1); display: block; margin: 0px 0px 22px 22px;\"\/><h3>Culturas #15: Convocatoria abierta para la recepci\u00f3n de art\u00edculos<\/h3><\/p><p>La revista <a href=\"https:\/\/bibliotecavirtual.unl.edu.ar\/publicaciones\/index.php\/Culturas\" target=\"_blank\" rel=\"noopener noreferrer\">Culturas. Debates y perspectivas de un mundo en cambio<\/a>, es una publicaci\u00f3n pluralista orientada a la difusi\u00f3n de la problem\u00e1tica de los Estudios Culturales y de otras perspectivas te\u00f3ricas de las Ciencias Sociales que abordan el estudio de la Cultura, publicaci\u00f3n acad\u00e9mica dependiente de la <a href=\"https:\/\/www.fhuc.unl.edu.ar\" target=\"_blank\" rel=\"noopener noreferrer\">Facultad de Humanidades y Ciencias<\/a>, <a href=\"https:\/\/www.unl.edu.ar\" target=\"_blank\" rel=\"noopener noreferrer\">Universidad Nacional del Litoral<\/a>, Santa Fe. Creada como una revista de divulgaci\u00f3n en su primera \u00e9poca, entre los a\u00f1os 1999 y 2003 abord\u00f3 las siguientes tem\u00e1ticas: aportes de los Estudios Culturales, cuestiones de g\u00e9nero, comunicaci\u00f3n, educaci\u00f3n, temas hist\u00f3ricos como la conquista y la naci\u00f3n, problem\u00e1ticas como la identidad, el multiculturalismo el cine y la imagen. A partir del n\u00famero 5, la revista se centr\u00f3 en el eje\n<em>Cine documental, arte y pol\u00edtica<\/em>, comienza el desarrollo de su segunda \u00e9poca y se perfila con car\u00e1cter acad\u00e9mico.<\/p>\n<p>Para la convocatoria en curso de <a href=\"https:\/\/bibliotecavirtual.unl.edu.ar\/publicaciones\/index.php\/Culturas\" target=\"_blank\" rel=\"noopener noreferrer\">Culturas n\u00b0 15<\/a> se propone como eje tem\u00e1tico <em>Archivos, im\u00e1genes, historia y memorias<\/em>. Los art\u00edculos o notas deber\u00e1n sujetarse a lo establecido en el documento <a href=\"https:\/\/bibliotecavirtual.unl.edu.ar\/publicaciones\/index.php\/Culturas\/about\" target=\"_blank\" rel=\"noopener noreferrer\">Requisitos para las colaboraciones<\/a> y enviarse a los correos electr\u00f3nicos de la revista: <a href=\"mailto:mnicola@fhuc.unl.edu.ar\">mnicola@fhuc.unl.edu.ar<\/a>; <a href=\"mailto:revistaculturas@fhuc.unl.edu.ar\">revistaculturas@fhuc.unl.edu.ar<\/a>.<\/p><p>Se recibir\u00e1n: <strong>Art\u00edculos<\/strong> (que deber\u00e1n tratar problem\u00e1ticas afines a los conceptos mencionados en el eje tem\u00e1tico, en este\ncaso <em>Archivos, im\u00e1genes, historia y memorias<\/em> y podr\u00e1n ser abordados desde diferentes perspectivas: hist\u00f3ricas, sociol\u00f3gicas, antropol\u00f3gicas, pol\u00edticas, art\u00edsticas, comunicacionales, etc. poniendo en relaci\u00f3n\/tensi\u00f3n al menos dos de ellos); <strong>Rese\u00f1as y comentarios<\/strong> (podr\u00e1n ser rese\u00f1as de producciones culturales de diversa \u00edndole como libros, filmes, videos, exposiciones art\u00edsticas, priorizando las desarrolladas en el \u00e1mbito local y regional).<\/p>\n<p><strong>Extensi\u00f3n del plazo de recepci\u00f3n de colaboraciones y art\u00edculos: 21 de junio de 2021.<\/strong><\/p>\n<div class=\"container-newsbutton\">\n<a class=\"cdab-newsbuttonlink\" href=\"https:\/\/bibliotecavirtual.unl.edu.ar\/publicaciones\/index.php\/Culturas\" target=\"_blank\" rel=\"noopener noreferrer\"><div class=\"cdab-web-newsbutton\">ACCEDER A CULTURAS<\/div><\/a><\/div>\n<\/div><\/div>\n\n<div id=\"teatro\" class=\"csvv-right2021\">\n<div class=\"csvv-card2021\"><div class=\"cdab-especial-covid19-card-icon teatro\"><i class=\"fa fa-comments-o\" aria-hidden=\"true\"><\/i><\/div><div class=\"cdab-especial-covid19-card-title teatro\">TEATRO<\/div>\n<p><a href=\"https:\/\/www.teatrosejemplares.es\" target=\"_blank\" rel=\"noopener noreferrer\"><img decoding=\"async\" class=\"publicacion-tapa\" src=\"http:\/\/www.arte.unicen.edu.ar\/cdab\/wp-content\/uploads\/2021\/04\/csvv-teatrosejemplares-banner.jpg\" data-fancybox=\"gallery\" data-caption=\"Cuidado social. V\u00ednculo virtual #21\"\/><\/a><\/p>\n<p>La idea de llevar al teatro las Novelas Ejemplares cervantinas comenz\u00f3 a cobrar vida en el 2013, cuando a instancias del Centro Cultural de Espa\u00f1a en Buenos Aires destacados dramaturgos argentinos presentaron sus adaptaciones para la escena, precisamente en el marco del cuarto centenario de su publicaci\u00f3n en el Siglo de Oro. La colaboraci\u00f3n con el <a href=\"https:\/\/www.teatrocervantes.gob.ar\" target=\"_blank\" rel=\"noopener noreferrer\">Teatro Nacional Cervantes<\/a> permiti\u00f3 dar a conocer esas obras al p\u00fablico argentino en lecturas teatralizadas. En 2014 se sumaron las cinco nouvelles restantes en versi\u00f3n de cinco autores espa\u00f1oles, cinco dramaturgos uruguayos y un representante chileno. El conjunto constituye un patrimonio que gracias a una plataforma digital de libre acceso permitir\u00e1 conocer y difundir las obras.<\/p>\n<p><a href=\"https:\/\/www.teatrosejemplares.es\" target=\"_blank\" rel=\"noopener noreferrer\">Teatros Ejemplares<\/a> constituye un homenaje a Miguel de Cervantes a trav\u00e9s de sus obras revisitadas por autores de hoy, cada uno desde su propia escritura y talento. Un proyecto que plasma, como pocos lo logran, la idea feliz que acu\u00f1\u00f3 Carlos Fuentes: quienes escriben en espa\u00f1ol comparten una misma ciudadan\u00eda, la del &#8220;Territorio de la Mancha&#8221;, verdadero espacio cultural com\u00fan.<\/p>\n<div class=\"container-newsbutton\"><a class=\"cdab-newsbuttonlink\" href=\"https:\/\/www.teatrosejemplares.es\" target=\"_blank\" rel=\"noopener noreferrer\"><div class=\"cdab-web-newsbutton\">ACCEDER A TEATROS EJEMPLARES<\/div><\/a><\/div>\n<hr style=\"margin-bottom: 25px;\"\/>\n<h3>Charlas ODA (Oficio del actor y la actriz) | Fundaci\u00f3n SAGAI<\/h3>\n<p>Las <a href=\"https:\/\/www.youtube.com\/playlist?list=PLdzgkSeAhuNjpLikR8AUOo7wE3aVEBfpK\" target=\"_blank\" rel=\"noopener noreferrer\">Charlas ODA (Oficio del actor y la actriz)<\/a> que la <a href=\"https:\/\/www.fundacionsagai.org\" target=\"_blank\" rel=\"noopener noreferrer\">Fundaci\u00f3n SAGAI<\/a> organiza desde el a\u00f1o 2016, son encuentros en los cuales actrices y actores argentinos, referentes en la materia, exponen y comparten en primera persona sus procedimientos y t\u00e9cnicas de trabajo. Compartimos 13 encuentros que recuperan la labor de: <strong>Hugo Arana, Dolores Fonzi, Elena Roger, Luis Ziembrowski, Mar\u00eda Onetto, Osqui Guzm\u00e1n, Maril\u00fa Marini, Augusto Fern\u00e1ndes, Daniel Fanego, Cristina Banegas, Alejandra Flechner, Diego Vel\u00e1zquez<\/strong> e <strong>Ingrid Pelicori<\/strong>.<\/p>\n<div align=\"center\" style=\"margin: 20px auto\"><iframe loading=\"lazy\" width=\"700\" height=\"394\" src=\"https:\/\/www.youtube.com\/embed\/?listType=playlist&#038;list=PLdzgkSeAhuNjpLikR8AUOo7wE3aVEBfpK\" frameborder=\"0\" allow=\"accelerometer; autoplay; encrypted-media; gyroscope; picture-in-picture\" allowfullscreen><\/iframe><\/div>\n<hr style=\"margin-bottom: 25px;\"\/>\n<p><img loading=\"lazy\" decoding=\"async\" width=\"170\" height=\"170\" class=\"alignright size-full wp-image-4077\" style=\"border: 0px; border-radius: 170px; margin-bottom: 35px;\" src=\"http:\/\/www.arte.unicen.edu.ar\/cdab\/wp-content\/uploads\/2021\/04\/csvv-contracciones.jpg\" alt=\"'Contracciones' con Laura Azcurra y Marta Betoldi\" title=\"'Contracciones' con Laura Azcurra y Marta Betoldi\" \/><h3>&#8220;Contracciones&#8221; con Laura Azcurra y Marta Betoldi<\/h3><\/p>\n<p>Los mon\u00f3logos de dos mujeres, desarrollados en dos tiempos diferentes y unidas por la misma circunstancia de gestar, tejen de a poco la historia de una madre que da a luz en cautiverio y su hija, una ni\u00f1a apropiada al nacer. La simetr\u00eda y los nudos entre ambos di\u00e1logos descubren la verdadera identidad de Laura.<\/p>\n<p>Estas madres van llevando al espectador a adentrarse en la tem\u00e1tica de la identidad construida desde los trazos leves de una melod\u00eda infantil o el sabor de un chocolate. Lo femenino est\u00e1 representado con toda la fuerza uterina y la historia emocional heredada de abuela a madre y de madre a hija se presenta como una suerte de un legado irrenunciable para las protagonistas.<\/p>\n<p><strong>Contracciones<\/strong> bucea en el sentido esencial de la vida y la defensa de la misma desde el alma de toda madre y de cada hija. El v\u00ednculo maternal, lo instintivo, la herencia, la memoria sensorial son los elementos de coincidencia que act\u00faan en el drama como detonador de una verdad oculta durante 30 a\u00f1os.<\/p>\n<p>Sin idealizar a estas mujeres comunes en circunstancias extraordinarias que enfrentan el abismo, <strong>Contracciones<\/strong>, tambi\u00e9n recuerda que la verdad sobre su identidad hace m\u00e1s libres a las personas, a la vez que puede llegar a reparar, en parte, el terrible da\u00f1o perpetrado.<\/p>\n<div class=\"container-newsbutton\"><a class=\"cdab-newsbuttonlink\" href=\"https:\/\/vivamoscultura.buenosaires.gob.ar\/?contenido=4538-contracciones\" target=\"_blank\" rel=\"noopener noreferrer\"><div class=\"cdab-web-newsbutton\">VER &#8220;CONTRACCIONES&#8221; EN VIVAMOS CULTURA<\/div><\/a><\/div>\n<hr style=\"margin-bottom: 25px;\"\/>\n<h3>Homenajes en entrevistas | Instituto Nacional del Teatro (INT)<\/h3>\n<p>En el a\u00f1o 2007 Alejandro Urdapilleta -indiscutido referente de la escena nacional- brind\u00f3 una entrevista que tomaba como referencia el Cuestionario Proust donde pudo darnos a conocer sus pensamientos y emociones sobre la vida.<\/p>\n<p>A partir de la mencionada nota, la actriz Ana Mar\u00eda Picchio y el actor\/director Francisco Su\u00e1rez, propusieron al Instituto Nacional del Teatro la realizaci\u00f3n de un homenaje a Alejandro Urdapilleta que luego se ampli\u00f3 a otras figuras: Pepe Soriano, Norma Aleandro y China Zorrilla, convocando a otros int\u00e9rpretes de la escena nacional (Alberto Ajaka, Fabi\u00e1n Vena y Katja Alemann) que tomaron como punto de partida las mismas preguntas y sus respectivas respuestas del cuestionario Proust.<\/p>\n<p>Compartimos algunas piezas audiovisuales del ciclo Homenajes en entrevistas que puede seguirse desde el <a href=\"https:\/\/www.youtube.com\/channel\/UCtMHAAu6xiF-4ZCHvfYo4pA\" target=\"_blank\" rel=\"noopener noreferrer\">canal de YouTube del INT<\/a>:<\/p>\n<h3 style=\"margin-top: 30px;\"><span style=\"font-size: 16px;\">Alejandro Urdapilleta: &#8220;Yo quiero, como cuando era un ni\u00f1o, jugar al teatro, pintarme la cara, disfrazarme y nada m\u00e1s. Si me pueden pagar por eso, mejor&#8221;<\/span><\/h3>\n<p>Nacido en Uruguay, fue un artista polifac\u00e9tico actor, autor, escritor, guionista y director. En la d\u00e9cada de los ochenta, en Buenos Aires, comenz\u00f3 a involucrarse con el teatro <em>under<\/em>, movimiento que resurgi\u00f3 con mayor fuerza al retorno de la democracia. Junto a Batato Barea y Humberto Tortonese crearon puestas en escena que se caracterizaron por la transgresi\u00f3n y el desborde, empujando los l\u00edmites del teatro tradicional. Sus presentaciones, tanto individuales como grupales, sol\u00edan darse en reconocidos espacios del under, como el Parakultural y el <a href=\"https:\/\/www.rojas.uba.ar\" target=\"_blank\" rel=\"noopener noreferrer\">Centro Cultural Rojas<\/a>. Su carrera fue creciendo con participaciones en el teatro oficial y, m\u00e1s tarde, en la televisi\u00f3n. A lo largo de su carrera fue reconocido con distinciones como Premios ACE, Diploma al M\u00e9rito, Premio Konex como Actor de Teatro y Trayectoria en 2001; el Premio Mart\u00edn Fierro como actor de reparto; el <a href=\"https:\/\/www.mardelplatafilmfest.com\" target=\"_blank\" rel=\"noopener noreferrer\">Festival Internacional de Cine de Mar del Plata<\/a> lo reconoci\u00f3 como mejor actor en 2004.<\/p>\n<div align=\"center\" style=\"margin: 20px auto\"><iframe loading=\"lazy\" width=\"700\" height=\"394\" src=\"https:\/\/www.youtube.com\/embed\/EoRwmKH9hio\" frameborder=\"0\" allow=\"accelerometer; autoplay; encrypted-media; gyroscope; picture-in-picture\" allowfullscreen><\/iframe><\/div>\n<h3 style=\"margin-top: 50px;\"><span style=\"font-size: 16px;\">Pepe Soriano: &#8220;Actores va a haber mejores y peores, pero me gustar\u00eda ser recordado como un buen tipo&#8221;<\/span><\/h3>\n<p>Figura esencial del teatro, el cine y la TV argentina, nacido en el barrio de Colegiales donde actualmente reside, conocido por sus grandes interpretaciones entre las que se destacan: el alem\u00e1n Schultz en <em>La Patagonia Rebelde<\/em> (1974); el abuelo en <em>No toquen a la Nena<\/em> (1976); y Lisandro de la Torre en <em>Asesinato en el Senado de la Naci\u00f3n<\/em> (1984). En Espa\u00f1a es recordado por la pel\u00edcula <em>Esp\u00e9rame en el Cielo<\/em> (1988), en la que interpreta a un doble del dictador Francisco Franco. Obtuvo el Premio Konex en 1981 como uno de los actores m\u00e1s importantes del Cine Argentino. Y en 2010 fue declarado Ciudadano Ilustre de la Ciudad de Buenos Aires por la Legislatura porte\u00f1a.<\/p>\n<div align=\"center\" style=\"margin: 20px auto\"><iframe loading=\"lazy\" width=\"700\" height=\"394\" src=\"https:\/\/www.youtube.com\/embed\/NlzDNTWjE9s\" frameborder=\"0\" allow=\"accelerometer; autoplay; encrypted-media; gyroscope; picture-in-picture\" allowfullscreen><\/iframe><\/div>\n<h3 style=\"margin-top: 50px;\"><span style=\"font-size: 16px;\">Norma Aleandro: &#8220;Yo la verdad, no para hacerme la humilde, no tengo la menor idea de lo que es un artista, yo soy una artesana de lo que hago&#8230;&#8221;<\/span><\/h3>\n<p>Nacida en Buenos Aires, hija de actores, <strong>Norma Aleandro<\/strong> se cri\u00f3 entre bastidores, integr\u00f3 el prestigioso Clan Stivel. Tiene una extensa carrera en teatro, cine y televisi\u00f3n. En 1985 el mundo entero conoci\u00f3 su nombre por su papel en <em>La historia oficial<\/em>, primera pel\u00edcula argentina en ganar el Oscar y a su vez le vali\u00f3 el reconocimiento como mejor actriz en el Festival de Cine de Cannes. Fue nominada al Oscar en la categor\u00eda de mejor actriz y en 1996 fue galardonada como &#8220;Ciudadana ilustre de la ciudad de Buenos Aires&#8221;. En la d\u00e9cada de los &#8217;70 se exili\u00f3 a Uruguay pero m\u00e1s tarde se traslad\u00f3 a Espa\u00f1a y no regres\u00f3 a Argentina hasta 1982, cuando la junta militar abandon\u00f3 el poder. A los 84 a\u00f1os, ni la pandemia que se instal\u00f3 en Argentina logr\u00f3 detener su actividad: en el 2020 public\u00f3 un libro <em>Confieso que pinto<\/em>, y un podcast <em>Norma en la nube<\/em>, que se emite por <a href=\"https:\/\/www.filmandarts.tv\" target=\"_blank\" rel=\"noopener noreferrer\">Film and Arts<\/a>.<\/p>\n<div align=\"center\" style=\"margin: 20px auto\"><iframe loading=\"lazy\" width=\"700\" height=\"394\" src=\"https:\/\/www.youtube.com\/embed\/1LuXB-xB46Y\" frameborder=\"0\" allow=\"accelerometer; autoplay; encrypted-media; gyroscope; picture-in-picture\" allowfullscreen><\/iframe><\/div>\n<h3 style=\"margin-top: 50px;\"><span style=\"font-size: 16px;\">China Zorrilla: &#8220;A m\u00ed me pasa una cosa muy rara: me divierte estar viva, le saco jugo a todo lo que me pasa porque tengo un optimismo insensato&#8221;<\/span><\/h3>\n<p>Uruguaya de nacimiento, argentina por adopci\u00f3n, la vida de esta gran actriz rioplatense transcurri\u00f3 entre su Montevideo natal, su infancia en Par\u00eds, su formaci\u00f3n teatral en Londres, su paso por Nueva York y su vida adulta en la Argentina. Etapas todas en las que no dej\u00f3 de trabajar, crear, actuar y llenarse de an\u00e9cdotas tan luminosas como pintorescas que no dudaba compartir con su p\u00fablico. Tambi\u00e9n incursion\u00f3 en el periodismo y en la escritura como guionista. Todo este trabajo, sumado a su \u00e1ngel, a su carisma, a su generosidad la convirti\u00f3 en una de las personalidades art\u00edsticas m\u00e1s populares y carism\u00e1ticas del R\u00edo de la Plata.<\/p>\n<div align=\"center\" style=\"margin: 20px auto\"><iframe loading=\"lazy\" width=\"700\" height=\"394\" src=\"https:\/\/www.youtube.com\/embed\/lYVspHd7vEQ\" frameborder=\"0\" allow=\"accelerometer; autoplay; encrypted-media; gyroscope; picture-in-picture\" allowfullscreen><\/iframe><\/div>\n<div class=\"container-newsbutton\">\n<a class=\"cdab-newsbuttonlink\" href=\"https:\/\/www.youtube.com\/channel\/UCtMHAAu6xiF-4ZCHvfYo4pA\" target=\"_blank\" rel=\"noopener noreferrer\"><div class=\"cdab-youtube-newsbutton\">INSTITUTO NACIONAL DEL TEATRO<\/div><\/a><\/div>\n<\/div><\/div>\n\n<div id=\"audiovisual\" class=\"csvv-right2021\">\n<div class=\"csvv-card2021\"><div class=\"cdab-especial-covid19-card-icon audiovisual\"><i class=\"fa fa-film\" aria-hidden=\"true\"><\/i><\/div><div class=\"cdab-especial-covid19-card-title audiovisual\">AUDIOVISUAL<\/div>\n<p><a href=\"https:\/\/www.cultura.gob.ar\/fernando-birri-10247\" target=\"_blank\" rel=\"noopener noreferrer\"><img decoding=\"async\" class=\"publicacion-tapa\" src=\"http:\/\/www.arte.unicen.edu.ar\/cdab\/wp-content\/uploads\/2021\/04\/csvv-birri-banner.jpg\" data-fancybox=\"gallery\" data-caption=\"Cuidado social. V\u00ednculo virtual #21\"\/><\/a><\/p>\n<p><strong>Fernando Birri<\/strong> naci\u00f3 el 13 de marzo de 1925 en Santa Fe rodeado de una familia de artistas. Su padre y sus t\u00edos incursionaban en la m\u00fasica, la pintura y las letras. En esa casa natal descubri\u00f3 a Lorca, Neruda y Whitman y vio, junto a Fernando Birri padre, sus primeras pel\u00edculas sonoras en el cine Col\u00f3n, mucho antes que la cinematograf\u00eda se convirtiese en uno de sus tantos mundos posibles. Hubo otros mundos tambi\u00e9n por los que sigui\u00f3 orbitando a lo largo de sus 92 a\u00f1os de vida: fue pintor, poeta y titiritero.<\/p>\n<p>A sus 25 a\u00f1os viaj\u00f3 a Italia para estudiar en el Centro Sperimentale de Cinematograf\u00eda. Seis a\u00f1os durar\u00eda esa primera estad\u00eda, la primera de muchas. Por voluntad propia o escapando de las dictaduras militares siempre volvi\u00f3 a Roma. Su muerte, incluso, lo encontr\u00f3 en esa capital en diciembre de 2017.<\/p>\n<p>Para el escritor veneciano Marcos Franzozo, la cinematograf\u00eda neorealista italiana y la lectura de las obras de poetas renacentistas influyeron en las ideas est\u00e9ticas de Birri quien comenz\u00f3 a darse cuenta durante esos a\u00f1os de las posibilidades revolucionarias del cine; el poder de representar la realidad para cambiarla. Ese impulso viaj\u00f3 de Italia a Santa Fe, donde en 1956 Birri funda el <strong>Instituto de Cinematograf\u00eda<\/strong> de la <a href=\"https:\/\/www.unl.edu.ar\" target=\"_blank\" rel=\"noopener noreferrer\">Universidad Nacional del Litoral<\/a>, la primera escuela de cine documental de Argentina y en la que Birri dio sus primeros pasos como director y desarroll\u00f3 su eterna vocacaci\u00f3n docente.<\/p>\n<p>La sanci\u00f3n, en 1957, del decreto ley n\u00b0 62 de fomento a la industria cinematogr\u00e1fica le permiti\u00f3 a personajes como Birri o Leopoldo Torre Nilson, por ejemplo, acceder a financiamientos antes reservados para la producci\u00f3n cinematogr\u00e1fica comercial. Un nuevo cine nacional que contaba historias del momento presente comenzaba a entrar en circulaci\u00f3n.<\/p>\n<p>En 1960 lleg\u00f3 <em>Tire Di\u00e9<\/em>, una especie de encuesta social filmada que Birri realiz\u00f3 junto a sus estudiantes de la <a href=\"https:\/\/www.unl.edu.ar\" target=\"_blank\" rel=\"noopener noreferrer\">Universidad Nacional del Litoral<\/a>. Para \u00e9l <em>&#8220;cada pel\u00edcula es una pel\u00edcula-escuela&#8221;<\/em> porque entend\u00eda la ense\u00f1anza deb\u00eda ir vinculada a cada eslab\u00f3n del proceso de hacer cine.<\/p>\n<p><strong><u>Fuente:<\/u><\/strong> <a href=\"https:\/\/www.cultura.gob.ar\/fernando-birri-10247\" target=\"_blank\" rel=\"noopener noreferrer\">Ministerio de Cultura de la Naci\u00f3n<\/a><\/p>\n<div align=\"center\" style=\"margin: 20px auto\"><iframe loading=\"lazy\" width=\"700\" height=\"394\" src=\"https:\/\/www.youtube.com\/embed\/jOoyum7M0ww\" frameborder=\"0\" allow=\"accelerometer; autoplay; encrypted-media; gyroscope; picture-in-picture\" allowfullscreen><\/iframe><\/div>\n<p>Compartimos un homenaje realizado por el <strong>Instituto Superior de Cine y Artes Audiovisuales<\/strong> de Santa Fe:<\/p>\n<div align=\"center\" style=\"margin: 20px auto\"><iframe loading=\"lazy\" width=\"700\" height=\"394\" src=\"https:\/\/www.youtube.com\/embed\/XNXovU8Z9s8\" frameborder=\"0\" allow=\"accelerometer; autoplay; encrypted-media; gyroscope; picture-in-picture\" allowfullscreen><\/iframe><\/div>\n<p style=\"margin-top: 20px;\"><img loading=\"lazy\" decoding=\"async\" width=\"170\" height=\"170\" class=\"alignright size-full wp-image-4077\" style=\"border: 0px; border-radius: 170px;\" src=\"http:\/\/www.arte.unicen.edu.ar\/cdab\/wp-content\/uploads\/2021\/02\/csvv-cinearplay-logo.jpg\" alt=\"CineAR Play\" title=\"CineAR Play\" \/>Adem\u00e1s, la plataforma <a href=\"https:\/\/play.cine.ar\" target=\"_blank\" rel=\"noopener noreferrer\">CineAR Play<\/a> ofrece una selecci\u00f3n de sus pel\u00edculas para <strong>visionar online de manera gratuita<\/strong>. Entre los t\u00edtulos escogidos se encuentran:<\/p>\n<ul style=\"margin-left: 70px; margin-right: 20px;\">\n<li><a href=\"https:\/\/play.cine.ar\/INCAA\/produccion\/7354\" target=\"_blank\" rel=\"noopener noreferrer\">Los inundados<\/a> (1962, Fernando Birri). 83 minutos.<br \/>Drama que narra la historia de una familia de pocos recursos, habitantes del sur de la provincia de Santa Fe, que se ve forzada a mudarse a un vag\u00f3n abandonado del ferrocarril hasta que bajen las aguas del R\u00edo Salado. <strong>Premio a la mejor opera prima en el Festival de Venecia<\/strong>. Esta experiencia in\u00e9dita para el cine latinoamericano propici\u00f3, a\u00f1os m\u00e1s tarde, la creaci\u00f3n de la <a href=\"http:\/\/www.eictv.org\" target=\"_blank\" rel=\"noopener noreferrer\">Escuela Internacional de Cine y Televisi\u00f3n (EICTV)<\/a> en San Antonio de los Ba\u00f1os, Cuba, que consolid\u00f3 la corriente denominada <strong>Nuevo Cine Latinoamericano<\/strong>.<\/li>\n<li><a href=\"https:\/\/play.cine.ar\/INCAA\/produccion\/7355\" target=\"_blank\" rel=\"noopener noreferrer\">Un se\u00f1or muy viejo con unas alas enormes<\/a> (1988, Fernando Birri). 90 minutos.<br \/>Basada en la historia hom\u00f3nima de Gabriel Garc\u00eda M\u00e1rquez. Un &#8220;\u00e1ngel&#8221; cae a la Tierra; tiene el aspecto de un anciano dotado de enormes alas y cubierto de suciedad. La gente del pueblo en el que cae, r\u00fastica y poco sofisticada, tratar\u00e1 de explotar la novedad del hecho en su propio beneficio.<\/li>\n<li><a href=\"https:\/\/play.cine.ar\/INCAA\/produccion\/6736\" target=\"_blank\" rel=\"noopener noreferrer\">Donde comienza el camino<\/a> (2007, Hugo Grosso). 81 minutos.<br \/>El andar de Fernando Birri, gran pap\u00e1 del Nuevo Cine Latinoamericano, ha trazado una huella que se inicia en la m\u00edtica Escuela Documental de Santa Fe y se prolonga hasta nuestros d\u00edas. Los m\u00e9todos, las influencias, su rol fundador, su compromiso po\u00e9tico-pol\u00edtico, su producci\u00f3n art\u00edstica, son algunos de los tramos que conforman el camino.<\/li>\n<\/ul>\n<p style=\"text-align: center;\"><img decoding=\"async\" class=\"aligncenter publicacion-tapa\" src=\"http:\/\/www.arte.unicen.edu.ar\/cdab\/wp-content\/uploads\/2021\/04\/csvv-especialbirri-splash.jpg\" border=\"0\" alt=\"Especial Fernando Birri | El padre del nuevo cine latinoamericano\" title=\"Especial Fernando Birri | El padre del nuevo cine latinoamericano\" \/><\/p>\n<div class=\"container-newsbutton\"><a class=\"cdab-newsbuttonlink\" href=\"https:\/\/www.cultura.gob.ar\/fernando-birri-10247\" target=\"_blank\" rel=\"noopener noreferrer\"><div class=\"cdab-web-newsbutton\">ESPECIAL FERNANDO BIRRI | MINISTERIO DE CULTURA<\/div><\/a><\/div>\n<div class=\"container-newsbutton\"><a class=\"cdab-newsbuttonlink\" href=\"https:\/\/www.programaibermedia.com\/fernando-birri-constructor-de-utopias-una-lucida-y-visionaria-conversacion-con-la-periodista-brasilena-mariluce-moura\" target=\"_blank\" rel=\"noopener noreferrer\"><div class=\"cdab-web-newsbutton\">ESPECIAL FERNANDO BIRRI | PROGRAMA IBERMEDIA<\/div><\/a><\/div>\n<hr style=\"margin-bottom: 25px;\"\/>\n<p><a href=\"https:\/\/vivamoscultura.buenosaires.gob.ar\/?contenido=4794-llega-la-mujer-y-el-cine\" target=\"_blank\" rel=\"noopener noreferrer\"><img decoding=\"async\" class=\"publicacion-tapa\" src=\"http:\/\/www.arte.unicen.edu.ar\/cdab\/wp-content\/uploads\/2021\/04\/csvv-lamujeryelcine-banner.jpg\" data-fancybox=\"gallery\" data-caption=\"Cuidado social. V\u00ednculo virtual #21\"\/><\/a><\/p>\n<p>Hace casi 33 a\u00f1os que la <a href=\"https:\/\/www.facebook.com\/lamujeryelcine\" target=\"_blank\" rel=\"noopener noreferrer\">Asociaci\u00f3n La Mujer y el Cine<\/a> lleva a cabo un festival cinematogr\u00e1fico compuesto \u00edntegramente por mujeres. Impulsado por Mar\u00eda Luisa Bemberg y otras mujeres de la cultura de la \u00e9poca, su objeto ha sido promover y estimular la presencia de las mujeres en el campo cinematogr\u00e1fico, especialmente en el rol de la realizaci\u00f3n. Los concursos de La Mujer y el Cine contin\u00faan bregando por la promoci\u00f3n y el fortalecimiento de la presencia de las realizadoras en el universo de la expresi\u00f3n audiovisual, valorizando sus miradas y difundiendo sus obras.<\/p>\n<p>Del <strong>8 al 11 de abril<\/strong>, de manera online y gratuita, se realizar\u00e1 una nueva edici\u00f3n del Festival a trav\u00e9s de <a href=\"https:\/\/vivamoscultura.buenosaires.gob.ar\" target=\"_blank\" rel=\"noopener noreferrer\">vivamoscultura.buenosaires.gob.ar<\/a>. La programaci\u00f3n estar\u00e1 conformada por <strong>36 cortometrajes<\/strong>, <strong>largometrajes<\/strong> (<em>Transoce\u00e1nicas<\/em> de Maritxell Colell y Luc\u00eda Vassallo; <em>Hacer la vida<\/em> de Alejandra Marino; <em>R\u00edo Turbio<\/em> de Tatiana Maz\u00fa Gonzalez; <em>Escribir en el aire<\/em> de Paula de Luque; <em>Tr\u00f3pico<\/em> de Sabrina Farji; <em>Historia de verano<\/em> de Gabriela Guillermo e Irina Raffo; <em>Lo habr\u00e1s imaginado<\/em> de Victoria Chaya; <em>Las Furias<\/em> de Tamae Garateguy y <em>Mam\u00e1 mam\u00e1 mam\u00e1<\/em> de Sol Berruezo Pichon-Rivi\u00e8re) y <strong>charlas<\/strong> (<em>Acciones hacia la igualdad de g\u00e9nero en Iberoam\u00e9rica<\/em> y <em>El rol de las editoras: en el discurso audiovisual y en la lucha feminista<\/em>).<\/p>\n<p>El jurado estar\u00e1 integrado por destacadas figuras del campo audiovisual: la actriz Cecilia Roth, la productora y miembro fundadora de <a href=\"https:\/\/www.facebook.com\/lamujeryelcine\" target=\"_blank\" rel=\"noopener noreferrer\">La Mujer y el Cine<\/a> Lita Stantic, la Directora Art\u00edstica del <a href=\"https:\/\/www.mardelplatafilmfest.com\" target=\"_blank\" rel=\"noopener noreferrer\">Festival de Mar del Plata<\/a> Cecilia Barrionuevo, la directora Andrea Testa y la actriz y directora -y miembro tambi\u00e9n de la Asociaci\u00f3n- Victoria Carreras. Este a\u00f1o, la direcci\u00f3n general del Festival estar\u00e1 a cargo de Annamar\u00eda Muchnik, presidenta de la <a href=\"https:\/\/www.facebook.com\/lamujeryelcine\" target=\"_blank\" rel=\"noopener noreferrer\">Asociaci\u00f3n La Mujer y el Cine<\/a>.<\/p>\n<p>Habr\u00e1 tambi\u00e9n <strong>6 WIP (Work in Progress)<\/strong> en competencia buscando ganar los premios para finalizar sus filmes. Y una secci\u00f3n de <strong>Panorama con 9 producciones estrenadas durante 2020<\/strong>.<\/p>\n<div class=\"container-newsbutton\"><a class=\"cdab-newsbuttonlink\" href=\"https:\/\/www.cultura.gob.ar\/comienza-el-festival-la-mujer-y-el-cine-en-formato-online-10377\" target=\"_blank\" rel=\"noopener noreferrer\"><div class=\"cdab-web-newsbutton\">M\u00c1S INFORMACI\u00d3N&#8230;<\/div><\/a><a class=\"cdab-newsbuttonlink\" href=\"https:\/\/vivamoscultura.buenosaires.gob.ar\/?contenido=4816-programacion\" target=\"_blank\" rel=\"noopener noreferrer\" style=\"margin-left: 40px;\"><div class=\"cdab-web-newsbutton\">ACCEDER A VIVAMOS CULTURA | LA MUJER Y EL CINE<\/div><\/a><\/div>\n<hr style=\"margin-bottom: 25px;\"\/>\n<p><a href=\"http:\/\/www.memoriaabierta.org.ar\/ladictaduraenelcine\" target=\"_blank\" rel=\"noopener noreferrer\"><img decoding=\"async\" class=\"publicacion-tapa\" src=\"http:\/\/www.arte.unicen.edu.ar\/cdab\/wp-content\/uploads\/2021\/04\/csvv-dictaduracine-banner.jpg\" data-fancybox=\"gallery\" data-caption=\"Cuidado social. V\u00ednculo virtual #21\"\/><\/a><\/p>\n<p>La <a href=\"http:\/\/www.memoriaabierta.org.ar\/ladictaduraenelcine\" target=\"_blank\" rel=\"noopener noreferrer\">Dictadura en el Cine<\/a> incluye pel\u00edculas producidas desde 1976 hasta el presente que abordan la \u00faltima dictadura, el terrorismo de Estado y la transici\u00f3n democr\u00e1tica en la Argentina. Tambi\u00e9n se catalogan films que tratan determinados acontecimientos clave en el contexto previo al per\u00edodo dictatorial, cuando se realizaron con posterioridad a 1976, asumiendo la idea de que cualquier mirada retrospectiva est\u00e1 atravesada por lo ocurrido durante los a\u00f1os de la dictadura.<\/p>\n<p>Los t\u00edtulos considerados son aquellos largometrajes y mediometrajes estrenados comercialmente o que han circulado en festivales o en ciclos de cine; no as\u00ed el material audiovisual de corte educativo o institucional ni tampoco las producciones realizadas para la televisi\u00f3n, a excepci\u00f3n de aquellas que se presentaron en circuitos cinematogr\u00e1ficos.<\/p>\n<p>Cada uno de los films est\u00e1 acompa\u00f1ado por su respectiva sinopsis. Las que no llevan firma fueron escritas por <a href=\"http:\/\/www.memoriaabierta.org.ar\" target=\"_blank\" rel=\"noopener noreferrer\">Memoria Abierta<\/a>. Los datos de las fichas t\u00e9cnicas de las pel\u00edculas del cat\u00e1logo fueron tomados de los t\u00edtulos de cr\u00e9ditos de los films. La informaci\u00f3n del resto de las pel\u00edculas fue obtenida de las fuentes bibliogr\u00e1ficas aludidas.<\/p>\n<p>La informaci\u00f3n contenida en <a href=\"http:\/\/www.memoriaabierta.org.ar\/ladictaduraenelcine\" target=\"_blank\" rel=\"noopener noreferrer\">Dictadura en el Cine<\/a> est\u00e1 organizada seg\u00fan tres grandes criterios: <strong>cronol\u00f3gico, alfab\u00e9tico<\/strong> y <strong>tem\u00e1tico<\/strong>, que posibilitan diferentes formas de entrada al material. Las l\u00edneas tem\u00e1ticas surgen de las propias pel\u00edculas que, con sus recurrencias y reiteraciones, dieron consistencia a los distintos t\u00f3picos propuestos. <strong>Este cat\u00e1logo busca contribuir a reconocer en el cine uno de los modos que tiene nuestra sociedad para pensarse a s\u00ed misma, a su tiempo y a su historia.<\/strong><\/p>\n<div class=\"container-newsbutton\"><a class=\"cdab-newsbuttonlink\" href=\"http:\/\/www.memoriaabierta.org.ar\/ladictaduraenelcine\" target=\"_blank\" rel=\"noopener noreferrer\"><div class=\"cdab-web-newsbutton\">ACCEDER AL CAT\u00c1LOGO &#8220;LA DICTADURA EN EL CINE&#8221;<\/div><\/a><\/div>\n<hr style=\"margin-bottom: 25px;\"\/>\n<h3>Muestra DOCA: Somos Memoria<\/h3>\n<p>Desde el <strong>lunes 22 de marzo al domingo 18 de abril<\/strong>, la plataforma de contenidos audiovisuales <a href=\"https:\/\/www.cont.ar\" target=\"_blank\" rel=\"noopener noreferrer\">Contar<\/a> presenta la muestra <em>Somos memoria<\/em>, una selecci\u00f3n de 12 documentales de la <a href=\"https:\/\/www.facebook.com\/doca.documentalistas\" target=\"_blank\" rel=\"noopener noreferrer\">Asociaci\u00f3n de Documentalistas Argentinos (DOCA)<\/a> a 45 a\u00f1os del golpe c\u00edvico-militar m\u00e1s sangriento de nuestra historia.<\/p>\n<p>Algunos de los t\u00edtulos que se podr\u00e1n ver de manera libre y gratuita son: <em>Ser\u00e9 millones<\/em> de Fernando Krichmar, Omar Neri y M\u00f3nica Simoncini; <em>Memoria para reincidentes<\/em> de Violeta Bruck, Gabriela Jaime y Javier Gabino; <em>SMO, el batall\u00f3n olvidado<\/em> de Marcelo Goyeneche; <em>Nicaragua, el sue\u00f1o de una generaci\u00f3n<\/em> de Gato Mart\u00ednez Canto, Roberto Persano y Santiago Nacif; <em>Sonata en si menor<\/em> de Patricio Escobar; <em>ESMA, memorias de la resistencia<\/em> de Contraimagen y Grupo de Boedo Film; <em>Arriba los que luchan. Jorge Ricardo Masetti y la batalla de la comunicaci\u00f3n<\/em>, de Ezequiel G\u00f3mez Jungman y Juan Mascar\u00f3; y <em>Aunque me cueste la vida<\/em> de Silvia Maturana y Pablo Navarro Espejo.<\/p>\n<p style=\"text-align: center;\"><a href=\"https:\/\/www.cont.ar\/browse\/genre\/99\" target=\"_blank\" rel=\"noopener noreferrer\" id=\"sin-fancybox\"><img decoding=\"async\" class=\"aligncenter publicacion-tapa\" src=\"http:\/\/www.arte.unicen.edu.ar\/cdab\/wp-content\/uploads\/2021\/03\/csvv-somosmemoriadoca.jpg\" data-fancybox=\"gallery\" data-caption=\"Cuidado social. V\u00ednculo virtual #21\"\/><\/a><\/p>\n<div class=\"container-newsbutton\"><a class=\"cdab-newsbuttonlink\" href=\"https:\/\/www.cont.ar\/browse\/genre\/99\" target=\"_blank\" rel=\"noopener noreferrer\"><div class=\"cdab-web-newsbutton\">VER EN CONTAR<\/div><\/a><\/div>\n<\/div><\/div>\n\n<div id=\"formacion\" class=\"csvv-right2021\">\n<div class=\"csvv-card2021\"><div class=\"cdab-especial-covid19-card-icon formacioncontinua\"><i class=\"fa fa-university\" aria-hidden=\"true\" style=\"margin-left: 3px;\"><\/i><\/div><div class=\"cdab-especial-covid19-card-title formacioncontinua\">FORMACI\u00d3N <span style=\"font-size: 16px;\">(Secci\u00f3n coordinada por la Secretar\u00eda Acad\u00e9mica de la Facultad de Arte)<\/span><\/div>\n<h3>Curso Introductorio 2021<\/h3>\n<p>Con el objetivo de introducir a j\u00f3venes estudiantes a la vida universitaria, las particularidades de cada carrera y sus equipos docentes, a los beneficios que brinda nuestra universidad p\u00fablica y a las caracter\u00edsticas de nuestros espacios, del <strong>15 al 26 de marzo 2021<\/strong> se desarroll\u00f3 el <strong>Curso Introductorio 2021<\/strong> de la <a href=\"http:\/\/www.arte.unicen.edu.ar\" target=\"_blank\" rel=\"noopener noreferrer\">Facultad de Arte<\/a> en formato virtual.<\/p>\n<p>Para ello, se trabaj\u00f3 previamente en repensar la estructura del curso y sus actividades, dise\u00f1ar materiales espec\u00edficos para la modalidad virtual y, a su vez, implementar estrategias de comunicaci\u00f3n para garantizar el acceso y la participaci\u00f3n. Mediante una plataforma renovada cont\u00f3 con un cronograma que fue elaborado en di\u00e1logo con diversos actores de nuestra comunidad.<\/p>\n<div align=\"center\" style=\"margin: 20px auto\"><iframe loading=\"lazy\" width=\"700\" height=\"394\" src=\"https:\/\/www.youtube.com\/embed\/tvhLDK4heqc\" frameborder=\"0\" allow=\"accelerometer; autoplay; encrypted-media; gyroscope; picture-in-picture\" allowfullscreen><\/iframe><\/div>\n<hr style=\"margin-bottom: 25px;\"\/>\n<p><a href=\"https:\/\/moodle.rec.unicen.edu.ar\/\/unipedia\/course\/index.php?categoryid=37\" target=\"_blank\" rel=\"noopener noreferrer\"><img decoding=\"async\" class=\"publicacion-tapa\" src=\"http:\/\/www.arte.unicen.edu.ar\/cdab\/wp-content\/uploads\/2021\/04\/csvv-distanciaarte-banner.jpg\" data-fancybox=\"gallery\" data-caption=\"Cuidado social. V\u00ednculo virtual #21\"\/><\/a><\/p>\n<p>El <a href=\"https:\/\/moodle.rec.unicen.edu.ar\/\/unipedia\/course\/index.php?categoryid=37\" target=\"_blank\" rel=\"noopener noreferrer\">Programa de Educaci\u00f3n a Distancia<\/a> acerca, en esta oportunidad, una publicaci\u00f3n que cobra significativa relevancia en el actual contexto donde la virtualidad forzosa para la continuidad pedag\u00f3gica se ha ubicado en el centro del cambio de pr\u00e1cticas de las universidades. La intenci\u00f3n de la divulgaci\u00f3n es contribuir a que los estudiosos de los temas de la educaci\u00f3n superior pongan a disposici\u00f3n de amplios p\u00fablicos sus ideas innovadoras.<\/p>\n<p>El autor de este libro plantea que se hace necesario, como un punto de partida o de continuidad, detenerse para poner en debate el quehacer universitario y, m\u00e1s a\u00fan, pensar (y proponer) que enfoques pedag\u00f3gicos y did\u00e1cticos nuevos se necesitan para afrontar la hibridaci\u00f3n educativa.<\/p><br \/><p><img decoding=\"async\" class=\"cdab-tapa-instidentpoet-index publicacion-tapa\" title=\"La nueva educaci\u00f3n h\u00edbrida\" src=\"http:\/\/www.arte.unicen.edu.ar\/cdab\/wp-content\/uploads\/2021\/04\/educacionhibrida-tapa.jpg\" alt=\"La nueva educaci\u00f3n h\u00edbrida\" style=\"width: 220px; height: 302px; float: right; border: 10px solid #fff; box-shadow: 0 0 5px rgba(0, 0, 0, 0.1); -webkit-box-shadow: 0 0 5px rgba(0, 0, 0, 0.1); -moz-box-shadow: 0 0 5px rgba(0, 0, 0, 0.1); display: block; margin: 0px 0px 22px 22px;\"\/><h3>La nueva educaci\u00f3n h\u00edbrida<\/h3><\/p><p><strong>Claudio Rama<br \/>2021. 140 p\u00e1ginas. Uni\u00f3n de Universidades de Am\u00e9rica Latina y el Caribe<\/strong><\/p><p><em>La nueva educaci\u00f3n h\u00edbrida<\/em> alude a un debate actual de la mayor importancia en la educaci\u00f3n. Particularmente, de manera subrayada, para el caso de la educaci\u00f3n superior. Muchas voces abogan hoy por no regresar al tipo de modelo educativo que practic\u00e1bamos antes de la pandemia, y enfatizan la necesidad de aprovechar esta coyuntura como a propicia para iniciar cambios que, desde tiempo atr\u00e1s, se vislumbraban como necesarios. Como sabemos, la virtualidad impuesta forzosamente, debido a las circunstancias derivadas de la pandemia, se ha ubicado en el centro del modus operandi de las universidades y de, en  general, las instituciones de educaci\u00f3n superior. M\u00e1s a\u00fan, muchos estudiosos de la educaci\u00f3n interceden porque sea la tecnolog\u00eda el eje constructor de la nueva pedagog\u00eda y la did\u00e1ctica. Por supuesto, existen otras partes que plantean lo contrario. Una de ellas es la opini\u00f3n de Claudio Rama, quien argumenta a favor de lo que \u00e9l llama la educaci\u00f3n h\u00edbrida. Expresi\u00f3n que, a pesar de requerir a\u00fan de muchas definiciones y precisiones, ilustra que la  pandemia, el encierro forzoso y la distancia social, permitieron poner en pr\u00e1ctica una combinaci\u00f3n virtuosa de la educaci\u00f3n presencial y la educaci\u00f3n virtual.<\/p>\n<div class=\"container-newsbutton\">\n<a class=\"cdab-newsbuttonlink\" href=\"https:\/\/www.udual.org\/principal\/wp-content\/uploads\/2021\/03\/educacion_hibrida_isbn_interactivo.pdf\" target=\"_blank\" rel=\"noopener noreferrer\"><div class=\"cdab-pdf-newsbutton\">DESCARGAR E-BOOK<\/div><\/a>\n<\/div>\n<\/div><\/div>\n\n<div id=\"investigacion\" class=\"csvv-right2021\">\n<div class=\"csvv-card2021\"><div class=\"cdab-especial-covid19-card-icon posgrado\"><i class=\"fa fa-graduation-cap\" aria-hidden=\"true\" style=\"margin-left: 3px;\"><\/i><\/div><div class=\"cdab-especial-covid19-card-title posgrado\">INVESTIGACI\u00d3N Y POSGRADO<\/div>\n<h3>Defensa virtual de Tesis de Posgrado: Mg. Jos\u00e9 Antonio Osorio Ru\u00edz (Maestr\u00eda en Teatro \u2013 Menci\u00f3n Actuaci\u00f3n)<\/h3>\n<p>El viernes 26 de febrero a las 10 hs. se llev\u00f3 a cabo la defensa virtual de tesis del maestrando <strong>Jos\u00e9 Antonio Osorio Ru\u00edz<\/strong>, correspondiente a la <a href=\"http:\/\/www.arte.unicen.edu.ar\/carreras\/posgrado\/maestria-en-teatro\" target=\"_blank\" rel=\"noopener noreferrer\">Maestr\u00eda en Teatro (Menci\u00f3n Actuaci\u00f3n)<\/a>. Su trabajo se titul\u00f3 <em>Memoria de investigaci\u00f3n on\u00edricas: una puesta en escena atravesada por el surrealismo y el teatro documental<\/em>, y estuvo dirigido por la Dra. Lorena Verzero. El Comit\u00e9 Evaluador lo conformaron la Dra. Pamela Brownell, la Mg. Marcela Ju\u00e1rez y el Mg. Sebasti\u00e1n Huber. La Defensa se realiz\u00f3 bajo modalidad no presencial mediante la plataforma Zoom.<\/p>\n<div align=\"center\" style=\"margin: 20px auto\"><iframe loading=\"lazy\" width=\"700\" height=\"394\" src=\"https:\/\/www.youtube.com\/embed\/MtskWDCHzlU\" frameborder=\"0\" allow=\"accelerometer; autoplay; encrypted-media; gyroscope; picture-in-picture\" allowfullscreen><\/iframe><\/div>\n<hr style=\"margin-bottom: 25px;\"\/>\n<p><img loading=\"lazy\" decoding=\"async\" width=\"170\" height=\"170\" class=\"alignright size-full wp-image-4077\" style=\"border: 0px; border-radius: 170px; margin-bottom: 35px;\" src=\"http:\/\/www.arte.unicen.edu.ar\/cdab\/wp-content\/uploads\/2021\/04\/csvv-begonafrutos.jpg\" alt=\"Manifestando lo sutil #1: Bego\u00f1a Frutos Fuentes\" title=\"Manifestando lo sutil #1: Bego\u00f1a Frutos Fuentes\" \/><h3>Manifestando lo sutil #1: Bego\u00f1a Frutos Fuentes<\/h3><\/p><p>El \u00e1rea de <a href=\"http:\/\/www.arte.unicen.edu.ar\/formacion-continua\" target=\"_blank\" rel=\"noopener noreferrer\">Formaci\u00f3n Continua<\/a> de la <a href=\"http:\/\/www.arte.unicen.edu.ar\/secretarias\/investigacion-posgrado\" target=\"_blank\" rel=\"noopener noreferrer\">Secretar\u00eda de Investigaci\u00f3n y Posgrado<\/a> dio inicio a un nuevo ciclo de charlas mensuales sobre entrenamiento vocal de actores\/actrices denominado <strong>Manifestando lo sutil<\/strong>.<\/p><p>Cada encuentro, a cargo de docentes de Espa\u00f1a y Argentina bajo la coordinaci\u00f3n del <strong>Dr. Rub\u00e9n Maidana<\/strong>, tiene por objetivo difundir distintas propuestas de entrenamiento vocal que se implementan en la formaci\u00f3n de actores\/actrices dentro del \u00e1mbito acad\u00e9mico formal como as\u00ed tambi\u00e9n en trabajos de investigaci\u00f3n de docentes universitarios cuyo tema central sea la voz.<\/p><p>El primer conversatorio se llev\u00f3 a cabo el <strong>mi\u00e9rcoles 31 de marzo<\/strong> con <strong>Bego\u00f1a Frutos Fuentes<\/strong>, docente de T\u00e9cnica Vocal I, II y III; Expresi\u00f3n Oral I e Introducci\u00f3n al Verso y Pr\u00e1cticas Pedag\u00f3gicas\/Laborales en la <a href=\"http:\/\/www.resad.es\" target=\"_blank\" rel=\"noopener noreferrer\">RESAD (Real Escuela Superior de Arte Dram\u00e1tico de Madrid)<\/a>.<\/p>\n<div align=\"center\" style=\"margin: 20px auto\"><iframe loading=\"lazy\" width=\"700\" height=\"394\" src=\"https:\/\/www.youtube.com\/embed\/B0bLfQ2Z6GM\" frameborder=\"0\" allow=\"accelerometer; autoplay; encrypted-media; gyroscope; picture-in-picture\" allowfullscreen><\/iframe><\/div>\n<hr style=\"margin-bottom: 25px;\"\/>\n<p><a href=\"http:\/\/www.arte.unicen.edu.ar\/secretarias\/investigacion-posgrado\/informacion-y-novedades\" target=\"_blank\" rel=\"noopener noreferrer\"><img decoding=\"async\" class=\"publicacion-tapa\" src=\"http:\/\/www.arte.unicen.edu.ar\/cdab\/wp-content\/uploads\/2021\/04\/csvv-enlaces-banner.jpg\" data-fancybox=\"gallery\" data-caption=\"Cuidado social. V\u00ednculo virtual #21\"\/><\/a><\/p>\n<h3>\u00bfQu\u00e9 es?<\/h3>\n<p><strong>Enlaces<\/strong> es un espacio de acompa\u00f1amiento y asesoramiento para lxs estudiantes, graduadxs o docentes de la <a href=\"http:\/\/www.arte.unicen.edu.ar\" target=\"_blank\" rel=\"noopener noreferrer\">Facultad de Arte<\/a> interesadxs en postularse a becas, proyectos de investigaci\u00f3n, vinculaci\u00f3n y transferencia o fomento a la producci\u00f3n intelectual en las distintas instituciones nacionales: <a href=\"https:\/\/www.conicet.gov.ar\" target=\"_blank\" rel=\"noopener noreferrer\">CONICET<\/a>, <a href=\"https:\/\/www.gba.gob.ar\/cic\" target=\"_blank\" rel=\"noopener noreferrer\">Comisi\u00f3n de Investigaciones Cient\u00edficas (CIC)<\/a>, <a href=\"https:\/\/www.cin.edu.ar\" target=\"_blank\" rel=\"noopener noreferrer\">Consejo Interuniversitario Nacional (CIN)<\/a>, <a href=\"http:\/\/www.agencia.mincyt.gob.ar\" target=\"_blank\" rel=\"noopener noreferrer\">Agencia<\/a>, <a href=\"https:\/\/www.cultura.gob.ar\" target=\"_blank\" rel=\"noopener noreferrer\">Ministerio de Cultura<\/a> y <a href=\"https:\/\/www.fnartes.gob.ar\" target=\"_blank\" rel=\"noopener noreferrer\">Fondo Nacional de las Artes (FNA)<\/a>, entre otras. Tambi\u00e9n a las l\u00edneas de financiamiento de la <a href=\"http:\/\/secat.unicen.edu.ar\" target=\"_blank\" rel=\"noopener noreferrer\">Secretar\u00eda de Ciencia, Arte y Tecnolog\u00eda<\/a> de la <a href=\"http:\/\/www.unicen.edu.ar\" target=\"_blank\" rel=\"noopener noreferrer\">UNICEN<\/a> y convocatorias de organismos internacionales y universidades extranjeras.<\/p>\n<h3>\u00bfQui\u00e9nes lo promueven?<\/h3>\n<p>Lo lleva adelante la <strong>Secretar\u00eda de Investigaci\u00f3n y Posgrado<\/strong> y sus \u00e1reas dependientes (<a href=\"http:\/\/www.arte.unicen.edu.ar\/formacion-continua\" target=\"_blank\" rel=\"noopener noreferrer\">Formaci\u00f3n Continua<\/a>, <a href=\"http:\/\/www.arte.unicen.edu.ar\/artepublicaciones\" target=\"_blank\" rel=\"noopener noreferrer\">Arte Publicaciones<\/a>, <a href=\"http:\/\/www.arte.unicen.edu.ar\/cdab\" target=\"_blank\" rel=\"noopener noreferrer\">Centro de Documentaci\u00f3n Audiovisual y Biblioteca<\/a>, Vinculaci\u00f3n y Transferencia), en di\u00e1logo con los <a href=\"http:\/\/www.arte.unicen.edu.ar\/secretarias\/investigacion-posgrado\/nucleos\" target=\"_blank\" rel=\"noopener noreferrer\">N\u00facleos de Investigaci\u00f3n<\/a> de la <a href=\"http:\/\/www.arte.unicen.edu.ar\" target=\"_blank\" rel=\"noopener noreferrer\">Facultad de Arte<\/a>.<\/p>\n<h3>\u00bfC\u00f3mo participo?<\/h3>\n<p>Comunicate con la <strong>Secretar\u00eda de Investigaci\u00f3n y Posgrado<\/strong> a <a href=\"mailto:investigacion@arte.unicen.edu.ar\">investigacion@arte.unicen.edu.ar<\/a>. Contanos cuales son los temas de tu inter\u00e9s y si est\u00e1s pensando a qu\u00e9 beca o programa de fomento a la investigaci\u00f3n quer\u00e9s aplicar.<\/p>\n<p>Realizaremos reuniones individuales y grupales peri\u00f3dicas con lxs interesadxs en el marco de Talleres de ideas y proyectos de investigaci\u00f3n con la participaci\u00f3n de investigadorxs y becarixs vigentes. Se establecer\u00e1n v\u00ednculos con los referentes de las distintas \u00e1reas disciplinares de investigaci\u00f3n y se promover\u00e1n las convocatorias.<\/p>\n<div align=\"center\" style=\"margin: 20px auto;\"><iframe loading=\"lazy\" width=\"700\" height=\"394\" src=\"https:\/\/www.youtube.com\/embed\/?listType=playlist&#038;list=PLZLzUbrpJYob8l9f_qWYfLlKFyZe-A4Mp\" frameborder=\"0\" allow=\"accelerometer; autoplay; encrypted-media; gyroscope; picture-in-picture\" allowfullscreen><\/iframe><\/div>\n<hr style=\"margin-bottom: 25px;\"\/>\n<h2 style=\"text-align: center;\">Abierta la inscripci\u00f3n a la cohorte 2021 de la<br \/>Diplomatura Universitaria en Arte y Tecnolog\u00eda (DATe)<\/h2>\n<br \/><p><a href=\"http:\/\/www.arte.unicen.edu.ar\/diplomatura-en-narrativas-transmedia-y-tecnologias-de-la-interactividad\" target=\"_blank\" rel=\"noopener noreferrer\"><img decoding=\"async\" class=\"publicacion-tapa\" src=\"http:\/\/www.arte.unicen.edu.ar\/cdab\/wp-content\/uploads\/2021\/03\/csvv-date-banner.jpg\" data-fancybox=\"gallery\" data-caption=\"Cuidado social. V\u00ednculo virtual #21\"\/><\/a><\/p>\n<p>A trav\u00e9s de la pr\u00e1ctica y el pensamiento t\u00e9cnico-art\u00edstico, la <a href=\"http:\/\/www.arte.unicen.edu.ar\/diplomatura-en-narrativas-transmedia-y-tecnologias-de-la-interactividad\" target=\"_blank\" rel=\"noopener noreferrer\">Diplomatura en Arte y Tecnolog\u00eda (DATe)<\/a> brinda herramientas para el dise\u00f1o, la producci\u00f3n y la gesti\u00f3n de contenidos digitales para proyectos de narraci\u00f3n transmedia, experiencias inmersivas e interactivas.<\/p>\n<p>La consolidaci\u00f3n de nuevas plataformas de circulaci\u00f3n de contenidos digitales reclama repensar las formas de la narraci\u00f3n, haciendo necesaria la capacitaci\u00f3n en su dise\u00f1o, producci\u00f3n y gesti\u00f3n. Relatos que atraviesan m\u00faltiples medios y plataformas: proyectos transmedia, experiencias inmersivas o narrativas interactivas proponen universos no-lineales para ser recorridos lejos de la idea de un \u00fanico tiempo y un \u00fanico espacio. Universos que se extienden a trav\u00e9s de las pantallas del cine, la televisi\u00f3n y la web; experiencias 360\u00ba de realidad virtual, sistemas de realidad aumentada, intervenciones de videomapping en museos o en las calles y la transdisciplina t\u00e9cnico-art\u00edstica como forma de pensamiento.<\/p>\n<p><strong>Requisitos de admisi\u00f3n:<\/strong> T\u00edtulo secundario. Acreditar experiencia, antecedentes profesionales y\/o acad\u00e9micos. Un Comit\u00e9 de Gesti\u00f3n y Admisi\u00f3n evaluar\u00e1 las postulaciones y resolver\u00e1 sobre las admisiones de los inscriptos, pudiendo solicitar la realizaci\u00f3n de entrevistas personales con los postulantes.<\/p>\n<div align=\"center\" style=\"margin: 20px auto\"><iframe loading=\"lazy\" width=\"700\" height=\"394\" src=\"https:\/\/www.youtube.com\/embed\/?listType=playlist&#038;list=PLZLzUbrpJYoaKjRe-8-m7DFH_dUpcJ4CE\" frameborder=\"0\" allow=\"accelerometer; autoplay; encrypted-media; gyroscope; picture-in-picture\" allowfullscreen><\/iframe><\/div>\n<div class=\"container-newsbutton\">\n<a class=\"cdab-newsbuttonlink\" href=\"http:\/\/www.arte.unicen.edu.ar\/cap2018\/index.php\/inscripcion-en-diplomatura-en-narrativas-transmedia-y-tecnologias-de-la-interactividad\" target=\"_blank\" rel=\"noopener noreferrer\"><div class=\"cdab-facarte-newsbutton\">FORMULARIO DE INSCRIPCI\u00d3N<\/div><\/a><a class=\"cdab-newsbuttonlink\" href=\"http:\/\/www.arte.unicen.edu.ar\/diplomatura-en-narrativas-transmedia-y-tecnologias-de-la-interactividad\" target=\"_blank\" rel=\"noopener noreferrer\" style=\"margin-left: 50px;\"><div class=\"cdab-facarte-newsbutton\">M\u00c1S INFORMACI\u00d3N&#8230;<\/div><\/a>\n<\/div>\n<\/div><\/div>\n\n<div id=\"graduadxs\" class=\"csvv-right2021\">\n<div class=\"csvv-card2021\"><div class=\"cdab-especial-covid19-card-icon posgrado\"><i class=\"fa fa-graduation-cap\" aria-hidden=\"true\" style=\"margin-left: 3px;\"><\/i><\/div><div class=\"cdab-especial-covid19-card-title posgrado\">DE NUESTRXS GRADUADXS<\/div>\n<p><img loading=\"lazy\" decoding=\"async\" width=\"200\" height=\"125\" class=\"alignleft\" style=\"border: 0px;\" src=\"http:\/\/www.arte.unicen.edu.ar\/cdab\/wp-content\/uploads\/2021\/02\/csvv-formacioncontinua-logo.jpg\" alt=\"Formaci\u00f3n Continua | Secretar\u00eda de Investigaci\u00f3n y Posgrado\" title=\"Formaci\u00f3n Continua | Secretar\u00eda de Investigaci\u00f3n y Posgrado\" \/>El <a href=\"http:\/\/www.arte.unicen.edu.ar\/formacion-continua\" target=\"_blank\" rel=\"noopener noreferrer\">\u00c1rea de Formaci\u00f3n Continua<\/a> de la <a href=\"http:\/\/www.arte.unicen.edu.ar\/secretarias\/investigacion-posgrado\" target=\"_blank\" rel=\"noopener noreferrer\">Secretar\u00eda de Investigaci\u00f3n y Posgrado<\/a> de la <a href=\"http:\/\/www.arte.unicen.edu.ar\" target=\"_blank\" rel=\"noopener noreferrer\">Facultad de Arte<\/a> propone cursos, encuentros y brinda informaci\u00f3n sobre diversas convocatorias que son de especial inter\u00e9s para graduadxs de nuestras carreras.<\/p><p>Para m\u00e1s informaci\u00f3n ingresar a <a href=\"http:\/\/www.arte.unicen.edu.ar\/formacion-continua\" target=\"_blank\" rel=\"noopener noreferrer\">www.arte.unicen.edu.ar\/formacion-continua<\/a> o contactarse v\u00eda e-mail a: <a href=\"mailto:formacioncontinua @ arte.unicen.edu.ar\">formacioncontinua@arte.unicen.edu.ar<\/a><\/p>\n<hr style=\"margin-bottom: 25px;\"\/>\n<h3>Licencia para imaginar. Teatro para escuchar<\/h3>\n<p>En arte lo esencial no es invisible a los ojos&#8230; aunque en tiempos de pandemia abrazamos la cultura acercando el Teatro con un formato que hizo furor en radio. <strong>Licencia para imaginar. Teatro para escuchar<\/strong>, es radioteatro con variedad de tem\u00e1ticas para potenciar la imaginaci\u00f3n y la creatividad. Un ciclo presentado por el \u00e1rea de <a href=\"http:\/\/www.arte.unicen.edu.ar\/formacion-continua\" target=\"_blank\" rel=\"noopener noreferrer\">Formaci\u00f3n Continua<\/a> de la <a href=\"http:\/\/www.arte.unicen.edu.ar\/secretarias\/investigacion-posgrado\" target=\"_blank\" rel=\"noopener noreferrer\">Secretar\u00eda de Investigaci\u00f3n y Posgrado<\/a> y dirigido por <strong>Cristina Carone<\/strong> (<a href=\"http:\/\/www.arte.unicen.edu.ar\/carreras\/grado\/profesorado-de-teatro\/perfil-del-egresado_\" target=\"_blank\" rel=\"noopener noreferrer\">Profesora de Teatro<\/a>, <a href=\"http:\/\/www.arte.unicen.edu.ar\" target=\"_blank\" rel=\"noopener noreferrer\">Facultad de Arte<\/a>, <a href=\"http:\/\/www.unicen.edu.ar\" target=\"_blank\" rel=\"noopener noreferrer\">UNICEN<\/a>).<\/p>\n<p>El 24 de marzo, a 45 a\u00f1os del aniversario del \u00faltimo Golpe de Estado, conmemoramos el <strong>D\u00eda Nacional de la Memoria por la Verdad y la Justicia<\/strong> en homenaje a las v\u00edctimas de la dictadura c\u00edvico militar m\u00e1s cruenta de la historia argentina. <strong>Licencia para imaginar. Teatro para escuchar<\/strong> presenta una selecci\u00f3n de mon\u00f3logos testimoniales de <a href=\"https:\/\/www.teatroxlaidentidad.net\" target=\"_blank\" rel=\"noopener noreferrer\">Teatro x la Identidad<\/a>.<\/p>\n<div align=\"center\" style=\"margin: 20px auto;\"><p><iframe loading=\"lazy\" src=\"https:\/\/open.spotify.com\/embed-podcast\/episode\/36kg9UJw1t8BdXD3MHXBNf\" width=\"100%\" height=\"160\" frameborder=\"0\" allowtransparency=\"true\" allow=\"encrypted-media\"><\/iframe><\/p><\/div>\n<hr style=\"margin-bottom: 25px;\"\/>\n<h3>Todo camino puede andar. Experiencias de nuestra comunidad de graduades<\/h3>\n<p style=\"margin-top: 40px;\"><img loading=\"lazy\" decoding=\"async\" width=\"170\" height=\"170\" class=\"alignright size-full wp-image-4077\" style=\"border: 0px; border-radius: 170px; margin-bottom: 35px;\" src=\"http:\/\/www.arte.unicen.edu.ar\/cdab\/wp-content\/uploads\/2021\/04\/csvv-melina-guerrero.jpg\" alt=\"Melina Guerrero\" title=\"Melina Guerrero\" \/><strong>Melina Guerrero<\/strong> es graduada de la <a href=\"http:\/\/www.arte.unicen.edu.ar\" target=\"_blank\" rel=\"noopener noreferrer\">Facultad de Arte<\/a>, <a href=\"http:\/\/www.arte.unicen.edu.ar\/carreras\/grado\/riaa\/perfil-del-egresado_\" target=\"_blank\" rel=\"noopener noreferrer\">Realizadora Audiovisual<\/a> e Investigadora becaria del <a href=\"https:\/\/www.conicet.gov.ar\" target=\"_blank\" rel=\"noopener noreferrer\">CONICET<\/a> con lugar de trabajo en el <a href=\"http:\/\/www.arte.unicen.edu.ar\/tecc\" target=\"_blank\" rel=\"noopener noreferrer\">TECC<\/a> (<a href=\"http:\/\/www.arte.unicen.edu.ar\" target=\"_blank\" rel=\"noopener noreferrer\">FA<\/a>&#8211;<a href=\"http:\/\/www.unicen.edu.ar\" target=\"_blank\" rel=\"noopener noreferrer\">UNCPBA<\/a>).<\/p>\n<p>Actualmente lleva adelante actividades de investigaci\u00f3n por medio de una beca doctoral del CONICET. Estudia las producciones audiovisuales del Programa de Conservaci\u00f3n Comunitaria del Territorio (PCCT-FCV-UNCPBA) para generar comunicaciones sobre temas de conservaci\u00f3n y el uso y apropiaciones que hacen de ellas las comunidades involucradas en la conservaci\u00f3n de sus territorios. Su relaci\u00f3n con el Programa inici\u00f3 en 2015 con la realizaci\u00f3n del documental <em>Custodios del Territorio<\/em> estrenado en 2017.<\/p>\n<p>El programa, desde sus inicios, comenz\u00f3 con investigaciones de plomo en fauna silvestre y suelo; y en la actualidad, se encuentra estudiando personas que pudieran estar en contacto con este metal de alg\u00fan modo. El principal origen del plomo en el ecosistema es la cacer\u00eda.<\/p>\n<p>A ra\u00edz de la viralizaci\u00f3n de un video de un productor arrocero de Santa Fe que solicitaba la habilitaci\u00f3n de la actividad de cacer\u00eda para controlar la &#8220;plaga de patos&#8221; que se com\u00eda su cosecha, Melina particip\u00f3 de la realizaci\u00f3n de un material audiovisual que presenta otra perspectiva de este conflicto y refuerza la necesidad de que se realicen investigaciones sobre el estado poblacional de los patos, el ambiente disponible luego de sequ\u00edas e incendios, y el real da\u00f1o producido, antes de considerar la apertura de la caza.<\/p><p>Compartimos el link para la visualizaci\u00f3n del video:<\/p>\n<div align=\"center\" style=\"margin: 20px auto\"><iframe loading=\"lazy\" width=\"700\" height=\"394\" src=\"https:\/\/www.youtube.com\/embed\/6fy_IqO35rw\" frameborder=\"0\" allow=\"accelerometer; autoplay; encrypted-media; gyroscope; picture-in-picture\" allowfullscreen><\/iframe><\/div>\n<hr style=\"margin-bottom: 25px;\"\/>\n<p><a href=\"https:\/\/play.cine.ar\" target=\"_blank\" rel=\"noopener noreferrer\"><img decoding=\"async\" class=\"publicacion-tapa\" src=\"http:\/\/www.arte.unicen.edu.ar\/cdab\/wp-content\/uploads\/2021\/04\/csvv-hombrealado-cinear.jpg\" data-fancybox=\"gallery\" data-caption=\"Cuidado social. V\u00ednculo virtual #21\"\/><\/a><\/p>\n<p>Desde hoy, <a href=\"https:\/\/play.cine.ar\" target=\"_blank\" rel=\"noopener noreferrer\">Cine.AR Play<\/a> presenta el largometraje documental <em>Un hombre alado<\/em> dirigido por <strong>Felipe Restrepo<\/strong>. El film recorre el proceso creativo, art\u00edstico y t\u00e9cnico de Gustavo Cerati. A trav\u00e9s de conversaciones con personas que lo conocieron descubriremos aspectos de su carrera musical y de c\u00f3mo eran los momentos en que se enfrentaba a su guitarra para componer la m\u00fasica y las letras de sus canciones. Nos sumergiremos en su universo para comprender porqu\u00e9 su legado sigue en expansi\u00f3n.<\/p>\n<div align=\"center\" style=\"margin: 20px auto\"><iframe loading=\"lazy\" width=\"700\" height=\"394\" src=\"https:\/\/www.youtube.com\/embed\/pWrPOq96voQ\" frameborder=\"0\" allow=\"accelerometer; autoplay; encrypted-media; gyroscope; picture-in-picture\" allowfullscreen><\/iframe><\/div>\n<div class=\"container-newsbutton\">\n<a class=\"cdab-newsbuttonlink\" href=\"https:\/\/play.cine.ar\" target=\"_blank\" rel=\"noopener noreferrer\"><div class=\"cdab-web-newsbutton\">ACCEDER A CINE.AR PLAY<\/div><\/a>\n<\/div>\n<p style=\"margin-top: 40px;\"><img loading=\"lazy\" decoding=\"async\" width=\"170\" height=\"170\" class=\"alignleft size-full wp-image-4077\" style=\"border: 0px; border-radius: 170px; margin-bottom: 35px;\" src=\"http:\/\/www.arte.unicen.edu.ar\/cdab\/wp-content\/uploads\/2021\/04\/csvv-felipe-restrepo.jpg\" alt=\"Felipe Restrepo\" title=\"Felipe Restrepo\" \/><strong>Felipe Restrepo<\/strong> es colombiano y est\u00e1 radicado en la Argentina desde el a\u00f1o 2004. Es <a href=\"http:\/\/www.arte.unicen.edu.ar\/carreras\/grado\/riaa\/perfil-del-egresado_\" target=\"_blank\" rel=\"noopener noreferrer\">Realizador Integral en Artes Audiovisuales<\/a> (<a href=\"http:\/\/www.arte.unicen.edu.ar\" target=\"_blank\" rel=\"noopener noreferrer\">Facultad de Arte<\/a>, <a href=\"http:\/\/www.unicen.edu.ar\" target=\"_blank\" rel=\"noopener noreferrer\">UNICEN<\/a>), tiene una Especializaci\u00f3n en Montaje en la Escuela Superior de Cinema i Audiovisuals de Catalunya (adscrita a la Universitat de Barcelona). Es Profesor en el Taller de Producci\u00f3n Audiovisual I y II en la Licenciatura de Comunicaci\u00f3n en la <a href=\"https:\/\/www.ungs.edu.ar\" target=\"_blank\" rel=\"noopener noreferrer\">UNGS<\/a>. Docente en la materia de Proyecto Audiovisual 2 en la Carrera de Dise\u00f1o de Imagen y Sonido (<a href=\"https:\/\/www.fadu.uba.ar\" target=\"_blank\" rel=\"noopener noreferrer\">FADU<\/a> &#8211; <a href=\"https:\/\/www.uba.ar\/\" target=\"_blank\" rel=\"noopener noreferrer\">UBA<\/a>).<\/p>\n<p>En el a\u00f1o 2012 cre\u00f3 <a href=\"http:\/\/www.malcriadosaudiovisuales.com\" target=\"_blank\" rel=\"noopener noreferrer\">Malcriados Audiovisuales<\/a>, una productora de contenidos para distintos medios audiovisuales. En el 2014 realiz\u00f3 su primer largometraje documental: <em>Do\u00f1a Julia<\/em> y en el 2015 su primer largometraje de ficci\u00f3n: <em>De hormig\u00f3n armado<\/em>. En el 2020 finaliz\u00f3 <em>Un hombre alado<\/em> y <em>La otra parte<\/em> (sobre la Piedra Movediza de Tandil y la posibilidad de que \u00e9sta tenga alguna relaci\u00f3n con fen\u00f3menos astron\u00f3micos).<\/p>\n<\/div><\/div>\n\n<div id=\"links\" class=\"csvv-right2021\">\n<div class=\"csvv-card2021\"><div class=\"cdab-especial-covid19-card-icon weblink\"><i class=\"fa fa-hand-pointer-o\" aria-hidden=\"true\"><\/i><\/div><div class=\"cdab-especial-covid19-card-title weblink\">LINKS DE INTER\u00c9S &amp; CONVOCATORIAS<\/div>\n<p><a href=\"https:\/\/www.fnartes.gob.ar\/becas\/becas-creacion-2021\" target=\"_blank\" rel=\"noopener noreferrer\"><img decoding=\"async\" class=\"publicacion-tapa\" src=\"http:\/\/www.arte.unicen.edu.ar\/cdab\/wp-content\/uploads\/2021\/04\/csvv-fnabecascreacion-banner.jpg\" data-fancybox=\"gallery\" data-caption=\"Cuidado social. V\u00ednculo virtual #21\"\/><\/a><\/p><p>En su edici\u00f3n 2021, las <a href=\"https:\/\/www.fnartes.gob.ar\/becas\/becas-creacion-2021\" target=\"_blank\" rel=\"noopener noreferrer\">Becas Creaci\u00f3n<\/a> estar\u00e1n dirigidas a <strong>proyectos individuales y grupales<\/strong> con montos diferenciados seg\u00fan la cantidad de participantes, para seguir apoyando a la cultura de todo el pa\u00eds en este dif\u00edcil contexto. Interrumpidas en el marco de la pandemia COVID-19, las tradicionales <a href=\"https:\/\/www.fnartes.gob.ar\/becas\/becas-creacion-2021\" target=\"_blank\" rel=\"noopener noreferrer\">Becas Creaci\u00f3n<\/a> del <a href=\"https:\/\/www.fnartes.gob.ar\" target=\"_blank\" rel=\"noopener noreferrer\">Fondo Nacional de las Artes (FNA)<\/a> vuelven renovadas para contribuir con aquellos proyectos culturales que necesitan auxilio econ\u00f3mico en un sector que ha sido especialmente castigado por la emergencia sanitaria.<\/p>\n<p>Durante 2020 el <a href=\"https:\/\/www.fnartes.gob.ar\" target=\"_blank\" rel=\"noopener noreferrer\">Fondo Nacional de las Artes<\/a> dedic\u00f3 gran parte de su log\u00edstica a las <strong>Becas Sostener Cultura I y II<\/strong>, que beneficiaron de forma extraordinaria a trabajadores y trabajadoras de la cultura de todo el pa\u00eds. En 2021, en cambio, el foco estar\u00e1 puesto en <strong>fortalecer, fomentar y estimular la concreci\u00f3n de proyectos art\u00edsticos-culturales con una mirada amplia y federal<\/strong>.<\/p>\n<p>Por primera vez habr\u00e1 montos que var\u00edan de acuerdo a la cantidad de integrantes. Se ha dispuesto que se otorguen <strong>$80 mil para los proyectos individuales<\/strong>; <strong>$120 mil para los proyectos grupales que tengan entre dos y cuatro integrantes<\/strong> y <strong>$160 mil para los que tengan cinco o m\u00e1s integrantes<\/strong>. En esta ocasi\u00f3n, el pago se realizar\u00e1 en su totalidad en cuanto se otorgue la beca, no estar\u00e1 dividida en estipendios.<\/p>\n<p>Otra novedad es que en esta edici\u00f3n <strong>no quedar\u00e1n excluidos quienes hayan resultado ganadores o beneficiarios en concursos o becas de a\u00f1os pasados<\/strong>. Es decir que beneficiarias y beneficiarios de la Beca Sostener Cultura o de concursos de 2020 podr\u00e1n aplicar a la Beca Creaci\u00f3n 2021, as\u00ed como de Becas 2018 y 2019. Cabe aclarar que s\u00ed es requisito excluyente que hayan presentado sus informes finales, es decir que nadie que deba informe final de Becas Creaci\u00f3n o Becas Formaci\u00f3n puede participar.<\/p>\n<p>La convocatoria a las <a href=\"https:\/\/www.fnartes.gob.ar\/becas\/becas-creacion-2021\" target=\"_blank\" rel=\"noopener noreferrer\">Becas Creaci\u00f3n 2021<\/a> estar\u00e1 abierta entre el <strong>6 de abril y el 11 de mayo de 2021<\/strong> y la inscripci\u00f3n deber\u00e1 realizarse en forma virtual a trav\u00e9s de la <a href=\"https:\/\/app.fnartes.gob.ar\" target=\"_blank\" rel=\"noopener noreferrer\">Plataforma del FNA<\/a>. Las disciplinas que podr\u00e1n presentar proyectos (individuales o grupales) a las <a href=\"https:\/\/www.fnartes.gob.ar\/becas\/becas-creacion-2021\" target=\"_blank\" rel=\"noopener noreferrer\">Becas Creaci\u00f3n 2021<\/a> son: <strong>Artesan\u00edas, Teatro y Artes Circenses, Danza, Artes Visuales, Dise\u00f1o, Arquitectura, Audiovisuales, Letras, M\u00fasica y Patrimonio<\/strong>. Los beneficiarios a las becas ser\u00e1n elegidos por un jurado designado por el Directorio del <a href=\"https:\/\/www.fnartes.gob.ar\" target=\"_blank\" rel=\"noopener noreferrer\">FNA<\/a> que deber\u00e1 evaluar los proyectos.<\/p>\n<div class=\"container-newsbutton\">\n<a class=\"cdab-newsbuttonlink\" href=\"https:\/\/archivos.fnartes.gob.ar\/cms\/resources\/Reglamento_Becas_Creacio%CC%81n_2021.pdf\" target=\"_blank\" rel=\"noopener noreferrer\"><div class=\"cdab-pdf-newsbutton\">REGLAMENTO BECAS CREACI\u00d3N 2021<\/div><\/a><a class=\"cdab-newsbuttonlink\" href=\"https:\/\/app.fnartes.gob.ar\" target=\"_blank\" rel=\"noopener noreferrer\" style=\"margin-left: 40px;\"><div class=\"cdab-web-newsbutton\">INSCRIPCI\u00d3N<\/div><\/a><\/div>\n<hr style=\"margin-bottom: 25px;\"\/>\n<p><a href=\"https:\/\/www.teatroxlaidentidad.net\/identicos2021\" target=\"_blank\" rel=\"noopener noreferrer\"><img decoding=\"async\" class=\"publicacion-tapa\" src=\"http:\/\/www.arte.unicen.edu.ar\/cdab\/wp-content\/uploads\/2021\/04\/csvv-conv-concursoidenticos21.jpg\" data-fancybox=\"gallery\" data-caption=\"Cuidado social. V\u00ednculo virtual #21\"\/><\/a><\/p><p><a href=\"https:\/\/www.teatroxlaidentidad.net\" target=\"_blank\" rel=\"noopener noreferrer\">Teatroxlaidentidad<\/a> realiza una convocatoria a selecci\u00f3n abierta de micromon\u00f3logos. Como en ediciones anteriores, busca ensamblar espontaneidades que remitan de alguna manera a la identidad y que posibiliten alta calidad dram\u00e1tica. Los materiales elegidos -aproximadamente doce de ellos- ser\u00e1n parte de un espect\u00e1culo integral, modular, montado sobre esa selecci\u00f3n.<\/p>\n<p>La coordinaci\u00f3n dramat\u00fargica ser\u00e1 de <strong>Mauricio Kartun<\/strong> y la direcci\u00f3n general de <strong>Daniel Veronese<\/strong>. Ambos responsables art\u00edsticos del proyecto. Tambi\u00e9n se convocar\u00e1 a directores de renombre para la direcci\u00f3n individual de cada micromon\u00f3logo. La selecci\u00f3n estar\u00e1 a cargo de los responsables art\u00edsticos y de representantes de <a href=\"https:\/\/www.teatroxlaidentidad.net\" target=\"_blank\" rel=\"noopener noreferrer\">Teatroxlaidentidad<\/a>.<\/p>\n<p>La tem\u00e1tica de los mon\u00f3logos ser\u00e1 preferentemente <strong>acerca de la identidad en forma directa<\/strong> (apropiaci\u00f3n de ni\u00f1os durante la \u00faltima dictadura militar), pero <strong>tambi\u00e9n en forma indirecta<\/strong> (aquellos que hablen de la identidad en general, desde cualquier \u00e1ngulo). Se tendr\u00e1 especial atenci\u00f3n a los materiales que aborden el tema desde el humor, o al menos que valoricen la iron\u00eda y el sarcasmo, incluso (y especialmente) si la tem\u00e1tica es la llamada &#8220;directa&#8221; en el p\u00e1rrafo anterior.<\/p>\n<p><strong>Los textos tendr\u00e1n un m\u00e1ximo de 3.000 caracteres (con espacios)<\/strong>, incluyendo didascalias si las tuviese, buscando una <strong>duraci\u00f3n no mayor a 4 minutos<\/strong>. Podr\u00e1n ser incluso m\u00e1s breves pero no se aceptar\u00e1n materiales de mayor extensi\u00f3n. <strong>El espacio de representaci\u00f3n ser\u00e1 un escenario vac\u00edo<\/strong>, de manera que los textos no requerir\u00e1n de ninguna escenograf\u00eda ni elementos de utiler\u00eda, salvo alg\u00fan objeto que pueda portar el actor mismo.<\/p>\n<p><strong>No se aceptar\u00e1n materiales ya presentados en ediciones anteriores de este mismo concurso<\/strong>, salvo que hubieren sido trabajados de modo de variar su estructura y contenido. Los mon\u00f3logos deben remitirse exclusivamente por correo electr\u00f3nico a <a href=\"mailto:micromonologostxi@gmail.com\">micromonologostxi@gmail.com<\/a> <strong>hasta el d\u00eda 31 de mayo de 2021 inclusive<\/strong>.<\/p>\n<div class=\"container-newsbutton\">\n<a class=\"cdab-newsbuttonlink\" href=\"https:\/\/www.teatroxlaidentidad.net\/identicos2021\" target=\"_blank\" rel=\"noopener noreferrer\"><div class=\"cdab-web-newsbutton\">M\u00c1S INFORMACI\u00d3N&#8230;<\/div><\/a><\/div>\n<hr style=\"margin-bottom: 25px;\"\/>\n<h3>12\u00b0 Premio Ita\u00fa de Artes Visuales 2020-2021<\/h3>\n<p>Hasta el <strong>15 de abril de 2021<\/strong> se podr\u00e1 participar de la <a href=\"https:\/\/www.premioitau.org\" target=\"_blank\" rel=\"noopener noreferrer\">12\u00b0 edici\u00f3n del Premio Ita\u00fa de Artes Visuales<\/a> que busca estimular la producci\u00f3n de artistas emergentes de la Argentina, difundir y dar visibilidad a las nuevas producciones art\u00edsticas y conformar la <a href=\"https:\/\/www.fundacionitau.org.ar\/todas-las-ediciones-de-premio-itau-cultural-artes-visuales-para-descargar\" target=\"_blank\" rel=\"noopener noreferrer\">Colecci\u00f3n Ita\u00fa de Arte Contempor\u00e1neo<\/a>.<\/p>\n<p>Podr\u00e1n participar <strong>artistas de nacionalidad argentina y extranjeros radicados en la Argentina<\/strong>, desde los <strong>18 a\u00f1os de edad<\/strong> en adelante. En el caso de los artistas extranjeros, los mismos podr\u00e1n participar en tanto tengan un domicilio f\u00edsico comprobable en Argentina. El premio permite la participaci\u00f3n de colectivos de artistas.<\/p>\n<p>Se admitir\u00e1 la participaci\u00f3n de <strong>una \u00fanica obra por cada artista<\/strong>. La fecha de realizaci\u00f3n de la obra deber\u00e1 ser posterior al 1\u00ba de enero de 2018. Podr\u00e1n participar las siguientes expresiones de las artes visuales: <strong>dibujo, pintura, escultura, objeto, grabado, fotograf\u00eda, video, video animaci\u00f3n, instalaci\u00f3n,  textil, cer\u00e1mica, realidad aumentada, realidad virtual, impresi\u00f3n 3D u otra t\u00e9cnica que debe ser especificada en el formulario de inscripci\u00f3n<\/strong>. Por ser un premio adquisici\u00f3n, cuyas obras pasan a formar parte de la <a href=\"https:\/\/www.fundacionitau.org.ar\/todas-las-ediciones-de-premio-itau-cultural-artes-visuales-para-descargar\" target=\"_blank\" rel=\"noopener noreferrer\">Colecci\u00f3n Ita\u00fa de Arte Contempor\u00e1neo<\/a>, no se admitir\u00e1n <em>performances<\/em>, <em>happenings<\/em>, <em>intervenciones en el espacio<\/em> u <em>otras obras de car\u00e1cter ef\u00edmero<\/em>. Por el mismo motivo, todas las obras deber\u00e1n ser estables y perdurables. <strong>Las obras deber\u00e1n ser in\u00e9ditas<\/strong> en el sentido de que no hayan sido exhibidas bajo ning\u00fan car\u00e1cter en concursos y\/o salones, o en cualquier otra exhibici\u00f3n de \u00edndole competitiva, tanto nacional como internacional.<\/p>\n<p>Se entregar\u00e1n <strong>tres premios<\/strong> ($250.000, $200.000 y $150.000 respectivamente) y uno de categor\u00eda especial para <strong>arte en redes sociales<\/strong> ($65.000).<\/p>\n<p style=\"text-align: center;\"><a href=\"http:\/\/www.arte.unicen.edu.ar\/cdab\/wp-content\/uploads\/2021\/04\/csvv-premioitau-flyer.jpg\" data-fancybox=\"gallery\" data-caption=\"Cuidado social. V\u00ednculo virtual #21\"><img decoding=\"async\" class=\"aligncenter publicacion-tapa\" src=\"http:\/\/www.arte.unicen.edu.ar\/cdab\/wp-content\/uploads\/2021\/04\/csvv-premioitau-flyer-600x314.jpg\" border=\"0\" alt=\"12\u00b0 Premio Ita\u00fa de Artes Visuales 2020-2021\" title=\"12\u00b0 Premio Ita\u00fa de Artes Visuales 2020-2021\" \/><\/a><\/p>\n<div class=\"container-newsbutton\">\n<a class=\"cdab-newsbuttonlink\" href=\"https:\/\/www.premioitau.org\" target=\"_blank\" rel=\"noopener noreferrer\"><div class=\"cdab-web-newsbutton\">BASES Y CONDICIONES<\/div><\/a><a class=\"cdab-newsbuttonlink\" href=\"https:\/\/www.premioitau.org\/inscripcion\" target=\"_blank\" rel=\"noopener noreferrer\"><div class=\"cdab-web-newsbutton\" style=\"margin-left: 40px;\">FORMULARIO DE INSCRIPCI\u00d3N<\/div><\/a><\/div>\n<hr style=\"margin-bottom: 25px;\"\/>\n<p><a href=\"https:\/\/www.patagoniaecofilmfest.com\" target=\"_blank\" rel=\"noopener noreferrer\"><img decoding=\"async\" class=\"publicacion-tapa\" src=\"http:\/\/www.arte.unicen.edu.ar\/cdab\/wp-content\/uploads\/2021\/04\/csvv-peff-banner.jpg\" data-fancybox=\"gallery\" data-caption=\"Cuidado social. V\u00ednculo virtual #21\"\/><\/a><\/p><p>El <a href=\"https:\/\/www.patagoniaecofilmfest.com\" target=\"_blank\" rel=\"noopener noreferrer\">Festival Internacional de Cine Ambiental de la Patagonia (PEFF)<\/a> convoca a realizadores y realizadoras de cine de todo el mundo a participar de su 6\u00b0 edicio\u0301n a realizarse del <strong>1 al 5 de octubre de 2021<\/strong> en la ciudad de Puerto Madryn, Chubut, Patagonia Argentina. El evento se realizar\u00e1 de forma mixta, teniendo proyecciones presenciales as\u00ed como tambi\u00e9n proyecciones online a trav\u00e9s de la plataforma del festival.<\/p>\n<p><a href=\"https:\/\/www.patagoniaecofilmfest.com\" target=\"_blank\" rel=\"noopener noreferrer\">PEFF<\/a> tiene como objetivo educar, inspirar y motivar audiencias. Mediante una seleccio\u0301n de pel\u00edculas largometrajes y cortometrajes de tema\u0301tica ambiental, creamos un espacio de reflexio\u0301n y debate sobre las problema\u0301ticas de nuestro planeta. Un comite\u0301 seleccionara\u0301 las peli\u0301culas que formara\u0301n parte de las secciones competitivas y no competitivas del festival y un jurado de renombre premiara\u0301 a las ma\u0301s destacadas. La inscripcio\u0301n al festival es <strong>libre y gratuita para pel\u00edculas argentinas<\/strong>. Las <strong>peli\u0301culas que no se refieran a tema\u0301ticas ambientales sera\u0301n excluidas del festival<\/strong>, sin apelacio\u0301n.<\/p>\n<p>Podra\u0301n participar peli\u0301culas <strong>finalizadas despue\u0301s del 1 de enero de 2018<\/strong>. Se aceptara\u0301n peli\u0301culas de <strong>g\u00e9nero documental, ficcio\u0301n o animacio\u0301n<\/strong>. Adem\u00e1s en esta nueva edici\u00f3n se convoca a <strong>proyectos de video instalaci\u00f3n<\/strong> (sin limitaci\u00f3n en su fecha de producci\u00f3n). La decisio\u0301n del comit\u00e9 de selecci\u00f3n sera\u0301 inapelable. <strong>La convocatoria permanecer\u00e1 abierta del 1 de marzo al 30 de junio de 2021.<\/strong><\/p>\n<p>El Festival incluye tres secciones competitivas oficiales: <strong>Seleccio\u0301n Oficial de Largometrajes<\/strong> (Internacional); <strong>Competencia Oficial de Cortometrajes<\/strong> (Internacional); <strong>Competencia Patagonia en Foco Bi-Naconal<\/strong> (Region Patagonia Argentina &#8211; Chile).<\/p>\n<div class=\"container-newsbutton\">\n<a class=\"cdab-newsbuttonlink\" href=\"https:\/\/www.patagoniaecofilmfest.com\/inscripcion\" target=\"_blank\" rel=\"noopener noreferrer\"><div class=\"cdab-web-newsbutton\">BASES Y CONDICIONES<\/div><\/a><a class=\"cdab-newsbuttonlink\" href=\"https:\/\/docs.google.com\/forms\/d\/e\/1FAIpQLSdidwiOb7_Pa_rF3H5erSZF3EJRNUAjdK_OH5DBdUKXZVuBCQ\/viewform\" target=\"_blank\" rel=\"noopener noreferrer\"><div class=\"cdab-web-newsbutton\" style=\"margin-left: 40px;\">FORMULARIO DE INSCRIPCI\u00d3N<\/div><\/a><\/div>\n<div class=\"container-newsbutton\">\n<a class=\"cdab-newsbuttonlink\" href=\"https:\/\/www.facebook.com\/patagoniaecofilmfest\" target=\"_blank\" rel=\"noopener noreferrer\"><div class=\"cdab-facebook-newsbutton\">PEFF | FESTIVAL INTERNACIONAL DE CINE AMBIENTAL DE LA PATAGONIA<\/div><\/a><\/div>\n<hr style=\"margin-bottom: 25px;\"\/>\n<p><img loading=\"lazy\" decoding=\"async\" width=\"170\" height=\"170\" class=\"alignright size-full wp-image-4077\" style=\"border: 0px; border-radius: 170px; margin-bottom: 35px;\" src=\"http:\/\/www.arte.unicen.edu.ar\/cdab\/wp-content\/uploads\/2021\/04\/csvv-conv-artemasmedia.jpg\" alt=\"Convocatoria Arte+Media\" title=\"Convocatoria Arte+Media\" \/><h3>Convocatoria Arte+Media<\/h3><\/p><p>Convocatoria abierta a estudiantes y graduadxs de la <a href=\"http:\/\/www.arte.unicen.edu.ar\" target=\"_blank\" rel=\"noopener noreferrer\">Facultad de Arte<\/a> para la conformaci\u00f3n de una base de datos para la realizaci\u00f3n de audiovisuales, en el marco del proyecto <a href=\"https:\/\/www.artemasmedia.com.ar\" target=\"_blank\" rel=\"noopener noreferrer\">Arte + Media<\/a> del \u00c1rea de Vinculaci\u00f3n y Transferencia de la <a href=\"http:\/\/www.arte.unicen.edu.ar\/secretarias\/investigacion-posgrado\" target=\"_blank\" rel=\"noopener noreferrer\">Secretar\u00eda de Investigaci\u00f3n y Posgrado<\/a>.<\/p>\n<p>Lxs interesados podr\u00e1n presentarse hasta el <strong>lunes 19 de abril de 2021<\/strong>, enviando la siguiente documentaci\u00f3n:<\/p>\n<ul style=\"margin: 0px 0px 25px 100px;\"><li><strong>Carta de intenci\u00f3n<\/strong> (hasta 1000 palabras)<\/li>\n<li><strong>Curriculum Vitae<\/strong> (que incluya links de audiovisuales realizados o en los que ha participado)<\/li><\/ul>\n<p>La presentaci\u00f3n de los archivos se realizar\u00e1 de manera virtual mediante correo electr\u00f3nico a <a href=\"mailto:investigacion @ arte.unicen.edu.ar\">investigacion@arte.unicen.edu.ar<\/a> con el asunto: <strong>CONVOCATORIA VINCULACI\u00d3N Y TRANSFERENCIA<\/strong>. Los resultados se comunicar\u00e1n el d\u00eda <strong>26 de abril de 2021<\/strong>.<\/p>\n<div class=\"container-newsbutton\">\n<a class=\"cdab-newsbuttonlink\" href=\"https:\/\/www.artemasmedia.com.ar\" target=\"_blank\" rel=\"noopener noreferrer\"><div class=\"cdab-web-newsbutton\">ACCEDER A ARTE+MEDIA<\/div><\/a><\/div>\n<hr style=\"margin-bottom: 25px;\"\/>\n<h3>Convocatoria &#8220;Microvideos contra micromachismos&#8221; (extendida hasta 23 de abril)<\/h3>\n<p>Con la voluntad de estimular la creaci\u00f3n art\u00edstica en torno a la realizaci\u00f3n de piezas audiovisuales que contribuyan a visibilizar, desnaturalizar y, potencialmente, transformar aquellas pr\u00e1cticas -en mayor o menor medida imperceptibles- que nos violentan cotidianamente, se abre la convocatoria dirigida a <strong>equipos de 4 (cuatro) integrantes<\/strong> -estudiantes avanzadxs y\/o graduadxs de la <a href=\"http:\/\/www.arte.unicen.edu.ar\" target=\"_blank\" rel=\"noopener noreferrer\">Facultad de Arte<\/a>&#8211; de las carreras de <a href=\"http:\/\/www.arte.unicen.edu.ar\/carreras\/grado\/riaa\/perfil-del-egresado_\" target=\"_blank\" rel=\"noopener noreferrer\">RIAA<\/a> y <a href=\"http:\/\/www.arte.unicen.edu.ar\/carreras\/grado\/licenciado-en-teatro\/perfil-del-egresado_\" target=\"_blank\" rel=\"noopener noreferrer\">Teatro<\/a> para la producci\u00f3n de <strong>piezas audiovisuales de entre 15 (quince) y 40 (cuarenta) segundos de duraci\u00f3n<\/strong> (con t\u00edtulos y cr\u00e9ditos incluidos) que reflexionen sobre las diversas formas de <strong>micromachismos, violencias sexuales y de g\u00e9nero en diversos \u00e1mbitos<\/strong>.<\/p>\n<p>La convocatoria es impulsada por el Grupo de Trabajo sobre Arte y Cultura, -creado mediante Resoluci\u00f3n N\u00b0 039\/20 del Consejo Acad\u00e9mico- e integrado por representantes estudiantiles, graduadxs, docentes y de la gesti\u00f3n, en articulaci\u00f3n con los objetivos del <a href=\"http:\/\/www.arte.unicen.edu.ar\/arteyderechos\" target=\"_blank\" rel=\"noopener noreferrer\">Programa Arte y Derechos<\/a> de la <a href=\"http:\/\/www.arte.unicen.edu.ar\" target=\"_blank\" rel=\"noopener noreferrer\">Facultad de Arte<\/a> (<a href=\"http:\/\/www.unicen.edu.ar\" target=\"_blank\" rel=\"noopener noreferrer\">UNICEN<\/a>) y con la aplicaci\u00f3n de la <a href=\"http:\/\/www.arte.unicen.edu.ar\/cdab\/institucional\/arte-y-genero\" target=\"_blank\" rel=\"noopener noreferrer\">Ley Micaela n\u00ba 27.499<\/a>.<\/p>\n<p>Se seleccionar\u00e1n <strong>2 (dos) proyectos<\/strong>, cada uno de los cuales percibir\u00e1 un financiamiento de <strong>$10.000 (pesos diez mil)<\/strong> en todo concepto. La inscripci\u00f3n se realiza de manera virtual y estar\u00e1 abierta hasta el <strong>viernes 23 de abril de 2021<\/strong>.<\/p>\n<p style=\"text-align: center;\"><a href=\"http:\/\/www.arte.unicen.edu.ar\/cdab\/wp-content\/uploads\/2021\/04\/csvv-flyer-micromachismos.jpg\" data-fancybox=\"gallery\" data-caption=\"Cuidado social. V\u00ednculo virtual #21\"><img loading=\"lazy\" decoding=\"async\" class=\"aligncenter publicacion-tapa\" src=\"http:\/\/www.arte.unicen.edu.ar\/cdab\/wp-content\/uploads\/2021\/04\/csvv-flyer-micromachismos-600x455.jpg\" border=\"0\" alt=\"Convocatoria 'Microvideos contra micromachismos'\" title=\"Convocatoria 'Microvideos contra micromachismos'\" width=\"500\" height=\"379\" \/><\/a><\/p>\n<div class=\"container-newsbutton\">\n<a class=\"cdab-newsbuttonlink\" href=\"http:\/\/www.arte.unicen.edu.ar\/convocatoria-microvideos-contra-micromachismos\" target=\"_blank\" rel=\"noopener noreferrer\"><div class=\"cdab-facarte-newsbutton\">BASES Y CONDICIONES<\/div><\/a><a class=\"cdab-newsbuttonlink\" href=\"https:\/\/docs.google.com\/forms\/d\/e\/1FAIpQLSdIRbfH913TPlfGRuG-6cVZ9Ogw0Tl6yTQOv5Z5tsXOEdFjdw\/viewform\" target=\"_blank\" rel=\"noopener noreferrer\" style=\"margin-left: 40px;\"><div class=\"cdab-facarte-newsbutton\">FORMULARIO DE INSCRIPCI\u00d3N<\/div><\/a>\n<\/div>\n<hr style=\"margin-bottom: 25px;\"\/>\n<h3>Taller Sustentarte: &#8220;No es el cuerpo&#8230; es la cabeza&#8221;<\/h3>\n<p>Desde la incubadora <a href=\"http:\/\/www.arte.unicen.edu.ar\/sustentarte\" target=\"_blank\" rel=\"noopener noreferrer\">SustenArte<\/a> se propone un nuevo seminario de trabajo corporal para actores denominado <strong><em>No es el cuerpo&#8230; es la cabeza<\/em><\/strong> a cargo de <strong>Osvaldo Berm\u00fadez<\/strong>, formado en diferentes disciplinas como gimnasia deportiva, actuaci\u00f3n, expresi\u00f3n corporal, esgrima teatral, danza cl\u00e1sica y <em>contact improvisation<\/em>.<\/p>\n<p>El seminario es <strong>abierto a toda la comunidad<\/strong> y se llevar\u00e1 a cabo los d\u00edas <strong>martes 20 y mi\u00e9rcoles 21 de abril<\/strong> a las <strong>10.30 hs.<\/strong> por la plataforma de videollamadas Zoom. La actividad es no arancelada pero requiere <strong>inscripci\u00f3n previa<\/strong>, abierta <strong>hasta el 18 de abril de 2021<\/strong>.<\/p>\n<p>Constar\u00e1 de dos encuentros en los cuales se propone una tarea que nos permita un mayor contacto con nosotros mismos, una herramienta de autoconciencia que nos invita a redescubrir nuestras posibilidades logrando ampliar nuestros l\u00edmites psicof\u00edsicos. Para ello, se basa en simples ejercicios enfocados en la precisi\u00f3n de los movimientos, la tensi\u00f3n m\u00ednima necesaria, el manejo del espacio, el dominio del cuerpo dentro del espacio, el manejo de la energ\u00eda y la audacia. Transformar la energ\u00eda negativa del miedo en una energ\u00eda positiva que nos permita accionar nos facilitar\u00e1 lograr cambios y transgredir nuestros propios l\u00edmites.<\/p>\n<p style=\"text-align: center;\"><a href=\"http:\/\/www.arte.unicen.edu.ar\/cdab\/wp-content\/uploads\/2021\/04\/csvv-flyer-sustentarte-abril21.jpg\" data-fancybox=\"gallery\" data-caption=\"Cuidado social. V\u00ednculo virtual #21\"><img loading=\"lazy\" decoding=\"async\" class=\"aligncenter publicacion-tapa\" src=\"http:\/\/www.arte.unicen.edu.ar\/cdab\/wp-content\/uploads\/2021\/04\/csvv-flyer-sustentarte-abril21-600x411.jpg\" border=\"0\" alt=\"Taller Sustentarte: 'No es el cuerpo... es la cabeza'\" title=\"Taller Sustentarte: 'No es el cuerpo... es la cabeza'\" width=\"500\" height=\"343\" \/><\/a><\/p>\n<div class=\"container-newsbutton\">\n<a class=\"cdab-newsbuttonlink\" href=\"https:\/\/forms.gle\/S9BWhFYhj7V1Ffxw8\" target=\"_blank\" rel=\"noopener noreferrer\"><div class=\"cdab-web-newsbutton\">FORMULARIO DE INSCRIPCI\u00d3N<\/div><\/a>\n<\/div>\n<p style=\"font-size: 13px; margin-top: 40px;\"><img loading=\"lazy\" decoding=\"async\" width=\"170\" height=\"170\" class=\"alignright size-full wp-image-4077\" style=\"border: 0px; border-radius: 170px; margin-bottom: 65px;\" src=\"http:\/\/www.arte.unicen.edu.ar\/cdab\/wp-content\/uploads\/2021\/04\/osvaldo-bermudez.jpg\" alt=\"Osvaldo Berm\u00fadez\" title=\"Osvaldo Berm\u00fadez\" \/><strong>Osvaldo Berm\u00fadez<\/strong> es actor, director, coordinador de escenas de violencia, esgrima y acrobacia para cine, teatro y televisi\u00f3n. Desarroll\u00f3 paralelamente una vasta carrera en la docencia teatral. Fue parte del elenco estable del <a href=\"https:\/\/www.complejoteatral.gob.ar\/teatro-san-martin\" target=\"_blank\" rel=\"noopener noreferrer\">Teatro General San Mart\u00edn<\/a>, fue profesor <a href=\"https:\/\/www.una.edu.ar\" target=\"_blank\" rel=\"noopener noreferrer\">IUNA<\/a>, del taller de danza contempor\u00e1nea del <a href=\"https:\/\/www.complejoteatral.gob.ar\/teatro-san-martin\" target=\"_blank\" rel=\"noopener noreferrer\">Teatro General San Mart\u00edn<\/a>, de la Escuela Comedia Musical de Julio Bocca. Ha dictado seminarios para diferentes escuelas de teatro en Espa\u00f1a y Australia. Actualmente dirige su propia escuela para actores y es profesor de la <a href=\"https:\/\/emad-caba.infd.edu.ar\" target=\"_blank\" rel=\"noopener noreferrer\">Escuela Metropolitana de Arte Dram\u00e1tico<\/a>. Se form\u00f3 con: Lito Cruz, Roberto Dur\u00e1n, Ana Mar\u00eda Stekelman, Tony de Longis (Estados Unidos) y Daniel Trener, entre otros. Form\u00f3 parte del proyecto &#8220;Escuela de Arte Rodante de Capacitaci\u00f3n Docente&#8221; que depende del <a href=\"https:\/\/www.argentina.gob.ar\/educacion\" target=\"_blank\" rel=\"noopener noreferrer\">Ministerio de Educaci\u00f3n<\/a> dictando cursos a docentes en distintas provincias del interior del pa\u00eds. Algunos de sus alumnos fueron: Alicia Zanca, Mirtha Busnelli, Victor Laplace, Miguel Angel Sol\u00e1, Susu Pecoraro, Carolina Fal, Leonardo Svaraglia, Gloria Carr\u00e1, Federico Del\u00eda, Horacio Pe\u00f1a, Gerardo Hochman, entre otros.<\/p>\n<hr style=\"margin-bottom: 25px;\"\/>\n<h3>Workshops virtuales | Secretar\u00eda de Extensi\u00f3n (FA, UNICEN)<br \/><span style=\"font-size: 16px;\">&#8220;Psicodrama y salud emocional. Otro enlace&#8221; por Ver\u00f3nica Garc\u00eda y &#8220;Oratoria&#8221; por Daniela Mattiussi<\/span><\/h3>\n<p>Se encuentra abierta la inscripci\u00f3n para participar de 2 nuevos <em>workshops<\/em> que se realizar\u00e1n en <strong>mayo de 2021<\/strong>, coordinados por la <a href=\"http:\/\/www.arte.unicen.edu.ar\/secretarias\/extension\" target=\"_blank\" rel=\"noopener noreferrer\">Secretar\u00eda de Extensi\u00f3n<\/a> de la <a href=\"http:\/\/www.arte.unicen.edu.ar\" target=\"_blank\" rel=\"noopener noreferrer\">Facultad de Arte<\/a> (<a href=\"http:\/\/www.unicen.edu.ar\" target=\"_blank\" rel=\"noopener noreferrer\">UNICEN<\/a>). Las propuestas se llevar\u00e1n a cabo de manera virtual mediante la plataforma de videollamadas Zoom y son gratuitas. Lxs interesadxs podr\u00e1n inscribirse <strong>hasta el lunes 3 de mayo o hasta completar cupo<\/strong>.<\/p>\n<h3><a href=\"http:\/\/www.arte.unicen.edu.ar\/cdab\/wp-content\/uploads\/2021\/04\/csvv-workshop-psicodrama.jpg\" data-fancybox=\"gallery\" data-caption=\"Cuidado social. V\u00ednculo virtual #21\"><img decoding=\"async\" class=\"cdab-tapa-instidentpoet-index publicacion-tapa\" title=\"Workshop 'Psicodrama y salud emocional. Otro enlace' por Ver\u00f3nica Garc\u00eda\" src=\"http:\/\/www.arte.unicen.edu.ar\/cdab\/wp-content\/uploads\/2021\/04\/csvv-workshop-psicodrama.jpg\" alt=\"Workshop 'Psicodrama y salud emocional. Otro enlace' por Ver\u00f3nica Garc\u00eda\" style=\"width: 250px; height: 289px; float: right; border: 10px solid #fff; box-shadow: 0 0 5px rgba(0, 0, 0, 0.1); -webkit-box-shadow: 0 0 5px rgba(0, 0, 0, 0.1); -moz-box-shadow: 0 0 5px rgba(0, 0, 0, 0.1); display: block; margin: 0px 0px 22px 22px;\"\/><\/a><span style=\"font-size: 16px;\">Workshop &#8220;Psicodrama y salud emocional. Otro enlace&#8221; a cargo de Ver\u00f3nica Garc\u00eda<\/span><\/h3>\n<p><strong>Mi\u00e9rcoles 5 y jueves 6 de mayo de 18 a 20 hs.<\/strong><\/p>\n<p style=\"margin-bottom: 60px;\">Se propone favorecer la salud emocional de lxs participantes, promoviendo espacios grupales de encuentro y brindando herramientas para el re-conocimiento de s\u00ed mismos y  para la construcci\u00f3n de v\u00ednculos saludables, incorporando el lenguaje corporal desde un perspectiva psicodram\u00e1tica. Lo que distingue las propuestas de Otro Enlace es la incorporaci\u00f3n del lenguaje corporal, a trav\u00e9s de un enfoque psicodram\u00e1tico, con el objetivo de trabajar en la salud emocional de lxs participantes.<\/p>\n<div class=\"container-newsbutton\" style=\"margin-bottom: 40px;\">\n<a class=\"cdab-newsbuttonlink\" href=\"https:\/\/docs.google.com\/forms\/d\/1tleV-NgOvm1jCBByAEGx2QisiwNd2PeWDoPgypLY-aI\/viewform\" target=\"_blank\" rel=\"noopener noreferrer\"><div class=\"cdab-facarte-newsbutton\">FORMULARIO DE INSCRIPCI\u00d3N<\/div><\/a>\n<\/div>\n<h3><a href=\"http:\/\/www.arte.unicen.edu.ar\/cdab\/wp-content\/uploads\/2021\/04\/csvv-workshop-oratoria.jpg\" data-fancybox=\"gallery\" data-caption=\"Cuidado social. V\u00ednculo virtual #21\"><img decoding=\"async\" class=\"cdab-tapa-instidentpoet-index publicacion-tapa\" title=\"Workshop 'Oratoria' por Daniela Mattiussi\" src=\"http:\/\/www.arte.unicen.edu.ar\/cdab\/wp-content\/uploads\/2021\/04\/csvv-workshop-oratoria.jpg\" alt=\"Workshop 'Oratoria' por Daniela Mattiussi\" style=\"width: 250px; height: 250px; float: right; border: 10px solid #fff; box-shadow: 0 0 5px rgba(0, 0, 0, 0.1); -webkit-box-shadow: 0 0 5px rgba(0, 0, 0, 0.1); -moz-box-shadow: 0 0 5px rgba(0, 0, 0, 0.1); display: block; margin: 0px 0px 22px 22px;\"\/><\/a><span style=\"font-size: 16px;\"><span style=\"font-size: 16px;\">Workshop &#8220;Oratoria&#8221; a cargo de Daniela Mattiussi<\/span><\/span><\/h3>\n<p><strong>Jueves 20 y viernes 21 de mayo de 15 a 17 hs.<\/strong><\/p>\n<p>El objetivo de este taller introductorio es brindar estrategias generales para el desarrollo de las habilidades propias del discurso oral. Se propone trabajar sobre dos ejes interrelacionados: \u00bfQu\u00e9 digo? Y \u00bfC\u00f3mo lo digo? Est\u00e1 destinado a todxs aquellxs que quieran explorar y mejorar sus herramientas discursivas orales, ya sea para beneficio profesional, art\u00edstico y\/o de su comunicaci\u00f3n en general.<\/p>\n<p>\u00bfQu\u00e9 se aprender\u00e1? Estrategias para mejorar las habilidades comunicativas, controlar los miedos de hablar ante un p\u00fablico, estructurar y organizar mejor las intervenciones, t\u00e9cnicas de lenguaje corporal y ejercicios para mejorar las capacidades de oratoria.<\/p>\n<div class=\"container-newsbutton\">\n<a class=\"cdab-newsbuttonlink\" href=\"https:\/\/docs.google.com\/forms\/d\/1xmFBt-vYcGnkNZ3AgfLtGB8F-R0jgTZlhwKHpFB1N8o\/viewform\" target=\"_blank\" rel=\"noopener noreferrer\"><div class=\"cdab-facarte-newsbutton\">FORMULARIO DE INSCRIPCI\u00d3N<\/div><\/a>\n<\/div>\n<hr style=\"margin-bottom: 25px;\"\/>\n<p><a href=\"https:\/\/extension.unicen.edu.ar\/ciclo-de-entrevistas-virtuales-con-veteranos-de-la-guerra-de-malvinas\" target=\"_blank\" rel=\"noopener noreferrer\"><img decoding=\"async\" class=\"publicacion-tapa\" src=\"http:\/\/www.arte.unicen.edu.ar\/cdab\/wp-content\/uploads\/2021\/04\/csvv-charlamalvinas-extension.jpg\" data-fancybox=\"gallery\" data-caption=\"Cuidado social. V\u00ednculo virtual #21\"\/><\/a><\/p><p>La <a href=\"https:\/\/extension.unicen.edu.ar\" target=\"_blank\" rel=\"noopener noreferrer\">Secretar\u00eda de Extensi\u00f3n<\/a> de la <a href=\"https:\/\/www.unicen.edu.ar\" target=\"_blank\" rel=\"noopener noreferrer\">Universidad Nacional del Centro de la Provincia de Buenos Aires<\/a>, en el marco de su proyecto permanente <strong>Malvinas en familia<\/strong>, est\u00e1 coordinando un ciclo de entrevistas con Veteranos de la Guerra de Malvinas con motivo de conmemorarse el <strong>39\u00b0 aniversario del D\u00eda del Veterano y de los Ca\u00eddos en la Guerra de Malvinas<\/strong>.<\/p>\n<p>La propuesta abierta a toda la comunidad, y pensada para ser utilizada en espacios \u00e1ulicos, es organizada de manera conjunta con el <strong>Centro Veteranos de Guerra Islas Malvinas<\/strong>. Adhieren la Ira Brigada Blindada de Tandil, la VI Brigada A\u00e9rea de Tandil, el Municipio de Tandil, el Museo Malvinas Tandil, la Asociaci\u00f3n Veteranos de Guerra Aeron\u00e1uticos &#8220;Ala Delta&#8221;, la Asociaci\u00f3n Civil Ex Soldados del Batall\u00f3n de Infanter\u00eda de Marina N\u00b01, la Facultad de Ciencias Humanas, Editorial UNICEN y la jefatura de Educaci\u00f3n Distrital de Tandil.<\/p>\n<p>El cronograma de actividades es el siguiente y podr\u00e1 seguirse desde el <a href=\"https:\/\/www.youtube.com\/user\/extensionunicen\" target=\"_blank\" rel=\"noopener noreferrer\">canal de YouTube de Extensi\u00f3n UNICEN<\/a>:<\/p>\n<ul style=\"margin: 0px 20px 25px 70px;\"><li><strong>Lunes 5 de abril, 10 hs.<\/strong> | Manuel Larroza. Veterano de Malvinas por Ej\u00e9rcito Argentino (III Brigada de Infanter\u00eda, Curuz\u00fa Cuati\u00e1,  Corrientes).<\/li>\n<li><strong>Martes 6 de abril, 14 hs.<\/strong> | H\u00e9ctor Almada. Veterano de Malvinas por la Armada (Buque Hospital Bah\u00eda Para\u00edso).<\/li>\n<li><strong>Mi\u00e9rcoles 7 de abril, 14 hs.<\/strong> | A\u00e9rea: Diego Bartis. Veterano de Malvinas por la Fuerza A\u00e9rea (Artiller\u00eda antia\u00e9rea VI Brigada).<\/li>\n<li><strong>Jueves 29 de abril, 10 hs.<\/strong> | &#8220;Bautismo de fuego&#8221; Cesar Rom\u00e1n. Veterano de Malvinas por la Fuerza A\u00e9rea (Piloto VI Brigada).<\/li>\n<li><strong>Jueves 29 de abril, 14 hs.<\/strong> | Nicol\u00e1s Domina, Veterano de Malvinas por la Fuerza A\u00e9rea (Artillero VI Brigada).<\/li>\n<li><strong>Viernes 30 de abril, 10 hs.<\/strong> | Hundimiento del Crucero ARA General Belgrano. Rub\u00e9n Bellegia. Veterano de Malvinas por la Armada (Sobreviviente ARA General Belgrano).<\/li><\/ul>\n<p>M\u00e1s informaci\u00f3n en: <a href=\"https:\/\/extension.unicen.edu.ar\/ciclo-de-entrevistas-virtuales-con-veteranos-de-la-guerra-de-malvinas\" target=\"_blank\" rel=\"noopener noreferrer\">www.extension.unicen.edu.ar\/ciclo-de-entrevistas-virtuales-con-veteranos-de-la-guerra-de-malvinas<\/a>. Compartimos algunas de las entrevistas que ya se efectuaron:<\/p>\n<div align=\"center\" style=\"margin: 20px auto\"><iframe loading=\"lazy\" width=\"700\" height=\"394\" src=\"https:\/\/www.youtube.com\/embed\/ahVcGC_ydzs\" frameborder=\"0\" allow=\"accelerometer; autoplay; encrypted-media; gyroscope; picture-in-picture\" allowfullscreen><\/iframe><\/div>\n<div align=\"center\" style=\"margin: 20px auto\"><iframe loading=\"lazy\" width=\"700\" height=\"394\" src=\"https:\/\/www.youtube.com\/embed\/SA9qYGXn0EU\" frameborder=\"0\" allow=\"accelerometer; autoplay; encrypted-media; gyroscope; picture-in-picture\" allowfullscreen><\/iframe><\/div>\n<div align=\"center\" style=\"margin: 20px auto\"><iframe loading=\"lazy\" width=\"700\" height=\"394\" src=\"https:\/\/www.youtube.com\/embed\/mIaEF27bL7g\" frameborder=\"0\" allow=\"accelerometer; autoplay; encrypted-media; gyroscope; picture-in-picture\" allowfullscreen><\/iframe><\/div>\n<hr style=\"margin-bottom: 25px;\"\/>\n<p><img decoding=\"async\" class=\"publicacion-tapa\" src=\"http:\/\/www.arte.unicen.edu.ar\/cdab\/wp-content\/uploads\/2021\/04\/csvv-memoria2021-banner.jpg\" border=\"0\" alt=\"24 de marzo | D\u00eda Nacional de la Memoria por la Verdad y la Justicia\" title=\"24 de marzo | D\u00eda Nacional de la Memoria por la Verdad y la Justicia\" \/><\/p>\n<p style=\"margin-bottom: 20px;\">Este 24 de marzo se cumplieron 45 a\u00f1os del \u00faltimo Golpe de Estado y conmemoramos el <strong>D\u00eda Nacional de la Memoria por la Verdad y la Justicia<\/strong> en homenaje a las v\u00edctimas de la dictadura c\u00edvico militar m\u00e1s cruenta de la historia argentina. Desde <strong>Cuidado social. V\u00ednculo virtual<\/strong> compartimos una selecci\u00f3n de contenidos para continuar reflexionando a fin de mantener viva la <strong>memoria<\/strong> y buscar la <strong>verdad<\/strong> para alcanzar la <strong>justicia<\/strong>.<\/p><h3>Mapa Regional de la Memoria<\/h3>\n<p>En el marco de la conmemoraci\u00f3n del 45\u00b0 aniversario del golpe de estado que instaur\u00f3 en nuestro pa\u00eds la dictadura c\u00edvico-militar, la <a href=\"http:\/\/www.unicen.edu.ar\" target=\"_blank\" rel=\"noopener noreferrer\">Universidad Nacional del Centro de la Provincia de Buenos Aires<\/a> present\u00f3 el <a href=\"https:\/\/memoria.cuic.com.ar\" target=\"_blank\" rel=\"noopener noreferrer\">Mapa Regional de la Memoria<\/a>.<\/p>\n<p>El Mapa es una herramienta colectiva para generar informaci\u00f3n que permita visibilizar aquellas marcas desplegadas en el territorio, cruciales para un ejercicio de Memoria sobre el terrorismo de Estado y los cr\u00edmenes de lesa humanidad. Esta iniciativa pretende contribuir a sostener el recuerdo de lo sucedido para seguir construyendo Memoria, Verdad y Justicia. La misma es de acceso p\u00fablico y constituye un \u00fatil recurso pedag\u00f3gico y colaborativo para trabajar.<\/p>\n<p>El mismo se concentra en los partidos de <strong>Tandil<\/strong>, <strong>Azul<\/strong> y <strong>Olavarr\u00eda<\/strong>, donde la Universidad tiene sus sedes y para su realizaci\u00f3n participaron: <a href=\"http:\/\/www.adunce.unicen.edu.ar\" target=\"_blank\" rel=\"noopener noreferrer\">ADUNCE<\/a>, \u00c1rea de Cultura, \u00c1rea de Derechos Humanos, Centro de Documentaci\u00f3n de Geograf\u00eda, Historia y Ciencias Sociales (IGEHCS\/CONICET), <a href=\"http:\/\/www.cuic.com.ar\" target=\"_blank\" rel=\"noopener noreferrer\">Centro Universitario de Innovaci\u00f3n Ciudadana (CUIC)<\/a> de la <a href=\"http:\/\/www.exa.unicen.edu.ar\" target=\"_blank\" rel=\"noopener noreferrer\">Facultad de Ciencias Exactas<\/a>, <a href=\"http:\/\/www.arte.unicen.edu.ar\" target=\"_blank\" rel=\"noopener noreferrer\">Facultad de Arte<\/a>, <a href=\"http:\/\/www.faa.unicen.edu.ar\" target=\"_blank\" rel=\"noopener noreferrer\">Facultad de Agronom\u00eda<\/a>, <a href=\"http:\/\/www.fch.unicen.edu.ar\" target=\"_blank\" rel=\"noopener noreferrer\">Facultad de Ciencias Humanas<\/a>, <a href=\"http:\/\/www.soc.unicen.edu.ar\" target=\"_blank\" rel=\"noopener noreferrer\">Facultad de Ciencias Sociales<\/a>, <a href=\"http:\/\/www.der.unicen.edu.ar\" target=\"_blank\" rel=\"noopener noreferrer\">Facultad de Derecho<\/a> y <a href=\"http:\/\/www.fio.unicen.edu.ar\" target=\"_blank\" rel=\"noopener noreferrer\">Facultad de Ingenier\u00eda<\/a> de la <a href=\"http:\/\/www.unicen.edu.ar\" target=\"_blank\" rel=\"noopener noreferrer\">UNICEN<\/a>.<\/p>\n<div class=\"container-newsbutton\">\n<a class=\"cdab-newsbuttonlink\" href=\"https:\/\/memoria.cuic.com.ar\" target=\"_blank\" rel=\"noopener noreferrer\"><div class=\"cdab-web-newsbutton\">ACCEDER A MAPA REGIONAL DE LA MEMORIA<\/div><\/a>\n<\/div>\n<hr style=\"margin-bottom: 25px;\"\/>\n<p><img loading=\"lazy\" decoding=\"async\" width=\"170\" height=\"170\" class=\"alignright size-full wp-image-4077\" style=\"border: 0px; border-radius: 170px; margin-bottom: 35px;\" src=\"http:\/\/www.arte.unicen.edu.ar\/cdab\/wp-content\/uploads\/2021\/04\/csvv-muralesmemoria.jpg\" alt=\"Murales Federales por la Memoria\" title=\"Murales Federales por la Memoria\" \/><h3>Murales Federales por la Memoria<\/h3><\/p><p>Como parte de las acciones en conmemoraci\u00f3n del <strong>24 de marzo<\/strong>, <strong>D\u00eda Nacional de la Memoria por la Verdad y la Justicia<\/strong>, y en reconocimiento a las v\u00edctimas de la \u00faltima dictadura c\u00edvico-militar, el <a href=\"https:\/\/www.cultura.gob.ar\" target=\"_blank\" rel=\"noopener noreferrer\">Ministerio de Cultura de la Naci\u00f3n<\/a>, a trav\u00e9s de la Secretar\u00eda de Gesti\u00f3n Cultural, impuls\u00f3 la realizaci\u00f3n de murales en diferentes lugares del pa\u00eds.<\/p>\n<p>Bajo la consigna <strong>Murales Federales por la Memoria<\/strong>, colectivos de artistas pl\u00e1sticos de organizaciones barriales, comunales e independientes, en articulaci\u00f3n con la l\u00ednea de Muralismo del Programa de Arte en la v\u00eda p\u00fablica, del Plan Nacional de Cultura Solidaria, intervinieron las paredes de distintas localidades del pa\u00eds. Tambi\u00e9n participaron municipios, organizaciones locales e instituciones nacionales como el <a href=\"https:\/\/www.argentina.gob.ar\/interior\/archivo-general-de-la-nacion\" target=\"_blank\" rel=\"noopener noreferrer\">Archivo General de la Naci\u00f3n<\/a>, con el eje tem\u00e1tico 45\u00b0 aniversario del golpe de estado c\u00edvico militar &#8211; Memoria, Verdad y Justicia.<\/p>\n<div class=\"container-newsbutton\">\n<a class=\"cdab-newsbuttonlink\" href=\"https:\/\/www.cultura.gob.ar\/mes-de-la-memoria-murales-federales-a-45-anos-del-golpe-de-estado-civi-10364\" target=\"_blank\" rel=\"noopener noreferrer\"><div class=\"cdab-web-newsbutton\">ACCEDER A MURALES FEDERALES POR LA MEMORIA<\/div><\/a>\n<\/div>\n<\/div><\/div>\n\n<div id=\"podcast\" class=\"csvv-right2021\">\n<div class=\"csvv-card2021\"><div class=\"cdab-especial-covid19-card-icon podcast\"><i class=\"fa fa-headphones\" aria-hidden=\"true\"><\/i><\/div><div class=\"cdab-especial-covid19-card-title podcast\">PODCASTS<\/div>\n<p><img loading=\"lazy\" decoding=\"async\" width=\"170\" height=\"170\" class=\"alignleft size-full wp-image-4077\" style=\"border: 0px; border-radius: 170px; margin-bottom: 65px;\" src=\"http:\/\/www.arte.unicen.edu.ar\/cdab\/wp-content\/uploads\/2021\/03\/construiragenda-podcast.jpg\" alt=\"Construir Agenda: nuevas miradas desde la interseccionalidad\" title=\"Construir Agenda: nuevas miradas desde la interseccionalidad\" \/><h3>Construir Agenda: nuevas miradas desde la interseccionalidad<\/h3><\/p><p>Construir Agenda, nuevas miradas desde la interseccionalidad es un ciclo de 5 cap\u00edtulos que surge de una serie de encuentros virtuales realizados entre julio y agosto del 2020. Estas charlas tuvieron como objetivo abordar distintas interseccionalidades, es decir, aquellas variables que refuerzan las violencias y multiplican las opresiones contra las mujeres y LGBTI+. Dialogamos sobre afrofeminismos, migraci\u00f3n, juventud y participaci\u00f3n pol\u00edtica, discapacidad y contextos de encierro y contamos con la participaci\u00f3n de distintxs funcionarixs de organismos nacionales, organizaciones sociales, referentxs de la academia e invitadxs especiales vinculados a cada tem\u00e1tica.<\/p>\n<div class=\"container-newsbutton\"><a class=\"cdab-newsbuttonlink\" href=\"https:\/\/www.argentina.gob.ar\/generos\/podcast\/construir-agenda-nuevas-miradas-desde-la-interseccionalidad\" target=\"_blank\" rel=\"noopener noreferrer\"><div class=\"cdab-web-newsbutton\">ESCUCHAR EN MINISTERIO DE LAS MUJERES, G\u00c9NEROS Y DIVERSIDAD<\/div><\/a><\/div>\n<hr style=\"margin-bottom: 25px;\"\/>\n<p><img loading=\"lazy\" decoding=\"async\" width=\"170\" height=\"170\" class=\"alignleft size-full wp-image-4077\" style=\"border: 0px; border-radius: 170px; margin-bottom: 40px;\" src=\"http:\/\/www.arte.unicen.edu.ar\/cdab\/wp-content\/uploads\/2021\/03\/nosotrasmovemosmundo-podcast.jpg\" alt=\"Nosotras movemos el mundo con nuestros cuidados\" title=\"Nosotras movemos el mundo con nuestros cuidados\" \/><h3>Nosotras movemos el mundo con nuestros cuidados<\/h3><\/p><p>Eleonor Faur, Luc\u00eda Cirmi Ob\u00f3n, M\u00f3nica Macha, Valeria Esquivel y Corina Rodr\u00edguez Enr\u00edquez, referentes pol\u00edticas, sociales y culturales especializadas en el tema, nos brindan aportes y debates para ampliar nuestras miradas sobre el mundo de los cuidados.<\/p>\n<p>Est\u00e1 producido durante las jornadas #NosotrasMovemosElMundo 2020 que se llevaron a cabo en el Centro Cultural Kirchner y Tecn\u00f3polis, organizadas junto al Ministerio de Cultura de la Naci\u00f3n, en el marco del D\u00eda Internacional de las Mujeres Trabajadoras.<\/p>\n<div class=\"container-newsbutton\"><a class=\"cdab-newsbuttonlink\" href=\"https:\/\/www.argentina.gob.ar\/generos\/cuidados\/camp-nac-cuidar-en-igualdad\/podcast-nos-mov-mundo-con-nuestros-cuidados\" target=\"_blank\" rel=\"noopener noreferrer\"><div class=\"cdab-web-newsbutton\">ESCUCHAR EN MINISTERIO DE LAS MUJERES, G\u00c9NEROS Y DIVERSIDAD<\/div><\/a><\/div>\n<\/div><\/div>\n\n<div id=\"ninios\" class=\"csvv-right2021\">\n<div class=\"csvv-card2021\"><div class=\"cdab-especial-covid19-card-icon ninios\"><i class=\"fa fa-child\" aria-hidden=\"true\" style=\"margin-left: 3px;\"><\/i><\/div><div class=\"cdab-especial-covid19-card-title ninios\">PARA NUESTRXS NI\u00d1XS<\/div><p><img loading=\"lazy\" decoding=\"async\" width=\"170\" height=\"170\" class=\"alignright size-full wp-image-4077\" style=\"border: 0px; border-radius: 170px; margin-bottom: 35px;\" src=\"http:\/\/www.arte.unicen.edu.ar\/cdab\/wp-content\/uploads\/2021\/04\/csvv-canticuenticos.jpg\" alt=\"Canticu\u00e9nticos\" title=\"Canticu\u00e9nticos\" \/><h3>Canticu\u00e9nticos<\/h3><\/p><p><a href=\"http:\/\/www.canticuenticos.com.ar\" target=\"_blank\" rel=\"noopener noreferrer\">Canticu\u00e9nticos<\/a>, es un grupo santafesino de m\u00fasica para la infancia. Declarado de inter\u00e9s cultural por el <a href=\"https:\/\/www.senado.gob.ar\" target=\"_blank\" rel=\"noopener noreferrer\">Senado de la Naci\u00f3n<\/a> por su <em>&#8220;trayectoria y valioso aporte al cancionero infantil nacional y latinoamericano&#8221;<\/em>, Embajador Cultural de la ciudad de Santa Fe, reconocido  por la Legislatura de Buenos Aires y Santa Fe, y declarado Mejor Espect\u00e1culo Infantil 2018 por AADET.<\/p>\n<p>Explican los <a href=\"http:\/\/www.canticuenticos.com.ar\" target=\"_blank\" rel=\"noopener noreferrer\">Canticu\u00e9nticos<\/a> acerca de lo que hacen: <em>&#8220;Queremos mostrarles a los chicos cu\u00e1nta riqueza hay en nuestros ritmos folkl\u00f3ricos, porque nos dan identidad, porque hablan como nosotros hablamos, nos divierten y nos emocionan al modo nuestro. Y son un tesoro que queremos poner al alcance de los m\u00e1s chicos, para que lo conozcan y lo lleven toda la vida con ellos&#8221;<\/em>. Con 10 a\u00f1os de trayectoria, <a href=\"http:\/\/www.canticuenticos.com.ar\" target=\"_blank\" rel=\"noopener noreferrer\">Canticu\u00e9nticos<\/a> ha recorrido Argentina y Am\u00e9rica Latina, realizando m\u00e1s de 1.000 conciertos con una propuesta original, alejada de los estereotipos, que combina diversi\u00f3n con emociones profundas.<\/p>\n<div align=\"center\" style=\"margin: 20px auto\"><iframe loading=\"lazy\" width=\"700\" height=\"394\" src=\"https:\/\/www.youtube.com\/embed\/wgk-aqqbIG4\" frameborder=\"0\" allow=\"accelerometer; autoplay; encrypted-media; gyroscope; picture-in-picture\" allowfullscreen><\/iframe><\/div>\n<div align=\"center\" style=\"margin: 20px auto\"><iframe loading=\"lazy\" width=\"700\" height=\"394\" src=\"https:\/\/www.youtube.com\/embed\/HOYcjrsiwaQ\" frameborder=\"0\" allow=\"accelerometer; autoplay; encrypted-media; gyroscope; picture-in-picture\" allowfullscreen><\/iframe><\/div>\n<div class=\"container-newsbutton\"><a class=\"cdab-newsbuttonlink\" href=\"http:\/\/www.canticuenticos.com.ar\" target=\"_blank\" rel=\"noopener noreferrer\"><div class=\"cdab-web-newsbutton\">ACCEDER A SITIO WEB CANTICU\u00c9NTICOS<\/div><\/a><\/div>\n<div class=\"container-newsbutton\"><a class=\"cdab-newsbuttonlink\" href=\"https:\/\/www.youtube.com\/user\/CanticuenticosVideo\" target=\"_blank\" rel=\"noopener noreferrer\"><div class=\"cdab-youtube-newsbutton\">CANTICU\u00c9NTICOS<\/div><\/a><a class=\"cdab-newsbuttonlink\" href=\"https:\/\/open.spotify.com\/artist\/0Ochpv3RZ8qvqUcJFn2tMr?si=vDQO-J22Tf6-fiylzErFHw&#038;nd=1\" target=\"_blank\" rel=\"noopener noreferrer\" style=\"margin-left: 50px;\"><div class=\"cdab-spotify-newsbutton\">CANTICU\u00c9NTICOS<\/div><\/a><a class=\"cdab-newsbuttonlink\" href=\"https:\/\/www.facebook.com\/canticuenticos\" target=\"_blank\" rel=\"noopener noreferrer\" style=\"margin-left: 50px;\"><div class=\"cdab-facebook-newsbutton\">CANTICU\u00c9NTICOS<\/div><\/a><\/div>\n<hr style=\"margin-bottom: 25px;\"\/>\n<p><img decoding=\"async\" class=\"publicacion-tapa\" src=\"http:\/\/www.arte.unicen.edu.ar\/cdab\/wp-content\/uploads\/2021\/04\/csvv-memoria2021-banner.jpg\" border=\"0\" alt=\"24 de marzo | D\u00eda Nacional de la Memoria por la Verdad y la Justicia\" title=\"24 de marzo | D\u00eda Nacional de la Memoria por la Verdad y la Justicia\" \/><\/p>\n<p style=\"margin-bottom: 20px;\">Este 24 de marzo se cumplieron 45 a\u00f1os del \u00faltimo Golpe de Estado y conmemoramos el <strong>D\u00eda Nacional de la Memoria por la Verdad y la Justicia<\/strong> en homenaje a las v\u00edctimas de la dictadura c\u00edvico militar m\u00e1s cruenta de la historia argentina. Desde <strong>Cuidado social. V\u00ednculo virtual<\/strong> compartimos una selecci\u00f3n de contenidos para continuar reflexionando a fin de mantener viva la <strong>memoria<\/strong> y buscar la <strong>verdad<\/strong> para alcanzar la <strong>justicia<\/strong>.<\/p><h3>Colecci\u00f3n &#8220;Las abuelas nos cuentan&#8221;<\/h3>\n<p style=\"margin-bottom: 40px;\">La siguiente colecci\u00f3n de literatura infantil es presentada por el <a href=\"http:\/\/conti.derhuman.jus.gov.ar\" target=\"_blank\" rel=\"noopener noreferrer\">Centro Cultural de la Memoria Haroldo Conti<\/a> y fue dise\u00f1ada por la <a href=\"https:\/\/www.abuelas.org.ar\" target=\"_blank\" rel=\"noopener noreferrer\">Asociaci\u00f3n Abuelas de Plaza de Mayo<\/a> y el Plan Nacional de Lectura en 2006. Re\u00fane cuentos seleccionados por las Abuelas e ilustrados por M\u00f3nica Pironio; entre ellos <em>Un elefante ocupa mucho espacio<\/em> y <em>La planta de Bartolo<\/em> que <strong>fueron prohibidos por la \u00faltima dictadura c\u00edvico-militar<\/strong>. La colecci\u00f3n fue distribuida en escuelas primarias de todo el pa\u00eds.<\/p>\n<p><img decoding=\"async\" class=\"cdab-tapa-instidentpoet-index publicacion-tapa\" title=\"El esqueleto de la biblioteca\" src=\"http:\/\/www.arte.unicen.edu.ar\/cdab\/wp-content\/uploads\/2021\/03\/esqueletobiblioteca-tapa.jpg\" alt=\"El esqueleto de la biblioteca\" style=\"width: 220px; height: 302px; float: right; border: 10px solid #fff; box-shadow: 0 0 5px rgba(0, 0, 0, 0.1); -webkit-box-shadow: 0 0 5px rgba(0, 0, 0, 0.1); -moz-box-shadow: 0 0 5px rgba(0, 0, 0, 0.1); display: block; margin: 0px 0px 22px 22px;\"\/><\/p><h3>El esqueleto de la biblioteca (1994)<\/h3><p><strong>Silvia Sehujer<br \/>2013. 12 p\u00e1ginas. Ministerio de Educaci\u00f3n de la Naci\u00f3n, Abuelas de Plaza de Mayo<\/strong><\/p><p>Entre mapas antiguos, frascos de formol y retratos de pr\u00f3ceres, la biblioteca de una escuela es habitada sigilosamente por un esqueleto. Nadie sabe que \u00e9l escucha las historias que la se\u00f1orita Ofelia lee a su clase, que se asusta con los cuentos de terror, se r\u00ede en voz baja con los relatos c\u00f3micos o se emociona con las historias de amor. El \u00fanico que sabe su secreto es Jaime, el alumno m\u00e1s revoltoso del aula, que un d\u00eda decide hacer una gran travesura.<\/p>\n<div class=\"container-newsbutton\">\n<a class=\"cdab-newsbuttonlink\" href=\"http:\/\/conti.derhuman.jus.gov.ar\/2020\/10\/b\/09-el-esqueleto-de-la-biblioteca.pdf\" target=\"_blank\" rel=\"noopener noreferrer\"><div class=\"cdab-pdf-newsbutton\">DESCARGAR E-BOOK<\/div><\/a>\n<\/div>\n<hr style=\"margin-bottom: 25px;\"\/>\n<p><img decoding=\"async\" class=\"cdab-tapa-instidentpoet-index publicacion-tapa\" title=\"Los cuatro incre\u00edbles (1996)\" src=\"http:\/\/www.arte.unicen.edu.ar\/cdab\/wp-content\/uploads\/2021\/03\/4increibles-tapa.jpg\" alt=\"Los cuatro incre\u00edbles (1996)\" style=\"width: 220px; height: 302px; float: right; border: 10px solid #fff; box-shadow: 0 0 5px rgba(0, 0, 0, 0.1); -webkit-box-shadow: 0 0 5px rgba(0, 0, 0, 0.1); -moz-box-shadow: 0 0 5px rgba(0, 0, 0, 0.1); display: block; margin: 0px 0px 22px 22px;\"\/><\/p><h3>Los cuatro incre\u00edbles (1996)<\/h3><p><strong>Ricardo Mari\u00f1o<br \/>2007. 12 p\u00e1ginas. Ministerio de Educaci\u00f3n de la Naci\u00f3n, Abuelas de Plaza de Mayo<\/strong><\/p><p>Hace mucho tiempo y en un lugar lejano, un rey cay\u00f3 enfermo. Los m\u00e9dicos le dijeron que lo \u00fanico podr\u00eda salvarlo era beber agua de la Gran Cascada. Pero esa cascada estaba muy lejos del reino; para llegar a ella hab\u00eda que caminar muchos d\u00edas atravesando las monta\u00f1as por senderos inaccesibles para los caballos y las mulas. S\u00f3lo un corredor superdotado podr\u00eda llegar en el tiempo requerido. El Rey dio a conocer un bando con el que mandaba a llamar a los hombres m\u00e1s r\u00e1pidos de la comarca. Quien realizara la haza\u00f1a en el menor tiempo recibir\u00eda una valiosa recompensa.<\/p>\n<div class=\"container-newsbutton\">\n<a class=\"cdab-newsbuttonlink\" href=\"http:\/\/conti.derhuman.jus.gov.ar\/2020\/10\/b\/08-los-4-increibles.pdf\" target=\"_blank\" rel=\"noopener noreferrer\"><div class=\"cdab-pdf-newsbutton\">DESCARGAR E-BOOK<\/div><\/a>\n<\/div>\n<hr style=\"margin-bottom: 25px;\"\/>\n<p><img decoding=\"async\" class=\"cdab-tapa-instidentpoet-index publicacion-tapa\" title=\"El vuelo del sapo (2005)\" src=\"http:\/\/www.arte.unicen.edu.ar\/cdab\/wp-content\/uploads\/2021\/03\/vuelosapo-tapa.jpg\" alt=\"El vuelo del sapo (2005)\" style=\"width: 220px; height: 302px; float: right; border: 10px solid #fff; box-shadow: 0 0 5px rgba(0, 0, 0, 0.1); -webkit-box-shadow: 0 0 5px rgba(0, 0, 0, 0.1); -moz-box-shadow: 0 0 5px rgba(0, 0, 0, 0.1); display: block; margin: 0px 0px 22px 22px;\"\/><\/p><h3>El vuelo del sapo (2005)<\/h3><p><strong>Gustavo Rold\u00e1n<br \/>2013. 12 p\u00e1ginas. Ministerio de Educaci\u00f3n de la Naci\u00f3n, Abuelas de Plaza de Mayo<\/strong><\/p><p>El sapo les asegura a todos los dem\u00e1s animales del monte que \u00e9l sabe volar. Algunos le creen, como el piojo o la pulga. Pero la lechuza y la vizcacha se ponen en contra de ellos. Sin embargo, mientras descubrimos si dice la verdad, nos contar\u00e1 muchas historias maravillosas, dejando volar su imaginaci\u00f3n y la de todos los lectores que se deleitar\u00e1n con ellas.<\/p>\n<div class=\"container-newsbutton\">\n<a class=\"cdab-newsbuttonlink\" href=\"http:\/\/conti.derhuman.jus.gov.ar\/2020\/10\/b\/07-el-vuelo-del-sapo.pdf\" target=\"_blank\" rel=\"noopener noreferrer\"><div class=\"cdab-pdf-newsbutton\">DESCARGAR E-BOOK<\/div><\/a>\n<\/div>\n<hr style=\"margin-bottom: 25px;\"\/>\n<p><img decoding=\"async\" class=\"cdab-tapa-instidentpoet-index publicacion-tapa\" title=\"Leyenda del oto\u00f1o y el loro (2001)\" src=\"http:\/\/www.arte.unicen.edu.ar\/cdab\/wp-content\/uploads\/2021\/03\/otonioloro-tapa.jpg\" alt=\"Leyenda del oto\u00f1o y el loro (2001)\" style=\"width: 220px; height: 302px; float: right; border: 10px solid #fff; box-shadow: 0 0 5px rgba(0, 0, 0, 0.1); -webkit-box-shadow: 0 0 5px rgba(0, 0, 0, 0.1); -moz-box-shadow: 0 0 5px rgba(0, 0, 0, 0.1); display: block; margin: 0px 0px 22px 22px;\"\/><\/p><h3>Leyenda del oto\u00f1o y el loro (2001)<\/h3><p><strong>Graciela Rep\u00fan<br \/>2013. 12 p\u00e1ginas. Ministerio de Educaci\u00f3n de la Naci\u00f3n, Abuelas de Plaza de Mayo<\/strong><\/p><p>En una tribu de Tierra del Fuego viv\u00eda Kamshout, un joven muy parlanch\u00edn; hablaba tanto que cuando no ten\u00eda nada que decir repet\u00eda la \u00faltima palabra que hubiera escuchado.<\/p><p>\nLos habitantes del pueblo estaban hartos de tanta ch\u00e1chara, as\u00ed que un d\u00eda Kamshout decidi\u00f3 partir hacia tierras lejanas en busca de aventuras y nuevas historias para contar. Mucho tiempo despu\u00e9s volvi\u00f3 a la tribu con un descubrimiento que dej\u00f3 a todos con la boca abierta.<\/p>\n<div class=\"container-newsbutton\">\n<a class=\"cdab-newsbuttonlink\" href=\"http:\/\/conti.derhuman.jus.gov.ar\/2020\/10\/b\/06-leyenda-del-otono-y-el-lobo.pdf\" target=\"_blank\" rel=\"noopener noreferrer\"><div class=\"cdab-pdf-newsbutton\">DESCARGAR E-BOOK<\/div><\/a>\n<\/div>\n<hr style=\"margin-bottom: 25px;\"\/>\n<p><img decoding=\"async\" class=\"cdab-tapa-instidentpoet-index publicacion-tapa\" title=\"El reglamento es el reglamento (2002)\" src=\"http:\/\/www.arte.unicen.edu.ar\/cdab\/wp-content\/uploads\/2021\/03\/reglamentoreglamento-tapa.jpg\" alt=\"El reglamento es el reglamento (2002)\" style=\"width: 220px; height: 302px; float: right; border: 10px solid #fff; box-shadow: 0 0 5px rgba(0, 0, 0, 0.1); -webkit-box-shadow: 0 0 5px rgba(0, 0, 0, 0.1); -moz-box-shadow: 0 0 5px rgba(0, 0, 0, 0.1); display: block; margin: 0px 0px 22px 22px;\"\/><\/p><h3>El reglamento es el reglamento (2002)<\/h3><p><strong>Adela Basch<br \/>2013. 12 p\u00e1ginas. Ministerio de Educaci\u00f3n de la Naci\u00f3n, Abuelas de Plaza de Mayo<\/strong><\/p><p>La protagonista de esta divertida e ingeniosa obra de teatro, una se\u00f1ora que va a hacer las compras, se resiste a cumplir un absurdo reglamento que le exige mostrar la cartera al salir del supermercado.<\/p>\n<div class=\"container-newsbutton\">\n<a class=\"cdab-newsbuttonlink\" href=\"http:\/\/conti.derhuman.jus.gov.ar\/2020\/10\/b\/05-el-reglamento-es-el-reglamento.pdf\" target=\"_blank\" rel=\"noopener noreferrer\"><div class=\"cdab-pdf-newsbutton\">DESCARGAR E-BOOK<\/div><\/a>\n<\/div>\n<hr style=\"margin-bottom: 25px;\"\/>\n<p><img decoding=\"async\" class=\"cdab-tapa-instidentpoet-index publicacion-tapa\" title=\"Cuentos para los m\u00e1s chicos (1993\/1998)\" src=\"http:\/\/www.arte.unicen.edu.ar\/cdab\/wp-content\/uploads\/2021\/03\/cuentosmaschicos-tapa.jpg\" alt=\"Cuentos para los m\u00e1s chicos (1993\/1998)\" style=\"width: 220px; height: 302px; float: right; border: 10px solid #fff; box-shadow: 0 0 5px rgba(0, 0, 0, 0.1); -webkit-box-shadow: 0 0 5px rgba(0, 0, 0, 0.1); -moz-box-shadow: 0 0 5px rgba(0, 0, 0, 0.1); display: block; margin: 0px 0px 22px 22px;\"\/><\/p><h3>Cuentos para los m\u00e1s chicos (1993\/1998)<\/h3><p><strong>Oche Califa, Margarita Eggers Lan<br \/>2007. 12 p\u00e1ginas. Ministerio de Educaci\u00f3n de la Naci\u00f3n, Abuelas de Plaza de Mayo<\/strong><\/p><p>Hab\u00eda una vez una casa enorme. Tan grande era, que para abrir la puerta hab\u00eda que subirse a una escalera. Adentro de la casa viv\u00edan dos gatos chiquititos, uno negro y uno blanco. La gata blanca se llamaba Luna. El gato negro se llamaba Noche. Luna no pod\u00eda vivir sin Noche. Noche no pod\u00eda vivir sin Luna.<\/p><p>Sobre los dos gatos viv\u00edan tres pulgas: Lucrecia, Damasia y Amaranta. Todos los d\u00edas, las pulgas jugaban carreras de saltos entre las cabezas de Noche y de Luna.<\/p>\n<div class=\"container-newsbutton\">\n<a class=\"cdab-newsbuttonlink\" href=\"http:\/\/conti.derhuman.jus.gov.ar\/2020\/10\/b\/04-cuentos-para-los-mas-chicos.pdf\" target=\"_blank\" rel=\"noopener noreferrer\"><div class=\"cdab-pdf-newsbutton\">DESCARGAR E-BOOK<\/div><\/a>\n<\/div>\n<hr style=\"margin-bottom: 25px;\"\/>\n<p><img decoding=\"async\" class=\"cdab-tapa-instidentpoet-index publicacion-tapa\" title=\"La planta de Bartolo (1966)\" src=\"http:\/\/www.arte.unicen.edu.ar\/cdab\/wp-content\/uploads\/2021\/03\/plantabartolo-tapa.jpg\" alt=\"La planta de Bartolo (1966)\" style=\"width: 220px; height: 302px; float: right; border: 10px solid #fff; box-shadow: 0 0 5px rgba(0, 0, 0, 0.1); -webkit-box-shadow: 0 0 5px rgba(0, 0, 0, 0.1); -moz-box-shadow: 0 0 5px rgba(0, 0, 0, 0.1); display: block; margin: 0px 0px 22px 22px;\"\/><\/p><h3>La planta de Bartolo (1966)<\/h3><p><strong>Laura Devetach<br \/>2013. 12 p\u00e1ginas. Ministerio de Educaci\u00f3n de la Naci\u00f3n, Abuelas de Plaza de Mayo<\/strong><\/p><p>El buen Bartolo sembr\u00f3 un d\u00eda un hermoso cuaderno en un macet\u00f3n. Lo reg\u00f3, lo puso al calor del sol, y cuando menos lo esperaba, \u00a1tr\u00e1cate!, brot\u00f3 una planta tiernita con hojas de todos colores. Pronto la plantita comenz\u00f3 a dar cuadernos. Eran cuadernos hermos\u00edsimos, como esos que les gustan a los chicos. De tapas duras con muchas hojas muy blancas que invitaban a hacer sumas y restas y dibujitos. Bartolo palmote\u00f3 siete veces de contento y dijo: -\u00a1Ahora todos los chicos tendr\u00e1n cuadernos!.<\/p>\n<div class=\"container-newsbutton\">\n<a class=\"cdab-newsbuttonlink\" href=\"http:\/\/conti.derhuman.jus.gov.ar\/2020\/10\/b\/03-la-planta-de-bartolo.pdf\" target=\"_blank\" rel=\"noopener noreferrer\"><div class=\"cdab-pdf-newsbutton\">DESCARGAR E-BOOK<\/div><\/a>\n<\/div>\n<hr style=\"margin-bottom: 25px;\"\/>\n<p><img decoding=\"async\" class=\"cdab-tapa-instidentpoet-index publicacion-tapa\" title=\"Un elefante ocupa mucho espacio (1975)\" src=\"http:\/\/www.arte.unicen.edu.ar\/cdab\/wp-content\/uploads\/2021\/03\/elefanteespacio-tapa.jpg\" alt=\"Un elefante ocupa mucho espacio (1975)\" style=\"width: 220px; height: 302px; float: right; border: 10px solid #fff; box-shadow: 0 0 5px rgba(0, 0, 0, 0.1); -webkit-box-shadow: 0 0 5px rgba(0, 0, 0, 0.1); -moz-box-shadow: 0 0 5px rgba(0, 0, 0, 0.1); display: block; margin: 0px 0px 22px 22px;\"\/><\/p><h3>Un elefante ocupa mucho espacio (1975)<\/h3><p><strong>Elsa Bornemann<br \/>2013. 12 p\u00e1ginas. Ministerio de Educaci\u00f3n de la Naci\u00f3n, Abuelas de Plaza de Mayo<\/strong><\/p><p>Que un elefante ocupa mucho espacio lo sabemos todos. Pero que V\u00edctor, un elefante de circo, se decidi\u00f3 una vez a pensar &#8220;en elefante&#8221;, esto es, a tener una idea tan enorme como su cuerpo&#8230; ah&#8230; eso algunos no lo saben, y por eso lo cuento&#8230;<\/p>\n<div class=\"container-newsbutton\">\n<a class=\"cdab-newsbuttonlink\" href=\"http:\/\/conti.derhuman.jus.gov.ar\/2020\/10\/b\/02-un-elefante-ocupa-mucho-espacio.pdf\" target=\"_blank\" rel=\"noopener noreferrer\"><div class=\"cdab-pdf-newsbutton\">DESCARGAR E-BOOK<\/div><\/a>\n<\/div>\n<\/div><\/div>\n<\/div>","protected":false},"excerpt":{"rendered":"<p>Su navegador no soporta video en HTML5. edici\u00f3n 2021 | #21 Haga click para ver el contenido&#8230; Novedades Libros Revistas acad\u00e9micas Teatro Audiovisual Formaci\u00f3n Investigaci\u00f3n y posgrado De nuestrxs graduadxs Links &#038; convocatorias Podcast Para nuestrxs ni\u00f1xs Una iniciativa de la Secretar\u00eda de Investigaci\u00f3n y Posgrado para seguir form\u00e1ndonos y reflexionando sobre el arte sin dejar de cuidarnos ante la [&hellip;]<\/p>\n","protected":false},"author":1,"featured_media":18813,"comment_status":"closed","ping_status":"closed","sticky":false,"template":"","format":"standard","meta":{"_acf_changed":false,"footnotes":""},"categories":[2497],"tags":[],"class_list":["post-17725","post","type-post","status-publish","format-standard","has-post-thumbnail","hentry","category-newsletter"],"acf":[],"_links":{"self":[{"href":"https:\/\/www.arte.unicen.edu.ar\/cdab\/wp-json\/wp\/v2\/posts\/17725","targetHints":{"allow":["GET"]}}],"collection":[{"href":"https:\/\/www.arte.unicen.edu.ar\/cdab\/wp-json\/wp\/v2\/posts"}],"about":[{"href":"https:\/\/www.arte.unicen.edu.ar\/cdab\/wp-json\/wp\/v2\/types\/post"}],"author":[{"embeddable":true,"href":"https:\/\/www.arte.unicen.edu.ar\/cdab\/wp-json\/wp\/v2\/users\/1"}],"replies":[{"embeddable":true,"href":"https:\/\/www.arte.unicen.edu.ar\/cdab\/wp-json\/wp\/v2\/comments?post=17725"}],"version-history":[{"count":2,"href":"https:\/\/www.arte.unicen.edu.ar\/cdab\/wp-json\/wp\/v2\/posts\/17725\/revisions"}],"predecessor-version":[{"id":19403,"href":"https:\/\/www.arte.unicen.edu.ar\/cdab\/wp-json\/wp\/v2\/posts\/17725\/revisions\/19403"}],"wp:featuredmedia":[{"embeddable":true,"href":"https:\/\/www.arte.unicen.edu.ar\/cdab\/wp-json\/wp\/v2\/media\/18813"}],"wp:attachment":[{"href":"https:\/\/www.arte.unicen.edu.ar\/cdab\/wp-json\/wp\/v2\/media?parent=17725"}],"wp:term":[{"taxonomy":"category","embeddable":true,"href":"https:\/\/www.arte.unicen.edu.ar\/cdab\/wp-json\/wp\/v2\/categories?post=17725"},{"taxonomy":"post_tag","embeddable":true,"href":"https:\/\/www.arte.unicen.edu.ar\/cdab\/wp-json\/wp\/v2\/tags?post=17725"}],"curies":[{"name":"wp","href":"https:\/\/api.w.org\/{rel}","templated":true}]}}