{"id":17678,"date":"2021-03-03T09:45:35","date_gmt":"2021-03-03T12:45:35","guid":{"rendered":"http:\/\/www.arte.unicen.edu.ar\/cdab\/?p=17678"},"modified":"2022-04-28T23:49:31","modified_gmt":"2022-04-29T02:49:31","slug":"cdab-aperturas-limitadas-prestamo-y-devolucion","status":"publish","type":"post","link":"https:\/\/www.arte.unicen.edu.ar\/cdab\/cdab-aperturas-limitadas-prestamo-y-devolucion\/","title":{"rendered":"El CDAB realizar\u00e1 aperturas limitadas para pr\u00e9stamo y devoluci\u00f3n de materiales bibliogr\u00e1ficos y\/o audiovisuales"},"content":{"rendered":"\n<div class=\"cdab-alerta-atencion\" style=\"overflow: auto;\"><i class=\"fa fa-exclamation-triangle\" aria-hidden=\"true\" style=\"padding-right: 15px;\"><\/i><strong>ACTUALIZACI\u00d3N 16.04.2021<\/strong> | En virtud de <a rel=\"noreferrer noopener\" href=\"http:\/\/www.arte.unicen.edu.ar\/decisiones-institucionales:-covid-19\" target=\"_blank\">lo resuelto por la Facultad de Arte<\/a> y la <a rel=\"noreferrer noopener\" href=\"https:\/\/www.unicen.edu.ar\/sites\/default\/files\/RR023421_0.pdf\" target=\"_blank\">UNICEN<\/a> ante el aumento de casos de coronavirus (COVID-19) y las disposiciones provinciales y nacionales que recomiendan la reducci\u00f3n de presencialidad\/circulaci\u00f3n de personas, el <strong>CDAB<\/strong> <strong style=\"color: rgb(187, 0, 0);\">suspende la atenci\u00f3n al p\u00fablico temporalmente<\/strong>. <a href=\"http:\/\/www.arte.unicen.edu.ar\/cdab\/cdab-actividades-2021\/\" target=\"_blank\" rel=\"noreferrer noopener\" aria-label=\"[ M\u00e1s informaci\u00f3n ] (abre en una nueva pesta\u00f1a)\">[ M\u00e1s informaci\u00f3n ]<\/a><\/div>\n\n\n\n<p>En virtud de la situaci\u00f3n epidemiol\u00f3gica que atravesamos desde marzo de 2020 y en concordancia con lo dispuesto por la <a rel=\"noreferrer noopener\" aria-label=\"resoluci\u00f3n n\u00b0 142\/20 (abre en una nueva pesta\u00f1a)\" href=\"http:\/\/www.arte.unicen.edu.ar\/wp-content\/uploads\/2020\/03\/142-Protocolo-Facultad-de-Arte-1.pdf\" target=\"_blank\">resoluci\u00f3n n\u00b0 142\/20<\/a> aprobada por el Consejo Acad\u00e9mico de la <a rel=\"noreferrer noopener\" aria-label=\"Facultad de Arte (abre en una nueva pesta\u00f1a)\" href=\"http:\/\/www.arte.unicen.edu.ar\" target=\"_blank\">Facultad de Arte<\/a>, las <a rel=\"noreferrer noopener\" aria-label=\"Pautas para la devoluci\u00f3n y pr\u00e9stamo de libros en las bibliotecas del Sistema de Bibliotecas UNICEN (abre en una nueva pesta\u00f1a)\" href=\"http:\/\/www.arte.unicen.edu.ar\/cdab\/wp-content\/uploads\/2021\/03\/pautas-bcu.pdf\" target=\"_blank\">Pautas para la devoluci\u00f3n y pr\u00e9stamo de libros en las bibliotecas del Sistema de Bibliotecas UNICEN<\/a> y lo resuelto por el Comit\u00e9 de Emergencia de la <a rel=\"noreferrer noopener\" aria-label=\"Universidad Nacional del Centro de la Provincia de Buenos Aires (abre en una nueva pesta\u00f1a)\" href=\"http:\/\/www.unicen.edu.ar\" target=\"_blank\">Universidad Nacional del Centro de la Provincia de Buenos Aires<\/a> en relaci\u00f3n al <a rel=\"noreferrer noopener\" aria-label=\"inicio de actividades acad\u00e9micas y administrativas (abre en una nueva pesta\u00f1a)\" href=\"https:\/\/www.unicen.edu.ar\/content\/pautas-para-inicio-de-actividades-acad%C3%A9micas-y-administrativas\" target=\"_blank\">inicio de actividades acad\u00e9micas y administrativas<\/a>, desde la semana pr\u00f3xima el <strong>Centro de Documentaci\u00f3n Audiovisual y Biblioteca (CDAB)<\/strong> realizar\u00e1 <strong style=\"color: #855691;\">aperturas limitadas<\/strong> para <strong style=\"color: #855691;\">efectuar pr\u00e9stamos y recibir devoluciones de materiales bibliogr\u00e1ficos y\/o audiovisuales<\/strong>.<\/p>\n\n\n\n<ul class=\"wp-block-list\"><li>A efectos de normalizar paulatinamente el acceso a nuestros servicios, conforme las condiciones sanitarias y epidemiol\u00f3gicas lo permitan, <strong style=\"color: #855691;\">desde el 9 de marzo el CDAB retomar\u00e1 la atenci\u00f3n presencial al p\u00fablico bajo protocolos y pautas<\/strong> aprobadas por el Consejo Acad\u00e9mico de la <a rel=\"noreferrer noopener\" aria-label=\"Facultad de Arte (abre en una nueva pesta\u00f1a)\" href=\"http:\/\/www.arte.unicen.edu.ar\" target=\"_blank\">Facultad de Arte<\/a>.<\/li><li><strong style=\"color: #855691;\">Esta primera etapa iniciar\u00e1 con una \u00fanica apertura semanal, los d\u00edas martes de 10.30 a 13.30 hs. Para acceder es requisito previo solicitar un turno<\/strong> a trav\u00e9s de <strong style=\"color: #855691;\"><a rel=\"noreferrer noopener\" href=\"http:\/\/www.arte.unicen.edu.ar\/cdab\/turnos\" target=\"_blank\">www.arte.unicen.edu.ar\/cdab\/turnos<\/a><\/strong> y que \u00e9ste <strong style=\"color: #855691;\">sea confirmado<\/strong> por el personal del <strong>CDAB<\/strong>.<\/li><li><strong style=\"color: #855691;\">S\u00f3lo se podr\u00e1n retirar hasta 4 (cuatro) materiales de forma simult\u00e1nea<\/strong> de las siguientes categor\u00edas: <strong>libros<\/strong>,<strong> audiovisual<\/strong> y\/o <strong>documentos de investigaci\u00f3n <\/strong>(tesinas\/tesis de grado y posgrado). <strong style=\"color: #855691;\">Las renovaciones se efectuar\u00e1n <em>online<\/em> \u00fanicamente mediante el siguiente formulario:<\/strong> <a rel=\"noreferrer noopener\" aria-label=\"www.arte.unicen.edu.ar\/cdab\/renovaciones (abre en una nueva pesta\u00f1a)\" href=\"http:\/\/www.arte.unicen.edu.ar\/cdab\/renovaciones\" target=\"_blank\">www.arte.unicen.edu.ar\/cdab\/renovaciones<\/a><\/li><\/ul>\n\n\n\n<p>Adem\u00e1s, tal como ocurre habitualmente, continuaremos respondiendo consultas por nuestros canales de contacto virtuales: <a href=\"mailto:cdab@arte.unicen.edu.ar\">cdab@arte.unicen.edu.ar<\/a> y <a rel=\"noreferrer noopener\" aria-label=\"www.arte.unicen.edu.ar\/cdab\/contacto (abre en una nueva pesta\u00f1a)\" href=\"http:\/\/www.arte.unicen.edu.ar\/cdab\/contacto\" target=\"_blank\">www.arte.unicen.edu.ar\/cdab\/contacto<\/a>.<\/p>\n\n\n\n<p>Para m\u00e1s informaci\u00f3n acerca de la atenci\u00f3n presencial en contexto de distanciamiento social, preventivo y obligatorio (DISPO), invitamos a leer las <a href=\"http:\/\/www.arte.unicen.edu.ar\/cdab\/wp-content\/uploads\/2021\/08\/consideraciones-apertura-limitada-cdab.pdf\" target=\"_blank\" rel=\"noreferrer noopener\" aria-label=\" (abre en una nueva pesta\u00f1a)\">Consideraciones para apertura limitada, pr\u00e9stamo y devoluci\u00f3n de materiales del Centro de Documentaci\u00f3n Audiovisual y Biblioteca (CDAB)<\/a> disponibles en la secci\u00f3n <a rel=\"noreferrer noopener\" aria-label=\"Reglamento y resoluciones (abre en una nueva pesta\u00f1a)\" href=\"http:\/\/www.arte.unicen.edu.ar\/cdab\/institucional\/reglamento\/\" target=\"_blank\">Reglamento y resoluciones<\/a>.<\/p>\n\n\n\n<table style=\"margin: 10px auto 15px; text-align: center; border-collapse: collapse; border-spacing: 0;\"><tbody><tr><td><a href=\"http:\/\/www.arte.unicen.edu.ar\/cdab\/wp-content\/uploads\/2021\/03\/cdab-apertura-limitada-flyer.png\" data-fancybox=\"gallery\" data-caption=\"El CDAB realizar\u00e1 aperturas limitadas para pr\u00e9stamo y devoluci\u00f3n de materiales bibliogr\u00e1ficos y\/o audiovisuales\"><img loading=\"lazy\" decoding=\"async\" class=\"aligncenter size-medium wp-image-2866\" src=\"http:\/\/www.arte.unicen.edu.ar\/cdab\/wp-content\/uploads\/2021\/03\/cdab-apertura-limitada-flyer-424x600.png\" alt=\"\" width=\"424\" height=\"600\"\/><\/a><\/td><\/tr><\/tbody><\/table>\n<div class=\"container-newsbutton\"><a class=\"cdab-newsbuttonlink\" href=\"http:\/\/www.arte.unicen.edu.ar\/cdab\/wp-content\/uploads\/2021\/08\/consideraciones-apertura-limitada-cdab.pdf\" target=\"_blank\" rel=\"noopener noreferrer\"><div class=\"cdab-pdf-newsbutton\">Consideraciones para apertura limitada del CDAB<\/div><\/a><\/div>\n","protected":false},"excerpt":{"rendered":"<p>ACTUALIZACI\u00d3N 16.04.2021 | En virtud de lo resuelto por la Facultad de Arte y la UNICEN ante el aumento de casos de coronavirus (COVID-19) y las disposiciones provinciales y nacionales que recomiendan la reducci\u00f3n de presencialidad\/circulaci\u00f3n de personas, el CDAB suspende la atenci\u00f3n al p\u00fablico temporalmente. [ M\u00e1s informaci\u00f3n ] En virtud de la situaci\u00f3n epidemiol\u00f3gica que atravesamos desde marzo [&hellip;]<\/p>\n","protected":false},"author":1,"featured_media":18212,"comment_status":"open","ping_status":"open","sticky":false,"template":"","format":"standard","meta":{"_acf_changed":false,"footnotes":""},"categories":[1],"tags":[214,215,288,294],"class_list":["post-17678","post","type-post","status-publish","format-standard","has-post-thumbnail","hentry","category-novedades","tag-cdab","tag-facultad-de-arte","tag-secretaria-de-investigacion-y-posgrado","tag-unicen"],"acf":[],"_links":{"self":[{"href":"https:\/\/www.arte.unicen.edu.ar\/cdab\/wp-json\/wp\/v2\/posts\/17678","targetHints":{"allow":["GET"]}}],"collection":[{"href":"https:\/\/www.arte.unicen.edu.ar\/cdab\/wp-json\/wp\/v2\/posts"}],"about":[{"href":"https:\/\/www.arte.unicen.edu.ar\/cdab\/wp-json\/wp\/v2\/types\/post"}],"author":[{"embeddable":true,"href":"https:\/\/www.arte.unicen.edu.ar\/cdab\/wp-json\/wp\/v2\/users\/1"}],"replies":[{"embeddable":true,"href":"https:\/\/www.arte.unicen.edu.ar\/cdab\/wp-json\/wp\/v2\/comments?post=17678"}],"version-history":[{"count":2,"href":"https:\/\/www.arte.unicen.edu.ar\/cdab\/wp-json\/wp\/v2\/posts\/17678\/revisions"}],"predecessor-version":[{"id":23682,"href":"https:\/\/www.arte.unicen.edu.ar\/cdab\/wp-json\/wp\/v2\/posts\/17678\/revisions\/23682"}],"wp:featuredmedia":[{"embeddable":true,"href":"https:\/\/www.arte.unicen.edu.ar\/cdab\/wp-json\/wp\/v2\/media\/18212"}],"wp:attachment":[{"href":"https:\/\/www.arte.unicen.edu.ar\/cdab\/wp-json\/wp\/v2\/media?parent=17678"}],"wp:term":[{"taxonomy":"category","embeddable":true,"href":"https:\/\/www.arte.unicen.edu.ar\/cdab\/wp-json\/wp\/v2\/categories?post=17678"},{"taxonomy":"post_tag","embeddable":true,"href":"https:\/\/www.arte.unicen.edu.ar\/cdab\/wp-json\/wp\/v2\/tags?post=17678"}],"curies":[{"name":"wp","href":"https:\/\/api.w.org\/{rel}","templated":true}]}}