{"id":17190,"date":"2021-03-02T11:00:51","date_gmt":"2021-03-02T14:00:51","guid":{"rendered":"http:\/\/www.arte.unicen.edu.ar\/cdab\/?p=17190"},"modified":"2021-03-21T16:21:19","modified_gmt":"2021-03-21T19:21:19","slug":"csvv-se-renueva-vigesima-edicion","status":"publish","type":"post","link":"https:\/\/www.arte.unicen.edu.ar\/cdab\/csvv-se-renueva-vigesima-edicion\/","title":{"rendered":"Cuidado social. V\u00ednculo virtual se renueva para el estreno de su vig\u00e9sima edici\u00f3n"},"content":{"rendered":"\n<p>La situaci\u00f3n epidemiol\u00f3gica que afrontamos desde marzo de 2020 en relaci\u00f3n a la pandemia COVID-19 se convirti\u00f3, sin dudas, en un desaf\u00edo que llev\u00f3 a repensar y potenciar los nexos virtuales para seguir juntxs a la distancia. De esta manera pudimos acceder a una diversidad de propuestas, charlas, encuentros y contenidos que nos permitieron ampliar, diversificar y profundizar las reflexiones en torno a las disciplinas art\u00edsticas. <\/p>\n\n\n\n<p>En dicho contexto, la&nbsp;<a rel=\"noreferrer noopener\" href=\"http:\/\/www.arte.unicen.edu.ar\/secretarias\/investigacion-posgrado\/\" target=\"_blank\">Secretar\u00eda de Investigaci\u00f3n y Posgrado<\/a>&nbsp;de la <a rel=\"noreferrer noopener\" aria-label=\"Facultad de Arte (abre en una nueva pesta\u00f1a)\" href=\"http:\/\/www.arte.unicen.edu.ar\" target=\"_blank\">Facultad de Arte<\/a> -junto a las \u00e1reas que dependen de ella:&nbsp;<a rel=\"noreferrer noopener\" href=\"http:\/\/www.arte.unicen.edu.ar\/artepublicaciones\" target=\"_blank\">Arte Publicaciones<\/a>, el&nbsp;<a rel=\"noreferrer noopener\" href=\"http:\/\/www.arte.unicen.edu.ar\/cdab\" target=\"_blank\">Centro de Documentaci\u00f3n Audiovisual y Biblioteca (CDAB)<\/a> y <a rel=\"noreferrer noopener\" aria-label=\"Formaci\u00f3n Continua (abre en una nueva pesta\u00f1a)\" href=\"http:\/\/www.arte.unicen.edu.ar\/formacion-continua\" target=\"_blank\">Formaci\u00f3n Continua<\/a>&#8211; present\u00f3 un espacio virtual de recursos acad\u00e9micos y culturales especialmente pensando para seguir acompa\u00f1\u00e1ndonos, leyendo, viendo e investigando desde casa:&nbsp;<a rel=\"noreferrer noopener\" href=\"http:\/\/www.arte.unicen.edu.ar\/cdab\/category\/newsletter\" target=\"_blank\">Cuidado social. V\u00ednculo virtual<\/a>. Este bolet\u00edn de recomendaciones ofreci\u00f3, a trav\u00e9s de sus <strong>19 ediciones<\/strong>, libros de descarga gratuita, links a revistas acad\u00e9micas y bibliotecas digitales, contenidos teatrales y audiovisuales, podcasts, convocatorias y links de inter\u00e9s, entre otras propuestas. Todos los n\u00fameros publicados hasta el momento se encuentran a disposici\u00f3n en&nbsp;<a rel=\"noreferrer noopener\" href=\"http:\/\/www.arte.unicen.edu.ar\/cdab\/category\/newsletter\" target=\"_blank\">www.arte.unicen.edu.ar\/cdab\/category\/newsletter<\/a><\/p>\n\n\n\n<p>La propuesta se fue convirtiendo en un espacio de referencia para fomentar el intercambio art\u00edstico-acad\u00e9mico entre todos los integrantes de nuestra comunidad educativa y <strong>en el d\u00eda de hoy presenta su vig\u00e9sima edici\u00f3n con un dise\u00f1o renovado.<\/strong> Mediante un panel lateral que permite visualizar las categor\u00edas disponibles y acceder a los contenidos de inter\u00e9s, la navegaci\u00f3n se vuelve m\u00e1s fluida y entrega una experiencia visual con una diagramaci\u00f3n mejor organizada.<\/p>\n\n\n\n<h3 style=\"margin-top: 45px;\">En este n\u00famero&#8230;<\/h3>\n\n\n\n<p>No te pierdas todos los detalles del estreno de <a rel=\"noreferrer noopener\" aria-label=\"artexver (abre en una nueva pesta\u00f1a)\" href=\"http:\/\/www.artexver.tv\" target=\"_blank\">artexver<\/a>, la plataforma de contenidos audiovisuales de la <a rel=\"noreferrer noopener\" aria-label=\"Facultad de Arte (abre en una nueva pesta\u00f1a)\" href=\"http:\/\/www.arte.unicen.edu.ar\" target=\"_blank\">Facultad de Arte<\/a>; la presentaci\u00f3n del libro <em>Tiempo transmutado: Nuevas investigaciones art\u00edsticas<\/em>, \u00faltimo volumen editado por <a rel=\"noreferrer noopener\" aria-label=\"Arte Publicaciones (abre en una nueva pesta\u00f1a)\" href=\"http:\/\/www.arte.unicen.edu.ar\/artepublicaciones\" target=\"_blank\">Arte Publicaciones<\/a>; el estreno de <strong>Ritos de paso<\/strong> en el <a rel=\"noreferrer noopener\" aria-label=\"MUMBAT (abre en una nueva pesta\u00f1a)\" href=\"http:\/\/www.mumbat.com\" target=\"_blank\">MUMBAT<\/a>; <em>e-books<\/em> especializados en teatro y escenograf\u00eda; links a revistas acad\u00e9micas de otras universidades nacionales y los nuevos n\u00fameros de <a rel=\"noreferrer noopener\" aria-label=\"AURA (abre en una nueva pesta\u00f1a)\" href=\"https:\/\/www.ojs.arte.unicen.edu.ar\/index.php\/aura\" target=\"_blank\">AURA<\/a>, <a rel=\"noreferrer noopener\" aria-label=\"Trayectoria (abre en una nueva pesta\u00f1a)\" href=\"https:\/\/www.ojs.arte.unicen.edu.ar\/index.php\/trayectoria\" target=\"_blank\">Trayectoria<\/a> y <a rel=\"noreferrer noopener\" aria-label=\"EscenaUno (abre en una nueva pesta\u00f1a)\" href=\"http:\/\/www.escenauno.org\" target=\"_blank\">EscenaUno<\/a> editados por investigadorxs de nuestra Unidad Acad\u00e9mica;&nbsp;obras teatrales completas estrenadas en el marco del concurso <em>Nuestro teatro<\/em> realizado por el Teatro Cervantes y nuevas entregas del radioteatro <strong>Licencia para imaginar. Teatro para escuchar<\/strong>; un especial dedicado al director de cine <strong>Fernando &#8220;Pino&#8221; Solanas<\/strong>; los registros audiovisuales de los encuentros llevados adelante por el \u00e1rea de <a rel=\"noreferrer noopener\" href=\"http:\/\/www.arte.unicen.edu.ar\/formacion-continua\" target=\"_blank\">Formaci\u00f3n Continua<\/a> y muchas recomendaciones m\u00e1s&#8230;<\/p>\n\n\n\n<div style=\"margin: 25px auto; text-align: center;\"><a href=\"http:\/\/www.arte.unicen.edu.ar\/cdab\/wp-content\/uploads\/2021\/03\/csvv-2021-disenio.png\" data-fancybox=\"gallery\" data-caption=\"Cuidado social. V\u00ednculo virtual se renueva para el estreno de su vig\u00e9sima edici\u00f3n\"><img decoding=\"async\" class=\"aligncenter size-medium wp-image-2866\" src=\"http:\/\/www.arte.unicen.edu.ar\/cdab\/wp-content\/uploads\/2021\/03\/csvv-2021-disenio-768x379.png\" alt=\"Cuidado social. V\u00ednculo virtual 2021\" title=\"Cuidado social. V\u00ednculo virtual 2021\"\/><\/a><span style=\"font-size: 12px;\"><em>Nuevo dise\u00f1o de <strong>Cuidado social. V\u00ednculo virtual<\/strong>.<\/em><\/span><\/div>\n\n\n\n<p style=\"font-size: 20px; color: #855691; text-align: center; padding: 15px 0px;\"><a href=\"http:\/\/www.arte.unicen.edu.ar\/cdab\/cuidado-social-vinculo-virtual-20\" target=\"_blank\" rel=\"noreferrer noopener\" aria-label=\"\u00a1Ingres\u00e1 ahora al vig\u00e9simo n\u00famero de Cuidado social. V\u00ednculo virtual!\" style=\"color: #855691!important;\">\u00a1Ingres\u00e1 ahora al vig\u00e9simo n\u00famero de Cuidado social. V\u00ednculo virtual!<\/a><\/p>\n","protected":false},"excerpt":{"rendered":"<p>La situaci\u00f3n epidemiol\u00f3gica que afrontamos desde marzo de 2020 en relaci\u00f3n a la pandemia COVID-19 se convirti\u00f3, sin dudas, en un desaf\u00edo que llev\u00f3 a repensar y potenciar los nexos virtuales para seguir juntxs a la distancia. De esta manera pudimos acceder a una diversidad de propuestas, charlas, encuentros y contenidos que nos permitieron ampliar, diversificar y profundizar las reflexiones [&hellip;]<\/p>\n","protected":false},"author":1,"featured_media":17649,"comment_status":"open","ping_status":"open","sticky":false,"template":"","format":"standard","meta":{"_acf_changed":false,"footnotes":""},"categories":[1],"tags":[292,214,2501,215,2554,288,294],"class_list":["post-17190","post","type-post","status-publish","format-standard","has-post-thumbnail","hentry","category-novedades","tag-arte-publicaciones","tag-cdab","tag-cuidado-social-vinculo-virtual","tag-facultad-de-arte","tag-formacion-continua","tag-secretaria-de-investigacion-y-posgrado","tag-unicen"],"acf":[],"_links":{"self":[{"href":"https:\/\/www.arte.unicen.edu.ar\/cdab\/wp-json\/wp\/v2\/posts\/17190","targetHints":{"allow":["GET"]}}],"collection":[{"href":"https:\/\/www.arte.unicen.edu.ar\/cdab\/wp-json\/wp\/v2\/posts"}],"about":[{"href":"https:\/\/www.arte.unicen.edu.ar\/cdab\/wp-json\/wp\/v2\/types\/post"}],"author":[{"embeddable":true,"href":"https:\/\/www.arte.unicen.edu.ar\/cdab\/wp-json\/wp\/v2\/users\/1"}],"replies":[{"embeddable":true,"href":"https:\/\/www.arte.unicen.edu.ar\/cdab\/wp-json\/wp\/v2\/comments?post=17190"}],"version-history":[{"count":2,"href":"https:\/\/www.arte.unicen.edu.ar\/cdab\/wp-json\/wp\/v2\/posts\/17190\/revisions"}],"predecessor-version":[{"id":18202,"href":"https:\/\/www.arte.unicen.edu.ar\/cdab\/wp-json\/wp\/v2\/posts\/17190\/revisions\/18202"}],"wp:featuredmedia":[{"embeddable":true,"href":"https:\/\/www.arte.unicen.edu.ar\/cdab\/wp-json\/wp\/v2\/media\/17649"}],"wp:attachment":[{"href":"https:\/\/www.arte.unicen.edu.ar\/cdab\/wp-json\/wp\/v2\/media?parent=17190"}],"wp:term":[{"taxonomy":"category","embeddable":true,"href":"https:\/\/www.arte.unicen.edu.ar\/cdab\/wp-json\/wp\/v2\/categories?post=17190"},{"taxonomy":"post_tag","embeddable":true,"href":"https:\/\/www.arte.unicen.edu.ar\/cdab\/wp-json\/wp\/v2\/tags?post=17190"}],"curies":[{"name":"wp","href":"https:\/\/api.w.org\/{rel}","templated":true}]}}