{"id":16145,"date":"2020-10-06T10:18:17","date_gmt":"2020-10-06T13:18:17","guid":{"rendered":"http:\/\/www.arte.unicen.edu.ar\/cdab\/?p=16145"},"modified":"2021-02-09T18:45:08","modified_gmt":"2021-02-09T21:45:08","slug":"silvio-fischbein-creacion-doceavo-ynqvtl","status":"publish","type":"post","link":"https:\/\/www.arte.unicen.edu.ar\/cdab\/silvio-fischbein-creacion-doceavo-ynqvtl\/","title":{"rendered":"&#8220;Estado de creaci\u00f3n&#8221;, el doceavo encuentro del ciclo &#8220;Yo no quiero volverme tan locx&#8221; present\u00f3 a Silvio Fischbein"},"content":{"rendered":"\n<p><a rel=\"noreferrer noopener\" href=\"http:\/\/www.arte.unicen.edu.ar\/cdab\/kekena-corvalan-dio-inicio-ciclo-yo-no-quiero-volverme-tan-locx\/\" target=\"_blank\">Kekena Corval\u00e1n<\/a>, <a rel=\"noreferrer noopener\" href=\"http:\/\/www.arte.unicen.edu.ar\/cdab\/maria-stegmayer-estetica-politica-neoliberalismo-ynqvtl\" target=\"_blank\">Mar\u00eda Stegmayer<\/a>, <a rel=\"noreferrer noopener\" href=\"http:\/\/www.arte.unicen.edu.ar\/cdab\/claudio-pansera-arte-aplicado-transformacion-comunitaria-yo-no-quiero-volverme-tan-locx\" target=\"_blank\">Claudio Pansera<\/a>, <a rel=\"noreferrer noopener\" href=\"http:\/\/www.arte.unicen.edu.ar\/cdab\/yo-no-quiero-volverme-tan-locx-pablo-mereu-dialogo-postproduccion-distancia\" target=\"_blank\">Pablo Mereu<\/a>, la <strong>Cooperativa de Dise\u00f1o<\/strong>, <a rel=\"noreferrer noopener\" href=\"http:\/\/www.arte.unicen.edu.ar\/cdab\/alejandra-garcia-vargas-continuo-el-dialogo-ynqvtl\" target=\"_blank\">Alejandra Garc\u00eda Vargas<\/a>, <a rel=\"noreferrer noopener\" href=\"http:\/\/www.arte.unicen.edu.ar\/cdab\/ynqvtl-invito-repensar-cine-argentino-pandemia-mirada-nicolas-batlle\" target=\"_blank\">Nicol\u00e1s Batlle<\/a>, <a rel=\"noreferrer noopener\" href=\"http:\/\/www.arte.unicen.edu.ar\/cdab\/ynqvtl-colectiva-actrices-argentinas-dialogar-luchas-mujeres-artistas-cuarentena\" target=\"_blank\">Laura Azcurra<\/a> y <a rel=\"noreferrer noopener\" href=\"http:\/\/www.arte.unicen.edu.ar\/cdab\/ynqvtl-colectiva-actrices-argentinas-dialogar-luchas-mujeres-artistas-cuarentena\" target=\"_blank\">Natalia Badgen<\/a> (en representaci\u00f3n de la <a rel=\"noreferrer noopener\" href=\"http:\/\/www.arte.unicen.edu.ar\/cdab\/ynqvtl-colectiva-actrices-argentinas-dialogar-luchas-mujeres-artistas-cuarentena\" target=\"_blank\">Colectiva Actrices Argentinas<\/a>), <a rel=\"noreferrer noopener\" href=\"http:\/\/www.arte.unicen.edu.ar\/cdab\/delgado-lindner-gallego-periodismo-cultural-radio-en-ynqvtl\" target=\"_blank\">Valeria Delgado<\/a>, <a rel=\"noreferrer noopener\" href=\"http:\/\/www.arte.unicen.edu.ar\/cdab\/delgado-lindner-gallego-periodismo-cultural-radio-en-ynqvtl\" target=\"_blank\">Sebasti\u00e1n Lindner<\/a> y <a rel=\"noreferrer noopener\" href=\"http:\/\/www.arte.unicen.edu.ar\/cdab\/delgado-lindner-gallego-periodismo-cultural-radio-en-ynqvtl\" target=\"_blank\">Rolando Gallego<\/a>, <a rel=\"noreferrer noopener\" href=\"http:\/\/www.arte.unicen.edu.ar\/cdab\/diseno-centrado-usuario-audiovisual-ruben-mir-ugolini-ynqvtl\" target=\"_blank\">Ruben Mir Ugolini<\/a> y <a rel=\"noreferrer noopener\" href=\"http:\/\/www.arte.unicen.edu.ar\/cdab\/maria-elsa-chapato-propone-miradas-escuela-arte-ynqvtl\" target=\"_blank\">Mar\u00eda Elsa Chapato<\/a> han sido protagonistas de los diversos encuentros del ciclo <strong>Yo no quiero volverme tan locx. Enfrentando el aislamiento con arte, cultura y educaci\u00f3n<\/strong>. Esta propuesta de di\u00e1logos coordinada por la <a rel=\"noreferrer noopener\" href=\"http:\/\/www.arte.unicen.edu.ar\/secretarias\/investigacion-posgrado\/\" target=\"_blank\">Secretar\u00eda de Investigaci\u00f3n y Posgrado<\/a> y la <a rel=\"noreferrer noopener\" href=\"http:\/\/www.arte.unicen.edu.ar\/secretarias\/academica\/\" target=\"_blank\">Secretar\u00eda Acad\u00e9mica<\/a> de la <a rel=\"noreferrer noopener\" href=\"http:\/\/www.arte.unicen.edu.ar\/\" target=\"_blank\">Facultad de Arte<\/a>, contin\u00faa proponiendo espacios de conversaci\u00f3n acerca de las disciplinas art\u00edsticas en \u00e9poca de pandemia. <\/p>\n\n\n\n<p>Articulado de forma conjunta con el <a rel=\"noreferrer noopener\" aria-label=\"Departamento de Artes Audiovisuales (abre en una nueva pesta\u00f1a)\" href=\"http:\/\/www.arte.unicen.edu.ar\/institucional\/departamentos\/artes-audiovisuales\" target=\"_blank\">Departamento de Artes Audiovisuales<\/a>, este viernes 2 de octubre se realiz\u00f3 el doceavo encuentro con la presencia de <strong>Silvio Fischbein<\/strong>. Arquitecto y Planificador Urbano por la <a rel=\"noreferrer noopener\" aria-label=\"Universidad de Buenos Aires (abre en una nueva pesta\u00f1a)\" href=\"http:\/\/www.uba.ar\" target=\"_blank\">Universidad de Buenos Aires<\/a>, <strong>Fischbein<\/strong> es artista visual y director cinematogr\u00e1fico. Fue director del Departamento de Artes Audiovisuales y docente en la carrera <a rel=\"noreferrer noopener\" aria-label=\"Realizaci\u00f3n Integral en Artes Audiovisuales (abre en una nueva pesta\u00f1a)\" href=\"http:\/\/www.arte.unicen.edu.ar\/carreras\/grado\/riaa\/perfil-del-egresado_\/\" target=\"_blank\">Realizaci\u00f3n Integral en Artes Audiovisuales<\/a> de la <a rel=\"noreferrer noopener\" aria-label=\"Facultad de Arte (abre en una nueva pesta\u00f1a)\" href=\"http:\/\/www.arte.unicen.edu.ar\" target=\"_blank\">Facultad de Arte<\/a> (<a rel=\"noreferrer noopener\" aria-label=\"UNICEN (abre en una nueva pesta\u00f1a)\" href=\"http:\/\/www.unicen.edu.ar\" target=\"_blank\">UNICEN<\/a>). En el campo audiovisual realiz\u00f3 30 cortometrajes, 5 largometrajes &#8211;<em>Mam\u00e1 querida<\/em> (1986), <em>Hasta donde llegan tus ojos<\/em> (1993), <em>Tus ojos brillaban<\/em> (2003), <em>Las liendres<\/em> (2004) y <em>Opciones reales<\/em> (2009)- y 2 videoarte en car\u00e1cter de guionista y director. Desde 1965 llev\u00f3 adelante numerosas exposiciones individuales y particip\u00f3 de salones y muestras colectivas. Integra los grupos de artistas <em>Po\u00e9ticas Divergentes<\/em> y <em>Malbec<\/em>. Fue becado en reiteradas oportunidades por los Gobiernos de Canad\u00e1 y Francia. Obtuvo el Premio George Meli\u00e8s del Gobierno de Francia en 1984 y recibi\u00f3 en dos oportunidades la Beca de la Pollock-Krasner Foundation. Edit\u00f3 dos libros: <em>silvio FISCHBEIN &#8211; artista visual<\/em> (2015) y <em>silvio FISCHBEIN &#8211; artista visual 2<\/em> (2019). Actualmente preside AAVRA, Asociaci\u00f3n de Artistas Visuales de la Rep\u00fablica Argentina, y es Profesor Consulto de la <a rel=\"noreferrer noopener\" aria-label=\"UBA (abre en una nueva pesta\u00f1a)\" href=\"http:\/\/www.uba.ar\" target=\"_blank\">UBA<\/a>.<\/p>\n\n\n\n<p>La charla, tal como ocurre habitualmente, pudo seguirse de manera simult\u00e1nea mediante la aplicaci\u00f3n de videollamadas Zoom y el\u00a0<a rel=\"noreferrer noopener\" href=\"https:\/\/www.youtube.com\/channel\/UCOBrOTwPT5GiKHYXACcgyLQ\" target=\"_blank\">canal de YouTube<\/a>\u00a0de la\u00a0<a rel=\"noreferrer noopener\" href=\"http:\/\/www.arte.unicen.edu.ar\/\" target=\"_blank\">Facultad de Arte<\/a>. La presentaci\u00f3n del ciclo estuvo a cargo del <strong>Dr. Javier Campo<\/strong>, Secretario de Investigaci\u00f3n y Posgrado, y luego el <strong>DIyS Alexis Trigo<\/strong> y la <strong>DIyS Mar\u00eda Cecilia Christensen<\/strong> -Director y Co-directora del <a rel=\"noreferrer noopener\" href=\"http:\/\/www.arte.unicen.edu.ar\/institucional\/departamentos\/artes-audiovisuales\" target=\"_blank\">Departamento de Artes Audiovisuales<\/a>&#8211; introdujeron a Fischbein agradeciendo su participaci\u00f3n y mencionando su recorrido art\u00edstico. Compartimos el registro completo del encuentro:<\/p>\n\n\n\n<div style=\"margin: 30px auto; width: 100%; text-align: center;\"><iframe loading=\"lazy\" src=\"https:\/\/www.youtube.com\/embed\/Il77yPVfVY4\" allow=\"accelerometer; autoplay; encrypted-media; gyroscope; picture-in-picture\" allowfullscreen=\"\" width=\"700\" height=\"394\" frameborder=\"0\"><\/iframe><\/div>\n\n\n\n<p>Las charlas previas se encuentran disponibles en el&nbsp;<a rel=\"noreferrer noopener\" href=\"https:\/\/www.youtube.com\/channel\/UCOBrOTwPT5GiKHYXACcgyLQ\" target=\"_blank\">canal de YouTube<\/a>&nbsp;de la&nbsp;<a rel=\"noreferrer noopener\" href=\"http:\/\/www.arte.unicen.edu.ar\/\" target=\"_blank\">Facultad de Arte<\/a>&nbsp;y el sitio web del&nbsp;<strong>CDAB<\/strong>.<\/p>\n","protected":false},"excerpt":{"rendered":"<p>Kekena Corval\u00e1n, Mar\u00eda Stegmayer, Claudio Pansera, Pablo Mereu, la Cooperativa de Dise\u00f1o, Alejandra Garc\u00eda Vargas, Nicol\u00e1s Batlle, Laura Azcurra y Natalia Badgen (en representaci\u00f3n de la Colectiva Actrices Argentinas), Valeria Delgado, Sebasti\u00e1n Lindner y Rolando Gallego, Ruben Mir Ugolini y Mar\u00eda Elsa Chapato han sido protagonistas de los diversos encuentros del ciclo Yo no quiero volverme tan locx. Enfrentando el [&hellip;]<\/p>\n","protected":false},"author":1,"featured_media":16187,"comment_status":"open","ping_status":"open","sticky":false,"template":"","format":"standard","meta":{"_acf_changed":false,"footnotes":""},"categories":[1],"tags":[1039,215,2502,288,2503],"class_list":["post-16145","post","type-post","status-publish","format-standard","has-post-thumbnail","hentry","category-novedades","tag-departamento-de-artes-audiovisuales","tag-facultad-de-arte","tag-secretaria-academica","tag-secretaria-de-investigacion-y-posgrado","tag-yo-no-quiero-volverme-tan-locx"],"acf":[],"_links":{"self":[{"href":"https:\/\/www.arte.unicen.edu.ar\/cdab\/wp-json\/wp\/v2\/posts\/16145","targetHints":{"allow":["GET"]}}],"collection":[{"href":"https:\/\/www.arte.unicen.edu.ar\/cdab\/wp-json\/wp\/v2\/posts"}],"about":[{"href":"https:\/\/www.arte.unicen.edu.ar\/cdab\/wp-json\/wp\/v2\/types\/post"}],"author":[{"embeddable":true,"href":"https:\/\/www.arte.unicen.edu.ar\/cdab\/wp-json\/wp\/v2\/users\/1"}],"replies":[{"embeddable":true,"href":"https:\/\/www.arte.unicen.edu.ar\/cdab\/wp-json\/wp\/v2\/comments?post=16145"}],"version-history":[{"count":2,"href":"https:\/\/www.arte.unicen.edu.ar\/cdab\/wp-json\/wp\/v2\/posts\/16145\/revisions"}],"predecessor-version":[{"id":17064,"href":"https:\/\/www.arte.unicen.edu.ar\/cdab\/wp-json\/wp\/v2\/posts\/16145\/revisions\/17064"}],"wp:featuredmedia":[{"embeddable":true,"href":"https:\/\/www.arte.unicen.edu.ar\/cdab\/wp-json\/wp\/v2\/media\/16187"}],"wp:attachment":[{"href":"https:\/\/www.arte.unicen.edu.ar\/cdab\/wp-json\/wp\/v2\/media?parent=16145"}],"wp:term":[{"taxonomy":"category","embeddable":true,"href":"https:\/\/www.arte.unicen.edu.ar\/cdab\/wp-json\/wp\/v2\/categories?post=16145"},{"taxonomy":"post_tag","embeddable":true,"href":"https:\/\/www.arte.unicen.edu.ar\/cdab\/wp-json\/wp\/v2\/tags?post=16145"}],"curies":[{"name":"wp","href":"https:\/\/api.w.org\/{rel}","templated":true}]}}