{"id":15615,"date":"2020-08-24T10:54:01","date_gmt":"2020-08-24T13:54:01","guid":{"rendered":"http:\/\/www.arte.unicen.edu.ar\/cdab\/?p=15615"},"modified":"2021-02-09T13:17:01","modified_gmt":"2021-02-09T16:17:01","slug":"maria-elsa-chapato-propone-miradas-escuela-arte-ynqvtl","status":"publish","type":"post","link":"https:\/\/www.arte.unicen.edu.ar\/cdab\/maria-elsa-chapato-propone-miradas-escuela-arte-ynqvtl\/","title":{"rendered":"Mar\u00eda Elsa Chapato propone nuevas miradas sobre la escuela y el arte en &#8220;Yo no quiero volverme tan locx #11&#8221;"},"content":{"rendered":"\n<p>El viernes 14 de agosto, la profesora\u00a0<strong>Mar\u00eda Elsa Chapato<\/strong> brind\u00f3 una charla titulada <em>Miradas sobre escuela y arte. Tensiones, inquietudes y perspectivas<\/em> en el marco del ciclo\u00a0<strong>Yo no quiero volverme tan locx. Enfrentando el aislamiento con arte, cultura y educaci\u00f3n<\/strong>. Estos encuentros son organizados por la\u00a0<a rel=\"noreferrer noopener\" href=\"http:\/\/www.arte.unicen.edu.ar\/secretarias\/investigacion-posgrado\/\" target=\"_blank\">Secretar\u00eda de Investigaci\u00f3n y Posgrado<\/a>\u00a0y la\u00a0<a rel=\"noreferrer noopener\" href=\"http:\/\/www.arte.unicen.edu.ar\/secretarias\/academica\/\" target=\"_blank\">Secretar\u00eda Acad\u00e9mica<\/a>\u00a0de la\u00a0<a rel=\"noreferrer noopener\" href=\"http:\/\/www.arte.unicen.edu.ar\/\" target=\"_blank\">Facultad de Arte<\/a> y en esta oportunidad el conversatorio se articul\u00f3 de manera conjunta con el\u00a0<a rel=\"noreferrer noopener\" href=\"http:\/\/www.arte.unicen.edu.ar\/tecc\" target=\"_blank\">Centro de Estudios de Teatro, Educaci\u00f3n y Consumos Culturales (TECC)<\/a>.<\/p>\n\n\n\n<p>El\u00a0<strong>Dr. Javier Campo<\/strong>, Secretario de Investigaci\u00f3n y Posgrado de la\u00a0<a rel=\"noreferrer noopener\" href=\"http:\/\/www.arte.unicen.edu.ar\/\" target=\"_blank\">Facultad de Arte<\/a>, abri\u00f3 el di\u00e1logo destacando el sostenimiento de la actividad, como as\u00ed tambi\u00e9n su emisi\u00f3n en vivo por el <a rel=\"noreferrer noopener\" href=\"https:\/\/www.youtube.com\/channel\/UCOBrOTwPT5GiKHYXACcgyLQ\" target=\"_blank\">canal de YouTube<\/a> de la Facultad. Acto seguido cedi\u00f3 la palabra a la <strong>Mg. Teresita Mar\u00eda Victoria Fuentes<\/strong>, Directora del <a rel=\"noreferrer noopener\" href=\"http:\/\/www.arte.unicen.edu.ar\/tecc\" target=\"_blank\">TECC<\/a>, quien manifest\u00f3 <em>\u201ces una alegr\u00eda poder compartir este espacio con tanta gente linda, querida, conocida, le\u00edda, desde tantos lugares en que nos encontramos cuando trabajamos disciplinas que nos convocan intelectualmente y pr\u00e1cticamente. Dirijo el grupo de Teatro, Educaci\u00f3n y Consumos Culturales junto con Cristina Dimatteo [\u2026] como n\u00facleo hace 25 a\u00f1os que estamos estudiando teatro y educaci\u00f3n. Con m\u00e1s de 70 investigadores. Mar\u00eda Elsa nos acompa\u00f1a como investigadora en nuestro grupo. Es Licenciada en Ciencias de la Educaci\u00f3n y Especialista en Did\u00e1ctica por la UBA, es miembro fundador de nuestra carrera de Profesorado y Licenciatura en Teatro. Ha escrito -y creo que todos nosotros hemos le\u00eddo- numerosas de sus investigaciones. Es evaluadora de proyectos nacionales y ha sido asesora de numerosos organismos nacionales acerca de educaci\u00f3n y arte. Para nosotros es un orgullo que hoy dirija la revista Trayectoria, que da cuenta de las investigaciones no s\u00f3lo de nuestra Facultad sino de colegas de otros lugares\u201d<\/em>.<\/p>\n\n\n\n<p>Luego lleg\u00f3 el turno de la <strong>Mg. Mar\u00eda Marcela Bertoldi<\/strong>, Directora del <a rel=\"noreferrer noopener\" aria-label=\"Departamento de Educaci\u00f3n Art\u00edstica (abre en una nueva pesta\u00f1a)\" href=\"http:\/\/www.arte.unicen.edu.ar\/institucional\/departamentos\/educacion-artistica\/\" target=\"_blank\">Departamento de Educaci\u00f3n Art\u00edstica<\/a>, quien dio la bienvenida a todxs lxs asistentes y agradeci\u00f3 a Mar\u00eda Elsa por su predisposici\u00f3n. Compartimos el encuentro completo:<\/p>\n\n\n\n<div style=\"margin: 30px auto; width: 100%; text-align: center;\"><iframe loading=\"lazy\" width=\"700\" height=\"394\" src=\"https:\/\/www.youtube.com\/embed\/OQfatscIuRg\" frameborder=\"0\" allow=\"accelerometer; autoplay; encrypted-media; gyroscope; picture-in-picture\" allowfullscreen=\"\"><\/iframe><\/div>\n\n\n\n<p>Las charlas previas ya est\u00e1n disponibles en el\u00a0<a rel=\"noreferrer noopener\" href=\"https:\/\/www.youtube.com\/channel\/UCOBrOTwPT5GiKHYXACcgyLQ\" target=\"_blank\">canal de YouTube<\/a>\u00a0de la\u00a0<a rel=\"noreferrer noopener\" href=\"http:\/\/www.arte.unicen.edu.ar\/\" target=\"_blank\">Facultad de Arte<\/a>\u00a0y el sitio web del\u00a0<strong>CDAB<\/strong>.<\/p>\n","protected":false},"excerpt":{"rendered":"<p>El viernes 14 de agosto, la profesora\u00a0Mar\u00eda Elsa Chapato brind\u00f3 una charla titulada Miradas sobre escuela y arte. Tensiones, inquietudes y perspectivas en el marco del ciclo\u00a0Yo no quiero volverme tan locx. Enfrentando el aislamiento con arte, cultura y educaci\u00f3n. Estos encuentros son organizados por la\u00a0Secretar\u00eda de Investigaci\u00f3n y Posgrado\u00a0y la\u00a0Secretar\u00eda Acad\u00e9mica\u00a0de la\u00a0Facultad de Arte y en esta oportunidad el [&hellip;]<\/p>\n","protected":false},"author":1,"featured_media":15658,"comment_status":"open","ping_status":"open","sticky":false,"template":"","format":"standard","meta":{"_acf_changed":false,"footnotes":""},"categories":[1],"tags":[1017,215,2502,288,2503],"class_list":["post-15615","post","type-post","status-publish","format-standard","has-post-thumbnail","hentry","category-novedades","tag-tecc","tag-facultad-de-arte","tag-secretaria-academica","tag-secretaria-de-investigacion-y-posgrado","tag-yo-no-quiero-volverme-tan-locx"],"acf":[],"_links":{"self":[{"href":"https:\/\/www.arte.unicen.edu.ar\/cdab\/wp-json\/wp\/v2\/posts\/15615","targetHints":{"allow":["GET"]}}],"collection":[{"href":"https:\/\/www.arte.unicen.edu.ar\/cdab\/wp-json\/wp\/v2\/posts"}],"about":[{"href":"https:\/\/www.arte.unicen.edu.ar\/cdab\/wp-json\/wp\/v2\/types\/post"}],"author":[{"embeddable":true,"href":"https:\/\/www.arte.unicen.edu.ar\/cdab\/wp-json\/wp\/v2\/users\/1"}],"replies":[{"embeddable":true,"href":"https:\/\/www.arte.unicen.edu.ar\/cdab\/wp-json\/wp\/v2\/comments?post=15615"}],"version-history":[{"count":2,"href":"https:\/\/www.arte.unicen.edu.ar\/cdab\/wp-json\/wp\/v2\/posts\/15615\/revisions"}],"predecessor-version":[{"id":17053,"href":"https:\/\/www.arte.unicen.edu.ar\/cdab\/wp-json\/wp\/v2\/posts\/15615\/revisions\/17053"}],"wp:featuredmedia":[{"embeddable":true,"href":"https:\/\/www.arte.unicen.edu.ar\/cdab\/wp-json\/wp\/v2\/media\/15658"}],"wp:attachment":[{"href":"https:\/\/www.arte.unicen.edu.ar\/cdab\/wp-json\/wp\/v2\/media?parent=15615"}],"wp:term":[{"taxonomy":"category","embeddable":true,"href":"https:\/\/www.arte.unicen.edu.ar\/cdab\/wp-json\/wp\/v2\/categories?post=15615"},{"taxonomy":"post_tag","embeddable":true,"href":"https:\/\/www.arte.unicen.edu.ar\/cdab\/wp-json\/wp\/v2\/tags?post=15615"}],"curies":[{"name":"wp","href":"https:\/\/api.w.org\/{rel}","templated":true}]}}