{"id":15384,"date":"2020-08-05T14:35:39","date_gmt":"2020-08-05T17:35:39","guid":{"rendered":"http:\/\/www.arte.unicen.edu.ar\/cdab\/?p=15384"},"modified":"2021-02-09T18:07:24","modified_gmt":"2021-02-09T21:07:24","slug":"diseno-centrado-usuario-audiovisual-ruben-mir-ugolini-ynqvtl","status":"publish","type":"post","link":"https:\/\/www.arte.unicen.edu.ar\/cdab\/diseno-centrado-usuario-audiovisual-ruben-mir-ugolini-ynqvtl\/","title":{"rendered":"El dise\u00f1o centrado en el usuario aplicado a la realizaci\u00f3n audiovisual interactiva. Reflexiones de Ruben Mir Ugolini en la d\u00e9cima edici\u00f3n de &#8220;Yo no quiero volverme tan locx&#8221;"},"content":{"rendered":"\n<p>El dise\u00f1o centrado en el usuario aplicado a la realizaci\u00f3n audiovisual interactiva y las narrativas <em>transmedia<\/em> fueron los temas centrales de la d\u00e9cima edici\u00f3n de <strong>Yo no quiero volverme tan locx. Enfrentando el aislamiento con arte, cultura y educaci\u00f3n<\/strong>, que cont\u00f3 con la participaci\u00f3n de <strong>Ruben Mir Ugolini<\/strong>. De esta manera, el ciclo de di\u00e1logos coordinado por la <a rel=\"noreferrer noopener\" aria-label=\"Secretar\u00eda de Investigaci\u00f3n y Posgrado (abre en una nueva pesta\u00f1a)\" href=\"http:\/\/www.arte.unicen.edu.ar\/secretarias\/investigacion-posgrado\/\" target=\"_blank\">Secretar\u00eda de Investigaci\u00f3n y Posgrado<\/a> y la <a rel=\"noreferrer noopener\" aria-label=\"Secretar\u00eda Acad\u00e9mica (abre en una nueva pesta\u00f1a)\" href=\"http:\/\/www.arte.unicen.edu.ar\/secretarias\/academica\/\" target=\"_blank\">Secretar\u00eda Acad\u00e9mica<\/a> de la <a rel=\"noreferrer noopener\" aria-label=\"Facultad de Arte (abre en una nueva pesta\u00f1a)\" href=\"http:\/\/www.arte.unicen.edu.ar\/\" target=\"_blank\">Facultad de Arte<\/a>, contin\u00faa proponiendo espacios de conversaci\u00f3n acerca de las disciplinas art\u00edsticas en \u00e9poca de cuarentena.<\/p>\n\n\n\n<p>Como es habitual la presentaci\u00f3n del encuentro estuvo a cargo del <strong>Dr. Javier Campo<\/strong>, Secretario de Investigaci\u00f3n y Posgrado de la Facultad, quien destac\u00f3 la articulaci\u00f3n con la <a rel=\"noreferrer noopener\" aria-label=\"Diplomatura Universitaria en Arte y Tecnolog\u00eda (DATe) (abre en una nueva pesta\u00f1a)\" href=\"http:\/\/www.arte.unicen.edu.ar\/diplomatura-en-narrativas-transmedia-y-tecnologias-de-la-interactividad\" target=\"_blank\">Diplomatura Universitaria en Arte y Tecnolog\u00eda (DATe)<\/a>, dirigida por el docente <strong>Alexis Trigo<\/strong>. La charla se transmiti\u00f3 en vivo mediante el <a rel=\"noreferrer noopener\" href=\"https:\/\/www.youtube.com\/channel\/UCOBrOTwPT5GiKHYXACcgyLQ\" target=\"_blank\">canal de YouTube<\/a> de la <a rel=\"noreferrer noopener\" href=\"http:\/\/www.arte.unicen.edu.ar\/\" target=\"_blank\">Facultad de Arte<\/a> y pudo seguirse en simult\u00e1neo por la aplicaci\u00f3n de videollamadas Zoom.<\/p>\n\n\n\n<p><strong>Alexis Trigo<\/strong> introdujo los lineamientos de la Diplomatura como <em>&#8220;un espacio de pr\u00e1ctica y reflexi\u00f3n en el pensamiento t\u00e9cnico-art\u00edstico dentro de la UNICEN, con el objetivo de producir, gestionar, crear y dise\u00f1ar contenidos audiovisuales para las narrativas transmedia o interactivas&#8221;<\/em>. Con relaci\u00f3n a la tem\u00e1tica del encuentro agreg\u00f3: <em>&#8220;Si bien desde el audiovisual no es que nunca dejamos de pensar en el target, habl\u00e1bamos con Ruben y al reflexionar sobre las narrativas interactivas record\u00e1bamos una cita de Jim Campbell. Tal vez un pintor cuando va a realizar una obra no necesariamente piensa en el observador de la misma&#8230; ya es un poco m\u00e1s dif\u00edcil que un productor de cine pueda pensar una obra cinematogr\u00e1fica sin determinar previamente su p\u00fablico&#8230; puede que haya casos en los que eso suceda, pero es inusual. Sin embargo cuando pensamos en alg\u00fan tipo de narrativa interactiva, o participativa, o inmersiva, no pensar en el usuario es imposible. Es la base de un contenido que apela a la interactividad, a la participoaic\u00f3n o algun tipo de acci\u00f3n tan espec\u00edfica del espectador convertido en usuario&#8221;<\/em>.<\/p>\n\n\n\n<p>Por \u00faltimo, Alexis present\u00f3 a <strong>Ruben Mir Ugolini<\/strong> quien <em>&#8220;se preocup\u00f3 en pensar la experiencia del usuario en el audiovisual. Ruben est\u00e1 en Barcelona, es periodista, trabaja y se especializ\u00f3 en el dise\u00f1o, la investigaci\u00f3n y la estrategia de la experiencia del usuario (o dise\u00f1o centrado en el usuario). Trabaj\u00f3 muchos a\u00f1os en Interactius, una empresa dedicada al dise\u00f1o estrat\u00e9gico para optimizar el dise\u00f1o del usuario. Particip\u00f3 en dos obras interactivas muy espec\u00edficas: &#8216;Bugarach: c\u00f3mo sobrevivir al apocalipsis&#8217; y &#8216;Los desiertos de Sonora&#8217;, dos experiencias diferentes vinculadas al documental&#8221;<\/em>.<\/p>\n\n\n\n<p>Compartimos el encuentro completo:<\/p>\n\n\n\n<div style=\"margin: 30px auto; width: 100%; text-align: center;\"><iframe loading=\"lazy\" width=\"700\" height=\"394\" src=\"https:\/\/www.youtube.com\/embed\/DfpKOlr88oo\" frameborder=\"0\" allow=\"accelerometer; autoplay; encrypted-media; gyroscope; picture-in-picture\" allowfullscreen=\"\"><\/iframe><\/div>\n\n\n\n<p>Quienes deseen visionar las ediciones previas podr\u00e1n hacerlo desde el <a rel=\"noreferrer noopener\" aria-label=\"canal de YouTube (abre en una nueva pesta\u00f1a)\" href=\"https:\/\/www.youtube.com\/channel\/UCOBrOTwPT5GiKHYXACcgyLQ\" target=\"_blank\">canal de YouTube<\/a> de la <a rel=\"noreferrer noopener\" aria-label=\"Facultad de Arte (abre en una nueva pesta\u00f1a)\" href=\"http:\/\/www.arte.unicen.edu.ar\" target=\"_blank\">Facultad de Arte<\/a> y el <strong>sitio web del CDAB<\/strong>. El decimoprimer encuentro titulado <em>Miradas sobre escuela y arte. Tensiones, inquietudes y perspectivas<\/em>, se realizar\u00e1 el <strong>viernes 14 de agosto<\/strong> a las <strong>16 hs.<\/strong> y estar\u00e1 a cargo de <strong>Mar\u00eda Elsa Chapato<\/strong>, profesora de la <a rel=\"noreferrer noopener\" aria-label=\"Facultad de Arte (abre en una nueva pesta\u00f1a)\" href=\"http:\/\/www.arte.unicen.edu.ar\" target=\"_blank\">Facultad de Arte<\/a> y de la <a rel=\"noreferrer noopener\" aria-label=\"Facultad de Ciencias Sociales (abre en una nueva pesta\u00f1a)\" href=\"http:\/\/www.soc.unicen.edu.ar\" target=\"_blank\">Facultad de Ciencias Sociales<\/a> (<a rel=\"noreferrer noopener\" aria-label=\"UNICEN (abre en una nueva pesta\u00f1a)\" href=\"http:\/\/www.unicen.edu.ar\" target=\"_blank\">UNICEN<\/a>). La actividad ser\u00e1 presentada por la <strong>Prof. Mar\u00eda Marcela Bertoldi<\/strong> y estar\u00e1 articulada desde el <a rel=\"noreferrer noopener\" aria-label=\"Centro de Estudios de Educaci\u00f3n, Teatro y Consumos Culturales (TECC) (abre en una nueva pesta\u00f1a)\" href=\"http:\/\/www.arte.unicen.edu.ar\/tecc\" target=\"_blank\">Centro de Estudios de Teatro, Educaci\u00f3n y Consumos Culturales (TECC)<\/a>.<\/p>\n","protected":false},"excerpt":{"rendered":"<p>El dise\u00f1o centrado en el usuario aplicado a la realizaci\u00f3n audiovisual interactiva y las narrativas transmedia fueron los temas centrales de la d\u00e9cima edici\u00f3n de Yo no quiero volverme tan locx. Enfrentando el aislamiento con arte, cultura y educaci\u00f3n, que cont\u00f3 con la participaci\u00f3n de Ruben Mir Ugolini. De esta manera, el ciclo de di\u00e1logos coordinado por la Secretar\u00eda de [&hellip;]<\/p>\n","protected":false},"author":1,"featured_media":15523,"comment_status":"open","ping_status":"open","sticky":false,"template":"","format":"standard","meta":{"_acf_changed":false,"footnotes":""},"categories":[1],"tags":[2506,215,2502,288,294,2503],"class_list":["post-15384","post","type-post","status-publish","format-standard","has-post-thumbnail","hentry","category-novedades","tag-diplomatura-en-arte-y-tecnologia-date","tag-facultad-de-arte","tag-secretaria-academica","tag-secretaria-de-investigacion-y-posgrado","tag-unicen","tag-yo-no-quiero-volverme-tan-locx"],"acf":[],"_links":{"self":[{"href":"https:\/\/www.arte.unicen.edu.ar\/cdab\/wp-json\/wp\/v2\/posts\/15384","targetHints":{"allow":["GET"]}}],"collection":[{"href":"https:\/\/www.arte.unicen.edu.ar\/cdab\/wp-json\/wp\/v2\/posts"}],"about":[{"href":"https:\/\/www.arte.unicen.edu.ar\/cdab\/wp-json\/wp\/v2\/types\/post"}],"author":[{"embeddable":true,"href":"https:\/\/www.arte.unicen.edu.ar\/cdab\/wp-json\/wp\/v2\/users\/1"}],"replies":[{"embeddable":true,"href":"https:\/\/www.arte.unicen.edu.ar\/cdab\/wp-json\/wp\/v2\/comments?post=15384"}],"version-history":[{"count":2,"href":"https:\/\/www.arte.unicen.edu.ar\/cdab\/wp-json\/wp\/v2\/posts\/15384\/revisions"}],"predecessor-version":[{"id":17055,"href":"https:\/\/www.arte.unicen.edu.ar\/cdab\/wp-json\/wp\/v2\/posts\/15384\/revisions\/17055"}],"wp:featuredmedia":[{"embeddable":true,"href":"https:\/\/www.arte.unicen.edu.ar\/cdab\/wp-json\/wp\/v2\/media\/15523"}],"wp:attachment":[{"href":"https:\/\/www.arte.unicen.edu.ar\/cdab\/wp-json\/wp\/v2\/media?parent=15384"}],"wp:term":[{"taxonomy":"category","embeddable":true,"href":"https:\/\/www.arte.unicen.edu.ar\/cdab\/wp-json\/wp\/v2\/categories?post=15384"},{"taxonomy":"post_tag","embeddable":true,"href":"https:\/\/www.arte.unicen.edu.ar\/cdab\/wp-json\/wp\/v2\/tags?post=15384"}],"curies":[{"name":"wp","href":"https:\/\/api.w.org\/{rel}","templated":true}]}}