{"id":14836,"date":"2020-07-17T14:06:36","date_gmt":"2020-07-17T17:06:36","guid":{"rendered":"http:\/\/www.arte.unicen.edu.ar\/cdab\/?p=14836"},"modified":"2021-02-09T18:10:34","modified_gmt":"2021-02-09T21:10:34","slug":"delgado-lindner-gallego-periodismo-cultural-radio-en-ynqvtl","status":"publish","type":"post","link":"https:\/\/www.arte.unicen.edu.ar\/cdab\/delgado-lindner-gallego-periodismo-cultural-radio-en-ynqvtl\/","title":{"rendered":"Valeria Delgado, Sebasti\u00e1n Lindner y Rolando Gallego dialogaron sobre los desaf\u00edos del periodismo cultural y la radio en la novena edici\u00f3n de &#8220;Yo no quiero volverme tan locx&#8221;"},"content":{"rendered":"\n<p>La&nbsp;<a rel=\"noreferrer noopener\" href=\"http:\/\/www.arte.unicen.edu.ar\/secretarias\/investigacion-posgrado\/\" target=\"_blank\">Secretar\u00eda de Investigaci\u00f3n y Posgrado<\/a>&nbsp;y la&nbsp;<a rel=\"noreferrer noopener\" href=\"http:\/\/www.arte.unicen.edu.ar\/secretarias\/academica\/\" target=\"_blank\">Secretar\u00eda Acad\u00e9mica<\/a>&nbsp;de la&nbsp;<a rel=\"noreferrer noopener\" href=\"http:\/\/www.arte.unicen.edu.ar\/\" target=\"_blank\">Facultad de Arte<\/a> contin\u00faan promoviendo diversas actividades para transitar la cuarentena y reflexionar sobre las disciplinas art\u00edsticas en \u00e9poca de pandemia. Una de ellas, instalada en la agenda de nuestra Unidad Acad\u00e9mica, es el ciclo de charlas <strong>Yo no quiero volverme tan locx. Enfrentando el aislamiento con arte, cultura y educaci\u00f3n<\/strong> que el mi\u00e9rcoles 8 de julio lleg\u00f3 a su novena edici\u00f3n. Con la participaci\u00f3n de <strong>Valeria Delgado<\/strong>, <strong>Sebasti\u00e1n Lindner<\/strong> y <strong>Rolando Gallego<\/strong>, el encuentro invit\u00f3 a repensar <em>las encrucijadas y desaf\u00edos del periodismo cultural y la radio<\/em>. La relaci\u00f3n de los medios masivos tradicionales con las plataformas de <em>streaming<\/em>, las posibilidades que brindan estos espacios de difusi\u00f3n de contenidos radiales\/audiovisuales, los nuevos consumos espectatoriales asociados a ellos y la proliferaci\u00f3n y amplia aceptaci\u00f3n de los <em>podcasts<\/em> como una nueva manera de &#8220;escuchar la radio&#8221; fueron s\u00f3lo algunos de los temas que se abordaron.<\/p>\n\n\n\n<p>La propuesta se articul\u00f3 desde el <a rel=\"noreferrer noopener\" aria-label=\"Centro de Estudios de Teatro, Educaci\u00f3n y Consumos Culturales (TECC) (abre en una nueva pesta\u00f1a)\" href=\"http:\/\/www.arte.unicen.edu.ar\/tecc\" target=\"_blank\">Centro de Estudios de Teatro, Educaci\u00f3n y Consumos Culturales (TECC)<\/a> y la <a rel=\"noreferrer noopener\" aria-label=\"Secretar\u00eda de Extensi\u00f3n (abre en una nueva pesta\u00f1a)\" href=\"http:\/\/www.arte.unicen.edu.ar\/secretarias\/extension\" target=\"_blank\">Secretar\u00eda de Extensi\u00f3n<\/a>, y por primera vez se realiz\u00f3 la transmisi\u00f3n en vivo de manera simult\u00e1nea por el <a rel=\"noreferrer noopener\" href=\"https:\/\/www.youtube.com\/channel\/UCOBrOTwPT5GiKHYXACcgyLQ\" target=\"_blank\">canal de YouTube<\/a>\u00a0de la\u00a0<a rel=\"noreferrer noopener\" href=\"http:\/\/www.arte.unicen.edu.ar\/\" target=\"_blank\">Facultad de Arte<\/a>. Las palabras de bienvenida estuvieron a cargo del <strong>Dr. Javier Campo<\/strong>, Secretario de Investigaci\u00f3n y Posgrado, que destac\u00f3 esta novedad t\u00e9cnica como as\u00ed tambi\u00e9n la presencia de la Directora y la Co-directora del <a rel=\"noreferrer noopener\" aria-label=\"TECC (abre en una nueva pesta\u00f1a)\" href=\"http:\/\/www.arte.unicen.edu.ar\/tecc\" target=\"_blank\">TECC<\/a> &#8211;<strong>Mg. Teresita Mar\u00eda Victoria Fuentes<\/strong> y <strong>Dra. Cristina Dimatteo<\/strong>-.<\/p>\n\n\n\n<p><strong>Eugenia Iturralde<\/strong>, becaria posdoctoral de <a rel=\"noreferrer noopener\" href=\"https:\/\/www.conicet.gov.ar\/\" target=\"_blank\">CONICET<\/a> con sede de trabajo en el <a rel=\"noreferrer noopener\" href=\"http:\/\/www.arte.unicen.edu.ar\/tecc\" target=\"_blank\">TECC<\/a>, agradeci\u00f3 a la <a rel=\"noreferrer noopener\" aria-label=\"Facultad de Arte (abre en una nueva pesta\u00f1a)\" href=\"http:\/\/www.arte.unicen.edu.ar\" target=\"_blank\">Facultad de Arte<\/a> por <em>&#8220;el espacio que nos permite romper la rutina del encierro&#8221;<\/em> y acto seguido present\u00f3 a los invitados: <em>&#8220;<strong>Sebasti\u00e1n Lindner<\/strong> es profesor, periodista y productor. Graduado de la <a rel=\"noreferrer noopener\" aria-label=\"Facultad de Ciencias Sociales (abre en una nueva pesta\u00f1a)\" href=\"http:\/\/www.soc.unicen.edu.ar\" target=\"_blank\">Facultad de Ciencias Sociales<\/a> y Coordinador General de <a rel=\"noreferrer noopener\" aria-label=\"Radio Universidad UNICEN (abre en una nueva pesta\u00f1a)\" href=\"http:\/\/www.radiouniversidadolavarria.unicen.edu.ar\" target=\"_blank\">Radio Universidad UNICEN<\/a>. <strong>Rolando Gallego<\/strong> es Licenciado en Ciencias de la Comunicaci\u00f3n por la <a rel=\"noreferrer noopener\" aria-label=\"Universidad de Buenos Aires (abre en una nueva pesta\u00f1a)\" href=\"http:\/\/www.uba.ar\" target=\"_blank\">Universidad de Buenos Aires<\/a>. Periodista, cr\u00edtico de cine y series en TV, radio, gr\u00e1fica y web en medios como <a rel=\"noreferrer noopener\" aria-label=\"EscribiendoCine (abre en una nueva pesta\u00f1a)\" href=\"http:\/\/www.escribiendocine.com\" target=\"_blank\">EscribiendoCine<\/a>, <a rel=\"noreferrer noopener\" aria-label=\"HaciendoCine (abre en una nueva pesta\u00f1a)\" href=\"http:\/\/www.haciendocine.com.ar\" target=\"_blank\">HaciendoCine<\/a>, Directores y El Planeta Urbano, entre otros. Es columnista en Minutos Contados (AM 530) y co-autor del libro Mujeres, C\u00e1mara, Acci\u00f3n. <strong>Valeria Delgado<\/strong> es Licenciada en Cr\u00edtica de Artes por la <a rel=\"noreferrer noopener\" aria-label=\"Universidad Nacional de las Artes (abre en una nueva pesta\u00f1a)\" href=\"https:\/\/www.una.edu.ar\" target=\"_blank\">Universidad Nacional de las Artes<\/a>, columnista de espect\u00e1culos, locutora y conductora de radio. Trabaja en La Red, en Mega, AM 750 y es docente de cultura pop en la carrera de Producci\u00f3n audiovisual (\u00c9ter)&#8221;<\/em>. Luego formul\u00f3 un interrogante para iniciar el conversatorio: <em>&#8220;\u00bfCu\u00e1les son las especificidades que encuentran para abordar temas culturales y de espect\u00e1culos en este momento de pandemia?&#8221;<\/em>.<\/p>\n\n\n\n<p><strong>Delgado<\/strong>, <strong>Lindner<\/strong> y <strong>Gallego<\/strong> coincidieron inicialmente en la resignificaci\u00f3n del rol del periodista en pos de acompa\u00f1ar a la audiencia durante la cuarentena y el crecimiento del trabajo en <em>&#8220;un momento en el que uno tiene que estar todo el tiempo generando contenidos, a un ritmo m\u00e1s vertiginoso&#8230; es un desaf\u00edo encontrar algo novedoso cuando los oyentes reciben informaci\u00f3n constantemente&#8221;<\/em>.<\/p>\n\n\n\n<div style=\"margin: 30px auto; width: 100%; text-align: center;\"><iframe loading=\"lazy\" width=\"700\" height=\"394\" src=\"https:\/\/www.youtube.com\/embed\/aRAasA4hbZk\" frameborder=\"0\" allow=\"accelerometer; autoplay; encrypted-media; gyroscope; picture-in-picture\" allowfullscreen=\"\"><\/iframe><\/div>\n\n\n\n<p>Las charlas previas ya est\u00e1n disponibles en el\u00a0<a rel=\"noreferrer noopener\" href=\"https:\/\/www.youtube.com\/channel\/UCOBrOTwPT5GiKHYXACcgyLQ\" target=\"_blank\">canal de YouTube<\/a>\u00a0de la\u00a0<a rel=\"noreferrer noopener\" href=\"http:\/\/www.arte.unicen.edu.ar\/\" target=\"_blank\">Facultad de Arte<\/a>\u00a0y el sitio web del\u00a0<strong>CDAB<\/strong>. La d\u00e9cima edici\u00f3n, <em>Comunica con impacto: realizaci\u00f3n audiovisual interactiva a trav\u00e9s del dise\u00f1o centrado en el usuario<\/em> se llevar\u00e1 a cabo el\u00a0<strong>viernes 17 de julio<\/strong>\u00a0a las\u00a0<strong>13 hs.<\/strong>\u00a0y estar\u00e1 a cargo de\u00a0<strong>Ruben Mir Ugolini<\/strong>, periodista interactivo y <em>transmedia<\/em>. La actividad estar\u00e1 coordinada desde la\u00a0<a rel=\"noreferrer noopener\" href=\"http:\/\/www.arte.unicen.edu.ar\/institucional\/departamentos\/artes-audiovisuales\" target=\"_blank\">Diplomatura en Arte y Tecnolog\u00eda (DATe)<\/a>. <\/p>\n","protected":false},"excerpt":{"rendered":"<p>La&nbsp;Secretar\u00eda de Investigaci\u00f3n y Posgrado&nbsp;y la&nbsp;Secretar\u00eda Acad\u00e9mica&nbsp;de la&nbsp;Facultad de Arte contin\u00faan promoviendo diversas actividades para transitar la cuarentena y reflexionar sobre las disciplinas art\u00edsticas en \u00e9poca de pandemia. Una de ellas, instalada en la agenda de nuestra Unidad Acad\u00e9mica, es el ciclo de charlas Yo no quiero volverme tan locx. Enfrentando el aislamiento con arte, cultura y educaci\u00f3n que el [&hellip;]<\/p>\n","protected":false},"author":1,"featured_media":15176,"comment_status":"open","ping_status":"open","sticky":false,"template":"","format":"standard","meta":{"_acf_changed":false,"footnotes":""},"categories":[1],"tags":[1017,215,2502,1038,288,2503],"class_list":["post-14836","post","type-post","status-publish","format-standard","has-post-thumbnail","hentry","category-novedades","tag-tecc","tag-facultad-de-arte","tag-secretaria-academica","tag-secretaria-de-extension","tag-secretaria-de-investigacion-y-posgrado","tag-yo-no-quiero-volverme-tan-locx"],"acf":[],"_links":{"self":[{"href":"https:\/\/www.arte.unicen.edu.ar\/cdab\/wp-json\/wp\/v2\/posts\/14836","targetHints":{"allow":["GET"]}}],"collection":[{"href":"https:\/\/www.arte.unicen.edu.ar\/cdab\/wp-json\/wp\/v2\/posts"}],"about":[{"href":"https:\/\/www.arte.unicen.edu.ar\/cdab\/wp-json\/wp\/v2\/types\/post"}],"author":[{"embeddable":true,"href":"https:\/\/www.arte.unicen.edu.ar\/cdab\/wp-json\/wp\/v2\/users\/1"}],"replies":[{"embeddable":true,"href":"https:\/\/www.arte.unicen.edu.ar\/cdab\/wp-json\/wp\/v2\/comments?post=14836"}],"version-history":[{"count":2,"href":"https:\/\/www.arte.unicen.edu.ar\/cdab\/wp-json\/wp\/v2\/posts\/14836\/revisions"}],"predecessor-version":[{"id":17058,"href":"https:\/\/www.arte.unicen.edu.ar\/cdab\/wp-json\/wp\/v2\/posts\/14836\/revisions\/17058"}],"wp:featuredmedia":[{"embeddable":true,"href":"https:\/\/www.arte.unicen.edu.ar\/cdab\/wp-json\/wp\/v2\/media\/15176"}],"wp:attachment":[{"href":"https:\/\/www.arte.unicen.edu.ar\/cdab\/wp-json\/wp\/v2\/media?parent=14836"}],"wp:term":[{"taxonomy":"category","embeddable":true,"href":"https:\/\/www.arte.unicen.edu.ar\/cdab\/wp-json\/wp\/v2\/categories?post=14836"},{"taxonomy":"post_tag","embeddable":true,"href":"https:\/\/www.arte.unicen.edu.ar\/cdab\/wp-json\/wp\/v2\/tags?post=14836"}],"curies":[{"name":"wp","href":"https:\/\/api.w.org\/{rel}","templated":true}]}}