{"id":14779,"date":"2020-07-06T13:40:00","date_gmt":"2020-07-06T16:40:00","guid":{"rendered":"http:\/\/www.arte.unicen.edu.ar\/cdab\/?p=14779"},"modified":"2021-02-09T18:11:59","modified_gmt":"2021-02-09T21:11:59","slug":"nueva-plataforma-de-contenidos-audiovisuales-de-la-facultad-de-arte","status":"publish","type":"post","link":"https:\/\/www.arte.unicen.edu.ar\/cdab\/nueva-plataforma-de-contenidos-audiovisuales-de-la-facultad-de-arte\/","title":{"rendered":"Llega artexver, la plataforma de contenidos audiovisuales de la Facultad de Arte"},"content":{"rendered":"\n<p>La <a rel=\"noreferrer noopener\" aria-label=\"Facultad de Arte (abre en una nueva pesta\u00f1a)\" href=\"http:\/\/www.arte.unicen.edu.ar\" target=\"_blank\">Facultad de Arte<\/a> se abre a nuevos p\u00fablicos y consumos, democratizando el acceso a las producciones audiovisuales que re\u00fanen el hacer art\u00edstico e institucional de nuestra comunidad educativa. Consideramos que la imagen audiovisual es parte de nuestros actos y pr\u00e1cticas comunicacionales y, hoy m\u00e1s que antes frente a un contexto social de mayor intercambio mediado, contar con nuevos espacios para compartir y estar m\u00e1s conectadxs se vuelve fundamental para acercar nuestras distancias y promover nuestro arte.&nbsp;<\/p>\n\n\n\n<p>Una nueva plataforma de contenidos audiovisuales se est\u00e1 gestando en la instituci\u00f3n. Con el objetivo de que la comunidad sea parte desde el inicio se llev\u00f3 a cabo una <a rel=\"noreferrer noopener\" aria-label=\"votaci\u00f3n on-line (abre en una nueva pesta\u00f1a)\" href=\"https:\/\/docs.google.com\/forms\/d\/e\/1FAIpQLSdEHpM9oXB2MvmYiwPL95YIykM_Vmi75NLOuJ2E49YB2dI6yg\/viewform\" target=\"_blank\">votaci\u00f3n online<\/a> para definir de manera colectiva su nombre. Del <strong>lunes 29 de junio al viernes 3 de julio<\/strong>, se promovi\u00f3 una encuesta para conocer las preferencias respecto de 3 nombres posibles para nuestra nueva plataforma: <strong>artexver<\/strong>, <strong>arteconecta<\/strong> y <strong>artered<\/strong>. El elegido fue: <strong>artexver<\/strong>, con el <strong>44.9% de los votos<\/strong>.<\/p>\n\n\n\n<p>De esta forma, pr\u00f3ximamente se podr\u00e1 acceder a la plataforma audiovisual mediante el link: <a rel=\"noreferrer noopener\" aria-label=\"www.artexver.tv (abre en una nueva pesta\u00f1a)\" href=\"http:\/\/www.artexver.tv\" target=\"_blank\">www.artexver.tv<\/a><\/p>\n\n\n\n<div align=\"center\"><img decoding=\"async\" src=\"http:\/\/www.arte.unicen.edu.ar\/cdab\/wp-content\/uploads\/2020\/07\/artexver-votacion.png\" alt=\"\" class=\"aligncenter size-full wp-image-2866\" alt=\"Resultados de la votaci\u00f3n\" title=\"Resultados de la votaci\u00f3n\" \/><\/div>\n","protected":false},"excerpt":{"rendered":"<p>La Facultad de Arte se abre a nuevos p\u00fablicos y consumos, democratizando el acceso a las producciones audiovisuales que re\u00fanen el hacer art\u00edstico e institucional de nuestra comunidad educativa. Consideramos que la imagen audiovisual es parte de nuestros actos y pr\u00e1cticas comunicacionales y, hoy m\u00e1s que antes frente a un contexto social de mayor intercambio mediado, contar con nuevos espacios [&hellip;]<\/p>\n","protected":false},"author":1,"featured_media":14786,"comment_status":"open","ping_status":"open","sticky":false,"template":"","format":"standard","meta":{"_acf_changed":false,"footnotes":""},"categories":[1],"tags":[2534,215,294],"class_list":["post-14779","post","type-post","status-publish","format-standard","has-post-thumbnail","hentry","category-novedades","tag-artexver","tag-facultad-de-arte","tag-unicen"],"acf":[],"_links":{"self":[{"href":"https:\/\/www.arte.unicen.edu.ar\/cdab\/wp-json\/wp\/v2\/posts\/14779","targetHints":{"allow":["GET"]}}],"collection":[{"href":"https:\/\/www.arte.unicen.edu.ar\/cdab\/wp-json\/wp\/v2\/posts"}],"about":[{"href":"https:\/\/www.arte.unicen.edu.ar\/cdab\/wp-json\/wp\/v2\/types\/post"}],"author":[{"embeddable":true,"href":"https:\/\/www.arte.unicen.edu.ar\/cdab\/wp-json\/wp\/v2\/users\/1"}],"replies":[{"embeddable":true,"href":"https:\/\/www.arte.unicen.edu.ar\/cdab\/wp-json\/wp\/v2\/comments?post=14779"}],"version-history":[{"count":2,"href":"https:\/\/www.arte.unicen.edu.ar\/cdab\/wp-json\/wp\/v2\/posts\/14779\/revisions"}],"predecessor-version":[{"id":17059,"href":"https:\/\/www.arte.unicen.edu.ar\/cdab\/wp-json\/wp\/v2\/posts\/14779\/revisions\/17059"}],"wp:featuredmedia":[{"embeddable":true,"href":"https:\/\/www.arte.unicen.edu.ar\/cdab\/wp-json\/wp\/v2\/media\/14786"}],"wp:attachment":[{"href":"https:\/\/www.arte.unicen.edu.ar\/cdab\/wp-json\/wp\/v2\/media?parent=14779"}],"wp:term":[{"taxonomy":"category","embeddable":true,"href":"https:\/\/www.arte.unicen.edu.ar\/cdab\/wp-json\/wp\/v2\/categories?post=14779"},{"taxonomy":"post_tag","embeddable":true,"href":"https:\/\/www.arte.unicen.edu.ar\/cdab\/wp-json\/wp\/v2\/tags?post=14779"}],"curies":[{"name":"wp","href":"https:\/\/api.w.org\/{rel}","templated":true}]}}