{"id":14259,"date":"2020-06-26T10:12:33","date_gmt":"2020-06-26T13:12:33","guid":{"rendered":"http:\/\/www.arte.unicen.edu.ar\/cdab\/?p=14259"},"modified":"2021-02-09T18:48:20","modified_gmt":"2021-02-09T21:48:20","slug":"ynqvtl-colectiva-actrices-argentinas-dialogar-luchas-mujeres-artistas-cuarentena","status":"publish","type":"post","link":"https:\/\/www.arte.unicen.edu.ar\/cdab\/ynqvtl-colectiva-actrices-argentinas-dialogar-luchas-mujeres-artistas-cuarentena\/","title":{"rendered":"&#8220;Yo no quiero volverme tan locx&#8221; recibe a la Colectiva de Actrices Argentinas para dialogar sobre las luchas de las mujeres y lxs artistas en tiempos de cuarentena"},"content":{"rendered":"\n<p>Con la presencia de las actrices <strong>Laura Azcurra<\/strong> y <strong>Natalia Badgen<\/strong>, integrantes de la <a rel=\"noreferrer noopener\" aria-label=\"Colectiva de Actrices Argentinas (abre en una nueva pesta\u00f1a)\" href=\"https:\/\/www.facebook.com\/actricesarg\" target=\"_blank\">Colectiva de Actrices Argentinas<\/a>, el pasado lunes 15 de junio tuvo lugar el octavo encuentro del ciclo de charlas <strong>Yo no quiero volverme tan locx. Enfrentando el aislamiento con arte, cultura y educaci\u00f3n<\/strong>, organizado por la&nbsp;<a rel=\"noreferrer noopener\" href=\"http:\/\/www.arte.unicen.edu.ar\/secretarias\/investigacion-posgrado\/\" target=\"_blank\">Secretar\u00eda de Investigaci\u00f3n y Posgrado<\/a>&nbsp;y la&nbsp;<a rel=\"noreferrer noopener\" href=\"http:\/\/www.arte.unicen.edu.ar\/secretarias\/academica\/\" target=\"_blank\">Secretar\u00eda Acad\u00e9mica<\/a>&nbsp;de la&nbsp;<a rel=\"noreferrer noopener\" href=\"http:\/\/www.arte.unicen.edu.ar\/\" target=\"_blank\">Facultad de Arte<\/a>. La actividad estuvo articulada desde la <a rel=\"noreferrer noopener\" aria-label=\"Secretaria de Extensi\u00f3n (abre en una nueva pesta\u00f1a)\" href=\"http:\/\/www.arte.unicen.edu.ar\/secretarias\/extension\" target=\"_blank\">Secretaria de Extensi\u00f3n<\/a> y propici\u00f3 el intercambio en torno a <em>las luchas de las mujeres y lxs artistas en tiempos de cuarentena<\/em>.<\/p>\n\n\n\n<p>El encuentro inici\u00f3 con las palabras de la <strong>Prof. Marisa Rodr\u00edguez<\/strong>, Secretaria Acad\u00e9mica de la <a rel=\"noreferrer noopener\" href=\"http:\/\/www.arte.unicen.edu.ar\/\" target=\"_blank\">Facultad de Arte<\/a>. A modo introductorio afirm\u00f3 que <em>&#8220;es un enorme placer poder encontrarnos en esta charla que ya se nos est\u00e1 haciendo costumbre. Para la Facultad de Arte es sumamente importante poder seguir sosteniendo estos espacios&#8230; en esta ocasi\u00f3n con un doble prop\u00f3sito, no solamente con el trabajo que se viene realizando desde la Secretar\u00eda de Investigaci\u00f3n y Posgrado y la Secretar\u00eda Acad\u00e9mica en relaci\u00f3n a los cruces entre arte, pol\u00edtica y educaci\u00f3n, sino con el atravesamiento sobre el que venimos tratando de sensibilizar hace un tiempo en la Facultad a trav\u00e9s de un programa de Arte y G\u00e9nero&#8221;<\/em>. Minutos despu\u00e9s hizo extensivo el agradecimiento a todxs lxs usuarixs conectadxs a la videollamada mediante la aplicaci\u00f3n Zoom.<\/p>\n\n\n\n<p>Luego lleg\u00f3 el turno de la Coordinadora de Actividades de Extensi\u00f3n, <strong>RI. Magal\u00ed Mariano<\/strong> quien agreg\u00f3: <em>&#8220;gracias inmensas a las referentes de Actrices Argentinas que son quienes nos van a estar acompa\u00f1anado hoy en esta charla. Se trata de una colectiva de actrices que nace en abril de 2018 impulsada por la necesidad de aportar a la coyuntura hist\u00f3rica que representa a\u00fan el proyecto de Ley por la legalizaci\u00f3n y la despenalizaci\u00f3n de la interrupci\u00f3n voluntaria del embarazo. Es una organizaci\u00f3n activista, plural, independiente de los partidos pol\u00edticos y tambi\u00e9n del Estado&#8221;<\/em>. En relaci\u00f3n a las protagonistas del encuentro coment\u00f3 que <em>&#8220;es un honor enorme para nosotres contar hoy con la presencia de Laura Azcurra, actriz de teatro, de cine, de televisi\u00f3n, bailarina, conductora, se form\u00f3 en dramaturgia con un profesor de la Casa (Mauricio Kart\u00fan) y est\u00e1 profundizando ahora en el estudio de la m\u00fasica, canto y piano. Tambi\u00e9n a Natalia Badgen actriz, directora, dramaturga, egresada de la carrera de Formaci\u00f3n del Actor de la Escuela Metropolitana de Arte Dram\u00e1tico y docente de diversos espacios formativos&#8221;<\/em>.<\/p>\n\n\n\n<p>Finalmente, <strong>Laura Azcurra<\/strong> y <strong>Natalia Badgen<\/strong> desarrollaron todas las acciones e iniciativas que dieron lugar a la necesaria uni\u00f3n entre m\u00e1s de 400 actrices que formaron un lazo en com\u00fan, rebel\u00e1ndose contra el patriarcado, la violencia de g\u00e9nero y alzando su voz. <em>Dolorez Fonzi, Cecilia Roth, Griselda Siciliani, Eleonora Wexler, Julieta Ortega,  Julieta Zylberberg, Lali Esp\u00f3sito, Thelma Fardin, Violeta Urtizberea, Alejandra Flechner, B\u00e1rbara Lombardo, Cecilia Dopazo, Jazm\u00edn Stuart, Julieta Cardinali, Julieta D\u00edaz, Andrea Pietra, Muriel Santa Ana, Ver\u00f3nica Pelaccini<\/em> y <em>Silvina Acosta<\/em> son s\u00f3lo algunos de los nombres que conforman la <a rel=\"noreferrer noopener\" href=\"https:\/\/www.facebook.com\/actricesarg\" target=\"_blank\">Colectiva de Actrices Argentinas<\/a>. A continuaci\u00f3n compartimos el registro completo del encuentro:<\/p>\n\n\n\n<div style=\"margin: 30px auto; width: 100%; text-align: center;\"><iframe loading=\"lazy\" width=\"700\" height=\"394\" src=\"https:\/\/www.youtube.com\/embed\/fU7gMw8Sdrk\" frameborder=\"0\" allow=\"accelerometer; autoplay; encrypted-media; gyroscope; picture-in-picture\" allowfullscreen=\"\"><\/iframe><\/div>\n\n\n\n<p>Las charlas previas ya se encuentran disponibles en el&nbsp;<a rel=\"noreferrer noopener\" href=\"https:\/\/www.youtube.com\/channel\/UCOBrOTwPT5GiKHYXACcgyLQ\" target=\"_blank\">canal de YouTube<\/a>&nbsp;de la&nbsp;<a rel=\"noreferrer noopener\" href=\"http:\/\/www.arte.unicen.edu.ar\/\" target=\"_blank\">Facultad de Arte<\/a>&nbsp;y el sitio web del&nbsp;<strong>CDAB<\/strong>.<\/p>\n","protected":false},"excerpt":{"rendered":"<p>Con la presencia de las actrices Laura Azcurra y Natalia Badgen, integrantes de la Colectiva de Actrices Argentinas, el pasado lunes 15 de junio tuvo lugar el octavo encuentro del ciclo de charlas Yo no quiero volverme tan locx. Enfrentando el aislamiento con arte, cultura y educaci\u00f3n, organizado por la&nbsp;Secretar\u00eda de Investigaci\u00f3n y Posgrado&nbsp;y la&nbsp;Secretar\u00eda Acad\u00e9mica&nbsp;de la&nbsp;Facultad de Arte. La [&hellip;]<\/p>\n","protected":false},"author":1,"featured_media":14278,"comment_status":"open","ping_status":"open","sticky":false,"template":"","format":"standard","meta":{"_acf_changed":false,"footnotes":""},"categories":[1],"tags":[215,2502,1038,288,2503],"class_list":["post-14259","post","type-post","status-publish","format-standard","has-post-thumbnail","hentry","category-novedades","tag-facultad-de-arte","tag-secretaria-academica","tag-secretaria-de-extension","tag-secretaria-de-investigacion-y-posgrado","tag-yo-no-quiero-volverme-tan-locx"],"acf":[],"_links":{"self":[{"href":"https:\/\/www.arte.unicen.edu.ar\/cdab\/wp-json\/wp\/v2\/posts\/14259","targetHints":{"allow":["GET"]}}],"collection":[{"href":"https:\/\/www.arte.unicen.edu.ar\/cdab\/wp-json\/wp\/v2\/posts"}],"about":[{"href":"https:\/\/www.arte.unicen.edu.ar\/cdab\/wp-json\/wp\/v2\/types\/post"}],"author":[{"embeddable":true,"href":"https:\/\/www.arte.unicen.edu.ar\/cdab\/wp-json\/wp\/v2\/users\/1"}],"replies":[{"embeddable":true,"href":"https:\/\/www.arte.unicen.edu.ar\/cdab\/wp-json\/wp\/v2\/comments?post=14259"}],"version-history":[{"count":2,"href":"https:\/\/www.arte.unicen.edu.ar\/cdab\/wp-json\/wp\/v2\/posts\/14259\/revisions"}],"predecessor-version":[{"id":17066,"href":"https:\/\/www.arte.unicen.edu.ar\/cdab\/wp-json\/wp\/v2\/posts\/14259\/revisions\/17066"}],"wp:featuredmedia":[{"embeddable":true,"href":"https:\/\/www.arte.unicen.edu.ar\/cdab\/wp-json\/wp\/v2\/media\/14278"}],"wp:attachment":[{"href":"https:\/\/www.arte.unicen.edu.ar\/cdab\/wp-json\/wp\/v2\/media?parent=14259"}],"wp:term":[{"taxonomy":"category","embeddable":true,"href":"https:\/\/www.arte.unicen.edu.ar\/cdab\/wp-json\/wp\/v2\/categories?post=14259"},{"taxonomy":"post_tag","embeddable":true,"href":"https:\/\/www.arte.unicen.edu.ar\/cdab\/wp-json\/wp\/v2\/tags?post=14259"}],"curies":[{"name":"wp","href":"https:\/\/api.w.org\/{rel}","templated":true}]}}