{"id":14230,"date":"2020-06-26T10:16:08","date_gmt":"2020-06-26T13:16:08","guid":{"rendered":"http:\/\/www.arte.unicen.edu.ar\/cdab\/?p=14230"},"modified":"2021-05-14T01:01:31","modified_gmt":"2021-05-14T04:01:31","slug":"cuidado-social-vinculo-virtual-15","status":"publish","type":"post","link":"https:\/\/www.arte.unicen.edu.ar\/cdab\/cuidado-social-vinculo-virtual-15\/","title":{"rendered":"Cuidado social. V\u00ednculo virtual #15"},"content":{"rendered":"\n<p class=\"cdab-text-covid19\"><strong>Cuidado social. V\u00ednculo virtual<\/strong> es una iniciativa de la <em>Secretar\u00eda de Investigaci\u00f3n y Posgrado<\/em> de la <a href=\"http:\/\/www.arte.unicen.edu.ar\" target=\"_blank\" rel=\"noopener noreferrer\">Facultad de Arte<\/a>. En este bolet\u00edn de recomendaciones se presentar\u00e1n libros, revistas acad\u00e9micas, archivos y bibliotecas digitales abiertas, contenidos audiovisuales y links de inter\u00e9s para fomentar el intercambio entre todos los integrantes de la comunidad educativa. De esta forma seguiremos form\u00e1ndonos y reflexionando sobre el arte sin dejar de cuidarnos entre todos ante la pandemia COVID-19.<\/p>\n\n<div class=\"cdab-especial-covid19-card\"><div class=\"cdab-especial-covid19-card-icon novedades\"><i class=\"fa fa-newspaper-o\" aria-hidden=\"true\" style=\"margin-left: 3px;\"><\/i><\/div><div class=\"cdab-especial-covid19-card-title novedades\">NOVEDADES<\/div><p><img decoding=\"async\" class=\"cdab-tapa-instidentpoet-index publicacion-tapa\" title=\"Yo no quiero volverme tan locx #8: Laura Azcurra y Natalia Badgen (Colectiva de Actrices Argentinas)\" src=\"http:\/\/www.arte.unicen.edu.ar\/cdab\/wp-content\/uploads\/2020\/06\/actricesargentinas-ynqvtl.jpg\" alt=\"Yo no quiero volverme tan locx #8: Laura Azcurra y Natalia Badgen (Colectiva de Actrices Argentinas)\" style=\"width: 270px; height: 395px; float: right; border: 10px solid #fff; box-shadow: 0 0 5px rgba(0, 0, 0, 0.1); -webkit-box-shadow: 0 0 5px rgba(0, 0, 0, 0.1); -moz-box-shadow: 0 0 5px rgba(0, 0, 0, 0.1); display: block; margin: 0px 0px 22px 22px;\"\/><h3>Yo no quiero volverme tan locx #8: Laura Azcurra y Natalia Badgen<br \/>Colectiva de Actrices Argentinas<\/h3><\/p><p>El lunes 15 de junio, la <a href=\"https:\/\/www.facebook.com\/actricesarg\" target=\"_blank\" rel=\"noopener noreferrer\">Colectiva de Actrices Argentinas<\/a> -representada por <strong>Laura Azcurra<\/strong> y <strong>Natalia Badgen<\/strong>&#8211; se sum\u00f3 al ciclo de charlas <strong>Yo no quiero volverme tan locx<\/strong> para dialogar sobre <em>las luchas de las mujeres y lxs artistas en tiempos de cuarentena<\/em>. Esta propuesta sostenida desde la <a rel=\"noreferrer noopener\" href=\"http:\/\/www.arte.unicen.edu.ar\/secretarias\/investigacion-posgrado\/\" target=\"_blank\">Secretar\u00eda de Investigaci\u00f3n y Posgrado<\/a> y la <a rel=\"noreferrer noopener\" href=\"http:\/\/www.arte.unicen.edu.ar\/secretarias\/academica\/\" target=\"_blank\">Secretar\u00eda Acad\u00e9mica<\/a> de la <a rel=\"noreferrer noopener\" href=\"http:\/\/www.arte.unicen.edu.ar\/\" target=\"_blank\">Facultad de Arte<\/a>, lleva ocho ediciones ininterrumpidas con diferentes personalidades que abordan distintas tem\u00e1ticas relacionadas al arte como medio de expresi\u00f3n y transformaci\u00f3n social, la cultura, el quehacer audiovisual, entre otros t\u00f3picos relacionados.<\/p>\n<p>Esta edici\u00f3n fue articulada desde la <a href=\"http:\/\/www.arte.unicen.edu.ar\/secretarias\/extension\" target=\"_blank\" rel=\"noopener noreferrer\">Secretar\u00eda de Extensi\u00f3n<\/a>, cont\u00f3 con las palabras de presentaci\u00f3n de la <strong>Prof. Marisa Rodr\u00edguez<\/strong> (Secretaria Acad\u00e9mica &#8211; <a href=\"http:\/\/www.arte.unicen.edu.ar\/\" target=\"_blank\" rel=\"noopener noreferrer\">FA<\/a>, <a href=\"http:\/\/www.unicen.edu.ar\/\" target=\"_blank\" rel=\"noopener noreferrer\">UNICEN<\/a>) y la realizadora audiovisual <strong>Magal\u00ed Mariano<\/strong> (Coordinadora de Actividades de Extensi\u00f3n &#8211; <a href=\"http:\/\/www.arte.unicen.edu.ar\/\" target=\"_blank\" rel=\"noopener noreferrer\">FA<\/a>, <a href=\"http:\/\/www.unicen.edu.ar\/\" target=\"_blank\" rel=\"noopener noreferrer\">UNICEN<\/a>) y la participaci\u00f3n del <strong>Dr. Javier Campo<\/strong> (Secretario de Investigaci\u00f3n y Posgrado &#8211; <a href=\"http:\/\/www.arte.unicen.edu.ar\/\" target=\"_blank\" rel=\"noopener noreferrer\">FA<\/a>, <a href=\"http:\/\/www.unicen.edu.ar\/\" target=\"_blank\" rel=\"noopener noreferrer\">UNICEN<\/a>), el <strong>Prof. Pedro Sanzano<\/strong> (Secretario de Extensi\u00f3n &#8211; <a href=\"http:\/\/www.arte.unicen.edu.ar\/\" target=\"_blank\" rel=\"noopener noreferrer\">FA<\/a>, <a href=\"http:\/\/www.unicen.edu.ar\/\" target=\"_blank\" rel=\"noopener noreferrer\">UNICEN<\/a>) y el Decano de nuestra Unidad Acad\u00e9mica, <strong>Lic. Mario Valiente<\/strong>.<\/p>\n<p>Quienes deseen volver a ver los encuentros previos podr\u00e1n hacerlo desde el <a href=\"https:\/\/www.youtube.com\/channel\/UCOBrOTwPT5GiKHYXACcgyLQ\" target=\"_blank\" rel=\"noopener noreferrer\">canal de YouTube<\/a> de la <a href=\"http:\/\/www.arte.unicen.edu.ar\" target=\"_blank\" rel=\"noopener noreferrer\">Facultad de Arte<\/a> y el sitio web del <strong>CDAB<\/strong>. Hasta el momento pasaron por <strong>Yo no quiero volverme tan locx<\/strong>: <strong>Kekena Corval\u00e1n<\/strong>, <strong>Mar\u00eda Stegmayer<\/strong>, <strong>Claudio Pansera<\/strong>, <strong>Pablo Mereu<\/strong>, la <strong>Cooperativa de Dise\u00f1o<\/strong>, <strong>Alejandra Garc\u00eda Vargas<\/strong> y <strong>Nicol\u00e1s Batlle<\/strong>.<\/p><div class=\"container-newsbutton\">\n<a data-fancybox class=\"cdab-newsbuttonlink\" href=\"https:\/\/www.youtube.com\/watch?v=fU7gMw8Sdrk\" target=\"_blank\" rel=\"noopener noreferrer\"><div class=\"cdab-youtube-newsbutton\">VER EN CANAL FACULTAD DE ARTE<\/div><\/a>\n<\/div><div class=\"container-newsbutton\">\n<a class=\"cdab-newsbuttonlink\" href=\"http:\/\/www.arte.unicen.edu.ar\/cdab\/ynqvtl-colectiva-actrices-argentinas-dialogar-luchas-mujeres-artistas-cuarentena\" target=\"_blank\" rel=\"noopener noreferrer\"><div class=\"cdab-cdab-newsbutton\">NOTA COMPLETA EN SITIO WEB CDAB<\/div><\/a>\n<\/div>\n<hr style=\"margin-bottom: 25px;\"\/>\n<h3>ESTRENO | Hacer ciencia hoy en la UNICEN<br \/><span style=\"font-size: 16px;\">Cortos sobre la implementaci\u00f3n de Proyectos Estrat\u00e9gicos de Investigaci\u00f3n, Desarrollo y Transferencia (PEIDyT-SECAT 2019-2020)<\/span><\/h3>\n<p><strong>Hacer ciencia hoy en la UNICEN<\/strong> es un programa surgido de un acuerdo entre la <a rel=\"noreferrer noopener\" href=\"http:\/\/www.arte.unicen.edu.ar\/secretarias\/investigacion-posgrado\/\" target=\"_blank\">Secretar\u00eda de Investigaci\u00f3n y Posgrado<\/a> de la <a rel=\"noreferrer noopener\" href=\"http:\/\/www.arte.unicen.edu.ar\" target=\"_blank\">Facultad de Arte<\/a> y la <a rel=\"noreferrer noopener\" href=\"http:\/\/secat.unicen.edu.ar\" target=\"_blank\">Secretar\u00eda de Ciencia, Arte y Tecnolog\u00eda (SECAT)<\/a> de la <a rel=\"noreferrer noopener\" href=\"http:\/\/www.unicen.edu.ar\" target=\"_blank\">UNICEN<\/a>. Luego de una convocatoria abierta a realizadores audiovisuales se conform\u00f3 un equipo de trabajo que tiene la misi\u00f3n de realizar cortometrajes que divulguen las investigaciones de los distintos PEIDyT 2019-2020 aprobados.<\/p>\n<p>En esta primera etapa se estar\u00e1n estrenando peri\u00f3dicamente las primeras partes de los audiovisuales sobre los proyectos, introductorias. El equipo de realizaci\u00f3n contin\u00faa trabajando con los investigadores registrando sus avances, los cuales constituir\u00e1n la continuaci\u00f3n de estos cortometrajes.<\/p>\n<p><u>Coordinaci\u00f3n:<\/u> DIyS Mar\u00eda Cecilia Christensen<br \/>\n<u>Asistencia de coordinaci\u00f3n:<\/u> RI Melina Guerrero<br \/>\n<u>Producci\u00f3n:<\/u> RI Walter Vicente<br \/>\n<u>Direcci\u00f3n de fotograf\u00eda:<\/u> RI Elio Capr\u00edn Dal Sasso<br \/>\n<u>Direcci\u00f3n de sonido:<\/u> RI Fernando Funaro<\/p>\n<p>En este estreno se presentan la entrevista al Secretario de Ciencia <strong>Dr. Pablo Lotito<\/strong>, quien brinda una introducci\u00f3n sobre las diferentes l\u00edneas de trabajo de la <a rel=\"noreferrer noopener\" href=\"http:\/\/secat.unicen.edu.ar\" target=\"_blank\">SECAT<\/a>, y los primeros minutos de presentaci\u00f3n del proyecto <em>SimData &#8211; Desarrollo de contenido adaptado para la ense\u00f1anza de anatom\u00eda usando SimAnato<\/em>. PEIDyT en el cual se re\u00fanen trabajadores y estudiantes de la <a rel=\"noreferrer noopener\" href=\"http:\/\/www.salud.unicen.edu.ar\" target=\"_blank\">Facultad de Ciencias de la Salud<\/a> y la <a rel=\"noreferrer noopener\" href=\"http:\/\/www.exa.unicen.edu.ar\" target=\"_blank\">Facultad de Ciencias Exactas<\/a> de la <a rel=\"noreferrer noopener\" href=\"http:\/\/www.unicen.edu.ar\" target=\"_blank\">UNICEN<\/a>.<\/p>\n<div align=\"center\" style=\"margin: 20px auto\"><iframe loading=\"lazy\" width=\"560\" height=\"315\" src=\"https:\/\/www.youtube.com\/embed\/U5J7yNO8XTk\" frameborder=\"0\" allow=\"accelerometer; autoplay; encrypted-media; gyroscope; picture-in-picture\" allowfullscreen><\/iframe><\/div>\n<div align=\"center\" style=\"margin: 20px auto\"><iframe loading=\"lazy\" width=\"560\" height=\"315\" src=\"https:\/\/www.youtube.com\/embed\/j1togOzj4bI\" frameborder=\"0\" allow=\"accelerometer; autoplay; encrypted-media; gyroscope; picture-in-picture\" allowfullscreen><\/iframe><\/div>\n<p><u>PROYECTO:<\/u> <strong>SimData &#8211; Desarrollo de contenido adaptado para la ense\u00f1anza de anatom\u00eda usando SimAnato<\/strong>.<br \/>\n<u>AREA ESTRAT\u00c9GICA:<\/u> Tecnolog\u00edas de la Informaci\u00f3n y Comunicaci\u00f3n en Cultura y Educaci\u00f3n.<br \/>\n<u>DIRECTOR:<\/u> Dr. Larrabide, Ignacio &#8211; PLADEMA.<br \/>\n<u>CODIRETOR:<\/u> Dr. Marin, Gustavo.<br \/>\n<u>UNIDADES ACADEMICAS:<\/u> <a rel=\"noreferrer noopener\" href=\"http:\/\/www.exa.unicen.edu.ar\" target=\"_blank\">Facultad de Ciencias Exactas<\/a> &#8211; <a rel=\"noreferrer noopener\" href=\"http:\/\/www.salud.unicen.edu.ar\" target=\"_blank\">Facultad de Ciencias de la Salud<\/a>.<\/p>\n<p><table style=\"margin: 10px auto 0px; text-align: center; border-collapse: collapse; border-spacing: 0;\">\n<tbody>\n<tr>\n<td style=\"padding: 0px 20px 5px 20px;\"><a href=\"http:\/\/www.arte.unicen.edu.ar\/cdab\/wp-content\/uploads\/2020\/06\/hacerciencia-01.jpg\" data-fancybox=\"gallery\" data-caption=\"Cuidado social. V\u00ednculo virtual #15\"><img loading=\"lazy\" decoding=\"async\" class=\"aligncenter size-medium wp-image-5627\" src=\"http:\/\/www.arte.unicen.edu.ar\/cdab\/wp-content\/uploads\/2020\/06\/hacerciencia-01-600x450.jpg\" alt=\"\" width=\"400\" height=\"300\"\/><\/a><\/td>\n<td style=\"padding: 0px 20px 5px 20px;\"><a href=\"http:\/\/www.arte.unicen.edu.ar\/cdab\/wp-content\/uploads\/2020\/06\/hacerciencia-02.jpg\" data-fancybox=\"gallery\" data-caption=\"Cuidado social. V\u00ednculo virtual #15\"><img loading=\"lazy\" decoding=\"async\" class=\"aligncenter size-medium wp-image-5628\" src=\"http:\/\/www.arte.unicen.edu.ar\/cdab\/wp-content\/uploads\/2020\/06\/hacerciencia-02-600x450.jpg\" alt=\"\" width=\"400\" height=\"300\"\/><\/a><\/td>\n<\/tr>\n<\/tbody>\n<\/table><\/p>\n<\/div>\n<div class=\"cdab-especial-covid19-card\"><div class=\"cdab-especial-covid19-card-icon enlaces\"><i class=\"fa fa-exclamation\" aria-hidden=\"true\" style=\"margin-left: 3px;\"><\/i><\/div><div class=\"cdab-especial-covid19-card-title enlaces\">ENLACES: <span style=\"font-size: 18px;\">Espacio de acompa\u00f1amiento para postulantes a becas y proyectos de investigaci\u00f3n<\/span><\/div>\n<h3>\u00bfQu\u00e9 es?<\/h3>\n<p><strong>Enlaces<\/strong> es un espacio de acompa\u00f1amiento y asesoramiento para lxs estudiantes, graduadxs o docentes de la <a href=\"http:\/\/www.arte.unicen.edu.ar\" target=\"_blank\" rel=\"noopener noreferrer\">Facultad de Arte<\/a> interesadxs en postularse a becas, proyectos de investigaci\u00f3n, vinculaci\u00f3n y transferencia o fomento a la producci\u00f3n intelectual en las distintas instituciones nacionales: <a href=\"https:\/\/www.conicet.gov.ar\" target=\"_blank\" rel=\"noopener noreferrer\">CONICET<\/a>, <a href=\"https:\/\/www.gba.gob.ar\/cic\" target=\"_blank\" rel=\"noopener noreferrer\">Comisi\u00f3n de Investigaciones Cient\u00edficas (CIC)<\/a>, <a href=\"https:\/\/www.cin.edu.ar\" target=\"_blank\" rel=\"noopener noreferrer\">Consejo Interuniversitario Nacional (CIN)<\/a>, <a href=\"http:\/\/www.agencia.mincyt.gob.ar\" target=\"_blank\" rel=\"noopener noreferrer\">Agencia<\/a>, <a href=\"https:\/\/www.cultura.gob.ar\" target=\"_blank\" rel=\"noopener noreferrer\">Ministerio de Cultura<\/a> y <a href=\"https:\/\/www.fnartes.gob.ar\" target=\"_blank\" rel=\"noopener noreferrer\">Fondo Nacional de las Artes (FNA)<\/a>, entre otras. A las l\u00edneas de financiamiento de la <a href=\"http:\/\/secat.unicen.edu.ar\" target=\"_blank\" rel=\"noopener noreferrer\">Secretar\u00eda de Ciencia, Arte y Tecnolog\u00eda<\/a> de la <a href=\"http:\/\/www.unicen.edu.ar\" target=\"_blank\" rel=\"noopener noreferrer\">UNICEN<\/a>. Como asimismo a convocatorias de organismos internacionales y universidades extranjeras.<\/p>\n<h3>\u00bfQui\u00e9nes lo promueven?<\/h3>\n<p>Lo lleva adelante la <strong>Secretar\u00eda de Investigaci\u00f3n y Posgrado<\/strong> y sus \u00e1reas dependientes (<a href=\"http:\/\/www.arte.unicen.edu.ar\/formacion-continua\" target=\"_blank\" rel=\"noopener noreferrer\">Formaci\u00f3n Continua<\/a>, <a href=\"http:\/\/www.arte.unicen.edu.ar\/artepublicaciones\" target=\"_blank\" rel=\"noopener noreferrer\">Arte Publicaciones<\/a>, <a href=\"http:\/\/www.arte.unicen.edu.ar\/cdab\" target=\"_blank\" rel=\"noopener noreferrer\">Centro de Documentaci\u00f3n Audiovisual y Biblioteca<\/a>, Vinculaci\u00f3n y Transferencia), en di\u00e1logo con los <a href=\"http:\/\/www.arte.unicen.edu.ar\/secretarias\/investigacion-posgrado\/nucleos\" target=\"_blank\" rel=\"noopener noreferrer\">N\u00facleos de Investigaci\u00f3n<\/a> de la <a href=\"http:\/\/www.arte.unicen.edu.ar\" target=\"_blank\" rel=\"noopener noreferrer\">Facultad de Arte<\/a>.<\/p>\n<h3>\u00bfC\u00f3mo participo?<\/h3>\n<p>Establecer contacto con la <strong>Secretar\u00eda de Investigaci\u00f3n y Posgrado<\/strong> a <a href=\"mailto:investigacion@arte.unicen.edu.ar\">investigacion@arte.unicen.edu.ar<\/a>. Contanos cuales son los temas de tu inter\u00e9s y si est\u00e1s pensando a qu\u00e9 beca o programa de fomento a la investigaci\u00f3n quer\u00e9s aplicar.<\/p>\n<p>Realizaremos reuniones individuales y grupales peri\u00f3dicas con lxs interesadxs en el marco de Talleres de ideas y proyectos de investigaci\u00f3n con la participaci\u00f3n de investigadorxs y becarixs vigentes. Se establecer\u00e1n v\u00ednculos con los referentes de las distintas \u00e1reas disciplinares de investigaci\u00f3n y se promover\u00e1n las convocatorias.<\/p>\n<div style=\"margin: 0px auto 20px; text-align: center;\"><a href=\"http:\/\/www.arte.unicen.edu.ar\/cdab\/wp-content\/uploads\/2020\/06\/enlaces-flyer.jpg\" data-fancybox=\"gallery\" data-caption=\"Cuidado social. V\u00ednculo virtual #15\"><img loading=\"lazy\" decoding=\"async\" src=\"http:\/\/www.arte.unicen.edu.ar\/cdab\/wp-content\/uploads\/2020\/06\/enlaces-flyer.jpg\" alt=\"ENLACES: Espacio de acompa\u00f1amiento para postulantes a becas y proyectos de investigaci\u00f3n\" title=\"ENLACES: Espacio de acompa\u00f1amiento para postulantes a becas y proyectos de investigaci\u00f3n\" border=\"0\" width=\"500\" height=\"549\" \/><\/a><\/div>\n<\/div>\n<div class=\"cdab-especial-covid19-card\"><div class=\"cdab-especial-covid19-card-icon libros\"><i class=\"fa fa-book\" aria-hidden=\"true\" style=\"margin-left: 3px;\"><\/i><\/div><div class=\"cdab-especial-covid19-card-title libros\">LIBROS<\/div><p><img decoding=\"async\" class=\"cdab-tapa-instidentpoet-index publicacion-tapa\" title=\"Antolog\u00eda de teatro rionegrino en la posdictadura\" src=\"http:\/\/www.arte.unicen.edu.ar\/cdab\/wp-content\/uploads\/2020\/06\/teatrorionegrino-tapa.jpg\" alt=\"Antolog\u00eda de teatro rionegrino en la posdictadura\" style=\"width: 220px; height: 302px; float: right; border: 10px solid #fff; box-shadow: 0 0 5px rgba(0, 0, 0, 0.1); -webkit-box-shadow: 0 0 5px rgba(0, 0, 0, 0.1); -moz-box-shadow: 0 0 5px rgba(0, 0, 0, 0.1); display: block; margin: 0px 0px 0px 22px;\"\/><\/p><h3>Antolog\u00eda de teatro rionegrino en la posdictadura<\/h3><p><strong>Mauricio Tossi (comp.)<br \/>2015. 296 p\u00e1ginas. 23 x 15 cm. Editorial UNRN<\/strong><\/p><p>Al reunir estas obras de teatro producidas en la provincia de R\u00edo Negro se localizan, reconocen, documentan, valoran y difunden los procesos dramat\u00fargicos de la regi\u00f3n; en un esfuerzo que pretende asir, en unas cuantas p\u00e1ginas, un conjunto de textos que viven de la tensi\u00f3n entre la escena y el papel impreso.<\/p>\n<p>Acercarnos a la escena teatral a partir de la escritura es seguir las huellas discursivas de lo ef\u00edmero, que se torna un trabajo necesario para incentivar un pujante e inestable campo teatral rionegrino. Son m\u00faltiples los desaf\u00edos t\u00e9cnicos, est\u00e9ticos e ideol\u00f3gicos que esta dramaturgia ha asumido en las \u00faltimas d\u00e9cadas, los cuales -sin dudas- ser\u00e1n los motores de un nuevo per\u00edodo hist\u00f3rico-productivo.<\/p>\n<p>Estas creaciones tienen como objetivo estimular reflexiones sobre las pr\u00e1cticas teatrales y, tal vez, poder avanzar hacia un modelo de arte que funcione como un nicho de alteridad formado a partir de identidades m\u00faltiples y complejas.<\/p>\n<div class=\"container-newsbutton\">\n<a class=\"cdab-newsbuttonlink\" href=\"http:\/\/editorial.unrn.edu.ar\/media\/data\/aperturas\/Antologia_teatro_RN_UNRN_aperturas.pdf\" target=\"_blank\" rel=\"noopener noreferrer\"><div class=\"cdab-pdf-newsbutton\">DESCARGAR E-BOOK<\/div><\/a>\n<\/div><hr style=\"margin-bottom: 25px;\"\/>\n<p><img decoding=\"async\" class=\"cdab-tapa-instidentpoet-index publicacion-tapa\" title=\"Estudios sociales del arte. Una mirada transdisciplinaria\" src=\"http:\/\/www.arte.unicen.edu.ar\/cdab\/wp-content\/uploads\/2020\/06\/estudiossocialesarte-tapa.jpg\" alt=\"Estudios sociales del arte. Una mirada transdisciplinaria\" style=\"width: 220px; height: 302px; float: right; border: 10px solid #fff; box-shadow: 0 0 5px rgba(0, 0, 0, 0.1); -webkit-box-shadow: 0 0 5px rgba(0, 0, 0, 0.1); -moz-box-shadow: 0 0 5px rgba(0, 0, 0, 0.1); display: block; margin: 0px 0px 22px 22px;\"\/><\/p><h3>Estudios sociales del arte. Una mirada transdisciplinaria<\/h3><p><strong>Ver\u00f3nica Capasso, Ana Bugnone, Clarisa Fern\u00e1ndez (coords.)<br \/>2020. 194 p\u00e1ginas. EDULP<\/strong><\/p><p>Este libro propone introducir los principales temas y problem\u00e1ticas de los estudios sociales del arte, especialmente para alumnes de grado. Esta \u00e1rea de conocimientos en expansi\u00f3n abarca a la sociolog\u00eda como ciencia social por excelencia, pero tambi\u00e9n a otras ciencias sociales y las humanidades, como la historia del arte, los estudios culturales, la comunicaci\u00f3n, la cr\u00edtica de arte y literaria, la antropolog\u00eda y la filosof\u00eda.<\/p><p>Desde los or\u00edgenes de la sociolog\u00eda del arte, diferentes teorizaciones han intentado responder a los problemas que plantean el lugar del arte en la sociedad, las relaciones sociales que all\u00ed se construyen, las caracter\u00edsticas del p\u00fablico, las particularidades y roles de les artistas, las funciones de las instituciones art\u00edsticas y del Estado, entre otros. En este sentido, algunes te\u00f3ricos han retomado las perspectivas cl\u00e1sicas sobre el tema y las han puesto en cuesti\u00f3n a la luz de las nuevas coyunturas hist\u00f3ricopol\u00edticas, incluso desde las fronteras transdisciplinarias que la sociolog\u00eda comparte con otras ciencias como la comunicaci\u00f3n o la antropolog\u00eda<\/p><p>Estos planteos introducen nuevas preguntas, actores y perspectivas anal\u00edticas, que ampl\u00edan la mirada que frecuentemente circula en torno a la tem\u00e1tica, cuyo centro se ubica, por lo general, en la teor\u00eda de Pierre Bourdieu.<\/p>\n<div class=\"container-newsbutton\">\n<a class=\"cdab-newsbuttonlink\" href=\"http:\/\/sedici.unlp.edu.ar\/bitstream\/handle\/10915\/97540\/Documento_completo.pdf-PDFA.pdf?sequence=1&#038;isAllowed=y\" target=\"_blank\" rel=\"noopener noreferrer\"><div class=\"cdab-pdf-newsbutton\">DESCARGAR E-BOOK<\/div><\/a>\n<\/div><hr style=\"margin-bottom: 25px;\"\/>\n<p><img decoding=\"async\" class=\"cdab-tapa-instidentpoet-index publicacion-tapa\" title=\"El m\u00e9todo guionarte. Guion y creatividad I\" src=\"http:\/\/www.arte.unicen.edu.ar\/cdab\/wp-content\/uploads\/2020\/06\/metodoguionarte-tapa.jpg\" alt=\"El m\u00e9todo guionarte. Guion y creatividad I\" style=\"width: 220px; height: 302px; float: right; border: 10px solid #fff; box-shadow: 0 0 5px rgba(0, 0, 0, 0.1); -webkit-box-shadow: 0 0 5px rgba(0, 0, 0, 0.1); -moz-box-shadow: 0 0 5px rgba(0, 0, 0, 0.1); display: block; margin: 0px 0px 22px 22px;\"\/><\/p><h3>El m\u00e9todo guionarte. Guion y creatividad I<\/h3><p><strong>Michelina Oviedo<br \/>2016. 150 p\u00e1ginas. 23 x 15 cm. Editorial UNRN<\/strong><\/p><p><strong>Guionarte<\/strong> es el m\u00e9todo desarrollado por Michelina Oviedo para la escritura de guiones audiovisuales, consolidado tras m\u00e1s de 25 a\u00f1os de dedicaci\u00f3n a la ense\u00f1anza y al oficio. Oviedo, quien es directora de la primera escuela de guiones del pa\u00eds y docente de la <a href=\"https:\/\/www.unrn.edu.ar\" target=\"_blank\" rel=\"noopener noreferrer\">UNRN<\/a>, se ha formado bajo la direcci\u00f3n de Fernando Birri y su influencia antiescol\u00e1stica en la Escuela Internacional de Cine y TV de la Fundaci\u00f3n del Nuevo Cine Latinoamericano, en Cuba.<\/p>\n<p>Aqu\u00ed presentamos la segunda edici\u00f3n de El m\u00e9todo guionarte, con la seguridad de publicar un trabajo s\u00f3lido y de eficacia comprobada por cientos de estudiantes, cuyos productos en pantalla han sido reconocidos a nivel internacional. Sus destinatarios no son cient\u00edficos o semi\u00d3logos, sino escritores, cineastas, dramaturgos y comunicadores en general. Se busca compartir un m\u00e9todo de utilidad para la construcci\u00f3n del gui\u00f3n en cualquiera de sus formatos, que facilite una tarea de gran responsabilidad social.<\/p>\n<p><em>\u00bfEl guionista debe convertirse en un escritor? Definitivamente s\u00ed. \u00bfDebe poseer el esp\u00edritu creativo de un escritor? Si hablamos de la capacidad de enso\u00f1ar, abstraer e imaginar historias, digo rotundamente que s\u00ed. Un guionista es un escritor dram\u00e1tico audiovisual.<\/em><\/p>\n<div class=\"container-newsbutton\">\n<a class=\"cdab-newsbuttonlink\" href=\"https:\/\/es.calameo.com\/read\/0012226121d43a839d1ca?page=7\" target=\"_blank\" rel=\"noopener noreferrer\"><div class=\"cdab-web-newsbutton\">LEER ONLINE<\/div><\/a>\n<\/div><\/div>\n<div class=\"cdab-especial-covid19-card\"><div class=\"cdab-especial-covid19-card-icon teatro\"><i class=\"fa fa-comments-o\" aria-hidden=\"true\"><\/i><\/div><div class=\"cdab-especial-covid19-card-title teatro\">TEATRO<\/div>\n<p><img loading=\"lazy\" decoding=\"async\" width=\"200\" height=\"200\" class=\"alignright size-full wp-image-4077\" style=\"border: 0px; border-radius: 200px; margin-bottom: 50px;\" src=\"http:\/\/www.arte.unicen.edu.ar\/cdab\/wp-content\/uploads\/2020\/06\/integrandosaberes-int-logo.jpg\" alt=\"INTegrando Saberes | Hugo Aristimu\u00f1o\" title=\"INTegrando Saberes | Hugo Aristimu\u00f1o\" \/><h3>INTegrando Saberes<br \/><span style=\"font-size: 16px;\">Hugo Aristimu\u00f1o: &#8220;La macro realidad natural y la micro realidad esc\u00e9nica, el tr\u00e1nsito hacia una nueva instancia relacional de la escena teatral&#8221;<\/span><\/h3><\/p><p><strong>INTegrando Saberes<\/strong> es el ciclo de clases magistrales que lanz\u00f3 el <a href=\"http:\/\/www.inteatro.gob.ar\" target=\"_blank\" rel=\"noopener noreferrer\">Instituto Nacional del Teatro<\/a> a cargo de maestras y maestros de las artes esc\u00e9nicas nacionales, destacados referentes de las seis regiones teatrales del pa\u00eds.<\/p>\n<p>En esta oportunidad, <strong>Hugo Aristimu\u00f1o<\/strong>, maestro y creador de la patagonia argentina, presenta la tercera clase: <em>&#8220;La macro realidad natural y la micro realidad esc\u00e9nica, el tr\u00e1nsito hacia una nueva instancia relacional de la escena teatral&#8221;<\/em>. La memoria gen\u00e9tica, el ser situado, la relaci\u00f3n entre alegor\u00eda y s\u00edmbolo asociada a la idea e imagen creadora, la prox\u00e9mica teatral, y los conceptos de met\u00e1fora, analog\u00eda y s\u00edmbolo para entender los comportamientos esc\u00e9nicos, son los ejes principales que atraviesan su exposici\u00f3n.<\/p>\n<p><strong>Hugo Aristimu\u00f1o<\/strong> naci\u00f3 en Paran\u00e1, Entre R\u00edos. Es rionegrino y patag\u00f3nico por adopci\u00f3n. A los tres a\u00f1os de edad lleg\u00f3 con sus padres a Fishque Menuco (nombre mapuche de Gral. Roca, R\u00edo Negro). Pas\u00f3 su ni\u00f1ez y adolescencia entre las localidades de Luis Beltr\u00e1n, Gral. Roca y Viedma. En 1970 se traslad\u00f3 a Buenos Aires para realizar estudios universitarios y art\u00edsticos, donde vivi\u00f3 hasta el a\u00f1o 1978. Regres\u00f3 a Viedma para trabajar como arquitecto y all\u00ed vivi\u00f3 hasta 1985, a\u00f1o en que regres\u00f3 a Luis Beltr\u00e1n, para construir con el Grupo Libres (Cooperativa de trabajo art\u00edstico) el Teatro del Galp\u00f3n.<\/p>\n<div align=\"center\" style=\"margin: 20px auto;\"><iframe loading=\"lazy\" width=\"560\" height=\"315\" src=\"https:\/\/www.youtube.com\/embed\/Eb0Rt2g5W8U\" frameborder=\"0\" allow=\"accelerometer; autoplay; encrypted-media; gyroscope; picture-in-picture\" allowfullscreen><\/iframe><\/div>\n<hr style=\"margin-bottom: 25px;\"\/>\n<h3>&#8220;Las artes esc\u00e9nicas y la pandemia. Desaf\u00edos y perspectivas en la regi\u00f3n&#8221;<br \/><span style=\"font-size: 16px;\">Centro Universitario de las Industrias Culturales Argentinas, UNDAV<\/span><\/h3>\n<p>El <a href=\"http:\/\/cuica.undav.edu.ar\" target=\"_blank\" rel=\"noopener noreferrer\">Centro Universitario de las Industrias Culturales Argentinas (CUICA)<\/a> de la <a href=\"https:\/\/www.undav.edu.ar\" target=\"_blank\" rel=\"noopener noreferrer\">Universidad Nacional de Avellaneda (UNDAV)<\/a> organiz\u00f3 un ciclo de conversaciones sobre las industrias culturales v\u00eda Facebook. En este caso compartimos el registro completo del segundo encuentro en el que Sebastian Blutrach (Argentina), Alvaro Ahunchain (Uruguay), \u00c2ngela Mour\u00e3o (Brasil) y Marisa De Leon (M\u00e9xico) reflexionan acerca del estado de situaci\u00f3n de las artes esc\u00e9nicas a nivel regional en \u00e9pocas de pandemia. Modera: Paula Brusca (Argentina).<\/p>\n<div align=\"center\" style=\"margin: 20px auto\"><iframe loading=\"lazy\" src=\"https:\/\/www.facebook.com\/plugins\/video.php?href=https%3A%2F%2Fwww.facebook.com%2Fcuicaundav%2Fvideos%2F475996359876805&#038;show_text=false&#038;width=560&#038;height=315&#038;appId\" width=\"560\" height=\"315\" style=\"border:none;overflow:hidden\" scrolling=\"no\" frameborder=\"0\" allowTransparency=\"true\" allow=\"encrypted-media\" allowFullScreen=\"true\"><\/iframe><\/div>\n<hr style=\"margin-bottom: 25px;\"\/>\n<h3>Charla virtual: &#8220;Reflexiones sobre la ense\u00f1anza teatral en la escuela&#8221; a cargo de Lic. Mar\u00eda Elsa Chapato<\/h3>\n<p>El mi\u00e9rcoles 10 de junio, el <a href=\"http:\/\/www.institutoartepilar.com.ar\" target=\"_blank\" rel=\"noopener noreferrer\">Instituto Superior de Arte y Creatividad de Pilar<\/a> llev\u00f3 a cabo un encuentro virtual con la <strong>Lic. Mar\u00eda Elsa Chapato<\/strong>, docente titular de la carrera <a href=\"http:\/\/www.arte.unicen.edu.ar\/carreras\/grado\/profesorado-de-teatro\/perfil-del-egresado_\" target=\"_blank\" rel=\"noopener noreferrer\">Profesorado de Teatro<\/a> de la <a href=\"http:\/\/www.arte.unicen.edu.ar\" target=\"_blank\" rel=\"noopener noreferrer\">Facultad de Arte<\/a>. El conversatorio, titulado <em>Reflexiones sobre la ense\u00f1anza teatral en la escuela<\/em>, cont\u00f3 con la participaci\u00f3n de estudiantes, docentes y egresados del mencionado Instituto.<\/p>\n<p><strong>Mar\u00eda Elsa Chapato<\/strong> es profesora en Ciencias de la Educaci\u00f3n y T\u00e9cnico en Planeamiento Educativo. Dirige el grupo de investigaci\u00f3n IFIPRAC-Ed. Se especializa en pr\u00e1cticas educativas y educaci\u00f3n art\u00edstica. Ha publicado obras sobre estas tem\u00e1ticas y actuado como asesora y evaluadora de proyectos en arte.<\/p>\n<div align=\"center\" style=\"margin: 20px auto;\"><iframe loading=\"lazy\" width=\"560\" height=\"315\" src=\"https:\/\/www.youtube.com\/embed\/playlist?list=PLOmUqa1E1xZebSmBknNly9l9h4kKAPzNY\" frameborder=\"0\" allow=\"accelerometer; autoplay; encrypted-media; gyroscope; picture-in-picture\" allowfullscreen><\/iframe><\/div>\n<\/div>\n<div class=\"cdab-especial-covid19-card\"><div class=\"cdab-especial-covid19-card-icon audiovisual\"><i class=\"fa fa-film\" aria-hidden=\"true\"><\/i><\/div><div class=\"cdab-especial-covid19-card-title audiovisual\">AUDIOVISUAL<\/div>\n<h3>&#8220;Rabbits&#8221; (2002, Dir. David Lynch)<\/h3>\n<p>El director de cine, actor, productor y guionista <strong>David Lynch<\/strong> comparti\u00f3 en su canal en YouTube el primer episodio de <em>Rabbits<\/em>, una serie animada que se public\u00f3 originalmente en 2002 a trav\u00e9s de la web del cineasta. En esta sitcom oscura, los tres conejos humanoides que la protagonizan conversan en una sala decorada de forma anticuada y en uno de los di\u00e1logos mencionan: <em>&#8220;Voy a averiguarlo alg\u00fan d\u00eda&#8221;<\/em>. Esa escena en cuesti\u00f3n fue homenajeada el video del sencillo <em>&#8220;Somebody Else<\/em> de la agrupaci\u00f3n pop <em>The 1975<\/em>.<\/p>\n<p>Las voces de los conejos son interpretadas por Scott Coffey, Laura Elena Harring y Naomi Watts; el mismo elenco que de <em>Mulholland Drive<\/em> (2001). Todos los episodios de la serie fueron grabados en el jard\u00edn de la casa de Lynch en Hollywood. La banda sonora fue creada por Angelo Badalamenti, quien ya hab\u00eda musicalizado <em>Twin Peaks<\/em> y otras producciones del director.<\/p>\n<div align=\"center\" style=\"margin: 20px auto;\"><iframe loading=\"lazy\" width=\"560\" height=\"315\" src=\"https:\/\/www.youtube.com\/embed\/66XPYk9bdhc\" frameborder=\"0\" allow=\"accelerometer; autoplay; encrypted-media; gyroscope; picture-in-picture\" allowfullscreen><\/iframe><\/div>\n<hr style=\"margin-bottom: 25px;\"\/>\n<p><a href=\"https:\/\/www.facebook.com\/lamujeryelcine\" target=\"_blank\" rel=\"noopener noreferrer\"><img decoding=\"async\" class=\"publicacion-tapa\" src=\"http:\/\/www.arte.unicen.edu.ar\/cdab\/wp-content\/uploads\/2020\/06\/especialmujercine-banner.jpg\" data-fancybox=\"gallery\" data-caption=\"Cuidado social. V\u00ednculo virtual #15\"\/><\/a><\/p>\n<p><a href=\"https:\/\/www.facebook.com\/lamujeryelcine\" target=\"_blank\" rel=\"noopener noreferrer\">La Mujer y el Cine<\/a>, es una asociaci\u00f3n fundada en 1988 por realizadoras del cine y la cultura de nuestro pa\u00eds con el objetivo de estimular a las mujeres a ejercer roles de liderazgo y difundir una producci\u00f3n creativa que no siempre cont\u00f3 con el apoyo de los circuitos de distribuci\u00f3n y exhibici\u00f3n, para ponerla en contacto con el p\u00fablico, sin distinci\u00f3n de g\u00e9nero.<\/p>\n<p>Desde <strong>Cuidado social. V\u00ednculo virtual<\/strong> te invitamos a disfrutar de una selecci\u00f3n de cortometrajes vinculados a tem\u00e1ticas de g\u00e9nero con la direcci\u00f3n de realizadoras mujeres&#8230;<\/p><br \/>\n<p><img decoding=\"async\" class=\"cdab-tapa-instidentpoet-index publicacion-tapa\" title=\"Chike\" src=\"http:\/\/www.arte.unicen.edu.ar\/cdab\/wp-content\/uploads\/2020\/06\/chike-poster.jpg\" alt=\"Chike\" style=\"width: 200px; height: 278px; float: left; border: 10px solid #fff; box-shadow: 0 0 5px rgba(0, 0, 0, 0.1); -webkit-box-shadow: 0 0 5px rgba(0, 0, 0, 0.1); -moz-box-shadow: 0 0 5px rgba(0, 0, 0, 0.1); display: block; margin: 0px 22px 22px 0px;\"\/><h3>Chike<\/h3><\/p>\n<p><strong><u>Dir:<\/u> Lucia Ravanelli<br \/>2017. Argentina. 16 mins.<\/strong><\/p><p>La adolescencia puede ser sinuosa y solitaria. Ana y Carla experimentan muchas sensaciones para vivir momentos fugaces y decisivos. Chike es un cortometraje realizado como tesis de ficci\u00f3n para la Escuela Nacional de Experimentaci\u00f3n y Realizaci\u00f3n Cinematogr\u00e1fica.<\/p><br \/><div class=\"container-newsbutton\">\n<a data-fancybox class=\"cdab-newsbuttonlink\" href=\"https:\/\/www.youtube.com\/watch?v=jTVEXdFg2L8\" target=\"_blank\" rel=\"noopener noreferrer\"><div class=\"cdab-youtube-newsbutton\">VER &#8220;CHIKE&#8221;<\/div><\/a><\/div><br \/><br \/>\n<p><img decoding=\"async\" class=\"cdab-tapa-instidentpoet-index publicacion-tapa\" title=\"Cuando dej\u00e9 de contar los d\u00edas\" src=\"http:\/\/www.arte.unicen.edu.ar\/cdab\/wp-content\/uploads\/2020\/06\/cuandodejedecontar-poster.jpg\" alt=\"Cuando dej\u00e9 de contar los d\u00edas\" style=\"width: 200px; height: 278px; float: left; border: 10px solid #fff; box-shadow: 0 0 5px rgba(0, 0, 0, 0.1); -webkit-box-shadow: 0 0 5px rgba(0, 0, 0, 0.1); -moz-box-shadow: 0 0 5px rgba(0, 0, 0, 0.1); display: block; margin: 0px 22px 22px 0px;\"\/><h3>Cuando dej\u00e9 de contar los d\u00edas<\/h3><\/p><p><strong><u>Dir:<\/u> Malena Bilbao R\u00f4o<br \/>2018. Argentina. 19 mins.<\/strong><\/p><p>Julia regresa al pa\u00eds por el casamiento de su hermana. Vivir\u00e1 hechos que har\u00e1n que se cuestione su vida.<\/p><br \/><div class=\"container-newsbutton\">\n<a data-fancybox class=\"cdab-newsbuttonlink\" href=\"https:\/\/www.vimeo.com\/248486055\" target=\"_blank\" rel=\"noopener noreferrer\"><div class=\"cdab-vimeo-newsbutton\">VER &#8220;CUANDO DEJ\u00c9 DE CONTAR LOS D\u00cdAS&#8221;<\/div><\/a><\/div><br \/><br \/>\n<p><img decoding=\"async\" class=\"cdab-tapa-instidentpoet-index publicacion-tapa\" title=\"La orca\" src=\"http:\/\/www.arte.unicen.edu.ar\/cdab\/wp-content\/uploads\/2020\/06\/laorca-poster.jpg\" alt=\"La orca\" style=\"width: 200px; height: 278px; float: left; border: 10px solid #fff; box-shadow: 0 0 5px rgba(0, 0, 0, 0.1); -webkit-box-shadow: 0 0 5px rgba(0, 0, 0, 0.1); -moz-box-shadow: 0 0 5px rgba(0, 0, 0, 0.1); display: block; margin: 0px 22px 22px 0px;\"\/><h3>La orca<\/h3><\/p><p><strong><u>Dir:<\/u> Julo Figuerero<br \/>2017. Argentina. 12 mins.<\/strong><\/p><p>Es verano y Paz espera el a\u00f1o nuevo en la quinta familiar. Un regalo inesperado desata tensiones entre su hermana y su madre, que deber\u00e1n resolverse antes de que lleguen los dem\u00e1s invitados para la cena.<\/p><br \/><div class=\"container-newsbutton\">\n<a class=\"cdab-newsbuttonlink\" href=\"https:\/\/www.youtube.com\/watch?v=bnkIR2AbEjc\" target=\"_blank\" rel=\"noopener noreferrer\"><div class=\"cdab-youtube-newsbutton\">VER &#8220;LA ORCA&#8221;<\/div><\/a><\/div><br \/><br \/>\n<p><img decoding=\"async\" class=\"cdab-tapa-instidentpoet-index publicacion-tapa\" title=\"Temporada de ranas\" src=\"http:\/\/www.arte.unicen.edu.ar\/cdab\/wp-content\/uploads\/2020\/06\/temporadaderanas-poster.jpg\" alt=\"Temporada de ranas\" style=\"width: 200px; height: 278px; float: left; border: 10px solid #fff; box-shadow: 0 0 5px rgba(0, 0, 0, 0.1); -webkit-box-shadow: 0 0 5px rgba(0, 0, 0, 0.1); -moz-box-shadow: 0 0 5px rgba(0, 0, 0, 0.1); display: block; margin: 0px 22px 22px 0px;\"\/><h3>Temporada de ranas<\/h3><\/p><p><strong><u>Dir:<\/u> Florencia Momo<br \/>2017. Argentina. 14 mins.<\/strong><\/p><p>Mientras que Delfi y Toto juegan en la quinta de sus abuelos, parece que la leyenda de la &#8220;Luz Mala&#8221; se vuelve realidad.<\/p><br \/><div class=\"container-newsbutton\">\n<a data-fancybox class=\"cdab-newsbuttonlink\" href=\"https:\/\/www.vimeo.com\/414968736\" target=\"_blank\" rel=\"noopener noreferrer\"><div class=\"cdab-vimeo-newsbutton\">VER &#8220;TEMPORADA DE RANAS&#8221;<\/div><\/a><\/div><br \/><br \/>\n<p><img decoding=\"async\" class=\"cdab-tapa-instidentpoet-index publicacion-tapa\" title=\"Cleantime\" src=\"http:\/\/www.arte.unicen.edu.ar\/cdab\/wp-content\/uploads\/2020\/06\/cleantime-poster.jpg\" alt=\"Cleantime\" style=\"width: 200px; height: 278px; float: left; border: 10px solid #fff; box-shadow: 0 0 5px rgba(0, 0, 0, 0.1); -webkit-box-shadow: 0 0 5px rgba(0, 0, 0, 0.1); -moz-box-shadow: 0 0 5px rgba(0, 0, 0, 0.1); display: block; margin: 0px 22px 22px 0px;\"\/><h3>Cleantime<\/h3><\/p><p><strong><u>Dir:<\/u> Sabrina Korn<br \/>2016. Argentina. 14 mins.<\/strong><\/p><p><em>Cleantime<\/em> es la historia de la rutina de Cristina, una chica que trabaja limpiando en un gimnasio y no se priva de disfrutar de los momentos de su d\u00eda.<\/p><br \/><div class=\"container-newsbutton\">\n<a data-fancybox class=\"cdab-newsbuttonlink\" href=\"https:\/\/www.vimeo.com\/187353952\" target=\"_blank\" rel=\"noopener noreferrer\"><div class=\"cdab-vimeo-newsbutton\">VER &#8220;CLEANTIME&#8221;<\/div><\/a><\/div><br \/>\n<p><img decoding=\"async\" class=\"cdab-tapa-instidentpoet-index publicacion-tapa\" title=\"El pez si no abre la boca muere\" src=\"http:\/\/www.arte.unicen.edu.ar\/cdab\/wp-content\/uploads\/2020\/06\/pezbocamuere-poster.jpg\" alt=\"El pez si no abre la boca muere\" style=\"width: 200px; height: 278px; float: left; border: 10px solid #fff; box-shadow: 0 0 5px rgba(0, 0, 0, 0.1); -webkit-box-shadow: 0 0 5px rgba(0, 0, 0, 0.1); -moz-box-shadow: 0 0 5px rgba(0, 0, 0, 0.1); display: block; margin: 0px 22px 22px 0px;\"\/><h3>El pez si no abre la boca muere<\/h3><\/p><p><strong><u>Dir:<\/u> Agnese Boaretto<br \/>2019. Argentina. 36 mins.<\/strong><\/p><p>Proyecto cinematogr\u00e1fico que incluye dos piezas audiovisuales, un cortometraje de ficci\u00f3n y un microdocumental. Ambas abordan la problem\u00e1tica del abuso sexual contra las infancias. Una historia protagonizada por Mateo G\u00f3mez Rochero y Laura Azcurra. Este relato de ficci\u00f3n continua con un microdocumental dirigido por Juan Sabio, donde parte del equipo de realizaci\u00f3n y personalidades de autoridad como el ex juez federal Dr. Carlos Rozanski y la Licenciada en Psicolog\u00eda Susana Toporosi abordan el ASI en profundidad.<\/p><div class=\"container-newsbutton\"><a data-fancybox class=\"cdab-newsbuttonlink\" href=\"https:\/\/www.youtube.com\/watch?v=xlzgShmWiCo\" target=\"_blank\" rel=\"noopener noreferrer\"><div class=\"cdab-youtube-newsbutton\">VER &#8220;EL PEZ SI NO ABRE LA BOCA MUERE&#8221;<\/div><\/a><\/div><br \/>\n<p>Para visionar charlas y proyecciones de la asociaci\u00f3n civil <a href=\"https:\/\/www.facebook.com\/lamujeryelcine\" target=\"_blank\" rel=\"noopener noreferrer\">La Mujer y el Cine<\/a> invitamos a visitar el Instagram oficial y el sitio web de <a href=\"https:\/\/www.buenosaires.gob.ar\/baaudiovisual\" target=\"_blank\" rel=\"noopener noreferrer\">BA Cultura<\/a>:<\/p><br \/>\n<div class=\"container-newsbutton\"><a data-fancybox class=\"cdab-newsbuttonlink\" href=\"https:\/\/www.instagram.com\/lamujeryelcine\" target=\"_blank\" rel=\"noopener noreferrer\"><div class=\"cdab-instagram-newsbutton\">LA MUJER Y EL CINE<\/div><\/a><a data-fancybox class=\"cdab-newsbuttonlink\" href=\"https:\/\/www.buenosaires.gob.ar\/baaudiovisual\/cine-genero-de-la-mano-de-la-mujer-y-el-cine\" target=\"_blank\" rel=\"noopener noreferrer\" style=\"margin-left: 50px;\"><div class=\"cdab-web-newsbutton\">VER M\u00c1S CORTOMETRAJES<\/div><\/a><\/div>\n<hr style=\"margin-bottom: 25px;\"\/>\n<h3>&#8220;Cine y pandemia. Situaci\u00f3n y desaf\u00edos en la regi\u00f3n&#8221;<br \/><span style=\"font-size: 16px;\">Centro Universitario de las Industrias Culturales Argentinas, UNDAV<\/span><\/h3>\n<p>El <a href=\"http:\/\/cuica.undav.edu.ar\" target=\"_blank\" rel=\"noopener noreferrer\">Centro Universitario de las Industrias Culturales Argentinas (CUICA)<\/a> de la <a href=\"https:\/\/www.undav.edu.ar\" target=\"_blank\" rel=\"noopener noreferrer\">Universidad Nacional de Avellaneda (UNDAV)<\/a> organiz\u00f3 un ciclo de conversaciones sobre las industrias culturales v\u00eda Facebook. En este caso compartimos el registro completo del tercer encuentro dedicado al cine en \u00e9pocas de pandemia. Cristina Gallego (Ciudad Lunar &#8211; Colombia), Laura Imperiale (Cacerola Films &#8211; M\u00e9xico), Andr\u00e9s Wood (Wood Producciones &#8211; Chile) y Santiago Gallelli (Rei Cine &#8211; Argentina) proponen una mirada regional acerca de la tem\u00e1tica bajo la coordinaci\u00f3n de Pablo Rovito, director de la Licenciatura en Artes Audiovisuales de la <a href=\"https:\/\/www.undav.edu.ar\" target=\"_blank\" rel=\"noopener noreferrer\">UNDAV<\/a>.<\/p>\n<div align=\"center\" style=\"margin: 20px auto\"><iframe loading=\"lazy\" src=\"https:\/\/www.facebook.com\/plugins\/video.php?href=https%3A%2F%2Fwww.facebook.com%2Fcuicaundav%2Fvideos%2F577235763227358&#038;show_text=false&#038;width=560&#038;height=315&#038;appId\" width=\"560\" height=\"315\" style=\"border:none;overflow:hidden\" scrolling=\"no\" frameborder=\"0\" allowTransparency=\"true\" allow=\"encrypted-media\" allowFullScreen=\"true\"><\/iframe><\/div>\n<\/div>\n<div class=\"cdab-especial-covid19-card\"><div class=\"cdab-especial-covid19-card-icon posgrado\"><i class=\"fa fa-graduation-cap\" aria-hidden=\"true\" style=\"margin-left: 3px;\"><\/i><\/div><div class=\"cdab-especial-covid19-card-title posgrado\">INVESTIGACI\u00d3N Y POSGRADO<\/div>\n<h3>XI Jornadas Internacionales\/Nacionales de Historia, Arte y Pol\u00edtica virtuales<\/h3>\n<p>Las <strong>Jornadas de Historia, Arte y Pol\u00edtica<\/strong> iniciaron en 2010 con el objetivo de generar y sostener en el tiempo un espacio de discusi\u00f3n y reflexi\u00f3n en torno de las complejas relaciones entre arte y pol\u00edtica en las sociedades contempor\u00e1neas. Este encuentro acad\u00e9mico que es organizado anualmente por el <a href=\"https:\/\/dhtarte.wordpress.com\" target=\"_blank\" rel=\"noopener noreferrer\">Departamento de Historia y Teor\u00eda del Arte<\/a> (<a href=\"http:\/\/www.arte.unicen.edu.ar\" target=\"_blank\" rel=\"noopener noreferrer\">FA<\/a>, <a href=\"http:\/\/www.unicen.edu.ar\" target=\"_blank\" rel=\"noopener noreferrer\">UNICEN<\/a>), la <a href=\"http:\/\/www.arte.unicen.edu.ar\" target=\"_blank\" rel=\"noopener noreferrer\">Facultad de Arte<\/a> y la <a href=\"http:\/\/www.unicen.edu.ar\" target=\"_blank\" rel=\"noopener noreferrer\">Universidad Nacional del Centro de la Provincia de Buenos Aires<\/a>, tendr\u00e1 su und\u00e9cima edici\u00f3n del <strong>25 al 27 de junio de 2020<\/strong> de manera virtual.<\/p>\n<p>Ante la situaci\u00f3n de p\u00fablico conocimiento en relaci\u00f3n a la pandemia COVID-19, el Comit\u00e9 Organizador ha decidido proponer, en lugar de las tradicionales mesas de ponencias y conferencias, charlas virtuales con diferentes tem\u00e1ticas que permitan sostener el intercambio, la discusi\u00f3n y la reflexi\u00f3n en torno de las complejas relaciones entre arte y pol\u00edtica en las sociedades contempor\u00e1neas.<\/p>\n<div align=\"center\" style=\"margin: 20px auto\"><iframe loading=\"lazy\" width=\"560\" height=\"315\" src=\"https:\/\/www.youtube.com\/embed\/it2rJGY9lAQ\" frameborder=\"0\" allow=\"accelerometer; autoplay; encrypted-media; gyroscope; picture-in-picture\" allowfullscreen><\/iframe><\/div>\n<p>Compartimos la programaci\u00f3n completa de las <strong>XI Jornadas Internacionales\/Nacionales de Historia, Arte y Pol\u00edtica virtuales<\/strong>:<\/p>\n<div style=\"margin: 5px auto; text-align: center;\"><a href=\"http:\/\/www.arte.unicen.edu.ar\/cdab\/wp-content\/uploads\/2020\/06\/xijinhap-programa-a.jpg\" data-fancybox=\"gallery\" data-caption=\"Cuidado social. V\u00ednculo virtual #15\"><img loading=\"lazy\" decoding=\"async\" src=\"http:\/\/www.arte.unicen.edu.ar\/cdab\/wp-content\/uploads\/2020\/06\/xijinhap-programa-a.jpg\" alt=\"XI Jornadas Internacionales\/Nacionales de Historia, Arte y Pol\u00edtica virtuales\" title=\"XI Jornadas Internacionales\/Nacionales de Historia, Arte y Pol\u00edtica virtuales\" border=\"0\" width=\"675\" height=\"485\" \/><\/a><a href=\"http:\/\/www.arte.unicen.edu.ar\/cdab\/wp-content\/uploads\/2020\/06\/xijinhap-programa-b.jpg\" data-fancybox=\"gallery\" data-caption=\"Cuidado social. V\u00ednculo virtual #15\"><img loading=\"lazy\" decoding=\"async\" src=\"http:\/\/www.arte.unicen.edu.ar\/cdab\/wp-content\/uploads\/2020\/06\/xijinhap-programa-b.jpg\" alt=\"XI Jornadas Internacionales\/Nacionales de Historia, Arte y Pol\u00edtica virtuales\" title=\"XI Jornadas Internacionales\/Nacionales de Historia, Arte y Pol\u00edtica virtuales\" border=\"0\" width=\"675\" height=\"485\" \/><\/a><\/div>\n<p><h2><span style=\"font-size: 20px;\">\u00a1Agend\u00e1 los links para no perderte ninguna charla!<\/span><\/h2><\/p>\n<div style=\"width: 100%; max-width: 1050px; overflow: hidden; display: block; margin: 0 auto;\"><div style=\"width: 100%; max-width: 500px; margin: 15px auto; border-left: 9px solid #b7202f; border-right: 1px solid #e8e8e8; border-top: 1px solid #e8e8e8; border-bottom: 1px solid #e8e8e8; padding: 15px 15px 45px 15px; line-height: 20px; font-size: 13px; background-color: #fafafa; border-radius: 5px; float: left;\"><strong>Conferencia de apertura<\/strong><br \/><em>Una Generaci\u00f3n noire. El Nuevo Cine Argentino de los sesenta<\/em><br \/><strong>Rom\u00e1n Setton<\/strong><br \/><a href=\"https:\/\/www.zoom.us\/j\/93140274419\" target=\"_blank\" rel=\"noopener noreferrer\" style=\"color: #b7202f;\">www.zoom.us\/j\/93140274419<\/a>\n<div style=\"text-align: right; float: right; position: relative; font-size: 24px; font-family: 'theserif_bold', 'Roboto', arial, helvetica, sans-serif; bottom: -30px; color: #b7202f;\">25\/06 &#8211; 15 hs.<\/div> \n<\/div><div style=\"width: 100%; max-width: 500px; margin: 15px 0px 15px 25px; border-left: 9px solid #b7202f; border-right: 1px solid #e8e8e8; border-top: 1px solid #e8e8e8; border-bottom: 1px solid #e8e8e8; padding: 15px 15px 45px 15px; line-height: 20px; font-size: 13px; background-color: #fafafa; border-radius: 5px; float: left;\"><em>Los efectos del genocidio ind\u00edgena representados en pr\u00e1cticas esc\u00e9nicas mapuche(s) contempor\u00e1neas<\/em><br \/><strong>Miriam \u00c1lvarez<\/strong><br \/><a href=\"https:\/\/www.zoom.us\/j\/94151385825\" target=\"_blank\" rel=\"noopener noreferrer\" style=\"color: #b7202f;\">www.zoom.us\/j\/94151385825<\/a>\n<div style=\"text-align: right; float: right; position: relative; font-size: 24px; font-family: 'theserif_bold', 'Roboto', arial, helvetica, sans-serif; bottom: -30px; color: #b7202f;\">25\/06 &#8211; 17 hs.<\/div> \n<\/div><\/div>\n<div style=\"width: 100%; max-width: 1050px; overflow: hidden; display: block; margin: 0 auto;\"><div style=\"width: 100%; max-width: 500px; margin: 15px auto; border-left: 9px solid #b7202f; border-right: 1px solid #e8e8e8; border-top: 1px solid #e8e8e8; border-bottom: 1px solid #e8e8e8; padding: 15px 15px 45px 15px; line-height: 20px; font-size: 13px; background-color: #fafafa; border-radius: 5px; float: left;\"><em>La Investigaci\u00f3n en Realizaci\u00f3n Audiovisual: entre las po\u00e9ticas y las pol\u00edticas&#8230;<\/em><br \/><strong>Melina Guerrero, Fernando Funaro, Margarita Rocha<\/strong><br \/><a href=\"https:\/\/www.zoom.us\/j\/96686056074\" target=\"_blank\" rel=\"noopener noreferrer\" style=\"color: #b7202f;\">www.zoom.us\/j\/96686056074<\/a>\n<div style=\"text-align: right; float: right; position: relative; font-size: 24px; font-family: 'theserif_bold', 'Roboto', arial, helvetica, sans-serif; bottom: -30px; color: #b7202f;\">26\/06 &#8211; 15 hs.<\/div> \n<\/div>\n<div style=\"width: 100%; max-width: 500px; margin: 15px 0px 15px 25px; border-left: 9px solid #b7202f; border-right: 1px solid #e8e8e8; border-top: 1px solid #e8e8e8; border-bottom: 1px solid #e8e8e8; padding: 15px 15px 45px 15px; line-height: 20px; font-size: 13px; background-color: #fafafa; border-radius: 5px; float: left;\"><em>Pandemia, sociedad y teatro<\/em><br \/><strong>Jorge Dubatti, Marcelo Islas<\/strong><br \/><a href=\"https:\/\/www.zoom.us\/j\/91391046212\" target=\"_blank\" rel=\"noopener noreferrer\" style=\"color: #b7202f;\">www.zoom.us\/j\/91391046212<\/a>\n<div style=\"text-align: right; float: right; position: relative; font-size: 24px; font-family: 'theserif_bold', 'Roboto', arial, helvetica, sans-serif; bottom: -30px; color: #b7202f;\">26\/06 &#8211; 17 hs.<\/div> \n<\/div><\/div>\n<div style=\"width: 100%; max-width: 500px; margin: 15px auto; border-left: 9px solid #b7202f; border-right: 1px solid #e8e8e8; border-top: 1px solid #e8e8e8; border-bottom: 1px solid #e8e8e8; padding: 15px 15px 45px 15px; line-height: 20px; font-size: 13px; background-color: #fafafa; border-radius: 5px;\"><em>Cuerpos liminales: imaginaci\u00f3n y saberes. A prop\u00f3sito de la des\/aparici\u00f3n y la b\u00fasqueda<\/em><br \/><strong>Ileana Di\u00e9guez<\/strong><br \/><a href=\"https:\/\/www.zoom.us\/j\/96937694877\" target=\"_blank\" rel=\"noopener noreferrer\" style=\"color: #b7202f;\">www.zoom.us\/j\/96937694877<\/a>\n<div style=\"text-align: right; float: right; position: relative; font-size: 24px; font-family: 'theserif_bold', 'Roboto', arial, helvetica, sans-serif; bottom: -30px; color: #b7202f;\">27\/06 &#8211; 17 hs.<\/div> \n<\/div>\n<hr style=\"margin-bottom: 25px;\"\/>\n<h3>Defensa virtual de Tesis de Posgrado: Mg. Luz Hojsgaard (Maestr\u00eda en Teatro &#8211; Menci\u00f3n Dise\u00f1o Esc\u00e9nico)<\/h3>\n<p>El pasado martes 23 de junio a las 13:30 hs. se llev\u00f3 a cabo la primera defensa virtual de Tesis de Posgrado, correspondiente a la <a href=\"http:\/\/www.arte.unicen.edu.ar\/carreras\/posgrado\/maestria-en-teatro\" target=\"_blank\" rel=\"noopener noreferrer\">Maestr\u00eda en Teatro (Menci\u00f3n Dise\u00f1o Esc\u00e9nico)<\/a> de la <a href=\"http:\/\/www.arte.unicen.edu.ar\" target=\"_blank\" rel=\"noopener noreferrer\">Facultad de Arte<\/a>.<\/p><p>La tesista <strong>Luz Hojsgaard<\/strong>, mediante la plataforma de videollamadas Zoom, present\u00f3 su trabajo titulado <em>&#8220;Teatro multimedial: &#8216;Distancia&#8217;. An\u00e1lisis de un espect\u00e1culo de Mat\u00edas Umpierrez&#8221;<\/em> dirigido por la <strong>Mg. Paula Fern\u00e1ndez<\/strong>. El Comit\u00e9 Evaluador estuvo integrado por la <strong>Dra. Alejandra Ceriani<\/strong>, la <strong>Mg. Lucrecia Etchecoin<\/strong> y la <strong>Mg. Gabriela Gonz\u00e1lez<\/strong>.<\/p>\n<div align=\"center\" style=\"margin: 20px auto;\"><iframe loading=\"lazy\" width=\"560\" height=\"315\" src=\"https:\/\/www.youtube.com\/embed\/NcAwTwnfV0E\" frameborder=\"0\" allow=\"accelerometer; autoplay; encrypted-media; gyroscope; picture-in-picture\" allowfullscreen><\/iframe><\/div>\n<\/div>\n<div class=\"cdab-especial-covid19-card\"><div class=\"cdab-especial-covid19-card-icon posgrado\"><i class=\"fa fa-graduation-cap\" aria-hidden=\"true\" style=\"margin-left: 3px;\"><\/i><\/div><div class=\"cdab-especial-covid19-card-title posgrado\">DE NUESTRXS GRADUADXS<\/div><h3>Inmigraci\u00f3n + Arte en Tandil. Cap\u00edtulo 2: Daneses<\/h3><p>Realizado por <strong>Cristina Carone<\/strong> (<a href=\"http:\/\/www.arte.unicen.edu.ar\/carreras\/grado\/profesorado-de-teatro\/perfil-del-egresado_\" target=\"_blank\" rel=\"noopener noreferrer\">Profesorado de Teatro<\/a>, <a href=\"http:\/\/www.arte.unicen.edu.ar\" target=\"_blank\" rel=\"noopener noreferrer\">Facultad de Arte<\/a>, <a href=\"http:\/\/www.unicen.edu.ar\" target=\"_blank\" rel=\"noopener noreferrer\">UNICEN<\/a>). <strong>Inmigraci\u00f3n + Arte<\/strong> est\u00e1 urdida con testimonios de descendientes de inmigrantes que llegaron a Tandil. Buscando mejores horizontes ellos eligieron esta tierra y desde aqu\u00ed siguieron produciendo obras art\u00edsticas. La serie nos propone un encuentro cultural con cada colectividad mediante la presentaci\u00f3n de retazos de memorias que ya son nuestras. En este segundo cap\u00edtulo: <em>los daneses<\/em>.<br \/>Edici\u00f3n de R.I. Mat\u00edas Petrini.<\/p>\n<div align=\"center\" style=\"margin: 20px auto;\"><p><iframe loading=\"lazy\" src=\"https:\/\/open.spotify.com\/embed-podcast\/episode\/7qbS7ufTgxNx0UpafhxtIP\" width=\"100%\" height=\"232\" frameborder=\"0\" allowtransparency=\"true\" allow=\"encrypted-media\"><\/iframe><\/p><\/div>\n<\/div>\n<div class=\"cdab-especial-covid19-card\"><div class=\"cdab-especial-covid19-card-icon formacioncontinua\"><i class=\"fa fa-university\" aria-hidden=\"true\" style=\"margin-left: 3px;\"><\/i><\/div><div class=\"cdab-especial-covid19-card-title formacioncontinua\">FORMACI\u00d3N <span style=\"font-size: 16px;\">(Secci\u00f3n coordinada por la Secretar\u00eda Acad\u00e9mica de la Facultad de Arte)<\/span><\/div>\n<h3>&#8220;La cruel pedagog\u00eda del virus&#8221;. Charla entre Boaventura de Sousa Santos y Pablo Gentili<\/h3>\n<p>A casi 100 d\u00edas de aislamiento (ASPO) sabemos que la presencialidad es irremplazable. No obstante, tambi\u00e9n sabemos que mediante el esfuerzo colectivo que se produce desde las instituciones educativas podemos ampliar las posibilidades de an\u00e1lisis y de reflexi\u00f3n que permitan concebir alternativas a las nuevas condiciones de &#8220;normalidad&#8221;.<\/p>\n<p>En tal sentido, nos parece interesante compartir la mirada del investigador portugu\u00e9s <strong>Boaventura de Sousa Santos<\/strong>, cuya \u00faltima obra <em>La cruel pedagog\u00eda del virus<\/em> compartimos en <a href=\"http:\/\/www.arte.unicen.edu.ar\/cdab\/cuidado-social-vinculo-virtual-10\" target=\"_blank\" rel=\"noopener noreferrer\">Cuidado social. V\u00ednculo virtual #10<\/a>. En esta oportunidad el autor se pone en dialogo con <strong>Pablo Gentili<\/strong> para poner en discusi\u00f3n la intervenci\u00f3n de los intelectuales a quienes se\u00f1ala por distanciarse respecto de la vida cotidiana de los sectores que muchos de ellos dicen representar o interpretar.<\/p>\n<p>Los invitamos a ver <em>Di\u00e1logos sobre educaci\u00f3n, escuela y conocimiento en tiempos de pandemia<\/em>. <a href=\"https:\/\/www.argentina.gob.ar\/educacion\" target=\"_blank\" rel=\"noopener noreferrer\">Ministerio de Educaci\u00f3n de la Naci\u00f3n de Argentina<\/a>.<\/p>\n<div align=\"center\" style=\"margin: 20px auto;\"><iframe loading=\"lazy\" width=\"560\" height=\"315\" src=\"https:\/\/www.youtube.com\/embed\/3SEducajT3s\" frameborder=\"0\" allow=\"accelerometer; autoplay; encrypted-media; gyroscope; picture-in-picture\" allowfullscreen><\/iframe><\/div>\n<hr style=\"margin-bottom: 25px;\"\/>\n<h3>Encuentro Virtual a la distancia de la Embajada Musical Andina<\/h3>\n<p>Desde el <strong>Programa de Educaci\u00f3n a Distancia<\/strong> no queremos dejar pasar la oportunidad de compartir un ejemplo de lo que se puede lograr como producci\u00f3n art\u00edstica mediada por tecnolog\u00edas. Se trata del <em>&#8220;Encuentro Virtual a la distancia&#8221;<\/em> de la <strong>Embajada Musical Andina<\/strong>. Desde el a\u00f1o 1993, centenares de j\u00f3venes de Argentina, Bolivia y Chile se un\u00edan para cantar con el prop\u00f3sito de romper fronteras, bajo la conducci\u00f3n musical de Susana Moreau. En esta coyuntura se logr\u00f3 juntar a todas las generaciones que han pasado por los &#8220;encuentros&#8221; musicales en los tres pa\u00edses haci\u00e9ndole honor al sue\u00f1o Latinoamericano de unidad. Video realizado casi \u00edntegramente con celulares y con participantes de m\u00e1s de 8 pa\u00edses.<\/p>\n<div align=\"center\" style=\"margin: 20px auto;\"><iframe loading=\"lazy\" width=\"560\" height=\"315\" src=\"https:\/\/www.youtube.com\/embed\/wqkasaqOg54\" frameborder=\"0\" allow=\"accelerometer; autoplay; encrypted-media; gyroscope; picture-in-picture\" allowfullscreen><\/iframe><\/div>\n<\/div>\n<div class=\"cdab-especial-covid19-card\"><div class=\"cdab-especial-covid19-card-icon weblink\"><i class=\"fa fa-hand-pointer-o\" aria-hidden=\"true\"><\/i><\/div><div class=\"cdab-especial-covid19-card-title weblink\">LINKS DE INTER\u00c9S &amp; CONVOCATORIAS<\/div><p><a href=\"http:\/\/www.incaa.gov.ar\/abre-la-convocatoria-al-concurso-federal-raymundo-gleyzer\" target=\"_blank\" rel=\"noopener noreferrer\"><img decoding=\"async\" class=\"publicacion-tapa\" src=\"http:\/\/www.arte.unicen.edu.ar\/cdab\/wp-content\/uploads\/2020\/06\/incaa-raymundogleyzer-banner.jpg\" data-fancybox=\"gallery\" data-caption=\"Cuidado social. V\u00ednculo virtual #15\"\/><\/a><\/p><p>El <a href=\"http:\/\/www.incaa.gov.ar\" target=\"_blank\" rel=\"noopener noreferrer\">Instituto Nacional de Cine y Artes Audiovisuales (INCAA)<\/a> abri\u00f3 la convocatoria al <strong>12\u00ba Concurso Federal para el Desarrollo de Proyectos de Largometrajes &#8220;Raymundo Gleyzer&#8221; 2020<\/strong>, que tiene por objetivo fomentar la producci\u00f3n cinematogr\u00e1fica en las distintas regiones del pa\u00eds e impulsar el surgimiento de nuevos profesionales en todo el territorio nacional.<\/p>\n<p>El concurso est\u00e1 dirigido a directores\/as, productores\/as y guionistas de todo el pa\u00eds que emprenden\/an el camino de producir sus primeros y segundos largometrajes. El per\u00edodo de inscripci\u00f3n es del <strong>12 de junio al 31 de julio de 2020 (inclusive)<\/strong> a trav\u00e9s de la plataforma <a href=\"https:\/\/extranet.incaa.gob.ar\" target=\"_blank\" rel=\"noopener noreferrer\">INCAA en l\u00ednea<\/a>.<\/p>\n<p>Se seleccionar\u00e1n <strong>ocho proyectos por cada regi\u00f3n del pa\u00eds<\/strong> (regi\u00f3n centro-metropolitana, regi\u00f3n centro-norte, regi\u00f3n patag\u00f3nica, regi\u00f3n NOA, regi\u00f3n NEA, regi\u00f3n Cuyo), para un total de cuarenta y ocho, que acceder\u00e1n a <strong>cl\u00ednicas virtuales de gui\u00f3n, direcci\u00f3n y producci\u00f3n<\/strong>, especialmente dise\u00f1adas por el programa. Cada uno de los proyectos ser\u00e1 evaluado por un jurado integrado por profesionales de reconocida trayectoria y que, por primera vez, tendr\u00e1 <em>igualdad de g\u00e9nero<\/em> en su composici\u00f3n, de la misma manera que el equipo de tutores que acompa\u00f1ar\u00e1n a los diferentes equipos. Al finalizar las cl\u00ednicas, el jurado elegir\u00e1 12 proyectos que ser\u00e1n apoyados en sus siguientes etapas de producci\u00f3n. Para ello, el <a href=\"http:\/\/www.incaa.gov.ar\" target=\"_blank\" rel=\"noopener noreferrer\">INCAA<\/a> designar\u00e1 un presupuesto de $400.000 para desarrollar cada proyecto.<\/p>\n<div class=\"container-newsbutton\" style=\"margin-top: 15px;\">\n<a class=\"cdab-newsbuttonlink\" href=\"http:\/\/www.incaa.gov.ar\/abre-la-convocatoria-al-concurso-federal-raymundo-gleyzer\" target=\"_blank\" rel=\"noopener noreferrer\"><div class=\"cdab-web-newsbutton\">M\u00c1S INFORMACI\u00d3N&#8230;<\/div><\/a><a class=\"cdab-newsbuttonlink\" href=\"http:\/\/www.incaa.gov.ar\/wp-content\/uploads\/2020\/06\/bases-concurso-gleyzer-2020.pdf\" target=\"_blank\" rel=\"noopener noreferrer\" style=\"margin-left: 50px;\"><div class=\"cdab-pdf-newsbutton\">BASES Y CONDICIONES<\/div><\/a>\n<\/div>\n<hr style=\"margin-bottom: 25px;\"\/>\n<p><img loading=\"lazy\" decoding=\"async\" width=\"200\" height=\"200\" class=\"alignright size-full wp-image-4077\" style=\"border: 0px; border-radius: 200px; margin-bottom: 35px;\" src=\"http:\/\/www.arte.unicen.edu.ar\/cdab\/wp-content\/uploads\/2020\/06\/concurso-ensayos-proa.jpg\" alt=\"Primer Concurso de Ensayos Cr\u00edticos y Curatoriales de Arte Argentino y Latinoamericano\" title=\"Primer Concurso de Ensayos Cr\u00edticos y Curatoriales de Arte Argentino y Latinoamericano\" \/><h3>Primer Concurso de Ensayos Cr\u00edticos y Curatoriales de Arte Argentino y Latinoamericano<\/h3><\/p>\n<p>La <a href=\"http:\/\/www.aaca.org.ar\" target=\"_blank\" rel=\"noopener noreferrer\">Asociaci\u00f3n Argentina de Cr\u00edticos de Arte<\/a> y <a href=\"http:\/\/www.proa.org\" target=\"_blank\" rel=\"noopener noreferrer\">Fundaci\u00f3n Proa<\/a> convocan a estudiantes, artistas, cr\u00edticos, curadores e investigadores de arte a participar del <strong>Primer Concurso de Ensayos Cr\u00edticos y Curatoriales de Arte Argentino y Latinoamericano<\/strong>, que en esta primera edici\u00f3n estar\u00e1 dedicado a trabajos referidos al an\u00e1lisis de problem\u00e1ticas actuales en el campo de la cr\u00edtica y la curadur\u00eda de Arte Argentino y Latinoamericano. El concurso, dirigido a argentinos y extranjeros residentes en el pa\u00eds, se propone como una instancia de fomento a la investigaci\u00f3n sobre las artes visuales en la Argentina y Latinoam\u00e9rica, para explorar y revisar los planteos cr\u00edticos y curatoriales.<\/p>\n<p>En esta primera edici\u00f3n del concurso se invita a profundizar y explorar en los distintos campos art\u00edsticos y disciplinas culturales-, ensayos tem\u00e1ticos, cr\u00edticos y\/o interdisciplinarios que convergen en las problem\u00e1ticas de la cr\u00edtica y la curadur\u00eda, analizando sus procesos y discursos. La convocatoria est\u00e1 abierta <strong>hasta el 31 de agosto de 2020<\/strong>.<\/p>\n<p>Los ensayos cuentan con la posibilidad de apuntar sus enfoques no solo en los \u00e1mbitos de las Artes Visuales sino tambi\u00e9n en los posibles cruces entre esta disciplina con los campos de la m\u00fasica, el cine, la literatura, la danza y los nuevos medios. Asimismo se podr\u00e1 abordar los v\u00ednculos que se establecen con estudios culturales como los de g\u00e9nero, gesti\u00f3n cultural, p\u00fablico, educaci\u00f3n, problem\u00e1ticas postcoloniales, cr\u00edtica, historia, teor\u00eda del arte y filosof\u00eda.<\/p>\n<p>Se entregar\u00e1 un <strong>primer premio de $60.000 (sesenta mil pesos)<\/strong> y <strong>dos menciones de $20.000 (veinte mil pesos)<\/strong> cada una. <strong>Los ganadores ser\u00e1n reconocidos con la publicaci\u00f3n de sus respectivos ensayos en formato e-book.<\/strong><\/p>\n<div class=\"container-newsbutton\" style=\"margin-top: 15px;\">\n<a class=\"cdab-newsbuttonlink\" href=\"http:\/\/www.proa.org\/proanoticias\/2020\/05\/29\/en-junio-abre-el-concurso-ensayos-criticos-de-arte-argentino-y-latinoamericano\" target=\"_blank\" rel=\"noopener noreferrer\"><div class=\"cdab-web-newsbutton\">M\u00c1S INFORMACI\u00d3N&#8230;<\/div><\/a><a class=\"cdab-newsbuttonlink\" href=\"https:\/\/drive.google.com\/file\/d\/1LpZTrW6fOrbQgewhQ1EK8euxskfsRbq0\/view\" target=\"_blank\" rel=\"noopener noreferrer\" style=\"margin-left: 50px;\"><div class=\"cdab-drive-newsbutton\">BASES Y CONDICIONES<\/div><\/a>\n<\/div>\n<hr style=\"margin-bottom: 25px;\"\/>\n<p><a href=\"http:\/\/www.inteatro.gob.ar\/noticias\/el-instituto-nacional-del-teatro-lanza-el-con-13582\" target=\"_blank\" rel=\"noopener noreferrer\"><img decoding=\"async\" class=\"publicacion-tapa\" src=\"http:\/\/www.arte.unicen.edu.ar\/cdab\/wp-content\/uploads\/2020\/06\/concurso-dramaturgas-mujeres-int.jpg\" data-fancybox=\"gallery\" data-caption=\"Cuidado social. V\u00ednculo virtual #15\"\/><\/a><\/p><p>El <a href=\"http:\/\/www.inteatro.gob.ar\" target=\"_blank\" rel=\"noopener noreferrer\">Instituto Nacional del Teatro<\/a> abre la convocatoria para participar del <strong>22\u00b0 Concurso Nacional de Obras de Teatro. Dramaturgia escrita por mujeres<\/strong>, destinado a autoras residentes en las provincias y en la Ciudad Aut\u00f3noma de Buenos Aires. El concurso no posee limitaciones de edad, tem\u00e1ticas o est\u00e9ticas. Las obras presentadas deber\u00e1n ser in\u00e9ditas, no estrenadas y podr\u00e1n ser escritas por m\u00e1s de una autora. Deber\u00e1n ser firmadas con seud\u00f3nimo.<\/p>\n<p>La convocatoria <strong>inicia el 15 de junio y se podr\u00e1n presentar obras hasta el 18 de agosto de 2020<\/strong>. Las mismas deber\u00e1n tener una extensi\u00f3n no menor a 15 carillas, escritas a doble espaciado, con tipograf\u00eda Times New Roman, cuerpo 12.<\/p>\n<p>El jurado estar\u00e1 integrado por tres destacadas representantes del quehacer teatral argentino. <strong>Las ganadoras recibir\u00e1n las sumas de $ 100.000, $ 80.000 y $ 60.000<\/strong>, de acuerdo a que obtengan el primero, segundo o tercer premio. Todos los textos ser\u00e1n traducidos al ingl\u00e9s, italiano y alem\u00e1n y se publicar\u00e1n a trav\u00e9s de la <a href=\"http:\/\/www.inteatro.gob.ar\/Editorial\" target=\"_blank\" rel=\"noopener noreferrer\">Editorial INTeatro<\/a> del <a href=\"http:\/\/www.inteatro.gob.ar\" target=\"_blank\" rel=\"noopener noreferrer\">INT<\/a>.<\/p>\n<div class=\"container-newsbutton\" style=\"margin-top: 15px;\">\n<a class=\"cdab-newsbuttonlink\" href=\"http:\/\/www.inteatro.gob.ar\/noticias\/el-instituto-nacional-del-teatro-lanza-el-con-13582\" target=\"_blank\" rel=\"noopener noreferrer\"><div class=\"cdab-web-newsbutton\">M\u00c1S INFORMACI\u00d3N&#8230;<\/div><\/a><a class=\"cdab-newsbuttonlink\" href=\"http:\/\/inteatro.gob.ar\/Content\/Images\/concursosnacionales\/Reglamento%20Concurso%20de%20Obras%20de%20Teatro%2022.pdf\" target=\"_blank\" rel=\"noopener noreferrer\" style=\"margin-left: 50px;\"><div class=\"cdab-pdf-newsbutton\">BASES Y CONDICIONES<\/div><\/a>\n<\/div>\n<hr style=\"margin-bottom: 25px;\"\/>\n<p><a href=\"http:\/\/www.arte.unicen.edu.ar\/cdab\/wp-content\/uploads\/2020\/06\/cine-literatura-ciclobiblionacional.jpg\" data-fancybox=\"gallery\" data-caption=\"Cuidado social. V\u00ednculo virtual #15\"><img decoding=\"async\" class=\"cdab-tapa-instidentpoet-index publicacion-tapa\" title=\"Ciclo de Cine Independiente y de autor: Cine y literatura\" src=\"http:\/\/www.arte.unicen.edu.ar\/cdab\/wp-content\/uploads\/2020\/06\/cine-literatura-ciclobiblionacional.jpg\" alt=\"Ciclo de Cine Independiente y de autor: Cine y literatura\" style=\"width: 395px; height: 395px; float: right; border: 10px solid #fff; box-shadow: 0 0 5px rgba(0, 0, 0, 0.1); -webkit-box-shadow: 0 0 5px rgba(0, 0, 0, 0.1); -moz-box-shadow: 0 0 5px rgba(0, 0, 0, 0.1); display: block; margin: 0px 0px 22px 22px;\"\/><\/a><h3>Ciclo de Cine Independiente y de autor: Cine y literatura<\/h3><\/p>\n<p><a href=\"http:\/\/www.naveonline.com.ar\" target=\"_blank\" rel=\"noopener noreferrer\">La Nave de los Sue\u00f1os<\/a>, un grupo de producci\u00f3n y gesti\u00f3n cultural que enfoca su trabajo hacia el est\u00edmulo, la promoci\u00f3n, y el desarrollo de la cultura audiovisual, junto a la <a href=\"https:\/\/www.bn.gov.ar\" target=\"_blank\" rel=\"noopener noreferrer\">Biblioteca Nacional<\/a> presentan la decimoquinta edici\u00f3n del ciclo <strong>Cine y Literatura<\/strong> para disfrutar desde casa.<\/p>\n<p>Cada <strong>martes a las 19 hs.<\/strong> en el <a href=\"https:\/\/www.youtube.com\/user\/bibnal\" target=\"_blank\" rel=\"noopener noreferrer\">canal de Youtube de la Biblioteca Nacional<\/a> se encontrar\u00e1 un link para la visualizaci\u00f3n de una pel\u00edcula, que estar\u00e1 disponible durante una semana, y una charla junto con los realizadores.<\/p>\n<p>Este <strong>martes 23 de junio<\/strong> se estren\u00f3 <em>Los Prohibidos<\/em> de Andrea Schellemberg y el pr\u00f3ximo <strong>30 de junio<\/strong> se realizar\u00e1 el preestreno de <em>Digamos<\/em> de Dami\u00e1n Sierra.<\/p>\n<div class=\"container-newsbutton\"><a class=\"cdab-newsbuttonlink\" href=\"https:\/\/www.facebook.com\/lanaveok\" target=\"_blank\" rel=\"noopener noreferrer\"><div class=\"cdab-facebook-newsbutton\">LA NAVE DE LOS SUE\u00d1OS<\/div><\/a><br \/><a class=\"cdab-newsbuttonlink\" href=\"https:\/\/www.youtube.com\/user\/bibnal\/videos\" target=\"_blank\" rel=\"noopener noreferrer\"><div class=\"cdab-youtube-newsbutton\">CANAL DE LA BIBLIOTECA NACIONAL<\/div><\/a><\/div>\n<hr style=\"margin-bottom: 25px;\"\/>\n<h3>8 formas de identidad | Convocatoria de teatroxlaidentidad<\/h3>\n<p><a href=\"http:\/\/www.teatroxlaidentidad.net\/contenidos\/8formasdeidentidad.php\" target=\"_blank\" rel=\"noopener noreferrer\">8 formas de identidad<\/a> es una propuesta desde <a href=\"http:\/\/www.teatroxlaidentidad.net\" target=\"_blank\" rel=\"noopener noreferrer\">teatroxlaidentidad<\/a> a la comunidad, que utiliza las redes sociales con elementos de la interpretaci\u00f3n actoral y otras formas creativas como la m\u00fasica y las letras, con la finalidad de seguir creando medios que expresen la identidad.<\/p>\n<p>Con la convicci\u00f3n de continuar la b\u00fasqueda de las nietas y nietos de las queridas <a href=\"https:\/\/www.abuelas.org.ar\" target=\"_blank\" rel=\"noopener noreferrer\">Abuelas de Plaza de Mayo<\/a>, y de instalar la premisa que nos dejaron hace ya muchos a\u00f1os: <em>&#8220;En una sociedad que se pregunta por su identidad, a nosotras nos es m\u00e1s f\u00e1cil encontrar a nuestros nietos&#8221;<\/em>.<\/p>\n<p>Existen distintas formas de expresar lo que somos y distintas maneras de abrirle paso a nuestra identidad para dejar que se manifieste. \u00bfCu\u00e1nto influyen los objetos, las canciones, las comidas, los textos, en tu vida? \u00bfC\u00f3mo nos cuentan estas cosas a la hora de pensar la identidad? Envianos un texto, audio o video que exprese libremente y a traves de los items enumerados a continuaci\u00f3n, una an\u00e9cdota, ocurrencia, sensaci\u00f3n o asociaci\u00f3n. La convocatoria cierra el <strong>30 de junio de 2020<\/strong>.<\/p>\n<p><div style=\"margin: 5px auto; text-align: center;\"><a href=\"http:\/\/www.teatroxlaidentidad.net\/contenidos\/8formasdeidentidad.php\" target=\"_blank\" rel=\"noopener noreferrer\"><img decoding=\"async\" class=\"aligncenter size-full publicacion-tapa\" src=\"http:\/\/www.arte.unicen.edu.ar\/cdab\/wp-content\/uploads\/2020\/06\/8identidades-teatroidentidad.jpg\" data-fancybox=\"gallery\" data-caption=\"Cuidado social. V\u00ednculo virtual #15\"\/><\/a><\/div><\/p>\n<div class=\"container-newsbutton\"><a class=\"cdab-newsbuttonlink\" href=\"http:\/\/www.teatroxlaidentidad.net\/contenidos\/8formasdeidentidad.php\" target=\"_blank\" rel=\"noopener noreferrer\"><div class=\"cdab-web-newsbutton\">ACCEDER A TEATROXLAIDENTIDAD<\/div><\/a><a class=\"cdab-newsbuttonlink\" href=\"http:\/\/www.teatroxlaidentidad.net\/ciclos\/txi2020\/concursos\/teatroxlaidentidad2020-8FormasDeIdentidad.pdf\" target=\"_blank\" rel=\"noopener noreferrer\" style=\"margin-left: 50px;\"><div class=\"cdab-pdf-newsbutton\">BASES Y CONDICIONES<\/div><\/a><\/div>\n<hr style=\"margin-bottom: 25px;\"\/>\n<h3>10\u00b0 Premio Ita\u00fa de Cuento Digital \u2013 Edici\u00f3n Aniversario 2020<\/h3>\n<p>Las <a href=\"https:\/\/www.fundacionitau.org.ar\" target=\"_blank\" rel=\"noopener noreferrer\">Fundaciones Ita\u00fa<\/a> de Argentina, Paraguay y Uruguay anuncian la apertura de la <strong>d\u00e9cima edici\u00f3n del Premio Ita\u00fa de Cuento Digital<\/strong>, coordinado por UnaBrecha. Los participantes mayores de 18 a\u00f1os pueden inscribirse en la Categor\u00eda General hasta el <strong>25 de agosto de 2020<\/strong>.<\/p>\n<p>Quienes deseen participar deber\u00e1n tener nacionalidad o residencia en Argentina, Paraguay o Uruguay y podr\u00e1n presentar un solo cuento, de tema libre, original e in\u00e9dito. Se aceptan obras colectivas. Los cuentos podr\u00e1n ser digitales o tradicionales.<\/p>\n<p>En el marco de la experiencia colectiva que este a\u00f1o nos uni\u00f3 como sociedad, Ita\u00fa otorgar\u00e1 la menci\u00f3n <em>El d\u00eda despu\u00e9s<\/em>, distinguiendo a un cuento por su trabajo en el tratamiento de tem\u00e1ticas que reflejen el sentimiento de comunidad en el contexto de la lucha contra el COVID-19.<\/p>\n<p>Todos los cuentos premiados se publicar\u00e1n en una antolog\u00eda internacional y los 3 (tres) primeros puestos ganar\u00e1n <strong>USD 2.000 (dos mil d\u00f3lares estadounidenses)<\/strong>, <strong>USD 1.000 (mil d\u00f3lares estadounidenses)<\/strong> y <strong>USD 500 (quinientos d\u00f3lares estadounidenses)<\/strong> respectivamente, adem\u00e1s de dispositivos electr\u00f3nicos para los dem\u00e1s cuentos premiados. Los resultados se dar\u00e1n a conocer en <strong>noviembre de 2020<\/strong> y al menos habr\u00e1 un cuento representante de Argentina, Paraguay y Uruguay.<\/p>\n<p><div style=\"margin: 5px auto; text-align: center;\"><a href=\"https:\/\/www.premioitau.org\" target=\"_blank\" rel=\"noopener noreferrer\"><img decoding=\"async\" class=\"aligncenter size-full publicacion-tapa\" src=\"http:\/\/www.arte.unicen.edu.ar\/cdab\/wp-content\/uploads\/2020\/06\/cuentodigital-itau-promo.jpg\" data-fancybox=\"gallery\" data-caption=\"Cuidado social. V\u00ednculo virtual #15\"\/><\/a><\/div><\/p>\n<div class=\"container-newsbutton\" style=\"margin-top: 15px;\">\n<a class=\"cdab-newsbuttonlink\" href=\"https:\/\/www.premioitau.org\" target=\"_blank\" rel=\"noopener noreferrer\"><div class=\"cdab-web-newsbutton\">M\u00c1S INFORMACI\u00d3N&#8230;<\/div><\/a><a class=\"cdab-newsbuttonlink\" href=\"https:\/\/www.premioitau.org\/bases\" target=\"_blank\" rel=\"noopener noreferrer\" style=\"margin-left: 50px;\"><div class=\"cdab-pdf-newsbutton\">BASES Y CONDICIONES<\/div><\/a>\n<\/div>\n<hr style=\"margin-bottom: 25px;\"\/>\n<h3>Artists\u2019 Film International 2020<\/h3>\n<p><strong>Artists\u2019 Film International (AFI)<\/strong> es un proyecto colaborativo impulsado por Whitechapel Gallery que desde 2007 re\u00fane anualmente a veinte instituciones de todo el mundo. El programa tiene como objetivo presentar un panorama contempor\u00e1neo de las m\u00faltiples formas de la cultura audiovisual, explorando los l\u00edmites del videoarte, el film de artista y el cine de exposici\u00f3n.<\/p>\n<p>Una de las particularidades de este proyecto es su extrema versatilidad a la hora de ser exhibido. Por este motivo, y teniendo en cuenta la situaci\u00f3n actual, la <a href=\"http:\/\/www.proa.org\" target=\"_blank\" rel=\"noopener noreferrer\">Fundaci\u00f3n PROA<\/a> ha decidido hacer una versi\u00f3n in\u00e9dita del ciclo online. De esta manera, semana a semana comparten un video en su sitio web. Todos los a\u00f1os la selecci\u00f3n se realiza a partir de un tema rector, este a\u00f1o el tema es el <em>Lenguaje<\/em>.<\/p>\n<p><div style=\"margin: 5px auto; text-align: center;\"><a href=\"http:\/\/www.proa.org\/esp\/exhibicion-proa-artists-film-international-2020-artistas-y-obras.php\" target=\"_blank\" rel=\"noopener noreferrer\"><img decoding=\"async\" class=\"aligncenter size-full publicacion-tapa\" src=\"http:\/\/www.arte.unicen.edu.ar\/cdab\/wp-content\/uploads\/2020\/06\/artists-film-international-splash.jpg\" data-fancybox=\"gallery\" data-caption=\"Cuidado social. V\u00ednculo virtual #15\"\/><\/a><\/div><\/p>\n<div class=\"container-newsbutton\" style=\"margin: 5px auto 10px;\">\n<a class=\"cdab-newsbuttonlink\" href=\"http:\/\/www.proa.org\/esp\/exhibicion-proa-artists-film-international-2020-artistas-y-obras.php\" target=\"_blank\" rel=\"noopener noreferrer\"><div class=\"cdab-web-newsbutton\">ACCEDER A ARTISTS\u00b4 FILM INTERNATIONAL 2020<\/div><\/a>\n<\/div>\n<hr style=\"margin-bottom: 25px;\"\/>\n<p><img decoding=\"async\" class=\"cdab-tapa-instidentpoet-index publicacion-tapa\" title=\"Primeros resultados de la Encuesta Nacional de Cultura\" src=\"http:\/\/www.arte.unicen.edu.ar\/cdab\/wp-content\/uploads\/2020\/06\/primeraencuestacultura-ar.jpg\" alt=\"Primeros resultados de la Encuesta Nacional de Cultura\" style=\"width: 300px; height: 300px; float: right; border: 10px solid #fff; box-shadow: 0 0 5px rgba(0, 0, 0, 0.1); -webkit-box-shadow: 0 0 5px rgba(0, 0, 0, 0.1); -moz-box-shadow: 0 0 5px rgba(0, 0, 0, 0.1); display: block; margin: 0px 0px 22px 22px;\"\/><h3>Primeros resultados de la Encuesta Nacional de Cultura<\/h3><\/p><p>Se conocieron los primeros datos de la encuesta realizada por el <a href=\"https:\/\/www.sinca.gob.ar\/VerDocumento.aspx?IdCategoria=4\" target=\"_blank\" rel=\"noopener noreferrer\">Sistema de Informaci\u00f3n Cultural de la Argentina (SInCA)<\/a> del <a href=\"https:\/\/www.cultura.gob.ar\" target=\"_blank\" rel=\"noopener noreferrer\">Ministerio de Cultura de la Naci\u00f3n<\/a> durante el aislamiento social, preventivo y obligatorio, con el fin de generar informaci\u00f3n estad\u00edstica federal y de calidad sobre los diversos sectores de la cultura en Argentina. Participaron de la misma personas y organizaciones cuya actividad est\u00e1n vinculadas al campo cultural, y las respuesta fueron an\u00f3nimas, confidenciales y usadas con fines estad\u00edsticos exclusivamente.<\/p>\n<p>El estudio considera un total de 15.260 casos: 13.019 personas y 2241 organizaciones, que respondieron la encuesta hasta el 27 de abril. Los resultados brindan una importante informaci\u00f3n de referencia sobre algunos de los perfiles culturales m\u00e1s vulnerados, sus principales problem\u00e1ticas y las estrategias que est\u00e1n implementando en el contexto de pandemia producto del COVID-19.<\/p>\n<p>En relaci\u00f3n a las dificultades experimentadas durante el primer mes de aislamiento social, preventivo y obligatorio las problem\u00e1ticas recurrentes corresponden a la no percepci\u00f3n de ingresos por las actividades culturales y la imposibilidad de pagar alquileres y servicios. De esta forma, la mitad de las personas encuestadas intent\u00f3 adaptar su actividad\/trabajo cultural a la modalidad virtual, pero hay un 15% que considera que dicho cambio es factible parcialmente, mientras que un 18% directamente lo ve impracticable.<\/p><br \/>\n<div class=\"container-newsbutton\"><a class=\"cdab-newsbuttonlink\" href=\"https:\/\/www.cultura.gob.ar\/primeros-resultados-de-la-encuesta-nacional-de-cultura-9148\" target=\"_blank\" rel=\"noopener noreferrer\"><div class=\"cdab-web-newsbutton\">ACCEDER A MINISTERIO DE CULTURA<\/div><\/a><a class=\"cdab-newsbuttonlink\" href=\"http:\/\/www.arte.unicen.edu.ar\/cdab\/wp-content\/uploads\/2020\/06\/encuesta-nacional-cultura-covid.pdf\" target=\"_blank\" rel=\"noopener noreferrer\" style=\"margin-left: 50px;\"><div class=\"cdab-pdf-newsbutton\">DESCARGAR RESULTADOS ENCUESTA<\/div><\/a><\/div>\n<\/div>\n<div class=\"cdab-especial-covid19-card\"><div class=\"cdab-especial-covid19-card-icon podcast\"><i class=\"fa fa-headphones\" aria-hidden=\"true\"><\/i><\/div><div class=\"cdab-especial-covid19-card-title podcast\">PODCASTS<\/div><p><img loading=\"lazy\" decoding=\"async\" width=\"200\" height=\"200\" class=\"alignleft size-full wp-image-4077\" style=\"border: 0px; border-radius: 200px;\" src=\"http:\/\/www.arte.unicen.edu.ar\/cdab\/wp-content\/uploads\/2020\/06\/pandemiagerminal-podcast.jpg\" alt=\"La pandemia en germinal. Conversaciones sobre un mundo en cuarentena\" title=\"La pandemia en germinal. Conversaciones sobre un mundo en cuarentena\" \/><h3>La pandemia en germinal. Conversaciones sobre un mundo en cuarentena<\/h3><\/p><p>La pandemia en germinal comprende conversaciones con intelectuales, artistas o activistas que ocurrieron durante el confinamiento en varias ciudades del mundo debido a la cuarentena global por la pandemia de COVID-19. En este proyecto de <em>audio-v\u00e9rit\u00e9<\/em> reflexionamos sobre la crisis en curso como un punto de inflexi\u00f3n, atendiendo a las dimensiones afectivas y pol\u00edticas de las fragilidades presentes, se\u00f1alando las consecuencias de cuatro d\u00e9cadas de neoliberalismo, relatando las resistencias y alternativas tanto pasadas como actuales y abonando la esperanza de reconstruir el mundo situando la vida en el centro.<\/p><p><em>La pandemia en germinal. Conversaciones sobre un mundo en cuarentena<\/em> es un proyecto producido para <a href=\"http:\/\/culturaunam.mx\/elaleph\" target=\"_blank\" rel=\"noopener noreferrer\">El Aleph. Festival de Arte y Ciencia<\/a> de la <a href=\"https:\/\/www.cultura.unam.mx\" target=\"_blank\" rel=\"noopener noreferrer\">Universidad Nacional Aut\u00f3noma de M\u00e9xico (UNAM)<\/a> con la colaboraci\u00f3n de Galer\u00eda \u00c0ngels Barcelona, La Maleta de Portbou. Revista de Humanidades y Econom\u00eda, Revista CTXT y Nodal (Noticias de Am\u00e9rica Latina y el Caribe). La concepci\u00f3n, autor\u00eda y realizaci\u00f3n del podcast est\u00e1 cargo de Marcelo Exp\u00f3sito y la edici\u00f3n de sonido y realizaci\u00f3n es de Rub\u00e9n Coll.<\/p>\n<div class=\"container-newsbutton\" style=\"margin: 5px auto 10px;\">\n<a class=\"cdab-newsbuttonlink\" href=\"http:\/\/culturaunam.mx\/elaleph\/podcast-la-pandemia-germinal\" target=\"_blank\" rel=\"noopener noreferrer\"><div class=\"cdab-web-newsbutton\">ESCUCHAR EN EL ALEPH<\/div><\/a>\n<\/div><\/div>\n<div class=\"cdab-especial-covid19-card\"><div class=\"cdab-especial-covid19-card-icon ninios\"><i class=\"fa fa-child\" aria-hidden=\"true\" style=\"margin-left: 3px;\"><\/i><\/div><div class=\"cdab-especial-covid19-card-title ninios\">PARA NUESTRXS NI\u00d1XS<\/div><p><img loading=\"lazy\" decoding=\"async\" width=\"200\" height=\"200\" class=\"alignleft size-full wp-image-4077\" style=\"border: 0px; border-radius: 200px; margin-bottom: 35px;\" src=\"http:\/\/www.arte.unicen.edu.ar\/cdab\/wp-content\/uploads\/2020\/06\/discoverykidsplus-logo.jpg\" alt=\"Discovery Kids Plus\" title=\"Discovery Kids Plus\" \/><h3>Discovery Kids Plus<\/h3><\/p>\n<p><a href=\"https:\/\/www.discoverykidsplus.com\" target=\"_blank\" rel=\"noopener noreferrer\">Discovery Kids Plus<\/a> es la nueva experiencia digital de Discovery Kids que permite ver episodios completos de series infantiles, recorrer libros interactivos, disfrutar de actividades educativas y juegos para aprender durante horas tanto en la computadora, la tablet o el celular. La plataforma ofrece una experiencia segura, divertida y f\u00e1cil de usar, especialmente dise\u00f1ada para promover la interacci\u00f3n entre grandes y chicos y proporcionar contenido divertido e inspirador en los personajes y shows principales de la franquicia. Debido a la pandemia COVID-19 y con la intenci\u00f3n de promover que los ni\u00f1xs aprendan de manera l\u00fadica, la plataforma liber\u00f3 una gran parte de sus contenidos digitales para todos los usuarios.<\/p>\n<div class=\"container-newsbutton\" style=\"margin: 5px auto 10px;\">\n<a class=\"cdab-newsbuttonlink\" href=\"https:\/\/www.discoverykidsplus.com\" target=\"_blank\" rel=\"noopener noreferrer\"><div class=\"cdab-web-newsbutton\">ACCEDER A DISCOVERY KIDS PLUS<\/div><\/a>\n<\/div>\n<\/div>\n","protected":false},"excerpt":{"rendered":"<p>Cuidado social. V\u00ednculo virtual es una iniciativa de la Secretar\u00eda de Investigaci\u00f3n y Posgrado de la Facultad de Arte. En este bolet\u00edn de recomendaciones se presentar\u00e1n libros, revistas acad\u00e9micas, archivos y bibliotecas digitales abiertas, contenidos audiovisuales y links de inter\u00e9s para fomentar el intercambio entre todos los integrantes de la comunidad educativa. De esta forma seguiremos form\u00e1ndonos y reflexionando sobre [&hellip;]<\/p>\n","protected":false},"author":1,"featured_media":14674,"comment_status":"open","ping_status":"open","sticky":false,"template":"","format":"standard","meta":{"_acf_changed":false,"footnotes":""},"categories":[2497],"tags":[],"class_list":["post-14230","post","type-post","status-publish","format-standard","has-post-thumbnail","hentry","category-newsletter"],"acf":[],"_links":{"self":[{"href":"https:\/\/www.arte.unicen.edu.ar\/cdab\/wp-json\/wp\/v2\/posts\/14230","targetHints":{"allow":["GET"]}}],"collection":[{"href":"https:\/\/www.arte.unicen.edu.ar\/cdab\/wp-json\/wp\/v2\/posts"}],"about":[{"href":"https:\/\/www.arte.unicen.edu.ar\/cdab\/wp-json\/wp\/v2\/types\/post"}],"author":[{"embeddable":true,"href":"https:\/\/www.arte.unicen.edu.ar\/cdab\/wp-json\/wp\/v2\/users\/1"}],"replies":[{"embeddable":true,"href":"https:\/\/www.arte.unicen.edu.ar\/cdab\/wp-json\/wp\/v2\/comments?post=14230"}],"version-history":[{"count":2,"href":"https:\/\/www.arte.unicen.edu.ar\/cdab\/wp-json\/wp\/v2\/posts\/14230\/revisions"}],"predecessor-version":[{"id":19409,"href":"https:\/\/www.arte.unicen.edu.ar\/cdab\/wp-json\/wp\/v2\/posts\/14230\/revisions\/19409"}],"wp:featuredmedia":[{"embeddable":true,"href":"https:\/\/www.arte.unicen.edu.ar\/cdab\/wp-json\/wp\/v2\/media\/14674"}],"wp:attachment":[{"href":"https:\/\/www.arte.unicen.edu.ar\/cdab\/wp-json\/wp\/v2\/media?parent=14230"}],"wp:term":[{"taxonomy":"category","embeddable":true,"href":"https:\/\/www.arte.unicen.edu.ar\/cdab\/wp-json\/wp\/v2\/categories?post=14230"},{"taxonomy":"post_tag","embeddable":true,"href":"https:\/\/www.arte.unicen.edu.ar\/cdab\/wp-json\/wp\/v2\/tags?post=14230"}],"curies":[{"name":"wp","href":"https:\/\/api.w.org\/{rel}","templated":true}]}}