{"id":14216,"date":"2020-06-12T11:27:02","date_gmt":"2020-06-12T14:27:02","guid":{"rendered":"http:\/\/www.arte.unicen.edu.ar\/cdab\/?p=14216"},"modified":"2021-02-09T12:36:35","modified_gmt":"2021-02-09T15:36:35","slug":"ynqvtl-invito-repensar-cine-argentino-pandemia-mirada-nicolas-batlle","status":"publish","type":"post","link":"https:\/\/www.arte.unicen.edu.ar\/cdab\/ynqvtl-invito-repensar-cine-argentino-pandemia-mirada-nicolas-batlle\/","title":{"rendered":"La s\u00e9ptima edici\u00f3n de &#8220;Yo no quiero volverme tan locx&#8221; invit\u00f3 a repensar el cine argentino en tiempos de pandemia bajo la mirada de Nicol\u00e1s Batlle"},"content":{"rendered":"\n<p><strong>Yo no quiero volverme tan locx. Enfrentando el aislamiento con arte, cultura y educaci\u00f3n<\/strong>, el ciclo de di\u00e1logos coordinado por la\u00a0<a rel=\"noreferrer noopener\" href=\"http:\/\/www.arte.unicen.edu.ar\/secretarias\/investigacion-posgrado\/\" target=\"_blank\">Secretar\u00eda de Investigaci\u00f3n y Posgrado<\/a>\u00a0y la\u00a0<a rel=\"noreferrer noopener\" href=\"http:\/\/www.arte.unicen.edu.ar\/secretarias\/academica\/\" target=\"_blank\">Secretar\u00eda Acad\u00e9mica<\/a>\u00a0de la\u00a0<a rel=\"noreferrer noopener\" href=\"http:\/\/www.arte.unicen.edu.ar\/\" target=\"_blank\">Facultad de Arte<\/a>, contin\u00faa proponiendo espacios de conversaci\u00f3n acerca de las disciplinas art\u00edsticas mientras cumplimos con el per\u00edodo de aislamiento social, preventivo y obligatorio dispuesto para evitar la propagaci\u00f3n del COVID-19. El pasado martes 9 de junio se concret\u00f3 la s\u00e9ptima edici\u00f3n que cont\u00f3 con la participaci\u00f3n del vicepresidente del <a rel=\"noreferrer noopener\" aria-label=\"Instituto Nacional de Cine y Artes Audiovisuales (INCAA) (abre en una nueva pesta\u00f1a)\" href=\"http:\/\/www.incaa.gov.ar\" target=\"_blank\">Instituto Nacional de Cine y Artes Audiovisuales (INCAA)<\/a> y productor ejecutivo de <em>Mundo Alas<\/em>, <em>Wakolda<\/em> y <em>El Patr\u00f3n. Radiograf\u00eda de un crimen<\/em>, <strong>Nicol\u00e1s Batlle<\/strong>. Durante la charla, <strong>Batlle<\/strong> brind\u00f3 un panorama del <em>cine argentino en tiempos de pandemia<\/em> y posteriormente habilit\u00f3 el intercambio entre todxs lxs participantes de la videollamada que convoc\u00f3 a estudiantes, graduadxs, docentes, investigadorxs y productores independientes.<\/p>\n\n\n\n<p>El Secretario de Investigaci\u00f3n y Posgrado de la <a rel=\"noreferrer noopener\" aria-label=\"Facultad (abre en una nueva pesta\u00f1a)\" href=\"http:\/\/www.arte.unicen.edu.ar\" target=\"_blank\">Facultad<\/a>, <strong>Dr. Javier Campo<\/strong>, present\u00f3 el encuentro destacando la continuidad del espacio y el nivel de participaci\u00f3n en cada charla. A continuaci\u00f3n, la <strong>Prof. Virginia Morazzo<\/strong>, Directora del <a rel=\"noreferrer noopener\" aria-label=\"Departamento de Artes Audiovisuales (abre en una nueva pesta\u00f1a)\" href=\"http:\/\/www.arte.unicen.edu.ar\/institucional\/departamentos\/artes-audiovisuales\/\" target=\"_blank\">Departamento de Artes Audiovisuales<\/a>, introdujo al invitado recordando al p\u00fablico que <em>&#8220;tuvimos la oportunidad de tenerlo en nuestra Casa de Estudios en varias oportunidades&#8221;.<\/em> <strong>Nicol\u00e1s Batlle<\/strong> es egresado de la <a rel=\"noreferrer noopener\" aria-label=\"Escuela Nacional de Realizaci\u00f3n y Experimentaci\u00f3n Cinematogr\u00e1fica (ENERC) (abre en una nueva pesta\u00f1a)\" href=\"http:\/\/www.enerc.gov.ar\" target=\"_blank\">Escuela Nacional de Realizaci\u00f3n y Experimentaci\u00f3n Cinematogr\u00e1fica (ENERC)<\/a>, productor ejecutivo de numerosos films de ficci\u00f3n y documental y <em>&#8220;nos acompa\u00f1\u00f3 virtualmente como jurado en el concurso de videominuto de Spinetta, junto a <\/em><strong><em>Marcelo Vernengo<\/em><\/strong><em>, con quien ofreci\u00f3 una charla en el <\/em><strong><em>Simposio sobre Cine y Audiovisual<\/em><\/strong><em> en 2018&#8243;<\/em> agreg\u00f3.<\/p>\n\n\n\n<p>Compartimos la charla que refleja el estado de situaci\u00f3n actual del cine nacional en esta particular coyuntura de pandemia y virtualidad:<\/p>\n\n\n\n<div style=\"margin: 30px auto; width: 100%; text-align: center;\"><iframe loading=\"lazy\" width=\"700\" height=\"394\" src=\"https:\/\/www.youtube.com\/embed\/HRRA69MvI3A\" frameborder=\"0\" allow=\"accelerometer; autoplay; encrypted-media; gyroscope; picture-in-picture\" allowfullscreen=\"\"><\/iframe><\/div>\n\n\n\n<p>Los encuentros previos est\u00e1n disponibles en el\u00a0<a rel=\"noreferrer noopener\" href=\"https:\/\/www.youtube.com\/channel\/UCOBrOTwPT5GiKHYXACcgyLQ\" target=\"_blank\">canal de YouTube<\/a>\u00a0de la\u00a0<a rel=\"noreferrer noopener\" href=\"http:\/\/www.arte.unicen.edu.ar\/\" target=\"_blank\">Facultad de Arte<\/a>\u00a0y el sitio web del\u00a0<strong>CDAB<\/strong>. La pr\u00f3xima edici\u00f3n de <strong>Yo no quiero volverme tan locx<\/strong> se llevar\u00e1 a cabo el\u00a0<strong>lunes 15 de junio<\/strong>\u00a0a las\u00a0<strong>16 hs.<\/strong>\u00a0con la participaci\u00f3n de <strong>Natalia Badgen<\/strong> y <strong>Laura Azcurra<\/strong> en representaci\u00f3n de la\u00a0<strong>Colectiva de Actrices Argentinas<\/strong>.\u00a0<em>Las luchas de las mujeres y lxs artistas en tiempos de cuarentena<\/em> estar\u00e1 articulada y presentada desde la\u00a0<a rel=\"noreferrer noopener\" aria-label=\" (abre en una nueva pesta\u00f1a)\" href=\"http:\/\/www.arte.unicen.edu.ar\/secretarias\/extension\/\" target=\"_blank\">Secretar\u00eda de Extensi\u00f3n (FA, UNICEN)<\/a>.<\/p>\n","protected":false},"excerpt":{"rendered":"<p>Yo no quiero volverme tan locx. Enfrentando el aislamiento con arte, cultura y educaci\u00f3n, el ciclo de di\u00e1logos coordinado por la\u00a0Secretar\u00eda de Investigaci\u00f3n y Posgrado\u00a0y la\u00a0Secretar\u00eda Acad\u00e9mica\u00a0de la\u00a0Facultad de Arte, contin\u00faa proponiendo espacios de conversaci\u00f3n acerca de las disciplinas art\u00edsticas mientras cumplimos con el per\u00edodo de aislamiento social, preventivo y obligatorio dispuesto para evitar la propagaci\u00f3n del COVID-19. El pasado [&hellip;]<\/p>\n","protected":false},"author":1,"featured_media":14220,"comment_status":"open","ping_status":"open","sticky":false,"template":"","format":"standard","meta":{"_acf_changed":false,"footnotes":""},"categories":[1],"tags":[215,2502,288,2503],"class_list":["post-14216","post","type-post","status-publish","format-standard","has-post-thumbnail","hentry","category-novedades","tag-facultad-de-arte","tag-secretaria-academica","tag-secretaria-de-investigacion-y-posgrado","tag-yo-no-quiero-volverme-tan-locx"],"acf":[],"_links":{"self":[{"href":"https:\/\/www.arte.unicen.edu.ar\/cdab\/wp-json\/wp\/v2\/posts\/14216","targetHints":{"allow":["GET"]}}],"collection":[{"href":"https:\/\/www.arte.unicen.edu.ar\/cdab\/wp-json\/wp\/v2\/posts"}],"about":[{"href":"https:\/\/www.arte.unicen.edu.ar\/cdab\/wp-json\/wp\/v2\/types\/post"}],"author":[{"embeddable":true,"href":"https:\/\/www.arte.unicen.edu.ar\/cdab\/wp-json\/wp\/v2\/users\/1"}],"replies":[{"embeddable":true,"href":"https:\/\/www.arte.unicen.edu.ar\/cdab\/wp-json\/wp\/v2\/comments?post=14216"}],"version-history":[{"count":2,"href":"https:\/\/www.arte.unicen.edu.ar\/cdab\/wp-json\/wp\/v2\/posts\/14216\/revisions"}],"predecessor-version":[{"id":17042,"href":"https:\/\/www.arte.unicen.edu.ar\/cdab\/wp-json\/wp\/v2\/posts\/14216\/revisions\/17042"}],"wp:featuredmedia":[{"embeddable":true,"href":"https:\/\/www.arte.unicen.edu.ar\/cdab\/wp-json\/wp\/v2\/media\/14220"}],"wp:attachment":[{"href":"https:\/\/www.arte.unicen.edu.ar\/cdab\/wp-json\/wp\/v2\/media?parent=14216"}],"wp:term":[{"taxonomy":"category","embeddable":true,"href":"https:\/\/www.arte.unicen.edu.ar\/cdab\/wp-json\/wp\/v2\/categories?post=14216"},{"taxonomy":"post_tag","embeddable":true,"href":"https:\/\/www.arte.unicen.edu.ar\/cdab\/wp-json\/wp\/v2\/tags?post=14216"}],"curies":[{"name":"wp","href":"https:\/\/api.w.org\/{rel}","templated":true}]}}