{"id":13941,"date":"2020-06-03T12:41:23","date_gmt":"2020-06-03T15:41:23","guid":{"rendered":"http:\/\/www.arte.unicen.edu.ar\/cdab\/?p=13941"},"modified":"2021-02-09T12:33:13","modified_gmt":"2021-02-09T15:33:13","slug":"facultad-de-arte-comunicado-ante-situacion-arte-cultura","status":"publish","type":"post","link":"https:\/\/www.arte.unicen.edu.ar\/cdab\/facultad-de-arte-comunicado-ante-situacion-arte-cultura\/","title":{"rendered":"La Facultad de Arte difundi\u00f3 un comunicado ante la situaci\u00f3n actual del arte y la cultura"},"content":{"rendered":"\n<p>Como espacio de promoci\u00f3n y formaci\u00f3n de disciplinas pertenecientes a las artes esc\u00e9nicas y audiovisuales, la <a rel=\"noreferrer noopener\" aria-label=\"Facultad de Arte (abre en una nueva pesta\u00f1a)\" href=\"http:\/\/www.arte.unicen.edu.ar\" target=\"_blank\">Facultad de Arte<\/a> difundi\u00f3 un comunicado ante la situaci\u00f3n actual del arte y la cultura como consecuencia de la pandemia COVID-19.<\/p>\n\n\n\n<p><em>&#8220;Vivimos en tiempos de pandemia y la incertidumbre sobre c\u00f3mo y cu\u00e1ndo finalizar\u00e1 esta situaci\u00f3n social es parte de nuestras reflexiones. Como instituci\u00f3n p\u00fablica de formaci\u00f3n y creaci\u00f3n art\u00edstica, la evaluaci\u00f3n y el intercambio sobre cu\u00e1l es la realidad del \u00e1mbito cultural y de las artes, local y regional, con sus espacios y sus protagonistas, y cu\u00e1l es el rol de la educaci\u00f3n superior en este marco de crisis, es parte del<\/em><strong><em>&nbsp;compromiso que tenemos como miembros de una Universidad P\u00fablica y Nacional<\/em><\/strong><em>. De igual manera, nos atraviesa la necesidad de generar acciones concretas para acercar distancias con nuestra comunidad art\u00edstica y educativa, a\u00fan en esta nueva realidad virtual que transitamos, garantizando el derecho al arte, la cultura y la educaci\u00f3n&#8221;<\/em> postula el escrito.<\/p>\n\n\n\n<p><em>&#8220;En este contexto, donde la prioridad est\u00e1 en proteger la vida y apuntalar las pol\u00edticas sociales de ayuda a los sectores m\u00e1s desprotegidos, uno de nuestros aportes como instituci\u00f3n art\u00edstica es afirmar que el arte, la cultura y la educaci\u00f3n son pilares en la construcci\u00f3n de una sociedad plena y justa. Frente al estado de emergencia que transitamos todxs, y especialmente la comunidad art\u00edstica, con sus espacios culturales y grupos independientes, podemos y debemos dar cuenta de muchos interrogantes que nos interpelan&#8221;.<\/em><\/p>\n\n\n\n<p>Para acceder al <strong>comunicado completo<\/strong> ingresar a: <a href=\"http:\/\/www.arte.unicen.edu.ar\/comunicado-ante-la-situacion-actual-de-las-artes-y-la-cultura\" target=\"_blank\" rel=\"noreferrer noopener\" aria-label=\" (abre en una nueva pesta\u00f1a)\">www.arte.unicen.edu.ar\/comunicado-ante-la-situacion-actual-de-las-artes-y-la-cultura<\/a><\/p>\n","protected":false},"excerpt":{"rendered":"<p>Como espacio de promoci\u00f3n y formaci\u00f3n de disciplinas pertenecientes a las artes esc\u00e9nicas y audiovisuales, la Facultad de Arte difundi\u00f3 un comunicado ante la situaci\u00f3n actual del arte y la cultura como consecuencia de la pandemia COVID-19. &#8220;Vivimos en tiempos de pandemia y la incertidumbre sobre c\u00f3mo y cu\u00e1ndo finalizar\u00e1 esta situaci\u00f3n social es parte de nuestras reflexiones. Como instituci\u00f3n [&hellip;]<\/p>\n","protected":false},"author":1,"featured_media":13943,"comment_status":"open","ping_status":"open","sticky":false,"template":"","format":"standard","meta":{"_acf_changed":false,"footnotes":""},"categories":[1],"tags":[215,294],"class_list":["post-13941","post","type-post","status-publish","format-standard","has-post-thumbnail","hentry","category-novedades","tag-facultad-de-arte","tag-unicen"],"acf":[],"_links":{"self":[{"href":"https:\/\/www.arte.unicen.edu.ar\/cdab\/wp-json\/wp\/v2\/posts\/13941","targetHints":{"allow":["GET"]}}],"collection":[{"href":"https:\/\/www.arte.unicen.edu.ar\/cdab\/wp-json\/wp\/v2\/posts"}],"about":[{"href":"https:\/\/www.arte.unicen.edu.ar\/cdab\/wp-json\/wp\/v2\/types\/post"}],"author":[{"embeddable":true,"href":"https:\/\/www.arte.unicen.edu.ar\/cdab\/wp-json\/wp\/v2\/users\/1"}],"replies":[{"embeddable":true,"href":"https:\/\/www.arte.unicen.edu.ar\/cdab\/wp-json\/wp\/v2\/comments?post=13941"}],"version-history":[{"count":2,"href":"https:\/\/www.arte.unicen.edu.ar\/cdab\/wp-json\/wp\/v2\/posts\/13941\/revisions"}],"predecessor-version":[{"id":17041,"href":"https:\/\/www.arte.unicen.edu.ar\/cdab\/wp-json\/wp\/v2\/posts\/13941\/revisions\/17041"}],"wp:featuredmedia":[{"embeddable":true,"href":"https:\/\/www.arte.unicen.edu.ar\/cdab\/wp-json\/wp\/v2\/media\/13943"}],"wp:attachment":[{"href":"https:\/\/www.arte.unicen.edu.ar\/cdab\/wp-json\/wp\/v2\/media?parent=13941"}],"wp:term":[{"taxonomy":"category","embeddable":true,"href":"https:\/\/www.arte.unicen.edu.ar\/cdab\/wp-json\/wp\/v2\/categories?post=13941"},{"taxonomy":"post_tag","embeddable":true,"href":"https:\/\/www.arte.unicen.edu.ar\/cdab\/wp-json\/wp\/v2\/tags?post=13941"}],"curies":[{"name":"wp","href":"https:\/\/api.w.org\/{rel}","templated":true}]}}