{"id":13743,"date":"2020-06-12T11:35:19","date_gmt":"2020-06-12T14:35:19","guid":{"rendered":"http:\/\/www.arte.unicen.edu.ar\/cdab\/?p=13743"},"modified":"2021-08-02T12:15:36","modified_gmt":"2021-08-02T15:15:36","slug":"cuidado-social-vinculo-virtual-14","status":"publish","type":"post","link":"https:\/\/www.arte.unicen.edu.ar\/cdab\/cuidado-social-vinculo-virtual-14\/","title":{"rendered":"Cuidado social. V\u00ednculo virtual #14"},"content":{"rendered":"\n<p class=\"cdab-text-covid19\"><strong>Cuidado social. V\u00ednculo virtual<\/strong> es una iniciativa de la <em>Secretar\u00eda de Investigaci\u00f3n y Posgrado<\/em> de la <a href=\"http:\/\/www.arte.unicen.edu.ar\" target=\"_blank\" rel=\"noopener noreferrer\">Facultad de Arte<\/a>. En este bolet\u00edn de recomendaciones se presentar\u00e1n libros, revistas acad\u00e9micas, archivos y bibliotecas digitales abiertas, contenidos audiovisuales y links de inter\u00e9s para fomentar el intercambio entre todos los integrantes de la comunidad educativa. De esta forma seguiremos form\u00e1ndonos y reflexionando sobre el arte sin dejar de cuidarnos entre todos ante la pandemia COVID-19.<\/p>\n\n<div class=\"cdab-especial-covid19-card\"><div class=\"cdab-especial-covid19-card-icon novedades\"><i class=\"fa fa-newspaper-o\" aria-hidden=\"true\" style=\"margin-left: 3px;\"><\/i><\/div><div class=\"cdab-especial-covid19-card-title novedades\">NOVEDADES<\/div><p><img decoding=\"async\" class=\"cdab-tapa-instidentpoet-index publicacion-tapa\" title=\"Yo no quiero volverme tan locx #7: Nicol\u00e1s Batlle\" src=\"http:\/\/www.arte.unicen.edu.ar\/cdab\/wp-content\/uploads\/2020\/06\/nicolasbatlle-ynqvtl.png\" alt=\"Yo no quiero volverme tan locx #7: Nicol\u00e1s Batlle\" style=\"width: 270px; height: 395px; float: right; border: 10px solid #fff; box-shadow: 0 0 5px rgba(0, 0, 0, 0.1); -webkit-box-shadow: 0 0 5px rgba(0, 0, 0, 0.1); -moz-box-shadow: 0 0 5px rgba(0, 0, 0, 0.1); display: block; margin: 0px 0px 22px 22px;\"\/><h3>Yo no quiero volverme tan locx #7: Nicol\u00e1s Batlle<\/h3><\/p><p><strong>Yo no quiero volverme tan locx. Enfrentando el aislamiento con arte, cultura y educaci\u00f3n<\/strong>, el ciclo de charlas coordinado por la <a rel=\"noreferrer noopener\" href=\"http:\/\/www.arte.unicen.edu.ar\/secretarias\/investigacion-posgrado\/\" target=\"_blank\">Secretar\u00eda de Investigaci\u00f3n y Posgrado<\/a> y la <a rel=\"noreferrer noopener\" href=\"http:\/\/www.arte.unicen.edu.ar\/secretarias\/academica\/\" target=\"_blank\">Secretar\u00eda Acad\u00e9mica<\/a> de la <a rel=\"noreferrer noopener\" href=\"http:\/\/www.arte.unicen.edu.ar\/\" target=\"_blank\">Facultad de Arte<\/a>, present\u00f3 su s\u00e9ptima edici\u00f3n con la participaci\u00f3n de <strong>Nicol\u00e1s Batlle<\/strong>, vicepresidente del <a href=\"http:\/\/www.incaa.gov.ar\" target=\"_blank\" rel=\"noopener noreferrer\">Instituto Nacional de Cine y Artes Audiovisuales (INCAA)<\/a>. El encuentro se llev\u00f3 a cabo el pasado martes 9 de junio mediante la aplicaci\u00f3n de videoconferencia Zoom y abord\u00f3 una tem\u00e1tica de suma actualidad <em>El cine argentino en tiempos de pandemia<\/em>. La Prof. Mar\u00eda Virginia Morazzo realiz\u00f3 la presentaci\u00f3n de la actividad articulada con el <a href=\"http:\/\/www.arte.unicen.edu.ar\/institucional\/departamentos\/artes-audiovisuales\" target=\"_blank\" rel=\"noopener noreferrer\">Departamento de Artes Audiovisuales<\/a>.<\/p>\n<p>Los interesados en visionar las charlas previas podr\u00e1n hacerlo desde el <a href=\"https:\/\/www.youtube.com\/channel\/UCOBrOTwPT5GiKHYXACcgyLQ\" target=\"_blank\" rel=\"noopener noreferrer\">canal de YouTube<\/a> de la <a href=\"http:\/\/www.arte.unicen.edu.ar\" target=\"_blank\" rel=\"noopener noreferrer\">Facultad de Arte<\/a> y el sitio web del <strong>CDAB<\/strong>. Hasta el momento pasaron por <strong>Yo no quiero volverme tan locx<\/strong>: <strong>Kekena Corval\u00e1n<\/strong>, <strong>Mar\u00eda Stegmayer<\/strong>, <strong>Claudio Pansera<\/strong>, <strong>Pablo Mereu<\/strong>, la <strong>Cooperativa de Dise\u00f1o<\/strong> y <strong>Alejandra Garc\u00eda Vargas<\/strong>.<\/p><div class=\"container-newsbutton\">\n<a data-fancybox class=\"cdab-newsbuttonlink\" href=\"https:\/\/www.youtube.com\/watch?v=HRRA69MvI3A\" target=\"_blank\" rel=\"noopener noreferrer\"><div class=\"cdab-youtube-newsbutton\">VER EN CANAL FACULTAD DE ARTE<\/div><\/a>\n<\/div><div class=\"container-newsbutton\">\n<a class=\"cdab-newsbuttonlink\" href=\"http:\/\/www.arte.unicen.edu.ar\/cdab\/ynqvtl-invito-repensar-cine-argentino-pandemia-mirada-nicolas-batlle\" target=\"_blank\" rel=\"noopener noreferrer\"><div class=\"cdab-cdab-newsbutton\">NOTA COMPLETA EN SITIO WEB CDAB<\/div><\/a>\n<\/div><\/div>\n<div class=\"cdab-especial-covid19-card\"><div class=\"cdab-especial-covid19-card-icon infoanuncio\"><i class=\"fa fa-bullhorn\" aria-hidden=\"true\" style=\"margin-left: 3px;\"><\/i><\/div><div class=\"cdab-especial-covid19-card-title infoanuncio\">INFORMACI\u00d3N<\/div><h3>El CDAB se solidariza con la Cinemateca Brasileira y comparte el comunicado de la Red BiblioCi<\/h3>\n<p>El <strong>Centro de Documentaci\u00f3n Audiovisual y Biblioteca (CDAB)<\/strong> de la <a href=\"http:\/\/www.arte.unicen.edu.ar\" target=\"_blank\" rel=\"noopener noreferrer\">Facultad de Arte<\/a> manifiesta su preocupaci\u00f3n por la crisis que est\u00e1 atravesando la <a href=\"http:\/\/www.cinemateca.org.br\" target=\"_blank\" rel=\"noopener noreferrer\">Cinemateca Brasileira<\/a>, una instituci\u00f3n de referencia para los archivos latinoamericanos que se destaca por constituir un centro de investigaci\u00f3n y transmisi\u00f3n de conocimiento mediante su producci\u00f3n cultural y su tarea de preservaci\u00f3n y difusi\u00f3n del cine brasile\u00f1o y latinoamericano. Pese a su amplia trayectoria internacional, la <a href=\"http:\/\/www.cinemateca.org.br\" target=\"_blank\" rel=\"noopener noreferrer\">Cinemateca Brasileira<\/a> actualmente se enfrenta a una situaci\u00f3n que pone en riesgo su existencia.<\/p>\n<p>Por este motivo, una vez m\u00e1s, reafirmamos la importancia que reviste la tarea de todas aquellas instituciones que salvaguardan y valorizan el patrimonio cultural, dando cuenta de nuestra identidad local, nacional y regional de generaci\u00f3n en generaci\u00f3n. Desde el <strong>CDAB<\/strong> hacemos extensiva nuestra adhesi\u00f3n a los manifiestos publicados por la <strong>Coordinadora Latinoamericana de Archivos de Im\u00e1genes en Movimiento (CLAIM)<\/strong>, la <strong>Cinemateca Boliviana<\/strong> y el comunicado de <a href=\"https:\/\/www.facebook.com\/Biblioci.org\" target=\"_blank\" rel=\"noopener noreferrer\">BiblioCi<\/a>, red de la que <a href=\"http:\/\/www.arte.unicen.edu.ar\/cdab\/el-cdab-forma-parte-de-la-red-biblioci\" target=\"_blank\" rel=\"noopener noreferrer\">formamos parte desde noviembre de 2019<\/a>, gracias a las gestiones efectuadas de forma conjunta con el <strong>Sr. Adri\u00e1n Muoyo<\/strong> (director de la <a href=\"http:\/\/www.enerc.gov.ar\/_biblioteca.html\" target=\"_blank\" rel=\"noopener noreferrer\">Biblioteca y Centro de Documentaci\u00f3n y Archivo de la ENERC)<\/a>.<\/p>\n<p><div style=\"margin: 5px auto; text-align: center;\"><a href=\"http:\/\/www.arte.unicen.edu.ar\/cdab\/wp-content\/uploads\/2020\/06\/comunicado-biblioci-52020.jpg\" data-fancybox=\"gallery\" data-caption=\"Cuidado social. V\u00ednculo virtual #14\"><img loading=\"lazy\" decoding=\"async\" class=\"aligncenter size-full publicacion-tapa\" src=\"http:\/\/www.arte.unicen.edu.ar\/cdab\/wp-content\/uploads\/2020\/06\/comunicado-biblioci-52020-464x600.jpg\" alt=\"Comunicado de BiblioCi en relaci\u00f3n a la Cinemateca Brasileira\" title=\"Comunicado de BiblioCi en relaci\u00f3n a la Cinemateca Brasileira\" width=\"464\" height=\"600\" border=\"0\"\/><\/a><\/div><\/p>\n<div class=\"container-newsbutton\" style=\"margin: 5px auto 25px;\"><a class=\"cdab-newsbuttonlink\" href=\"https:\/\/secure.avaaz.org\/po\/community_petitions\/governo_federal_secretaria_especial_de_cultura_sec_cinemateca_brasileira_pede_socorro\" target=\"_blank\" rel=\"noopener noreferrer\"><div class=\"cdab-web-newsbutton\">FIRMAR PETITORIO CINEMATECA BRASILEIRA<\/div><\/a><\/div>\n<p>A continuaci\u00f3n difundimos el manifiesto publicado por un grupo de entidades cinematogr\u00e1ficas brasile\u00f1as dedicadas a la preservaci\u00f3n y archivo y el comunicado de la <strong>Coordinadora Latinoamericana de Archivos de Im\u00e1genes en Movimiento (CLAIM)<\/strong>:<\/p>\n<div class=\"container-newsbutton\" style=\"margin: 15px auto;\">\n<a class=\"cdab-newsbuttonlink\" href=\"http:\/\/www.arte.unicen.edu.ar\/cdab\/wp-content\/uploads\/2020\/06\/manifiestocb-brasil.pdf\" target=\"_blank\" rel=\"noopener noreferrer\"><div class=\"cdab-pdf-newsbutton\">MANIFIESTO ENTIDADES BRASILE\u00d1AS<\/div><\/a><a class=\"cdab-newsbuttonlink\" href=\"http:\/\/www.arte.unicen.edu.ar\/cdab\/wp-content\/uploads\/2020\/06\/manifiestocb-claim.pdf\" target=\"_blank\" rel=\"noopener noreferrer\" style=\"margin-left: 50px;\"><div class=\"cdab-pdf-newsbutton\">MANIFIESTO CLAIM<\/div><\/a>\n<\/div>\n<hr style=\"margin-bottom: 25px;\"\/>\n<h3>9 de junio: D\u00eda Internacional de los Archivos<\/h3>\n<p>El pasado martes 9 de junio se celebr\u00f3 el <strong>D\u00eda Internacional de los Archivos<\/strong>, en reconocimiento a todas aquellas instituciones que re\u00fanen, conservan y garantizan la accesibilidad a los registros de nuestro pasado, que son el puente para conectarnos con nuestra historia nacional y nuestra cultura, y reafirman el compromiso con el presente y el futuro de la sociedad como actores fundamentales en la democratizaci\u00f3n de la informaci\u00f3n. Compartimos algunas reflexiones al respecto y links a archivos de inter\u00e9s:<\/p>\n<div align=\"center\" style=\"margin: 10px auto 30px;\"><div id=\"metaslider-id-14049\" style=\"max-width: 666px; margin: 0 auto;\" class=\"ml-slider-3-103-0 metaslider metaslider-nivo metaslider-14049 ml-slider flex has-dots-nav ms-theme-bubble\" role=\"region\" aria-label=\"csvv-archivo\" data-height=\"375\" data-width=\"666\">\n    <div id=\"metaslider_container_14049\">\n        <div class='slider-wrapper theme-default'><div class='ribbon'><\/div><div id='metaslider_14049' class='nivoSlider'><img loading=\"lazy\" decoding=\"async\" src=\"https:\/\/www.arte.unicen.edu.ar\/cdab\/wp-content\/uploads\/2020\/06\/semanaarchivos-1-666x375.jpg\" height=\"375\" width=\"666\" title=\"semanaarchivos-1\" alt=\"\" class=\"slider-14049 slide-14058 msDefaultImage\" \/><img loading=\"lazy\" decoding=\"async\" src=\"https:\/\/www.arte.unicen.edu.ar\/cdab\/wp-content\/uploads\/2020\/06\/semanaarchivos-0-666x375.jpg\" height=\"375\" width=\"666\" title=\"semanaarchivos-0\" alt=\"\" class=\"slider-14049 slide-14057 msDefaultImage\" \/><img loading=\"lazy\" decoding=\"async\" src=\"https:\/\/www.arte.unicen.edu.ar\/cdab\/wp-content\/uploads\/2020\/06\/semanaarchivos-2-666x375.jpg\" height=\"375\" width=\"666\" title=\"semanaarchivos-2\" alt=\"\" class=\"slider-14049 slide-14059 msDefaultImage\" \/><img loading=\"lazy\" decoding=\"async\" src=\"https:\/\/www.arte.unicen.edu.ar\/cdab\/wp-content\/uploads\/2020\/06\/semanaarchivos-3-666x375.jpg\" height=\"375\" width=\"666\" title=\"semanaarchivos-3\" alt=\"\" class=\"slider-14049 slide-14060 msDefaultImage\" \/><img loading=\"lazy\" decoding=\"async\" src=\"https:\/\/www.arte.unicen.edu.ar\/cdab\/wp-content\/uploads\/2020\/06\/semanaarchivos-4-666x375.jpg\" height=\"375\" width=\"666\" title=\"semanaarchivos-4\" alt=\"\" class=\"slider-14049 slide-14061 msDefaultImage\" \/><img loading=\"lazy\" decoding=\"async\" src=\"https:\/\/www.arte.unicen.edu.ar\/cdab\/wp-content\/uploads\/2020\/06\/semanaarchivos-5-666x375.jpg\" height=\"375\" width=\"666\" title=\"semanaarchivos-5\" alt=\"\" class=\"slider-14049 slide-14062 msDefaultImage\" \/><img loading=\"lazy\" decoding=\"async\" src=\"https:\/\/www.arte.unicen.edu.ar\/cdab\/wp-content\/uploads\/2020\/06\/semanaarchivos-6-666x375.jpg\" height=\"375\" width=\"666\" title=\"semanaarchivos-6\" alt=\"\" class=\"slider-14049 slide-14063 msDefaultImage\" \/><\/div><\/div>\n        \n    <\/div>\n<\/div><\/div>\n<div class=\"container-newsbutton\">\n<a class=\"cdab-newsbuttonlink\" href=\"https:\/\/www.facebook.com\/ArchivoGeneraldelaNacionArgentina\" target=\"_blank\" rel=\"noopener noreferrer\"><div class=\"cdab-facebook-newsbutton\">ARCHIVO GENERAL DE LA NACI\u00d3N ARGENTINA<\/div><\/a><a class=\"cdab-newsbuttonlink\" href=\"https:\/\/www.facebook.com\/ArchivosALA\" target=\"_blank\" rel=\"noopener noreferrer\" style=\"margin-left: 50px;\"><div class=\"cdab-facebook-newsbutton\">ASOCIACI\u00d3N LATINOAMERICANA DE ARCHIVOS<\/div><\/a>\n<\/div><br \/>\n<p>En este sentido, desde <strong>Cuidado social. V\u00ednculo virtual<\/strong> saludamos al <strong>Centro de Documentaci\u00f3n Audiovisual y Biblioteca (CDAB)<\/strong>, un espacio dependiente de la <em>Secretar\u00eda de Investigaci\u00f3n y Posgrado<\/em> que desde marzo de 2011 resguarda, preserva y difunde las actividades art\u00edstico-acad\u00e9micas que conforman la memoria institucional de la <a href=\"http:\/\/www.arte.unicen.edu.ar\" target=\"_blank\" rel=\"noopener noreferrer\">Facultad de Arte<\/a>. Te invitamos a conocernos mediante nuestro spot institucional:<\/p>\n<div align=\"center\" style=\"margin: 20px auto;\"><iframe loading=\"lazy\" width=\"666\" height=\"375\" src=\"https:\/\/www.youtube.com\/embed\/IB1SOrpbEUI\" frameborder=\"0\" allow=\"accelerometer; autoplay; encrypted-media; gyroscope; picture-in-picture\" allowfullscreen><\/iframe><\/div>\n<\/div>\n<div class=\"cdab-especial-covid19-card\"><div class=\"cdab-especial-covid19-card-icon libros\"><i class=\"fa fa-book\" aria-hidden=\"true\" style=\"margin-left: 3px;\"><\/i><\/div><div class=\"cdab-especial-covid19-card-title libros\">LIBROS<\/div><p><img decoding=\"async\" class=\"cdab-tapa-instidentpoet-index publicacion-tapa\" title=\"Un escenario en la playa. Itinerarios del teatro marplatense (1940-1950)\" src=\"http:\/\/www.arte.unicen.edu.ar\/cdab\/wp-content\/uploads\/2020\/06\/escenarioplaya-tapa.jpg\" alt=\"Un escenario en la playa. Itinerarios del teatro marplatense (1940-1950)\" style=\"width: 220px; height: 302px; float: right; border: 10px solid #fff; box-shadow: 0 0 5px rgba(0, 0, 0, 0.1); -webkit-box-shadow: 0 0 5px rgba(0, 0, 0, 0.1); -moz-box-shadow: 0 0 5px rgba(0, 0, 0, 0.1); display: block; margin: 0px 0px 0px 22px;\"\/><\/p><h3>Un escenario en la playa. Itinerarios del teatro marplatense (1940-1950)<\/h3><p><strong>Gabriel Cabrejas<br \/>2018. 304 p\u00e1ginas. EUDEM<\/strong><\/p><p>La escena dram\u00e1tica en el principal balneario argentino del siglo XX siempre presentar\u00e1 dos escenarios: el teatro de los visitantes de temporada veraniega y el que crean los marplatenses, y no s\u00f3lo durante el invierno. Am\u00e9n del est\u00edmulo externo de las compa\u00f1\u00edas porte\u00f1as, los nativos supieron desarrollar desde temprano inquietudes teatrales: los cuadros filodram\u00e1ticos del barrio de la incipiente clase media desde 1940, el auge de la radionovela en los a\u00f1os 50 y el comienzo del teatro independiente a fines de esa d\u00e9cada, son analizados en Un escenario en la playa. Po\u00e9ticas de conjunto, repertorios, formaci\u00f3n de los elencos, instrucci\u00f3n de los directores y fundaci\u00f3n de los primeros centros culturales de la ciudad, desfilan en estas p\u00e1ginas.<\/p>\n<div class=\"container-newsbutton\">\n<a class=\"cdab-newsbuttonlink\" href=\"http:\/\/www2.mdp.edu.ar\/attachments\/article\/281\/un_escenario_en_la_playa.pdf\" target=\"_blank\" rel=\"noopener noreferrer\"><div class=\"cdab-pdf-newsbutton\">DESCARGAR E-BOOK<\/div><\/a>\n<\/div><hr style=\"margin-bottom: 25px;\"\/>\n<p><img decoding=\"async\" class=\"cdab-tapa-instidentpoet-index publicacion-tapa\" title=\"M\u00e1scaras autorales. An\u00e1lisis de las autopo\u00e9ticas\" src=\"http:\/\/www.arte.unicen.edu.ar\/cdab\/wp-content\/uploads\/2020\/06\/mascarasautorales-tapa.jpg\" alt=\"M\u00e1scaras autorales. An\u00e1lisis de las autopo\u00e9ticas\" style=\"width: 220px; height: 302px; float: right; border: 10px solid #fff; box-shadow: 0 0 5px rgba(0, 0, 0, 0.1); -webkit-box-shadow: 0 0 5px rgba(0, 0, 0, 0.1); -moz-box-shadow: 0 0 5px rgba(0, 0, 0, 0.1); display: block; margin: 0px 0px 22px 22px;\"\/><\/p><h3>M\u00e1scaras autorales. An\u00e1lisis de las autopo\u00e9ticas<\/h3><p><strong>Mar\u00eda Clara Lucifora<br \/>2020. 133 p\u00e1ginas. EUDEM<\/strong><\/p><p>Este libro pretende realizar un aporte al abordaje de un conjunto discursivo que, hasta el momento, ha sido escasamente atendido en los estudios literarios: las autopo\u00e9ticas ensay\u00edsticas. Nos referimos particularmente a aquellos textos, de diversos formatos, en los cuales los artistas reflexionan acerca de su propio quehacer est\u00e9tico y de la ideolog\u00eda art\u00edstica que lo sustenta. Consideramos que estos textos resultan insoslayables para el an\u00e1lisis de la obra de un escritor no tanto por la expresi\u00f3n de sus postulados est\u00e9ticos, sino principalmente por la operaci\u00f3n de autofiguraci\u00f3n, de representaci\u00f3n que llevan a cabo. La imagen resultante, la m\u00e1scara que el autor construye para s\u00ed mismo, resulta funcional tanto a su programa de escritura como a la posici\u00f3n que ocupa o pretende ocupar en el campo art\u00edstico e intelectual, e impacta de modo directo en la recepci\u00f3n, interpretaci\u00f3n y circulaci\u00f3n de su obra.<\/p>\n<div class=\"container-newsbutton\">\n<a class=\"cdab-newsbuttonlink\" href=\"https:\/\/drive.google.com\/file\/d\/1K6tIlIzQtd3kIp6Fe7QL4P1cqrEbDhe4\/view\" target=\"_blank\" rel=\"noopener noreferrer\"><div class=\"cdab-drive-newsbutton\">DESCARGAR E-BOOK<\/div><\/a>\n<\/div><hr style=\"margin-bottom: 25px;\"\/>\n<p><img decoding=\"async\" class=\"cdab-tapa-instidentpoet-index publicacion-tapa\" title=\"La representaci\u00f3n de lo indecible en el arte popular latinoamericano\" src=\"http:\/\/www.arte.unicen.edu.ar\/cdab\/wp-content\/uploads\/2020\/06\/repreindeciblearte-tapa.jpg\" alt=\"La representaci\u00f3n de lo indecible en el arte popular latinoamericano\" style=\"width: 220px; height: 302px; float: right; border: 10px solid #fff; box-shadow: 0 0 5px rgba(0, 0, 0, 0.1); -webkit-box-shadow: 0 0 5px rgba(0, 0, 0, 0.1); -moz-box-shadow: 0 0 5px rgba(0, 0, 0, 0.1); display: block; margin: 0px 0px 22px 22px;\"\/><\/p><h3>La representaci\u00f3n de lo indecible en el arte popular latinoamericano<\/h3><p><strong>Silvia Garc\u00eda y Paola Bel\u00e9n (comps.)<br \/>2016. 172 p\u00e1ginas. Facultad de Bellas Artes (UNLP), Papel Cosido<\/strong><\/p><p>Este libro compila art\u00edculos que reflejan los avances de las investigaciones de un grupo de docentes, de becarios y de alumnos de grado, todos integrantes del proyecto de investigaci\u00f3n de la <a href=\"https:\/\/www.fba.unlp.edu.ar\" target=\"_blank\" rel=\"noopener noreferrer\">Facultad de Bellas Artes<\/a> de la <a href=\"https:\/\/www.unlp.edu.ar\" target=\"_blank\" rel=\"noopener noreferrer\">Universidad Nacional de La Plata<\/a>, cuyo t\u00edtulo se corresponde con el del presente volumen. Los textos manifiestan la complejidad que implica articular las categor\u00edas de arte popular con lo est\u00e9tico, lo pol\u00edtico y lo indecible en las producciones art\u00edsticas latinoamericanas realizadas en contextos de dictaduras militares. Considerar al t\u00e9rmino &#8220;popular&#8221; para signar las im\u00e1genes que denotan los tiempos de la inusitada violencia a la que fue sometida Am\u00e9rica Latina durante los \u00faltimos gobiernos de facto, supone concebir dicha noci\u00f3n como una categor\u00eda de an\u00e1lisis que traza una forma de representaci\u00f3n, cuya po\u00e9tica se construye a partir del cruce entre lo est\u00e9tico, lo pol\u00edtico, lo opaco, el encriptamiento de los mensajes y las posturas te\u00f3rico-ideol\u00f3gicas que el artista adopta.<\/p>\n<p>Cabe agregar, adem\u00e1s, que el concepto de &#8220;imagen dial\u00e9ctica&#8221; de Walter Benjamin, posibilita ir desde la obra hacia el pasado, es decir, hace estallar la historia, desoculta una verdad que nos permite apostar a la construcci\u00f3n de un futuro y considerarla, por esta misma raz\u00f3n, como imagen de lo popular. Alejado de los circuitos de circulaci\u00f3n, de lo masivo, de la tensi\u00f3n entre lo hegem\u00f3nico y lo subalterno, el concepto de &#8220;popular&#8221; -en contextos de dictaduras militares- se revela en el interior de la obra de arte como la \u00fanica posibilidad de representaci\u00f3n que tiene el artista, al acudir a una manipulaci\u00f3n estrat\u00e9gica de signos que permiten, al mismo tiempo, la revelaci\u00f3n de los hechos y de la vida misma. De este modo, la obra de arte dimensiona un sentido que la palabra no puede. Las im\u00e1genes y sus dimensiones simb\u00f3licas son las que hacen visible aquello indecible.<\/p>\n<div class=\"container-newsbutton\">\n<a class=\"cdab-newsbuttonlink\" href=\"http:\/\/papelcosido.fba.unlp.edu.ar\/pdf\/libros\/Garc%C3%ADa.%20La%20representaci%C3%B3n%20de%20lo%20indecible.pdf\" target=\"_blank\" rel=\"noopener noreferrer\"><div class=\"cdab-pdf-newsbutton\">DESCARGAR E-BOOK<\/div><\/a>\n<\/div><\/div>\n<div class=\"cdab-especial-covid19-card\"><div class=\"cdab-especial-covid19-card-icon revistas\"><i class=\"fa fa-file-text-o\" aria-hidden=\"true\" style=\"margin-left: 3px;\"><\/i><\/div><div class=\"cdab-especial-covid19-card-title revistas\">REVISTAS ACAD\u00c9MICAS<\/div><p><img decoding=\"async\" class=\"cdab-tapa-instidentpoet-index publicacion-tapa\" title=\"Everba. Revista de estudios de la cultura\" src=\"http:\/\/www.arte.unicen.edu.ar\/cdab\/wp-content\/uploads\/2020\/06\/everba-tapa.jpg\" alt=\"Everba. Revista de estudios de la cultura\" style=\"width: 220px; height: 302px; float: right; border: 10px solid #fff; box-shadow: 0 0 5px rgba(0, 0, 0, 0.1); -webkit-box-shadow: 0 0 5px rgba(0, 0, 0, 0.1); -moz-box-shadow: 0 0 5px rgba(0, 0, 0, 0.1); display: block; margin: 0px 0px 22px 22px;\"\/><\/p><h3>Everba. Revista de estudios de la cultura<\/h3><p><strong><u>Comit\u00e9 editorial:<\/u> Emilce Cuda (UNAJ), Fabi\u00e1n Banga (Berkeley City College), Jorge Monteleone (UBA\/CONICET), Kenny Buquen (Berkeley City College), Laura Itchart (UNAJ), Marcelo Pellegrini (University of Wisconsin), Martin Biaggini (UNAJ)<br \/>Programa de Estudios de la Cultura de la Universidad Nacional Arturo Jauretche y Modern Language Department of Berkeley City College<\/strong><\/p><p><a href=\"https:\/\/www.e-verba.org\" target=\"_blank\" rel=\"noopener noreferrer\">Everba<\/a> es un espacio m\u00faltiple para la cultura. Su idea es publicar textos cr\u00edticos y de creaci\u00f3n tanto en espa\u00f1ol, como en ingl\u00e9s y portugu\u00e9s, renovando los art\u00edculos una vez al a\u00f1o (enero). <a href=\"https:\/\/www.e-verba.org\" target=\"_blank\" rel=\"noopener noreferrer\">Everba<\/a> agrupa e imprime la colecci\u00f3n de textos cr\u00edticos una vez por a\u00f1o. El n\u00famero de impresiones es m\u00ednima con el \u00fanico fin de ser archivadas en algunas bibliotecas locales. Por otro lado, la impresi\u00f3n puede ser obtenida en formato PDF. Esta puede ser impresa con toda libertad y archivada en bibliotecas personales o p\u00fablicas con la \u00fanica condici\u00f3n de que se preserve el formato original completo.<\/p>\n<p><a href=\"https:\/\/www.e-verba.org\" target=\"_blank\" rel=\"noopener noreferrer\">Everba<\/a> es indexada en el International Bibliography del MLA (una base de datos con bibliograf\u00edas de art\u00edculos, libros y tesis del Modern Language Association de los EEUU), LatinREV de FLACSO Argentina, incluida en el directorio de revistas acad\u00e9micas del LATINDEX (una base de datos de informaci\u00f3n de publicaciones cient\u00edficas de Latinoam\u00e9rica, el Caribe, Espa\u00f1a y Portugal) y Latinoamericana (Asociaci\u00f3n de Revistas Acad\u00e9micas de Humanidades y Ciencias Sociales).<\/p>\n<div class=\"container-newsbutton\">\n<a class=\"cdab-newsbuttonlink\" href=\"https:\/\/www.e-verba.org\" target=\"_blank\" rel=\"noopener noreferrer\"><div class=\"cdab-web-newsbutton\">ACCEDER A EVERBA<\/div><\/a><br \/><br \/><\/div>\n<hr style=\"margin-bottom: 25px;\"\/>\n<p><img decoding=\"async\" class=\"cdab-tapa-instidentpoet-index publicacion-tapa\" title=\"La Colmena\" src=\"http:\/\/www.arte.unicen.edu.ar\/cdab\/wp-content\/uploads\/2020\/06\/lacolmena-tapa.jpg\" alt=\"La Colmena\" style=\"width: 220px; height: 302px; float: right; border: 10px solid #fff; box-shadow: 0 0 5px rgba(0, 0, 0, 0.1); -webkit-box-shadow: 0 0 5px rgba(0, 0, 0, 0.1); -moz-box-shadow: 0 0 5px rgba(0, 0, 0, 0.1); display: block; margin: 0px 0px 0px 22px;\"\/><\/p><h3>La Colmena<\/h3><p><strong><u>Director:<\/u> Jorge E. Robles \u00c1lvarez<\/strong><br \/><strong>Universidad Aut\u00f3noma del Estado de M\u00e9xico<\/strong><\/p><p><a href=\"https:\/\/lacolmena.uaemex.mx\/index\" target=\"_blank\" rel=\"noopener noreferrer\">La Colmena<\/a>, revista de la <a href=\"https:\/\/www.uaemex.mx\" target=\"_blank\" rel=\"noopener noreferrer\">Universidad Aut\u00f3noma del Estado de M\u00e9xico<\/a>, es un \u00f3rgano de difusi\u00f3n cultural que publica trimestralmente (enero, abril, julio y octubre) ensayos y art\u00edculos de investigaci\u00f3n elaborados desde el \u00e1mbito de las humanidades, textos literarios en prosa y verso, rese\u00f1as \u2013principalmente bibliogr\u00e1ficas\u2013 y arte visual. La publicaci\u00f3n est\u00e1 dirigida a investigadores, estudiantes, cr\u00edticos, escritores, docentes y lectores en general del \u00e1mbito cultural humanista. La revista no cobra cuotas por recepci\u00f3n ni por procesamiento de art\u00edculos (APC).<\/p>\n<p><a href=\"https:\/\/lacolmena.uaemex.mx\/index\" target=\"_blank\" rel=\"noopener noreferrer\">La Colmena<\/a> permite la publicaci\u00f3n simult\u00e1nea en sistemas de autoarchivo o repositorios institucionales y est\u00e1 indexada en los directorios de revistas acad\u00e9micas: DOAJ, LATINDEX, REDALYC, PKP Index, entre otros.<\/p>\n<div class=\"container-newsbutton\">\n<a class=\"cdab-newsbuttonlink\" href=\"https:\/\/lacolmena.uaemex.mx\/index\" target=\"_blank\" rel=\"noopener noreferrer\"><div class=\"cdab-web-newsbutton\">ACCEDER A LA COLMENA<\/div><\/a>\n<\/div><br \/><\/div>\n<div class=\"cdab-especial-covid19-card\"><div class=\"cdab-especial-covid19-card-icon teatro\"><i class=\"fa fa-comments-o\" aria-hidden=\"true\"><\/i><\/div><div class=\"cdab-especial-covid19-card-title teatro\">TEATRO<\/div>\n<h3>Charla virtual: &#8220;El espacio esc\u00e9nico&#8221;<\/h3>\n<p>Desde <strong>Artes Esc\u00e9nicas en Virtualidad<\/strong>, el pasado jueves 28 de mayo, se realiz\u00f3 la charla virtual <em>El espacio esc\u00e9nico<\/em> donde <strong>Laura Copetino<\/strong>, <strong>Valeria Junquera<\/strong>, <strong>Leandra Rodr\u00edguez<\/strong>, <strong>H\u00e9ctor Calmet<\/strong>, <strong>Gonzalo C\u00f3rdova<\/strong> y <strong>Jos\u00e9 Luis Gaddi<\/strong> reflexionaron sobre la labor de escen\u00f3grafos y t\u00e9cnicos en la creaci\u00f3n de la espacialidad para el actor teatral.<\/p>\n<p>El evento cont\u00f3 con la adhesi\u00f3n de <a href=\"https:\/\/aincrit.org\" target=\"_blank\" rel=\"noopener noreferrer\">AINCRIT<\/a> y la <a href=\"https:\/\/www.facebook.com\/pages\/category\/Nonprofit-Organization\/RED-Latinoamericana-de-Centros-de-Documentaci%C3%B3n-de-Artes-Esc%C3%A9nicas-1459403807633363\" target=\"_blank\" rel=\"noopener noreferrer\">Red Latinoamericana de Centros de Documentaci\u00f3n en Artes Esc\u00e9nicas<\/a>. Coordinaron la charla: Sof\u00eda Bou\u00e9 y Claudia Tourn.<\/p>\n<div align=\"center\" style=\"margin: 20px auto;\"><iframe loading=\"lazy\" width=\"560\" height=\"315\" src=\"https:\/\/www.youtube.com\/embed\/Gjzmq5nm4Nk\" frameborder=\"0\" allow=\"accelerometer; autoplay; encrypted-media; gyroscope; picture-in-picture\" allowfullscreen><\/iframe><\/div>\n<hr style=\"margin-bottom: 25px;\"\/>\n<h3>&#8220;Madre Coraje&#8221; de Bertolt Brecht<\/h3>\n<p>Anna Fierling (la Madre Coraje del t\u00edtulo) es una astuta vendedora ambulante quien, para sobrevivir, sortea h\u00e1bilmente las diferencias entre cat\u00f3licos y protestantes para sacar partido de la guerra y del dolor humano. Y aunque obtiene beneficios, el precio que debe pagar es la vida de sus tres hijos. Esta nueva versi\u00f3n del m\u00edtico alegato antib\u00e9lico de Bertolt Brecht est\u00e1 dirigida por Jos\u00e9 Mar\u00eda Muscari y cuenta con un elenco integrado por Claudia Lapac\u00f3, Osvaldo Santoro, Natalia Lobo, H\u00e9ctor D\u00edaz, Silvina Bosco, Emilio Bardi, Iride Mockert, Esteban P\u00e9rez, Agust\u00edn Sullivan.<\/p>\n<div align=\"center\" style=\"margin: 20px auto;\"><iframe loading=\"lazy\" width=\"560\" height=\"315\" src=\"https:\/\/www.youtube.com\/embed\/dEcY9GvbPH0\" frameborder=\"0\" allow=\"accelerometer; autoplay; encrypted-media; gyroscope; picture-in-picture\" allowfullscreen><\/iframe><\/div>\n<hr style=\"margin-bottom: 25px;\"\/>\n<h3>Microteatro: &#8220;Cuarencita&#8221;<\/h3>\n<p>Micro teatral que explora las citas virtuales en \u00e9poca de cuarentena. Escrito y dirigido por Nicol\u00e1s Condito, con la actuaci\u00f3n de Natalia Oroz, Fabi\u00e1n Carrasco y Luly Cerutti.<\/p>\n<div align=\"center\" style=\"margin: 20px auto;\"><iframe loading=\"lazy\" width=\"560\" height=\"315\" src=\"https:\/\/www.youtube.com\/embed\/I1ZBLgsr_9s\" frameborder=\"0\" allow=\"accelerometer; autoplay; encrypted-media; gyroscope; picture-in-picture\" allowfullscreen><\/iframe><\/div>\n<\/div>\n<div class=\"cdab-especial-covid19-card\"><div class=\"cdab-especial-covid19-card-icon audiovisual\"><i class=\"fa fa-film\" aria-hidden=\"true\"><\/i><\/div><div class=\"cdab-especial-covid19-card-title audiovisual\">AUDIOVISUAL<\/div>\n<p><a href=\"https:\/\/www.enercseproyecta.com.ar\" target=\"_blank\" rel=\"noopener noreferrer\"><img decoding=\"async\" class=\"publicacion-tapa\" src=\"http:\/\/www.arte.unicen.edu.ar\/cdab\/wp-content\/uploads\/2020\/06\/enercseproyecta-splash.jpg\" data-fancybox=\"gallery\" data-caption=\"Cuidado social. V\u00ednculo virtual #14\"\/><\/a><\/p><p>El 13 y 14 de junio contin\u00faa <strong>2&#8242; ENERC SE PROYECTA<\/strong>, la muestra organizada por el <a href=\"https:\/\/www.facebook.com\/cenerc\" target=\"_blank\" rel=\"noopener noreferrer\">CENERC (Centro de Estudiantes de la Escuela Nacional de Experimentaci\u00f3n y Realizaci\u00f3n Cinematogr\u00e1fica)<\/a>. Se podr\u00e1n ver producciones independientes hechas fuera del marco acad\u00e9mico de la escuela, as\u00ed como largometrajes, cortometrajes, videoclips y <em>work in progress<\/em> de egresados\/as y estudiantes de distintas sedes y cohortes.<\/p><p>Tambi\u00e9n habr\u00e1 charlas v\u00eda <em>streaming<\/em> en la web. El <strong>s\u00e1bado 13 de junio<\/strong> a las <strong>18 hs.<\/strong>, <strong>Florencia Velozo<\/strong> y <strong>Luciano Nacci<\/strong> disertar\u00e1n acerca de <em>Distribuci\u00f3n a festivales en tiempos de COVID-19<\/em>, abordando c\u00f3mo se encuentra el circuito de festivales hoy, la adaptaci\u00f3n en estos tiempos, el estado de los festivales y el panorama. Tambi\u00e9n referir\u00e1n a los materiales necesarios para distribuir una pel\u00edcula\/cortometraje, armado de <em>press-kits<\/em> y materiales esenciales. Por otro lado, comentar\u00e1n el trabajo que lleva hacer un festival online y la importancia de mantener estas pantallas.<\/p> \u2063\u2063\n<div align=\"center\" style=\"margin: 0px auto 20px;\"><iframe loading=\"lazy\" src=\"https:\/\/www.facebook.com\/plugins\/video.php?href=https%3A%2F%2Fwww.facebook.com%2Fenercseproyecta%2Fvideos%2F272394224130979%2F&#038;show_text=false&#038;width=450&#038;height=450&#038;appId\" width=\"450\" height=\"450\" style=\"border:none;overflow:hidden\" scrolling=\"no\" frameborder=\"0\" allowTransparency=\"true\" allow=\"encrypted-media\" allowFullScreen=\"true\"><\/iframe><\/div><div class=\"container-newsbutton\">\n<a class=\"cdab-newsbuttonlink\" href=\"https:\/\/www.enercseproyecta.com.ar\" target=\"_blank\" rel=\"noopener noreferrer\"><div class=\"cdab-web-newsbutton\">ACCEDER A 2&#8242; ENERC SE PROYECTA<\/div><\/a><a class=\"cdab-newsbuttonlink\" href=\"https:\/\/www.facebook.com\/enercseproyecta\" target=\"_blank\" rel=\"noopener noreferrer\" style=\"margin-left: 50px;\"><div class=\"cdab-facebook-newsbutton\">ENERC SE PROYECTA<\/div><\/a>\n<\/div>\n<hr style=\"margin-bottom: 25px;\"\/>\n<p><a href=\"https:\/\/www.cineueargentina.com\" target=\"_blank\" rel=\"noopener noreferrer\"><img decoding=\"async\" class=\"publicacion-tapa\" src=\"http:\/\/www.arte.unicen.edu.ar\/cdab\/wp-content\/uploads\/2020\/06\/encuentrocineeuropeo-splash.jpg\" data-fancybox=\"gallery\" data-caption=\"Cuidado social. V\u00ednculo virtual #14\"\/><\/a><\/p><p>El <a href=\"https:\/\/www.cineueargentina.com\" target=\"_blank\" rel=\"noopener noreferrer\">Encuentro de Cine Europeo<\/a> nos invita a vivir Europa desde la mirada de directores j\u00f3venes europeos, eje conductor elegido para la edici\u00f3n n\u00famero 16. A trav\u00e9s de historias llenas de esperanza y juventud, el p\u00fablico de todo el pa\u00eds podr\u00e1 descubrir los retos de la Europa actual en temas tan diversos como el medio ambiente, las relaciones de pareja, el narcotr\u00e1fico o la migraci\u00f3n, entre otros.<\/p>\n<p>El <a href=\"https:\/\/www.cineueargentina.com\" target=\"_blank\" rel=\"noopener noreferrer\">Encuentro de Cine Europeo<\/a> es coordinado por la Delegaci\u00f3n de la Uni\u00f3n Europea en Argentina y cuenta con el apoyo de las diferentes embajadas e institutos culturales de los Estados Miembro de la UE acreditados en Argentina. Entre los pa\u00edses participantes se encuentran: Alemania, Austria, Chipre, Croacia, Dinamarca, Eslovenia, Espa\u00f1a, Francia, Italia, Pa\u00edses Bajos, Polonia, Portugal, Rumania, Suecia.<\/p>\n<div align=\"center\" style=\"margin: 20px auto;\"><iframe loading=\"lazy\" width=\"560\" height=\"315\" src=\"https:\/\/www.youtube.com\/embed\/2I3ZWI1xAUA\" frameborder=\"0\" allow=\"accelerometer; autoplay; encrypted-media; gyroscope; picture-in-picture\" allowfullscreen><\/iframe><\/div>\n<div class=\"container-newsbutton\">\n<a class=\"cdab-newsbuttonlink\" href=\"https:\/\/www.cineueargentina.com\" target=\"_blank\" rel=\"noopener noreferrer\"><div class=\"cdab-web-newsbutton\">ACCEDER A ENCUENTRO DE CINE EUROPEO<\/div><\/a>\n<\/div>\n<hr style=\"margin-bottom: 25px;\"\/>\n<p><img loading=\"lazy\" decoding=\"async\" width=\"200\" height=\"200\" class=\"alignright size-full wp-image-4077\" style=\"border: 0px; border-radius: 200px;\" src=\"http:\/\/www.arte.unicen.edu.ar\/cdab\/wp-content\/uploads\/2020\/06\/finca-logo.jpg\" alt=\"FINCA | Festival Internacional de Cine Ambiental\" title=\"FINCA | Festival Internacional de Cine Ambiental\" \/><h3>FINCA | Festival Internacional de Cine Ambiental<\/h3><\/p>\n<p>El <strong>Festival Internacional de Cine Ambiental [FINCA]<\/strong> es un encuentro cinematogr\u00e1fico organizado por el <strong>Instituto Multimedia DerHumALC-IMD<\/strong>, que surge con la necesidad de ampliar las perspectivas culturales desde un enfoque social y comprometido hacia la problem\u00e1tica ambiental desde m\u00faltiples y originales puntos de vista, promoviendo de esta manera un cine cr\u00edtico que contribuya a la transformaci\u00f3n social.<\/p>\n<p>Del <strong>17 al 24 de junio<\/strong> se llevar\u00e1 a cabo la <strong>5\u00ba edici\u00f3n completamente online<\/strong> pudiendo acceder mediante la plataforma web a la programaci\u00f3n completa, que incluye tanto secciones competitivas como otras informativas. Las proyecciones especiales contar\u00e1n con una charla posterior con su director\/a.<\/p>\n<p>Este a\u00f1o el festival re\u00fane <strong>76 obras audiovisuales<\/strong> destacadas a nivel mundial de los \u00faltimos dos a\u00f1os, divididas en las siguientes secciones tem\u00e1ticas: <em>Crisis Clim\u00e1tica<\/em>, <em>Somos Agua<\/em>, <em>Horizontes Energ\u00e9ticos<\/em>, <em>Madre Tierra<\/em>, <em>Econciencia<\/em>, <em>DerechosHumanos &#8211; FICDH<\/em>, <em>Soberan\u00eda Alimentaria<\/em>, <em>Finquita<\/em>, <em>Juventud y Ecofeminismo<\/em>.<\/p>\n<p>Compartimos el spot promocional y la presentaci\u00f3n oficial de la programaci\u00f3n:<\/p>\n<table style=\"margin: 15px auto 5px; text-align: center; border-collapse: collapse; border-spacing: 0;\">\n<tbody>\n<tr>\n<td style=\"padding: 0px 15px 8px 15px;\"><iframe loading=\"lazy\" width=\"500\" height=\"281\" src=\"https:\/\/www.youtube.com\/embed\/9NXkH6_N0XM\" frameborder=\"0\" allow=\"accelerometer; autoplay; encrypted-media; gyroscope; picture-in-picture\" allowfullscreen><\/iframe><\/td>\n<td style=\"padding: 0px 15px 8px 15px;\"><iframe loading=\"lazy\" width=\"500\" height=\"281\" src=\"https:\/\/www.youtube.com\/embed\/playlist?list=PLiAtdKi88nk4tX-sUrobw0xKcXoENh_34\" frameborder=\"0\" allow=\"accelerometer; autoplay; encrypted-media; gyroscope; picture-in-picture\" allowfullscreen><\/iframe><\/td>\n<\/tr>\n<\/tbody>\n<\/table>\n<div class=\"container-newsbutton\">\n<a class=\"cdab-newsbuttonlink\" href=\"https:\/\/finca.imd.org.ar\" target=\"_blank\" rel=\"noopener noreferrer\"><div class=\"cdab-web-newsbutton\">FESTIVAL INTERNACIONAL DE CINE AMBIENTAL<\/div><\/a><a class=\"cdab-newsbuttonlink\" href=\"https:\/\/www.facebook.com\/FestivalFINCA\" target=\"_blank\" rel=\"noopener noreferrer\" style=\"margin-left: 50px;\"><div class=\"cdab-facebook-newsbutton\">FESTIVAL INTERNACIONAL DE CINE AMBIENTAL<\/div><\/a>\n<\/div>\n<\/div>\n<div class=\"cdab-especial-covid19-card\"><div class=\"cdab-especial-covid19-card-icon formacioncontinua\"><i class=\"fa fa-university\" aria-hidden=\"true\" style=\"margin-left: 3px;\"><\/i><\/div><div class=\"cdab-especial-covid19-card-title formacioncontinua\">FORMACI\u00d3N <span style=\"font-size: 16px;\">(Secci\u00f3n coordinada por la Secretar\u00eda Acad\u00e9mica de la Facultad de Arte)<\/span><\/div>\n<p><img loading=\"lazy\" decoding=\"async\" width=\"200\" height=\"200\" class=\"alignleft size-full wp-image-4077\" style=\"border: 0px; border-radius: 200px;\" src=\"http:\/\/www.arte.unicen.edu.ar\/cdab\/wp-content\/uploads\/2020\/06\/noirescuela-ungs.jpg\" alt=\"Cuando no ir a la escuela es una pol\u00edtica de cuidado: reflexiones sobre un suceso extraordinario\" title=\"Cuando no ir a la escuela es una pol\u00edtica de cuidado: reflexiones sobre un suceso extraordinario\" \/><h3>&#8220;Cuando no ir a la escuela es una pol\u00edtica de cuidado: reflexiones sobre un suceso extraordinario&#8221;<\/h3><\/p>\n<p>El contexto actual no solo modific\u00f3 obligadamente las pr\u00e1cticas de ense\u00f1anza sino que puso en jaque las concepciones educativas que poseen  tanto los docentes como los alumnos y sus familias. Para seguir pensando juntos <em>en lo que sucede<\/em> en las instituciones de ense\u00f1anza, as\u00ed como <em>en lo que vendr\u00e1<\/em>, y en c\u00f3mo vamos a dar lugar a la elaboraci\u00f3n colectiva de esta experiencia extraordinaria, les acercamos un art\u00edculo de Flavia Terigi <em>&#8220;Cuando no ir a la escuela es una pol\u00edtica de cuidado: reflexiones sobre un suceso extraordinario&#8221;<\/em>. Publicado en Mayo de 2020 en el portal de noticias de UNGS.<\/p>\n<p style=\"font-size: 12px; font-style: italic;\">* La imagen corresponde a &#8220;La casita&#8221; (2009) de Claudio Gallina.<\/p>\n<div class=\"container-newsbutton\">\n<a class=\"cdab-newsbuttonlink\" href=\"https:\/\/noticiasungs.ungs.edu.ar\/?portfolio=cuando-no-ir-a-la-escuela-es-una-politica-de-cuidado-reflexiones-sobre-un-suceso-extraordinario\" target=\"_blank\" rel=\"noopener noreferrer\"><div class=\"cdab-web-newsbutton\">LEER ART\u00cdCULO COMPLETO<\/div><\/a>\n<\/div>\n<hr style=\"margin-bottom: 25px;\"\/>\n<h3>Yo no quiero volverme tan locx. Enfrentando el aislamiento con arte, cultura y educaci\u00f3n | Octava edici\u00f3n<\/h3><p>El pr\u00f3ximo <strong>lunes 15 de junio<\/strong> a las <strong>16 hs.<\/strong> mediante la aplicaci\u00f3n de videollamadas Zoom, se llevar\u00e1 a cabo la octava edici\u00f3n del ciclo de di\u00e1logos <strong>Yo no quiero volverme tan locx, Enfrentando el aislamiento con arte, cultura y educaci\u00f3n<\/strong>, organizado por la <a href=\"http:\/\/www.arte.unicen.edu.ar\/secretarias\/academica\" target=\"_blank\" rel=\"noopener noreferrer\">Secretar\u00eda Acad\u00e9mica<\/a> y la <a href=\"http:\/\/www.arte.unicen.edu.ar\/secretarias\/investigacion-posgrado\" target=\"_blank\" rel=\"noopener noreferrer\">Secretar\u00eda de Investigaci\u00f3n y Posgrado<\/a> de la <a href=\"http:\/\/www.arte.unicen.edu.ar\" target=\"_blank\" rel=\"noopener noreferrer\">Facultad de Arte<\/a> (<a href=\"http:\/\/www.unicen.edu.ar\" target=\"_blank\" rel=\"noopener noreferrer\">UNICEN<\/a>).<\/p>\n<p>El encuentro, articulado desde la <a href=\"http:\/\/www.arte.unicen.edu.ar\/secretarias\/extension\" target=\"_blank\" rel=\"noopener noreferrer\">Secretar\u00eda de Extensi\u00f3n<\/a>, contar\u00e1 con la participaci\u00f3n de las actrices <strong>Natalia Badgen<\/strong> y <strong>Laura Azcurra<\/strong> presentando <em>Las luchas de las mujeres y lxs artistas en tiempos de cuarentena<\/em>.<\/p>\n<p><strong><u>Presenta:<\/u> Secretar\u00eda de Extensi\u00f3n (FA, UNICEN).<\/strong><\/p>\n<div style=\"width: 650px; margin: 15px auto; font-weight: bold; border: 1px dotted #bbb; padding: 10px; text-align: center; line-height: 28px; font-size: 15px; color: #ee2f5a;\">Lunes 15 de junio &#8211; 16 hs.<br \/>\nAplicaci\u00f3n Zoom \/ ID de la reuni\u00f3n: 931-3914-2568<br \/>\n<a href=\"https:\/\/www.zoom.us\/j\/93139142568\" target=\"_blank\" rel=\"noopener noreferrer\">www.zoom.us\/j\/93139142568<\/a><\/div>\n<div style=\"text-align: center; margin: 20px auto 35px; width: 100%;\"><img decoding=\"async\" src=\"http:\/\/www.arte.unicen.edu.ar\/cdab\/wp-content\/uploads\/2020\/06\/ciclo-dialogos-ynqvtl8.jpg\" alt=\"Yo no quiero volverme tan locx. Enfrentando el aislamiento con arte, cultura y educaci\u00f3n\" title=\"Yo no quiero volverme tan locx. Enfrentando el aislamiento con arte, cultura y educaci\u00f3n\" border=\"0\" \/><\/div>\n<p><img loading=\"lazy\" decoding=\"async\" width=\"200\" height=\"200\" class=\"alignleft size-full wp-image-4077\" style=\"border: 0px; border-radius: 200px; margin-bottom: 20px;\" src=\"http:\/\/www.arte.unicen.edu.ar\/cdab\/wp-content\/uploads\/2020\/06\/redactricesar-logo.png\" alt=\"\"\/><br \/><strong>Colectiva de Actrices Argentinas<\/strong> nace en abril de 2018 impulsado por la necesidad de aportar a la coyuntura hist\u00f3rica que representa que el Proyecto de Ley por la legalizaci\u00f3n y despenalizaci\u00f3n de la interrupci\u00f3n voluntaria del embarazo finalmente haya ingresado al Congreso de la Naci\u00f3n.<br \/><strong>Natalia Bagden<\/strong>. Actriz argentina, directora y dramaturga. Graduada  de la Escuela Metropolitana de Arte Dram\u00e1tico.<br \/><strong>Laura Azcurra<\/strong>. Ha forjado una importante trayectoria como actriz en teatro, cine y televisi\u00f3n en la Argentina y como conductora en varios pa\u00edses de Latinoam\u00e9rica.<br \/><br \/><br \/><\/p>\n<\/div>\n<div class=\"cdab-especial-covid19-card\"><div class=\"cdab-especial-covid19-card-icon weblink\"><i class=\"fa fa-hand-pointer-o\" aria-hidden=\"true\"><\/i><\/div><div class=\"cdab-especial-covid19-card-title weblink\">LINKS DE INTER\u00c9S &amp; CONTENIDOS WEB<\/div>\n<p><img loading=\"lazy\" decoding=\"async\" width=\"200\" height=\"200\" class=\"alignleft size-full wp-image-4077\" style=\"border: 0px; border-radius: 200px;\" src=\"http:\/\/www.arte.unicen.edu.ar\/cdab\/wp-content\/uploads\/2020\/06\/quemiramos-filonews.jpg\" alt=\"\u00bfQu\u00e9 miramos y qu\u00e9 dejamos de mirar? Radiograf\u00eda de los medios en la pandemia\" title=\"\u00bfQu\u00e9 miramos y qu\u00e9 dejamos de mirar? Radiograf\u00eda de los medios en la pandemia\" \/><h3>\u00bfQu\u00e9 miramos y qu\u00e9 dejamos de mirar? Radiograf\u00eda de los medios en la pandemia<\/h3><\/p><p>La transmisi\u00f3n de noticias cumple una tarea esencial en tiempos de cuarentena y en un contexto sin precedentes. Para profundizar en el tema, <a href=\"https:\/\/www.filo.news\" target=\"_blank\" rel=\"noopener noreferrer\">Filo.news<\/a> dialog\u00f3 con <strong>Fabricio Ballarini<\/strong>, investigador del CONICET y doctor en biolog\u00eda de la UBA, <strong>Mariela Baladr\u00f3n<\/strong>, docente de comunicaci\u00f3n de la UBA, <strong>Irina Sternik<\/strong>, periodista especializada en cultura digital y <strong>Gabriela Yalangozian<\/strong>, coordinadora web y presidenta cooperativa del medio autogestionado La Nueva Ma\u00f1ana, quienes realizaron una lectura sobre el presente din\u00e1mico de los medios de comunicaci\u00f3n. <strong>Micaela Robles<\/strong> refiere a la comunicaci\u00f3n y la investigaci\u00f3n cient\u00edfica para analizar la sobreabundancia de informaci\u00f3n, <em>fake news<\/em>, brecha digital, nuevas tendencias y por qu\u00e9 estamos atravesando de un per\u00edodo bisagra desde lo medi\u00e1tico.<\/p>\n<div class=\"container-newsbutton\">\n<a class=\"cdab-newsbuttonlink\" href=\"https:\/\/www.filo.news\/Que-miramos-y-que-dejamos-de-mirar-Radiografia-de-los-medios-en-la-pandemia-l202005260001.html\" target=\"_blank\" rel=\"noopener noreferrer\"><div class=\"cdab-web-newsbutton\">ART\u00cdCULO COMPLETO EN FILO.NEWS<\/div><\/a>\n<\/div>\n<hr style=\"margin-bottom: 25px;\"\/>\n<p><img loading=\"lazy\" decoding=\"async\" width=\"200\" height=\"200\" class=\"alignleft size-full wp-image-4077\" style=\"border: 0px; border-radius: 200px;\" src=\"http:\/\/www.arte.unicen.edu.ar\/cdab\/wp-content\/uploads\/2020\/06\/aldeaglobal-pagina12.jpg\" alt=\"Im\u00e1genes de la aldea global\" title=\"Im\u00e1genes de la aldea global\" \/><h3>Im\u00e1genes de la aldea global<\/h3><\/p><p>Estudios de televisi\u00f3n distribuidos en las casas; entrevistas y reuniones de producci\u00f3n por videollamadas; hilos de whatsapp interminables, el term\u00f3metro del caudal laboral y el estr\u00e9s en alza. El coronavirus vino a modificar, como en casi en todos los \u00e1mbitos, la din\u00e1mica de trabajo de las productoras audiovisuales de las universidades p\u00fablicas ubicadas m\u00e1s all\u00e1 de la Capital Federal y el conurbano bonaerense, y adem\u00e1s oblig\u00f3 a readaptar contenidos y generar proyectos nuevos en este contexto de aislamiento obligatorio. El desaf\u00edo es encontrar nuevas narrativas y contribuir a pensar y a debatir qu\u00e9 mundo nos espera cuando pase la emergencia sanitaria. Silvina Alonso analiza este nuevo panorama en un informe especial para <a href=\"https:\/\/www.pagina12.com.ar\" target=\"_blank\" rel=\"noopener noreferrer\">P\u00e1gina\/12<\/a>.<\/p>\n<div class=\"container-newsbutton\">\n<a class=\"cdab-newsbuttonlink\" href=\"https:\/\/www.pagina12.com.ar\/271311-imagenes-de-la-aldea-global\" target=\"_blank\" rel=\"noopener noreferrer\"><div class=\"cdab-web-newsbutton\">ART\u00cdCULO COMPLETO EN P\u00c1GINA\/12<\/div><\/a>\n<\/div>\n<hr style=\"margin-bottom: 25px;\"\/>\n<p><img loading=\"lazy\" decoding=\"async\" width=\"200\" height=\"200\" class=\"alignleft size-full wp-image-4077\" style=\"border: 0px; border-radius: 200px; margin-bottom: 0px;\" src=\"http:\/\/www.arte.unicen.edu.ar\/cdab\/wp-content\/uploads\/2020\/06\/elborgesencasa.jpg\" alt=\"Centro Cultural Borges | El Borges en casa\" title=\"Centro Cultural Borges | El Borges en casa\" \/><h3>Centro Cultural Borges | El Borges en casa<\/h3><\/p>\n<p>El <a href=\"https:\/\/www.ccborges.org.ar\" target=\"_blank\" rel=\"noopener noreferrer\">Centro Cultural Borges<\/a> se encuentra cerrado temporalmente ante la situaci\u00f3n de crisis sanitaria global causada por la pandemia COVID-19. Pr\u00f3ximos a cumplir 25 a\u00f1os, inauguraron la secci\u00f3n <a href=\"https:\/\/www.ccborges.org.ar\/el-borges-en-casa.htm\" target=\"_blank\" rel=\"noopener noreferrer\">El Borges en casa<\/a> mediante la que buscan traspasar fronteras, ingresando virtualmente a todos los hogares.<\/p><p><a href=\"https:\/\/www.ccborges.org.ar\/el-borges-en-casa.htm\" target=\"_blank\" rel=\"noopener noreferrer\">El Borges en casa<\/a> es un espacio donde artistas contempor\u00e1neos en distintas disciplinas presentan su obra; un espacio para conocer, disfrutar y reflexionar; un espacio donde perderse para encontrar, lleno de emociones, de belleza, de historias de vida.<\/p>\n<h2>Te recomendamos&#8230;<\/h2>\n<table style=\"margin: 15px auto 5px; text-align: center; border-collapse: collapse; border-spacing: 0;\">\n<tbody>\n<tr>\n<td style=\"padding: 0px 30px 10px 0px;\"><a href=\"https:\/\/www.ccborges.org.ar\/el-borges-en-casa\/la-voz-del-laberinto.htm\" target=\"_blank\" rel=\"noopener noreferrer\"><img decoding=\"async\" class=\"aligncenter publicacion-tapa\" src=\"http:\/\/www.arte.unicen.edu.ar\/cdab\/wp-content\/uploads\/2020\/06\/ccb-lavozdellaberinto.jpg\" data-fancybox=\"gallery\" data-caption=\"Cuidado social. V\u00ednculo virtual #14\"\/><\/a><\/td>\n<td style=\"padding: 0px 30px 10px 0px;\"><a href=\"https:\/\/www.ccborges.org.ar\/el-borges-en-casa\/graciela-hasper.htm\" target=\"_blank\" rel=\"noopener noreferrer\"><img decoding=\"async\" class=\"aligncenter publicacion-tapa\" src=\"http:\/\/www.arte.unicen.edu.ar\/cdab\/wp-content\/uploads\/2020\/06\/ccb-hasper.jpg\" data-fancybox=\"gallery\" data-caption=\"Cuidado social. V\u00ednculo virtual #14\"\/><\/a><\/td>\n<td style=\"padding: 0px 0px 10px 0px;\"><a href=\"https:\/\/www.ccborges.org.ar\/el-borges-en-casa\/oceano.htm\" target=\"_blank\" rel=\"noopener noreferrer\"><img decoding=\"async\" class=\"aligncenter publicacion-tapa\" src=\"http:\/\/www.arte.unicen.edu.ar\/cdab\/wp-content\/uploads\/2020\/06\/ccb-oceano.jpg\" data-fancybox=\"gallery\" data-caption=\"Cuidado social. V\u00ednculo virtual #14\"\/><\/a><\/td>\n<\/tr>\n<tr>\n<td style=\"padding: 0px 30px 10px 0px;\"><a href=\"https:\/\/www.ccborges.org.ar\/el-borges-en-casa\/ana-gallardo.htm\" target=\"_blank\" rel=\"noopener noreferrer\"><img decoding=\"async\" class=\"aligncenter publicacion-tapa\" src=\"http:\/\/www.arte.unicen.edu.ar\/cdab\/wp-content\/uploads\/2020\/06\/ccb-cortos.jpg\" data-fancybox=\"gallery\" data-caption=\"Cuidado social. V\u00ednculo virtual #14\"\/><\/a><\/td>\n<td style=\"padding: 0px 30px 10px 0px;\"><a href=\"https:\/\/www.ccborges.org.ar\/el-borges-en-casa\/juan-rafael-coronel-rivera.htm\" target=\"_blank\" rel=\"noopener noreferrer\"><img decoding=\"async\" class=\"aligncenter publicacion-tapa\" src=\"http:\/\/www.arte.unicen.edu.ar\/cdab\/wp-content\/uploads\/2020\/06\/ccb-imagenesconfinadas.jpg\" data-fancybox=\"gallery\" data-caption=\"Cuidado social. V\u00ednculo virtual #14\"\/><\/a><\/td>\n<td style=\"padding: 0px 0px 10px 0px;\"><a href=\"https:\/\/www.ccborges.org.ar\/el-borges-en-casa\/unos-cuerpos-tetralogia.htm\" target=\"_blank\" rel=\"noopener noreferrer\"><img decoding=\"async\" class=\"aligncenter publicacion-tapa\" src=\"http:\/\/www.arte.unicen.edu.ar\/cdab\/wp-content\/uploads\/2020\/06\/ccb-unoscuerpos.jpg\" data-fancybox=\"gallery\" data-caption=\"Cuidado social. V\u00ednculo virtual #14\"\/><\/a><\/td>\n<\/tr>\n<\/tbody>\n<\/table>\n<div class=\"container-newsbutton\" style=\"margin: 5px auto 10px;\">\n<a class=\"cdab-newsbuttonlink\" href=\"https:\/\/www.ccborges.org.ar\/el-borges-en-casa.htm\" target=\"_blank\" rel=\"noopener noreferrer\"><div class=\"cdab-web-newsbutton\">ACCEDER A EL BORGES EN CASA<\/div><\/a>\n<\/div>\n<hr style=\"margin-bottom: 25px;\"\/>\n<h3>La Plaza de los chicos online | Festival de teatro infantil<\/h3>\n<p><strong>Paseo La Plaza<\/strong> recurri\u00f3 al registro videogr\u00e1fico de sus \u00faltimas temporadas para armar una programaci\u00f3n online compuesta por trece espect\u00e1culos destinados al p\u00fablico infantil. Esta nueva propuesta denominada <a href=\"https:\/\/www.laplazaonline.com.ar\" target=\"_blank\" rel=\"noopener noreferrer\">La Plaza de los chicos online<\/a> se extender\u00e1 durante los meses de <strong>junio, julio (\u00e9poca de receso invernal) y agosto<\/strong>. La programaci\u00f3n completa se puede conocer ingresando al sitio web oficial de <a href=\"https:\/\/www.laplazaonline.com.ar\" target=\"_blank\" rel=\"noopener noreferrer\">La Plaza de los chicos online<\/a>: <a href=\"https:\/\/www.laplazaonline.com.ar\" target=\"_blank\" rel=\"noopener noreferrer\">www.laplazaonline.com.ar<\/a><\/p>\n<p><em>&#8220;El objetivo es mantener el v\u00ednculo emocional del espectador con el teatro, para que cuando volvamos a poder abrir las salas sea menos dif\u00edcil retomar el contacto&#8221;<\/em> afirm\u00f3 Ariel Stolier, director de producci\u00f3n del Grupo La Plaza. <em>&#8220;Si se pierde ese v\u00ednculo va a ser mucho m\u00e1s costoso retomarlo. No es que la transmisi\u00f3n virtual sea lo mismo que la presencia del espectador en la sala teatral, pero pretendemos mantener la llama ardiendo.&#8221;<\/em><\/p>\n<p>Treinta minutos antes del inicio de cada funci\u00f3n se abrir\u00e1n <a href=\"https:\/\/www.facebook.com\/LaPlazaDeLosChicos\" target=\"_blank\" rel=\"noopener noreferrer\">via Facebook<\/a> las puertas de los camarines virtuales, un segmento creado para la ocasi\u00f3n por cada elenco, en el que se le ense\u00f1ar\u00e1 a los chicos una coreograf\u00eda, se les propondr\u00e1 cantar un karaoke o se les mostrar\u00e1 c\u00f3mo se arm\u00f3 la puesta en escena. El acceso es libre, con la opci\u00f3n de hacer una donaci\u00f3n voluntaria y directa a la Cruz Roja o a UNICEF.<\/p>\n<div align=\"center\" style=\"margin: 20px auto;\"><iframe loading=\"lazy\" src=\"https:\/\/www.facebook.com\/plugins\/post.php?href=https%3A%2F%2Fwww.facebook.com%2FLaPlazaDeLosChicos%2Fposts%2F2979300798851201&#038;show_text=false&#038;width=552&#038;height=306&#038;appId\" width=\"560\" height=\"315\" style=\"border:none;overflow:hidden\" scrolling=\"no\" frameborder=\"0\" allowTransparency=\"true\" allow=\"encrypted-media\"><\/iframe><\/div>\n<div class=\"container-newsbutton\">\n<a class=\"cdab-newsbuttonlink\" href=\"https:\/\/www.laplazaonline.com.ar\" target=\"_blank\" rel=\"noopener noreferrer\"><div class=\"cdab-web-newsbutton\">ACCEDER A LA PLAZA DE LOS CHICOS ONLINE<\/div><\/a><a class=\"cdab-newsbuttonlink\" href=\"https:\/\/www.facebook.com\/LaPlazaDeLosChicos\" target=\"_blank\" rel=\"noopener noreferrer\" style=\"margin-left: 50px;\"><div class=\"cdab-facebook-newsbutton\">ACCEDER A CAMARINES VIRTUALES<\/div><\/a>\n<\/div>\n<hr style=\"margin-bottom: 25px;\"\/>\n<p><img loading=\"lazy\" decoding=\"async\" width=\"200\" height=\"200\" class=\"alignleft size-full wp-image-4077\" style=\"border: 0px; border-radius: 200px;\" src=\"http:\/\/www.arte.unicen.edu.ar\/cdab\/wp-content\/uploads\/2020\/06\/icaa-mfah-logo.jpg\" alt=\"Centro Internacional de las Artes de las Am\u00e9ricas - Museo de Bellas Artes de Houston\" title=\"Centro Internacional de las Artes de las Am\u00e9ricas - Museo de Bellas Artes de Houston\" \/><h3>Colecci\u00f3n digital del Centro Internacional de las Artes de las Am\u00e9ricas<br \/>Museo de Bellas Artes de Houston<\/h3><\/p>\n<p>El <a href=\"https:\/\/icaa.mfah.org\/s\/es\/page\/home\" target=\"_blank\" rel=\"noopener noreferrer\">Centro Internacional de las Artes de las Am\u00e9ricas (ICAA)<\/a> del <a href=\"https:\/\/www.mfah.org\/\" target=\"_blank\" rel=\"noopener noreferrer\">Museo de Bellas Artes de Houston<\/a>, gracias al redise\u00f1o y ampliaci\u00f3n de su sitio web, digitaliz\u00f3 su acervo de m\u00e1s de ocho mil documentos sobre arte latinoamericano y lo puso a disposici\u00f3n del p\u00fablico. Entre los documentos disponibles acerca de nuestro pa\u00eds, se encuentran noticias sobre la censura efectuada a ciertos artistas durante la dictadura en 1971 como as\u00ed tambi\u00e9n documentos de protesta de artistas pl\u00e1sticos, cartas (uno de los testimonios m\u00e1s preciados por los historiadores del arte, pues dan cuenta de relaciones entre actores del campo, sus opiniones, convergencias y disidencias, y ofrecen un panorama sobre el estado del debate intelectual del momento), etc.<\/p>\n<p>Sobre figuras argentinas, como la c\u00e9lebre Marta Minuj\u00edn, hay m\u00e1s de 30 documentos que van desde anuncios de exposiciones en las que participaba hasta an\u00e1lisis cr\u00edticos sobre sus presentaciones por parte de cr\u00edticos de distintas latitudes. Tambi\u00e9n es posible encontrar los manifiestos art\u00edsticos de varios de los principales movimientos pl\u00e1sticos del siglo XX y lo que va del actual.<\/p>\n<p>Desde su fundaci\u00f3n, la finalidad del <strong>ICAA<\/strong> ha sido empe\u00f1arse en la colecci\u00f3n, exhibici\u00f3n, investigaci\u00f3n e incluso la educaci\u00f3n de un p\u00fablico en torno a la diversidad de la producci\u00f3n art\u00edstica en dos enclaves, tanto a nivel continental como latino en los Estados Unidos. Esto incluye -adem\u00e1s de M\u00e9xico, Am\u00e9rica Central y Sudam\u00e9rica, am\u00e9n del Caribe y los Estados Unidos- los artistas de descendencia latinoamericana que viven y\/o trabajan en territorio americano. El <strong>ICAA<\/strong> no conserva ninguno de los documentos en formato f\u00edsico. Cuando identifican algo que les interesa sumar a su acervo, lo piden prestado para digitalizarlo y luego lo devuelven. Por un lado, porque no tienen espacio para atesorarlos. Por otro, porque el objetivo es tenerlos ah\u00ed disponibles para cualquier interesado en estudiarlos.<\/p>\n<div class=\"container-newsbutton\" style=\"margin: 5px auto 10px;\">\n<a class=\"cdab-newsbuttonlink\" href=\"https:\/\/icaa.mfah.org\" target=\"_blank\" rel=\"noopener noreferrer\"><div class=\"cdab-web-newsbutton\">ACCEDER A COLECCI\u00d3N DIGITAL ICAA<\/div><\/a>\n<\/div>\n<\/div>\n<div class=\"cdab-especial-covid19-card\"><div class=\"cdab-especial-covid19-card-icon podcast\"><i class=\"fa fa-headphones\" aria-hidden=\"true\"><\/i><\/div><div class=\"cdab-especial-covid19-card-title podcast\">PODCASTS<\/div><p><img loading=\"lazy\" decoding=\"async\" width=\"200\" height=\"200\" class=\"alignleft size-full wp-image-4077\" style=\"border: 0px; border-radius: 200px; margin-bottom: 0px;\" src=\"http:\/\/www.arte.unicen.edu.ar\/cdab\/wp-content\/uploads\/2020\/06\/artebapodcasts.jpg\" alt=\"arteBA Podcasts\" title=\"arteBA Podcasts\" \/><h3>arteBA Podcasts<\/h3><\/p>\n<p><a href=\"http:\/\/arteba.org\/2020\/podcast\" target=\"_blank\" rel=\"noopener noreferrer\">arteBA Podcast<\/a> es una producci\u00f3n de <a href=\"http:\/\/arteba.org\/2020\/sobre-la-fundacion\" target=\"_blank\" rel=\"noopener noreferrer\">arteBA Fundaci\u00f3n<\/a> en colaboraci\u00f3n con Bombay Sapphire, en las que ambas se asocian con el objetivo de acercar al p\u00fablico reflexiones sobre problem\u00e1ticas actuales y su vinculaci\u00f3n con el arte contempor\u00e1neo.<\/p>\n<p>La primera entrega consta de cuatro episodios conducidos por Esteban Feune de Colombi, periodista y escritor. En ellos, el entrevistador dialoga con el artista <strong>Tom\u00e1s Saraceno<\/strong>, los arquitectos del estudio <strong>a77 (Gustavo Di\u00e9guez y Lucas Gilardi)<\/strong>, el dise\u00f1ador <strong>Mart\u00edn Churba<\/strong> y las integrantes de <strong>Cromoactivismo (Marina de Caro, Mariela Scafati, Daiana Rose, Guillermina Mongan y Victoria Musotto)<\/strong>.<\/p><br \/>\n<div class=\"container-newsbutton\">\n<a class=\"cdab-newsbuttonlink\" href=\"https:\/\/open.spotify.com\/show\/6YUaCAWPEWnTCCnguW33pg?si=vhAtZxB3QeiEXbTP4nIgYw\" target=\"_blank\" rel=\"noopener noreferrer\"><div class=\"cdab-spotify-newsbutton\">ESCUCHAR EN SPOTIFY<\/div><\/a><a class=\"cdab-newsbuttonlink\" href=\"http:\/\/arteba.org\/2020\/podcast\" target=\"_blank\" rel=\"noopener noreferrer\" style=\"margin-left: 50px;\"><div class=\"cdab-web-newsbutton\">arteBA PODCASTS WEB<\/div><\/a><\/div>\n<\/div>\n\n<div class=\"cdab-especial-covid19-card\"><div class=\"cdab-especial-covid19-card-icon ninios\"><i class=\"fa fa-child\" aria-hidden=\"true\" style=\"margin-left: 3px;\"><\/i><\/div><div class=\"cdab-especial-covid19-card-title ninios\">PARA NUESTRXS NI\u00d1XS<\/div><h3>&#8220;Confinamiento&#8221;, un micro audiovisual sobre el aislamiento social para chicxs<\/h3><p>La se\u00f1al p\u00fablica infantil <a href=\"http:\/\/www.pakapaka.gob.ar\" target=\"_blank\" rel=\"noopener noreferrer\">Pakapaka<\/a> estren\u00f3 <strong>Confinamiento<\/strong>, un micro que interpreta tiernamente el presente y el futuro y que se puede ver de forma intercalada en la programaci\u00f3n de la se\u00f1al televisiva o las redes sociales del canal.<\/p>\n<p>Destinada a ni\u00f1os y ni\u00f1as, <em>Confinamiento<\/em> es una historia que interpreta, de manera tierna y po\u00e9tica, el aislamiento y las fantas\u00edas que genera en el presente y el futuro. Con un mensaje esperanzador, acompa\u00f1a este tiempo de espera hasta que pueda abrirse la puerta nuevamente. Y de este modo, al jugar con los t\u00e9rminos y las palabras, permite a chicos y chicas lidiar con la situaci\u00f3n y exorcizar temores.<\/p>\n<p>Compartimos este micro animado de 1 minuto y 23 segundos realizado con la t\u00e9cnica 2D, basado en el cuento hom\u00f3nimo de <strong>Mauro Zoladz<\/strong> e ilustrado por <strong>Ana Sanfelippo<\/strong>.<\/p>\n<div align=\"center\" style=\"margin: 20px auto;\"><iframe loading=\"lazy\" width=\"560\" height=\"315\" src=\"https:\/\/www.youtube.com\/embed\/vtdxuzzFdkU\" frameborder=\"0\" allow=\"accelerometer; autoplay; encrypted-media; gyroscope; picture-in-picture\" allowfullscreen><\/iframe><\/div>\n<hr style=\"margin-bottom: 25px;\"\/>\n<h3>&#8220;Corona-dudas&#8221;, una serie para encontrar respuestas sobre COVID-19<\/h3>\n<p><a href=\"http:\/\/www.pakapaka.gob.ar\" target=\"_blank\" rel=\"noopener noreferrer\">Pakapaka<\/a> estrena <strong>Corona-dudas<\/strong>, una serie de once micros a cargo de la bioqu\u00edmica y escritora <strong>Paula Bombara<\/strong>, donde contesta dudas que manifestaron chicos y chicas sobre el COVID-19 brindando informaci\u00f3n clara y precisa para ellos, ellas y sus familias. Los micros se emiten por la pantalla de TV todos los d\u00edas intercalados en la programaci\u00f3n y en las redes del canal.<\/p>\n<p>Algunas de las preguntas son: <em>\u00bfPor qu\u00e9 no puedo ver a mis abuelos?, \u00bfCu\u00e1ndo voy a volver a la escuela?, \u00bfPuedo abrazar a las personas que viven conmigo?, \u00bfEl coronavirus es el rey de los virus?, \u00bfC\u00f3mo cuidamos a nuestras mascotas?, \u00bfEl virus puede entrar a casa por la ventana? \u00bfExiste una vacuna?, \u00bfCu\u00e1ndo se va a terminar?<\/em>.<\/p>\n<div align=\"center\" style=\"margin: 20px auto;\"><iframe loading=\"lazy\" width=\"560\" height=\"315\" src=\"https:\/\/www.youtube.com\/embed\/playlist?list=PLeb5KurR3ZBDX2zNgskZ7VJtLkpC8ELpY\" frameborder=\"0\" allow=\"accelerometer; autoplay; encrypted-media; gyroscope; picture-in-picture\" allowfullscreen><\/iframe><\/div>\n<\/div>\n","protected":false},"excerpt":{"rendered":"<p>Cuidado social. V\u00ednculo virtual es una iniciativa de la Secretar\u00eda de Investigaci\u00f3n y Posgrado de la Facultad de Arte. En este bolet\u00edn de recomendaciones se presentar\u00e1n libros, revistas acad\u00e9micas, archivos y bibliotecas digitales abiertas, contenidos audiovisuales y links de inter\u00e9s para fomentar el intercambio entre todos los integrantes de la comunidad educativa. De esta forma seguiremos form\u00e1ndonos y reflexionando sobre [&hellip;]<\/p>\n","protected":false},"author":1,"featured_media":14118,"comment_status":"open","ping_status":"open","sticky":false,"template":"","format":"standard","meta":{"_acf_changed":false,"footnotes":""},"categories":[2497],"tags":[],"class_list":["post-13743","post","type-post","status-publish","format-standard","has-post-thumbnail","hentry","category-newsletter"],"acf":[],"_links":{"self":[{"href":"https:\/\/www.arte.unicen.edu.ar\/cdab\/wp-json\/wp\/v2\/posts\/13743","targetHints":{"allow":["GET"]}}],"collection":[{"href":"https:\/\/www.arte.unicen.edu.ar\/cdab\/wp-json\/wp\/v2\/posts"}],"about":[{"href":"https:\/\/www.arte.unicen.edu.ar\/cdab\/wp-json\/wp\/v2\/types\/post"}],"author":[{"embeddable":true,"href":"https:\/\/www.arte.unicen.edu.ar\/cdab\/wp-json\/wp\/v2\/users\/1"}],"replies":[{"embeddable":true,"href":"https:\/\/www.arte.unicen.edu.ar\/cdab\/wp-json\/wp\/v2\/comments?post=13743"}],"version-history":[{"count":2,"href":"https:\/\/www.arte.unicen.edu.ar\/cdab\/wp-json\/wp\/v2\/posts\/13743\/revisions"}],"predecessor-version":[{"id":20290,"href":"https:\/\/www.arte.unicen.edu.ar\/cdab\/wp-json\/wp\/v2\/posts\/13743\/revisions\/20290"}],"wp:featuredmedia":[{"embeddable":true,"href":"https:\/\/www.arte.unicen.edu.ar\/cdab\/wp-json\/wp\/v2\/media\/14118"}],"wp:attachment":[{"href":"https:\/\/www.arte.unicen.edu.ar\/cdab\/wp-json\/wp\/v2\/media?parent=13743"}],"wp:term":[{"taxonomy":"category","embeddable":true,"href":"https:\/\/www.arte.unicen.edu.ar\/cdab\/wp-json\/wp\/v2\/categories?post=13743"},{"taxonomy":"post_tag","embeddable":true,"href":"https:\/\/www.arte.unicen.edu.ar\/cdab\/wp-json\/wp\/v2\/tags?post=13743"}],"curies":[{"name":"wp","href":"https:\/\/api.w.org\/{rel}","templated":true}]}}