{"id":13213,"date":"2020-05-11T11:35:54","date_gmt":"2020-05-11T14:35:54","guid":{"rendered":"http:\/\/www.arte.unicen.edu.ar\/cdab\/?p=13213"},"modified":"2021-04-14T09:41:12","modified_gmt":"2021-04-14T12:41:12","slug":"el-cdab-cedio-registros-audiovisuales-de-obras-teatrales-para-la-conformacion-de-la-teatroteca-virtual-tandil","status":"publish","type":"post","link":"https:\/\/www.arte.unicen.edu.ar\/cdab\/el-cdab-cedio-registros-audiovisuales-de-obras-teatrales-para-la-conformacion-de-la-teatroteca-virtual-tandil\/","title":{"rendered":"El CDAB cedi\u00f3 registros audiovisuales de obras teatrales para la conformaci\u00f3n de la &#8220;Teatroteca virtual Tandil&#8221;"},"content":{"rendered":"\n<p>Desde el <strong>Centro de Documentaci\u00f3n Audiovisual y Biblioteca (CDAB)<\/strong>, dependiente de la <strong>Secretar\u00eda de Investigaci\u00f3n y Posgrado<\/strong> de la <a rel=\"noreferrer noopener\" aria-label=\"Facultad de Arte (abre en una nueva pesta\u00f1a)\" href=\"http:\/\/www.arte.unicen.edu.ar\" target=\"_blank\">Facultad de Arte<\/a>, continuamos trabajando para estar m\u00e1s cerca de toda la comunidad educativa mientras transitamos el per\u00edodo de aislamiento social, preventivo y obligatorio dispuesto para evitar la propagaci\u00f3n de la pandemia COVID-19. Es por ello que de manera sostenida <a rel=\"noreferrer noopener\" aria-label=\"hemos adoptado todas las medidas a nuestro alcance (abre en una nueva pesta\u00f1a)\" href=\"http:\/\/www.arte.unicen.edu.ar\/cdab\/nuevo-comunicado-en-relacion-a-la-pandemia-covid-19\" target=\"_blank\">hemos adoptado todas las medidas a nuestro alcance<\/a> para poder dar respuesta a las consultas y solicitudes de quienes nos contactan por nuestros canales de comunicaci\u00f3n virtuales. <\/p>\n\n\n\n<p>En este sentido y con la firme convicci\u00f3n de continuar acompa\u00f1ando y apoyando a lxs artistas locales en este dif\u00edcil momento, el <strong>Centro de Documentaci\u00f3n Audiovisual y Biblioteca (CDAB)<\/strong> <strong>cedi\u00f3 un importante n\u00famero de registros audiovisuales<\/strong> correspondientes a la puesta en escena de diversas obras teatrales dirigidas por estudiantes y docentes de la carrera de <a rel=\"noreferrer noopener\" aria-label=\"Profesorado (abre en una nueva pesta\u00f1a)\" href=\"http:\/\/www.arte.unicen.edu.ar\/carreras\/grado\/profesorado-de-teatro\/perfil-del-egresado_\/\" target=\"_blank\">Profesorado<\/a> y <a rel=\"noreferrer noopener\" aria-label=\"Licenciado en Teatro (abre en una nueva pesta\u00f1a)\" href=\"http:\/\/www.arte.unicen.edu.ar\/carreras\/grado\/licenciado-en-teatro\/perfil-del-egresado_\/\" target=\"_blank\">Licenciado en Teatro<\/a>. Esta acci\u00f3n, que implica la libre publicaci\u00f3n y difusi\u00f3n de dichas producciones, se articul\u00f3 de manera conjunta con la <a rel=\"noreferrer noopener\" aria-label=\"Teatroteca virtual Tandil (abre en una nueva pesta\u00f1a)\" href=\"https:\/\/www.facebook.com\/teatroteca.virtualtandil\" target=\"_blank\">Teatroteca virtual Tandil<\/a>, un fondo econ\u00f3mico solidario para lxs trabajadorxs teatrales y circenses de la ciudad. La iniciativa surgi\u00f3 de un grupo de artistas locales y lxs interesadxs en colaborar econ\u00f3micamente podr\u00e1n hacerlo mediante la siguiente cuenta bancaria:<\/p>\n\n\n\n<div style=\"width: 100%; margin: 35px auto; font-size: 18px; font-family: 'Roboto Slab', 'Roboto', arial, helvetica, sans-serif; line-height: 28px; text-align: center;\">Caja de ahorro en pesos &#8211; Banco Provincia<br \/>N\u00b0 de cuenta: 507959\/4<br \/>CBU 0140481803630650795941<br \/>CUIL 20-35332776-4<br \/>Titular: DUBINI, Gast\u00f3n<\/div>\n\n\n\n<p>Algunas de las producciones cedidas por el <strong>CDAB<\/strong> son:<\/p>\n\n\n\n<ul class=\"wp-block-list\"><li><strong>23.344<\/strong> (2019) de Lara Nicole Buena, Eric Joel Ale, Berenice Lavia, Victoria Garc\u00eda Iacovella.<\/li><li><strong>A la griega<\/strong> (2018) de DD. VV.<\/li><li><strong>Ag\u00f3nica<\/strong> de Daniela Ferrari, Sebasti\u00e1n Huber, Ignacio D\u00edaz Delfino.<\/li><li><strong>Arrancados (la poes\u00eda es posible)<\/strong> (2019) de Andrea Juli\u00e1.<\/li><li><strong>Cambiemos los papeles<\/strong> (2019) de Mariangela Morales.<\/li><li><strong>El conejito del tambor de Duracell<\/strong> (2019) de Soledad Lami, Clarisa Capdevila, Giovanna Latella, Lolo Carrizo, Marina Binando.<\/li><li><strong>El viaje de los elefantes<\/strong> (2020) de Ana S\u00e1nchez Vimo.<\/li><li><strong>Empollando milagros<\/strong> (2010) de Mariano R\u00f3tolo.<\/li><li><strong>En seco<\/strong> de Marcelo Islas.<\/li><li><strong>Estocolmo<\/strong> (2010) de Ver\u00f3nica Gargiulo.<\/li><li><strong>Etiop\u00eda<\/strong> (2019) de Juan Pablo Rojas.<\/li><li><strong>\u00c9xtima, perdida como una figura<\/strong> (2018) de Marcela Lagos.<\/li><li><strong>Geometr\u00eda<\/strong> (2018) de Martina Cabrera.<\/li><li><strong>Hundan al Belgrano<\/strong> (2018) de DD. VV.<\/li><li><strong>Ir yendo (Ensayo)<\/strong> (2018) de Javier Lester.<\/li><li><strong>Jard\u00edn de oto\u00f1o<\/strong> (2019) de Delfina Ricardo.<\/li><li><strong>La casa de Bernarda Alba<\/strong> de Marcelo Islas.<\/li><li><strong>La fabulosa historia de los inolvidables Marrapodi<\/strong> (2018) de Santiago Almada.<\/li><li><strong>La irredenta<\/strong> (2019) de Magdalena Cataldo.<\/li><li><strong>La isla desierta<\/strong> (2018).<\/li><li><strong>La malasangre<\/strong> de Paula Fern\u00e1ndez.<\/li><li><strong>La malasangre<\/strong> (2017) de Andrea Carre\u00f1o Soll\u00e9.<\/li><li><strong>La pecera<\/strong> (2018) de Ver\u00f3nica Rodr\u00edguez.<\/li><li><strong>La pecera<\/strong> de Macarena Mesas Tabares.<\/li><li><strong>La secreta obscenidad de cada d\u00eda<\/strong> de Silvio Torres.<\/li><li><strong>La se\u00f1ora Macbeth<\/strong> (2004) de Juan Carlos Catalano.<\/li><li><strong>La varsovia<\/strong> de Anabel Paoletta.<\/li><li><strong>Lombrices<\/strong> de Milagros Cianciarulo.<\/li><li><strong>Lombrices<\/strong> (2019) de Luciano Brizuela.<\/li><li><strong>Lxs convivientes<\/strong> (2019) de DD. VV.<\/li><li><strong>Muestra capital<\/strong> de Mauricio Kartun.<\/li><li><strong>Muestra desubicada<\/strong> (2019) de Mauricio Kartun.<\/li><li><strong>Muestra f\u00f3bica<\/strong> de Mauricio Kartun.<\/li><li><strong>Muestra hast\u00edo<\/strong> de Mauricio Kartun.<\/li><li><strong>Muestra particulares<\/strong> 15 de Mauricio Kartun.<\/li><li><strong>Partitura G\u00e9minis<\/strong> (2007) de Marianela Buono.<\/li><li><strong>Pedro y el capit\u00e1n<\/strong> (2017) de Pilar Jaureguiberry.<\/li><li><strong>Por esa puta costumbre. Cr\u00f3nicas de Lonquimay<\/strong> (2009) de Franco Bais, Cristian Majolo, Iv\u00e1n Navarro.<\/li><li><strong>Qual piuma al viento<\/strong> (2019) de Candela Rimoldi.<\/li><li><strong>R\u00e1pido nocturno, aire de Foxtrot<\/strong> (1999) de Juan Carlos Catalano.<\/li><li><strong>Raspando la cruz<\/strong> (2017) de Daniela Ferrari, Sebasti\u00e1n Huber, Ignacio D\u00edaz Delfino.<\/li><li><strong>Rew (Secuelas de una dulc\u00edsima pasi\u00f3n)<\/strong> de David Beratz.<\/li><li><strong>Risas grabadas<\/strong> de Coty Fitipaldi.<\/li><li><strong>Saber nadar<\/strong> de Paula Fern\u00e1ndez.<\/li><li><strong>Salad, el c\u00f3digo est\u00e1 roto<\/strong> de Bel\u00e9n Rubio.<\/li><li><strong>Salad, el c\u00f3digo est\u00e1 roto<\/strong> de Josefina Andr\u00e9s.<\/li><li><strong>St\u00e9fano<\/strong> de Marcelo Jaureguiberry.<\/li><li><strong>XXXL<\/strong> (2018) de Georgina Ferreiro.<\/li><li><strong>\u00a1Qu\u00e9 cruz la de sauce tumbado!<\/strong> de Juan Carlos Catalano.<\/li><\/ul>\n\n\n\n<p>Para m\u00e1s informaci\u00f3n y consultas, cont\u00e1ctenos por correo electr\u00f3nico a <a href=\"mailto:cdab@arte.unicen.edu.ar\">cdab@arte.unicen.edu.ar<\/a><\/p>\n","protected":false},"excerpt":{"rendered":"<p>Desde el Centro de Documentaci\u00f3n Audiovisual y Biblioteca (CDAB), dependiente de la Secretar\u00eda de Investigaci\u00f3n y Posgrado de la Facultad de Arte, continuamos trabajando para estar m\u00e1s cerca de toda la comunidad educativa mientras transitamos el per\u00edodo de aislamiento social, preventivo y obligatorio dispuesto para evitar la propagaci\u00f3n de la pandemia COVID-19. Es por ello que de manera sostenida hemos [&hellip;]<\/p>\n","protected":false},"author":1,"featured_media":13457,"comment_status":"open","ping_status":"open","sticky":false,"template":"","format":"standard","meta":{"_acf_changed":false,"footnotes":""},"categories":[1],"tags":[214,215,288],"class_list":["post-13213","post","type-post","status-publish","format-standard","has-post-thumbnail","hentry","category-novedades","tag-cdab","tag-facultad-de-arte","tag-secretaria-de-investigacion-y-posgrado"],"acf":[],"_links":{"self":[{"href":"https:\/\/www.arte.unicen.edu.ar\/cdab\/wp-json\/wp\/v2\/posts\/13213","targetHints":{"allow":["GET"]}}],"collection":[{"href":"https:\/\/www.arte.unicen.edu.ar\/cdab\/wp-json\/wp\/v2\/posts"}],"about":[{"href":"https:\/\/www.arte.unicen.edu.ar\/cdab\/wp-json\/wp\/v2\/types\/post"}],"author":[{"embeddable":true,"href":"https:\/\/www.arte.unicen.edu.ar\/cdab\/wp-json\/wp\/v2\/users\/1"}],"replies":[{"embeddable":true,"href":"https:\/\/www.arte.unicen.edu.ar\/cdab\/wp-json\/wp\/v2\/comments?post=13213"}],"version-history":[{"count":2,"href":"https:\/\/www.arte.unicen.edu.ar\/cdab\/wp-json\/wp\/v2\/posts\/13213\/revisions"}],"predecessor-version":[{"id":18895,"href":"https:\/\/www.arte.unicen.edu.ar\/cdab\/wp-json\/wp\/v2\/posts\/13213\/revisions\/18895"}],"wp:featuredmedia":[{"embeddable":true,"href":"https:\/\/www.arte.unicen.edu.ar\/cdab\/wp-json\/wp\/v2\/media\/13457"}],"wp:attachment":[{"href":"https:\/\/www.arte.unicen.edu.ar\/cdab\/wp-json\/wp\/v2\/media?parent=13213"}],"wp:term":[{"taxonomy":"category","embeddable":true,"href":"https:\/\/www.arte.unicen.edu.ar\/cdab\/wp-json\/wp\/v2\/categories?post=13213"},{"taxonomy":"post_tag","embeddable":true,"href":"https:\/\/www.arte.unicen.edu.ar\/cdab\/wp-json\/wp\/v2\/tags?post=13213"}],"curies":[{"name":"wp","href":"https:\/\/api.w.org\/{rel}","templated":true}]}}