{"id":13117,"date":"2020-05-14T13:07:43","date_gmt":"2020-05-14T16:07:43","guid":{"rendered":"http:\/\/www.arte.unicen.edu.ar\/cdab\/?p=13117"},"modified":"2021-02-09T12:43:55","modified_gmt":"2021-02-09T15:43:55","slug":"yo-no-quiero-volverme-tan-locx-pablo-mereu-dialogo-postproduccion-distancia","status":"publish","type":"post","link":"https:\/\/www.arte.unicen.edu.ar\/cdab\/yo-no-quiero-volverme-tan-locx-pablo-mereu-dialogo-postproduccion-distancia\/","title":{"rendered":"&#8220;Yo no quiero volverme tan locx&#8221; present\u00f3 a Pablo Mereu en un di\u00e1logo acerca de postproducci\u00f3n, distancia y nuevos paradigmas laborales"},"content":{"rendered":"\n<p><strong>Yo no quiero volverme tan locx. Enfrentando el aislamiento con arte, cultura y educaci\u00f3n<\/strong>, el ciclo de di\u00e1logos coordinado por la&nbsp;<a rel=\"noreferrer noopener\" href=\"http:\/\/www.arte.unicen.edu.ar\/secretarias\/investigacion-posgrado\/\" target=\"_blank\">Secretar\u00eda de Investigaci\u00f3n y Posgrado<\/a>&nbsp;y la&nbsp;<a rel=\"noreferrer noopener\" href=\"http:\/\/www.arte.unicen.edu.ar\/secretarias\/academica\/\" target=\"_blank\">Secretar\u00eda Acad\u00e9mica<\/a>&nbsp;de la&nbsp;<a rel=\"noreferrer noopener\" href=\"http:\/\/www.arte.unicen.edu.ar\/\" target=\"_blank\">Facultad de Arte<\/a>, present\u00f3 su cuarta edici\u00f3n con la participaci\u00f3n del compositor VFX y postproductor <em>freelance<\/em> <strong>Pablo Mereu<\/strong>. La cita tuvo lugar el pasado martes 12 de mayo a las 16 hs. mediante la aplicaci\u00f3n de videollamadas Zoom y cont\u00f3 con amplia convocatoria de estudiantes, docentes, investigadorxs y p\u00fablico en general.<\/p>\n\n\n\n<p>Al igual que en ediciones previas la presentaci\u00f3n estuvo a cargo del Secretario de Investigaci\u00f3n y Posgrado, <strong>Dr. Javier Campo<\/strong>, quien agradeci\u00f3 el apoyo constante a la iniciativa y se\u00f1al\u00f3 que la coordinaci\u00f3n estuvo articulada desde la <a rel=\"noreferrer noopener\" href=\"http:\/\/www.arte.unicen.edu.ar\/diplomatura-en-narrativas-transmedia-y-tecnologias-de-la-interactividad\" target=\"_blank\">Diplomatura Universitaria en Arte y Tecnolog\u00eda (DATe)<\/a>.<\/p>\n\n\n\n<p>El <strong>Prof. Alexis Trigo<\/strong>, Coordinador Acad\u00e9mico del mencionado trayecto de Formaci\u00f3n Continua, agradeci\u00f3 a ambas Secretar\u00edas por la invitaci\u00f3n y en ese sentido manifest\u00f3: <em>&#8220;Cuando se nos invit\u00f3 a presentar propuestas para este ciclo, se me ocurri\u00f3 que la experiencia de Pablo en la postproducci\u00f3n, en el trabajo a distancia, en el trabajo freelance, era una buena excusa para incorporarlo en esto de enfrentar la cuarentena con cultura, educaci\u00f3n y arte&#8221;<\/em>. Adem\u00e1s adelant\u00f3 que el <strong>viernes 15 de mayo<\/strong> se dar\u00e1 inicio a la <strong>segunda cohorte<\/strong> de la <a rel=\"noreferrer noopener\" href=\"http:\/\/www.arte.unicen.edu.ar\/diplomatura-en-narrativas-transmedia-y-tecnologias-de-la-interactividad\" target=\"_blank\">Diplomatura Universitaria en Arte y Tecnolog\u00eda (DATe)<\/a> en modalidad virtual. La Diplomatura propone reflexionar en la consolidaci\u00f3n de nuevas plataformas de circulaci\u00f3n de contenidos audiovisuales y sus formas de narraci\u00f3n. En historias que atraviesan m\u00faltiples medios y plataformas. Narraciones <em>transmedia<\/em>, experiencias inmersivas o narrativas interactivas que proponen recorridos por universos no-lineales, sin jerarqu\u00edas evidentes, alejadas de la idea de un \u00fanico tiempo y un \u00fanico espacio.<\/p>\n\n\n\n<p>Previamente a ceder la palabra al invitado, <strong>Alexis Trigo<\/strong> realiz\u00f3 un breve repaso por el curr\u00edculum de <strong>Pablo Mereu<\/strong>, mencionando que <em>&#8220;es postproductor y especialista en VFX. Trabaj\u00f3 para muchos estudios de postproducci\u00f3n como VFX BOAT, La Sociedad Post., Full Dimensional Entertainment, CogitanZ&#8230; en principio de manera freelance a distancia y despu\u00e9s viaj\u00f3 a Italia para seguir trabajando en Mil\u00e1n. Trabaj\u00f3 en series como &#8220;Puerta 7&#8221;, que ahora est\u00e1 en Netflix, &#8220;O11CE&#8221; de Disney, la pel\u00edcula &#8220;La bruja&#8221;, &#8220;El inventor de juegos&#8221;. Actualmente se desempe\u00f1a como proveedor freelance a la distancia, instalado en las sierras de San Luis&#8221;<\/em>.<\/p>\n\n\n\n<p><strong>Pablo Mereu<\/strong> manifest\u00f3 su agradecimiento a la <a rel=\"noreferrer noopener\" aria-label=\"Facultad de Arte (abre en una nueva pesta\u00f1a)\" href=\"http:\/\/www.arte.unicen.edu.ar\" target=\"_blank\">Facultad de Arte<\/a>. <em>&#8220;Vamos a hablar un poco de workflow, que lo voy a orientar hacia la parte de postproducci\u00f3n de video, abarcando lo m\u00e1ximo en funci\u00f3n de las posibilidades de trabajo en esta \u00e1rea. Ya sea tanto para motion graphics, pel\u00edculas, series, institucionales para empresas, entre otras producciones&#8221;<\/em> puntualiz\u00f3 de manera inicial y comenz\u00f3 a desarrollar cada una de las tareas involucradas en las distintas etapas que intervienen en la <em>&#8220;aventura audiovisual&#8221;<\/em>.<\/p>\n\n\n\n<p><em>&#8220;Cuando nosotros encaramos un proyecto audiovisual vamos a partir de una idea, que puede llegar de un cliente, ser una idea propia&#8230; algo que caracteriza al arte audiovisual es que es colectivo y que dependiendo de la complejidad del proyecto vamos a estar trabajando con much\u00edsima gente. Pasamos por una instancia de preproducci\u00f3n en la que nos vamos a prepararnos para grabar, para empezar a generar las animaciones si es una peli de animaci\u00f3n. Luego estamos listos para arrancar la producci\u00f3n, porque estamos capturando y generando todo el material que vamos a necesitar&#8221;<\/em> explic\u00f3, para luego indagar en cuestiones t\u00e9cnicas de montaje, postproducci\u00f3n, <em>motion graphics<\/em> y VFX.<\/p>\n\n\n\n<p>Compartimos el registro completo de la charla:<\/p>\n\n\n\n<div style=\"margin: 30px auto; width: 100%; text-align: center;\"><iframe loading=\"lazy\" width=\"700\" height=\"394\" src=\"https:\/\/www.youtube.com\/embed\/URKSErC4Mvc\" frameborder=\"0\" allow=\"accelerometer; autoplay; encrypted-media; gyroscope; picture-in-picture\" allowfullscreen=\"\"><\/iframe><\/div>\n\n\n\n<p>Los encuentros previos de <strong>Yo no quiero volverme tan locx<\/strong> pueden visualizarse desde el <a rel=\"noreferrer noopener\" href=\"https:\/\/www.youtube.com\/channel\/UCOBrOTwPT5GiKHYXACcgyLQ\" target=\"_blank\">canal de YouTube<\/a> de la <a rel=\"noreferrer noopener\" href=\"http:\/\/www.arte.unicen.edu.ar\/\" target=\"_blank\">Facultad de Arte<\/a> y el sitio web del <strong>CDAB<\/strong>. La pr\u00f3xima edici\u00f3n se llevar\u00e1 a cabo el <strong>jueves 21 de mayo<\/strong> a las <strong>16 hs.<\/strong> con la participaci\u00f3n de la <strong>Cooperativa de Dise\u00f1o<\/strong> que brindar\u00e1 una charla denominada <em>Dise\u00f1x para la liberacci\u00f3n<\/em>. La actividad ser\u00e1 presentada por el <strong>Mg. Jorge Tripiana<\/strong> (<a rel=\"noreferrer noopener\" aria-label=\"FA (abre en una nueva pesta\u00f1a)\" href=\"http:\/\/www.arte.unicen.edu.ar\" target=\"_blank\">FA<\/a>, <a rel=\"noreferrer noopener\" aria-label=\"UNICEN (abre en una nueva pesta\u00f1a)\" href=\"http:\/\/www.unicen.edu.ar\" target=\"_blank\">UNICEN<\/a>) y estar\u00e1 coordinada desde la <a rel=\"noreferrer noopener\" aria-label=\"Diplomatura Universitaria en Arte para la Transformaci\u00f3n Social (abre en una nueva pesta\u00f1a)\" href=\"http:\/\/www.arte.unicen.edu.ar\/diplomatura-en-arte-para-la-transformacion-social\/\" target=\"_blank\">Diplomatura Universitaria en Arte para la Transformaci\u00f3n Social<\/a>.<\/p>\n","protected":false},"excerpt":{"rendered":"<p>Yo no quiero volverme tan locx. Enfrentando el aislamiento con arte, cultura y educaci\u00f3n, el ciclo de di\u00e1logos coordinado por la&nbsp;Secretar\u00eda de Investigaci\u00f3n y Posgrado&nbsp;y la&nbsp;Secretar\u00eda Acad\u00e9mica&nbsp;de la&nbsp;Facultad de Arte, present\u00f3 su cuarta edici\u00f3n con la participaci\u00f3n del compositor VFX y postproductor freelance Pablo Mereu. La cita tuvo lugar el pasado martes 12 de mayo a las 16 hs. mediante [&hellip;]<\/p>\n","protected":false},"author":1,"featured_media":13119,"comment_status":"open","ping_status":"open","sticky":false,"template":"","format":"standard","meta":{"_acf_changed":false,"footnotes":""},"categories":[1],"tags":[215,2502,288,294,2503],"class_list":["post-13117","post","type-post","status-publish","format-standard","has-post-thumbnail","hentry","category-novedades","tag-facultad-de-arte","tag-secretaria-academica","tag-secretaria-de-investigacion-y-posgrado","tag-unicen","tag-yo-no-quiero-volverme-tan-locx"],"acf":[],"_links":{"self":[{"href":"https:\/\/www.arte.unicen.edu.ar\/cdab\/wp-json\/wp\/v2\/posts\/13117","targetHints":{"allow":["GET"]}}],"collection":[{"href":"https:\/\/www.arte.unicen.edu.ar\/cdab\/wp-json\/wp\/v2\/posts"}],"about":[{"href":"https:\/\/www.arte.unicen.edu.ar\/cdab\/wp-json\/wp\/v2\/types\/post"}],"author":[{"embeddable":true,"href":"https:\/\/www.arte.unicen.edu.ar\/cdab\/wp-json\/wp\/v2\/users\/1"}],"replies":[{"embeddable":true,"href":"https:\/\/www.arte.unicen.edu.ar\/cdab\/wp-json\/wp\/v2\/comments?post=13117"}],"version-history":[{"count":2,"href":"https:\/\/www.arte.unicen.edu.ar\/cdab\/wp-json\/wp\/v2\/posts\/13117\/revisions"}],"predecessor-version":[{"id":17044,"href":"https:\/\/www.arte.unicen.edu.ar\/cdab\/wp-json\/wp\/v2\/posts\/13117\/revisions\/17044"}],"wp:featuredmedia":[{"embeddable":true,"href":"https:\/\/www.arte.unicen.edu.ar\/cdab\/wp-json\/wp\/v2\/media\/13119"}],"wp:attachment":[{"href":"https:\/\/www.arte.unicen.edu.ar\/cdab\/wp-json\/wp\/v2\/media?parent=13117"}],"wp:term":[{"taxonomy":"category","embeddable":true,"href":"https:\/\/www.arte.unicen.edu.ar\/cdab\/wp-json\/wp\/v2\/categories?post=13117"},{"taxonomy":"post_tag","embeddable":true,"href":"https:\/\/www.arte.unicen.edu.ar\/cdab\/wp-json\/wp\/v2\/tags?post=13117"}],"curies":[{"name":"wp","href":"https:\/\/api.w.org\/{rel}","templated":true}]}}