{"id":12634,"date":"2020-04-30T10:32:36","date_gmt":"2020-04-30T13:32:36","guid":{"rendered":"http:\/\/www.arte.unicen.edu.ar\/cdab\/?p=12634"},"modified":"2021-02-09T12:16:17","modified_gmt":"2021-02-09T15:16:17","slug":"maria-stegmayer-estetica-politica-neoliberalismo-ynqvtl","status":"publish","type":"post","link":"https:\/\/www.arte.unicen.edu.ar\/cdab\/maria-stegmayer-estetica-politica-neoliberalismo-ynqvtl\/","title":{"rendered":"Mar\u00eda Stegmayer analiz\u00f3 la est\u00e9tica y pol\u00edtica de los afectos bajo el neoliberalismo contempor\u00e1neo en \u201cYo no quiero volverme tan locx #2\u201d"},"content":{"rendered":"\n<p>La\u00a0<a rel=\"noreferrer noopener\" href=\"http:\/\/www.arte.unicen.edu.ar\/secretarias\/investigacion-posgrado\/\" target=\"_blank\">Secretar\u00eda de Investigaci\u00f3n y Posgrado<\/a>\u00a0y la\u00a0<a rel=\"noreferrer noopener\" href=\"http:\/\/www.arte.unicen.edu.ar\/secretarias\/academica\/\" target=\"_blank\">Secretar\u00eda Acad\u00e9mica<\/a>\u00a0de la\u00a0<a rel=\"noreferrer noopener\" href=\"http:\/\/www.arte.unicen.edu.ar\/\" target=\"_blank\">Facultad de Arte<\/a>\u00a0presentaron, el pasado viernes 24 de abril, la segunda edici\u00f3n del ciclo de di\u00e1logos <strong>Yo no quiero volverme tan locx. Enfrentando el aislamiento con arte, cultura y educaci\u00f3n<\/strong> mediante la aplicaci\u00f3n de videollamadas Zoom. De este manera, nuestra Unidad Acad\u00e9mica contin\u00faa fomentando el pensamiento art\u00edstico mediante canales virtuales mientras persiste el per\u00edodo de aislamiento social, preventivo y obligatorio dispuesto a nivel nacional para evitar la propagaci\u00f3n de la pandemia COVID-19. La primera edici\u00f3n cont\u00f3 con la participaci\u00f3n de la investigadora, docente, escritora y curadora feminista\u00a0<strong>Kekena Corval\u00e1n<\/strong>,\u00a0encuentro que ya est\u00e1 disponible para su visionado en el <a rel=\"noreferrer noopener\" aria-label=\"canal de YouTube (abre en una nueva pesta\u00f1a)\" href=\"https:\/\/www.youtube.com\/channel\/UCOBrOTwPT5GiKHYXACcgyLQ\" target=\"_blank\">canal de YouTube<\/a> de la <a rel=\"noreferrer noopener\" aria-label=\"Facultad de Arte (abre en una nueva pesta\u00f1a)\" href=\"http:\/\/www.arte.unicen.edu.ar\" target=\"_blank\">Facultad de Arte<\/a>.<\/p>\n\n\n\n<p>En esta oportunidad, el ciclo recibi\u00f3 a la <strong>Dra. Mar\u00eda Stegmayer<\/strong> quien indag\u00f3 acerca de <em>La sinton\u00eda del rencor: est\u00e9tica y pol\u00edtica de los afectos bajo el neoliberalismo contempor\u00e1neo<\/em>. El <strong>Dr. Javier Campo<\/strong>, Secretario de Investigaci\u00f3n y Posgrado (<a rel=\"noreferrer noopener\" aria-label=\"FA (abre en una nueva pesta\u00f1a)\" href=\"http:\/\/www.arte.unicen.edu.ar\" target=\"_blank\">FA<\/a>, <a rel=\"noreferrer noopener\" aria-label=\"UNICEN (abre en una nueva pesta\u00f1a)\" href=\"http:\/\/www.unicen.edu.ar\" target=\"_blank\">UNICEN<\/a>), brind\u00f3 unas palabras introductorias mediante las que destac\u00f3 la importancia del ciclo como un puente para mantenernos en contacto y seguir discutiendo ciertas problem\u00e1ticas art\u00edsticas. Asimismo advirti\u00f3 que el intercambio con <strong>Mar\u00eda Stegmayer<\/strong> atravesar\u00eda algunas de las cuestiones que se est\u00e1n abordando en el seminario que actualmente se encuentra dictando la docente en el marco de la <a rel=\"noreferrer noopener\" aria-label=\"Maestr\u00eda en Arte y Sociedad en Latinoam\u00e9rica (abre en una nueva pesta\u00f1a)\" href=\"http:\/\/www.arte.unicen.edu.ar\/carreras\/posgrado\/maestria-en-arte-y-sociedad-en-latinoamerica\/\" target=\"_blank\">Maestr\u00eda en Arte y Sociedad en Latinoam\u00e9rica<\/a>.<\/p>\n\n\n\n<p>Poco despu\u00e9s la directora de dicha carrera de posgrado, <strong>Dra. Ana Silva<\/strong>, agradeci\u00f3 a ambas Secretar\u00edas por la iniciativa y plante\u00f3 que <strong>Yo no quiero volverme tan locx<\/strong> es un modo de encontrarnos y reencontrarnos en este contexto de pandemia, que <em>&#8220;nos hizo barajar de nuevo y repensar el modo de iniciar el ciclo lectivo de la <\/em><a rel=\"noreferrer noopener\" aria-label=\"Maestr\u00eda en Arte y Sociedad en Latinoam\u00e9rica (abre en una nueva pesta\u00f1a)\" href=\"http:\/\/www.arte.unicen.edu.ar\/carreras\/posgrado\/maestria-en-arte-y-sociedad-en-latinoamerica\/\" target=\"_blank\"><em>Maestr\u00eda en Arte y Sociedad en Latinoam\u00e9rica<\/em><\/a><em>. Desde la Comisi\u00f3n Acad\u00e9mica de Posgrado (CAP) cuando confirmamos que no iba a ser posible el cursado de los seminarios de manera presencial pensamos en una forma alternativa&#8230; que pudiera ser semipresencial, combinando la Plataforma de Educaci\u00f3n a Distancia y cuando sea posible retomar los encuentros en donde quienes est\u00e9n cursando tengan la posibilidad de encontrarse con los docentes&#8221;<\/em>. Luego comparti\u00f3 un breve repaso del curr\u00edculum de <strong>Mar\u00eda Stegmayer<\/strong>: <em>&#8220;es soci\u00f3loga, doctora en Ciencias Sociales por la UBA, con un trabajo de tesis sobre literatura argentina contempor\u00e1nea, es docente de grado en carreras de sociolog\u00eda y dise\u00f1o gr\u00e1fico, co-dirige un proyecto de investigaci\u00f3n en el Instituto Gino Germani&#8221;<\/em>. Adem\u00e1s record\u00f3 su presencia en la conferencia inaugural y el primer seminario de la <a rel=\"noreferrer noopener\" href=\"http:\/\/www.arte.unicen.edu.ar\/carreras\/posgrado\/maestria-en-arte-y-sociedad-en-latinoamerica\/\" target=\"_blank\">Maestr\u00eda en Arte y Sociedad en Latinoam\u00e9rica<\/a>.<\/p>\n\n\n\n<p>A continuaci\u00f3n, <strong>Mar\u00eda Stegmayer<\/strong> agradeci\u00f3 a la <a rel=\"noreferrer noopener\" aria-label=\"UNICEN (abre en una nueva pesta\u00f1a)\" href=\"http:\/\/www.unicen.edu.ar\" target=\"_blank\">UNICEN<\/a> y la <a rel=\"noreferrer noopener\" aria-label=\"Facultad de Arte (abre en una nueva pesta\u00f1a)\" href=\"http:\/\/www.arte.unicen.edu.ar\" target=\"_blank\">Facultad de Arte<\/a> por la invitaci\u00f3n, puntualizando que no renuncia al encuentro presencial dado que <em>&#8220;lo virtual no sustituye la presencia&#8221;<\/em>. <em>&#8220;Estamos ensayando formas de encontrarnos con estas herramientas&#8221;<\/em> agreg\u00f3. Como disparador de la charla cont\u00f3 que <em>&#8220;Nos interes\u00f3 trabajar las distintas inflexiones del capitalismo neoliberal y como en ellas aparecen rasgos comunes y diferencias significativas. Podr\u00edamos distinguir al menos tres neoliberalismos: una primera fase m\u00e1s combativa en el marco de la Guerra Fr\u00eda (en nuestro contexto las dictaduras c\u00edvico-militares); otra fase post-ca\u00edda del Muro de Berl\u00edn y ese discurso de un capitalismo multicultural sin fricciones; y una \u00faltima inflexi\u00f3n que identifico con el neoliberalismo contempor\u00e1neo post-2008 en donde se experimenta un giro que muchos autores llaman punitivo y las ideolog\u00edas del emprendedorismo y del sujeto como empresario de s\u00ed, esos modos de la interpelaci\u00f3n son consustanciales a toda la discursividad ideol\u00f3gica neoliberal&#8221;<\/em>.<\/p>\n\n\n\n<p>Te invitamos a compartir el encuentro completo mediante el&nbsp;<a rel=\"noreferrer noopener\" href=\"https:\/\/www.youtube.com\/channel\/UCOBrOTwPT5GiKHYXACcgyLQ\" target=\"_blank\">canal de YouTube<\/a>&nbsp;de la&nbsp;<a rel=\"noreferrer noopener\" href=\"http:\/\/www.arte.unicen.edu.ar\/\" target=\"_blank\">Facultad de Arte<\/a>:<\/p>\n\n\n\n<div style=\"margin: 30px auto; width: 100%; text-align: center;\"><iframe loading=\"lazy\" width=\"700\" height=\"394\" src=\"https:\/\/www.youtube.com\/embed\/ChuLJhREl1Q\" frameborder=\"0\" allow=\"accelerometer; autoplay; encrypted-media; gyroscope; picture-in-picture\" allowfullscreen=\"\"><\/iframe><\/div>\n\n\n\n<p>La pr\u00f3xima edici\u00f3n de <strong>Yo no quiero volverme tan locx. Enfrentando el aislamiento con arte, cultura y educaci\u00f3n<\/strong> se llevar\u00e1 a cabo el <strong>jueves 30 de abril<\/strong> a las <strong>16 hs.<\/strong> con la participaci\u00f3n de <strong>Claudio Pansera<\/strong> quien disertar\u00e1 acerca de <em>Arte aplicado en transformaci\u00f3n comunitaria<\/em>. La actividad contar\u00e1 con la presentaci\u00f3n de la <strong>Dra. Cristina Dimatteo<\/strong> (<a rel=\"noreferrer noopener\" href=\"http:\/\/www.arte.unicen.edu.ar\/\" target=\"_blank\">FA<\/a>, <a rel=\"noreferrer noopener\" href=\"http:\/\/www.unicen.edu.ar\/\" target=\"_blank\">UNICEN<\/a>) y nuevamente estar\u00e1 articulada desde la&nbsp;<a rel=\"noreferrer noopener\" href=\"http:\/\/www.arte.unicen.edu.ar\/diplomatura-en-arte-para-la-transformacion-social\" target=\"_blank\">Diplomatura Universitaria en Arte para la Transformaci\u00f3n Social<\/a>. <\/p>\n","protected":false},"excerpt":{"rendered":"<p>La\u00a0Secretar\u00eda de Investigaci\u00f3n y Posgrado\u00a0y la\u00a0Secretar\u00eda Acad\u00e9mica\u00a0de la\u00a0Facultad de Arte\u00a0presentaron, el pasado viernes 24 de abril, la segunda edici\u00f3n del ciclo de di\u00e1logos Yo no quiero volverme tan locx. Enfrentando el aislamiento con arte, cultura y educaci\u00f3n mediante la aplicaci\u00f3n de videollamadas Zoom. De este manera, nuestra Unidad Acad\u00e9mica contin\u00faa fomentando el pensamiento art\u00edstico mediante canales virtuales mientras persiste el [&hellip;]<\/p>\n","protected":false},"author":1,"featured_media":12636,"comment_status":"open","ping_status":"open","sticky":false,"template":"","format":"standard","meta":{"_acf_changed":false,"footnotes":""},"categories":[1],"tags":[215,2502,288,294,2503],"class_list":["post-12634","post","type-post","status-publish","format-standard","has-post-thumbnail","hentry","category-novedades","tag-facultad-de-arte","tag-secretaria-academica","tag-secretaria-de-investigacion-y-posgrado","tag-unicen","tag-yo-no-quiero-volverme-tan-locx"],"acf":[],"_links":{"self":[{"href":"https:\/\/www.arte.unicen.edu.ar\/cdab\/wp-json\/wp\/v2\/posts\/12634","targetHints":{"allow":["GET"]}}],"collection":[{"href":"https:\/\/www.arte.unicen.edu.ar\/cdab\/wp-json\/wp\/v2\/posts"}],"about":[{"href":"https:\/\/www.arte.unicen.edu.ar\/cdab\/wp-json\/wp\/v2\/types\/post"}],"author":[{"embeddable":true,"href":"https:\/\/www.arte.unicen.edu.ar\/cdab\/wp-json\/wp\/v2\/users\/1"}],"replies":[{"embeddable":true,"href":"https:\/\/www.arte.unicen.edu.ar\/cdab\/wp-json\/wp\/v2\/comments?post=12634"}],"version-history":[{"count":2,"href":"https:\/\/www.arte.unicen.edu.ar\/cdab\/wp-json\/wp\/v2\/posts\/12634\/revisions"}],"predecessor-version":[{"id":17035,"href":"https:\/\/www.arte.unicen.edu.ar\/cdab\/wp-json\/wp\/v2\/posts\/12634\/revisions\/17035"}],"wp:featuredmedia":[{"embeddable":true,"href":"https:\/\/www.arte.unicen.edu.ar\/cdab\/wp-json\/wp\/v2\/media\/12636"}],"wp:attachment":[{"href":"https:\/\/www.arte.unicen.edu.ar\/cdab\/wp-json\/wp\/v2\/media?parent=12634"}],"wp:term":[{"taxonomy":"category","embeddable":true,"href":"https:\/\/www.arte.unicen.edu.ar\/cdab\/wp-json\/wp\/v2\/categories?post=12634"},{"taxonomy":"post_tag","embeddable":true,"href":"https:\/\/www.arte.unicen.edu.ar\/cdab\/wp-json\/wp\/v2\/tags?post=12634"}],"curies":[{"name":"wp","href":"https:\/\/api.w.org\/{rel}","templated":true}]}}