{"id":12526,"date":"2020-04-22T16:48:00","date_gmt":"2020-04-22T19:48:00","guid":{"rendered":"http:\/\/www.arte.unicen.edu.ar\/cdab\/?p=12526"},"modified":"2021-02-09T12:11:14","modified_gmt":"2021-02-09T15:11:14","slug":"kekena-corvalan-dio-inicio-ciclo-yo-no-quiero-volverme-tan-locx","status":"publish","type":"post","link":"https:\/\/www.arte.unicen.edu.ar\/cdab\/kekena-corvalan-dio-inicio-ciclo-yo-no-quiero-volverme-tan-locx\/","title":{"rendered":"Kekena Corval\u00e1n dio inicio al ciclo &#8220;Yo no quiero volverme tan locx. Enfrentando el aislamiento con arte, cultura y educaci\u00f3n&#8221;"},"content":{"rendered":"\n<p>El pasado lunes 20 de abril a las 16 hs. mediante la aplicaci\u00f3n de videoconferencia Zoom, la <a rel=\"noreferrer noopener\" aria-label=\"Secretar\u00eda de Investigaci\u00f3n y Posgrado (abre en una nueva pesta\u00f1a)\" href=\"http:\/\/www.arte.unicen.edu.ar\/secretarias\/investigacion-posgrado\/\" target=\"_blank\">Secretar\u00eda de Investigaci\u00f3n y Posgrado<\/a> y la <a rel=\"noreferrer noopener\" href=\"http:\/\/www.arte.unicen.edu.ar\/secretarias\/academica\/\" target=\"_blank\">Secretar\u00eda Acad\u00e9mica<\/a> de la <a rel=\"noreferrer noopener\" aria-label=\"Facultad de Arte (abre en una nueva pesta\u00f1a)\" href=\"http:\/\/www.arte.unicen.edu.ar\" target=\"_blank\">Facultad de Arte<\/a> inauguraron un nuevo ciclo de di\u00e1logos denominado <strong>Yo no quiero volverme tan locx. Enfrentando el aislamiento con arte, cultura y educaci\u00f3n<\/strong>. Este espacio de intercambio es otra de las iniciativas que desde nuestra Unidad Acad\u00e9mica se est\u00e1n llevando a cabo en plena cuarentena por la pandemia COVID-19 con el objetivo de generar una continuidad en el acompa\u00f1amiento virtual de la comunidad educativa y el p\u00fablico en general. La primera edici\u00f3n cont\u00f3 con la participaci\u00f3n de la investigadora, docente, escritora y curadora feminista <strong>Kekena Corval\u00e1n<\/strong> quien abord\u00f3 las <em>Pr\u00e1cticas art\u00edsticas, pr\u00e1cticas politicas y comunidades. Arte y transformaci\u00f3n social<\/em>. El encuentro se articul\u00f3 desde la <a rel=\"noreferrer noopener\" aria-label=\"Diplomatura Universitaria en Arte para la Transformaci\u00f3n Social (abre en una nueva pesta\u00f1a)\" href=\"http:\/\/www.arte.unicen.edu.ar\/diplomatura-en-arte-para-la-transformacion-social\/\" target=\"_blank\">Diplomatura Universitaria en Arte para la Transformaci\u00f3n Social<\/a> y fue presentado por la <strong>R.I. Claudia C. Speranza<\/strong>.<\/p>\n\n\n\n<p>Las palabras de bienvenida estuvieron a cargo del <strong>Dr. Javier Campo<\/strong>, Secretario de Investigaci\u00f3n y Posgrado (<a rel=\"noreferrer noopener\" aria-label=\"FA (abre en una nueva pesta\u00f1a)\" href=\"http:\/\/www.arte.unicen.edu.ar\" target=\"_blank\">FA<\/a>, <a rel=\"noreferrer noopener\" aria-label=\"UNICEN (abre en una nueva pesta\u00f1a)\" href=\"http:\/\/www.unicen.edu.ar\" target=\"_blank\">UNICEN<\/a>), que plante\u00f3 la estrecha relaci\u00f3n del ciclo con las diferentes propuestas que componen la oferta acad\u00e9mica de la <a rel=\"noreferrer noopener\" aria-label=\"Facultad de Arte (abre en una nueva pesta\u00f1a)\" href=\"http:\/\/www.arte.unicen.edu.ar\" target=\"_blank\">Facultad de Arte<\/a>. Seguidamente el <strong>Mg. Jorge Tripiana<\/strong>, Coordinador de la <a rel=\"noreferrer noopener\" href=\"http:\/\/www.arte.unicen.edu.ar\/diplomatura-en-arte-para-la-transformacion-social\/\" target=\"_blank\">Diplomatura Universitaria en Arte para la Transformaci\u00f3n Social<\/a>, destac\u00f3 la iniciativa, la respuesta de lxs participantes conectados en videoconferencia y profundiz\u00f3 acerca del trayecto de Formaci\u00f3n Continua que coordina. Al respecto coment\u00f3 que era una necesidad contar con espacios de reflexi\u00f3n y sistematizaci\u00f3n de las experiencias art\u00edsticas y la construcci\u00f3n de subjetividades, realizadas y producidas en organizaciones sociales y espacios culturales. Adem\u00e1s invit\u00f3 a pensar en lo que viene, afirmando que los encuentros ser\u00e1n disparadores de <em>&#8220;algunas l\u00edneas para prefigurar un mundo diferente&#8230; si hay algo de lo que estamos convencidos es que resulta necesario transformar socialmente lo que existe y desde lo art\u00edstico hay muchas cosas para decir y desarrollar&#8221;<\/em>.<\/p>\n\n\n\n<p>Minutos despu\u00e9s, la Secretaria Acad\u00e9mica (<a rel=\"noreferrer noopener\" href=\"http:\/\/www.arte.unicen.edu.ar\/\" target=\"_blank\">FA<\/a>, <a rel=\"noreferrer noopener\" href=\"http:\/\/www.unicen.edu.ar\/\" target=\"_blank\">UNICEN<\/a>) <strong>Prof. Marisa Rodr\u00edguez<\/strong> subray\u00f3 la importancia del acompa\u00f1amiento mediante tareas que nos siguen convocando para pensar en la intervenci\u00f3n, el deseo y la construcci\u00f3n colectiva a las que aludi\u00f3 como <em>&#8220;peque\u00f1as pr\u00e1cticas de colectivizaci\u00f3n de nuestras identidades y del pensamiento que podemos producir entre todos y todas&#8221;<\/em>. En este sentido, hizo extensivo su agradecimiento hacia <strong>Kekena Corval\u00e1n<\/strong> por la intervenci\u00f3n en la apertura de este nuevo espacio de di\u00e1logo.<\/p>\n\n\n\n<p>Por \u00faltimo, la realizadora audiovisual, docente de la carrera de <a rel=\"noreferrer noopener\" aria-label=\"Realizaci\u00f3n Integral en Artes Audiovisuales (abre en una nueva pesta\u00f1a)\" href=\"http:\/\/www.arte.unicen.edu.ar\/carreras\/grado\/riaa\/perfil-del-egresado_\/\" target=\"_blank\">Realizaci\u00f3n Integral en Artes Audiovisuales<\/a> y de la <a rel=\"noreferrer noopener\" href=\"http:\/\/www.arte.unicen.edu.ar\/diplomatura-en-arte-para-la-transformacion-social\/\" target=\"_blank\">Diplomatura Universitaria en Arte para la Transformaci\u00f3n Social<\/a> <strong>R.I. Claudia C. Speranza<\/strong> refiri\u00f3 a la construcci\u00f3n de v\u00ednculos y el tejido de redes solidarias en un mundo que ya no es el que conoc\u00edamos y plante\u00f3 la <em>&#8220;enorme tarea y la responsabilidad afectiva que nos queda por delante con nuestros territorios&#8221;,<\/em> construcci\u00f3n a la que defini\u00f3 como gradual y colectiva. Luego expuso la amplia formaci\u00f3n como profesora y curadora de <strong>Kekena Corval\u00e1n<\/strong> y puntualiz\u00f3 en su rol activo como promotora de las <em>Cuarencharlas<\/em>. Adem\u00e1s, agreg\u00f3 que <em>&#8220;tiene dos muestras montadas&#8221;<\/em>, entre las que destac\u00f3 <em>Para todes tode<\/em> en el <a rel=\"noreferrer noopener\" aria-label=\"Centro Cultural Kirchner (abre en una nueva pesta\u00f1a)\" href=\"http:\/\/www.cck.gob.ar\" target=\"_blank\">Centro Cultural Kirchner<\/a>.<\/p>\n\n\n\n<p><strong>Kekena Corval\u00e1n<\/strong> manifest\u00f3 la necesidad de tomar la pandemia como una oportunidad para aprender de lo viral y que puso en crisis la idea de autonom\u00eda. <em>&#8220;Estar en el territorio es disputar la posibilidad de enunciaci\u00f3n&#8221;<\/em> fue una de las tantas ideas que desarroll\u00f3 durante la charla. Compartimos el registro completo del encuentro que ya se encuentra a disposici\u00f3n en el <a rel=\"noreferrer noopener\" aria-label=\"canal de YouTube (abre en una nueva pesta\u00f1a)\" href=\"https:\/\/www.youtube.com\/channel\/UCOBrOTwPT5GiKHYXACcgyLQ\" target=\"_blank\">canal de YouTube<\/a> de la <a rel=\"noreferrer noopener\" aria-label=\"Facultad de Arte (abre en una nueva pesta\u00f1a)\" href=\"http:\/\/www.arte.unicen.edu.ar\" target=\"_blank\">Facultad de Arte<\/a>:<\/p>\n\n\n\n<div style=\"margin: 30px auto; width: 100%; text-align: center;\"><iframe loading=\"lazy\" width=\"700\" height=\"394\" src=\"https:\/\/www.youtube.com\/embed\/prew3_5emHc\" frameborder=\"0\" allow=\"accelerometer; autoplay; encrypted-media; gyroscope; picture-in-picture\" allowfullscreen=\"\"><\/iframe><\/div>\n\n\n\n<p>Este <strong>viernes 24 de abril<\/strong> a las <strong>16 hs.<\/strong> la <strong>Dra. Ana Silva<\/strong> (<a rel=\"noreferrer noopener\" href=\"http:\/\/www.arte.unicen.edu.ar\/\" target=\"_blank\">FA<\/a>, <a rel=\"noreferrer noopener\" href=\"http:\/\/www.unicen.edu.ar\/\" target=\"_blank\">UNICEN<\/a>) presentar\u00e1 a <strong>Mar\u00eda Stegmayer<\/strong>\u00a0en la segunda edici\u00f3n de <strong>Yo no quiero volverme tan locx<\/strong>. La charla abordar\u00e1\u00a0<em>La sinton\u00eda del rencor: est\u00e9tica y pol\u00edtica de los afectos bajo el neoliberalismo contempor\u00e1neo<\/em>.<\/p>\n","protected":false},"excerpt":{"rendered":"<p>El pasado lunes 20 de abril a las 16 hs. mediante la aplicaci\u00f3n de videoconferencia Zoom, la Secretar\u00eda de Investigaci\u00f3n y Posgrado y la Secretar\u00eda Acad\u00e9mica de la Facultad de Arte inauguraron un nuevo ciclo de di\u00e1logos denominado Yo no quiero volverme tan locx. Enfrentando el aislamiento con arte, cultura y educaci\u00f3n. Este espacio de intercambio es otra de las [&hellip;]<\/p>\n","protected":false},"author":1,"featured_media":12584,"comment_status":"open","ping_status":"open","sticky":false,"template":"","format":"standard","meta":{"_acf_changed":false,"footnotes":""},"categories":[1],"tags":[215,2502,288,294,2503],"class_list":["post-12526","post","type-post","status-publish","format-standard","has-post-thumbnail","hentry","category-novedades","tag-facultad-de-arte","tag-secretaria-academica","tag-secretaria-de-investigacion-y-posgrado","tag-unicen","tag-yo-no-quiero-volverme-tan-locx"],"acf":[],"_links":{"self":[{"href":"https:\/\/www.arte.unicen.edu.ar\/cdab\/wp-json\/wp\/v2\/posts\/12526","targetHints":{"allow":["GET"]}}],"collection":[{"href":"https:\/\/www.arte.unicen.edu.ar\/cdab\/wp-json\/wp\/v2\/posts"}],"about":[{"href":"https:\/\/www.arte.unicen.edu.ar\/cdab\/wp-json\/wp\/v2\/types\/post"}],"author":[{"embeddable":true,"href":"https:\/\/www.arte.unicen.edu.ar\/cdab\/wp-json\/wp\/v2\/users\/1"}],"replies":[{"embeddable":true,"href":"https:\/\/www.arte.unicen.edu.ar\/cdab\/wp-json\/wp\/v2\/comments?post=12526"}],"version-history":[{"count":2,"href":"https:\/\/www.arte.unicen.edu.ar\/cdab\/wp-json\/wp\/v2\/posts\/12526\/revisions"}],"predecessor-version":[{"id":17032,"href":"https:\/\/www.arte.unicen.edu.ar\/cdab\/wp-json\/wp\/v2\/posts\/12526\/revisions\/17032"}],"wp:featuredmedia":[{"embeddable":true,"href":"https:\/\/www.arte.unicen.edu.ar\/cdab\/wp-json\/wp\/v2\/media\/12584"}],"wp:attachment":[{"href":"https:\/\/www.arte.unicen.edu.ar\/cdab\/wp-json\/wp\/v2\/media?parent=12526"}],"wp:term":[{"taxonomy":"category","embeddable":true,"href":"https:\/\/www.arte.unicen.edu.ar\/cdab\/wp-json\/wp\/v2\/categories?post=12526"},{"taxonomy":"post_tag","embeddable":true,"href":"https:\/\/www.arte.unicen.edu.ar\/cdab\/wp-json\/wp\/v2\/tags?post=12526"}],"curies":[{"name":"wp","href":"https:\/\/api.w.org\/{rel}","templated":true}]}}