{"id":12089,"date":"2020-04-13T10:58:07","date_gmt":"2020-04-13T13:58:07","guid":{"rendered":"http:\/\/www.arte.unicen.edu.ar\/cdab\/?p=12089"},"modified":"2021-02-09T12:04:26","modified_gmt":"2021-02-09T15:04:26","slug":"accede-a-unicen-facultad-de-arte-cdab-sin-consumir-datos","status":"publish","type":"post","link":"https:\/\/www.arte.unicen.edu.ar\/cdab\/accede-a-unicen-facultad-de-arte-cdab-sin-consumir-datos\/","title":{"rendered":"Acced\u00e9 al sitio web de UNICEN, Facultad de Arte y CDAB desde tu celular sin consumir datos m\u00f3viles"},"content":{"rendered":"\n<p>El <a rel=\"noreferrer noopener\" aria-label=\"Ministerio de Educaci\u00f3n de la Naci\u00f3n (abre en una nueva pesta\u00f1a)\" href=\"https:\/\/www.argentina.gob.ar\/educacion\" target=\"_blank\">Ministerio de Educaci\u00f3n de la Naci\u00f3n<\/a>, el <a rel=\"noreferrer noopener\" aria-label=\"Ente Nacional de Comunicaciones (ENACOM) (abre en una nueva pesta\u00f1a)\" href=\"https:\/\/www.enacom.gob.ar\" target=\"_blank\">Ente Nacional de Comunicaciones (ENACOM)<\/a> y el <a rel=\"noreferrer noopener\" aria-label=\"Consejo Interuniversitario Nacional (CIN) (abre en una nueva pesta\u00f1a)\" href=\"https:\/\/www.cin.edu.ar\" target=\"_blank\">Consejo Interuniversitario Nacional (CIN)<\/a> celebraron un acuerdo con Personal, Claro y Movistar, las principales empresas prestadoras de servicios de telefon\u00eda m\u00f3vil e Internet en el pa\u00eds, mediante el que <strong>liberan el consumo de datos m\u00f3viles en el acceso a todos los sitios web bajo el dominio .edu.ar<\/strong><\/p>\n\n\n\n<p>De este manera, a partir del d\u00eda de la fecha, <strong>el ingreso a las plataformas educativas de las 57 universidades nacionales no impactar\u00e1 en los datos m\u00f3viles permitiendo que lxs estudiantes, investigadorxs y docentes puedan acceder a dichos contenidos desde sus celulares de forma gratuita.<\/strong> Esta medida se suma a los esfuerzos que desde cada Unidad Acad\u00e9mica se vienen realizando en pos de garantizar la continuidad educativa mediante el dictado de clases en modalidad virtual mientras se cumple el per\u00edodo de aislamiento social, preventivo y obligatorio dispuesto por el gobierno nacional para evitar la propagaci\u00f3n de la pandemia COVID-19.<\/p>\n\n\n\n<p>Tenemos un motivo m\u00e1s para seguir estando juntxs a la distancia. <strong>Pensando en arte, pensando en todxs.<\/strong><\/p>\n\n\n\n<a href=\"http:\/\/www.arte.unicen.edu.ar\/cdab\/wp-content\/uploads\/2020\/04\/contingencia-covid-datos.jpg\" data-fancybox=\"gallery\" data-caption=\"Acced\u00e9 al sitio web de UNICEN, Facultad de Arte y CDAB desde tu celular sin consumir datos m\u00f3viles\"><img loading=\"lazy\" decoding=\"async\" src=\"http:\/\/www.arte.unicen.edu.ar\/cdab\/wp-content\/uploads\/2020\/04\/contingencia-covid-datos-537x600.jpg\" alt=\"Acced\u00e9 al sitio web de la UNICEN, la Facultad de Arte y el CDAB desde tu celular sin consumir datos m\u00f3viles\" class=\"aligncenter size-medium wp-image-12103\" width=\"537\" height=\"600\" title=\"Acced\u00e9 al sitio web de la UNICEN, la Facultad de Arte y el CDAB desde tu celular sin consumir datos m\u00f3viles\" srcset=\"https:\/\/www.arte.unicen.edu.ar\/cdab\/wp-content\/uploads\/2020\/04\/contingencia-covid-datos-537x600.jpg 537w, https:\/\/www.arte.unicen.edu.ar\/cdab\/wp-content\/uploads\/2020\/04\/contingencia-covid-datos-768x859.jpg 768w, https:\/\/www.arte.unicen.edu.ar\/cdab\/wp-content\/uploads\/2020\/04\/contingencia-covid-datos-916x1024.jpg 916w, https:\/\/www.arte.unicen.edu.ar\/cdab\/wp-content\/uploads\/2020\/04\/contingencia-covid-datos-268x300.jpg 268w, https:\/\/www.arte.unicen.edu.ar\/cdab\/wp-content\/uploads\/2020\/04\/contingencia-covid-datos.jpg 1000w\" sizes=\"auto, (max-width: 537px) 100vw, 537px\" \/><\/a>\n\n\n\n<p>Para m\u00e1s informaci\u00f3n acerca de \u00e9sta y otras medidas adoptadas por la <a rel=\"noreferrer noopener\" href=\"http:\/\/www.arte.unicen.edu.ar\/\" target=\"_blank\">Facultad de Arte<\/a> ingresar a <a rel=\"noreferrer noopener\" href=\"http:\/\/www.arte.unicen.edu.ar\/medidas-de-prevencion\/\" target=\"_blank\">www.arte.unicen.edu.ar\/medidas-de-prevencion<\/a><\/p>\n","protected":false},"excerpt":{"rendered":"<p>El Ministerio de Educaci\u00f3n de la Naci\u00f3n, el Ente Nacional de Comunicaciones (ENACOM) y el Consejo Interuniversitario Nacional (CIN) celebraron un acuerdo con Personal, Claro y Movistar, las principales empresas prestadoras de servicios de telefon\u00eda m\u00f3vil e Internet en el pa\u00eds, mediante el que liberan el consumo de datos m\u00f3viles en el acceso a todos los sitios web bajo el [&hellip;]<\/p>\n","protected":false},"author":1,"featured_media":12090,"comment_status":"closed","ping_status":"closed","sticky":false,"template":"","format":"standard","meta":{"_acf_changed":false,"footnotes":""},"categories":[1],"tags":[214,215,294],"class_list":["post-12089","post","type-post","status-publish","format-standard","has-post-thumbnail","hentry","category-novedades","tag-cdab","tag-facultad-de-arte","tag-unicen"],"acf":[],"_links":{"self":[{"href":"https:\/\/www.arte.unicen.edu.ar\/cdab\/wp-json\/wp\/v2\/posts\/12089","targetHints":{"allow":["GET"]}}],"collection":[{"href":"https:\/\/www.arte.unicen.edu.ar\/cdab\/wp-json\/wp\/v2\/posts"}],"about":[{"href":"https:\/\/www.arte.unicen.edu.ar\/cdab\/wp-json\/wp\/v2\/types\/post"}],"author":[{"embeddable":true,"href":"https:\/\/www.arte.unicen.edu.ar\/cdab\/wp-json\/wp\/v2\/users\/1"}],"replies":[{"embeddable":true,"href":"https:\/\/www.arte.unicen.edu.ar\/cdab\/wp-json\/wp\/v2\/comments?post=12089"}],"version-history":[{"count":2,"href":"https:\/\/www.arte.unicen.edu.ar\/cdab\/wp-json\/wp\/v2\/posts\/12089\/revisions"}],"predecessor-version":[{"id":17030,"href":"https:\/\/www.arte.unicen.edu.ar\/cdab\/wp-json\/wp\/v2\/posts\/12089\/revisions\/17030"}],"wp:featuredmedia":[{"embeddable":true,"href":"https:\/\/www.arte.unicen.edu.ar\/cdab\/wp-json\/wp\/v2\/media\/12090"}],"wp:attachment":[{"href":"https:\/\/www.arte.unicen.edu.ar\/cdab\/wp-json\/wp\/v2\/media?parent=12089"}],"wp:term":[{"taxonomy":"category","embeddable":true,"href":"https:\/\/www.arte.unicen.edu.ar\/cdab\/wp-json\/wp\/v2\/categories?post=12089"},{"taxonomy":"post_tag","embeddable":true,"href":"https:\/\/www.arte.unicen.edu.ar\/cdab\/wp-json\/wp\/v2\/tags?post=12089"}],"curies":[{"name":"wp","href":"https:\/\/api.w.org\/{rel}","templated":true}]}}