{"id":12007,"date":"2020-04-15T14:40:19","date_gmt":"2020-04-15T17:40:19","guid":{"rendered":"http:\/\/www.arte.unicen.edu.ar\/cdab\/?p=12007"},"modified":"2020-05-28T16:45:26","modified_gmt":"2020-05-28T19:45:26","slug":"cuidado-social-vinculo-virtual-7","status":"publish","type":"post","link":"https:\/\/www.arte.unicen.edu.ar\/cdab\/cuidado-social-vinculo-virtual-7\/","title":{"rendered":"Cuidado social. V\u00ednculo virtual #7"},"content":{"rendered":"\n<p class=\"cdab-text-covid19\"><strong>Cuidado social. V\u00ednculo virtual<\/strong> es una iniciativa de la <em>Secretar\u00eda de Investigaci\u00f3n y Posgrado<\/em> de la <a href=\"http:\/\/www.arte.unicen.edu.ar\" target=\"_blank\" rel=\"noopener noreferrer\">Facultad de Arte<\/a>. En este bolet\u00edn de recomendaciones se presentar\u00e1n libros, revistas acad\u00e9micas, archivos y bibliotecas digitales abiertas, contenidos audiovisuales y links de inter\u00e9s para fomentar el intercambio entre todos los integrantes de la comunidad educativa. De esta forma seguiremos form\u00e1ndonos y reflexionando sobre el arte sin dejar de cuidarnos entre todos ante la pandemia COVID-19.<\/p>\n\n<div class=\"cdab-especial-covid19-card\"><div class=\"cdab-especial-covid19-card-icon infoanuncio\"><i class=\"fa fa-bullhorn\" aria-hidden=\"true\" style=\"margin-left: 3px;\"><\/i><\/div><div class=\"cdab-especial-covid19-card-title infoanuncio\">INFORMACI\u00d3N<\/div><h3>Comunicado del CIN: Las universidades argentinas frente a la pandemia del COVID-19<\/h3><p>El sistema universitario argentino tiene una extensa presencia territorial y se caracteriza por su heterogeneidad institucional.<\/p>\n<p>Cada universidad tiene un rol espec\u00edfico en su territorio seg\u00fan su propia realidad y en el marco de la autonom\u00eda. Esto es lo que le permite a cada una de ellas tomar las decisiones que su comunidad, sus docentes, sus nodocentes y sus estudiantes eval\u00faen pertinentes.<\/p>\n<p>En este sentido, las universidades han tomado un rol proactivo en articulaci\u00f3n con el Ministerio de Salud, el Ministerio de Educaci\u00f3n, el Ministerio de Ciencia, Tecnolog\u00eda e Innovaci\u00f3n y los ministerios provinciales, as\u00ed como, tambi\u00e9n, con los gobiernos locales, mediante el desarrollo de distintas acciones como part\u00edcipes indispensables de las pol\u00edticas p\u00fablicas que, hasta aqu\u00ed, se han definido en los diferentes \u00e1mbitos.<\/p><p>En ese marco, cada universidad contribuye con la generaci\u00f3n y transferencia de conocimiento para el desarrollo de elementos de diagn\u00f3stico, preventivos y paliativos, como test, m\u00e1scaras y protectores faciales, la producci\u00f3n de alcoholes desinfectantes, de respiradores, de tecnolog\u00edas de acompa\u00f1amiento y monitoreo, la puesta en funcionamiento en hospitales universitarios de salas de atenci\u00f3n e internaci\u00f3n, la evaluaci\u00f3n del impacto social de la pandemia, etc. Otras instituciones afectan sus laboratorios para el testeo PCR, la disponibilidad de veh\u00edculos oficiales, sus edificios para futuras internaciones o aislaciones o para la distribuci\u00f3n de ayuda social, sus capacidades tecnol\u00f3gicas para las comunicaciones y campa\u00f1as informativas, entre otros ejemplos.<\/p><div class=\"container-newsbutton\">\n<a class=\"cdab-newsbuttonlink\" href=\"https:\/\/www.cin.edu.ar\/las-universidades-argentinas-frente-a-la-pandemia-del-covid-19\" target=\"_blank\" rel=\"noopener noreferrer\"><div class=\"cdab-web-newsbutton\">LEER COMUNICADO COMPLETO EN CIN<\/div><\/a>\n<\/div><div align=\"center\"><iframe loading=\"lazy\" width=\"560\" height=\"315\" src=\"https:\/\/www.youtube.com\/embed\/m-qrjxr_iCc\" frameborder=\"0\" allow=\"accelerometer; autoplay; encrypted-media; gyroscope; picture-in-picture\" allowfullscreen=\"\"><\/iframe><\/div><\/div>\n<div class=\"cdab-especial-covid19-card\"><div class=\"cdab-especial-covid19-card-icon libros\"><i class=\"fa fa-book\" aria-hidden=\"true\" style=\"margin-left: 3px;\"><\/i><\/div><div class=\"cdab-especial-covid19-card-title libros\">LIBROS<\/div><p><img decoding=\"async\" class=\"cdab-tapa-instidentpoet-index publicacion-tapa\" title=\"Modo mata moda. Arte, cuerpo y (micro)pol\u00edtica en los 80\" src=\"http:\/\/www.arte.unicen.edu.ar\/cdab\/wp-content\/uploads\/2020\/04\/modomatamoda-tapa.jpg\" alt=\"Modo mata moda. Arte, cuerpo y (micro)pol\u00edtica en los 80\" style=\"width: 220px; height: 302px; float: right; border: 10px solid #fff; box-shadow: 0 0 5px rgba(0, 0, 0, 0.1); -webkit-box-shadow: 0 0 5px rgba(0, 0, 0, 0.1); -moz-box-shadow: 0 0 5px rgba(0, 0, 0, 0.1); display: block; margin: 0px 0px 22px 22px;\"\/><\/p><h3>Modo mata moda. Arte, cuerpo y (micro)pol\u00edtica en los 80<\/h3><p><strong>Daniela Lucena, Gisela Laboureau (comps.)<br \/>2016. 290 p\u00e1ginas. 21 x 15 cm. EDULP<\/strong><\/p><p>El collage en vivo, el color, el papel picado, los pelos rabiosos, los trajes cirujeados, las pr\u00f3tesis y el maquillaje componen la imagen relampagueante del underground porte\u00f1o de 1980, un margen que resguard\u00f3, en lo dionis\u00edaco de la fiesta, la posibilidad de crear formas alternativas al poder vigente. Daniela Lucena y Gisela Laboureau componen un encuentro &#8220;a viva voz&#8221; con estas experiencias. Al o\u00edrlas, nos encontramos con la rebeld\u00eda como testimonio de aquellos a\u00f1os, y tambi\u00e9n con el deseo de un espacio que alberg\u00f3 cuerpos in\u00e9ditos, construidos entre el engrudo y el glamour, entre la estudiantina y el mamarracho, entre la experimentaci\u00f3n sexual y los restos de nuestras periferias sudamericanas. Modo mata moda es la frase con la que Daniel Melero sintetiz\u00f3, en una de las entrevistas aqu\u00ed reunidas, la singular\u00edsima v\u00eda que encontraron los miembros de esa comunidad para hacer arte con la vida, con las vidas precarias, incipientes e irradiantes, de aquellos a\u00f1os.<\/p>\n<div class=\"container-newsbutton\">\n<a class=\"cdab-newsbuttonlink\" href=\"http:\/\/sedici.unlp.edu.ar\/bitstream\/handle\/10915\/63246\/Documento_completo__.pdf-PDFA.pdf?sequence=1&#038;isAllowed=y\" target=\"_blank\" rel=\"noopener noreferrer\"><div class=\"cdab-pdf-newsbutton\">DESCARGAR E-BOOK<\/div><\/a>\n<\/div><hr style=\"margin-bottom: 25px;\"\/>\n<p><img decoding=\"async\" class=\"cdab-tapa-instidentpoet-index publicacion-tapa\" title=\"La radicalidad de la imagen. Des-bordando latitudes latinoamericanas\" src=\"http:\/\/www.arte.unicen.edu.ar\/cdab\/wp-content\/uploads\/2020\/04\/radicalidad-imagen-tapa.jpg\" alt=\"La radicalidad de la imagen. Des-bordando latitudes latinoamericanas\" style=\"width: 220px; height: 302px; float: right; border: 10px solid #fff; box-shadow: 0 0 5px rgba(0, 0, 0, 0.1); -webkit-box-shadow: 0 0 5px rgba(0, 0, 0, 0.1); -moz-box-shadow: 0 0 5px rgba(0, 0, 0, 0.1); display: block; margin: 0px 0px 22px 22px;\"\/><\/p><h3>La radicalidad de la imagen. Des-bordando latitudes latinoamericanas<\/h3><p><strong>Florencia Incarbone, Sebastian Wiedemann (eds.)<br \/>2016. 81 p\u00e1ginas. Hambrecine<\/strong><\/p><p>Los escritos que aqu\u00ed reunimos se proponen hacer resonar y continuar por otros medios el desbordamiento afirmativo que la radicalidad de la imagen, como f\u00f3rmula constituyente de un cine singular, compone no solo, pero sobre todo en las latitudes amerindias. As\u00ed, des-bordando latitudes latinoamericanas, es el fr\u00e1gil modo en el que realizamos este ejercicio editorial, donde insistimos en lo singular sin reponer lo identitario. Cuando la fuerza de lo audiovisual se desborda, transform\u00e1ndose siempre en resto de resto, solo nos queda inventar modos tangenciales, sinuosos y delicados de bordear la materia-cine siempre evanescente. Esta materia, como la fuerza del r\u00edo abre nuevos caudales, donde qui\u00e9n est\u00e1 abierto a delirar puede hacer de la percepci\u00f3n una Pororoca. Es decir, un encuentro entre aguas, un encuentro de fuerzas. Pororoca, de la lengua tup\u00ed-guaran\u00ed \u2013poror\u00f3-k\u00e1\u2013 quiere decir &#8220;gran estruendo&#8221;, lo que escuchamos cuando por decenas de kil\u00f3metros el r\u00edo Amazonas se encuentra con el oc\u00e9ano Atl\u00e1ntico. El centelleo de esos peque\u00f1os grandes estruendos es lo que deseamos reunir en esta primera publicaci\u00f3n de Hambre.<\/p>\n<div class=\"container-newsbutton\">\n<a class=\"cdab-newsbuttonlink\" href=\"https:\/\/hambrecine.files.wordpress.com\/2016\/12\/hambre_radicalidad_de_la_imagen_2016.pdf\" target=\"_blank\" rel=\"noopener noreferrer\"><div class=\"cdab-pdf-newsbutton\">DESCARGAR E-BOOK<\/div><\/a>\n<\/div>\n<\/div>\n<div class=\"cdab-especial-covid19-card\"><div class=\"cdab-especial-covid19-card-icon revistas\"><i class=\"fa fa-file-text-o\" aria-hidden=\"true\" style=\"margin-left: 3px;\"><\/i><\/div><div class=\"cdab-especial-covid19-card-title revistas\">REVISTAS ACAD\u00c9MICAS<\/div><p><img decoding=\"async\" class=\"cdab-tapa-instidentpoet-index publicacion-tapa\" title=\"Imagofagia\" src=\"http:\/\/www.arte.unicen.edu.ar\/cdab\/wp-content\/uploads\/2020\/04\/imagofagia-tapa.jpg\" alt=\"Imagofagia\" style=\"width: 302px; height: 220px; float: right; border: 10px solid #fff; box-shadow: 0 0 5px rgba(0, 0, 0, 0.1); -webkit-box-shadow: 0 0 5px rgba(0, 0, 0, 0.1); -moz-box-shadow: 0 0 5px rgba(0, 0, 0, 0.1); display: block; margin: 0px 0px 22px 22px;\"\/><\/p><h3>Imagofagia<\/h3><p><strong><u>Editor responsable:<\/u> Asociaci\u00f3n Argentina de Estudios de Cine y Audiovisual (ASAECA)<\/strong><br \/><strong><u>Directora:<\/u> Cynthia Margarita Tompkins (Arizona State University -ASU-, Estados Unidos)<\/strong><\/p><p><a href=\"http:\/\/www.asaeca.org\/imagofagia\/index.php\/imagofagia\" target=\"_blank\" rel=\"noopener noreferrer\">Imagofagia<\/a> fue fundada en 2009 por la <a href=\"http:\/\/www.asaeca.org\" target=\"_blank\" rel=\"noopener noreferrer\">Asociaci\u00f3n Argentina de Estudios de Cine y Audiovisual (AsAECA)<\/a>. Su primera directora fue Ana Laura Lusnich (n\u00fameros 1 al 6). Desde el s\u00e9ptimo n\u00famero la revista cuenta con una nueva supervisi\u00f3n, con direcci\u00f3n de Cynthia Tompkins, codirecci\u00f3n de Andrea Cuarterolo y Romina Smiraglia, y la labor sostenida del comit\u00e9 editorial. A partir del decimoquinto n\u00famero Natalia Christofoletti Barrenha reemplaz\u00f3 a Andrea en la codirecci\u00f3n.<\/p>\n<p>En t\u00e9rminos de contenido los art\u00edculos, evaluados por pares, se distribuyen entre las secciones inaugurales <em>Presentes<\/em>, <em>Pasados<\/em> y <em>Teor\u00edas<\/em>. Las <em>Entrevistas<\/em> y <em>Cr\u00edticas<\/em> brindan la oportunidad de tomarle el pulso a la industria y a sus creadores. Tambi\u00e9n publicamos <em>Traducciones<\/em> de textos relevantes y <em>Rese\u00f1as<\/em> de obras bibliogr\u00e1ficas sobre cine y audiovisual. Adem\u00e1s, la revista incluye anualmente una serie de (cinco) art\u00edculos premiados en el <em>Concurso de Ensayos sobre Cine y Audiovisual &#8220;Domingo Di N\u00fabila&#8221;<\/em>, co-auspiciado por el <a href=\"https:\/\/www.mardelplatafilmfest.com\" target=\"_blank\" rel=\"noopener noreferrer\">Festival Internacional de Cine de Mar del Plata<\/a> y <a href=\"http:\/\/www.asaeca.org\" target=\"_blank\" rel=\"noopener noreferrer\">AsAECA<\/a>.<\/p>\n<div class=\"container-newsbutton\">\n<a class=\"cdab-newsbuttonlink\" href=\"http:\/\/www.asaeca.org\/imagofagia\/index.php\/imagofagia\" target=\"_blank\" rel=\"noopener noreferrer\"><div class=\"cdab-web-newsbutton\">ACCEDER A IMAGOFAGIA<\/div><\/a><\/div>\n<hr style=\"margin-bottom: 25px;\"\/>\n<p><img decoding=\"async\" class=\"cdab-tapa-instidentpoet-index publicacion-tapa\" title=\"AURA - N\u00famero especial: Cuestiones de dramaturgia\" src=\"http:\/\/www.arte.unicen.edu.ar\/cdab\/wp-content\/uploads\/2020\/04\/aura-dramaturgia-tapa.jpg\" alt=\"AURA - N\u00famero especial: Cuestiones de dramaturgia\" style=\"width: 220px; height: 302px; float: right; border: 10px solid #fff; box-shadow: 0 0 5px rgba(0, 0, 0, 0.1); -webkit-box-shadow: 0 0 5px rgba(0, 0, 0, 0.1); -moz-box-shadow: 0 0 5px rgba(0, 0, 0, 0.1); display: block; margin: 0px 0px 22px 22px;\"\/><\/p><h3>AURA &#8211; N\u00famero especial: &#8220;Cuestiones de dramaturgia&#8221;<\/h3><p><strong><u>Editores:<\/u> Dra. Ana Silva, Dr. Luciano Barandiar\u00e1n, RIAA Daniel Giacomelli, RIAA Claudia C. Speranza<br \/>\nDepartamento de Historia y Teor\u00eda del Arte \u2013 Arte Publicaciones<\/strong><\/p><p>Presentamos este n\u00famero especial de <a href=\"http:\/\/www.ojs.arte.unicen.edu.ar\/index.php\/aura\" target=\"_blank\" rel=\"noopener noreferrer\">Aura, Revista de Historia y Teor\u00eda del Arte<\/a>, publicaci\u00f3n acad\u00e9mica del Departamento de Historia y Teor\u00eda del Arte de la <a href=\"http:\/\/www.arte.unicen.edu.ar\" target=\"_blank\" rel=\"noopener noreferrer\">Facultad de Arte<\/a> de la <a href=\"http:\/\/www.unicen.edu.ar\" target=\"_blank\" rel=\"noopener noreferrer\">UNICEN<\/a>, compuesto por un dossier titulado <em>Asuntos de dramaturgia<\/em> cuyos editores invitados son Ricardo Dubatti (<a href=\"https:\/\/www.conicet.gov.ar\" target=\"_blank\" rel=\"noopener noreferrer\">CONICET<\/a> &#8211; <a href=\"http:\/\/www.uba.ar\" target=\"_blank\" rel=\"noopener noreferrer\">Universidad de Buenos Aires<\/a>, <a href=\"http:\/\/iae.institutos.filo.uba.ar\" target=\"_blank\" rel=\"noopener noreferrer\">Instituto de Artes del Espect\u00e1culo<\/a>) y Mariana Gardey (<a href=\"http:\/\/www.arte.unicen.edu.ar\" target=\"_blank\" rel=\"noopener noreferrer\">Facultad de Arte<\/a>, <a href=\"http:\/\/www.unicen.edu.ar\" target=\"_blank\" rel=\"noopener noreferrer\">UNICEN<\/a>).<\/p>\n<p><em>&#8220;El enfoque que presentamos busca realizar un aporte al est\u00edmulo de nuevos interrogantes. Para ello incluimos diferentes modos de pensar el acontecimiento teatral desde un punto de vista te\u00f3rico y cr\u00edtico. Simult\u00e1neamente, incorporamos la voz de los creadores. El teatro posee en su praxis matrices de pensamiento que \u2013ya sea de manera m\u00e1s o menos expl\u00edcita\u2013 implican formas particulares de hacer y comprender la actividad esc\u00e9nica en unas coordenadas particulares. Con esta intenci\u00f3n el lector podr\u00e1 leer a dramaturgos, directores, investigadores nacionales e internacionales, gestores y editores de libros y revistas dedicados a la dramaturgia. A trav\u00e9s de este volumen nos propusimos pensar la dramaturgia ya no como territorio cerrado o fijado, sino como zona de tensi\u00f3n donde es posible encontrar una multiplicidad de formas diferentes de concebir el acontecimiento teatral. Deseamos que estas diferentes miradas act\u00faen como est\u00edmulo para el desarrollo de nuevas producciones, preguntas y cuestionamientos. Pensar el teatro en la actualidad implica un acto de receptividad y atenci\u00f3n, aproximarse a los hechos en la escena como acontecimiento vivo, experimentar la escena en su\nconstante devenir.&#8221;<\/em> <strong>-Ricardo Dubatti<\/strong><\/p>\n<div class=\"container-newsbutton\">\n<a class=\"cdab-newsbuttonlink\" href=\"http:\/\/www.ojs.arte.unicen.edu.ar\/index.php\/aura\/issue\/view\/72\" target=\"_blank\" rel=\"noopener noreferrer\"><div class=\"cdab-web-newsbutton\">ACCEDER A AURA &#8211; N\u00daMERO ESPECIAL<\/div><\/a>\n<\/div><\/div>\n<div class=\"cdab-especial-covid19-card\"><div class=\"cdab-especial-covid19-card-icon teatro\"><i class=\"fa fa-comments-o\" aria-hidden=\"true\"><\/i><\/div><div class=\"cdab-especial-covid19-card-title teatro\">TEATRO<\/div><h3>El teatro en carne propia | Marcela Juarez en TEDxOlavarr\u00eda<\/h3><p>La importancia de los sentidos. \u00bfQue pasa cuando no tiene uno de ellos? Una nueva perspectiva se abre desde la ceguera, una nueva forma de ver y sentir el mundo. Llevado al teatro es una experiencia \u00fanica. Directora teatral, actriz, cocente e investigadora de la <a href=\"http:\/\/www.arte.unicen.edu.ar\" target=\"_blank\" rel=\"noopener noreferrer\">Facultad de Arte<\/a> de la <a href=\"http:\/\/www.unicen.edu.ar\" target=\"_blank\" rel=\"noopener noreferrer\">Universidad Nacional del Centro de la Provincia de Buenos Aires<\/a>. Co-Fundadora y directora del <a href=\"https:\/\/www.facebook.com\/clubdeteatrotandil\" target=\"_blank\" rel=\"noopener noreferrer\">Club de Teatro Tandil<\/a>. Creadora del espect\u00e1culo <em>Nada que ver (teatro oscuro)<\/em>.<\/p>\n<div align=\"center\" style=\"margin: 10px auto 15px;\"><iframe loading=\"lazy\" width=\"560\" height=\"315\" src=\"https:\/\/www.youtube.com\/embed\/eC_5whpZlYQ\" frameborder=\"0\" allow=\"accelerometer; autoplay; encrypted-media; gyroscope; picture-in-picture\" allowfullscreen><\/iframe><\/div>\n<hr style=\"margin-bottom: 25px;\"\/>\n<h3>Muestravestida<\/h3>\n<p><strong>Muestravestida<\/strong> es un espect\u00e1culo de creaci\u00f3n colectiva generado en la c\u00e1tedra <strong>Practica Integrada I<\/strong> de la carrera de <a href=\"http:\/\/www.arte.unicen.edu.ar\/carreras\/grado\/profesorado-de-teatro\/perfil-del-egresado_\" target=\"_blank\" rel=\"noopener noreferrer\">Profesorado de Teatro<\/a> que ofrece la <a href=\"http:\/\/www.arte.unicen.edu.ar\" target=\"_blank\" rel=\"noopener noreferrer\">Facultad de Arte<\/a>, con los docentes a cargo: Mauricio Kartun, Julia Lavatelli, Pedro Sanzano y Mary Bogio.<\/p>\n<p>El elenco est\u00e1 integrado por Clarisa Capdevila, Candela Rimoldi, Analuz Carrizo, Julieta Rabitti, Luciano Brizuela, Marcela Miguel, Daiana Carricat, Mariangela Morales, Marina Arias Vivarelli, Juan Pablo Rojas, Marisol Corrado, Guillermina Buckle, Kevin Garc\u00eda, Joaqu\u00edn Borches, Bel\u00e9n Tocino y Melina Trovato.<\/p>\n<p><em>Desde que el mundo es mundo vestirse es travestirse. Y la ropa nuestro medio para ser otro. Nunca nos vestimos, al fin y al cabo, de quienes somos, sino de quienes queremos ser. O de quienes los otros quieren, en realidad. La biblia acusa a la primera mujer del pecado que lo origina todo apu\u00f1al\u00e1ndonos  su condena:  Adan y Eva sin ropas, sus cuerpos desnudos, vestidos de gloria, se ven a s\u00ed mismos de pronto desvestidos, la verg\u00fcenza se vuelve castigo lacerante y para no padecerla se cubren con hojas, se ponen la ropa del otro, la de la ley y el orden. La ropa es nuestro primer castigo. Y nuestro primer transformismo:  Adan y Eva se travisten en pecadores. Comienza la saga. Sin la ilusi\u00f3n de cerrarla pero s\u00ed de pensar un poco en su absurdo hicimos <strong>Muestravestida<\/strong>.<\/em><\/p>\n<div align=\"center\" style=\"margin: 10px auto 15px;\"><iframe loading=\"lazy\" width=\"560\" height=\"315\" src=\"https:\/\/www.youtube.com\/embed\/X3WBksI5okA\" frameborder=\"0\" allow=\"accelerometer; autoplay; encrypted-media; gyroscope; picture-in-picture\" allowfullscreen><\/iframe><\/div>\n<\/div>\n<div class=\"cdab-especial-covid19-card\"><div class=\"cdab-especial-covid19-card-icon audiovisual\"><i class=\"fa fa-film\" aria-hidden=\"true\"><\/i><\/div><div class=\"cdab-especial-covid19-card-title audiovisual\">AUDIOVISUAL<\/div><h3>&#8220;Leguas&#8221; | Un cortometraje de Lucrecia Martel<\/h3><p><strong>Leguas<\/strong> es un cortometraje dirigido por Lucrecia Martel que forma parte del proyecto audiovisual <em>El aula vac\u00eda<\/em> producido por Gael Garc\u00eda Bernal, donde once directores retratan el impacto de la deserci\u00f3n escolar en Am\u00e9rica Latina a trav\u00e9s de un largometraje maravillosamente diverso y complejo. Viaja a siete pa\u00edses y explora las razones por las que casi la mitad de los estudiantes de secundaria nunca se grad\u00faa.<\/p>\n<p>Desde su refugio en Salta, Lucrecia Martel comparte su trabajo que se present\u00f3 en el <a href=\"https:\/\/www.facebook.com\/festivalcinerural\" target=\"_blank\" rel=\"noopener noreferrer\">Festival Regional de Cine Rural<\/a>.<\/p><div align=\"center\"><iframe loading=\"lazy\" src=\"https:\/\/player.vimeo.com\/video\/401926051\" width=\"640\" height=\"360\" frameborder=\"0\" allow=\"autoplay; fullscreen\" allowfullscreen><\/iframe><\/div>\n<hr style=\"margin-bottom: 25px;\"\/><h2>De nuestrxs estudiantes&#8230;<\/h2><p><a href=\"http:\/\/www.arte.unicen.edu.ar\/cdab\/wp-content\/uploads\/2020\/04\/ilumina-poster.jpg\" data-fancybox=\"gallery\" data-caption=\"Cuidado social. V\u00ednculo virtual #7\"><img decoding=\"async\" class=\"cdab-tapa-instidentpoet-index publicacion-tapa\" title=\"Ilumina\" src=\"http:\/\/www.arte.unicen.edu.ar\/cdab\/wp-content\/uploads\/2020\/04\/ilumina-poster-420x600.jpg\" alt=\"Ilumina\" style=\"width: 230px; height: 320px; float: right; border: 10px solid #fff; box-shadow: 0 0 5px rgba(0, 0, 0, 0.1); -webkit-box-shadow: 0 0 5px rgba(0, 0, 0, 0.1); -moz-box-shadow: 0 0 5px rgba(0, 0, 0, 0.1); display: block; margin: 0px 0px 22px 22px;\"\/><\/a><h3>Ilumina<\/h3><\/p>\n<p><strong><u>Dir:<\/u> Brenda Sales Forese<br \/>2018. Argentina. 8 min.<\/strong><\/p>\n<p>Juana es una chica que debe independizarse de su familia y comenzar su vida adulta. Aunque no se encuentra convencida de ello, tendr\u00e1 que animarse a madurar y liberarse. Trabajo final para la c\u00e1tedra <strong>Realizaci\u00f3n 1<\/strong> de la carrera <a href=\"http:\/\/www.arte.unicen.edu.ar\/carreras\/grado\/riaa\/perfil-del-egresado_\" target=\"_blank\" rel=\"noopener noreferrer\">Realizaci\u00f3n Integral en Artes Audiovisuales<\/a> a partir de un gui\u00f3n preexistente.<\/p><br \/>\n<div class=\"container-newsbutton\">\n<a data-fancybox class=\"cdab-newsbuttonlink\" href=\"https:\/\/www.youtube.com\/watch?v=9Zhn0hFzV1Q\" target=\"_blank\" rel=\"noopener noreferrer\"><div class=\"cdab-youtube-newsbutton\">VER &#8220;ILUMINA&#8221;<\/div><\/a>\n<\/div><br \/>\n<hr style=\"margin-bottom: 25px;\"\/>\n<p><a href=\"http:\/\/www.arte.unicen.edu.ar\/cdab\/wp-content\/uploads\/2020\/04\/alienacion-poster.png\" data-fancybox=\"gallery\" data-caption=\"Cuidado social. V\u00ednculo virtual #7\"><img decoding=\"async\" class=\"cdab-tapa-instidentpoet-index publicacion-tapa\" title=\"Alienaci\u00f3n\" src=\"http:\/\/www.arte.unicen.edu.ar\/cdab\/wp-content\/uploads\/2020\/04\/alienacion-poster-420x600.png\" alt=\"Alienaci\u00f3n\" style=\"width: 232px; height: 320px; float: right; border: 10px solid #fff; box-shadow: 0 0 5px rgba(0, 0, 0, 0.1); -webkit-box-shadow: 0 0 5px rgba(0, 0, 0, 0.1); -moz-box-shadow: 0 0 5px rgba(0, 0, 0, 0.1); display: block; margin: 0px 0px 22px 22px;\"\/><\/a><h3>Alienaci\u00f3n<\/h3><\/p>\n<p><strong><u>Dir:<\/u> Francisco Sprovieri<br \/>2018. Argentina. 4 min.<\/strong><\/p>\n<p>Un cortometraje que expone la alienaci\u00f3n que nos provocan los tel\u00e9fonos celulares y las nuevas tecnolog\u00edas, olvid\u00e1ndonos de todo aquello que sucede a nuestro alrededor. Trabajo pr\u00e1ctico para la c\u00e1tedra <strong>Iluminaci\u00f3n y c\u00e1mara 2<\/strong> de la carrera <a href=\"http:\/\/www.arte.unicen.edu.ar\/carreras\/grado\/riaa\/perfil-del-egresado_\" target=\"_blank\" rel=\"noopener noreferrer\">Realizaci\u00f3n Integral en Artes Audiovisuales<\/a>.<\/p><br \/>\n<div class=\"container-newsbutton\">\n<a data-fancybox class=\"cdab-newsbuttonlink\" href=\"https:\/\/www.youtube.com\/watch?v=CzSRehL-y64\" target=\"_blank\" rel=\"noopener noreferrer\"><div class=\"cdab-youtube-newsbutton\">VER &#8220;ALIENACI\u00d3N&#8221;<\/div><\/a>\n<\/div><br \/>\n<hr style=\"margin-bottom: 25px;\"\/>\n<p><a href=\"http:\/\/www.arte.unicen.edu.ar\/cdab\/wp-content\/uploads\/2020\/04\/amoranimal-poster.jpg\" data-fancybox=\"gallery\" data-caption=\"Cuidado social. V\u00ednculo virtual #7\"><img decoding=\"async\" class=\"cdab-tapa-instidentpoet-index publicacion-tapa\" title=\"Amor animal\" src=\"http:\/\/www.arte.unicen.edu.ar\/cdab\/wp-content\/uploads\/2020\/04\/amoranimal-poster-420x600.jpg\" alt=\"Amor animal\" style=\"width: 232px; height: 320px; float: right; border: 10px solid #fff; box-shadow: 0 0 5px rgba(0, 0, 0, 0.1); -webkit-box-shadow: 0 0 5px rgba(0, 0, 0, 0.1); -moz-box-shadow: 0 0 5px rgba(0, 0, 0, 0.1); display: block; margin: 0px 0px 22px 22px;\"\/><\/a><h3>Amor animal<\/h3><\/p>\n<p><strong><u>Dir:<\/u> Nicol\u00e1s Ezequiel Jacob<br \/>2018. Argentina. 9 min.<\/strong><\/p>\n<p>Un cortometraje que cuenta historias de animales y sus amores perdidos. Trabajo pr\u00e1ctico para la c\u00e1tedra <strong>Realizaci\u00f3n 4<\/strong> de la carrera <a href=\"http:\/\/www.arte.unicen.edu.ar\/carreras\/grado\/riaa\/perfil-del-egresado_\" target=\"_blank\" rel=\"noopener noreferrer\">Realizaci\u00f3n Integral en Artes Audiovisuales<\/a>.<\/p><br \/>\n<div class=\"container-newsbutton\">\n<a data-fancybox class=\"cdab-newsbuttonlink\" href=\"https:\/\/www.youtube.com\/watch?v=HSVa147HiQA\" target=\"_blank\" rel=\"noopener noreferrer\"><div class=\"cdab-youtube-newsbutton\">VER &#8220;AMOR ANIMAL&#8221;<\/div><\/a>\n<\/div><br \/><br \/><br \/>\n<\/div>\n<div class=\"cdab-especial-covid19-card\"><div class=\"cdab-especial-covid19-card-icon vinculaciontransferencia\"><i class=\"fa fa-handshake-o\" aria-hidden=\"true\"><\/i><\/div><div class=\"cdab-especial-covid19-card-title vinculaciontransferencia\">INNOVACI\u00d3N &#8211; VINCULACI\u00d3N Y TRANSFERENCIA<\/div><p><img loading=\"lazy\" decoding=\"async\" width=\"200\" height=\"200\" class=\"alignright size-full wp-image-4077\" style=\"border: 0px; border-radius: 200px;\" src=\"http:\/\/www.arte.unicen.edu.ar\/cdab\/wp-content\/uploads\/2020\/04\/miramuntref.png\" alt=\"#Mir\u00e1MUNTREF\" title=\"#Mir\u00e1MUNTREF\"\/><\/p><h3>#Mir\u00e1MUNTREF | Recorridos virtuales, muestras y visitas guiadas<\/h3><p>La propuesta del <a href=\"http:\/\/www.untref.edu.ar\/muntref\" target=\"_blank\" rel=\"noopener noreferrer\">Museo de la Universidad Nacional de Tres de Febrero<\/a> para compartir -descubrir, pensar, cuestionar y disfrutar- el arte moderno y el arte contempor\u00e1neo, argentino e internacional, en los d\u00edas donde es fundamental quedarnos en casa. Juntos, a la distancia, podemos seguir compartiendo cultura a trav\u00e9s de puentes de circulaci\u00f3n virtual. Porque <em>Arte para Todos<\/em> es el lema de MUNTREF, y hoy todos estamos aqu\u00ed: del otro lado de la pantalla.<\/p>\n<ul style=\"padding: 0px 50px;\">\n<li><a href=\"http:\/\/www.untref.edu.ar\/muntref\/recorridos\/ptlhdm\" target=\"_blank\" rel=\"noopener noreferrer\">Para todos los hombres del mundo<\/a>. Muestra permanente que reivindica el origen de nuestras ra\u00edces aut\u00f3ctonas y el aporte que los inmigrantes llegados de todas partes del mundo realizaron a nuestra cultura.<\/li>\n<li><a href=\"http:\/\/www.untref.edu.ar\/muntref\/recorridos\/italianos-espanoles\" target=\"_blank\" rel=\"noopener noreferrer\">Italianos y espa\u00f1oles en la Argentina<\/a>. Esta corriente inmigratoria marc\u00f3 definitivamente nuestras ra\u00edces y nuestra idiosincrasia.<\/li>\n<li><a href=\"http:\/\/www.untref.edu.ar\/muntref\/recorridos\/erlich-roig\/Erlich-Roig.html\" target=\"_blank\" rel=\"noopener noreferrer\">Bernard\u00ed Roig Buenos Aires y Leandro Erlich <em>Puerto de Memorias<\/em><\/a>. El artista espa\u00f1ol presenta m\u00e1s de 150 dibujos e intervenciones con grandes figuras en el antiguo Hotel de Inmigrantes; mientras que Erlich nos invita a transitar las pasarelas de un puerto con barcos amarrados en su muelle.<\/li>\n<li><a href=\"http:\/\/www.untref.edu.ar\/muntref\/recorridos\/goya\/Goya2.html\" target=\"_blank\" rel=\"noopener noreferrer\">Goya. El sue\u00f1o de un genio<\/a>. Esta muestra impactante reuni\u00f3 m\u00e1s de 140 piezas creadas por el maestro espa\u00f1ol a mediados del siglo XIX.<\/li>\n<li><a href=\"http:\/\/www.untref.edu.ar\/muntref\/recorridos\/braque2015\" target=\"_blank\" rel=\"noopener noreferrer\">Premio Braque 2015<\/a>. Segunda edici\u00f3n del premio que restableci\u00f3 la UNTREF junto a la Embajada de Francia y brinda proyecci\u00f3n internacional a los artistas j\u00f3venes de Argentina.<\/li>\n<li><a href=\"http:\/\/www.untref.edu.ar\/muntref\/recorridos\/braque2017\" target=\"_blank\" rel=\"noopener noreferrer\">Premio Braque 2017<\/a>. Tercera edici\u00f3n del Premio dedicado a descubrir j\u00f3venes talentos impulsado por la Universidad junto a la Embajada de Francia.<\/li>\n<li><a href=\"http:\/\/www.untref.edu.ar\/muntref\/recorridos\/braque-historico\" target=\"_blank\" rel=\"noopener noreferrer\">Premio Braque 1963-1997<\/a>. La historia del Premio a trav\u00e9s de las obras de cuarenta j\u00f3venes creadores que lograron la m\u00e1xima distinci\u00f3n y se convirtieron en grandes artistas.<\/li>\n<li><a href=\"http:\/\/www.untref.edu.ar\/muntref\/recorridos\/hogar-dulce-hogar-caseros\" target=\"_blank\" rel=\"noopener noreferrer\">Hogar, dulce hogar. H\u00e1bitos art\u00edsticos contempor\u00e1neos<\/a>. La muestra re\u00fane a 20 artistas argentinos que van de Xul Solar a Rom\u00e1n Vitali, pasando por Nicola Costantino, Diego Perrotta, Jorge Macchi y Miguel Harte, entre otros.<\/li>\n<li><a href=\"http:\/\/www.untref.edu.ar\/muntref\/recorridos\/vikmuniz\" target=\"_blank\" rel=\"noopener noreferrer\">Vik Muniz Buenos Aires<\/a>. La muestra re\u00fane 20 a\u00f1os de producci\u00f3n del artista brasile\u00f1o de proyecci\u00f3n internacional que realiza algunas de sus obras con materiales poco perecederos y de desechos.<\/li>\n<li><a href=\"http:\/\/www.untref.edu.ar\/muntref\/recorridos\/rebuffo\" target=\"_blank\" rel=\"noopener noreferrer\">V\u00edctor Rebuffo impresiones de un hombre moderno<\/a>. El trabajo del artista evoca la realidad del siglo XX marcada por hechos sociales, culturales y pol\u00edticos.<\/li>\n<li><a href=\"http:\/\/www.untref.edu.ar\/muntref\/recorridos\/enelpaisaje\" target=\"_blank\" rel=\"noopener noreferrer\">en el paisaje<\/a>. Re\u00fane obras de varios artistas argentinos modernos y contempor\u00e1neos en torno al tema del paisaje.<\/li>\n<li><a href=\"http:\/\/www.untref.edu.ar\/muntref\/recorridos\/migraciones\" target=\"_blank\" rel=\"noopener noreferrer\">Migraciones (en el) arte contempor\u00e1neo<\/a>. Fotograf\u00edas y videoinstalaciones de importantes artistas de Argentina, Francia, Ir\u00e1n, Italia, Paraguay, Rep\u00fablica Checa, Guatemala, Turqu\u00eda, Israel, Polonia, Brasil, Espa\u00f1a, Chile y Camer\u00fan.<\/li>\n<li><a href=\"http:\/\/www.untref.edu.ar\/muntref\/recorridos\/deira\" target=\"_blank\" rel=\"noopener noreferrer\">Deira. M\u00e1s all\u00e1 de la otra figuraci\u00f3n<\/a>. Una selecci\u00f3n de trabajos con distintas t\u00e9cnicas del artista argentino.<\/li>\n<li><a href=\"http:\/\/www.untref.edu.ar\/muntref\/recorridos\/sacco\" target=\"_blank\" rel=\"noopener noreferrer\">Graciela Sacco. Nada est\u00e1 donde se cree<\/a>. Primera muestra retrospectiva de la artista en Argentina.<\/li>\n<li><a href=\"http:\/\/www.untref.edu.ar\/muntref\/recorridos\/heinrich\" target=\"_blank\" rel=\"noopener noreferrer\">Annemarie Heinrich: estrategias de la mirada<\/a>. Recuperaci\u00f3n del archivo fotogr\u00e1fico y material in\u00e9dito de la fot\u00f3grafa.<\/li>\n<li><a href=\"http:\/\/www.untref.edu.ar\/muntref\/recorridos\/noe\" target=\"_blank\" rel=\"noopener noreferrer\">No\u00e9. Visiones \/ re-visiones<\/a>. Retrospectiva de Luis Felipe No\u00e9. El gran artista argentino protagonista destacado del arte y de la escena sociopol\u00edtica de nuestro pa\u00eds.<\/li>\n<li><a href=\"http:\/\/boltanskibsas.untref.edu.ar\/vtour\/Migrantes\" target=\"_blank\" rel=\"noopener noreferrer\">Boltanski Buenos Aires<\/a>, el gran proyecto que el consagrado artista franc\u00e9s desarroll\u00f3 junto a la Universidad. Su obra en el recuperado Hotel de los Inmigrantes y <a href=\"http:\/\/boltanskibsas.untref.edu.ar\/vtour\/Flying_books\" target=\"_blank\" rel=\"noopener noreferrer\">Flying books<\/a>, un recorrido por la instalaci\u00f3n que cre\u00f3 el artista en homenaje a Jorge Luis Borges.<\/li>\n<div align=\"center\"><a href=\"http:\/\/www.untref.edu.ar\/muntref\" target=\"_blank\" rel=\"noopener noreferrer\"><img decoding=\"async\" src=\"http:\/\/www.arte.unicen.edu.ar\/cdab\/wp-content\/uploads\/2020\/04\/banner-muntref.gif\" data-fancybox=\"gallery\" data-caption=\"Cuidado social. V\u00ednculo virtual #7\"\/><\/a><\/div>\n<\/ul><\/div>\n<div class=\"cdab-especial-covid19-card\"><div class=\"cdab-especial-covid19-card-icon posgrado\"><i class=\"fa fa-graduation-cap\" aria-hidden=\"true\" style=\"margin-left: 3px;\"><\/i><\/div><div class=\"cdab-especial-covid19-card-title posgrado\">INVESTIGACI\u00d3N Y POSGRADO<\/div><h3>\u00bfEn qu\u00e9 and\u00e1s? Di\u00e1logos sobre investigaci\u00f3n y posgrado | Tercera edici\u00f3n 2020<\/h3>\n<p>En medio de la coyuntura particular que estamos atravesando a ra\u00edz del COVID-19 y el proceso de cuarentena dispuesto para evitar su propagaci\u00f3n, la <strong>Secretar\u00eda de Investigaci\u00f3n y Posgrado<\/strong> de la <a href=\"http:\/\/www.arte.unicen.edu.ar\" target=\"_blank\" rel=\"noopener noreferrer\">Facultad de Arte<\/a> contin\u00faa promoviendo la vinculaci\u00f3n virtual mediante la tercera edici\u00f3n de <strong>\u00bfEn qu\u00e9 and\u00e1s?<\/strong>, el ciclo de di\u00e1logos sobre investigaci\u00f3n y posgrado.<\/p>\n<p>En esta ocasi\u00f3n, siete nuevos participantes indagan en su formaci\u00f3n acad\u00e9mica y experiencias docentes mientras proponen reflexiones acerca de la investigaci\u00f3n y el trabajo en \u00e9pocas de pandemia. <strong>Josefina Villama\u00f1e<\/strong>, <strong>Marcelo Stipcich<\/strong>, <strong>Anabel Paoletta<\/strong>, <strong>Eugenia Iturralde<\/strong>, <strong>Fernando Funaro<\/strong>, <strong>Jaime C\u00e9spedes Gallego<\/strong> y <strong>Parichay Patra<\/strong> repasan sus trayectorias con intervenciones remotas, desde sus hogares, apelando al autoregistro como una manera de acercarnos a la distancia.<\/p><p>Para m\u00e1s informaci\u00f3n <a href=\"http:\/\/www.arte.unicen.edu.ar\/cdab\/siete-nuevos-participantes-indagan-en-sus-experiencias-en-que-andas\" target=\"_blank\" rel=\"noopener noreferrer\">leer la nota completa en el sitio web del CDAB<\/a>.<\/p>\n<div align=\"center\" style=\"margin: 15px auto 25px;\"><iframe loading=\"lazy\" width=\"560\" height=\"315\" src=\"https:\/\/www.youtube.com\/embed\/kxva5bq-YSo\" frameborder=\"0\" allow=\"accelerometer; autoplay; encrypted-media; gyroscope; picture-in-picture\" allowfullscreen=\"\"><\/iframe><\/div><p><strong>\u00bfQuer\u00e9s ver m\u00e1s contenidos como este?<\/strong> Te invitamos a suscribirte y visitar el <a href=\"https:\/\/www.youtube.com\/channel\/UCOBrOTwPT5GiKHYXACcgyLQ\" target=\"_blank\" rel=\"noopener noreferrer\">canal de YouTube<\/a> de la <a href=\"http:\/\/www.arte.unicen.edu.ar\" target=\"_blank\" rel=\"noopener noreferrer\">Facultad de Arte<\/a> con mas de 300 videos, sobre noticias, entrevistas, conferencias, actividades de investigacion, cortometrajes, fragmentos de obras teatrales, entre otros.<\/p>\n<div class=\"container-newsbutton\">\n<a class=\"cdab-newsbuttonlink\" href=\"https:\/\/www.youtube.com\/channel\/UCOBrOTwPT5GiKHYXACcgyLQ\" target=\"_blank\" rel=\"noopener noreferrer\"><div class=\"cdab-youtube-newsbutton\">FACULTAD DE ARTE EN YOUTUBE<\/div><\/a>\n<\/div>\n<hr style=\"margin-bottom: 25px;\"\/>\n<h3>Yo no quiero volverme tan locx. Enfrentando el aislamiento con arte, cultura y educaci\u00f3n | Primera edici\u00f3n<\/h3><p>La <a href=\"http:\/\/www.arte.unicen.edu.ar\/secretarias\/academica\" target=\"_blank\" rel=\"noopener noreferrer\">Secretar\u00eda Acad\u00e9mica<\/a> y la <a href=\"http:\/\/www.arte.unicen.edu.ar\/secretarias\/investigacion-posgrado\" target=\"_blank\" rel=\"noopener noreferrer\">Secretar\u00eda de Investigaci\u00f3n y Posgrado<\/a> de la <a href=\"http:\/\/www.arte.unicen.edu.ar\" target=\"_blank\" rel=\"noopener noreferrer\">Facultad de Arte<\/a> (<a href=\"http:\/\/www.unicen.edu.ar\" target=\"_blank\" rel=\"noopener noreferrer\">UNICEN<\/a>) inauguran un nuevo ciclo de di\u00e1logos denominado <strong>Yo no quiero volverme tan locx. Enfrentando el aislamiento con arte, cultura y educaci\u00f3n<\/strong>.<\/p>\n<p>En la edici\u00f3n #1 <strong>Kekena Corval\u00e1n<\/strong> presenta: <em>Pr\u00e1cticas art\u00edsticas, pr\u00e1cticas politicas y comunidades. Arte y transformaci\u00f3n social<\/em>, en articulaci\u00f3n con la <a href=\"http:\/\/www.arte.unicen.edu.ar\/diplomatura-en-arte-para-la-transformacion-social\" target=\"_blank\" rel=\"noopener noreferrer\">Diplomatura Universitaria en Arte para la Transformaci\u00f3n Social<\/a>.<\/p>\n<p><strong><u>Presenta:<\/u> Claudia C. Speranza (FA, UNICEN).<\/strong><\/p>\n<div style=\"width: 535px; margin: 15px auto; font-weight: bold; border: 1px dotted #bbb; padding: 10px; text-align: center; line-height: 28px; font-size: 15px; color: #ee2f5a;\">Lunes 20 de abril &#8211; 16 hs.<br \/>\nAplicaci\u00f3n Zoom \/ ID de la reuni\u00f3n: 992-6568-9914<br \/>\n<a href=\"http:\/\/www.zoom.us\/j\/99265689914\" target=\"_blank\" rel=\"noopener noreferrer\">www.zoom.us\/j\/99265689914<\/a><\/div>\n<div style=\"text-align: center; margin: 20px auto 35px; width: 100%;\"><img decoding=\"async\" src=\"http:\/\/www.arte.unicen.edu.ar\/cdab\/wp-content\/uploads\/2020\/04\/ciclo-dialogos-ynqvtl.jpg\" alt=\"Yo no quiero volverme tan locx. Enfrentando el aislamiento con arte, cultura y educaci\u00f3n\" title=\"Yo no quiero volverme tan locx. Enfrentando el aislamiento con arte, cultura y educaci\u00f3n\" border=\"0\" \/><\/div>\n<p><img loading=\"lazy\" decoding=\"async\" width=\"150\" height=\"150\" class=\"alignleft size-full wp-image-4077\" style=\"border: 0px; border-radius: 150px; margin-bottom: 20px;\" src=\"http:\/\/www.arte.unicen.edu.ar\/cdab\/wp-content\/uploads\/2019\/09\/kekena-corvalan.jpg\" alt=\"\"\/><strong>Kekena Corval\u00e1n<\/strong> (Buenos Aires, 1964) Investigadora, docente, escritora y curadora feminista. Graduada en Letras  (<a href=\"http:\/\/www.uba.ar\" target=\"_blank\" rel=\"noopener noreferrer\">UBA<\/a>). Profesora de <em>Arte Latinoamericano y Teor\u00eda Cultural<\/em> en la <a href=\"http:\/\/www.umsa.edu.ar\" target=\"_blank\" rel=\"noopener noreferrer\">Universidad del Museo Social Argentino<\/a> y en programa de posgrado de Middlebury College. Ha dictado cursos sobre artistas mujeres desde 2009 en el <a href=\"https:\/\/www.malba.org.ar\" target=\"_blank\" rel=\"noopener noreferrer\">Museo de Arte Latinoamericano de Buenos Aires (MALBA)<\/a> y el Centro Cultural Ricardo Rojas (UBA) y a lo largo de Argentina y el mundo. Integra el equipo de expertos del Consejo Federal de Inversiones, y form\u00f3 parte de las Becas Federales FNA\/UNSAM\/CCK. Actualmente integra el colectivo Mata Negra (Videoarte en la Patagonia Austral), es miembra fundadora de Mal\u00f3n de Octubre. y lleva adelante el programa Escuela de Maestras para artistas mujeres mayores de 40 a\u00f1os y codirige el portal cultural <a href=\"http:\/\/www.leedor.com\" target=\"_blank\" rel=\"noopener noreferrer\">www.leedor.com<\/a>. Curadora de la <em>Muestra Federal Para todes tode<\/em> e integrante de las <em>Cuarencharlas: mateadas culturales y art\u00edsticas en cuarentena<\/em>.<\/p>\n<\/div>\n<div class=\"cdab-especial-covid19-card\"><div class=\"cdab-especial-covid19-card-icon formacioncontinua\"><i class=\"fa fa-university\" aria-hidden=\"true\" style=\"margin-left: 3px;\"><\/i><\/div><div class=\"cdab-especial-covid19-card-title formacioncontinua\">FORMACI\u00d3N <span style=\"font-size: 16px;\">(Secci\u00f3n coordinada por la Secretar\u00eda Acad\u00e9mica de la Facultad de Arte)<\/span><\/div><h3>WEBINAR | Educaci\u00f3n y creatividad en tiempos de coronavirus<\/h3><p>En el marco de la conformaci\u00f3n de los Sistemas Institucionales de Educaci\u00f3n a Distancia (SIED), el Programa de Acompa\u00f1amiento Virtual de la <a href=\"http:\/\/www.arte.unicen.edu.ar\" target=\"_blank\" rel=\"noopener noreferrer\">Facultad de Arte<\/a> brinda asistencia t\u00e9cnico-pedag\u00f3gica, para cimentar las diferentes l\u00edneas de acci\u00f3n institucional, con miras a mantener la condici\u00f3n de regularidad de las clases.<\/p>\n<p>Una de ellas, es estar conectados a lo que sucede en otras Universidades, para aunar criterios que permitan gestionar diferentes estrategias pol\u00edticas, pedag\u00f3gico-did\u00e1cticas y comunicativas, con el objetivo de garantizar la calidad de las pr\u00e1cticas.<\/p>\n<p>Los invitamos a compartir una videoconferencia en la que integrantes del comit\u00e9 ejecutivo de RUEDA-CIN reflexionan sobre el compromiso que asumen las universidades nacionales de seguir ense\u00f1ando en el contexto de la pandemia.<\/p>\n<div align=\"center\" style=\"margin: 10px auto 15px;\"><iframe loading=\"lazy\" width=\"560\" height=\"315\" src=\"https:\/\/www.youtube.com\/embed\/SkH6q1JUBXc?start=1542\" frameborder=\"0\" allow=\"accelerometer; autoplay; encrypted-media; gyroscope; picture-in-picture\" allowfullscreen><\/iframe><\/div>\n<div class=\"container-newsbutton\">\n<a class=\"cdab-newsbuttonlink\" href=\"https:\/\/www.youtube.com\/playlist?list=PLFKNtUouDuswcf7RKmEJpt5O9ByFWMg81\" target=\"_blank\" rel=\"noopener noreferrer\"><div class=\"cdab-youtube-newsbutton\">ACCEDER A TODOS LOS WEBINARS<\/div><\/a>\n<a class=\"cdab-newsbuttonlink\" href=\"https:\/\/drive.google.com\/open?id=1_ztXUgN4cJUFIxXoF_LIcqWBH2PYThqh\" target=\"_blank\" rel=\"noopener noreferrer\"style=\"margin-left: 50px;\"><div class=\"cdab-drive-newsbutton\">CHATS DE LOS WEBINARS<\/div><\/a>\n<a class=\"cdab-newsbuttonlink\" href=\"https:\/\/drive.google.com\/open?id=1qOo5t51cJMk3-60BlWY1dchoHf-N3ITn\n\" target=\"_blank\" rel=\"noopener noreferrer\"><div class=\"cdab-drive-newsbutton\"style=\"margin-left: 50px;\">MATERIALES DE LOS WEBINARS<\/div><\/a>\n<\/div>\n<hr style=\"margin-bottom: 25px;\"\/><p><img loading=\"lazy\" decoding=\"async\" width=\"200\" height=\"200\" class=\"alignleft size-full wp-image-4077\" style=\"border: 0px; border-radius: 200px;\" src=\"http:\/\/www.arte.unicen.edu.ar\/cdab\/wp-content\/uploads\/2020\/04\/cuarencharlas-id.png\" alt=\"Cuarencharlas y chatzines\" title=\"Cuarencharlas y chatzines\"\/><h3>Cuarencharlas federales. Todos los d\u00edas, online y gratuitas<\/h3><\/p><p>El espacio <a href=\"https:\/\/www.facebook.com\/culturaviralfederal\" target=\"_blank\" rel=\"noopener noreferrer\">Cultura Viral Federal<\/a> viene trabajando en el armado de experiencias que reflexionan sobre el territorio y su articulaci\u00f3n con tres ejes claves: cultura comunitaria, arte y educaci\u00f3n. Para estos d\u00edas, sostiene y relanza su red a trav\u00e9s de espacios de codise\u00f1o y colaboraci\u00f3n, con presencia de voces plurales de todo el pa\u00eds, la regi\u00f3n y el mundo.<\/p>\n<p>Por continuar afirmando el trabajo federal se proponen las <strong>mateadas culturales<\/strong>, una base de <strong>60 minutos<\/strong> al d\u00eda para interconectarnos y sentirnos cerca. <strong>Todos los d\u00edas, a las 18 hs.<\/strong>, a la manera de una gran juntada f\u00edsica, se propone la juntada online para escucharnos, compartir y crecer de la experiencia que estamos atravesando. Para participar, y solo por una cuesti\u00f3n de organizaci\u00f3n del soporte digital, hay que anotarse v\u00eda email a: <strong>culturaviralfederal@gmail.com<\/strong> y se env\u00eda la direcci\u00f3n de la reuni\u00f3n virtual para escucharlas.<\/p>\n<p>Todas las charlas y debates se suben al <a href=\"https:\/\/www.youtube.com\/channel\/UCCoxRqWEZ6qOY4cBgMk6ZAA\" target=\"_blank\" rel=\"noopener noreferrer\">canal de Youtube de leedor.com<\/a>, quien acompa\u00f1a esta iniciativa como punto de encuentro cultural. Porque la salida, y la entrada, siempre es colectiva, y porque nos quedamos en casa y nos cuidamos entre todes.<\/p>\n<div class=\"container-newsbutton\" style=\"margin: 10px auto 30px;\">\n<a class=\"cdab-newsbuttonlink\" href=\"https:\/\/www.facebook.com\/culturaviralfederal\" target=\"_blank\" rel=\"noopener noreferrer\"><div class=\"cdab-web-newsbutton\">ACCEDER A CULTURA VIRAL FEDERAL<\/div><\/a>\n<a class=\"cdab-newsbuttonlink\" href=\"https:\/\/www.youtube.com\/channel\/UCCoxRqWEZ6qOY4cBgMk6ZAA\" target=\"_blank\" rel=\"noopener noreferrer\" style=\"margin-left: 50px;\"><div class=\"cdab-youtube-newsbutton\">ACCEDER A CUARENCHARLAS ANTERIORES<\/div><\/a>\n<\/div>\n<h3>Cuarencharlas y chatzines: edici\u00f3n afectiva de nuestra cuarentena<\/h3>\n<p><img decoding=\"async\" src=\"http:\/\/www.arte.unicen.edu.ar\/cdab\/wp-content\/uploads\/2020\/04\/cuarencharlas-promo.png\" alt=\"Cuarencharlas y chatzines: edici\u00f3n afectiva de nuestra cuarentena\" title=\"Cuarencharlas y chatzines: edici\u00f3n afectiva de nuestra cuarentena\" border=\"0\" class=\"alignright\" \/>Esta pandemia nos encuentra habitando nuevos territorios. De pronto la esquina de la habitaci\u00f3n se convierte en el escenario de una pelea, leemos hasta en la cocina y disparamos mensajes de amor desde una terraza hasta ahora inexplorada.<\/p>\n<p>As\u00ed como los nuevos espacios, acontece el estreno de encuentros: pantalla de por medio, una voz que se robotiza, un cuerpo se vuelve bidimensional pixel a pixel. En este contexto se insertan las Cuarencharlas: reuniones virtuales coordinadas por Kekena Corval\u00e1n y el equipo de Cultura Viral Federal, con una agenda centrada en las pr\u00e1cticas art\u00edsticas de todo el pa\u00eds, los desaf\u00edos de la gesti\u00f3n y la curadur\u00eda. Con un promedio de 100 participantes por encuentro, a la par que se suced\u00edan las presentaciones (v\u00eda Zoom), el chat se inundaba de expresiones, comentarios, y reflexiones compartidas. En un intento de preservar esas producciones escritas surgieron los Chatzine, la primer publicaci\u00f3n virtual en formato fanzine que toma como \u00fanica materia prima el contenido de un chat.<\/p>\n<div class=\"container-newsbutton\">\n<a class=\"cdab-newsbuttonlink\" href=\"http:\/\/www.leedor.com\/2020\/04\/14\/cuarencharlas-y-chatzines-edicion-afectiva-de-nuestra-cuarentena\" target=\"_blank\" rel=\"noopener noreferrer\"><div class=\"cdab-web-newsbutton\">NOTA COMPLETA EN LEEDOR.COM<\/div><\/a>\n<\/div>\n<hr style=\"margin-bottom: 25px;\"\/><h3>Formar Cultura. Una plataforma virtual de capacitaci\u00f3n y formaci\u00f3n<\/h3><p><img decoding=\"async\" src=\"http:\/\/www.arte.unicen.edu.ar\/cdab\/wp-content\/uploads\/2020\/04\/formar-cultura.jpg\" alt=\"Formar Cultura. Una plataforma virtual de capacitaci\u00f3n y formaci\u00f3n\" title=\"Formar Cultura. Una plataforma virtual de capacitaci\u00f3n y formaci\u00f3n\" border=\"0\" class=\"alignright\" \/><\/p><p>El <a href=\"https:\/\/www.cultura.gob.ar\" target=\"_blank\" rel=\"noopener noreferrer\">Ministerio de Cultura de la Naci\u00f3n<\/a>, a trav\u00e9s de la <em>Direcci\u00f3n Nacional de Formaci\u00f3n Cultural<\/em> de la <em>Secretar\u00eda de Gesti\u00f3n Cultural<\/em>, lanza el Programa <a href=\"https:\/\/formar.cultura.gob.ar\" target=\"_blank\" rel=\"noopener noreferrer\">Formar Cultura<\/a>. Se trata de una plataforma virtual para hacedores culturales que busca sumar oportunidades de acceso a la formaci\u00f3n, generar redes de intercambio y aprendizajes, y compartir material especializado en pr\u00e1cticas culturales. Es fundamental tener herramientas al alcance de todos y todas que fortalezcan las posibilidades de capacitaci\u00f3n y de formaci\u00f3n en este contexto de aislamiento preventivo obligatorio.<\/p>\n<p><a href=\"https:\/\/formar.cultura.gob.ar\" target=\"_blank\" rel=\"noopener noreferrer\">Formar Cultura<\/a> ofrece acceso federal a la formaci\u00f3n cultural desde un espacio virtual con una gran propuesta de cursos, charlas y talleres para adquirir recursos y herramientas que colaboren con el desarrollo y el fortalecimiento de proyectos culturales.<\/p>\n<p><a href=\"https:\/\/formar.cultura.gob.ar\" target=\"_blank\" rel=\"noopener noreferrer\">Formar Cultura<\/a> es una comunidad virtual que permite conectarse y compartir con colegas, referentes y expertos, a trav\u00e9s de una red de intercambio de trabajos, experiencias y trayectorias.<\/p>\n<p><a href=\"https:\/\/formar.cultura.gob.ar\" target=\"_blank\" rel=\"noopener noreferrer\">Formar Cultura<\/a> cuenta con una biblioteca din\u00e1mica de material especializado en pr\u00e1cticas culturales: art\u00edculos, libros, manuales y enlaces sobre gesti\u00f3n cultural con acceso libre a bibliograf\u00eda y recursos actualizados.<\/p>\n<p><a href=\"https:\/\/formar.cultura.gob.ar\" target=\"_blank\" rel=\"noopener noreferrer\">Formar Cultura<\/a> es un radar de carreras para conectarse con las casas de estudio.<\/p>\n<div class=\"container-newsbutton\">\n<a class=\"cdab-newsbuttonlink\" href=\"https:\/\/formar.cultura.gob.ar\" target=\"_blank\" rel=\"noopener noreferrer\"><div class=\"cdab-web-newsbutton\">INGRESAR A FORMAR CULTURA<\/div><\/a>\n<\/div><\/div>\n<div class=\"cdab-especial-covid19-card\"><div class=\"cdab-especial-covid19-card-icon weblink\"><i class=\"fa fa-hand-pointer-o\" aria-hidden=\"true\"><\/i><\/div><div class=\"cdab-especial-covid19-card-title weblink\">LINKS DE INTER\u00c9S &amp; CONTENIDOS WEB<\/div><p><a href=\"http:\/\/www.construircine.com\" target=\"_blank\" rel=\"noopener noreferrer\"><img decoding=\"async\" class=\"publicacion-tapa\" src=\"http:\/\/www.arte.unicen.edu.ar\/cdab\/wp-content\/uploads\/2020\/04\/construir-cine-slide.jpg\" data-fancybox=\"gallery\" data-caption=\"Cuidado social. V\u00ednculo virtual #7\"\/><\/a><\/p><p><a href=\"http:\/\/www.construircine.com\" target=\"_blank\" rel=\"noopener noreferrer\">CONSTRUIR CINE<\/a><strong> es el \u00fanico Festival Internacional de Cine sobre el mundo del trabajo en Argentina miembro de la Global Labor Film Festival.<\/strong> Es por sus caracter\u00edsticas, un Festival \u00fanico en la regi\u00f3n y su prop\u00f3sito principal es el descubrimiento y la promoci\u00f3n de films que aborden tem\u00e1ticas universales que afectan a los trabajadores de todo el mundo y tengan al trabajo como elemento transformador de la vida de las personas.<\/p>\n<p>Consciente del poder de las historias para inspirar a las personas y permitirles ver el mundo desde otra perspectiva, <a href=\"http:\/\/www.construircine.com\" target=\"_blank\" rel=\"noopener noreferrer\">Construir Cine<\/a> asume el desaf\u00edo de unir el arte con el impacto social y se propone como un \u00e1mbito destinado a difundir y premiar trabajos audiovisuales que busquen influir sobre la realidad socio laboral de la Argentina y el mundo.<\/p>\n<p>En una alianza con <a href=\"http:\/\/www.octubretv.com\" target=\"_blank\" rel=\"noopener noreferrer\">Octubre TV<\/a>, la plataforma digital de la Fundaci\u00f3n Octubre Trabajadores de Edificios, la s\u00e9ptima edici\u00f3n del <strong>Construir Cine: Festival Internacional del Cine sobre el Trabajo<\/strong>, estar\u00e1 disponible online y de manera gratuita en <a href=\"http:\/\/www.octubretv.com\" target=\"_blank\" rel=\"noopener noreferrer\">www.octubretv.com<\/a> del <strong>6 al 13 de mayo de 2020<\/strong> en el territorio de la Rep\u00fablica Argentina, ampliando las fronteras de la Ciudad de Buenos Aires. Bajo la tem\u00e1tica <em>Cambio clim\u00e1tico<\/em>, el p\u00fablico podr\u00e1 disfrutar de m\u00e1s de 60 filmes. La selecci\u00f3n oficial de pel\u00edculas en competencia ser\u00e1 anunciada el mi\u00e9rcoles 8 de abril de 2020 junto con la programaci\u00f3n especial relacionada con los focos tem\u00e1ticos y actividades especiales.<\/p>\n<p>Alejandra Marano, directora ejecutiva de <a href=\"http:\/\/www.construircine.com\" target=\"_blank\" rel=\"noopener noreferrer\">Construir Cine<\/a> y <a href=\"https:\/\/www.construirtv.com\" target=\"_blank\" rel=\"noopener noreferrer\">Construir TV<\/a> explica: &#8220;En los tiempos que corren, <a href=\"https:\/\/www.construirtv.com\" target=\"_blank\" rel=\"noopener noreferrer\">Construir TV<\/a> redobl\u00f3 esfuerzos para, teniendo como prioridad la salud, seguir comprometidos con el objetivo de promover la realizaci\u00f3n y difusi\u00f3n de obras audiovisuales, que nos interpelan y llevan a pensar en un mundo mejor y en el valor del trabajo como elemento vital y transformador&#8221;.<\/p>\n<p><a href=\"http:\/\/www.construircine.com\" target=\"_blank\" rel=\"noopener noreferrer\">Construir Cine<\/a> anunci\u00f3, adem\u00e1s, al ganador del Concurso <em>Dise\u00f1a el P\u00f3ster Oficial del Festival<\/em>, que tuvo como foco tem\u00e1tico el cambio clim\u00e1tico y del que participaron m\u00e1s de 150 dise\u00f1adores de Argentina, Latinoam\u00e9rica y Espa\u00f1a. La obra ganadora es <em>Existencias Limitadas<\/em> de Alejandro Schulze-Hobbeling Esteban (Espa\u00f1a). En palabras de su autor: &#8220;La obra est\u00e1 focalizada en la extinci\u00f3n de muchas razas animales. En este caso, se muestran cinco especies amenazadas, (el tibur\u00f3n blanco, el oso polar, la morsa del Atl\u00e1ntico, el ping\u00fcino emperador y la mariposa monarca), todos estos animales est\u00e1n representados con gotas que caen sobre un c\u00f3digo de barras. Las gotas que se derraman del cuerpo de los animales representan el agotamiento de la propia especie. Esto es es una met\u00e1fora entre la extinci\u00f3n animal y medioambiental con el problema consumista e industrial&#8221;.<\/p>\n<h3>Convocatorias vigentes<\/h3>\n<table style=\"margin: 15px auto 25px; text-align: center; border-collapse: collapse; border-spacing: 0;\">\n<tbody>\n<tr>\n<td style=\"padding: 0px 15px 8px 15px;\"><a href=\"http:\/\/www.construircine.com\/?s=lab&#038;lang=esp\" target=\"_blank\" rel=\"noopener noreferrer\"><img decoding=\"async\" class=\"publicacion-tapa\" src=\"http:\/\/www.arte.unicen.edu.ar\/cdab\/wp-content\/uploads\/2020\/04\/construircine-lab.jpg\" data-fancybox=\"gallery\" data-caption=\"Cuidado social. V\u00ednculo virtual #7\"\/><\/a><\/td>\n<td style=\"padding: 0px 15px 8px 15px;\"><a href=\"http:\/\/www.construircine.com\/?s=videominuto&#038;lang=esp\" target=\"_blank\" rel=\"noopener noreferrer\"><img decoding=\"async\" class=\"publicacion-tapa\" src=\"http:\/\/www.arte.unicen.edu.ar\/cdab\/wp-content\/uploads\/2020\/04\/construircine-videominuto.jpg\" data-fancybox=\"gallery\" data-caption=\"Cuidado social. V\u00ednculo virtual #7\"\/><\/a><\/td>\n<\/tr>\n<\/tbody>\n<\/table>\n\n<div class=\"container-newsbutton\">\n<a class=\"cdab-newsbuttonlink\" href=\"http:\/\/www.arte.unicen.edu.ar\/construir-cine-edicion-2020\" target=\"_blank\" rel=\"noopener noreferrer\"><div class=\"cdab-facarte-newsbutton\">M\u00c1S INFORMACI\u00d3N EN FACULTAD DE ARTE<\/div><\/a>\n<\/div><\/div>\n<div class=\"cdab-especial-covid19-card\"><div class=\"cdab-especial-covid19-card-icon ninios\"><i class=\"fa fa-child\" aria-hidden=\"true\" style=\"margin-left: 3px;\"><\/i><\/div><div class=\"cdab-especial-covid19-card-title ninios\">PARA NUESTRXS NI\u00d1XS<\/div><p><img loading=\"lazy\" decoding=\"async\" width=\"200\" height=\"200\" class=\"alignleft size-full wp-image-4077\" style=\"border: 0px; border-radius: 200px;\" src=\"http:\/\/www.arte.unicen.edu.ar\/cdab\/wp-content\/uploads\/2020\/04\/infantil-ednorma.jpg\" alt=\"Colecci\u00f3n infantil y juvenil de Editorial Norma\" title=\"Colecci\u00f3n infantil y juvenil de Editorial Norma\"\/><\/p><h3>&#8220;Golu&#8221;, la colecci\u00f3n infantil y juvenil de Editorial Norma<\/h3><p><a href=\"https:\/\/www.normainfantilyjuvenil.com\" target=\"_blank\" rel=\"noopener noreferrer\">Editorial Norma<\/a> habilit\u00f3 parte de su cat\u00e1logo, espec\u00edficamente la colecci\u00f3n Golu, para descarga gratuita. Entre los t\u00edtulos disponibles se encuentran grandes cl\u00e1sicos de la literatura universal: <em>Los cazadores de ratas y otros cuentos feroces<\/em> de Horacio Quiroga; <em>La vida es sue\u00f1o<\/em> de Pedro Calder\u00f3n de La Barca; <em>Mart\u00edn Fierro<\/em> de Jos\u00e9 Hern\u00e1ndez; <em>Romeo y Julieta<\/em> de William Shakespeare; <em>Odisea<\/em> de Homero; <em>Frankestein<\/em> de Mary Shelley; <em>Las aventuras de Huckleberry Finn<\/em> de Mark Twain; <em>El fantasma de Canterville<\/em> de Oscar Wilde; y <em>El extra\u00f1o caso del Dr. Jekyll y Mr. Hyde<\/em> de Robert Louis Stevenson, entre otros.<\/p><p>Para acceder a ellos hay que clickear la portada y luego optar por la pesta\u00f1a &#8220;recursos&#8221; para llegar finalmente a la descarga digital. Los t\u00edtulos que recomendamos:<\/p><ul style=\"padding: 0px 50px;\"><li><a href=\"https:\/\/www.normainfantilyjuvenil.com\/ar\/libro\/cuentos-folcloricos-de-la-argentina\" target=\"_blank\" rel=\"noopener noreferrer\">Cuentos folcl\u00f3ricos de la Argentina<\/a> de Cecilia Romana.<\/li>\n<li><a href=\"https:\/\/www.normainfantilyjuvenil.com\/ar\/libro\/tomados-para-la-risa\" target=\"_blank\" rel=\"noopener noreferrer\">Tomados para la risa<\/a> de Oche Califa.<\/li>\n<li><a href=\"https:\/\/www.normainfantilyjuvenil.com\/ar\/libro\/cuentos-inolvidables\" target=\"_blank\" rel=\"noopener noreferrer\">Cuentos Inolvidables<\/a> de Charles Perrault, Wilhelm y Jacob Grimm, Hans Christian Andersen.<\/li>\n<li><a href=\"https:\/\/www.normainfantilyjuvenil.com\/ar\/libro\/el-extrano-caso-de-dr.-jekyll-y-mr.-hyde\" target=\"_blank\" rel=\"noopener noreferrer\">El extra\u00f1o caso de Dr. Jekyll y Mr. Hyde<\/a> de Robert Louis Stevenson.<\/li>\n<li><a href=\"https:\/\/www.normainfantilyjuvenil.com\/ar\/libro\/cuentos-de-la-selva\" target=\"_blank\" rel=\"noopener noreferrer\">Cuentos de la selva<\/a> de Horacio Quiroga.<\/li>\n<li><a href=\"https:\/\/www.normainfantilyjuvenil.com\/ar\/libro\/las-aventuras-de-huckleberry-finn\" target=\"_blank\" rel=\"noopener noreferrer\">Las aventuras de Huckleberry Finn<\/a> de Mark Twain.<\/li>\n<\/ul><div class=\"container-newsbutton\">\n<a class=\"cdab-newsbuttonlink\" href=\"https:\/\/www.normainfantilyjuvenil.com\/ar\/libros\/coleccion\/golu\" target=\"_blank\" rel=\"noopener noreferrer\"><div class=\"cdab-web-newsbutton\">ACCEDER AL CAT\u00c1LOGO GOLU DE EDITORIAL NORMA<\/div><\/a>\n<\/div><\/div>\n","protected":false},"excerpt":{"rendered":"<p>Cuidado social. V\u00ednculo virtual es una iniciativa de la Secretar\u00eda de Investigaci\u00f3n y Posgrado de la Facultad de Arte. En este bolet\u00edn de recomendaciones se presentar\u00e1n libros, revistas acad\u00e9micas, archivos y bibliotecas digitales abiertas, contenidos audiovisuales y links de inter\u00e9s para fomentar el intercambio entre todos los integrantes de la comunidad educativa. De esta forma seguiremos form\u00e1ndonos y reflexionando sobre [&hellip;]<\/p>\n","protected":false},"author":1,"featured_media":12284,"comment_status":"open","ping_status":"open","sticky":false,"template":"","format":"standard","meta":{"_acf_changed":false,"footnotes":""},"categories":[2497],"tags":[],"class_list":["post-12007","post","type-post","status-publish","format-standard","has-post-thumbnail","hentry","category-newsletter"],"acf":[],"_links":{"self":[{"href":"https:\/\/www.arte.unicen.edu.ar\/cdab\/wp-json\/wp\/v2\/posts\/12007","targetHints":{"allow":["GET"]}}],"collection":[{"href":"https:\/\/www.arte.unicen.edu.ar\/cdab\/wp-json\/wp\/v2\/posts"}],"about":[{"href":"https:\/\/www.arte.unicen.edu.ar\/cdab\/wp-json\/wp\/v2\/types\/post"}],"author":[{"embeddable":true,"href":"https:\/\/www.arte.unicen.edu.ar\/cdab\/wp-json\/wp\/v2\/users\/1"}],"replies":[{"embeddable":true,"href":"https:\/\/www.arte.unicen.edu.ar\/cdab\/wp-json\/wp\/v2\/comments?post=12007"}],"version-history":[{"count":2,"href":"https:\/\/www.arte.unicen.edu.ar\/cdab\/wp-json\/wp\/v2\/posts\/12007\/revisions"}],"predecessor-version":[{"id":13865,"href":"https:\/\/www.arte.unicen.edu.ar\/cdab\/wp-json\/wp\/v2\/posts\/12007\/revisions\/13865"}],"wp:featuredmedia":[{"embeddable":true,"href":"https:\/\/www.arte.unicen.edu.ar\/cdab\/wp-json\/wp\/v2\/media\/12284"}],"wp:attachment":[{"href":"https:\/\/www.arte.unicen.edu.ar\/cdab\/wp-json\/wp\/v2\/media?parent=12007"}],"wp:term":[{"taxonomy":"category","embeddable":true,"href":"https:\/\/www.arte.unicen.edu.ar\/cdab\/wp-json\/wp\/v2\/categories?post=12007"},{"taxonomy":"post_tag","embeddable":true,"href":"https:\/\/www.arte.unicen.edu.ar\/cdab\/wp-json\/wp\/v2\/tags?post=12007"}],"curies":[{"name":"wp","href":"https:\/\/api.w.org\/{rel}","templated":true}]}}