{"id":11782,"date":"2020-04-03T12:23:46","date_gmt":"2020-04-03T15:23:46","guid":{"rendered":"http:\/\/www.arte.unicen.edu.ar\/cdab\/?p=11782"},"modified":"2021-02-09T11:30:39","modified_gmt":"2021-02-09T14:30:39","slug":"llega-la-segunda-edicion-2020-de-en-que-andas","status":"publish","type":"post","link":"https:\/\/www.arte.unicen.edu.ar\/cdab\/llega-la-segunda-edicion-2020-de-en-que-andas\/","title":{"rendered":"Llega la segunda entrega de &#8220;\u00bfEn qu\u00e9 and\u00e1s?&#8221; edici\u00f3n 2020"},"content":{"rendered":"\n<p>El pasado lunes 30 de marzo, la <strong>Secretar\u00eda de Investigaci\u00f3n y Posgrado<\/strong> de la <a rel=\"noreferrer noopener\" aria-label=\"Facultad de Arte (abre en una nueva pesta\u00f1a)\" href=\"http:\/\/www.arte.unicen.edu.ar\" target=\"_blank\">Facultad de Arte<\/a> estren\u00f3 una nueva edici\u00f3n de <strong>\u00bfEn qu\u00e9 and\u00e1s?<\/strong>, el ciclo de di\u00e1logos sobre investigaci\u00f3n y posgrado.<\/p>\n\n\n\n<p>Con una modalidad adaptada al aislamiento social, preventivo y obligatorio dispuesto por el gobierno nacional y la coyuntura que estamos viviendo en relaci\u00f3n a la pandemia COVID-19, los participantes realizan sus intervenciones de manera remota, desde sus hogares, en un ejercicio en primera persona: se autoregistran y comparten sus propias experiencias docentes y las l\u00edneas de investigaci\u00f3n que est\u00e1n desarrollando.<\/p>\n\n\n\n<p><strong>Ana Silva<\/strong>, <strong>Fabi\u00e1n Flores<\/strong>, <strong>Claudia Castro<\/strong>, <strong>Melina Guerrero<\/strong>, <strong>Horacio Capellutti<\/strong> y <strong>Cornelia Eckert<\/strong> suman el relato de sus recorridos y trayectorias a esta nueva entrega de <strong>\u00bfEn qu\u00e9 and\u00e1s?<\/strong>. Te invitamos a compartirla\u2026<\/p>\n\n\n\n<div style=\"margin: 30px auto; width: 100%; text-align: center;\"><iframe loading=\"lazy\" width=\"700\" height=\"394\" src=\"https:\/\/www.youtube.com\/embed\/mCef-egA5RY\" frameborder=\"0\" allow=\"accelerometer; autoplay; encrypted-media; gyroscope; picture-in-picture\" allowfullscreen=\"\"><\/iframe><\/div>\n\n\n\n<p>El encuentro previo est\u00e1 a disposici\u00f3n en el <a rel=\"noreferrer noopener\" aria-label=\"canal de YouTube (abre en una nueva pesta\u00f1a)\" href=\"https:\/\/www.youtube.com\/channel\/UCOBrOTwPT5GiKHYXACcgyLQ\" target=\"_blank\">canal de YouTube<\/a> de la <a rel=\"noreferrer noopener\" aria-label=\"Facultad de Arte (abre en una nueva pesta\u00f1a)\" href=\"http:\/\/www.arte.unicen.edu.ar\" target=\"_blank\">Facultad de Arte<\/a> y el <a rel=\"noreferrer noopener\" aria-label=\"sitio web del CDAB (abre en una nueva pesta\u00f1a)\" href=\"http:\/\/www.arte.unicen.edu.ar\/cdab\/secretaria-investigacion-posgrado-edicion-virtual-en-que-andas\/\" target=\"_blank\">sitio web del CDAB<\/a>. Asimismo, las ediciones que se llevaron a cabo durante 2019 est\u00e1n disponibles para consulta en el <a rel=\"noreferrer noopener\" aria-label=\"repositorio multimedia CDAB (abre en una nueva pesta\u00f1a)\" href=\"http:\/\/www.arte.unicen.edu.ar\/cdab\/servicios\/repositorio\/\" target=\"_blank\">repositorio multimedia CDAB<\/a>.<\/p>\n","protected":false},"excerpt":{"rendered":"<p>El pasado lunes 30 de marzo, la Secretar\u00eda de Investigaci\u00f3n y Posgrado de la Facultad de Arte estren\u00f3 una nueva edici\u00f3n de \u00bfEn qu\u00e9 and\u00e1s?, el ciclo de di\u00e1logos sobre investigaci\u00f3n y posgrado. Con una modalidad adaptada al aislamiento social, preventivo y obligatorio dispuesto por el gobierno nacional y la coyuntura que estamos viviendo en relaci\u00f3n a la pandemia COVID-19, [&hellip;]<\/p>\n","protected":false},"author":1,"featured_media":8925,"comment_status":"open","ping_status":"open","sticky":false,"template":"","format":"standard","meta":{"_acf_changed":false,"footnotes":""},"categories":[1],"tags":[214,1884,215,288],"class_list":["post-11782","post","type-post","status-publish","format-standard","has-post-thumbnail","hentry","category-novedades","tag-cdab","tag-en-que-andas","tag-facultad-de-arte","tag-secretaria-de-investigacion-y-posgrado"],"acf":[],"_links":{"self":[{"href":"https:\/\/www.arte.unicen.edu.ar\/cdab\/wp-json\/wp\/v2\/posts\/11782","targetHints":{"allow":["GET"]}}],"collection":[{"href":"https:\/\/www.arte.unicen.edu.ar\/cdab\/wp-json\/wp\/v2\/posts"}],"about":[{"href":"https:\/\/www.arte.unicen.edu.ar\/cdab\/wp-json\/wp\/v2\/types\/post"}],"author":[{"embeddable":true,"href":"https:\/\/www.arte.unicen.edu.ar\/cdab\/wp-json\/wp\/v2\/users\/1"}],"replies":[{"embeddable":true,"href":"https:\/\/www.arte.unicen.edu.ar\/cdab\/wp-json\/wp\/v2\/comments?post=11782"}],"version-history":[{"count":2,"href":"https:\/\/www.arte.unicen.edu.ar\/cdab\/wp-json\/wp\/v2\/posts\/11782\/revisions"}],"predecessor-version":[{"id":17029,"href":"https:\/\/www.arte.unicen.edu.ar\/cdab\/wp-json\/wp\/v2\/posts\/11782\/revisions\/17029"}],"wp:featuredmedia":[{"embeddable":true,"href":"https:\/\/www.arte.unicen.edu.ar\/cdab\/wp-json\/wp\/v2\/media\/8925"}],"wp:attachment":[{"href":"https:\/\/www.arte.unicen.edu.ar\/cdab\/wp-json\/wp\/v2\/media?parent=11782"}],"wp:term":[{"taxonomy":"category","embeddable":true,"href":"https:\/\/www.arte.unicen.edu.ar\/cdab\/wp-json\/wp\/v2\/categories?post=11782"},{"taxonomy":"post_tag","embeddable":true,"href":"https:\/\/www.arte.unicen.edu.ar\/cdab\/wp-json\/wp\/v2\/tags?post=11782"}],"curies":[{"name":"wp","href":"https:\/\/api.w.org\/{rel}","templated":true}]}}