{"id":11751,"date":"2020-12-30T09:10:32","date_gmt":"2020-12-30T12:10:32","guid":{"rendered":"http:\/\/www.arte.unicen.edu.ar\/cdab\/?p=11751"},"modified":"2022-03-05T00:11:18","modified_gmt":"2022-03-05T03:11:18","slug":"nuevo-comunicado-en-relacion-a-la-pandemia-covid-19","status":"publish","type":"post","link":"https:\/\/www.arte.unicen.edu.ar\/cdab\/nuevo-comunicado-en-relacion-a-la-pandemia-covid-19\/","title":{"rendered":"#QuedateEnCasa. Nuevo comunicado en relaci\u00f3n a la pandemia COVID-19"},"content":{"rendered":"\n<p>En concordancia con el aislamiento social, preventivo y obligatorio dispuesto por el gobierno nacional, lo resuelto por el Comit\u00e9 de Emergencia designado por el Consejo Superior de la <a rel=\"noreferrer noopener\" href=\"http:\/\/www.unicen.edu.ar\" target=\"_blank\">Universidad Nacional del Centro de la Provincia de Buenos Aires<\/a> para atender todas las cuestiones derivadas de la pandemia COVID-19 y las medidas adoptadas por la <a rel=\"noreferrer noopener\" href=\"http:\/\/www.arte.unicen.edu.ar\" target=\"_blank\">Facultad de Arte<\/a>, el <strong>Centro de Documentaci\u00f3n Audiovisual y Biblioteca (CDAB)<\/strong> comunica a todxs sus usuarixs que:<\/p>\n\n\n\n<ul class=\"wp-block-list\"><li><strong style=\"color: rgb(187, 0, 0);\">Se prorroga la suspensi\u00f3n en la atenci\u00f3n presencial al p\u00fablico hasta el d\u00eda 31 de enero de 2021 inclusive, restringiendo la misma a los canales de contacto remotos o virtuales.<\/strong> Quienes deseen efectuar consultas podr\u00e1n remitirlas mediante correo electr\u00f3nico a <a href=\"mailto:cdab@arte.unicen.edu.ar\">cdab@arte.unicen.edu.ar<\/a>. Adem\u00e1s, en nuestro sitio web se publicar\u00e1n todas las novedades, acciones y actividades que lleve adelante el <strong>CDAB<\/strong>.<\/li><li><span style=\"color: #bb0000;\"><strong>Todos los pr\u00e9stamos fueron RENOVADOS autom\u00e1ticamente hasta el lunes 8 de febrero de 2021.<\/strong><\/span><\/li><li>Hemos puesto a disposici\u00f3n materiales que se solicitan asiduamente tanto en el\u00a0<a rel=\"noreferrer noopener\" href=\"http:\/\/www.arte.unicen.edu.ar\/cdab\/servicios\/repositorio\/\" target=\"_blank\">repositorio multimedia CDAB<\/a>\u00a0como en el\u00a0<a rel=\"noreferrer noopener\" href=\"https:\/\/www.youtube.com\/channel\/UCOBrOTwPT5GiKHYXACcgyLQ\" target=\"_blank\">canal oficial de YouTube<\/a>\u00a0de la\u00a0<a rel=\"noreferrer noopener\" href=\"http:\/\/www.arte.unicen.edu.ar\/\" target=\"_blank\">Facultad de Arte<\/a>.<\/li><li>Los libros editados por\u00a0<a rel=\"noreferrer noopener\" href=\"http:\/\/www.arte.unicen.edu.ar\/artepublicaciones\" target=\"_blank\">Arte Publicaciones<\/a> est\u00e1n disponibles para descarga digital en el sitio web:\u00a0<a rel=\"noreferrer noopener\" href=\"http:\/\/www.arte.unicen.edu.ar\/artepublicaciones\" target=\"_blank\">www.arte.unicen.edu.ar\/artepublicaciones<\/a><\/li><li>El <strong>CDAB<\/strong> contin\u00faa respondiendo consultas de forma virtual. Aquellos materiales disponibles en formato digital que sean solicitados por nuestros canales de contacto, ser\u00e1n remitidos por dicha v\u00eda. <em>Debido a la coyuntura que estamos transitando, no tenemos acceso al acervo completo del <strong>CDAB<\/strong> y dependiendo del volumen de pedidos podr\u00edamos demorar algunos d\u00edas en procesar solicitudes puntuales.<\/em><\/li><li>Para m\u00e1s informaci\u00f3n acerca de las medidas institucionales adoptadas en relaci\u00f3n a la pandemia COVID-19, ingresar a: <a rel=\"noreferrer noopener\" href=\"http:\/\/www.arte.unicen.edu.ar\/decisiones-institucionales:-covid-19\" target=\"_blank\">www.arte.unicen.edu.ar\/decisiones-institucionales:-covid-19<\/a>, o leer el primer comunicado del <strong>CDAB<\/strong>: <a rel=\"noreferrer noopener\" aria-label=\"Saber para prevenir. Comunicado del CDAB en relaci\u00f3n al coronavirus (COVID-19) (abre en una nueva pesta\u00f1a)\" href=\"http:\/\/www.arte.unicen.edu.ar\/cdab\/saber-para-prevenir-comunicado-covid-19\/\" target=\"_blank\">Saber para prevenir. Comunicado del CDAB en relaci\u00f3n al coronavirus (COVID-19)<\/a><\/li><\/ul>\n\n\n\n<p>Asimismo, desde la <a rel=\"noreferrer noopener\" href=\"http:\/\/www.arte.unicen.edu.ar\/secretarias\/investigacion-posgrado\" target=\"_blank\">Secretar\u00eda de Investigaci\u00f3n y Posgrado<\/a> y las \u00e1reas que dependen de ella &#8211;<a rel=\"noreferrer noopener\" aria-label=\"Arte Publicaciones\" href=\"http:\/\/www.arte.unicen.edu.ar\/artepublicaciones\" target=\"_blank\">Arte Publicaciones<\/a>, <a rel=\"noreferrer noopener\" aria-label=\"CDAB\" href=\"http:\/\/www.arte.unicen.edu.ar\/cdab\" target=\"_blank\">CDAB<\/a> y <a rel=\"noopener noreferrer\" href=\"http:\/\/www.arte.unicen.edu.ar\/formacion-continua\" target=\"_blank\">Formaci\u00f3n Continua<\/a>&#8211; se llevaron a cabo las siguientes acciones durante 2020:<\/p>\n\n\n\n<ul><li>El martes 17 de marzo se present\u00f3 un nuevo espacio de recursos acad\u00e9micos y culturales especialmente pensando para seguir leyendo, viendo e investigando, denominado <a rel=\"noreferrer noopener\" href=\"http:\/\/www.arte.unicen.edu.ar\/cdab\/category\/newsletter\" target=\"_blank\">Cuidado social. V\u00ednculo virtual<\/a>. Este bolet\u00edn de recomendaciones, disponible en el sitio web del <a href=\"http:\/\/www.arte.unicen.edu.ar\/cdab\" target=\"_blank\" rel=\"noreferrer noopener\" aria-label=\"CDAB\">Centro de Documentaci\u00f3n Audiovisual y Biblioteca (CDAB)<\/a>, ofrece peri\u00f3dicamente libros de descarga gratuita, links a revistas acad\u00e9micas y bibliotecas digitales abiertas, contenidos audiovisuales, podcasts y contenidos web de inter\u00e9s. Hasta el momento se han publicado <strong>19 n\u00fameros<\/strong> de <a rel=\"noreferrer noopener\" href=\"http:\/\/www.arte.unicen.edu.ar\/cdab\/category\/newsletter\" target=\"_blank\">Cuidado social. V\u00ednculo virtual<\/a>, que fomentan el intercambio art\u00edstico-acad\u00e9mico entre lxs integrantes de nuestra comunidad educativa. La publicaci\u00f3n del bolet\u00edn contin\u00faa en curso.<\/li><li>Se estrenaron tres ediciones del ciclo de di\u00e1logos sobre investigaci\u00f3n y posgrado <strong>\u00bfEn qu\u00e9 and\u00e1s?<\/strong>. Adaptado a la coyuntura que estamos transitando bajo una nueva din\u00e1mica de participaci\u00f3n virtual, lxs interesadxs pueden visionarlo en el <a rel=\"noreferrer noopener\" href=\"https:\/\/www.youtube.com\/channel\/UCOBrOTwPT5GiKHYXACcgyLQ\" target=\"_blank\">canal oficial de YouTube<\/a> de la <a rel=\"noreferrer noopener\" href=\"http:\/\/www.arte.unicen.edu.ar\" target=\"_blank\">Facultad de Arte<\/a> y el sitio web del <strong>CDAB<\/strong>: <a rel=\"noreferrer noopener\" href=\"http:\/\/www.arte.unicen.edu.ar\/cdab\/secretaria-investigacion-posgrado-edicion-virtual-en-que-andas\" target=\"_blank\">\u00bfEn qu\u00e9 and\u00e1s? 2020 &#8211; Primera edici\u00f3n<\/a>; <a rel=\"noreferrer noopener\" href=\"http:\/\/www.arte.unicen.edu.ar\/cdab\/llega-la-segunda-edicion-2020-de-en-que-andas\" target=\"_blank\">\u00bfEn qu\u00e9 and\u00e1s? 2020 &#8211; Segunda edici\u00f3n<\/a>; <a rel=\"noreferrer noopener\" href=\"http:\/\/www.arte.unicen.edu.ar\/cdab\/siete-nuevos-participantes-indagan-en-sus-experiencias-en-que-andas\" target=\"_blank\">\u00bfEn qu\u00e9 and\u00e1s? 2020 &#8211; Tercera edici\u00f3n<\/a>.<\/li><li><a rel=\"noreferrer noopener\" href=\"http:\/\/www.arte.unicen.edu.ar\/artepublicaciones\" target=\"_blank\">Arte Publicaciones<\/a> present\u00f3 <em>La escuela sube el tel\u00f3n. Experiencias teatrales entre la EATA y la Facultad de Arte de la UNICEN<\/em>, un nuevo libro editado a partir de la articulaci\u00f3n entre ambas instituciones. Para ello se estabeci\u00f3 un convenio que fortaleci\u00f3 los v\u00ednculos comunitarios y posibilit\u00f3 la transformaci\u00f3n de algunos espacios dentro de la Escuela Agropecuaria de Tres Arroyos (EATA) en pos de optimizar la actividad teatral. <a rel=\"noreferrer noopener\" href=\"http:\/\/www.arte.unicen.edu.ar\/cdab\/arte-publicaciones-presenta-la-escuela-sube-el-telon-experiencias-teatrales-entre-la-eata-y-la-facultad-de-arte-de-la-unicen\" target=\"_blank\">Leer noticia completa en el sitio web del CDAB<\/a>.<\/li><li><a rel=\"noreferrer noopener\" href=\"http:\/\/www.arte.unicen.edu.ar\/artepublicaciones\" target=\"_blank\">Arte Publicaciones<\/a> public\u00f3 en su <a rel=\"noreferrer noopener\" aria-label=\"sitio web (abre en una nueva pesta\u00f1a)\" href=\"http:\/\/www.arte.unicen.edu.ar\/artepublicaciones\" target=\"_blank\">sitio web<\/a> el e-book <em>\u00bfCon qu\u00e9 trabaja la educaci\u00f3n art\u00edstica?<\/em> editado por Gabriela Pi\u00f1ero y Adriana Raggi Lucio, y las actas correspondientes a las <em>II Jornadas de Investigaci\u00f3n a trav\u00e9s de la Pr\u00e1ctica Art\u00edstica: Los desaf\u00edos<\/em> y las <em>X Jornadas Internacionales\/Nacionales de Historia, Arte y Pol\u00edtica<\/em>. Adem\u00e1s se presentaron los primeros dos volumenes &#8211;<em>Teatro de Pepo Sanzano<\/em> y <em>Teatro de Juan Santilli<\/em>&#8211; de la nueva <strong>Colecci\u00f3n Dramaturgias<\/strong>, dirigida por <strong>Mauricio Kartun<\/strong> y coordinada por <strong>Teresita Mar\u00eda Victoria Fuentes<\/strong>. <a rel=\"noreferrer noopener\" aria-label=\"Leer noticia completa en el sitio web del CDAB\" href=\"http:\/\/www.arte.unicen.edu.ar\/cdab\/arte-publicaciones-coleccion-dramaturgias-actas-jornadas\" target=\"_blank\">Leer noticia completa en el sitio web del CDAB<\/a>.<\/li><li>La <a rel=\"noreferrer noopener\" href=\"http:\/\/www.arte.unicen.edu.ar\/secretarias\/investigacion-posgrado\/\" target=\"_blank\">Secretar\u00eda de Investigaci\u00f3n y Posgrado<\/a> y la <a rel=\"noreferrer noopener\" href=\"http:\/\/www.arte.unicen.edu.ar\/secretarias\/academica\/\" target=\"_blank\">Secretar\u00eda Acad\u00e9mica<\/a> presentaron el ciclo de di\u00e1logos&nbsp;<strong>Yo no quiero volverme tan locx. Enfrentando el aislamiento con arte, cultura y educaci\u00f3n<\/strong>. El lunes 20 de abril, mediante la aplicaci\u00f3n de videollamadas Zoom, se inaugur\u00f3 este nuevo espacio de intercambio en el que participaron: <a rel=\"noreferrer noopener\" href=\"http:\/\/www.arte.unicen.edu.ar\/cdab\/kekena-corvalan-dio-inicio-ciclo-yo-no-quiero-volverme-tan-locx\/\" target=\"_blank\">Kekena Corval\u00e1n<\/a>, <a rel=\"noreferrer noopener\" href=\"http:\/\/www.arte.unicen.edu.ar\/cdab\/maria-stegmayer-estetica-politica-neoliberalismo-ynqvtl\" target=\"_blank\">Mar\u00eda Stegmayer<\/a>, <a rel=\"noreferrer noopener\" href=\"http:\/\/www.arte.unicen.edu.ar\/cdab\/claudio-pansera-arte-aplicado-transformacion-comunitaria-yo-no-quiero-volverme-tan-locx\" target=\"_blank\">Claudio Pansera<\/a>, <a rel=\"noreferrer noopener\" href=\"http:\/\/www.arte.unicen.edu.ar\/cdab\/yo-no-quiero-volverme-tan-locx-pablo-mereu-dialogo-postproduccion-distancia\" target=\"_blank\">Pablo Mereu<\/a>, la <strong>Cooperativa de Dise\u00f1o<\/strong>, <a rel=\"noreferrer noopener\" href=\"http:\/\/www.arte.unicen.edu.ar\/cdab\/alejandra-garcia-vargas-continuo-el-dialogo-ynqvtl\" target=\"_blank\">Alejandra Garc\u00eda Vargas<\/a>, <a rel=\"noreferrer noopener\" href=\"http:\/\/www.arte.unicen.edu.ar\/cdab\/ynqvtl-invito-repensar-cine-argentino-pandemia-mirada-nicolas-batlle\" target=\"_blank\">Nicol\u00e1s Batlle<\/a>, <a rel=\"noreferrer noopener\" href=\"http:\/\/www.arte.unicen.edu.ar\/cdab\/ynqvtl-colectiva-actrices-argentinas-dialogar-luchas-mujeres-artistas-cuarentena\" target=\"_blank\">Laura Azcurra<\/a> y <a rel=\"noreferrer noopener\" href=\"http:\/\/www.arte.unicen.edu.ar\/cdab\/ynqvtl-colectiva-actrices-argentinas-dialogar-luchas-mujeres-artistas-cuarentena\" target=\"_blank\">Natalia Badgen<\/a> (en representaci\u00f3n de la <a rel=\"noreferrer noopener\" href=\"http:\/\/www.arte.unicen.edu.ar\/cdab\/ynqvtl-colectiva-actrices-argentinas-dialogar-luchas-mujeres-artistas-cuarentena\" target=\"_blank\">Colectiva Actrices Argentinas<\/a>), <a rel=\"noreferrer noopener\" aria-label=\"Valeria Delgado\" href=\"http:\/\/www.arte.unicen.edu.ar\/cdab\/delgado-lindner-gallego-periodismo-cultural-radio-en-ynqvtl\" target=\"_blank\">Valeria Delgado<\/a>, <a rel=\"noreferrer noopener\" aria-label=\"Sebasti\u00e1n Lindner\" href=\"http:\/\/www.arte.unicen.edu.ar\/cdab\/delgado-lindner-gallego-periodismo-cultural-radio-en-ynqvtl\" target=\"_blank\">Sebasti\u00e1n Lindner<\/a> y <a rel=\"noreferrer noopener\" aria-label=\"Rolando Gallego\" href=\"http:\/\/www.arte.unicen.edu.ar\/cdab\/delgado-lindner-gallego-periodismo-cultural-radio-en-ynqvtl\" target=\"_blank\">Rolando Gallego<\/a>, <a rel=\"noreferrer noopener\" aria-label=\"Ruben Mir Ugolini\" href=\"http:\/\/www.arte.unicen.edu.ar\/cdab\/diseno-centrado-usuario-audiovisual-ruben-mir-ugolini-ynqvtl\" target=\"_blank\">Ruben Mir Ugolini<\/a>, <a rel=\"noreferrer noopener\" aria-label=\"Mar\u00eda Elsa Chapato\" href=\"http:\/\/www.arte.unicen.edu.ar\/cdab\/maria-elsa-chapato-propone-miradas-escuela-arte-ynqvtl\" target=\"_blank\">Mar\u00eda Elsa Chapato<\/a> y <a rel=\"noreferrer noopener\" aria-label=\"Silvio Fischbein\" href=\"http:\/\/www.arte.unicen.edu.ar\/cdab\/silvio-fischbein-creacion-doceavo-ynqvtl\" target=\"_blank\">Silvio Fischbein<\/a>. Los <strong>12 encuentros<\/strong> pueden volver a verse desde el <a rel=\"noreferrer noopener\" href=\"https:\/\/www.youtube.com\/channel\/UCOBrOTwPT5GiKHYXACcgyLQ\" target=\"_blank\">canal oficial de YouTube<\/a> de la <a rel=\"noreferrer noopener\" href=\"http:\/\/www.arte.unicen.edu.ar\/\" target=\"_blank\">Facultad de Arte<\/a> y el sitio web del <strong>CDAB<\/strong>.<\/li>\n\n\n\n<\/ul><ul><li>La <a rel=\"noreferrer noopener\" href=\"http:\/\/www.arte.unicen.edu.ar\/secretarias\/investigacion-posgrado\/\" target=\"_blank\">Secretar\u00eda de Investigaci\u00f3n y Posgrado<\/a> present\u00f3 <strong>Enlaces<\/strong>, un espacio de acompa\u00f1amiento y asesoramiento para lxs estudiantes, graduadxs y docentes de la&nbsp;<a rel=\"noreferrer noopener\" href=\"http:\/\/www.arte.unicen.edu.ar\/\" target=\"_blank\">Facultad de Arte<\/a> interesadxs en postularse a becas, proyectos de investigaci\u00f3n, vinculaci\u00f3n y transferencia o fomento a la producci\u00f3n intelectual en las distintas instituciones nacionales. <a rel=\"noreferrer noopener\" href=\"https:\/\/www.youtube.com\/watch?v=9Xjy5-blM3M&amp;list=PLZLzUbrpJYob8l9f_qWYfLlKFyZe-A4Mp\" target=\"_blank\">Mediante una serie de spots disponibles en el canal de YouTube de la Facultad de Arte<\/a> se repasan las principales convocatorias y l\u00edneas de financiamiento que brindan el <a rel=\"noreferrer noopener\" href=\"https:\/\/www.conicet.gov.ar\" target=\"_blank\">CONICET<\/a>, la <a rel=\"noreferrer noopener\" href=\"https:\/\/www.gba.gob.ar\/cic\" target=\"_blank\">Comisi\u00f3n de Investigaciones Cient\u00edficas (CIC)<\/a>, el <a rel=\"noreferrer noopener\" href=\"https:\/\/www.cin.edu.ar\" target=\"_blank\">Consejo Interuniversitario Nacional (CIN)<\/a>, la <a rel=\"noreferrer noopener\" href=\"http:\/\/www.agencia.mincyt.gob.ar\" target=\"_blank\">Agencia Nacional de Promoci\u00f3n Cient\u00edfica y Tecnol\u00f3gica<\/a>, el <a rel=\"noreferrer noopener\" href=\"https:\/\/www.cultura.gob.ar\" target=\"_blank\">Ministerio de Cultura<\/a>, el <a rel=\"noreferrer noopener\" href=\"https:\/\/www.fnartes.gob.ar\" target=\"_blank\">Fondo Nacional de las Artes (FNA)<\/a> y la <a rel=\"noreferrer noopener\" href=\"http:\/\/secat.unicen.edu.ar\" target=\"_blank\">Secretar\u00eda de Ciencia, Arte y Tecnolog\u00eda<\/a> de la <a rel=\"noreferrer noopener\" href=\"http:\/\/www.unicen.edu.ar\" target=\"_blank\">UNICEN<\/a>. Las piezas audiovisuales se estrenaron peri\u00f3dicamente en el bolet\u00edn <a href=\"http:\/\/www.arte.unicen.edu.ar\/cdab\/category\/newsletter\" target=\"_blank\" rel=\"noreferrer noopener\" aria-label=\"Cuidado social. V\u00ednculo virtual\">Cuidado social. V\u00ednculo virtual<\/a>.<\/li><li>Con la convicci\u00f3n de continuar acompa\u00f1ando y apoyando a lxs artistas locales durante la pandemia, el <a href=\"http:\/\/www.arte.unicen.edu.ar\/cdab\" target=\"_blank\" rel=\"noreferrer noopener\" aria-label=\"CDAB\">Centro de Documentaci\u00f3n Audiovisual y Biblioteca (CDAB)<\/a> cedi\u00f3 un importante n\u00famero de registros audiovisuales correspondientes a la puesta en escena de diversas obras teatrales dirigidas por estudiantes y docentes de la carrera de <a rel=\"noreferrer noopener\" href=\"http:\/\/www.arte.unicen.edu.ar\/carreras\/grado\/profesorado-de-teatro\/perfil-del-egresado_\" target=\"_blank\">Profesorado<\/a> y <a rel=\"noreferrer noopener\" href=\"http:\/\/www.arte.unicen.edu.ar\/carreras\/grado\/licenciado-en-teatro\/perfil-del-egresado_\" target=\"_blank\">Licenciado en Teatro<\/a> para la libre publicaci\u00f3n y difusi\u00f3n en la <strong>Teatroteca virtual Tandil<\/strong>, un fondo econ\u00f3mico solidario para lxs trabajadorxs teatrales y circenses de la ciudad. <a rel=\"noreferrer noopener\" href=\"http:\/\/www.arte.unicen.edu.ar\/cdab\/el-cdab-cedio-registros-audiovisuales-de-obras-teatrales-para-la-conformacion-de-la-teatroteca-virtual-tandil\" target=\"_blank\">Leer noticia completa en el sitio web del CDAB<\/a>.<\/li><li>La <a rel=\"noreferrer noopener\" href=\"http:\/\/www.arte.unicen.edu.ar\/secretarias\/investigacion-posgrado\/\" target=\"_blank\">Secretar\u00eda de Investigaci\u00f3n y Posgrado<\/a> y <a rel=\"noreferrer noopener\" href=\"http:\/\/www.arte.unicen.edu.ar\/artepublicaciones\" target=\"_blank\">Arte Publicaciones<\/a> abrieron la convocatoria <a href=\"http:\/\/www.arte.unicen.edu.ar\/cdab\/continua-abierta-la-convocatoria-cartas-manuscritas-realizada-por-la-secretaria-de-investigacion-y-posgrado-y-arte-publicaciones\" target=\"_blank\" rel=\"noopener noreferrer\">Cartas manuscritas<\/a>. La propuesta est\u00e1 dirigida a todas las personas interesadas en revalorizar las historias que conllevan las cartas manuscritas y su forma particular de intercambio y comunicaci\u00f3n. Los textos seleccionados formar\u00e1n parte de una publicaci\u00f3n en formato digital y audiovisual. El proyecto tiene como meta recopilar cartas personales del siglo XIX y XX que est\u00e9n relacionadas con ciudadanos de Tandil, en v\u00ednculo con el arte y la cultura de la ciudad. Las mismas se recibir\u00e1n v\u00eda e-mail en: <a rel=\"noreferrer noopener\" href=\"mailto:cartasmanuscritastandil@gmail.com\" target=\"_blank\">cartasmanuscritastandil@gmail.com<\/a><\/li><li>Se estrenaron c\u00e1psulas audiovisuales de <a rel=\"noreferrer noopener\" href=\"http:\/\/www.arte.unicen.edu.ar\/cdab\/category\/newsletter\" target=\"_blank\">Cuidado social. V\u00ednculo virtual<\/a> en las que distintos referentes comparten su visi\u00f3n y experiencias acerca de tem\u00e1ticas art\u00edsticas: el <a rel=\"noreferrer noopener\" aria-label=\"Dr. Jorge Dubatti\" href=\"https:\/\/www.youtube.com\/watch?v=IJ0kTRs-eus\" target=\"_blank\">Dr. Jorge Dubatti<\/a>, la <a rel=\"noreferrer noopener\" aria-label=\"Prof. Silvia Martinelli\" href=\"https:\/\/www.youtube.com\/watch?v=W_H1kYNdADw\" target=\"_blank\">Prof. Silvia Martinelli<\/a> y la graduada de RIAA <a rel=\"noreferrer noopener\" aria-label=\"Andrea Abdala\" href=\"https:\/\/www.youtube.com\/watch?v=xTbvc4-F4yI\" target=\"_blank\">Andrea Abdala<\/a>.<\/li><li>Desde el <a href=\"http:\/\/www.arte.unicen.edu.ar\/cdab\" target=\"_blank\" rel=\"noreferrer noopener\" aria-label=\"CDAB\">Centro de Documentaci\u00f3n Audiovisual y Biblioteca (CDAB)<\/a> se realiz\u00f3 la edici\u00f3n del podcast <a rel=\"noreferrer noopener\" aria-label=\"Inmigraci\u00f3n + Arte\" href=\"https:\/\/open.spotify.com\/show\/6a0TICde0LSOuFSSptaP2F\" target=\"_blank\">Inmigraci\u00f3n + Arte<\/a> realizado por la <strong>Prof. Cristina Carone<\/strong>. Los <strong>4 cap\u00edtulos<\/strong> se estrenaron en el apartado <em>De nuestrxs graduadxs<\/em> del bolet\u00edn <a href=\"http:\/\/www.arte.unicen.edu.ar\/cdab\/category\/newsletter\" target=\"_blank\" rel=\"noreferrer noopener\" aria-label=\"Cuidado social. V\u00ednculo virtual\">Cuidado social. V\u00ednculo virtual<\/a>.<\/li>\n\n\n\n<li>El martes 23 de junio a las 13:30 hs. se llev\u00f3 a cabo la <strong>primera defensa virtual de Tesis de Posgrado<\/strong> correspondiente a la <a rel=\"noreferrer noopener\" href=\"http:\/\/www.arte.unicen.edu.ar\/carreras\/posgrado\/maestria-en-teatro\" target=\"_blank\">Maestr\u00eda en Teatro (Menci\u00f3n Dise\u00f1o Esc\u00e9nico)<\/a>. La tesista <strong>Luz Hojsgaard<\/strong>, mediante la plataforma de videollamadas Zoom, present\u00f3 su trabajo titulado <em>Teatro multimedial: &#8220;Distancia&#8221;. An\u00e1lisis de un espect\u00e1culo de Mat\u00edas Umpierrez<\/em> dirigido por la Mg. Paula Fern\u00e1ndez. El Comit\u00e9 Evaluador estuvo integrado por la Dra. Alejandra Ceriani, la Mg. Lucrecia Etchecoin y la Mg. Gabriela Gonz\u00e1lez. El <a href=\"https:\/\/www.youtube.com\/watch?v=NcAwTwnfV0E\" target=\"_blank\" rel=\"noopener noreferrer\">registro audiovisual<\/a> se encuentra a disposici\u00f3n en el <a rel=\"noreferrer noopener\" href=\"https:\/\/www.youtube.com\/channel\/UCOBrOTwPT5GiKHYXACcgyLQ\" target=\"_blank\">canal oficial de YouTube<\/a> de la <a rel=\"noreferrer noopener\" href=\"http:\/\/www.arte.unicen.edu.ar\" target=\"_blank\">Facultad de Arte<\/a> y en <a rel=\"noreferrer noopener\" href=\"http:\/\/www.arte.unicen.edu.ar\/cdab\/cuidado-social-vinculo-virtual-15\/\" target=\"_blank\">Cuidado social. V\u00ednculo virtual #15<\/a>.<\/li>\n<li>El \u00e1rea de <a href=\"http:\/\/www.arte.unicen.edu.ar\/formacion-continua\" target=\"_blank\" rel=\"noopener noreferrer\">Formaci\u00f3n Continua<\/a> de la <a href=\"http:\/\/www.arte.unicen.edu.ar\/secretarias\/investigacion-posgrado\" target=\"_blank\" rel=\"noopener noreferrer\">Secretar\u00eda de Investigaci\u00f3n y Posgrado<\/a> present\u00f3 el ciclo de charlas con graduadxs <strong>Todo camino puede andar<\/strong>. Hasta el momento se han realizado <strong>siete encuentros<\/strong>: el primero, titulado <em>El docente de arte y su despliegue en la salud mental comunitaria<\/em>, se llev\u00f3 a cabo el jueves 27 de agosto y estuvo a cargo de la Profesora de Juegos Dram\u00e1ticos <strong>Laura Lago<\/strong> (<a href=\"http:\/\/www.arte.unicen.edu.ar\" target=\"_blank\" rel=\"noopener noreferrer\">FA<\/a>, <a href=\"http:\/\/www.unicen.edu.ar\" target=\"_blank\" rel=\"noopener noreferrer\">UNICEN<\/a>). El jueves 10 de septiembre tuvo lugar el segundo conversatorio con la presentaci\u00f3n de <strong>Mariana Mendiri<\/strong> (graduada de la carrera <a href=\"http:\/\/www.arte.unicen.edu.ar\/carreras\/grado\/riaa\/perfil-del-egresado_\" target=\"_blank\" rel=\"noopener noreferrer\">RIAA<\/a>) que reflexion\u00f3 acerca de <em>La producci\u00f3n audiovisual en Tandil<\/em>. <strong>Gina Biagioli<\/strong> refiri\u00f3 al <em>Teatro de lxs Oprimidxs: experiencia sensible y colectiva, motor de la construcci\u00f3n pol\u00edtica<\/em>, en la tercera charla realizada el viernes 18 de septiembre. <strong>Luc\u00eda Garc\u00eda<\/strong>, graduada de la carrera <a href=\"http:\/\/www.arte.unicen.edu.ar\/carreras\/grado\/riaa\/perfil-del-egresado_\" target=\"_blank\" rel=\"noopener noreferrer\">RIAA<\/a>, present\u00f3 <em>El arte como derecho humano. La educaci\u00f3n como puente para su despliegue en comunidad<\/em> el 1 de octubre y, el jueves 15, la graduada <strong>Jesica Montagna<\/strong> dialog\u00f3 sobre la <em>Trayectoria y pr\u00e1ctica docente teatral: los desaf\u00edos en el hacer<\/em>. El sexto encuentro del ciclo con la participaci\u00f3n de <strong>Felipe Restrepo<\/strong> plante\u00f3 <em>La importancia de pensar los modelos de producci\u00f3n audiovisual para la realizaci\u00f3n cinematogr\u00e1fica<\/em> (20 de octubre). <strong>Cristina Carone<\/strong> transmiti\u00f3 su vasta experiencia teatral en <em>\u00a1Que viva el Teatro! La potencia del encuentro comunitario a trav\u00e9s del arte<\/em>, el jueves 3 de diciembre.<br \/>Por otra parte, el mi\u00e9rcoles 7 de octubre se present\u00f3 una charla destinada a graduadxs de la <a href=\"http:\/\/www.arte.unicen.edu.ar\" target=\"_blank\" rel=\"noopener noreferrer\">Facultad de Arte<\/a> y otrxs interesadxs, a cargo de <strong>Pablo Rey<\/strong>. La misma se titul\u00f3 <em>Rumbo sostenido. Sue\u00f1os posibles, proyectos tangibles<\/em> (<a href=\"http:\/\/www.arte.unicen.edu.ar\/charla-rumbo-sostenido-suenos-posibles-proyectos-tangibles\" target=\"_blank\" rel=\"noopener noreferrer\">leer noticia completa en el sitio web de la Facultad de Arte<\/a>).<\/li><li>El \u00e1rea de <a href=\"http:\/\/www.arte.unicen.edu.ar\/formacion-continua\" target=\"_blank\" rel=\"noopener noreferrer\">Formaci\u00f3n Continua<\/a> de la <a href=\"http:\/\/www.arte.unicen.edu.ar\/secretarias\/investigacion-posgrado\" target=\"_blank\" rel=\"noopener noreferrer\">Secretar\u00eda de Investigaci\u00f3n y Posgrado<\/a> inici\u00f3 un ciclo de cursos con <em>Planificaci\u00f3n y rodaje desde la Asistencia de Direcci\u00f3n<\/em> a cargo de <strong>Luis Bern\u00e1rdez<\/strong> (<a href=\"http:\/\/www.arte.unicen.edu.ar\/curso-planificacion-y-rodaje-desde-la-asistencia-de-direccion\" target=\"_blank\" rel=\"noopener noreferrer\">leer noticia completa en el sitio web de la Facultad de Arte<\/a>), <em>Commedia dell\u00b4 Arte, un teatro de artesanos<\/em> dictado por <strong>Cristina Moreira<\/strong> (<a href=\"http:\/\/www.arte.unicen.edu.ar\/curso-de-formacion-continua\" target=\"_blank\" rel=\"noopener noreferrer\">leer noticia completa en el sitio web de la Facultad de Arte<\/a>) y <em>Abrazar la luz para que no incomode<\/em> con <strong>Le\u00f3n Greco<\/strong>. <a href=\"http:\/\/www.arte.unicen.edu.ar\/abrazar-la-luz-para-que-no-incomode-leon-greco\" target=\"_blank\" rel=\"noopener noreferrer\">Leer noticia completa en el sitio web de la Facultad de Arte<\/a>.<\/li>\n<li>El lunes 21 de septiembre se estren\u00f3 <a href=\"https:\/\/www.youtube.com\/channel\/UC4A6udlDT1SmVyAF-6yxM8w\" target=\"_blank\" rel=\"noopener noreferrer\">Ritos de paso<\/a>, una serie audiovisual impulsada por <a rel=\"noreferrer noopener\" aria-label=\"Arte Publicaciones\" href=\"http:\/\/www.arte.unicen.edu.ar\/artepublicaciones\" target=\"_blank\">Arte Publicaciones<\/a>, el <a href=\"http:\/\/www.arte.unicen.edu.ar\/cdab\" target=\"_blank\" rel=\"noreferrer noopener\" aria-label=\"CDAB\">Centro de Documentaci\u00f3n Audiovisual y Biblioteca (CDAB)<\/a> y la <a rel=\"noreferrer noopener\" href=\"http:\/\/www.arte.unicen.edu.ar\/secretarias\/investigacion-posgrado\" target=\"_blank\">Secretar\u00eda de Investigaci\u00f3n y Posgrado<\/a> de la <a href=\"http:\/\/www.arte.unicen.edu.ar\" target=\"_blank\" rel=\"noopener noreferrer\">Facultad de Arte<\/a>. Cada cap\u00edtulo verbaliza una sensaci\u00f3n relacionada con el presente de la pandemia desde una perspectiva humana y f\u00edsica en la que se territorializan los deseos en un contexto de aislamiento. Leer noticias completas en el sitio web del <strong>CDAB<\/strong>: <a href=\"http:\/\/www.arte.unicen.edu.ar\/cdab\/estreno-ritos-de-paso-arte-publicaciones-cdab-investigacion-y-posgrado\" target=\"_blank\" rel=\"noopener noreferrer\">estreno del primer cap\u00edtulo<\/a>, <a href=\"http:\/\/www.arte.unicen.edu.ar\/cdab\/paisajes-caseros-ritos-de-paso\" target=\"_blank\" rel=\"noopener noreferrer\">estreno del segundo cap\u00edtulo<\/a>, <a href=\"http:\/\/www.arte.unicen.edu.ar\/cdab\/ritos-de-paso-ojos-entreabiertos\" target=\"_blank\" rel=\"noopener noreferrer\">estreno del tercer cap\u00edtulo<\/a>, <a href=\"http:\/\/www.arte.unicen.edu.ar\/cdab\/el-deseo-el-encuentro-con-otrxs-llega-a-ritos-de-paso\" target=\"_blank\" rel=\"noopener noreferrer\">estreno del cuarto cap\u00edtulo<\/a>, <a href=\"http:\/\/www.arte.unicen.edu.ar\/cdab\/el-planeta-sigue-respirando-un-nuevo-capitulo-de-ritos-de-paso\" target=\"_blank\" rel=\"noopener noreferrer\">estreno del quinto cap\u00edtulo<\/a>, <a href=\"http:\/\/www.arte.unicen.edu.ar\/cdab\/estreno-sexto-capitulo-de-ritos-de-paso\" target=\"_blank\" rel=\"noopener noreferrer\">estreno del sexto cap\u00edtulo<\/a>, <a href=\"http:\/\/www.arte.unicen.edu.ar\/cdab\/cuantas-veces-mirar-mismo-espacio-ritos-de-paso\" target=\"_blank\" rel=\"noopener noreferrer\">estreno del s\u00e9ptimo cap\u00edtulo<\/a>, <a href=\"http:\/\/www.arte.unicen.edu.ar\/cdab\/definiciones-el-septimo-capitulo-de-ritos-de-paso\" target=\"_blank\" rel=\"noopener noreferrer\">estreno del octavo cap\u00edtulo<\/a>, <a href=\"http:\/\/www.arte.unicen.edu.ar\/cdab\/poder-popular-se-abre-paso-en-ritos-de-paso\" target=\"_blank\" rel=\"noopener noreferrer\">estreno del noveno cap\u00edtulo<\/a>, <a href=\"http:\/\/www.arte.unicen.edu.ar\/cdab\/caliz-pagano-el-decimo-capitulo-de-ritos-de-paso\" target=\"_blank\" rel=\"noopener noreferrer\">estreno del d\u00e9cimo cap\u00edtulo<\/a>, <a href=\"http:\/\/www.arte.unicen.edu.ar\/cdab\/cuantos-pasos-ritos-actuales-de-pandemia-ritos-de-paso-11\" target=\"_blank\" rel=\"noopener noreferrer\">estreno del decimoprimer cap\u00edtulo<\/a>, <a href=\"http:\/\/www.arte.unicen.edu.ar\/cdab\/movimiento-abrazo-al-abrazo-ultimo-capitulo-rdp\" target=\"_blank\" rel=\"noopener noreferrer\">estreno del decimotercer cap\u00edtulo<\/a>.<br \/>\nEl viernes 18 de diciembre a las 19 hs. el <a href=\"http:\/\/www.mumbat.com\" target=\"_blank\" rel=\"noopener noreferrer\">Museo Municipal de Bellas Artes Tandil (MUMBAT)<\/a> present\u00f3 la muestra <em>Ensayo sobre el artista-curador<\/em> en la que se pudieron visualizar todos los cap\u00edtulos de <strong>Ritos de paso<\/strong> y se estren\u00f3 el ante\u00faltimo episodio del a\u00f1o. <a href=\"http:\/\/www.arte.unicen.edu.ar\/cdab\/ritos-de-paso-llega-al-mumbat\" target=\"_blank\" rel=\"noopener noreferrer\">Leer noticia completa en el sitio web del CDAB<\/a> y <a href=\"http:\/\/www.arte.unicen.edu.ar\/ritos-de-paso-en-el-mumbat\" target=\"_blank\" rel=\"noopener noreferrer\">el sitio web de la Facultad de Arte<\/a>.<\/li>\n<li>El mi\u00e9rcoles 23 de septiembre, desde la <a href=\"http:\/\/www.arte.unicen.edu.ar\/diplomatura-en-arte-para-la-transformacion-social\" target=\"_blank\" rel=\"noopener noreferrer\">Diplomatura Universitaria en Arte para la Transformaci\u00f3n Social<\/a>, se dio inicio al ciclo de di\u00e1logos <strong>Multiplicar es la tarea. Experiencias en arte y transformaci\u00f3n social<\/strong>. Este espacio tiene como objetivo promover el intercambio a partir de experiencias y proyectos que se desarrollan en el cruce de las artes y los procesos de transformaci\u00f3n social. El primer encuentro estuvo a cargo de <strong>Ricardo Talento<\/strong> (Circuito Cultural Barracas CABA), <strong>Lucy Iguerategui<\/strong> (Macondo Creativa Mutual de Arte Popular de Olavarr\u00eda), <strong>Julio Benitez<\/strong> (grupo de Teatro comunitario &#8220;Los bufones del Anden&#8221;) y se titul\u00f3 <em>Teatro comunitario, diversidad de experiencias, la misma pasi\u00f3n<\/em>. El 14 de octubre se llev\u00f3 a cabo el segundo encuentro denominado <em>Cuando lo cotidiano se vuelve m\u00e1gico<\/em> con la participaci\u00f3n de <strong>Fabio Junco<\/strong> y <strong>Julio Mid\u00fa<\/strong> (Fundaci\u00f3n Cine con Vecinos). <strong>Daniela Lidia Sosa Otarola<\/strong> y <strong>Sof\u00eda Imeroni<\/strong> del Observatorio de G\u00e9neros de FECOOTRA y <strong>Cecilia Jubera<\/strong> y <strong>Ver\u00f3nica Rodr\u00edguez<\/strong> de la Cooperativa de Trabajo art\u00edstico RECOOPARTE LTDA. presentaron <em>Cooperativismo en di\u00e1logo con la equidad de g\u00e9neros y las artes<\/em>, el d\u00eda martes 17 de noviembre. Para m\u00e1s informaci\u00f3n te invitamos a leer las noticias completas en el sitio web de la <a href=\"http:\/\/www.arte.unicen.edu.ar\" target=\"_blank\" rel=\"noopener noreferrer\">Facultad de Arte<\/a>: <a href=\"http:\/\/www.arte.unicen.edu.ar\/multiplicar-es-la-tarea-experiencias-en-arte-y-transformacion-social\" target=\"_blank\" rel=\"noopener noreferrer\">primer encuentro<\/a>, <a href=\"http:\/\/www.arte.unicen.edu.ar\/cuando-lo-cotidiano-se-vuelve-magico-multiplicar-es-la-tarea-2\" target=\"_blank\" rel=\"noopener noreferrer\">segundo encuentro<\/a>, <a href=\"http:\/\/www.arte.unicen.edu.ar\/cooperativismo-en-dialogo-con-la-equidad-de-generos-y-las-artes-3\" target=\"_blank\" rel=\"noopener noreferrer\">tercer encuentro<\/a>.<\/li>\n<li>La <a rel=\"noreferrer noopener\" href=\"http:\/\/www.arte.unicen.edu.ar\/secretarias\/investigacion-posgrado\" target=\"_blank\">Secretar\u00eda de Investigaci\u00f3n y Posgrado<\/a> y el <a href=\"http:\/\/www.arte.unicen.edu.ar\/cdab\" target=\"_blank\" rel=\"noreferrer noopener\" aria-label=\"CDAB\">Centro de Documentaci\u00f3n Audiovisual y Biblioteca (CDAB)<\/a> organizaron la segunda edici\u00f3n de <strong>CDAB en movimiento<\/strong>, del <strong>28 al 30 de octubre<\/strong>, mediante un micrositio exclusivo: <a href=\"http:\/\/www.arte.unicen.edu.ar\/cdab\/enmovimiento\" target=\"_blank\" rel=\"noopener noreferrer\">www.arte.unicen.edu.ar\/cdab\/enmovimiento<\/a>. Este evento de car\u00e1cter anual tiene como objetivo reflexionar acerca de la labor e importancia de los archivos y centros de documentaci\u00f3n en la preservaci\u00f3n de aquellos registros que dan cuenta de nuestro pasado, presente y futuro&#8230; que se entrelazan en la construcci\u00f3n de la memoria y reflejan nuestra identidad. <strong>CDAB en movimiento<\/strong> busca visibilizar y garantizar la accesibilidad a nuestro acervo documental, compuesto por material bibliogr\u00e1fico y audiovisual especializado en teatro, cine y arte en general, como as\u00ed tambi\u00e9n a los registros sobre las producciones art\u00edsticas y encuentros acad\u00e9micos que conforman la memoria institucional de la <a href=\"http:\/\/www.arte.unicen.edu.ar\" target=\"_blank\" rel=\"noopener noreferrer\">Facultad de Arte<\/a> (<a href=\"http:\/\/www.arte.unicen.edu.ar\/cdab\/llega-cdab-en-movimiento-2020\" target=\"_blank\" rel=\"noopener noreferrer\">leer noticia completa en el sitio web del CDAB<\/a> y <a href=\"http:\/\/www.arte.unicen.edu.ar\/cdab-en-movimiento-2020\" target=\"_blank\" rel=\"noopener noreferrer\">el sitio web de la Facultad de Arte<\/a>). Resumen de actividades d\u00eda por d\u00eda: <a href=\"http:\/\/www.arte.unicen.edu.ar\/cdab\/cdab-en-movimiento-2020-dia-1\" target=\"_blank\" rel=\"noopener noreferrer\">28 de octubre<\/a>, <a href=\"http:\/\/www.arte.unicen.edu.ar\/cdab\/cdab-en-movimiento-2020-dia-2\" target=\"_blank\" rel=\"noopener noreferrer\">29 de octubre<\/a>, <a href=\"http:\/\/www.arte.unicen.edu.ar\/cdab\/cdab-en-movimiento-2020-dia-3\" target=\"_blank\" rel=\"noopener noreferrer\">30 de octubre<\/a>.<\/li>\n<li>La <a rel=\"noreferrer noopener\" href=\"http:\/\/www.arte.unicen.edu.ar\/secretarias\/investigacion-posgrado\" target=\"_blank\">Secretar\u00eda de Investigaci\u00f3n y Posgrado<\/a> present\u00f3 la <strong>VI Jornada de Tesistas de Posgrado<\/strong> de la <a href=\"http:\/\/www.arte.unicen.edu.ar\/carreras\/posgrado\/maestria-en-teatro\" target=\"_blank\" rel=\"noopener noreferrer\">Maestr\u00eda en Teatro<\/a>, un espacio en el que estudiantes avanzados dan cuenta de sus trayectos, reflexiones y problem\u00e1ticas en torno a los trabajos de tesis. El encuentro se realiz\u00f3 el viernes 23 de octubre y cont\u00f3 con las exposiciones de: <strong>Bernarda Dom\u00ednguez<\/strong>, <strong>Jos\u00e9 Osorio<\/strong>, <strong>Sandra Alanis<\/strong>, <strong>Yanina L\u00f3pez<\/strong> y <strong>Natalia Prous<\/strong>. <a href=\"http:\/\/www.arte.unicen.edu.ar\/vi-jornadas-de-tesistas-de-la-maestria-en-teatro\" target=\"_blank\" rel=\"noopener noreferrer\">Leer noticia completa en el sitio web de la Facultad de Arte<\/a>.<\/li>\n<li>La <a rel=\"noreferrer noopener\" href=\"http:\/\/www.arte.unicen.edu.ar\/secretarias\/investigacion-posgrado\/\" target=\"_blank\">Secretar\u00eda de Investigaci\u00f3n y Posgrado<\/a> present\u00f3 la <strong>II Jornada de Tesistas de Posgrado<\/strong> de la <a href=\"http:\/\/www.arte.unicen.edu.ar\/carreras\/posgrado\/maestria-en-arte-y-sociedad-en-latinoamerica\/\" target=\"_blank\" rel=\"noopener noreferrer\">Maestr\u00eda en Arte y Sociedad en Latinoam\u00e9rica<\/a>, uun espacio en el que estudiantes avanzados dan cuenta de sus trayectos, reflexiones y problem\u00e1ticas en torno a los trabajos de tesis. El encuentro se realiz\u00f3 el viernes 6 de noviembre y cont\u00f3 con las exposiciones de: <strong>Mar\u00eda Elsa Chapato<\/strong>, <strong>Claudia Castro<\/strong>, <strong>Ariel Ilzarbe<\/strong>, <strong>Nayla Llantada<\/strong> y <strong>Ayel\u00e9n Daverio<\/strong>. <a href=\"http:\/\/www.arte.unicen.edu.ar\/ii-jornada-de-tesistas\" target=\"_blank\" rel=\"noopener noreferrer\">Leer noticia completa en el sitio web de la Facultad de Arte<\/a>.<\/li>\n<li>La <a rel=\"noreferrer noopener\" href=\"http:\/\/www.arte.unicen.edu.ar\/secretarias\/investigacion-posgrado\/\" target=\"_blank\">Secretar\u00eda de Investigaci\u00f3n y Posgrado<\/a> y la <a href=\"http:\/\/www.arte.unicen.edu.ar\/carreras\/posgrado\/maestria-en-arte-y-sociedad-en-latinoamerica\" target=\"_blank\" rel=\"noopener noreferrer\">Maestr\u00eda en Arte y Sociedad en Latinoam\u00e9rica<\/a> presentaron la charla abierta <em>Pensando juntxs. Di\u00e1logos desde y hacia la interdisciplina<\/em> que cont\u00f3 con la participaci\u00f3n de docentes-investigadorxs de la <a href=\"http:\/\/www.uba.ar\" target=\"_blank\" rel=\"noopener noreferrer\">Universidad Nacional de Buenos Aires<\/a>, la <a href=\"https:\/\/www.untref.edu.ar\" target=\"_blank\" rel=\"noopener noreferrer\">Universidad Nacional de Tres de Febrero<\/a>, la <a href=\"https:\/\/www.unsam.edu.ar\" target=\"_blank\" rel=\"noopener noreferrer\">Universidad Nacional de San Mart\u00edn<\/a> y la <a href=\"http:\/\/www.unicen.edu.ar\" target=\"_blank\" rel=\"noopener noreferrer\">UNICEN<\/a>. El encuentro, coordinado por la <strong>Dra. Ana Silva<\/strong> (Directora de la <a href=\"http:\/\/www.arte.unicen.edu.ar\/carreras\/posgrado\/maestria-en-arte-y-sociedad-en-latinoamerica\" target=\"_blank\" rel=\"noopener noreferrer\">Maestr\u00eda en Arte y Sociedad en Latinoam\u00e9rica<\/a>), se realiz\u00f3 el d\u00eda jueves 19 de noviembre a las 10 hs. <a href=\"http:\/\/www.arte.unicen.edu.ar\/pensando-juntxs-dialogos-desde-y-hacia-la-interdisciplina\" target=\"_blank\" rel=\"noopener noreferrer\">Leer noticia completa en el sitio web de la Facultad de Arte<\/a>.<\/li>\n<li>El \u00e1rea de <a href=\"http:\/\/www.arte.unicen.edu.ar\/formacion-continua\" target=\"_blank\" rel=\"noopener noreferrer\">Formaci\u00f3n Continua<\/a> de la <a href=\"http:\/\/www.arte.unicen.edu.ar\/secretarias\/investigacion-posgrado\" target=\"_blank\" rel=\"noopener noreferrer\">Secretar\u00eda de Investigaci\u00f3n y Posgrado<\/a> present\u00f3 <a href=\"https:\/\/open.spotify.com\/show\/6a0TICde0LSOuFSSptaP2F\" target=\"_blank\" rel=\"noopener noreferrer\">Licencia para imaginar. Teatro para escuchar<\/a>, una propuesta de radioteatro en formato podcast que ofrece obras breves dirigidas por la <strong>Prof. Cristina Carone<\/strong> (<a href=\"http:\/\/www.arte.unicen.edu.ar\" target=\"_blank\" rel=\"noopener noreferrer\">Facultad de Arte<\/a>, <a href=\"http:\/\/www.unicen.edu.ar\" target=\"_blank\" rel=\"noopener noreferrer\">UNICEN<\/a>). Para su lanzamiento se interpret\u00f3 <em>Herida de mil balas<\/em> de <strong>Hern\u00e1n Mor\u00e1n<\/strong> (<a href=\"https:\/\/www.teatroxlaidentidad.net\" target=\"_blank\" rel=\"noopener noreferrer\">Teatro x la identidad<\/a>) con motivo del D\u00eda Nacional por el Derecho a la Identidad (22 de octubre) en homenaje a las Abuelas de Plaza de Mayo y su incansable lucha y b\u00fasqueda de identidades robadas. La segunda entrega, <em>Novios con solera<\/em>, fue escrita por el dramaturgo, director teatral y actor espa\u00f1ol Jos\u00e9 Cedena. <em>Fly me to the moon<\/em> se public\u00f3 el 16 de noviembre de 2020 y es la tercera propuesta del podcast. El 14 de diciembre se present\u00f3 <em>Diferencias<\/em> de Eduardo Grilli. Por \u00faltimo, el 28 de diciembre se estren\u00f3 <em>La civilizaci\u00f3n al rescate<\/em> de Juan Pablo Goni Capurro. Los estrenos pueden seguirse mediante la <a href=\"http:\/\/www.arte.unicen.edu.ar\" target=\"_blank\" rel=\"noopener noreferrer\">p\u00e1gina web de la Facultad de Arte<\/a>, <a href=\"https:\/\/open.spotify.com\/show\/6a0TICde0LSOuFSSptaP2F\" target=\"_blank\" rel=\"noopener noreferrer\">Spotify<\/a> y el bolet\u00edn <a href=\"http:\/\/www.arte.unicen.edu.ar\/cdab\/category\/newsletter\" target=\"_blank\" rel=\"noopener noreferrer\">Cuidado social. V\u00ednculo virtual<\/a>. Para m\u00e1s informaci\u00f3n: <a href=\"http:\/\/www.arte.unicen.edu.ar\/licencia-para-imaginar-teatro-para-escuchar\" target=\"_blank\" rel=\"noopener noreferrer\">leer noticia completa del primer estreno<\/a>, <a href=\"http:\/\/www.arte.unicen.edu.ar\/novios-con-solera\" target=\"_blank\" rel=\"noopener noreferrer\">leer noticia completa del segundo estreno<\/a>, <a href=\"http:\/\/www.arte.unicen.edu.ar\/fly-me-to-the-moon\" target=\"_blank\" rel=\"noopener noreferrer\">leer noticia completa del tercer estreno<\/a>, <a href=\"http:\/\/www.arte.unicen.edu.ar\/diferencias\" target=\"_blank\" rel=\"noopener noreferrer\">leer noticia completa del cuarto estreno<\/a>, <a href=\"http:\/\/www.arte.unicen.edu.ar\/la-civilizacion-al-rescate\" target=\"_blank\" rel=\"noopener noreferrer\">leer noticia completa del quinto estreno<\/a>.<\/li>\n<li><a rel=\"noreferrer noopener\" href=\"http:\/\/www.arte.unicen.edu.ar\/artepublicaciones\" target=\"_blank\">Arte Publicaciones<\/a> present\u00f3 el vig\u00e9simo noveno n\u00famero de <a href=\"http:\/\/www.ojs.arte.unicen.edu.ar\/index.php\/laescalera\" target=\"_blank\" rel=\"noopener noreferrer\">La Escalera<\/a>, el Anuario de la <a href=\"http:\/\/www.arte.unicen.edu.ar\" target=\"_blank\" rel=\"noopener noreferrer\">Facultad de Arte<\/a>. Esta revista acad\u00e9mica, disponible en formato f\u00edsico y digital, se encuentra indexada en <em>Latindex<\/em> (ISSN: 1515-8349) y cada a\u00f1o recupera la memoria institucional considerando las pr\u00e1cticas acad\u00e9micas, art\u00edsticas e investigativas de un colectivo cada vez m\u00e1s transdisciplinar. <a rel=\"noreferrer noopener\" href=\"http:\/\/www.arte.unicen.edu.ar\/cdab\/arte-publicaciones-vigesimo-noveno-numero-la-escalera\" target=\"_blank\">Leer noticia completa en el sitio web del CDAB<\/a>.<\/li>\n<li>El jueves 12 de noviembre se realiz\u00f3 la <strong>segunda defensa virtual de Tesis de Posgrado<\/strong>, correspondiente a la <a rel=\"noreferrer noopener\" href=\"http:\/\/www.arte.unicen.edu.ar\/carreras\/posgrado\/maestria-en-teatro\" target=\"_blank\">Maestr\u00eda en Teatro (Menci\u00f3n Actuaci\u00f3n)<\/a>. La maestranda <strong>Valentina Etchart<\/strong> present\u00f3 su trabajo: <em>Media Opaca y M\u00e1scara Neutra. Hacia un entrenamiento situado desde la corporeidad. Desde Jacques Lecoq, tr\u00e1nsitos, apropiaciones y transformaciones. Par\u00eds \u2013 Francia (2009-2010) C\u00f3rdoba \u2013 Argentina (2015-2019)<\/em> dirigido por la Mg. Gabriela P\u00e9rez Cubas. El Comit\u00e9 Evaluador estuvo integrado por Cipriano Arg\u00fcello Pitt, Jos\u00e9 Luis Valenzuela y Magdalena Arnao Bergero. El <a href=\"https:\/\/www.youtube.com\/watch?v=FnRffyrFlvw\" target=\"_blank\" rel=\"noopener noreferrer\">registro audiovisual<\/a> se encuentra a disposici\u00f3n en el <a rel=\"noreferrer noopener\" href=\"https:\/\/www.youtube.com\/channel\/UCOBrOTwPT5GiKHYXACcgyLQ\" target=\"_blank\">canal oficial de YouTube<\/a> de la <a rel=\"noreferrer noopener\" href=\"http:\/\/www.arte.unicen.edu.ar\" target=\"_blank\">Facultad de Arte<\/a>.<\/li>\n<li>El Instituto de Artes Mauricio Kagel de la <a href=\"http:\/\/www.unsam.edu.ar\" target=\"_blank\" rel=\"noopener noreferrer\">UNSAM<\/a> y la <a href=\"http:\/\/www.arte.unicen.edu.ar\" target=\"_blank\" rel=\"noopener noreferrer\">Facultad de Arte<\/a> de la <a href=\"http:\/\/www.unicen.edu.ar\" target=\"_blank\" rel=\"noopener noreferrer\">UNICEN<\/a>, a trav\u00e9s del \u00e1rea de <a href=\"http:\/\/www.arte.unicen.edu.ar\/formacion-continua\" target=\"_blank\" rel=\"noopener noreferrer\">Formaci\u00f3n Continua<\/a> (<a href=\"http:\/\/www.arte.unicen.edu.ar\/secretarias\/investigacion-posgrado\" target=\"_blank\" rel=\"noopener noreferrer\">Secretar\u00eda de Investigaci\u00f3n y Posgrado<\/a>) y el <a href=\"http:\/\/www.arte.unicen.edu.ar\/institucional\/departamentos\/artes-audiovisuales\" target=\"_blank\" rel=\"noopener noreferrer\">Departamento de Artes Audiovisuales<\/a> (RIAA), organizaron el encuentro <em>Cruces en el documental<\/em> con la participaci\u00f3n de <strong>Felipe Restrepo<\/strong>, director del documental <em>Un hombre alado<\/em>, y <strong>Victoria Solano<\/strong> y <strong>Marco Cartolano<\/strong>, realizadores de <em>Sumerc\u00e9<\/em>. La coordinaci\u00f3n estuvo a cargo de <strong>Javier Campo<\/strong> (<a href=\"http:\/\/www.unicen.edu.ar\" target=\"_blank\" rel=\"noopener noreferrer\">UNICEN<\/a>) y <strong>Carolina Scaglione<\/strong> (<a href=\"http:\/\/www.unsam.edu.ar\" target=\"_blank\" rel=\"noopener noreferrer\">UNSAM<\/a>). La charla se pudo seguir mediante la plataforma Zoom el jueves 12 de noviembre. <a rel=\"noreferrer noopener\" href=\"http:\/\/www.arte.unicen.edu.ar\/cruces-en-el-documental\" target=\"_blank\">Leer noticia completa en el sitio web de la Facultad de Arte<\/a>.<\/li>\n<li><a href=\"http:\/\/www.arte.unicen.edu.ar\/artepublicaciones\" target=\"_blank\" rel=\"noopener noreferrer\">Arte Publicaciones<\/a> sum\u00f3 un nuevo punto de venta para todos sus libros: <strong>Hola Librer\u00eda<\/strong> (San Mart\u00edn 854, Tandil). <a href=\"http:\/\/www.arte.unicen.edu.ar\/cdab\/arte-publicaciones-suma-un-nuevo-punto-de-venta-hola-libreria\" target=\"_blank\" rel=\"noopener noreferrer\">Leer noticia completa en el sitio web del CDAB<\/a> y <a href=\"http:\/\/www.arte.unicen.edu.ar\/nuevo-punto-de-venta-arte-publicaciones\" target=\"_blank\" rel=\"noopener noreferrer\">el sitio web de la Facultad de Arte<\/a>.<\/li>\n<li>El <strong>Centro de Documentaci\u00f3n Audiovisual y Biblioteca (CDAB)<\/strong> facilit\u00f3 los registros audiovisuales solicitados por los graduadxs de la <a href=\"http:\/\/www.arte.unicen.edu.ar\" target=\"_blank\" rel=\"noopener noreferrer\">Facultad de Arte<\/a> en el marco de la convocatoria abierta <em>Realizaci\u00f3n de reels actorales. Graduadxs en dupla<\/em>. M\u00e1s informaci\u00f3n <a href=\"http:\/\/www.arte.unicen.edu.ar\/reels-actorales-convocatoria-abierta\" target=\"_blank\" rel=\"noopener noreferrer\">aqu\u00ed<\/a>.<\/li>\n<li>Desde el mes de julio, el \u00e1rea de <a rel=\"noreferrer noopener\" aria-label=\"Comunicaci\u00f3n\" href=\"http:\/\/www.arte.unicen.edu.ar\/institucional\/comunicacion\" target=\"_blank\">Comunicaci\u00f3n<\/a> y el <strong>Centro de Documentaci\u00f3n Audiovisual y Biblioteca (CDAB)<\/strong> comenzaron a trabajar en el dise\u00f1o y creaci\u00f3n de <a rel=\"noreferrer noopener\" aria-label=\"artexver\" href=\"http:\/\/www.artexver.tv\" target=\"_blank\">artexver<\/a>, una plataforma de contenidos audiovisuales para acercar las producciones art\u00edsticas de estudiantes, graduadxs, docentes e investigadores a nuevos p\u00fablicos y consumos (<a href=\"http:\/\/www.arte.unicen.edu.ar\/cdab\/nueva-plataforma-de-contenidos-audiovisuales-de-la-facultad-de-arte\" target=\"_blank\" rel=\"noopener noreferrer\">leer noticia completa en el sitio web del CDAB<\/a>). El <strong>29 de diciembre<\/strong> a las <strong>19 hs.<\/strong> se present\u00f3 oficialmente el espacio mediante un <a rel=\"noreferrer noopener\" aria-label=\"artexver\" href=\"https:\/\/www.youtube.com\/watch?v=wfu_WKetXwU\" data-fancybox>spot que se estren\u00f3 en vivo en el canal de YouTube de la Facultad de Arte<\/a>. Para acceder a <a rel=\"noreferrer noopener\" aria-label=\"artexver\" href=\"http:\/\/www.artexver.tv\" target=\"_blank\">artexver<\/a>: <a rel=\"noreferrer noopener\" aria-label=\"artexver\" href=\"http:\/\/www.artexver.tv\" target=\"_blank\">www.artexver.tv<\/a><\/li>\n<\/ul>\n","protected":false},"excerpt":{"rendered":"<p>En concordancia con el aislamiento social, preventivo y obligatorio dispuesto por el gobierno nacional, lo resuelto por el Comit\u00e9 de Emergencia designado por el Consejo Superior de la Universidad Nacional del Centro de la Provincia de Buenos Aires para atender todas las cuestiones derivadas de la pandemia COVID-19 y las medidas adoptadas por la Facultad de Arte, el Centro de [&hellip;]<\/p>\n","protected":false},"author":1,"featured_media":12789,"comment_status":"closed","ping_status":"closed","sticky":false,"template":"","format":"standard","meta":{"_acf_changed":false,"footnotes":""},"categories":[1],"tags":[292,214,215,2554,288,294],"class_list":["post-11751","post","type-post","status-publish","format-standard","has-post-thumbnail","hentry","category-novedades","tag-arte-publicaciones","tag-cdab","tag-facultad-de-arte","tag-formacion-continua","tag-secretaria-de-investigacion-y-posgrado","tag-unicen"],"acf":[],"_links":{"self":[{"href":"https:\/\/www.arte.unicen.edu.ar\/cdab\/wp-json\/wp\/v2\/posts\/11751","targetHints":{"allow":["GET"]}}],"collection":[{"href":"https:\/\/www.arte.unicen.edu.ar\/cdab\/wp-json\/wp\/v2\/posts"}],"about":[{"href":"https:\/\/www.arte.unicen.edu.ar\/cdab\/wp-json\/wp\/v2\/types\/post"}],"author":[{"embeddable":true,"href":"https:\/\/www.arte.unicen.edu.ar\/cdab\/wp-json\/wp\/v2\/users\/1"}],"replies":[{"embeddable":true,"href":"https:\/\/www.arte.unicen.edu.ar\/cdab\/wp-json\/wp\/v2\/comments?post=11751"}],"version-history":[{"count":2,"href":"https:\/\/www.arte.unicen.edu.ar\/cdab\/wp-json\/wp\/v2\/posts\/11751\/revisions"}],"predecessor-version":[{"id":22438,"href":"https:\/\/www.arte.unicen.edu.ar\/cdab\/wp-json\/wp\/v2\/posts\/11751\/revisions\/22438"}],"wp:featuredmedia":[{"embeddable":true,"href":"https:\/\/www.arte.unicen.edu.ar\/cdab\/wp-json\/wp\/v2\/media\/12789"}],"wp:attachment":[{"href":"https:\/\/www.arte.unicen.edu.ar\/cdab\/wp-json\/wp\/v2\/media?parent=11751"}],"wp:term":[{"taxonomy":"category","embeddable":true,"href":"https:\/\/www.arte.unicen.edu.ar\/cdab\/wp-json\/wp\/v2\/categories?post=11751"},{"taxonomy":"post_tag","embeddable":true,"href":"https:\/\/www.arte.unicen.edu.ar\/cdab\/wp-json\/wp\/v2\/tags?post=11751"}],"curies":[{"name":"wp","href":"https:\/\/api.w.org\/{rel}","templated":true}]}}