{"id":11486,"date":"2020-03-25T10:07:46","date_gmt":"2020-03-25T13:07:46","guid":{"rendered":"http:\/\/www.arte.unicen.edu.ar\/cdab\/?p=11486"},"modified":"2021-02-09T11:29:04","modified_gmt":"2021-02-09T14:29:04","slug":"nos-quedamos-en-casa-conectados-y-comunicados","status":"publish","type":"post","link":"https:\/\/www.arte.unicen.edu.ar\/cdab\/nos-quedamos-en-casa-conectados-y-comunicados\/","title":{"rendered":"Nos quedamos en casa. Conectadxs y comunicados."},"content":{"rendered":"\n<p>Desde el <strong>Centro de Documentaci\u00f3n Audiovisual y Biblioteca (CDAB)<\/strong> de la <a rel=\"noreferrer noopener\" aria-label=\"Facultad de Arte (abre en una nueva pesta\u00f1a)\" href=\"http:\/\/www.arte.unicen.edu.ar\" target=\"_blank\">Facultad de Arte<\/a> continuamos trabajando para estar m\u00e1s cerca tuyo mientras afrontamos la situaci\u00f3n sanitaria que atraviesa Argentina y el mundo en relaci\u00f3n a la pandemia COVID-19. Es por ello que peri\u00f3dicamente te acercamos nuevas propuestas para que puedas seguir leyendo, viendo e investigando, a\u00fan cuando no podemos encontrarnos presencialmente en nuestro espacio habitual. Con ese objetivo y bajo ese esp\u00edritu surgi\u00f3 <a rel=\"noreferrer noopener\" aria-label=\"Cuidado social. V\u00ednculo virtual (abre en una nueva pesta\u00f1a)\" href=\"http:\/\/www.arte.unicen.edu.ar\/cdab\/category\/newsletter\" target=\"_blank\">Cuidado social. V\u00ednculo virtual<\/a>.<\/p>\n\n\n\n<p>Esta iniciativa de la <strong>Secretar\u00eda de Investigaci\u00f3n y Posgrado<\/strong> de la <a rel=\"noreferrer noopener\" aria-label=\"Facultad de Arte (abre en una nueva pesta\u00f1a)\" href=\"http:\/\/www.arte.unicen.edu.ar\" target=\"_blank\">Facultad de Arte<\/a> consiste en un bolet\u00edn de recomendaciones en el que se presentan libros, revistas acad\u00e9micas, archivos y bibliotecas digitales abiertas, contenidos audiovisuales, podcasts y links de inter\u00e9s para fomentar el intercambio art\u00edstico-acad\u00e9mico entre todos los integrantes de nuestra comunidad educativa. De esta manera continuamos form\u00e1ndonos y reflexionando sobre el arte sin dejar de cuidarnos entre todxs. <strong>Nos quedamos en casa. Conectadxs y comunicados.<\/strong><\/p>\n\n\n\n<p>Pod\u00e9s acceder a este contenido desde la pantalla inicial del sitio web del <strong>CDAB<\/strong> o bien mediante el link <a rel=\"noreferrer noopener\" aria-label=\"www.arte.unicen.edu.ar\/cdab\/category\/newsletter (abre en una nueva pesta\u00f1a)\" href=\"http:\/\/www.arte.unicen.edu.ar\/cdab\/category\/newsletter\" target=\"_blank\">www.arte.unicen.edu.ar\/cdab\/category\/newsletter<\/a><\/p>\n\n\n\n<p><strong>\u00a1Te invitamos a leer, ver y escuchar el tercer n\u00famero publicado hace unos minutos!<\/strong><\/p>\n\n\n\n<div style=\"width: 100%; text-align: center; margin: 15px auto 25px;\"><a href=\"http:\/\/www.arte.unicen.edu.ar\/cdab\/cuidado-social-vinculo-virtual-3\" target=\"_blank\" rel=\"noopener noreferrer\"><img decoding=\"async\" class=\"publicacion-tapa aligncenter size-medium wp-image-2866\" src=\"http:\/\/www.arte.unicen.edu.ar\/cdab\/wp-content\/uploads\/2020\/03\/csvv-covid-3.png\" data-fancybox=\"gallery\" data-caption=\"Nos quedamos en casa. Conectadxs y comunicados.\"\/><\/a><\/div>\n\n\n\n<p>Para m\u00e1s informaci\u00f3n acerca de las medidas que hemos adoptado en relaci\u00f3n al COVID-19 y conocer todas las recomendaciones del <a rel=\"noreferrer noopener\" aria-label=\"Ministerio de Salud (abre en una nueva pesta\u00f1a)\" href=\"https:\/\/www.argentina.gob.ar\/salud\" target=\"_blank\">Ministerio de Salud<\/a> visit\u00e1: <a href=\"http:\/\/www.arte.unicen.edu.ar\/cdab\/saber-para-prevenir-comunicado-covid-19\">www.arte.unicen.edu.ar\/cdab\/saber-para-prevenir-comunicado-covid-19<\/a><\/p>\n","protected":false},"excerpt":{"rendered":"<p>Desde el Centro de Documentaci\u00f3n Audiovisual y Biblioteca (CDAB) de la Facultad de Arte continuamos trabajando para estar m\u00e1s cerca tuyo mientras afrontamos la situaci\u00f3n sanitaria que atraviesa Argentina y el mundo en relaci\u00f3n a la pandemia COVID-19. Es por ello que peri\u00f3dicamente te acercamos nuevas propuestas para que puedas seguir leyendo, viendo e investigando, a\u00fan cuando no podemos encontrarnos [&hellip;]<\/p>\n","protected":false},"author":1,"featured_media":11488,"comment_status":"open","ping_status":"open","sticky":false,"template":"","format":"standard","meta":{"_acf_changed":false,"footnotes":""},"categories":[1],"tags":[214,2501,215,288],"class_list":["post-11486","post","type-post","status-publish","format-standard","has-post-thumbnail","hentry","category-novedades","tag-cdab","tag-cuidado-social-vinculo-virtual","tag-facultad-de-arte","tag-secretaria-de-investigacion-y-posgrado"],"acf":[],"_links":{"self":[{"href":"https:\/\/www.arte.unicen.edu.ar\/cdab\/wp-json\/wp\/v2\/posts\/11486","targetHints":{"allow":["GET"]}}],"collection":[{"href":"https:\/\/www.arte.unicen.edu.ar\/cdab\/wp-json\/wp\/v2\/posts"}],"about":[{"href":"https:\/\/www.arte.unicen.edu.ar\/cdab\/wp-json\/wp\/v2\/types\/post"}],"author":[{"embeddable":true,"href":"https:\/\/www.arte.unicen.edu.ar\/cdab\/wp-json\/wp\/v2\/users\/1"}],"replies":[{"embeddable":true,"href":"https:\/\/www.arte.unicen.edu.ar\/cdab\/wp-json\/wp\/v2\/comments?post=11486"}],"version-history":[{"count":2,"href":"https:\/\/www.arte.unicen.edu.ar\/cdab\/wp-json\/wp\/v2\/posts\/11486\/revisions"}],"predecessor-version":[{"id":17028,"href":"https:\/\/www.arte.unicen.edu.ar\/cdab\/wp-json\/wp\/v2\/posts\/11486\/revisions\/17028"}],"wp:featuredmedia":[{"embeddable":true,"href":"https:\/\/www.arte.unicen.edu.ar\/cdab\/wp-json\/wp\/v2\/media\/11488"}],"wp:attachment":[{"href":"https:\/\/www.arte.unicen.edu.ar\/cdab\/wp-json\/wp\/v2\/media?parent=11486"}],"wp:term":[{"taxonomy":"category","embeddable":true,"href":"https:\/\/www.arte.unicen.edu.ar\/cdab\/wp-json\/wp\/v2\/categories?post=11486"},{"taxonomy":"post_tag","embeddable":true,"href":"https:\/\/www.arte.unicen.edu.ar\/cdab\/wp-json\/wp\/v2\/tags?post=11486"}],"curies":[{"name":"wp","href":"https:\/\/api.w.org\/{rel}","templated":true}]}}