{"id":11434,"date":"2020-03-27T13:20:33","date_gmt":"2020-03-27T16:20:33","guid":{"rendered":"http:\/\/www.arte.unicen.edu.ar\/cdab\/?p=11434"},"modified":"2020-10-21T14:43:19","modified_gmt":"2020-10-21T17:43:19","slug":"cuidado-social-vinculo-virtual-4","status":"publish","type":"post","link":"https:\/\/www.arte.unicen.edu.ar\/cdab\/cuidado-social-vinculo-virtual-4\/","title":{"rendered":"Cuidado social. V\u00ednculo virtual #4"},"content":{"rendered":"\n<p class=\"cdab-text-covid19\"><strong>Cuidado social. V\u00ednculo virtual<\/strong> es una iniciativa de la <em>Secretar\u00eda de Investigaci\u00f3n y Posgrado<\/em> de la <a href=\"http:\/\/www.arte.unicen.edu.ar\" target=\"_blank\" rel=\"noopener noreferrer\">Facultad de Arte<\/a>. En este bolet\u00edn de recomendaciones se presentar\u00e1n libros, revistas acad\u00e9micas, archivos y bibliotecas digitales abiertas, contenidos audiovisuales y links de inter\u00e9s para fomentar el intercambio entre todos los integrantes de la comunidad educativa. De esta forma seguiremos form\u00e1ndonos y reflexionando sobre el arte sin dejar de cuidarnos entre todos ante la pandemia COVID-19.<\/p>\n\n<div class=\"cdab-especial-covid19-card\"><div class=\"cdab-especial-covid19-card-icon libros\"><i class=\"fa fa-book\" aria-hidden=\"true\" style=\"margin-left: 3px;\"><\/i><\/div><div class=\"cdab-especial-covid19-card-title libros\">LIBROS<\/div><p><img decoding=\"async\" class=\"cdab-tapa-instidentpoet-index publicacion-tapa\" title=\"Instituciones, identidades, po\u00e9ticas. Pr\u00e1cticas y trayectorias art\u00edsticas en el sur de la Provincia de Buenos Aires\" src=\"http:\/\/www.arte.unicen.edu.ar\/cdab\/wp-content\/themes\/cdab\/images\/cdab-tapa-instidentpoet.png\" alt=\"Instituciones, identidades, po\u00e9ticas. Pr\u00e1cticas y trayectorias art\u00edsticas en el sur de la Provincia de Buenos Aires\" style=\"width: 220px; height: 302px; float: right; border: 10px solid #fff; box-shadow: 0 0 5px rgba(0, 0, 0, 0.1); -webkit-box-shadow: 0 0 5px rgba(0, 0, 0, 0.1); -moz-box-shadow: 0 0 5px rgba(0, 0, 0, 0.1); display: block; margin: 0px 0px 22px 22px;\"\/><\/p><h3>Instituciones, identidades, po\u00e9ticas. Pr\u00e1cticas y trayectorias art\u00edsticas en el sur de la Provincia de Buenos Aires<\/h3><p><strong>Teresita Mar\u00eda Victoria Fuentes, Ana Silva (comps.)<br \/>2018. 238 p\u00e1ginas. 22 x 15 cm. Arte Publicaciones e Instituto de Artes del Espect\u00e1culo (IAE, FFyL, UBA)<\/strong><br \/><strong><u>Dise\u00f1o de tapa:<\/u> Fernando Funaro<\/strong><\/p><p>Esta publicaci\u00f3n es el resultado de las investigaciones realizadas en el marco del <a href=\"http:\/\/www.arte.unicen.edu.ar\/tecc\" target=\"_blank\" rel=\"noopener noreferrer\">Centro de Estudios sobre Teatro, Educaci\u00f3n y Consumos Culturales (TECC)<\/a> de la <a href=\"http:\/\/www.arte.unicen.edu.ar\" target=\"_blank\" rel=\"noopener noreferrer\">Facultad de Arte<\/a> de la <a href=\"http:\/\/www.unicen.edu.ar\" target=\"_blank\" rel=\"noopener noreferrer\">Universidad del Centro de la Provincia de Buenos Aires<\/a>. Cada cap\u00edtulo presenta estudios sobre distintas experiencias art\u00edsticas acontecidas en el pasado reciente en el centro y sur de la provincia de Buenos Aires, con particular \u00e9nfasis en las artes esc\u00e9nicas y audiovisuales.<\/p>\n<p><strong>Instituciones, identidades y po\u00e9ticas<\/strong> constituyen tres ejes profundamente imbrincados que atraviesan todo el libro: los sentidos de la localidad expresados-elaborados en po\u00e9ticas particulares; la construcci\u00f3n de identidades y el entramado institucional de espacios para la sociabilidad, la ense\u00f1anza y la experimentaci\u00f3n art\u00edstica. La publicaci\u00f3n cuenta con los aportes de <em>Luciano Barandiar\u00e1n<\/em>, <em>Diana Barreyra<\/em>, <em>Agustina Bertone<\/em>, <em>Javier Campo<\/em>, <em>Mar\u00eda Amelia Garc\u00eda<\/em>, <em>Mariana Gardey<\/em>, <em>Daniel Giacomelli<\/em>, <em>Mar\u00eda Eugenia Iturralde<\/em>, <em>F\u00e1tima Llano<\/em>, <em>Rub\u00e9n Maidana<\/em>, <em>Clara Marconato<\/em>, <em>Magal\u00ed Mariano<\/em>, <em>Virginia Morazzo<\/em>, <em>Juan Manuel Padr\u00f3n<\/em>, <em>Valeria Palavecino<\/em>, <em>Anabel Paoletta<\/em>, <em>Gabriela Pi\u00f1ero<\/em>, <em>Augusto Ricardo<\/em>, <em>Mario Valiente<\/em> y <em>Cecilia Wulff<\/em>.<\/p><div class=\"container-newsbutton\">\n<a class=\"cdab-newsbuttonlink\" href=\"http:\/\/www.arte.unicen.edu.ar\/artepublicaciones\/libros\/instituciones-identidades-poeticas.pdf\" target=\"_blank\" rel=\"noopener noreferrer\"><div class=\"cdab-pdf-newsbutton\">DESCARGAR E-BOOK<\/div><\/a>\n<\/div>\n<hr style=\"margin-bottom: 25px;\"\/>\n<p><img decoding=\"async\" class=\"cdab-tapa-instidentpoet-index publicacion-tapa\" title=\"Queerentena. Escrituras escurridizas para la liberaci\u00f3n de los cuerpos en cuarentena\" src=\"http:\/\/www.arte.unicen.edu.ar\/cdab\/wp-content\/uploads\/2020\/03\/queerentena-tapa.png\" alt=\"Queerentena. Escrituras escurridizas para la liberaci\u00f3n de los cuerpos en cuarentena\" style=\"width: 220px; height: 302px; float: right; border: 10px solid #fff; box-shadow: 0 0 5px rgba(0, 0, 0, 0.1); -webkit-box-shadow: 0 0 5px rgba(0, 0, 0, 0.1); -moz-box-shadow: 0 0 5px rgba(0, 0, 0, 0.1); display: block; margin: 0px 0px 22px 22px;\"\/><\/p><h3>Queerentena. Escrituras escurridizas para la liberaci\u00f3n de los cuerpos en cuarentena<\/h3><p><strong>AA.VV. 2020. 91 p\u00e1ginas.<\/strong><\/p><p>Ante la pandemia de coronavirus y el aislamiento, son muches quienes decidieron liberar su arte desde las redes sociales para acompa\u00f1ar. La <strong>Editorial Puntos Suspensivos<\/strong> cre\u00f3 una publicaci\u00f3n con textos de artistas pertenecientes al colectivo LGBTIQ+. Compila 26 poetas, escritorxs e ilustradorxs: Euge Murillo, Sof\u00eda Vaisman Maturana,Lara Tufaro, Nicol\u00e1s Samuel Illuminati, Michelle Lacroix, Neu, gaita nihil, Nadia Sol Caramella, Dafne Pidemunt, Gabriela Borrelli Azara, Moyi Schwartzer, Alejandro Jedrzejewski, Clau Bidegain, Leticia Hernando, Rosa Rodr\u00edguez Cantero, Rusia, Camila Sosa Villada, Juli\u00e1n Chac\u00f3n, Vir Cano, Celina Eibuszyc, Chana Mamani, Lin Pao, Lucas &#8220;Fauno&#8221; Guti\u00e9rrez Morena Garc\u00eda, Ese &#8220;el Negro&#8221; Montenegro, Juan Duncan y Femimutancia.<\/p><div class=\"container-newsbutton\">\n<a class=\"cdab-newsbuttonlink\" href=\"https:\/\/www.yumpu.com\/es\/document\/read\/63163278\/queerentena\" target=\"_blank\" rel=\"noopener noreferrer\"><div class=\"cdab-web-newsbutton\">LEER E-BOOK<\/div><\/a>\n<\/div><\/div>\n<div class=\"cdab-especial-covid19-card\"><div class=\"cdab-especial-covid19-card-icon revistas\"><i class=\"fa fa-file-text-o\" aria-hidden=\"true\" style=\"margin-left: 3px;\"><\/i><\/div><div class=\"cdab-especial-covid19-card-title revistas\">REVISTAS ACAD\u00c9MICAS<\/div><p><img decoding=\"async\" class=\"cdab-tapa-instidentpoet-index publicacion-tapa\" title=\"Culturas. Debates y perspectivas de un mundo en cambio\" src=\"http:\/\/www.arte.unicen.edu.ar\/cdab\/wp-content\/uploads\/2020\/03\/culturas-tapa.png\" alt=\"Culturas. Debates y perspectivas de un mundo en cambio\" style=\"width: 220px; height: 302px; float: right; border: 10px solid #fff; box-shadow: 0 0 5px rgba(0, 0, 0, 0.1); -webkit-box-shadow: 0 0 5px rgba(0, 0, 0, 0.1); -moz-box-shadow: 0 0 5px rgba(0, 0, 0, 0.1); display: block; margin: 0px 0px 22px 22px;\"\/><\/p><h3>Culturas. Debates y perspectivas de un mundo en cambio<\/h3><p><strong><u>Editoras:<\/u> Marine Nicola, Patricia Sanoner, Laura Alassia (Facultad de Humanidades y Ciencias, UNL)<\/strong><\/p><p>La revista <strong>CULTURAS. Debates y perspectivas de un mundo en cambio<\/strong>, es una publicaci\u00f3n pluralista de car\u00e1cter acad\u00e9mico orientada a la difusi\u00f3n de la problem\u00e1tica de los Estudios Culturales y de otras perspectivas te\u00f3ricas de las Ciencias Sociales que abordan el estudio de la Cultura.<\/p><p>Esta publicaci\u00f3n depende del Centro de Investigaciones en Estudios Culturales, Educativos, Hist\u00f3ricos y Comunicacionales (CIECEHC) que tiene como objetivo dar la voz a un campo de conocimiento, el de los Estudios Culturales en el marco de la <a href=\"http:\/\/www.fhuc.unl.edu.ar\" target=\"_blank\" rel=\"noopener noreferrer\">Facultad de Humanidades y Ciencias<\/a> de la <a href=\"https:\/\/www.unl.edu.ar\" target=\"_blank\" rel=\"noopener noreferrer\">Universidad Nacional del Litoral<\/a>.<\/p>\n<div class=\"container-newsbutton\">\n<a class=\"cdab-newsbuttonlink\" href=\"https:\/\/bibliotecavirtual.unl.edu.ar\/publicaciones\/index.php\/Culturas\/index\" target=\"_blank\" rel=\"noopener noreferrer\"><div class=\"cdab-web-newsbutton\">ACCEDER A CULTURAS<\/div><\/a>\n<\/div>\n<hr style=\"margin-bottom: 25px;\"\/>\n<p><img decoding=\"async\" class=\"cdab-tapa-instidentpoet-index publicacion-tapa\" title=\"Am\u00e9ricaLee | Publicaciones latinoamericanas del siglo XX\" src=\"http:\/\/www.arte.unicen.edu.ar\/cdab\/wp-content\/uploads\/2020\/03\/americalee-tapa.png\" alt=\"Am\u00e9ricaLee | Publicaciones latinoamericanas del siglo XX\" style=\"width: 220px; height: 302px; float: right; border: 10px solid #fff; box-shadow: 0 0 5px rgba(0, 0, 0, 0.1); -webkit-box-shadow: 0 0 5px rgba(0, 0, 0, 0.1); -moz-box-shadow: 0 0 5px rgba(0, 0, 0, 0.1); display: block; margin: 0px 0px 22px 22px;\"\/><\/p><h3>Am\u00e9ricaLee | Publicaciones latinoamericanas del siglo XX<\/h3><p>Presentado como &#8220;el portal de las publicaciones latinoamericanas del siglo XX&#8221;, re\u00fane la digitalizaci\u00f3n de publicaciones presente en el CeDInCI, tanto argentinas como latinoamericanas, relacionadas a la pol\u00edtica, la cultura y las artes, fundamentalmente de cercanos a la tradici\u00f3n de izquierdas.<\/p>\n<p>Algunas colecciones disponibles:<\/p>\n<ul style=\"padding: 0px 25px;\"><li><strong>Argentina. Peri\u00f3dico de arte y cr\u00edtica (1930-1931)<\/strong> \u2013 Revista dirigida por Cayetano C\u00f3rdova Iturburu, que cont\u00f3 con los aportes de Sixto Pondal R\u00edos, Roberto Arlt, Ulises Petit de Murat, Luis Saslavsky, Macedonio Fern\u00e1ndez, entre otros.<\/li>\n<li><strong>El Rodaballo. Revista de pol\u00edtica y cultura (1994-2006)<\/strong> \u2013 Revista editada por Ediciones el cielo por asalto, fue dirigida entre otros por Horacio Tarcus. Cont\u00f3 con la colaboraci\u00f3n de Le\u00f3n Rozitchner, Ana Amado, Nicol\u00e1s Casullo, y traducciones de Michael L\u00f6wy, Nancy Fraser, Judith Butler, Colectivo Sottosopra, Fr\u00e9drik Jameson, Robert Castel, entre otros.<\/li>\n<li><strong>Babel. Revista de arte y cr\u00edtica (1921-1929)<\/strong> \u2013 Revista dirigida por Samuel Glusberg, con aportes de Roberto Arlt, Juan Pedro Calou, Arturo Cancela, Miguel de Unamuno, Manuel Eichelbaum, Alberto Gerchunoff, Roberto F. Giusti, Monteiro Lobato, Leopoldo Lugones, Conrado Nal\u00e9 Roxlo, Horacio Quiroga, entre otros. Los temas m\u00e1s frecuentes abordaron la literatura argentina y latinoamericana, el teatro argentino, la m\u00fasica argentina, etc.<\/li><\/ul>\n<div class=\"container-newsbutton\">\n<a class=\"cdab-newsbuttonlink\" href=\"http:\/\/americalee.cedinci.org\" target=\"_blank\" rel=\"noopener noreferrer\"><div class=\"cdab-web-newsbutton\">ACCEDER A AM\u00c9RICALEE<\/div><\/a>\n<\/div>\n<hr style=\"margin-bottom: 25px;\"\/>\n<p><img decoding=\"async\" class=\"cdab-tapa-instidentpoet-index publicacion-tapa\" title=\"Reconocimiento y dignidad. Actas VI Jornadas de Pol\u00edtica Educativa en Filosof\u00eda\" src=\"http:\/\/www.arte.unicen.edu.ar\/cdab\/wp-content\/uploads\/2020\/03\/actas-reconydignidad-tapa.png\" alt=\"Reconocimiento y dignidad. Actas VI Jornadas de Pol\u00edtica Educativa en Filosof\u00eda\" style=\"width: 220px; height: 302px; float: right; border: 10px solid #fff; box-shadow: 0 0 5px rgba(0, 0, 0, 0.1); -webkit-box-shadow: 0 0 5px rgba(0, 0, 0, 0.1); -moz-box-shadow: 0 0 5px rgba(0, 0, 0, 0.1); display: block; margin: 0px 0px 22px 22px;\"\/><\/p><h3>Reconocimiento y dignidad. Actas VI Jornadas de Pol\u00edtica Educativa en Filosof\u00eda<\/h3><p><strong>Silvina Coronel Salom\u00f3n, Mar\u00eda Agustina Bertone, Mar\u00eda Amelia Garc\u00eda (comps.)<br \/>2019. 233 p\u00e1ginas. UNICEN<\/strong><\/p><p>Las <strong>VI Jornadas de Pol\u00edtica Educativa en Filosof\u00eda<\/strong>, celebradas en la <a href=\"http:\/\/www.arte.unicen.edu.ar\" target=\"_blank\" rel=\"noopener noreferrer\">Facultad de Arte<\/a> de la <a href=\"http:\/\/www.unicen.edu.ar\" target=\"_blank\" rel=\"noopener noreferrer\">Universidad Nacional del Centro de la Provincia de Buenos Aires<\/a> y el Instituto Superior de Formaci\u00f3n Docente y T\u00e9cnica n\u00b0 10 fueron convocadas con el lema &#8220;Instituir significaciones imaginarias de reconocimiento del otro y el debate sobre la marginalidad social&#8221;.<\/p>\n<p>El concepto, el m\u00e9todo y la preocupaci\u00f3n por la existencia humana son testimonios de nuestras convicciones filos\u00f3ficas y pol\u00edticas.\nEstos aportes no pretenden instalar ninguna verdad dogm\u00e1tica, ni saltar el\ncerco de nuestra contemporaneidad con la arrogancia de quien ha penetrado el\nsecreto arcano de las cosas. Por el contrario, anima las reflexiones que invitamos a compartir la esperanza de prolongar estas conversaciones a las aulas de las escuelas secundarias, a los hogares y a las tertulias, a los claustros universitarios, a la din\u00e1mica de las redes sociales y a todos los sitios en que la cultura vertiginosa de nuestros d\u00edas traiga una y otra vez la inquietud por la dignidad y el futuro de quienes viven en la marginalidad y son obligados a aceptar la irrelevancia a que son empujados por un\nsistema injusto y deshumanizado.<\/p>\n<p>Los textos han sido clasificados en cuatro cap\u00edtulos: <em>la educaci\u00f3n y la ense\u00f1anza<\/em>, <em>la otredad en los aspectos pr\u00e1cticos de la filosof\u00eda cr\u00edtica<\/em>, <em>la filosof\u00eda situada de Latinoam\u00e9rica<\/em> y <em>la pol\u00edtica en el contexto de la incertidumbre<\/em>.<\/p>\n<div class=\"container-newsbutton\">\n<a class=\"cdab-newsbuttonlink\" href=\"http:\/\/www.arte.unicen.edu.ar\/artepublicaciones\/actas\/jinhap2018.pdf\" target=\"_blank\" rel=\"noopener noreferrer\"><div class=\"cdab-pdf-newsbutton\">DESCARGAR RECONOCIMIENTO Y DIGNIDAD<\/div><\/a>\n<\/div><\/div>\n<div class=\"cdab-especial-covid19-card\"><div class=\"cdab-especial-covid19-card-icon teatro\"><i class=\"fa fa-comments-o\" aria-hidden=\"true\"><\/i><\/div><div class=\"cdab-especial-covid19-card-title teatro\">TEATRO<\/div>\n<h3>La fabulosa historia de los inolvidables Marrapodi<\/h3>\n<p>Estreno enmarcado en el <strong>13\u00ba Ciclo Carne Fresca<\/strong>, coordinado por la c\u00e1tedra <strong>Pr\u00e1ctica Integrada III<\/strong> de la carrera de <a href=\"http:\/\/www.arte.unicen.edu.ar\/carreras\/grado\/licenciado-en-teatro\/perfil-del-egresado_\/\" target=\"_blank\" rel=\"noopener noreferrer\">Licenciado en Teatro<\/a> de la <a href=\"http:\/\/www.arte.unicen.edu.ar\" target=\"_blank\" rel=\"noopener noreferrer\">Facultad de Arte<\/a>.<\/p><p>\u00bfQu\u00e9? \u00bfQui\u00e9nes? \u00bfC\u00f3mo desconocer el trabajo de una familia de artistas que ha sido vanguardia siempre en la creaci\u00f3n de los grandes \u00e9xitos teatrales de nuestra historia nacional? Siempre. \u00bfEn qu\u00e9 parte de las historia aparecen los marrapodis? En ninguna. Son injunables, una f\u00e1bula en un caj\u00f3n. Si no ten\u00e9s ni idea de qui\u00e9nes son los marra, no te preocupes, nosotros tampoco. Hicimos una obra de teatro (desde la profunda ignorancia) que tiene m\u00e1s de 300 a\u00f1os de historia del teatro nacional. Y todo sin saber un carajo. Los Marrapodi inventaron el grotesco, anticiparon a Podest\u00e1 con el circo criollo y vaciaron m\u00e1s salas de teatro revista en calle Corrientes que ning\u00fan otro elenco. Si te intriga saber qu\u00e9 fue de ellos, ven\u00ed, nosotrxs te lo contamos. Somos un grupo de cuatro pibxs entusiasmadxs que nos ponemos en la piel de los Marrapodis e intentamos poner en escena \u00a1el \u00e9xito!\u2026 \u00a1el intento!&#8230; Est\u00e1 bien, el fracaso de esta familia de artistas. Alt\u00edsimas expectativas, pobres resultados, desastre asegurado.<\/p>\n<p><strong><u>Elenco:<\/u><\/strong> Mariangela Morales, Wenceslao Vulcano Fernandez, Kev Garcia y Eric Joel Ale.<br \/><strong><u>Direcci\u00f3n:<\/u><\/strong> Santiago Almada.<br \/><strong><u>Asistencia de direcci\u00f3n:<\/u><\/strong> Emiliano Alderete.<br \/><strong><u>Asistente T\u00e9cnico:<\/u><\/strong> Ivo Santiago Carrera.<br \/><strong><u>Iluminaci\u00f3n:<\/u><\/strong> Matias de Luca.<\/p>\n<div align=\"center\"><iframe loading=\"lazy\" width=\"560\" height=\"315\" src=\"https:\/\/www.youtube.com\/embed\/W8ZPafm6IUo\" frameborder=\"0\" allow=\"accelerometer; autoplay; encrypted-media; gyroscope; picture-in-picture\" allowfullscreen><\/iframe><\/div>\n<hr style=\"margin-bottom: 25px;\"\/>\n<h3>Cervantes Online &#8211; Identicos<\/h3>\n<p>Todos actores id\u00e9nticos. Solos con su texto. Acompa\u00f1ados por otros, id\u00e9nticamente solos. Un espacio, un instante, y la transformaci\u00f3n del teatro.\nEl Teatro puro, el Teatro exacto. El Teatro id\u00e9ntico as\u00ed mismo. Con el brillo de lo genuino: el actor y su identidad. \u00c9l y su personaje. Iguales. Id\u00e9nticos.<\/p>\n<p><strong><u>Direcci\u00f3n General:<\/u><\/strong> Daniel Veronesse.<br \/><strong><u>Selecci\u00f3n de micromon\u00f3logos:<\/u><\/strong> Mauricio Kartun.<br \/><strong><u>Lectura de carta inicial:<\/u><\/strong> Pablo Echarri.<\/p>\n<p><strong><u>Mon\u00f3logos:<\/u><\/strong> <em>Voz<\/em> de Mariano Saba, con Mar\u00eda Jos\u00e9 Gabin, dirigido por Claudio Mart\u00ednez Bel; <em>Rosaura<\/em> de Pablo dos Reis, con Lorena Vega, dirigido por Mauricio Kartun; <em>Estar en cartel<\/em> de Alejandro Lifschitz, con Alejandro Lifschitz, dirigido por Alejandro Lifschitz; <em>La casa del almirante<\/em> de Roxana Aramburu, con Melina Petriella, dirigido por Nayla Pose; <em>Se\u00f1ales<\/em> de Mariano Saba, con Mauricio Dayub, dirigido por Sergio D\u2019Angelo; <em>Fotos<\/em> de Silvina Melone, con Malena S\u00e1nchez, dirigido por Edgardo Mill\u00e1n; <em>Apostas\u00eda<\/em> de Facundo Zilberberg, con Marina Bellati, dirigido por Mey Sc\u00e1pola; <em>A nivel del mar<\/em> de Alejandro Turner, con Iair Said, dirigido por Ignacio S\u00e1nchez Mestre; <em>La soledad del refer\u00ed<\/em> de Patricio Abadi, con Mauricio Dayub, dirigido por Daniel Veronese; <em>Despedida<\/em> de Mariano Saba, con Mar\u00eda Jos\u00e9 Gabin, dirigido por Ignacio Apolo.<\/p>\n<div align=\"center\"><iframe loading=\"lazy\" width=\"560\" height=\"315\" src=\"https:\/\/www.youtube.com\/embed\/azpLf0gRyeg\" frameborder=\"0\" allow=\"accelerometer; autoplay; encrypted-media; gyroscope; picture-in-picture\" allowfullscreen><\/iframe><\/div>\n<\/div>\n<div class=\"cdab-especial-covid19-card\"><div class=\"cdab-especial-covid19-card-icon audiovisual\"><i class=\"fa fa-film\" aria-hidden=\"true\"><\/i><\/div><div class=\"cdab-especial-covid19-card-title audiovisual\">AUDIOVISUAL<\/div><p><img loading=\"lazy\" decoding=\"async\" width=\"200\" height=\"200\" class=\"alignleft size-full wp-image-4077\" style=\"border: 0px; border-radius: 200px; margin-bottom: 20px;\" src=\"http:\/\/www.arte.unicen.edu.ar\/cdab\/wp-content\/uploads\/2020\/03\/colectivodecineastas-logo.png\" alt=\"\"\/><h3>Colectivo de Cineastas<\/h3><\/p><p>El <strong>Colectivo de Cineastas<\/strong> est\u00e1 conformado por directores\/as, productores\/as, t\u00e9cnicos\/as, estudiantes, periodistas y personas relacionadas al \u00e1mbito audiovisual, representando a un amplio arco de las expresiones del cine argentino independiente. Es un espacio de participaci\u00f3n, basado en debates y acciones para promover un fomento p\u00fablico accesible a todas las personas que conforman la actividad, fortaleciendo las herramientas para su producci\u00f3n, difusi\u00f3n y exhibici\u00f3n.<\/p><p>El <strong>Colectivo de Cineastas<\/strong> se suma a la consigna #YoMeQuedoEnCasa y comparte sus pel\u00edculas online de forma gratuita y otras en modalidad video on demand (VOD).<\/p>\n<div style=\"width: 100%; margin: 10px auto; text-align: center;\"><img decoding=\"async\" src=\"http:\/\/www.arte.unicen.edu.ar\/cdab\/wp-content\/uploads\/2020\/03\/films-colectivodecineastas.jpg\" alt=\"Films disponibles en Colectivo de Cineastas\" border=\"0\" \/><\/div>\n<div class=\"container-newsbutton\">\n<a class=\"cdab-newsbuttonlink\" href=\"https:\/\/www.colectivodecineastas.com\/peliculas-online\" target=\"_blank\" rel=\"noopener noreferrer\"><div class=\"cdab-web-newsbutton\">ACCEDER A COLECTIVO DE CINEASTAS<\/div><\/a>\n<\/div>\n<hr style=\"margin-bottom: 25px;\"\/>\n<p><img loading=\"lazy\" decoding=\"async\" width=\"200\" height=\"200\" class=\"alignleft size-full wp-image-4077\" style=\"border: 0px; border-radius: 200px; margin-bottom: 20px;\" src=\"http:\/\/www.arte.unicen.edu.ar\/cdab\/wp-content\/uploads\/2020\/03\/contar-logo.png\" alt=\"Contar\"\/><h3>Contar<\/h3><\/p><p><a href=\"https:\/\/www.cont.ar\" target=\"_blank\" rel=\"noopener noreferrer\">Contar<\/a> es la plataforma p\u00fablica de contenidos audiovisuales de la Secretar\u00eda de Medios y Comunicaci\u00f3n P\u00fablica del Estado. Es totalmente gratuita y pod\u00e9s acceder v\u00eda streaming a pel\u00edculas, series, documentales, material de archivo y todos los contenidos de las se\u00f1ales <a href=\"https:\/\/www.tvpublica.com.ar\" target=\"_blank\" rel=\"noopener noreferrer\">Televisi\u00f3n P\u00fablica Argentina<\/a>, <a href=\"http:\/\/www.radionacional.com.ar\" target=\"_blank\" rel=\"noopener noreferrer\">Radio Nacional<\/a>, <a href=\"http:\/\/www.encuentro.gob.ar\" target=\"_blank\" rel=\"noopener noreferrer\">Encuentro<\/a>, <a href=\"http:\/\/www.pakapaka.gob.ar\" target=\"_blank\" rel=\"noopener noreferrer\">Pakapaka<\/a>, <a href=\"http:\/\/www.deportv.gov.ar\" target=\"_blank\" rel=\"noopener noreferrer\">Deportv<\/a>, <a href=\"http:\/\/www.cck.gob.ar\" target=\"_blank\" rel=\"noopener noreferrer\">CCK<\/a> y <a href=\"http:\/\/www.tectv.gob.ar\" target=\"_blank\" rel=\"noopener noreferrer\">Tecn\u00f3polis<\/a>, en vivo y bajo demanda, donde y cuando quieras. Pod\u00e9s usarla desde tu computadora, laptop, tablet y tel\u00e9fono celular que cuenten con una conexi\u00f3n a internet wifi, 3G o 4G.<\/p>\n<p><a href=\"https:\/\/www.cont.ar\" target=\"_blank\" rel=\"noopener noreferrer\">Contar<\/a> es tuya, para que la disfrutes y la compartas viendo contenidos con los que te pod\u00e9s identificar, producciones nacionales con reconocidas voces y lugares, entretenimiento del mejor y realizado en nuestro pa\u00eds. Es para contar nuestras historias, contar qui\u00e9nes somos, contar c\u00f3mo nos vemos, y contar con vos y con todos.<\/p>\n<div class=\"container-newsbutton\">\n<a class=\"cdab-newsbuttonlink\" href=\"https:\/\/www.cont.ar\" target=\"_blank\" rel=\"noopener noreferrer\"><div class=\"cdab-web-newsbutton\">ACCEDER A CONTAR<\/div><\/a>\n<\/div>\n<hr style=\"margin-bottom: 25px;\"\/>\n<p><a href=\"http:\/\/www.arte.unicen.edu.ar\/cdab\/wp-content\/uploads\/2020\/03\/bepo-marcelo-galvez.jpg\" data-fancybox=\"gallery\" data-caption=\"Cuidado social. V\u00ednculo virtual #4\"><img decoding=\"async\" class=\"cdab-tapa-instidentpoet-index publicacion-tapa\" title=\"Bepo\" src=\"http:\/\/www.arte.unicen.edu.ar\/cdab\/wp-content\/uploads\/2020\/03\/bepo-marcelo-galvez-205x300.jpg\" alt=\"Bepo\" style=\"width: 225px; height: 320px; float: right; border: 10px solid #fff; box-shadow: 0 0 5px rgba(0, 0, 0, 0.1); -webkit-box-shadow: 0 0 5px rgba(0, 0, 0, 0.1); -moz-box-shadow: 0 0 5px rgba(0, 0, 0, 0.1); display: block; margin: 0px 0px 22px 22px;\"\/><\/a><h3>Bepo<\/h3><\/p>\n<p><strong><u>Dir:<\/u> Marcelo Galvez<br \/>2020. Argentina. 72 min. La Mirilla Cine.<\/strong><\/p>\n<p>&#8220;Cada cual es art\u00edfice de su propia aventura&#8221;, lee Bepo al costado de las v\u00edas del tren, y ese es el lema que sobrevuela esta road movie sobre crotos que transitan el paisaje pampeano entre trenes de carga, changas, mujeres y las ganas siempre latentes de volver a casa. Basada en el libro <em>Bepo, vida secreta de un linyera<\/em> de Hugo Nario y rodada en doce pueblos de la provincia de Buenos Aires, la pel\u00edcula narra las vivencias de un &#8220;croto&#8221; legendario -Jos\u00e9 Am\u00e9rico &#8220;Bepo&#8221; Ghezzi- y captura la \u00e9poca en que las ideas anarquistas que llegaron con los inmigrantes europeos sacudieron los estamentos de un orden pol\u00edtico, econ\u00f3mico y social que oprim\u00eda a los trabajadores y empujaba a miles de personas a la vida de constante b\u00fasqueda de los crotos, detr\u00e1s de arduos trabajos que les aseguraban una comida o un lugar donde instalarse y pasar la noche en paz, lejos de la persecuci\u00f3n policial y la demonizaci\u00f3n que sufr\u00edan, pero tambi\u00e9n del hogar y sus memorias.<\/p><p>Mas informaci\u00f3n en: \n<a href=\"http:\/\/www.elcrotobepo.blogspot.com\" target=\"_blank\" rel=\"noopener noreferrer\">www.elcrotobepo.blogspot.com<\/a><\/p>\n<div align=\"center\"><iframe loading=\"lazy\" width=\"560\" height=\"315\" src=\"https:\/\/www.youtube.com\/embed\/Luhn4osDMBs\" frameborder=\"0\" allow=\"accelerometer; autoplay; encrypted-media; gyroscope; picture-in-picture\" allowfullscreen><\/iframe><\/div>\n<\/div>\n<div class=\"cdab-especial-covid19-card\"><div class=\"cdab-especial-covid19-card-icon formacioncontinua\"><i class=\"fa fa-university\" aria-hidden=\"true\" style=\"margin-left: 3px;\"><\/i><\/div><div class=\"cdab-especial-covid19-card-title formacioncontinua\">FORMACI\u00d3N<\/div><h3>Seminario online dictado por Jorge Dubatti (UBA) y Didanwy Kent (UNAM)<\/h3><p><img loading=\"lazy\" decoding=\"async\" width=\"200\" height=\"200\" class=\"alignleft size-full wp-image-4077\" style=\"border: 0px; border-radius: 200px; margin-bottom: 20px;\" src=\"http:\/\/www.arte.unicen.edu.ar\/cdab\/wp-content\/uploads\/2020\/03\/seminario-online-dubattikent.png\" alt=\"\"\/><em>C\u00e1tedra Bergman de la UNAMgrandi en colaboraci\u00f3n con Teatro UNAM y el Instituto de Artes del Espect\u00e1culo &#8220;Dr. Ra\u00fal H. Castagnino&#8221; (FFyL, UBA)<\/em><\/p>\n<p><strong><u>Inscripci\u00f3n online:<\/u> 23 al 29 de marzo de 2020<br \/>\n<u>Curso:<\/u> 30 de marzo al 3 de mayo de 2020<\/strong><\/p>\n<p>El seminario propone revisar el pensamiento que diversas creadoras y creadores han producido desde y por medio de lo esc\u00e9nico. Cada sesi\u00f3n cuenta con destacados invitados que reflexionan el papel que desempe\u00f1a su pr\u00e1ctica en el \u00e1mbito de la investigaci\u00f3n. Las sesiones se complementan con lecturas, ejercicios y espacios de reflexi\u00f3n colectiva.<\/p>\n<p>El objetivo del seminario parte del concepto de artista-investigador: el artista produce conocimiento en el hacer y, para hacer, est\u00e1 permanentemente investigando. \u00bfQu\u00e9 es la investigaci\u00f3n art\u00edstica? \u00bfC\u00f3mo producen conocimiento los artistas teatrales? \u00bfC\u00f3mo se relacionan teor\u00eda y praxis, pensar y hacer, en el teatro? \u00bfQui\u00e9nes son los sujetos de la investigaci\u00f3n art\u00edstica? \u00bfLa Universidad piensa hoy de otra manera sus relaciones con el arte teatral? No s\u00f3lo actores, directores, dramaturgos, escen\u00f3grafos, iluminadores, m\u00fasicos, etc., sino todos los agentes del campo teatral: docentes, productores, gestores, cr\u00edticos, espectadores, producen conocimiento desde sus pr\u00e1cticas espec\u00edficas.<\/p>\n<p>Entre los sujetos de la investigaci\u00f3n art\u00edstica tambi\u00e9n se destaca el investigador-artista, el investigador participativo y las m\u00faltiples formas de asociaci\u00f3n entre artista-investigador e investigador participativo. Hablamos de un conocimiento espec\u00edfico que s\u00f3lo ellos pueden producir. Los artistas producen conocimiento en el proceso de ensayos, en sus capacitaciones, en las obras mismas y sus estructuras, en la reflexi\u00f3n sobre el hacer, e incluso pueden producir Ciencias del Arte a trav\u00e9s de un discurso riguroso, sistem\u00e1tico, fundamentado, cr\u00edtico y sensible, validado por una comunidad de especialistas o expertos. Si es as\u00ed, \u00bfpor qu\u00e9 muchos artistas no reconocen su capacidad de producir conocimiento? \u00bfC\u00f3mo empoderarlos? \u00bfC\u00f3mo articular desde las pr\u00e1cticas art\u00edsticas formas de auto-observaci\u00f3n sobre las pr\u00e1cticas? \u00bfPodemos trazar una historia de los aportes de los artistas-investigadores en la historia del teatro universal y, espec\u00edficamente, en la historia del teatro mexicano? \u00bfQui\u00e9nes son los principales productores de conocimiento desde el teatro en Latinoam\u00e9rica? \u00bfHabr\u00eda sido diferente la historia del teatro si Stanislavski, Artaud o Rodolfo Usigli no hubiesen publicado sus textos te\u00f3ricos?. M\u00e1s informaci\u00f3n en: <a href=\"http:\/\/www.catedrabergman.unam.mx\" target=\"_blank\" rel=\"noopener noreferrer\">www.catedrabergman.unam.mx<\/a><\/p>\n<div class=\"container-newsbutton\">\n<a class=\"cdab-newsbuttonlink\" href=\"https:\/\/forms.gle\/BDZm2ZHomfqUYSeq8\" target=\"_blank\" rel=\"noopener noreferrer\"><div class=\"cdab-web-newsbutton\">INSCRIPCI\u00d3N ONLINE<\/div><\/a>\n<\/div>\n<\/div>\n<div class=\"cdab-especial-covid19-card\"><div class=\"cdab-especial-covid19-card-icon weblink\"><i class=\"fa fa-hand-pointer-o\" aria-hidden=\"true\"><\/i><\/div><div class=\"cdab-especial-covid19-card-title weblink\">LINKS DE INTER\u00c9S &#038; CONTENIDOS WEB<\/div><p><img loading=\"lazy\" decoding=\"async\" width=\"200\" height=\"200\" class=\"alignleft size-full wp-image-4077\" style=\"border: 0px; border-radius: 200px;\" src=\"http:\/\/www.arte.unicen.edu.ar\/cdab\/wp-content\/uploads\/2020\/03\/biblionacional-logo.png\" alt=\"\"\/><h3>Colecciones digitales de la Biblioteca Nacional Mariano Moreno<\/h3><\/p><p>La <a href=\"https:\/\/www.bn.gov.ar\" target=\"_blank\" rel=\"noopener noreferrer\">Biblioteca Nacional Mariano Moreno<\/a> de la Rep\u00fablica Argentina, fundada como Biblioteca P\u00fablica de Buenos Aires en el marco de la Revoluci\u00f3n de Mayo, atesora y resguarda, a trav\u00e9s de las m\u00e1s modernas t\u00e9cnicas bibliotecol\u00f3gicas, los materiales con los que se han forjado las distintas ideas y \u00e9pocas del pa\u00eds, que pone a disposici\u00f3n de la ciudadan\u00eda como una oportunidad para repensar los enigmas de nuestra cultura colectiva.<\/p><p>La Colecci\u00f3n Digital presenta una diversidad de materiales: libros, revistas y peri\u00f3dicos, fotograf\u00edas, mapas, manuscritos, partituras, incunables, audios, videos y m\u00e1s.<\/p>\n<div class=\"container-newsbutton\">\n<a class=\"cdab-newsbuttonlink\" href=\"https:\/\/catalogo.bn.gov.ar\/F\/D96G1IBUGR1FJTY8R2GVHHA9TEY9CADSMSQSF9U2J2YUHC1N59-60326?func=find-m\" target=\"_blank\" rel=\"noopener noreferrer\"><div class=\"cdab-web-newsbutton\">ACCEDER A BIBLIOTECA NACIONAL<\/div><\/a>\n<\/div>\n<hr style=\"margin-bottom: 25px;\"\/>\n<p><img loading=\"lazy\" decoding=\"async\" width=\"200\" height=\"200\" class=\"alignleft size-full wp-image-4077\" style=\"border: 0px; border-radius: 200px; margin-bottom: 20px;\" src=\"http:\/\/www.arte.unicen.edu.ar\/cdab\/wp-content\/uploads\/2020\/03\/cajanegra-logo.png\" alt=\"\"\/><h3>Caja Negra Editora<\/h3><\/p><p>El sello <a href=\"https:\/\/www.cajanegraeditora.com.ar\" target=\"_blank\" rel=\"noopener noreferrer\">CajaNegra Editora<\/a> comparte peri\u00f3dicamente en su sitio web art\u00edculos, notas y rese\u00f1as de libros sobre diversas tem\u00e1ticas. Compartimos algunos links recomendados:<\/p>\n<ul style=\"padding: 0px 20px 0px 245px;\"><li><a href=\"https:\/\/www.cajanegraeditora.com.ar\/blog\/cronica-de-la-psicodeflacion\" target=\"_blank\" rel=\"noopener noreferrer\">Cr\u00f3nica de la psicodeflaci\u00f3n de Franco &#8220;Bifo&#8221; Berardi<\/a><\/li>\n<li><a href=\"https:\/\/www.cajanegraeditora.com.ar\/blog\/aqui-cada-flor-tiene-su-ritmo\" target=\"_blank\" rel=\"noopener noreferrer\">Aqu\u00ed cada flor tiene su ritmo de Jes\u00fas Alcaide<\/a><\/li>\n<li><a href=\"https:\/\/www.cajanegraeditora.com.ar\/blog\/el-cine-de-guy-debord\" target=\"_blank\" rel=\"noopener noreferrer\">El cine de Guy Debord<\/a><\/li>\n<li><a href=\"https:\/\/www.cajanegraeditora.com.ar\/blog\/manifiesto-de-la-practica-escenica\" target=\"_blank\" rel=\"noopener noreferrer\">Manifiesto de la pr\u00e1ctica esc\u00e9nica<\/a><\/li>\n<li><a href=\"https:\/\/www.cajanegraeditora.com.ar\/blog\/como-heredar-fluxus\" target=\"_blank\" rel=\"noopener noreferrer\">\u00bfC\u00f3mo heredar Fluxus?<\/a><\/li><\/ul>\n<hr style=\"margin-bottom: 25px;\"\/>\n<p><img loading=\"lazy\" decoding=\"async\" width=\"200\" height=\"200\" class=\"alignleft size-full wp-image-4077\" style=\"border: 0px; border-radius: 200px; margin-bottom: 10px;\" src=\"http:\/\/www.arte.unicen.edu.ar\/cdab\/wp-content\/uploads\/2020\/03\/googleartsculture-logo.png\" alt=\"\"\/><h3>Google Arts &#038; Culture<\/h3><\/p><p><strong>Google Arts &#038; Culture<\/strong> es un sitio web del Instituto Cultural de Google que presenta una recopilaci\u00f3n de im\u00e1genes en alta resoluci\u00f3n de obras de arte expuestas en varios museos del mundo, as\u00ed como un recorrido virtual por las galer\u00edas en las que se encuentran. Adem\u00e1s la plataforma genera sus propios contenidos tem\u00e1ticos, por lo que se puede conocer toda la obra de un artista en particular o de un pa\u00eds determinado.<\/p><p>Esta gran pinacoteca posee colecciones de las grandes instituciones p\u00fablicas, como de cientos de privadas, por lo que une al Tate de Londres con la Galer\u00eda Uffizi de Florencia y el Museo Nacional de Bellas Artes argentino.<\/p>\n<div class=\"container-newsbutton\">\n<a class=\"cdab-newsbuttonlink\" href=\"https:\/\/artsandculture.google.com\" target=\"_blank\" rel=\"noopener noreferrer\"><div class=\"cdab-web-newsbutton\">ACCEDER A GOOGLE ARTS &#038; CULTURE<\/div><\/a>\n<\/div>\n<\/div>\n<div class=\"cdab-especial-covid19-card\"><div class=\"cdab-especial-covid19-card-icon podcast\"><i class=\"fa fa-headphones\" aria-hidden=\"true\"><\/i><\/div><div class=\"cdab-especial-covid19-card-title podcast\">PODCASTS &#038; AUDIOLIBROS<\/div><p><img loading=\"lazy\" decoding=\"async\" width=\"200\" height=\"200\" class=\"alignleft size-full wp-image-4077\" style=\"border: 0px; border-radius: 200px;\" src=\"http:\/\/www.arte.unicen.edu.ar\/cdab\/wp-content\/uploads\/2020\/03\/tedespaniolpodcast.png\" alt=\"\"\/><h3>TED en espa\u00f1ol<\/h3><\/p><p>\u00bfCu\u00e1l es la relaci\u00f3n entre el amor y las matem\u00e1ticas? \u00bfC\u00f3mo construye su identidad un inmigrante? \u00bfNos reemplazar\u00e1 la inteligencia artificial en nuestros trabajos? \u00bfPueden los emprendedores mejorar la educaci\u00f3n y la salud de todos?<\/p>\n<p>En el podcast de <strong>TED en Espa\u00f1ol<\/strong> te invitamos a hacernos este tipo de preguntas, a escuchar ideas provocadoras y a desarrollar nuevas maneras de pensar. Cada semana escucharemos una charla TED de los principales l\u00edderes y creadores del mundo. Con la gu\u00eda de Gerry Garbulsky, el curador de <strong>TED en Espa\u00f1ol<\/strong>, exploramos el universo de ideas en nuestro idioma.<\/p>\n<div class=\"container-newsbutton\">\n<a class=\"cdab-newsbuttonlink\" href=\"https:\/\/open.spotify.com\/show\/524qliZmwyXLOClyk8gV9T?si=ZxQqyk4fQEqZIciHXniLYQ\" target=\"_blank\" rel=\"noopener noreferrer\"><div class=\"cdab-spotify-newsbutton\">ESCUCHAR EN SPOTIFY<\/div><\/a>\n<\/div>\n<hr style=\"margin-bottom: 25px;\"\/>\n<p><img loading=\"lazy\" decoding=\"async\" width=\"200\" height=\"200\" class=\"alignleft size-full wp-image-4077\" style=\"border: 0px; border-radius: 200px;\" src=\"http:\/\/www.arte.unicen.edu.ar\/cdab\/wp-content\/uploads\/2020\/03\/unsam-audiolibros.png\" alt=\"\"\/><h3>Audiolibros de UNSAM Edita. Una colecci\u00f3n de literatura latinoamericana<\/h3><\/p><p>Bajo la direcci\u00f3n de <strong>Norma Aleandro<\/strong>, <a href=\"http:\/\/www.unsamedita.unsam.edu.ar\/audiolibros\" target=\"_blank\" rel=\"noopener noreferrer\">UNSAM Edita<\/a> presenta cl\u00e1sicos de la literatura latinoamericana en formato de audiolibro. Los t\u00edtulos que integran la colecci\u00f3n son: <em>El Fausto<\/em> de Estanislao del Campo, <em>Las memorias de Mam\u00e1 Blanca<\/em> de Teresa de la Parra, <em>Cuentos de la selva<\/em> de Horacio Quiroga, <em>Realidad nacional desde la cama<\/em> de Luisa Valenzuela, <em>Cuentos fatales<\/em> de Leopoldo Lugones y <em>En la sangre<\/em> de Eugenio Cambaceres.<\/p>\n<div class=\"container-newsbutton\">\n<a class=\"cdab-newsbuttonlink\" href=\"http:\/\/www.unsamedita.unsam.edu.ar\/audiolibros\" target=\"_blank\" rel=\"noopener noreferrer\"><div class=\"cdab-web-newsbutton\">ACCEDER A AUDIOLIBROS &#8211; UNSAM EDITA<\/div><\/a>\n<\/div>\n<hr style=\"margin-bottom: 25px;\"\/>\n<p><img loading=\"lazy\" decoding=\"async\" width=\"200\" height=\"200\" class=\"alignleft size-full wp-image-4077\" style=\"border: 0px; border-radius: 200px;\" src=\"http:\/\/www.arte.unicen.edu.ar\/cdab\/wp-content\/uploads\/2020\/03\/malditasmovies-logo.png\" alt=\"\"\/><h3>Malditas Movies<\/h3><\/p><p>Todas las semanas, los <a href=\"https:\/\/www.malditosnerds.com\" target=\"_blank\" rel=\"noopener noreferrer\">Malditos Nerds<\/a> se congregan para debatir sobre los estrenos de la pantalla grande y las pel\u00edculas m\u00e1s destacadas en el podcast <strong>Malditas Movies<\/strong>.<\/p>\n<p>Maxi, Rippy, Guillo y Lucas te esperan todos los jueves para contarte todo sobre las pel\u00edculas que no te pod\u00e9s perder y aquellas que no valen ni un minuto de tu tiempo.<\/p>\n<div class=\"container-newsbutton\">\n<a class=\"cdab-newsbuttonlink\" href=\"https:\/\/open.spotify.com\/show\/1XgsdWUhcUbQIebXj2JTdc?si=_WYpIS2ZTOmgEnO1QqGzzQ\" target=\"_blank\" rel=\"noopener noreferrer\"><div class=\"cdab-spotify-newsbutton\">ESCUCHAR EN SPOTIFY<\/div><\/a>\n<\/div><\/div>\n<div class=\"cdab-especial-covid19-card\"><div class=\"cdab-especial-covid19-card-icon ninios\"><i class=\"fa fa-child\" aria-hidden=\"true\" style=\"margin-left: 3px;\"><\/i><\/div><div class=\"cdab-especial-covid19-card-title ninios\">PARA NUESTRXS NI\u00d1XS<\/div><p><img loading=\"lazy\" decoding=\"async\" width=\"200\" height=\"200\" class=\"alignleft size-full wp-image-4077\" style=\"border: 0px; border-radius: 200px; margin-bottom: 20px;\" src=\"http:\/\/www.arte.unicen.edu.ar\/cdab\/wp-content\/uploads\/2020\/03\/pakapaka-logo.png\" alt=\"\"\/><h3>Pakapaka<\/h3><\/p><p><a href=\"http:\/\/www.pakapaka.gob.ar\" target=\"_blank\" rel=\"noopener noreferrer\">Pakapaka<\/a> es la se\u00f1al p\u00fablica destinada al p\u00fablico joven, chicas y chicos de entre 2 y 12 a\u00f1os. Con tem\u00e1ticas universales y est\u00e9ticas variadas, garantiza el acceso a contenidos culturales y educativos de calidad que trascienden edades de manera entretenida y audaz. Sus propuestas multiplataforma y transmedia convocan a la participaci\u00f3n e interacci\u00f3n a trav\u00e9s del desarrollo de contenidos y juegos en su sitio web, y el desarrollo de apps.<\/p><p><a href=\"http:\/\/www.pakapaka.gob.ar\" target=\"_blank\" rel=\"noopener noreferrer\">Pakapaka<\/a> concibe a los chicos como ciudadanos, sujetos de derechos, constructores y pensadores de su realidad, con saberes y modos de ver el mundo que enriquecen la vida en com\u00fan. Les ofrece herramientas para interpretar el complejo mundo que los rodea y ser verdaderos protagonistas y agentes de cambio. Es un espacio de juego e imaginaci\u00f3n, de curiosidad y conocimiento, de innovaci\u00f3n y desaf\u00edo, y, sobre todo, de descubrimiento y diversi\u00f3n. Una pantalla con el tono fresco en el lenguaje que hablan los chicos.<\/p>\n<div class=\"container-newsbutton\">\n<a class=\"cdab-newsbuttonlink\" href=\"http:\/\/www.pakapaka.gob.ar\" target=\"_blank\" rel=\"noopener noreferrer\"><div class=\"cdab-web-newsbutton\">ACCEDER A PAKAPAKA<\/div><\/a>\n<\/div><\/div>\n","protected":false},"excerpt":{"rendered":"<p>Cuidado social. V\u00ednculo virtual es una iniciativa de la Secretar\u00eda de Investigaci\u00f3n y Posgrado de la Facultad de Arte. En este bolet\u00edn de recomendaciones se presentar\u00e1n libros, revistas acad\u00e9micas, archivos y bibliotecas digitales abiertas, contenidos audiovisuales y links de inter\u00e9s para fomentar el intercambio entre todos los integrantes de la comunidad educativa. De esta forma seguiremos form\u00e1ndonos y reflexionando sobre [&hellip;]<\/p>\n","protected":false},"author":1,"featured_media":11703,"comment_status":"open","ping_status":"open","sticky":false,"template":"","format":"standard","meta":{"_acf_changed":false,"footnotes":""},"categories":[2497],"tags":[],"class_list":["post-11434","post","type-post","status-publish","format-standard","has-post-thumbnail","hentry","category-newsletter"],"acf":[],"_links":{"self":[{"href":"https:\/\/www.arte.unicen.edu.ar\/cdab\/wp-json\/wp\/v2\/posts\/11434","targetHints":{"allow":["GET"]}}],"collection":[{"href":"https:\/\/www.arte.unicen.edu.ar\/cdab\/wp-json\/wp\/v2\/posts"}],"about":[{"href":"https:\/\/www.arte.unicen.edu.ar\/cdab\/wp-json\/wp\/v2\/types\/post"}],"author":[{"embeddable":true,"href":"https:\/\/www.arte.unicen.edu.ar\/cdab\/wp-json\/wp\/v2\/users\/1"}],"replies":[{"embeddable":true,"href":"https:\/\/www.arte.unicen.edu.ar\/cdab\/wp-json\/wp\/v2\/comments?post=11434"}],"version-history":[{"count":2,"href":"https:\/\/www.arte.unicen.edu.ar\/cdab\/wp-json\/wp\/v2\/posts\/11434\/revisions"}],"predecessor-version":[{"id":12860,"href":"https:\/\/www.arte.unicen.edu.ar\/cdab\/wp-json\/wp\/v2\/posts\/11434\/revisions\/12860"}],"wp:featuredmedia":[{"embeddable":true,"href":"https:\/\/www.arte.unicen.edu.ar\/cdab\/wp-json\/wp\/v2\/media\/11703"}],"wp:attachment":[{"href":"https:\/\/www.arte.unicen.edu.ar\/cdab\/wp-json\/wp\/v2\/media?parent=11434"}],"wp:term":[{"taxonomy":"category","embeddable":true,"href":"https:\/\/www.arte.unicen.edu.ar\/cdab\/wp-json\/wp\/v2\/categories?post=11434"},{"taxonomy":"post_tag","embeddable":true,"href":"https:\/\/www.arte.unicen.edu.ar\/cdab\/wp-json\/wp\/v2\/tags?post=11434"}],"curies":[{"name":"wp","href":"https:\/\/api.w.org\/{rel}","templated":true}]}}