{"id":11121,"date":"2020-03-19T11:51:49","date_gmt":"2020-03-19T14:51:49","guid":{"rendered":"http:\/\/www.arte.unicen.edu.ar\/cdab\/?p=11121"},"modified":"2020-04-20T13:45:35","modified_gmt":"2020-04-20T16:45:35","slug":"cuidado-social-vinculo-virtual-2","status":"publish","type":"post","link":"https:\/\/www.arte.unicen.edu.ar\/cdab\/cuidado-social-vinculo-virtual-2\/","title":{"rendered":"Cuidado social. V\u00ednculo virtual #2"},"content":{"rendered":"\n<p class=\"cdab-text-covid19\"><strong>Cuidado social. V\u00ednculo virtual<\/strong> es una iniciativa de la <em>Secretar\u00eda de Investigaci\u00f3n y Posgrado<\/em> de la <a href=\"http:\/\/www.arte.unicen.edu.ar\" target=\"_blank\" rel=\"noopener noreferrer\">Facultad de Arte<\/a>. En este bolet\u00edn de recomendaciones se presentar\u00e1n libros, revistas acad\u00e9micas, archivos y bibliotecas digitales abiertas, contenidos audiovisuales y links de inter\u00e9s para fomentar el intercambio entre todos los integrantes de la comunidad educativa. De esta forma seguiremos form\u00e1ndonos y reflexionando sobre el arte sin dejar de cuidarnos entre todos ante la pandemia COVID-19.<\/p>\n\n<div class=\"cdab-especial-covid19-card\"><div class=\"cdab-especial-covid19-card-icon libros\"><i class=\"fa fa-book\" aria-hidden=\"true\" style=\"margin-left: 3px;\"><\/i><\/div><div class=\"cdab-especial-covid19-card-title libros\">LIBROS<\/div><p><img decoding=\"async\" class=\"cdab-tapa-instidentpoet-index publicacion-tapa\" title=\"La forma escolar del arte. Provincia de Buenos Aires (1940-1960)\" src=\"\/cdab\/wp-content\/themes\/cdab\/images\/cdab-tapa-formaescolararte.png\" alt=\"La forma escolar del arte. Provincia de Buenos Aires (1940-1960)\" style=\"width: 220px; height: 302px; float: right; border: 10px solid #fff; box-shadow: 0 0 5px rgba(0, 0, 0, 0.1); -webkit-box-shadow: 0 0 5px rgba(0, 0, 0, 0.1); -moz-box-shadow: 0 0 5px rgba(0, 0, 0, 0.1); display: block; margin: 0px 0px 22px 22px;\"\/><\/p><h3>La forma escolar del arte. Provincia de Buenos Aires (1940-1960)<\/h3><p><strong>Mar\u00eda Alejandra Corbal\u00e1n, Mar\u00eda Cristina Dimatteo<br \/>2018. 196 p\u00e1ginas. 22 x 15 cm. Arte Publicaciones<\/strong><br \/><strong><u>Dise\u00f1o de tapa:<\/u> Quimey Romero<\/strong><\/p><p>El objetivo del libro es dar a conocer los procesos de inclusi\u00f3n del campo art\u00edstico en el sistema escolar en la Provincia de Buenos Aires entre 1940 y 1960, mediante dos perspectivas de an\u00e1lisis. La primera rescata las tensiones entre los agentes, pr\u00e1cticas e instituciones en la configuraci\u00f3n, legitimaci\u00f3n y consagraci\u00f3n del campo art\u00edstico en el campo escolar y la segunda analiza las pol\u00edticas culturales que dan marco al proceso de inclusi\u00f3n de \u201clo art\u00edstico\u201d en el Sistema Educativo. De esta manera, se efect\u00faa una distinci\u00f3n entre pol\u00edticas culturales patrimonialistas y difusionistas, como las formas que asume la cultura en distintos \u00e1mbitos de producci\u00f3n, circulaci\u00f3n y consumo de bienes simb\u00f3licos.<\/p>\n<p><strong>La \u2018forma escolar\u2019 del arte. Provincia de Buenos Aires (1940-1960)<\/strong> es producto de las indagaciones y reflexiones sostenidas por las autoras (directora de tesis y tesista, respectivamente) en el marco de la elaboraci\u00f3n de la Tesis de Maestr\u00eda en Educaci\u00f3n con menci\u00f3n en Ciencias Sociales, entre los a\u00f1os 1999 y 2002, en la <a href=\"http:\/\/www.fch.unicen.edu.ar\" target=\"_blank\" rel=\"noopener noreferrer\">Facultad de Ciencias Humanas<\/a> de la <a href=\"http:\/\/www.unicen.edu.ar\" target=\"_blank\" rel=\"noopener noreferrer\">Universidad Nacional del Centro de la Provincia de Buenos Aires<\/a>. En este recorrido hist\u00f3rico institucional de las d\u00e9cadas estudiadas las autoras han obtenido algunos hallazgos, pero principalmente m\u00faltiples interrogantes que sostienen hasta el presente, en el af\u00e1n de comprender el lugar de la Educaci\u00f3n Art\u00edstica en el Sistema Educativo.<\/p><div class=\"container-newsbutton\">\n<a class=\"cdab-newsbuttonlink\" href=\"http:\/\/www.arte.unicen.edu.ar\/artepublicaciones\/libros\/forma-escolar-arte.pdf\" target=\"_blank\" rel=\"noopener noreferrer\"><div class=\"cdab-pdf-newsbutton\">DESCARGAR E-BOOK<\/div><\/a>\n<\/div>\n<hr style=\"margin-bottom: 25px;\"\/>\n<p><img decoding=\"async\" class=\"cdab-tapa-instidentpoet-index publicacion-tapa\" title=\"Tiempo archivado: Materialidad y espectralidad en el audiovisual\" src=\"http:\/\/www.arte.unicen.edu.ar\/cdab\/wp-content\/uploads\/2020\/03\/tiemp-archivado-unq-tapa.png\" alt=\"Tiempo archivado: Materialidad y espectralidad en el audiovisual\" style=\"width: 220px; height: 302px; float: right; border: 10px solid #fff; box-shadow: 0 0 5px rgba(0, 0, 0, 0.1); -webkit-box-shadow: 0 0 5px rgba(0, 0, 0, 0.1); -moz-box-shadow: 0 0 5px rgba(0, 0, 0, 0.1); display: block; margin: 0px 0px 12px 22px;\"\/><\/p><h3>Tiempo archivado: Materialidad y espectralidad en el audiovisual<\/h3><p><strong>Alejandra Rodr\u00edguez, Cecilia Elizondo<br \/>2017. 276 p\u00e1ginas. 20 x 14 cm. Editorial UNQ<\/strong><\/p><p>Este libro pone a disposici\u00f3n del lector un di\u00e1logo profundo sobre las im\u00e1genes, el tiempo y el archivo, sobre la materialidad y\nla espectralidad; sobre la historia y la memoria. Investigadores\nde diversa procedencia disciplinar e institucional, reunidos en el\n<em>V Congreso de la Asociaci\u00f3n Argentina de Estudios de Cine y Audiovisual<\/em>, dan cuenta de enfoques est\u00e9ticos e hist\u00f3ricos y de las nuevas perspectivas te\u00f3ricas y metodol\u00f3gicas del audiovisual.<\/p><p>Gonzalo Aguilar, Andrea Cuarterolo, Eduardo Russo, Vicente Sanchez-Biosca, Natalia Tacetta, Javier Tr\u00edmboli, Catalina Sosa, Adri\u00e1n C. Muoyo, Luciana Caresani, Paulina Bettendorf, Agustina P\u00e9rez Rial, Evangelina Ucha, Cecilia Elizondo y Alejandra Rodr\u00edguez dan cuenta de las tensiones y reflexiones de este campo, pregunt\u00e1ndose sobre el recorrido de la imagen cinematogr\u00e1fica, su construcci\u00f3n, posibilidades, formas de almacenamiento y uso dentro del vertiginoso contexto de cambio tecnol\u00f3gico.<\/p>\n<div class=\"container-newsbutton\">\n<a class=\"cdab-newsbuttonlink\" href=\"https:\/\/ediciones.unq.edu.ar\/archivos\/?f=L3ByZXNzZXMvMi8vbW9ub2dyYXBocy80NzUvc3VibWlzc2lvbi9wcm9vZi80NzUtMjMtNjY4LTEtMTAtMjAxOTAzMjIucGRm\" target=\"_blank\" rel=\"noopener noreferrer\"><div class=\"cdab-pdf-newsbutton\">DESCARGAR E-BOOK<\/div><\/a>\n<\/div><\/div>\n<div class=\"cdab-especial-covid19-card\"><div class=\"cdab-especial-covid19-card-icon revistas\"><i class=\"fa fa-file-text-o\" aria-hidden=\"true\" style=\"margin-left: 3px;\"><\/i><\/div><div class=\"cdab-especial-covid19-card-title revistas\">REVISTAS ACAD\u00c9MICAS<\/div><p><img decoding=\"async\" class=\"cdab-tapa-instidentpoet-index publicacion-tapa\" title=\"La Escalera. Anuario de la Facultad de Arte\" src=\"http:\/\/www.arte.unicen.edu.ar\/cdab\/wp-content\/themes\/cdab\/images\/cdab-tapa-laescalera.png\" alt=\"La Escalera. Anuario de la Facultad de Arte\" style=\"width: 220px; height: 302px; float: right; border: 10px solid #fff; box-shadow: 0 0 5px rgba(0, 0, 0, 0.1); -webkit-box-shadow: 0 0 5px rgba(0, 0, 0, 0.1); -moz-box-shadow: 0 0 5px rgba(0, 0, 0, 0.1); display: block; margin: 0px 0px 22px 22px;\"\/><\/p><h3>La Escalera. Anuario de la Facultad de Arte<\/h3><p><strong><u>Coordinadores de edici\u00f3n:<\/u> Prof. An\u00edbal Minnucci, RIAA Claudia C. Speranza<\/strong><br \/><strong><u>Dise\u00f1o de tapa:<\/u> Jimena Soldani<br \/>Arte Publicaciones<\/strong><\/p><p><strong>La Escalera<\/strong> es una publicaci\u00f3n anual que tiene por objetivo abrir un espacio para el debate sobre la producci\u00f3n y el consumo culturales. Con especial inter\u00e9s en procesos creativos, ense\u00f1anza art\u00edstica, ense\u00f1anza audiovisual, teor\u00eda e historia del arte, est\u00e9ticas contempor\u00e1neas, pr\u00e1cticas esc\u00e9nicas territoriales, entre otras que integran las investigaciones de las y los docentes de la <a href=\"http:\/\/www.arte.unicen.edu.ar\" target=\"_blank\" rel=\"noopener noreferrer\">Facultad de Arte<\/a> de la <a href=\"http:\/\/www.unicen.edu.ar\" target=\"_blank\" rel=\"noopener noreferrer\">UNICEN<\/a>.<\/p>\n<p>Asimismo <strong>La Escalera<\/strong> resguarda y difunde la memoria institucional de la <a href=\"http:\/\/www.arte.unicen.edu.ar\" target=\"_blank\" rel=\"noopener noreferrer\">Facultad de Arte<\/a> de la <a href=\"http:\/\/www.unicen.edu.ar\" target=\"_blank\" rel=\"noopener noreferrer\">UNICEN<\/a>, que cuenta con las carreras de grado: <a href=\"http:\/\/www.arte.unicen.edu.ar\/carreras\/grado\/profesorado-de-teatro\/perfil-del-egresado_\/\" target=\"_blank\" rel=\"noopener noreferrer\">Profesorado<\/a> y <a href=\"http:\/\/www.arte.unicen.edu.ar\/carreras\/grado\/licenciado-en-teatro\/perfil-del-egresado_\/\" target=\"_blank\" rel=\"noopener noreferrer\">Licenciatura en Teatro<\/a>, y <a href=\"http:\/\/www.arte.unicen.edu.ar\/carreras\/grado\/riaa\/perfil-del-egresado_\/\" target=\"_blank\" rel=\"noopener noreferrer\">Realizaci\u00f3n Integral en Artes Audiovisuales<\/a>. Y con las carreras de Posgrado: <a href=\"http:\/\/www.arte.unicen.edu.ar\/carreras\/posgrado\/maestria-en-arte-y-sociedad-en-latinoamerica\" target=\"_blank\" rel=\"noopener noreferrer\">Maestr\u00eda en Arte y Sociedad en Latinoam\u00e9rica<\/a> y <a href=\"http:\/\/www.arte.unicen.edu.ar\/carreras\/posgrado\/maestria-en-teatro\" target=\"_blank\" rel=\"noopener noreferrer\">Maestr\u00eda en Teatro<\/a> (que posee tres menciones: Dise\u00f1o Esc\u00e9nico, Direcci\u00f3n y Actuaci\u00f3n).<\/p>\n<div class=\"container-newsbutton\">\n<a class=\"cdab-newsbuttonlink\" href=\"http:\/\/www.ojs.arte.unicen.edu.ar\/index.php\/laescalera\" target=\"_blank\" rel=\"noopener noreferrer\"><div class=\"cdab-web-newsbutton\">ACCEDER A LA ESCALERA<\/div><\/a>\n<\/div>\n<hr style=\"margin-bottom: 25px;\"\/>\n<p><img decoding=\"async\" class=\"cdab-tapa-instidentpoet-index publicacion-tapa\" title=\"Bolet\u00edn de Arte\" src=\"http:\/\/www.arte.unicen.edu.ar\/cdab\/wp-content\/uploads\/2020\/03\/boletin-de-arte-19tapa.png\" alt=\"Bolet\u00edn de Arte\" style=\"width: 320px; height: 180px; float: right; border: 10px solid #fff; box-shadow: 0 0 5px rgba(0, 0, 0, 0.1); -webkit-box-shadow: 0 0 5px rgba(0, 0, 0, 0.1); -moz-box-shadow: 0 0 5px rgba(0, 0, 0, 0.1); display: block; margin: 0px 0px 22px 22px;\"\/><\/p><h3>Bolet\u00edn de Arte<\/h3><p><strong><u>Editora responsable:<\/u> Florencia Su\u00e1rez Guerrini (UNLP)<br \/><u>Editora asociada:<\/u> Berenice Gustavino (UNLP)<\/strong><\/p><p><a href=\"http:\/\/papelcosido.fba.unlp.edu.ar\/ojs\/index.php\/boa\" target=\"_blank\" rel=\"noopener noreferrer\">Bolet\u00edn de arte (BOA)<\/a> es una revista bianual y arbitrada, con alcance nacional e internacional, editada por el <a href=\"http:\/\/fba.unlp.edu.ar\/institutohistoria\/\" target=\"_blank\" rel=\"noopener noreferrer\">Instituto de Historia del Arte Argentino y Americano (IHAAA)<\/a>, de la <a href=\"http:\/\/www.fba.unlp.edu.ar\" target=\"_blank\" rel=\"noopener noreferrer\">Facultad de Bellas Artes (FBA)<\/a> de la <a href=\"https:\/\/www.unlp.edu.ar\" target=\"_blank\" rel=\"noopener noreferrer\">Universidad Nacional de La Plata (UNLP)<\/a>. Tiene por objetivo la publicaci\u00f3n de art\u00edculos originales e in\u00e9ditos en los que se expongan avances y resultados de investigaciones sobre la historia del arte, los estudios visuales y las artes comparadas.\nLa revista est\u00e1 dirigida a profesionales, investigadores\/as, docentes, becarios\/as y estudiantes de posgrado, y se edita en espa\u00f1ol y en ingl\u00e9s, cuando sea la lengua materna del autor.<\/p>\n<p><strong>Bolet\u00edn de arte<\/strong> se public\u00f3 en formato impreso hasta 2012 y a partir de 2013 se edita en soporte electr\u00f3nico. La revista apoya el movimiento de acceso abierto al conocimiento como bien com\u00fan, por lo que provee acceso inmediato y completo a todo su contenido y sus ediciones no tienen cargos ni para lo\/as autores\/as ni para los\/as lectores\/as. Asimismo, permite y promueve la publicaci\u00f3n simult\u00e1nea en sistemas de autoarchivo o en repositorios institucionales.<\/p>\n<div class=\"container-newsbutton\">\n<a class=\"cdab-newsbuttonlink\" href=\"http:\/\/papelcosido.fba.unlp.edu.ar\/ojs\/index.php\/boa\" target=\"_blank\" rel=\"noopener noreferrer\"><div class=\"cdab-web-newsbutton\">ACCEDER A BOLET\u00cdN DE ARTE<\/div><\/a>\n<\/div>\n<hr style=\"margin-bottom: 25px;\"\/>\n<p><img decoding=\"async\" class=\"cdab-tapa-instidentpoet-index publicacion-tapa\" title=\"Actas III Simposio sobre Cine y Audiovisual\" src=\"http:\/\/www.arte.unicen.edu.ar\/cdab\/wp-content\/uploads\/2020\/03\/actas-sca-iii-tapa.png\" alt=\"Actas III Simposio sobre Cine y Audiovisual\" style=\"width: 220px; height: 302px; float: right; border: 10px solid #fff; box-shadow: 0 0 5px rgba(0, 0, 0, 0.1); -webkit-box-shadow: 0 0 5px rgba(0, 0, 0, 0.1); -moz-box-shadow: 0 0 5px rgba(0, 0, 0, 0.1); display: block; margin: 0px 0px 22px 22px;\"\/><\/p><h3>Actas III Simposio sobre Cine y Audiovisual<\/h3><p><strong>Mar\u00eda Emilia Zarini Libarona (comp.)<br \/>2019. 125 p\u00e1ginas.<\/strong><\/p><p>Publicaci\u00f3n de los trabajos presentados en el marco del <strong>III Simposio Internacional sobre Cine y Audiovisual<\/strong>. Este evento acad\u00e9mico es un espacio abierto al di\u00e1logo, la comunicaci\u00f3n de investigaciones y el visionado de films ofreciendo un punto de encuentro para la participaci\u00f3n de profesores\/as, estudiantes y profesionales del \u00e1rea cinematogr\u00e1fica y audiovisual. De esta manera, contribuye al debate, la reflexi\u00f3n y el pensamiento que apunta a fortalecer tanto al campo de la investigaci\u00f3n como el de la producci\u00f3n audiovisual. El <strong>III Simposio Internacional sobre Cine y Audiovisual<\/strong> fue una oportunidad favorable para debatir en torno a la profesionalizaci\u00f3n de las producciones audiovisuales y las investigaciones en el \u00e1rea de cine y audiovisuales, con los\/as estudiantes y docentes de la carrera de <a href=\"http:\/\/www.arte.unicen.edu.ar\/carreras\/grado\/riaa\/perfil-del-egresado_\/\" target=\"_blank\" rel=\"noopener noreferrer\">Realizaci\u00f3n Integral en Artes Audiovisuales<\/a> (<a href=\"http:\/\/www.arte.unicen.edu.ar\" target=\"_blank\" rel=\"noopener noreferrer\">Facultad de Arte<\/a>, <a href=\"http:\/\/www.unicen.edu.ar\" target=\"_blank\" rel=\"noopener noreferrer\">UNICEN<\/a>) como anfitriones.<\/p>\n<div class=\"container-newsbutton\">\n<a class=\"cdab-newsbuttonlink\" href=\"http:\/\/www.arte.unicen.edu.ar\/artepublicaciones\/actas\/actas-iii-simposio.pdf\" target=\"_blank\" rel=\"noopener noreferrer\"><div class=\"cdab-pdf-newsbutton\">DESCARGAR ACTAS III SIMPOSIO SOBRE CINE Y AUDIOVISUAL<\/div><\/a>\n<\/div><\/div>\n<div class=\"cdab-especial-covid19-card\"><div class=\"cdab-especial-covid19-card-icon teatro\"><i class=\"fa fa-comments-o\" aria-hidden=\"true\"><\/i><\/div><div class=\"cdab-especial-covid19-card-title teatro\">TEATRO<\/div><h3>Los fines<\/h3>\n<p>Producci\u00f3n art\u00edstica anual de la materia <strong>Pr\u00e1ctica Integrada II<\/strong>, integrada por los\/as docentes Daniela Ferrari, Sebasti\u00e1n Huber, Ignacio D\u00edaz Delfino y Pilar Jaureguiberry.<\/p>\n<p>Nada es siempre igual. Lo sabemos. Pero algunas veces se parecen m\u00e1s de lo que quisi\u00e9ramos &#8220;Somos retazos de ausencia, somos las sombras, somos la luz que no est\u00e1, nuestra historia ser\u00e1 contada por lo que falta&#8221; &#8211; Guillermo Yan\u00edcola.<\/p>\n<p><strong><u>Act\u00faan:<\/u><\/strong> Eric Ale, Lara Nicole Buena, Lolo Carrizo, Fernanda Dell Acqua, Victoria Garc\u00eda Iacovella, Giovana Latella, Berenice Lavia, Sabrina Rojas.<\/p>\n<div align=\"center\"><iframe loading=\"lazy\" width=\"560\" height=\"315\" src=\"https:\/\/www.youtube.com\/embed\/P4HrSTSdjYY\" frameborder=\"0\" allow=\"accelerometer; autoplay; encrypted-media; gyroscope; picture-in-picture\" allowfullscreen><\/iframe><\/div>\n<hr style=\"margin-bottom: 25px;\"\/>\n<h3>Lxs convivientes<\/h3>\n<p>Cuatro inquilinxs y un due\u00f1o muy particular con una madre agobiante intentan convivir en un clima que se torna cada vez m\u00e1s tenso. La llegada de Rufina abrir\u00e1 nuevos interrogantes de una una serie de sucesos inesperados que har\u00e1n que todxs en esta pensi\u00f3n descubran hasta d\u00f3nde son capaces de llegar.<\/p>\n<p><strong><u>Elenco:<\/u><\/strong> Lau Salinas (Rita), Cristina Beatriz Baracco (Celeste), Diego Somi (Enrique), Facundo Mart\u00ecn Maidana (Paolo), Yolanda Guindo (Manuela), Nieves Mansilla (La Kely), Guillermina Rodr\u00edguez (Rufina), Claudia Tenaglia (Dorotea), Emiliano Alderete (Chongo).<\/p>\n<p><strong><u>Equipo de coordinaci\u00f3n:<\/u><\/strong> Emiliano Alderete, Florencia Berruti, Julieta Escala y Nieves Mansilla.<\/p>\n<div align=\"center\"><iframe loading=\"lazy\" width=\"560\" height=\"315\" src=\"https:\/\/www.youtube.com\/embed\/GbDYYrw042Q\" frameborder=\"0\" allow=\"accelerometer; autoplay; encrypted-media; gyroscope; picture-in-picture\" allowfullscreen><\/iframe><\/div>\n<hr style=\"margin-bottom: 25px;\"\/>\n<h3>Seminario &#8220;Una pedagog\u00eda teatral despu\u00e9s de Stanislavski&#8221; por Ra\u00fal Serrano<\/h3>\n<div align=\"center\"><iframe loading=\"lazy\" width=\"560\" height=\"315\" src=\"https:\/\/www.youtube.com\/embed\/b8h_T70ONGc\" frameborder=\"0\" allow=\"accelerometer; autoplay; encrypted-media; gyroscope; picture-in-picture\" allowfullscreen><\/iframe><\/div><\/div>\n<div class=\"cdab-especial-covid19-card\"><div class=\"cdab-especial-covid19-card-icon audiovisual\"><i class=\"fa fa-film\" aria-hidden=\"true\"><\/i><\/div><div class=\"cdab-especial-covid19-card-title audiovisual\">AUDIOVISUAL<\/div><p><img loading=\"lazy\" decoding=\"async\" width=\"200\" height=\"200\" class=\"alignleft size-full wp-image-4077\" style=\"border: 0px; border-radius: 200px;\" src=\"http:\/\/www.arte.unicen.edu.ar\/cdab\/wp-content\/uploads\/2020\/03\/ubuweb-filmvideo.png\" alt=\"\"\/><h3>UbuWeb Film &#038; Video<\/h3><\/p><p><strong>UbuWeb Film &#038; Video<\/strong> es un sitio web sobre arte vanguardista. Fue fundado en 1996 por el poeta Kenneth Goldsmith. All\u00ed puede encontrarse poes\u00eda concreta y sonora, archivos de v\u00eddeoarte, cine underground y Arte sonoro.<\/p>\n<p><strong>UbuWeb<\/strong> fue fundada como respuesta a la distribuci\u00f3n marginal de material crucial de arte vanguardista. El sitio no tiene \u00e1nimo de lucro2\u200b y tampoco se preocupa de si las obras tienen reservados los derechos de autor. De hecho, mantiene una lista de los artistas que han puesto obst\u00e1culos a esta filosof\u00eda, aunque muchos de ellos aceptan de buen grado la distribuci\u00f3n de sus obras.<\/p>\n<div class=\"container-newsbutton\">\n<a class=\"cdab-newsbuttonlink\" href=\"http:\/\/www.ubu.com\/film\/index.html\" target=\"_blank\" rel=\"noopener noreferrer\"><div class=\"cdab-web-newsbutton\">ACCEDER A UBUWEB FILM &#038; VIDEO<\/div><\/a>\n<\/div>\n<hr style=\"margin-bottom: 25px;\"\/>\n<p><img loading=\"lazy\" decoding=\"async\" width=\"200\" height=\"200\" class=\"alignleft size-full wp-image-4077\" style=\"border: 0px; border-radius: 200px; margin-bottom: 20px;\" src=\"http:\/\/www.arte.unicen.edu.ar\/cdab\/wp-content\/uploads\/2018\/08\/canclini.png\" alt=\"Conferencia magistral: \u00bfExiste hoy un Arte latinoamericano? Debate en la cr\u00edtica, las instituciones y el mercado\" \/><h3>Conferencia magistral: \u00bfExiste hoy un Arte latinoamericano? Debate en la cr\u00edtica, las instituciones y el mercado<\/h3><\/p><p>En el marco de la <a href=\"http:\/\/www.arte.unicen.edu.ar\/carreras\/posgrado\/maestria-en-arte-y-sociedad-en-latinoamerica\" target=\"_blank\" rel=\"noopener noreferrer\">Maestr\u00eda en Arte y Sociedad en Latinoam\u00e9rica<\/a>, el d\u00eda martes 21 de agosto de 2018, con un Auditorium universitario colmado de interesados\/as en escuchar al reconocido antrop\u00f3logo cultural, <strong>Dr. N\u00e9stor Garc\u00eda Canclini<\/strong>, se desarroll\u00f3 la conferencia magistral titulada: <strong><em>\u00bfExiste hoy un Arte latinoamericano? Debate en la cr\u00edtica, las instituciones y el mercado<\/em><\/strong>. <strong>Garc\u00eda Canclini<\/strong> naci\u00f3 en La Plata en 1939 y se doctor\u00f3  en Filosof\u00eda en la universidad de su ciudad y en la de Par\u00eds. A comienzos de la \u00faltima dictadura c\u00edvico-militar argentina, se exili\u00f3 en M\u00e9xico y desde all\u00ed piensa a Latinoam\u00e9rica. Con una extensa hoja de ruta, sus estudios y producciones acad\u00e9micas permitieron problematizar el encuentro de culturas, los imaginarios sociales, el contexto urbano, las pr\u00e1cticas populares, la cultura masiva, lo p\u00fablico y lo privado, las reglas del mercado, las figuras: ciudadanos, consumidores y j\u00f3venes, entro muchos otros ejes y cruces que, permanentemente, los actualiza y para los cuales plantea nuevos disparadores para la discusi\u00f3n desde y para latinoam\u00e9rica.<\/p>\n<div class=\"container-newsbutton\">\n<a class=\"cdab-newsbuttonlink\" href=\"https:\/\/www.abratv.com.ar\/serie\/843-Nestor-Garcia-Canclini\" target=\"_blank\" rel=\"noopener noreferrer\"><div class=\"cdab-web-newsbutton\">VER EN ABRATV<\/div><\/a>\n<\/div>\n<p><strong>\u00bfQuer\u00e9s ver m\u00e1s contenidos como este?<\/strong> Te invitamos a suscribirte y visitar el <a href=\"https:\/\/www.youtube.com\/channel\/UCOBrOTwPT5GiKHYXACcgyLQ\" target=\"_blank\" rel=\"noopener noreferrer\">canal de YouTube<\/a> de la <a href=\"http:\/\/www.arte.unicen.edu.ar\" target=\"_blank\" rel=\"noopener noreferrer\">Facultad de Arte<\/a> con mas de 300 videos, sobre noticias, entrevistas, conferencias, actividades de investigacion, cortometrajes, fragmentos de obras teatrales, entre otros.<\/p>\n<div class=\"container-newsbutton\">\n<a class=\"cdab-newsbuttonlink\" href=\"https:\/\/www.youtube.com\/channel\/UCOBrOTwPT5GiKHYXACcgyLQ\" target=\"_blank\" rel=\"noopener noreferrer\"><div class=\"cdab-youtube-newsbutton\">FACULTAD DE ARTE EN YOUTUBE<\/div><\/a>\n<\/div><\/div>\n<div class=\"cdab-especial-covid19-card\"><div class=\"cdab-especial-covid19-card-icon vinculaciontransferencia\"><i class=\"fa fa-handshake-o\" aria-hidden=\"true\"><\/i><\/div><div class=\"cdab-especial-covid19-card-title vinculaciontransferencia\">INNOVACI\u00d3N &#8211; VINCULACI\u00d3N Y TRANSFERENCIA<\/div><h3>Un avance de &#8220;Cat\u00e1logo de G\u00e9neros&#8221;<\/h3>\n<p><img loading=\"lazy\" decoding=\"async\" width=\"200\" height=\"200\" class=\"alignleft size-full wp-image-4077\" style=\"border: 0px; border-radius: 200px; margin-bottom: 20px;\" src=\"http:\/\/www.arte.unicen.edu.ar\/cdab\/wp-content\/uploads\/2020\/03\/catalogo-de-generos.png\" alt=\"\"\/>En adhesi\u00f3n a todo ejercicio reflexivo de memoria y a las manifestaciones virtuales que tendr\u00e1n estos actos debido a la cuarentena que debemos guardar, compartimos un fragmento de obra que \u00edbamos a estrenar este viernes en la <a href=\"http:\/\/www.arte.unicen.edu.ar\" target=\"_blank\" rel=\"noopener noreferrer\">Facultad de Arte<\/a>.<\/p>\n<p>Invitamos a todo el p\u00fablico virtual a que siga las instrucciones de la int\u00e9rprete, a que las comparta, piense y se piense. Entendiendo que la virtualidad tambi\u00e9n es un espacio al que le tenemos que poner nuestros cuerpos con sus subjetividades y nuestra creatividad para que <strong>NUNCA M\u00c1S<\/strong> vuelva la oscuridad del terrorismo de Estado.<\/p>\n<p>Hasta que nos volvamos a encontrar en los abrazos, al calor de las masas, y en la mirada afectiva les contamos que estuvimos\/estamos trabajando en un <strong>Cat\u00e1logo de G\u00e9neros<\/strong>, es decir en un muestrario de telas. \nEste libro objeto se ve y recorre con realidad virtual y lo hicimos como colectiva integrada por artistas, docentes, artesanas, musiques, cient\u00edfica y realizadores audiovisuales.<\/p>\n<p><strong>Cat\u00e1logo de g\u00e9neros<\/strong> invita a les asistentes a que tomen un cat\u00e1logo de telas (g\u00e9neros) que integran nuestra memoria y biograf\u00eda afectiva y colectiva. Es un cat\u00e1logo que se recorre con el tacto. En visores de realidad virtual se ver\u00e1n macros y detalles de las telas y mediante una narraci\u00f3n cronol\u00f3gica de todas las que vestimos y rozan la piel a lo largo de la vida, concluimos que los femicidios, travesticidios y desapariciones forzadas nos despojan de texturas afectivas. Para finalizar, se invita a que quien asiste toque su ropa, se reconozca y reflexione sobre algo tan fr\u00e1gil y valioso como la identidad, identidad tocada y transitada pero no del todo visualizada.<\/p> \n<p>Nuestras reflexiones e investigaciones sobre las construcciones de la memoria colectiva nos movilizaron para hacer esta obra luego de ver un video de una violenta represi\u00f3n en Chile el a\u00f1o pasado. En el video se ve una horda de carabineros que rodean a una joven y la tortura consiste en que la reducen, la desvisten, la visten y la vuelven a desvestir hasta que la llevan no sabemos a d\u00f3nde. Cada d\u00eda que avanza mientras preparamos esta obra vemos que sucede un femicidio en menos tiempo. Y los detalles ligados a sus ropas y al tratamiento de sus cuerpos para desaparecerlos nos hacen pensar en las violencias que se heredaron del terrorismo de Estado y que a\u00fan se reproducen.<\/p> \n<p><strong>Cat\u00e1logo de G\u00e9neros<\/strong> es una obra que se hizo con retazos reales de memorias e historias. Les agradecemos a todas las personas guardianas de las artes dom\u00e9sticas  (en su mayor\u00eda mujeres) que generosamente se desprendieron y nos brindaron vestimentas vividas y significativas para hacer este objeto. Gracias por haber cre\u00eddo en esta obra a\u00fan sin ver nada de ella y por acompa\u00f1ar nuestro deseo. Nos sumamos al <strong>#paratodestode<\/strong>, potencia colectiva a la que aportamos desde la Universidad P\u00fablica y nuestros territorios siendo parte de un gesto federal, feminista y po\u00e9tico.<\/p>\n<div align=\"center\"><iframe loading=\"lazy\" width=\"560\" height=\"315\" src=\"https:\/\/www.youtube.com\/embed\/lDwS2KC-DBs\" frameborder=\"0\" allow=\"accelerometer; autoplay; encrypted-media; gyroscope; picture-in-picture\" allowfullscreen><\/iframe><\/div>\n<div style=\"color: #734681; font-weight: bold; text-align: center; width: 700px; border: 2px solid #734681; margin: 15px auto 0px; padding: 10px;\">Esta obra fue generada en 360\u00ba. Acced\u00e9 a la aplicaci\u00f3n de YouTube para visionarla de manera inmersiva.<\/div>\n<hr style=\"margin-bottom: 25px;\"\/>\n<h3>T\u00e9cnicas dram\u00e1ticas no convencionales aplicadas a la educaci\u00f3n<\/h3>\n<p><strong>Soledad Lami<\/strong> y <strong>Ver\u00f3nica Rodr\u00edguez<\/strong>, graduadas de la <a href=\"http:\/\/www.arte.unicen.edu.ar\" target=\"_blank\" rel=\"noopener noreferrer\">Facultad de Arte<\/a>, conversaron con <strong>BJu\u00e1rezTVD<\/strong> sobre la experiencia de las t\u00e9cnicas dram\u00e1ticas no convencionales aplicadas a la educaci\u00f3n en las escuelas de Benito Ju\u00e1rez, por m\u00e1s de 10 a\u00f1os.<\/p>\n<div style=\"width: 100%; margin: 25px auto 10px; text-align: center;\"><iframe loading=\"lazy\" width=\"560\" height=\"315\" src=\"https:\/\/www.youtube.com\/embed\/hAgbS52423A\" frameborder=\"0\" allow=\"accelerometer; autoplay; encrypted-media; gyroscope; picture-in-picture\" allowfullscreen><\/iframe><\/div>\n<hr style=\"margin-bottom: 25px;\"\/>\n<h3>#YoMeQuedoEnCasa &#8211; Tours virtuales por los principales Museos del mundo<\/h3>\n<div class=\"container-newsbutton\">\n<a class=\"cdab-newsbuttonlink\" href=\"http:\/\/www.ubu.com\/film\/index.html\" target=\"_blank\" rel=\"noopener noreferrer\"><div class=\"cdab-web-newsbutton\">ACCEDER EN LEEDOR.COM<\/div><\/a>\n<\/div><\/div>\n<div class=\"cdab-especial-covid19-card\"><div class=\"cdab-especial-covid19-card-icon formacioncontinua\"><i class=\"fa fa-university\" aria-hidden=\"true\" style=\"margin-left: 3px;\"><\/i><\/div><div class=\"cdab-especial-covid19-card-title formacioncontinua\">FORMACI\u00d3N CONTINUA<\/div><h3>Diplomatura en Arte para la Transformaci\u00f3n Social<\/h3><p>La <a href=\"http:\/\/www.arte.unicen.edu.ar\/diplomatura-en-arte-para-la-transformacion-social\" target=\"_blank\" rel=\"noopener noreferrer\">Diplomatura en Arte para la Transformaci\u00f3n Social<\/a> surge como respuesta a la necesidad de contar con espacios de reflexi\u00f3n,  sistematizaci\u00f3n y formaci\u00f3n continua expresada por diversos\/as actores\/as sociales involucrados\/as en experiencias art\u00edsticas en y desde organizaciones sociales. Gran parte de las acciones socioculturales en territorio incluyen actividades con asiento en discursos art\u00edsticos que abarcan las artes esc\u00e9nicas en diversas modalidades (teatro, teatro comunitario, clown, t\u00edteres, circo, narraci\u00f3n oral, danza), m\u00fasica, fotograf\u00eda, artes audiovisuales y pl\u00e1stica. Se propone para ello generar una propuesta articulada, destinada a distintos\/as actores\/as que realizan un trabajo territorial de estas caracter\u00edsticas.<\/p>\n<p>Se fundamenta en un enfoque de derechos -el cual incluye el derecho a la  producci\u00f3n y difusi\u00f3n del hacer art\u00edstico y una perspectiva de g\u00e9nero-, como as\u00ed tambi\u00e9n en una concepci\u00f3n integral de las funciones universitarias de ense\u00f1anza, investigaci\u00f3n y extensi\u00f3n. La Diplomatura se plantea como un dispositivo de co-construcci\u00f3n de conocimiento entre el conjunto de actores\/as involucrados\/as, en tanto instancia de formaci\u00f3n continua, en torno de tem\u00e1ticas identificadas como significativas en el territorio.<\/p>\n<p>M\u00e1s informaci\u00f3n en: <a href=\"http:\/\/www.arte.unicen.edu.ar\/diplomatura-en-arte-para-la-transformacion-social\" target=\"_blank\" rel=\"noopener noreferrer\">www.arte.unicen.edu.ar\/diplomatura-en-arte-para-la-transformacion-social<\/a><\/p>\n<div align=\"center\"><iframe loading=\"lazy\" width=\"560\" height=\"315\" src=\"https:\/\/www.youtube.com\/embed\/OYL9q5C8ChY\" frameborder=\"0\" allow=\"accelerometer; autoplay; encrypted-media; gyroscope; picture-in-picture\" allowfullscreen><\/iframe><\/div>\n<\/div>\n<div class=\"cdab-especial-covid19-card\"><div class=\"cdab-especial-covid19-card-icon posgrado\"><i class=\"fa fa-graduation-cap\" aria-hidden=\"true\" style=\"margin-left: 3px;\"><\/i><\/div><div class=\"cdab-especial-covid19-card-title posgrado\">POSGRADO<\/div><h3>Maestr\u00eda en Teatro<\/h3>\n<p>La <a href=\"http:\/\/www.arte.unicen.edu.ar\/carreras\/posgrado\/maestria-en-teatro\" target=\"_blank\" rel=\"noopener noreferrer\">Maestr\u00eda en Teatro<\/a> con menciones alternativas en <strong>Direcci\u00f3n Esc\u00e9nica<\/strong>, <strong>Dise\u00f1o Esc\u00e9nico<\/strong> y <strong>Actuaci\u00f3n<\/strong>, aborda los estudios teatrales desde la convergencia de la pr\u00e1ctica con su reflexi\u00f3n te\u00f3rica y propicia la formaci\u00f3n de profesionales capaces desempe\u00f1arse en \u00e1mbitos pr\u00e1cticos (producciones art\u00edsticas) como te\u00f3ricos (investigaci\u00f3n, cr\u00edtica y asesoramiento) en las distintas especialidades propuestas.<\/p>\n<p>Podr\u00e1n ingresar a la Maestr\u00eda: Licenciados en Teatro, Profesores de Teatro, Graduados Universitarios de otras disciplinas o campos profesionales, del pa\u00eds o del extranjero, con experiencia laboral y\/o acad\u00e9mica en el \u00e1rea teatral. A su vez, podr\u00e1n inscribirse Graduados de Nivel Superior No Universitario, de carreras de 4 a\u00f1os de duraci\u00f3n, nacionales o provinciales, de especificidad en arte, que acrediten actividades laborales y\/o acad\u00e9micas en artes esc\u00e9nicas. En todos los casos los aspirantes deber\u00e1n presentar la documentaci\u00f3n que avale una formaci\u00f3n o experiencia relacionada con lo teatral.<\/p>\n<p>M\u00e1s informaci\u00f3n en: <a href=\"http:\/\/www.arte.unicen.edu.ar\/carreras\/posgrado\/maestria-en-teatro\" target=\"_blank\" rel=\"noopener noreferrer\">www.arte.unicen.edu.ar\/carreras\/posgrado\/maestria-en-teatro<\/a><\/p>\n<div align=\"center\"><iframe loading=\"lazy\" width=\"560\" height=\"315\" src=\"https:\/\/www.youtube.com\/embed\/s-Go7CL7dfw\" frameborder=\"0\" allow=\"accelerometer; autoplay; encrypted-media; gyroscope; picture-in-picture\" allowfullscreen><\/iframe><\/div>\n<hr style=\"margin-bottom: 25px;\"\/>\n<h3>Maestr\u00eda en Arte y Sociedad en Latinoam\u00e9rica<\/h3>\n<p>La <a href=\"http:\/\/www.arte.unicen.edu.ar\/carreras\/posgrado\/maestria-en-arte-y-sociedad-en-latinoamerica\" target=\"_blank\" rel=\"noopener noreferrer\">Maestr\u00eda en Arte y Sociedad en Latinoam\u00e9rica<\/a> aspira a formar profesionales-investigadores d\u00factiles y sensibles, capaces de ver cr\u00edticamente los procesos art\u00edsticos que se dan en la sociedad contempor\u00e1nea y de problematizar y abordar cr\u00edticamente las diversas formas de inscripci\u00f3n social de las pr\u00e1cticas art\u00edsticas.<\/p>\n<p>Podr\u00e1n ingresar a la Maestr\u00eda aquellos aspirantes que posean t\u00edtulo de grado o de nivel superior de al menos 4 a\u00f1os de duraci\u00f3n de las \u00e1reas de las ciencias sociales, humanas, literarias o art\u00edsticas. Los aspirantes con otras trayectorias formativas ser\u00e1n evaluados por la Comisi\u00f3n Acad\u00e9mica de Posgrado.<\/p>\n<p>M\u00e1s informaci\u00f3n en: <a href=\"http:\/\/www.arte.unicen.edu.ar\/carreras\/posgrado\/maestria-en-arte-y-sociedad-en-latinoamerica\" target=\"_blank\" rel=\"noopener noreferrer\">www.arte.unicen.edu.ar\/carreras\/posgrado\/maestria-en-arte-y-sociedad-en-latinoamerica<\/a><\/p>\n<div align=\"center\"><iframe loading=\"lazy\" width=\"560\" height=\"315\" src=\"https:\/\/www.youtube.com\/embed\/VlFMOOBkZxc\" frameborder=\"0\" allow=\"accelerometer; autoplay; encrypted-media; gyroscope; picture-in-picture\" allowfullscreen><\/iframe><\/div><\/div>\n<div class=\"cdab-especial-covid19-card\"><div class=\"cdab-especial-covid19-card-icon ninios\"><i class=\"fa fa-child\" aria-hidden=\"true\" style=\"margin-left: 3px;\"><\/i><\/div><div class=\"cdab-especial-covid19-card-title ninios\">PARA NUESTRXS NI\u00d1XS<\/div><p><img loading=\"lazy\" decoding=\"async\" width=\"200\" height=\"200\" class=\"alignleft size-full wp-image-4077\" style=\"border: 0px; border-radius: 200px; margin-bottom: 35px;\" src=\"http:\/\/www.arte.unicen.edu.ar\/cdab\/wp-content\/uploads\/2020\/03\/seguimoseducando-educar.jpg\" alt=\"\"\/><\/p><h3>Seguimos educando | Educ.AR<\/h3><p>El <a href=\"https:\/\/www.educ.ar\" target=\"_blank\" rel=\"noopener noreferrer\">Portal Educ.ar<\/a> pone a disposici\u00f3n una colecci\u00f3n de materiales y recursos educativos digitales organizados por nivel educativo y \u00e1rea tem\u00e1tica, en acompa\u00f1amiento a las medidas preventivas anunciadas por el <a href=\"https:\/\/www.argentina.gob.ar\/educacion\" target=\"_blank\" rel=\"noopener noreferrer\">Ministerio de Educaci\u00f3n de la Naci\u00f3n<\/a> respecto de la situaci\u00f3n epidemiol\u00f3gica del coronavirus (COVID-19). Esta colecci\u00f3n din\u00e1mica se ir\u00e1 enriqueciendo d\u00eda a d\u00eda con nuevos y variados materiales.<\/p>\n<p><strong>Seguimos educando<\/strong> centraliza una serie de recursos educativos online con actividades, gu\u00edas, herramientas interactivas, materiales did\u00e1cticos, videos, libros digitales y otras propuestas &#8220;para continuar en casa el trabajo del aula&#8221;.<\/p>\n<div class=\"container-newsbutton\">\n<a class=\"cdab-newsbuttonlink\" href=\"https:\/\/www.seguimoseducando.gob.ar\" target=\"_blank\" rel=\"noopener noreferrer\"><div class=\"cdab-web-newsbutton\">ACCEDER A SEGUIMOS EDUCANDO<\/div><\/a>\n<\/div><\/div>\n","protected":false},"excerpt":{"rendered":"<p>Cuidado social. V\u00ednculo virtual es una iniciativa de la Secretar\u00eda de Investigaci\u00f3n y Posgrado de la Facultad de Arte. En este bolet\u00edn de recomendaciones se presentar\u00e1n libros, revistas acad\u00e9micas, archivos y bibliotecas digitales abiertas, contenidos audiovisuales y links de inter\u00e9s para fomentar el intercambio entre todos los integrantes de la comunidad educativa. De esta forma seguiremos form\u00e1ndonos y reflexionando sobre [&hellip;]<\/p>\n","protected":false},"author":1,"featured_media":11320,"comment_status":"open","ping_status":"open","sticky":false,"template":"","format":"standard","meta":{"_acf_changed":false,"footnotes":""},"categories":[2497],"tags":[],"class_list":["post-11121","post","type-post","status-publish","format-standard","has-post-thumbnail","hentry","category-newsletter"],"acf":[],"_links":{"self":[{"href":"https:\/\/www.arte.unicen.edu.ar\/cdab\/wp-json\/wp\/v2\/posts\/11121","targetHints":{"allow":["GET"]}}],"collection":[{"href":"https:\/\/www.arte.unicen.edu.ar\/cdab\/wp-json\/wp\/v2\/posts"}],"about":[{"href":"https:\/\/www.arte.unicen.edu.ar\/cdab\/wp-json\/wp\/v2\/types\/post"}],"author":[{"embeddable":true,"href":"https:\/\/www.arte.unicen.edu.ar\/cdab\/wp-json\/wp\/v2\/users\/1"}],"replies":[{"embeddable":true,"href":"https:\/\/www.arte.unicen.edu.ar\/cdab\/wp-json\/wp\/v2\/comments?post=11121"}],"version-history":[{"count":2,"href":"https:\/\/www.arte.unicen.edu.ar\/cdab\/wp-json\/wp\/v2\/posts\/11121\/revisions"}],"predecessor-version":[{"id":12512,"href":"https:\/\/www.arte.unicen.edu.ar\/cdab\/wp-json\/wp\/v2\/posts\/11121\/revisions\/12512"}],"wp:featuredmedia":[{"embeddable":true,"href":"https:\/\/www.arte.unicen.edu.ar\/cdab\/wp-json\/wp\/v2\/media\/11320"}],"wp:attachment":[{"href":"https:\/\/www.arte.unicen.edu.ar\/cdab\/wp-json\/wp\/v2\/media?parent=11121"}],"wp:term":[{"taxonomy":"category","embeddable":true,"href":"https:\/\/www.arte.unicen.edu.ar\/cdab\/wp-json\/wp\/v2\/categories?post=11121"},{"taxonomy":"post_tag","embeddable":true,"href":"https:\/\/www.arte.unicen.edu.ar\/cdab\/wp-json\/wp\/v2\/tags?post=11121"}],"curies":[{"name":"wp","href":"https:\/\/api.w.org\/{rel}","templated":true}]}}