{"id":10569,"date":"2020-03-09T10:25:17","date_gmt":"2020-03-09T13:25:17","guid":{"rendered":"http:\/\/www.arte.unicen.edu.ar\/cdab\/?p=10569"},"modified":"2021-02-09T11:14:08","modified_gmt":"2021-02-09T14:14:08","slug":"agradecemos-la-donacion-efectuada-por-la-directora-del-tecc-mg-teresita-maria-victoria-fuentes","status":"publish","type":"post","link":"https:\/\/www.arte.unicen.edu.ar\/cdab\/agradecemos-la-donacion-efectuada-por-la-directora-del-tecc-mg-teresita-maria-victoria-fuentes\/","title":{"rendered":"Agradecemos la donaci\u00f3n efectuada por la Directora del TECC, Mg. Teresita Mar\u00eda Victoria Fuentes"},"content":{"rendered":"\n<p>El <strong>Centro de Documentaci\u00f3n Audiovisual y Biblioteca (CDAB)<\/strong> de la <a rel=\"noreferrer noopener\" aria-label=\"Facultad de Arte (abre en una nueva pesta\u00f1a)\" href=\"http:\/\/www.arte.unicen.edu.ar\" target=\"_blank\">Facultad de Arte<\/a> tiene el agrado de anunciar la incorporaci\u00f3n de materiales bibliogr\u00e1ficos editados por la <a rel=\"noreferrer noopener\" aria-label=\"Editorial de la Universidad Nacional del Sur (EDIUNS) (abre en una nueva pesta\u00f1a)\" href=\"https:\/\/www.ediuns.com.ar\" target=\"_blank\">Editorial de la Universidad Nacional del Sur (EDIUNS)<\/a> a partir de la donaci\u00f3n efectuada por la <strong>Mg. Teresita Mar\u00eda Victoria Fuentes<\/strong>, Directora del <a rel=\"noreferrer noopener\" aria-label=\"Centro de Estudios de Teatro, Educaci\u00f3n y Consumos Culturales (TECC) (abre en una nueva pesta\u00f1a)\" href=\"http:\/\/www.arte.unicen.edu.ar\/tecc\" target=\"_blank\">Centro de Estudios de Teatro, Educaci\u00f3n y Consumos Culturales (TECC)<\/a>. Esta significativa donaci\u00f3n contin\u00faa ampliando la secci\u00f3n de obras y teor\u00eda teatral de nuestra \u00e1rea de biblioteca.<\/p>\n\n\n\n<p>Los t\u00edtulos que se incorporaron son:<\/p>\n\n\n\n<ul class=\"wp-block-list\"><li><a rel=\"noreferrer noopener\" aria-label=\"David y el General (abre en una nueva pesta\u00f1a)\" href=\"http:\/\/www.arte.unicen.edu.ar\/cdab\/libros\/david-y-el-general\/\" target=\"_blank\">David y el General<\/a> de <a rel=\"noreferrer noopener\" aria-label=\"Coral Aguirre (abre en una nueva pesta\u00f1a)\" href=\"http:\/\/www.arte.unicen.edu.ar\/cdab\/autor\/coral-aguirre\/\" target=\"_blank\">Coral Aguirre<\/a>.<\/li><li><a rel=\"noreferrer noopener\" aria-label=\"Memorias del teatro combatiente: Teatro Alianza, Teatro para el Hombre y Teatro Laboratorio. Bah\u00eda Blanca, 1969-1989 (abre en una nueva pesta\u00f1a)\" href=\"http:\/\/www.arte.unicen.edu.ar\/cdab\/libros\/memorias-del-teatro-combatiente-teatro-alianza-teatro-para-el-hombre-y-teatro-laboratorio-bahia-blanca-1969-1989\/\" target=\"_blank\">Memorias del teatro combatiente: Teatro Alianza, Teatro para el Hombre y Teatro Laboratorio. Bah\u00eda Blanca, 1969-1989<\/a> de <a rel=\"noreferrer noopener\" aria-label=\"Coral Aguirre (abre en una nueva pesta\u00f1a)\" href=\"http:\/\/www.arte.unicen.edu.ar\/cdab\/autor\/coral-aguirre\/\" target=\"_blank\">Coral Aguirre<\/a>.<\/li><li><a rel=\"noreferrer noopener\" aria-label=\"Felices y con perdices. Obras teatrales para ni\u00f1os (abre en una nueva pesta\u00f1a)\" href=\"http:\/\/www.arte.unicen.edu.ar\/cdab\/libros\/felices-y-con-perdices-obras-teatrales-para-ninos\/\" target=\"_blank\">Felices y con perdices. Obras teatrales para ni\u00f1os<\/a> de <a rel=\"noreferrer noopener\" aria-label=\"Leandro Marcos Gonz\u00e1lez (abre en una nueva pesta\u00f1a)\" href=\"http:\/\/www.arte.unicen.edu.ar\/cdab\/autor\/leandro-marcos-gonzalez\/\" target=\"_blank\">Leandro Marcos Gonz\u00e1lez<\/a>.<\/li><li><a rel=\"noreferrer noopener\" aria-label=\"Dramaturgias Bahienses (abre en una nueva pesta\u00f1a)\" href=\"http:\/\/www.arte.unicen.edu.ar\/cdab\/libros\/dramaturgias-bahienses\/\" target=\"_blank\">Dramaturgias Bahienses<\/a> compilado por <a rel=\"noreferrer noopener\" aria-label=\"Nidia Burgos (abre en una nueva pesta\u00f1a)\" href=\"http:\/\/www.arte.unicen.edu.ar\/cdab\/autor\/nidia-burgos\/\" target=\"_blank\">Nidia Burgos<\/a> y <a rel=\"noreferrer noopener\" aria-label=\"Miguel Mendiondo (abre en una nueva pesta\u00f1a)\" href=\"http:\/\/www.arte.unicen.edu.ar\/cdab\/autor\/miguel-mendiondo\/\" target=\"_blank\">Miguel Mendiondo<\/a>.<\/li><li><a rel=\"noreferrer noopener\" aria-label=\"Alberto Vacarezza, in\u00e9dito: La noche del forastero. El viejo se ha vuelto loco, don Juan el almacenero (abre en una nueva pesta\u00f1a)\" href=\"http:\/\/www.arte.unicen.edu.ar\/cdab\/libros\/alberto-vacarezza-inedito-la-noche-del-forastero-el-viejo-se-ha-vuelto-loco-don-juan-el-almacenero\/\" target=\"_blank\">Alberto Vacarezza, in\u00e9dito: La noche del forastero. El viejo se ha vuelto loco, don Juan el almacenero<\/a> de <a rel=\"noreferrer noopener\" aria-label=\"Alberto Vacarezza (abre en una nueva pesta\u00f1a)\" href=\"http:\/\/www.arte.unicen.edu.ar\/cdab\/autor\/alberto-vacarezza\/\" target=\"_blank\">Alberto Vacarezza<\/a>.<\/li><\/ul>\n\n\n\n<p>Luego del correspondiente proceso de catalogaci\u00f3n, estos materiales se encontrar\u00e1n disponibles para consulta en sala. Invitamos a todxs lxs interesadxs a acercarse a nuestro espacio ubicado en la planta baja de la <a rel=\"noreferrer noopener\" aria-label=\"Facultad de Arte (abre en una nueva pesta\u00f1a)\" href=\"http:\/\/www.arte.unicen.edu.ar\/\" target=\"_blank\">Facultad de Arte<\/a> (9 de Julio 430, Tandil) de <strong>lunes a viernes<\/strong> en el horario de <strong>9 a 15 hs.<\/strong><\/p>\n\n\n\n<h3>Acerca de Mg. Teresita Mar\u00eda Victoria Fuentes<\/h3>\n<p><img loading=\"lazy\" decoding=\"async\" class=\"alignleft size-full wp-image-4077\" style=\"border: 0px; border-radius: 200px; margin-bottom: 20px;\" src=\"http:\/\/www.arte.unicen.edu.ar\/cdab\/wp-content\/uploads\/2019\/02\/victoria-fuentes.jpg\" alt=\"\" width=\"200\" height=\"200\"\/>Licenciada en Teatro por la <a href=\"http:\/\/www.arte.unicen.edu.ar\" target=\"_blank\" rel=\"nofollow noopener noreferrer\">Facultad de Arte<\/a> de la <a href=\"http:\/\/www.unicen.edu.ar\" target=\"_blank\" rel=\"nofollow noopener noreferrer\">Universidad Nacional del Centro de la Provincia de Buenos Aires<\/a>. Magister en Teatro argentino y latinoamericano por la <a href=\"http:\/\/www.uba.ar\" target=\"_blank\" rel=\"nofollow noopener noreferrer\">Universidad de Buenos Aires (UBA)<\/a>. Profesora Titular Exclusiva e investigadora acreditada en el Programa de Incentivos de la <a href=\"https:\/\/www.argentina.gob.ar\/educacion\/politicasuniversitarias\" target=\"_blank\" rel=\"nofollow noopener noreferrer\">Secretar\u00eda de Pol\u00edticas Universitarias<\/a> del Ministerio de Educaci\u00f3n.<\/p>\n<p>Dirige el <a href=\"http:\/\/www.arte.unicen.edu.ar\/tecc\" target=\"_blank\" rel=\"noopener noreferrer\">Centro de Estudios de Teatro, Educaci\u00f3n y Consumos Culturales (TECC)<\/a>. Cuenta con una amplia trayectoria en docencia, gesti\u00f3n universitaria e investigaci\u00f3n. Se ha especializado en el estudio del teatro en provincias y particularmente en Tandil. Es compiladora junto a la <strong>Dra. Ana Silva<\/strong> del libro <em>Club de Teatro. Un espacio de sociabilidad y formaci\u00f3n teatral en Tandil<\/em> y coordinadora de <em>Instituciones, identidades, po\u00e9ticas. Pr\u00e1cticas y trayectorias art\u00edsticas en el sur de la Provincia de Buenos Aires<\/em> editados por <a href=\"http:\/\/www.arte.unicen.edu.ar\/artepublicaciones\" target=\"_blank\" rel=\"noopener noreferrer\">Arte Publicaciones<\/a>.<\/p>\n","protected":false},"excerpt":{"rendered":"<p>El Centro de Documentaci\u00f3n Audiovisual y Biblioteca (CDAB) de la Facultad de Arte tiene el agrado de anunciar la incorporaci\u00f3n de materiales bibliogr\u00e1ficos editados por la Editorial de la Universidad Nacional del Sur (EDIUNS) a partir de la donaci\u00f3n efectuada por la Mg. Teresita Mar\u00eda Victoria Fuentes, Directora del Centro de Estudios de Teatro, Educaci\u00f3n y Consumos Culturales (TECC). Esta [&hellip;]<\/p>\n","protected":false},"author":1,"featured_media":10730,"comment_status":"open","ping_status":"open","sticky":false,"template":"","format":"standard","meta":{"_acf_changed":false,"footnotes":""},"categories":[1],"tags":[214,290,215],"class_list":["post-10569","post","type-post","status-publish","format-standard","has-post-thumbnail","hentry","category-novedades","tag-cdab","tag-donacion","tag-facultad-de-arte"],"acf":[],"_links":{"self":[{"href":"https:\/\/www.arte.unicen.edu.ar\/cdab\/wp-json\/wp\/v2\/posts\/10569","targetHints":{"allow":["GET"]}}],"collection":[{"href":"https:\/\/www.arte.unicen.edu.ar\/cdab\/wp-json\/wp\/v2\/posts"}],"about":[{"href":"https:\/\/www.arte.unicen.edu.ar\/cdab\/wp-json\/wp\/v2\/types\/post"}],"author":[{"embeddable":true,"href":"https:\/\/www.arte.unicen.edu.ar\/cdab\/wp-json\/wp\/v2\/users\/1"}],"replies":[{"embeddable":true,"href":"https:\/\/www.arte.unicen.edu.ar\/cdab\/wp-json\/wp\/v2\/comments?post=10569"}],"version-history":[{"count":2,"href":"https:\/\/www.arte.unicen.edu.ar\/cdab\/wp-json\/wp\/v2\/posts\/10569\/revisions"}],"predecessor-version":[{"id":17018,"href":"https:\/\/www.arte.unicen.edu.ar\/cdab\/wp-json\/wp\/v2\/posts\/10569\/revisions\/17018"}],"wp:featuredmedia":[{"embeddable":true,"href":"https:\/\/www.arte.unicen.edu.ar\/cdab\/wp-json\/wp\/v2\/media\/10730"}],"wp:attachment":[{"href":"https:\/\/www.arte.unicen.edu.ar\/cdab\/wp-json\/wp\/v2\/media?parent=10569"}],"wp:term":[{"taxonomy":"category","embeddable":true,"href":"https:\/\/www.arte.unicen.edu.ar\/cdab\/wp-json\/wp\/v2\/categories?post=10569"},{"taxonomy":"post_tag","embeddable":true,"href":"https:\/\/www.arte.unicen.edu.ar\/cdab\/wp-json\/wp\/v2\/tags?post=10569"}],"curies":[{"name":"wp","href":"https:\/\/api.w.org\/{rel}","templated":true}]}}