{"id":10143,"date":"2019-12-06T12:01:31","date_gmt":"2019-12-06T15:01:31","guid":{"rendered":"http:\/\/www.arte.unicen.edu.ar\/cdab\/?p=10143"},"modified":"2021-02-09T10:06:54","modified_gmt":"2021-02-09T13:06:54","slug":"facultad-de-arte-transmitio-edicion-especial-en-que-andas-vinculacion-y-transferencia","status":"publish","type":"post","link":"https:\/\/www.arte.unicen.edu.ar\/cdab\/facultad-de-arte-transmitio-edicion-especial-en-que-andas-vinculacion-y-transferencia\/","title":{"rendered":"La Facultad de Arte transmiti\u00f3 en vivo una edici\u00f3n especial de &#8220;\u00bfEn qu\u00e9 and\u00e1s?&#8221; sobre vinculaci\u00f3n y transferencia"},"content":{"rendered":"\n<p>El pasado <strong>jueves 5 de diciembre<\/strong> a las <strong>16 hs.<\/strong> en el Aula Estudio de la <a rel=\"noreferrer noopener\" href=\"http:\/\/www.arte.unicen.edu.ar\/\" target=\"_blank\">Facultad de Arte<\/a> se llev\u00f3 a cabo una edici\u00f3n especial de <strong>\u00bfEn qu\u00e9 and\u00e1s?<\/strong>, el ciclo de charlas sobre investigaci\u00f3n y posgrado que en esta oportunidad estuvo dedicado a reflexiones en torno a vinculaci\u00f3n y transferencia. El encuentro, coordinado desde la <strong>Secretar\u00eda de Investigaci\u00f3n y Posgrado<\/strong>, fue transmitido en vivo por el <a rel=\"noreferrer noopener\" aria-label=\"canal oficial de YouTube (abre en una nueva pesta\u00f1a)\" href=\"https:\/\/www.youtube.com\/channel\/UCOBrOTwPT5GiKHYXACcgyLQ\" target=\"_blank\">canal de YouTube<\/a> de la <a rel=\"noreferrer noopener\" aria-label=\"Facultad de Arte (abre en una nueva pesta\u00f1a)\" href=\"http:\/\/www.arte.unicen.edu.ar\" target=\"_blank\">Facultad de Arte<\/a> y cont\u00f3 con la participaci\u00f3n de representantes de las distintas Unidades Acad\u00e9micas que conforman la <a rel=\"noreferrer noopener\" href=\"http:\/\/www.unicen.edu.ar\/\" target=\"_blank\">Universidad Nacional del Centro de la Provincia de Buenos Aires<\/a> como as\u00ed tambi\u00e9n de p\u00fablico en general.<\/p>\n\n\n\n<p>Luego de unas palabras de presentaci\u00f3n a cargo del <strong>Lic. Mario Valiente<\/strong> -Decano <a href=\"http:\/\/www.arte.unicen.edu.ar\" target=\"_blank\" rel=\"noreferrer noopener\" aria-label=\"FA (abre en una nueva pesta\u00f1a)\">FA<\/a>, <a rel=\"noreferrer noopener\" href=\"http:\/\/www.unicen.edu.ar\/\" target=\"_blank\">UNICEN<\/a>-, el Secretario de Investigaci\u00f3n y Posgrado <strong>Dr. Javier Campo<\/strong> ofici\u00f3 de moderador de las exposiciones e intercambios realizados por el <strong>Ing. Jos\u00e9 Mar\u00eda Rodr\u00edguez Silveira<\/strong> (Subsecretario de Vinculaci\u00f3n y Transferencia de <a rel=\"noreferrer noopener\" href=\"http:\/\/www.unicen.edu.ar\/\" target=\"_blank\">UNICEN<\/a>), el <strong>Ing. Federico Filip<\/strong> (<a rel=\"noreferrer noopener\" href=\"http:\/\/www.arte.unicen.edu.ar\/\" target=\"_blank\">Facultad de Arte<\/a>), la <strong>Dra. Silvia Mestelan<\/strong> (<a rel=\"noreferrer noopener\" href=\"http:\/\/www.faa.unicen.edu.ar\/\" target=\"_blank\">Facultad de Agronom\u00eda<\/a>), el <strong>Dr. Gast\u00f3n Barreto<\/strong> (<a rel=\"noreferrer noopener\" href=\"https:\/\/www.fio.unicen.edu.ar\/\" target=\"_blank\">Facultad de Ingenier\u00eda<\/a>), el <strong>Dr. Santiago Linares<\/strong> (<a rel=\"noreferrer noopener\" href=\"http:\/\/www.fch.unicen.edu.ar\/\" target=\"_blank\">Facultad de Ciencias Humanas<\/a>), el <strong>Dr. Diego Dalponte<\/strong> (<a rel=\"noreferrer noopener\" href=\"https:\/\/www.exa.unicen.edu.ar\/\" target=\"_blank\">Facultad de Ciencias Exactas<\/a>), el <strong>Lic. Nicol\u00e1s Casado<\/strong> (<a rel=\"noreferrer noopener\" href=\"http:\/\/www.soc.unicen.edu.ar\/\" target=\"_blank\">Facultad de Ciencias Sociales<\/a>), el <strong>Abog. Gerardo Cerabona<\/strong> (<a rel=\"noreferrer noopener\" href=\"http:\/\/www.der.unicen.edu.ar\/\" target=\"_blank\">Facultad de Derecho<\/a>), la <strong>Ing. Roxana Banda Noriega<\/strong> (<a rel=\"noreferrer noopener\" href=\"http:\/\/www.fch.unicen.edu.ar\/\" target=\"_blank\">Facultad de Ciencias Humanas<\/a>), la <strong>Dra. Cecilia Andere<\/strong> (<a rel=\"noreferrer noopener\" href=\"http:\/\/www.vet.unicen.edu.ar\/\" target=\"_blank\">Facultad de Ciencias Veterinarias<\/a>) y el <strong>Lic. Fernando Errandosoro<\/strong> (<a rel=\"noreferrer noopener\" href=\"https:\/\/www.econ.unicen.edu.ar\/\" target=\"_blank\">Facultad de Ciencias Econ\u00f3micas<\/a>).<\/p>\n\n\n\n<p>La emisi\u00f3n v\u00eda <em>streaming<\/em> fue posible gracias a la colaboraci\u00f3n de las <a rel=\"noreferrer noopener\" href=\"http:\/\/www.arte.unicen.edu.ar\/institucional\/autoridades\/\" target=\"_blank\">autoridades de la Facultad de Arte<\/a> y a un equipo integrado por <strong>Vanesa Spagnuolo<\/strong> (Comunicaci\u00f3n y redes sociales FA); <strong>Eliana Jarque, Claudia C. Speranza, Milagros Suasn\u00e1bar<\/strong> (Secretar\u00eda de Investigaci\u00f3n y Posgrado); <strong>Eduardo Charlone, Juan Pablo Pintos, Mat\u00edas Petrini<\/strong> (T\u00e9cnica, armado de estudio y transmisi\u00f3n en vivo); <strong>Mar\u00eda Eugenia Garc\u00eda, Mart\u00edn Krieger<\/strong> (C\u00e1maras); <strong>Ariel Carreras, Fabi\u00e1n Lapano, Cecilia Larrabide, Juan Manariti, Miguel Peralta<\/strong> (Log\u00edstica, coordinaci\u00f3n de espacios y asistencia); <strong>Mat\u00edas Colavitta<\/strong> (Administrador de redes) y <strong>Alicia Cavalleri<\/strong> (Dise\u00f1o gr\u00e1fico). <\/p>\n\n\n\n<p><strong>\u00bfEn qu\u00e9 and\u00e1s?<\/strong> cuenta con un historial de tres ediciones previas dedicadas a di\u00e1logos sobre investigaci\u00f3n y posgrado. Dichos encuentros fueron oportunamente registrados por el <strong>Centro de Documentaci\u00f3n Audiovisual y Biblioteca (CDAB)<\/strong> y ya se encuentran a disposici\u00f3n para consulta en sala o mediante el <a rel=\"noreferrer noopener\" aria-label=\"repositorio multimedia CDAB (abre en una nueva pesta\u00f1a)\" href=\"http:\/\/www.arte.unicen.edu.ar\/cdab\/servicios\/repositorio\/\" target=\"_blank\">repositorio multimedia CDAB<\/a>.<\/p>\n\n\n\n<div style=\"text-align: center; margin-top: 35px;\"><iframe loading=\"lazy\" width=\"650\" height=\"366\" src=\"https:\/\/www.youtube.com\/embed\/04LJKQwbELU\" frameborder=\"0\" allow=\"accelerometer; autoplay; encrypted-media; gyroscope; picture-in-picture\" allowfullscreen=\"\"><\/iframe><\/div>\n\n\n\n<table style=\"margin: 30px auto 20px; text-align: center; border-collapse: collapse; border-spacing: 0;\">\n<tbody>\n<tr>\n<td style=\"padding: 0px 20px 5px 20px;\"><a href=\"http:\/\/www.arte.unicen.edu.ar\/cdab\/wp-content\/uploads\/2019\/12\/enqueandas-vinctransf-flyer.jpg\" data-fancybox=\"gallery\" data-caption=\"La Facultad de Arte transmiti\u00f3 en vivo una edici\u00f3n especial de &#8220;\u00bfEn qu\u00e9 and\u00e1s?&#8221; sobre vinculaci\u00f3n y transferencia\"><img loading=\"lazy\" decoding=\"async\" class=\"aligncenter size-medium wp-image-2866\" src=\"http:\/\/www.arte.unicen.edu.ar\/cdab\/wp-content\/uploads\/2019\/12\/enqueandas-vinctransf-flyer-600x424.jpg\" alt=\"\" width=\"400\" height=\"283\"\/><\/a><\/td>\n<td style=\"padding: 0px 20px 5px 20px;\"><a href=\"http:\/\/www.arte.unicen.edu.ar\/cdab\/wp-content\/uploads\/2019\/12\/eqa-vinctransf-foto.png\" data-fancybox=\"gallery\" data-caption=\"La Facultad de Arte transmiti\u00f3 en vivo una edici\u00f3n especial de &#8220;\u00bfEn qu\u00e9 and\u00e1s?&#8221; sobre vinculaci\u00f3n y transferencia\"><img loading=\"lazy\" decoding=\"async\" class=\"aligncenter size-medium wp-image-2866\" src=\"http:\/\/www.arte.unicen.edu.ar\/cdab\/wp-content\/uploads\/2019\/12\/eqa-vinctransf-foto-600x316.png\" alt=\"\" width=\"537\" height=\"283\"\/><\/a><\/td>\n<\/tr>\n<tr>\n<td style=\"font-size: 12px;\" colspan=\"2\"><em>Flyer promocional y fotograf\u00eda con los representantes de cada Unidad Acad\u00e9mica.<\/em><\/td>\n<\/tr>\n<\/tbody>\n<\/table>\n","protected":false},"excerpt":{"rendered":"<p>El pasado jueves 5 de diciembre a las 16 hs. en el Aula Estudio de la Facultad de Arte se llev\u00f3 a cabo una edici\u00f3n especial de \u00bfEn qu\u00e9 and\u00e1s?, el ciclo de charlas sobre investigaci\u00f3n y posgrado que en esta oportunidad estuvo dedicado a reflexiones en torno a vinculaci\u00f3n y transferencia. El encuentro, coordinado desde la Secretar\u00eda de Investigaci\u00f3n [&hellip;]<\/p>\n","protected":false},"author":1,"featured_media":10219,"comment_status":"open","ping_status":"open","sticky":false,"template":"","format":"standard","meta":{"_acf_changed":false,"footnotes":""},"categories":[1],"tags":[1884,215,288],"class_list":["post-10143","post","type-post","status-publish","format-standard","has-post-thumbnail","hentry","category-novedades","tag-en-que-andas","tag-facultad-de-arte","tag-secretaria-de-investigacion-y-posgrado"],"acf":[],"_links":{"self":[{"href":"https:\/\/www.arte.unicen.edu.ar\/cdab\/wp-json\/wp\/v2\/posts\/10143","targetHints":{"allow":["GET"]}}],"collection":[{"href":"https:\/\/www.arte.unicen.edu.ar\/cdab\/wp-json\/wp\/v2\/posts"}],"about":[{"href":"https:\/\/www.arte.unicen.edu.ar\/cdab\/wp-json\/wp\/v2\/types\/post"}],"author":[{"embeddable":true,"href":"https:\/\/www.arte.unicen.edu.ar\/cdab\/wp-json\/wp\/v2\/users\/1"}],"replies":[{"embeddable":true,"href":"https:\/\/www.arte.unicen.edu.ar\/cdab\/wp-json\/wp\/v2\/comments?post=10143"}],"version-history":[{"count":1,"href":"https:\/\/www.arte.unicen.edu.ar\/cdab\/wp-json\/wp\/v2\/posts\/10143\/revisions"}],"predecessor-version":[{"id":17010,"href":"https:\/\/www.arte.unicen.edu.ar\/cdab\/wp-json\/wp\/v2\/posts\/10143\/revisions\/17010"}],"wp:featuredmedia":[{"embeddable":true,"href":"https:\/\/www.arte.unicen.edu.ar\/cdab\/wp-json\/wp\/v2\/media\/10219"}],"wp:attachment":[{"href":"https:\/\/www.arte.unicen.edu.ar\/cdab\/wp-json\/wp\/v2\/media?parent=10143"}],"wp:term":[{"taxonomy":"category","embeddable":true,"href":"https:\/\/www.arte.unicen.edu.ar\/cdab\/wp-json\/wp\/v2\/categories?post=10143"},{"taxonomy":"post_tag","embeddable":true,"href":"https:\/\/www.arte.unicen.edu.ar\/cdab\/wp-json\/wp\/v2\/tags?post=10143"}],"curies":[{"name":"wp","href":"https:\/\/api.w.org\/{rel}","templated":true}]}}